{"id":13440,"date":"2025-03-25T11:25:11","date_gmt":"2025-03-25T11:25:11","guid":{"rendered":"https:\/\/dpress.ma\/fr\/?p=13440"},"modified":"2025-12-31T10:39:22","modified_gmt":"2025-12-31T10:39:22","slug":"communique-du-cabinet-royal-10","status":"publish","type":"post","link":"https:\/\/dpress.ma\/fr\/2025\/03\/25\/communique-du-cabinet-royal-10\/","title":{"rendered":"Communiqu\u00e9 du Cabinet Royal"},"content":{"rendered":"\n<p class=\"wp-block-paragraph\">Dpress<\/p>\n\n\n\n<p class=\"wp-block-paragraph\">Voici un communiqu\u00e9 du <strong>Cabinet Royal<\/strong><strong> :<\/strong><\/p>\n\n\n\n<p class=\"wp-block-paragraph\">\u00ab Sa Majest\u00e9 le Roi Mohammed VI, que Dieu L\u2019assiste, a bien voulu, ce lundi 24 mars 2025, nommer certains responsables d\u2019institutions constitutionnelles, \u00e0 savoir :<\/p>\n\n\n\n<ul class=\"wp-block-list\">\n<li>M. Abdelkader Amara, pr\u00e9sident du Conseil \u00e9conomique, social et environnemental.<\/li>\n\n\n\n<li>M. Mohamed Benalilou, pr\u00e9sident de l\u2019Instance nationale de la Probit\u00e9, de la Pr\u00e9vention et de la Lutte contre la Corruption.<\/li>\n\n\n\n<li>M. Hassan Tariq, au poste de M\u00e9diateur du Royaume.<\/li>\n<\/ul>\n\n\n\n<p class=\"wp-block-paragraph\">Ces nominations s\u2019inscrivent dans le cadre de la volont\u00e9 de Sa Majest\u00e9 le Roi, que Dieu Le pr\u00e9serve, de permettre \u00e0 ces institutions d\u2019accomplir les missions qui leur sont confi\u00e9es par la Constitution, de renforcer leur r\u00f4le dans la cons\u00e9cration des principes de bonne gouvernance, de consolider la d\u00e9mocratie participative et de prot\u00e9ger les droits et libert\u00e9s.<\/p>\n\n\n\n<p class=\"wp-block-paragraph\">Elles refl\u00e8tent \u00e9galement l\u2019int\u00e9r\u00eat accord\u00e9 par Sa Majest\u00e9 le Roi, que Dieu Le glorifie, \u00e0 ces instances, en tant qu\u2019institutions constitutionnelles ind\u00e9pendantes, afin de leur conf\u00e9rer une nouvelle dynamique dans l\u2019accomplissement de leurs missions et de renforcer leur interaction avec les diff\u00e9rentes institutions nationales, dans le suivi des r\u00e9formes et grands chantiers que conna\u00eet le Royaume. \u00bb<\/p>\n","protected":false},"excerpt":{"rendered":"<p>Dpress Voici un communiqu\u00e9 du Cabinet Royal : \u00ab Sa Majest\u00e9 le Roi Mohammed VI, que Dieu L\u2019assiste, a bien voulu, ce lundi 24 mars 2025, nommer certains responsables d\u2019institutions constitutionnelles, \u00e0 savoir : M. Abdelkader Amara, pr\u00e9sident du Conseil \u00e9conomique, social et environnemental. M. Mohamed Benalilou, pr\u00e9sident de l\u2019Instance nationale de la Probit\u00e9, de &hellip;<\/p>\n","protected":false},"author":2,"featured_media":18233,"comment_status":"open","ping_status":"open","sticky":false,"template":"","format":"standard","meta":{"footnotes":""},"categories":[29],"tags":[],"class_list":["post-13440","post","type-post","status-publish","format-standard","has-post-thumbnail","hentry","category-activites-royales"],"yoast_head":"<!-- This site is optimized with the Yoast SEO plugin v28.0 - https:\/\/yoast.com\/product\/yoast-seo-wordpress\/ -->\n<title>Communiqu\u00e9 du Cabinet Royal - Dpress.ma\/fr<\/title>\n<meta name=\"robots\" content=\"index, follow, max-snippet:-1, max-image-preview:large, max-video-preview:-1\" \/>\n<link rel=\"canonical\" href=\"https:\/\/dpress.ma\/fr\/2025\/03\/25\/communique-du-cabinet-royal-10\/\" \/>\n<meta property=\"og:locale\" content=\"fr_FR\" \/>\n<meta property=\"og:type\" content=\"article\" \/>\n<meta property=\"og:title\" content=\"Communiqu\u00e9 du Cabinet Royal - Dpress.ma\/fr\" \/>\n<meta property=\"og:description\" content=\"Dpress Voici un communiqu\u00e9 du Cabinet Royal : \u00ab Sa Majest\u00e9 le Roi Mohammed VI, que Dieu L\u2019assiste, a bien voulu, ce lundi 24 mars 2025, nommer certains responsables d\u2019institutions constitutionnelles, \u00e0 savoir : M. Abdelkader Amara, pr\u00e9sident du Conseil \u00e9conomique, social et environnemental. M. Mohamed Benalilou, pr\u00e9sident de l\u2019Instance nationale de la Probit\u00e9, de &hellip;\" \/>\n<meta property=\"og:url\" content=\"https:\/\/dpress.ma\/fr\/2025\/03\/25\/communique-du-cabinet-royal-10\/\" \/>\n<meta property=\"og:site_name\" content=\"Dpress.ma\/fr\" \/>\n<meta property=\"article:published_time\" content=\"2025-03-25T11:25:11+00:00\" \/>\n<meta property=\"article:modified_time\" content=\"2025-12-31T10:39:22+00:00\" \/>\n<meta property=\"og:image\" content=\"https:\/\/dpress.ma\/fr\/wp-content\/uploads\/sites\/2\/2025\/12\/6-2.jpg\" \/>\n\t<meta property=\"og:image:width\" content=\"2539\" \/>\n\t<meta property=\"og:image:height\" content=\"1594\" \/>\n\t<meta property=\"og:image:type\" content=\"image\/jpeg\" \/>\n<meta name=\"author\" content=\"Dpress.ma\" \/>\n<meta name=\"twitter:card\" content=\"summary_large_image\" \/>\n<meta name=\"twitter:label1\" content=\"\u00c9crit par\" \/>\n\t<meta name=\"twitter:data1\" content=\"Dpress.ma\" \/>\n\t<meta name=\"twitter:label2\" content=\"Dur\u00e9e de lecture estim\u00e9e\" \/>\n\t<meta name=\"twitter:data2\" content=\"2 minutes\" \/>\n<script type=\"application\/ld+json\" class=\"yoast-schema-graph\">{\"@context\":\"https:\\\/\\\/schema.org\",\"@graph\":[{\"@type\":\"Article\",\"@id\":\"https:\\\/\\\/dpress.ma\\\/fr\\\/2025\\\/03\\\/25\\\/communique-du-cabinet-royal-10\\\/#article\",\"isPartOf\":{\"@id\":\"https:\\\/\\\/dpress.ma\\\/fr\\\/2025\\\/03\\\/25\\\/communique-du-cabinet-royal-10\\\/\"},\"author\":{\"name\":\"Dpress.ma\",\"@id\":\"https:\\\/\\\/dpress.ma\\\/fr\\\/#\\\/schema\\\/person\\\/4898febf3ccd59e6578d838656a306a0\"},\"headline\":\"Communiqu\u00e9 du Cabinet Royal\",\"datePublished\":\"2025-03-25T11:25:11+00:00\",\"dateModified\":\"2025-12-31T10:39:22+00:00\",\"mainEntityOfPage\":{\"@id\":\"https:\\\/\\\/dpress.ma\\\/fr\\\/2025\\\/03\\\/25\\\/communique-du-cabinet-royal-10\\\/\"},\"wordCount\":209,\"commentCount\":0,\"image\":{\"@id\":\"https:\\\/\\\/dpress.ma\\\/fr\\\/2025\\\/03\\\/25\\\/communique-du-cabinet-royal-10\\\/#primaryimage\"},\"thumbnailUrl\":\"https:\\\/\\\/dpress.ma\\\/fr\\\/wp-content\\\/uploads\\\/sites\\\/2\\\/2025\\\/12\\\/6-2.jpg\",\"articleSection\":[\"Activit\u00e9s Royales\"],\"inLanguage\":\"fr-FR\",\"potentialAction\":[{\"@type\":\"CommentAction\",\"name\":\"Comment\",\"target\":[\"https:\\\/\\\/dpress.ma\\\/fr\\\/2025\\\/03\\\/25\\\/communique-du-cabinet-royal-10\\\/#respond\"]}]},{\"@type\":\"WebPage\",\"@id\":\"https:\\\/\\\/dpress.ma\\\/fr\\\/2025\\\/03\\\/25\\\/communique-du-cabinet-royal-10\\\/\",\"url\":\"https:\\\/\\\/dpress.ma\\\/fr\\\/2025\\\/03\\\/25\\\/communique-du-cabinet-royal-10\\\/\",\"name\":\"Communiqu\u00e9 du Cabinet Royal - Dpress.ma\\\/fr\",\"isPartOf\":{\"@id\":\"https:\\\/\\\/dpress.ma\\\/fr\\\/#website\"},\"primaryImageOfPage\":{\"@id\":\"https:\\\/\\\/dpress.ma\\\/fr\\\/2025\\\/03\\\/25\\\/communique-du-cabinet-royal-10\\\/#primaryimage\"},\"image\":{\"@id\":\"https:\\\/\\\/dpress.ma\\\/fr\\\/2025\\\/03\\\/25\\\/communique-du-cabinet-royal-10\\\/#primaryimage\"},\"thumbnailUrl\":\"https:\\\/\\\/dpress.ma\\\/fr\\\/wp-content\\\/uploads\\\/sites\\\/2\\\/2025\\\/12\\\/6-2.jpg\",\"datePublished\":\"2025-03-25T11:25:11+00:00\",\"dateModified\":\"2025-12-31T10:39:22+00:00\",\"author\":{\"@id\":\"https:\\\/\\\/dpress.ma\\\/fr\\\/#\\\/schema\\\/person\\\/4898febf3ccd59e6578d838656a306a0\"},\"breadcrumb\":{\"@id\":\"https:\\\/\\\/dpress.ma\\\/fr\\\/2025\\\/03\\\/25\\\/communique-du-cabinet-royal-10\\\/#breadcrumb\"},\"inLanguage\":\"fr-FR\",\"potentialAction\":[{\"@type\":\"ReadAction\",\"target\":[\"https:\\\/\\\/dpress.ma\\\/fr\\\/2025\\\/03\\\/25\\\/communique-du-cabinet-royal-10\\\/\"]}]},{\"@type\":\"ImageObject\",\"inLanguage\":\"fr-FR\",\"@id\":\"https:\\\/\\\/dpress.ma\\\/fr\\\/2025\\\/03\\\/25\\\/communique-du-cabinet-royal-10\\\/#primaryimage\",\"url\":\"https:\\\/\\\/dpress.ma\\\/fr\\\/wp-content\\\/uploads\\\/sites\\\/2\\\/2025\\\/12\\\/6-2.jpg\",\"contentUrl\":\"https:\\\/\\\/dpress.ma\\\/fr\\\/wp-content\\\/uploads\\\/sites\\\/2\\\/2025\\\/12\\\/6-2.jpg\",\"width\":2539,\"height\":1594},{\"@type\":\"BreadcrumbList\",\"@id\":\"https:\\\/\\\/dpress.ma\\\/fr\\\/2025\\\/03\\\/25\\\/communique-du-cabinet-royal-10\\\/#breadcrumb\",\"itemListElement\":[{\"@type\":\"ListItem\",\"position\":1,\"name\":\"Home\",\"item\":\"https:\\\/\\\/dpress.ma\\\/fr\\\/\"},{\"@type\":\"ListItem\",\"position\":2,\"name\":\"Communiqu\u00e9 du Cabinet Royal\"}]},{\"@type\":\"WebSite\",\"@id\":\"https:\\\/\\\/dpress.ma\\\/fr\\\/#website\",\"url\":\"https:\\\/\\\/dpress.ma\\\/fr\\\/\",\"name\":\"Dpress.ma\\\/fr\",\"description\":\"\",\"potentialAction\":[{\"@type\":\"SearchAction\",\"target\":{\"@type\":\"EntryPoint\",\"urlTemplate\":\"https:\\\/\\\/dpress.ma\\\/fr\\\/?s={search_term_string}\"},\"query-input\":{\"@type\":\"PropertyValueSpecification\",\"valueRequired\":true,\"valueName\":\"search_term_string\"}}],\"inLanguage\":\"fr-FR\"},{\"@type\":\"Person\",\"@id\":\"https:\\\/\\\/dpress.ma\\\/fr\\\/#\\\/schema\\\/person\\\/4898febf3ccd59e6578d838656a306a0\",\"name\":\"Dpress.ma\",\"image\":{\"@type\":\"ImageObject\",\"inLanguage\":\"fr-FR\",\"@id\":\"https:\\\/\\\/secure.gravatar.com\\\/avatar\\\/72ecc30e9db047a2e0e7176561eb9d564ed77c8108376495b19bd8336405198a?s=96&d=mm&r=g\",\"url\":\"https:\\\/\\\/secure.gravatar.com\\\/avatar\\\/72ecc30e9db047a2e0e7176561eb9d564ed77c8108376495b19bd8336405198a?s=96&d=mm&r=g\",\"contentUrl\":\"https:\\\/\\\/secure.gravatar.com\\\/avatar\\\/72ecc30e9db047a2e0e7176561eb9d564ed77c8108376495b19bd8336405198a?s=96&d=mm&r=g\",\"caption\":\"Dpress.ma\"},\"sameAs\":[\"https:\\\/\\\/www.dpress.ma\"],\"url\":\"https:\\\/\\\/dpress.ma\\\/fr\\\/author\\\/dpress-ma\\\/\"}]}<\/script>\n<!-- \/ Yoast SEO plugin. -->","yoast_head_json":{"title":"Communiqu\u00e9 du Cabinet Royal - Dpress.ma\/fr","robots":{"index":"index","follow":"follow","max-snippet":"max-snippet:-1","max-image-preview":"max-image-preview:large","max-video-preview":"max-video-preview:-1"},"canonical":"https:\/\/dpress.ma\/fr\/2025\/03\/25\/communique-du-cabinet-royal-10\/","og_locale":"fr_FR","og_type":"article","og_title":"Communiqu\u00e9 du Cabinet Royal - Dpress.ma\/fr","og_description":"Dpress Voici un communiqu\u00e9 du Cabinet Royal : \u00ab Sa Majest\u00e9 le Roi Mohammed VI, que Dieu L\u2019assiste, a bien voulu, ce lundi 24 mars 2025, nommer certains responsables d\u2019institutions constitutionnelles, \u00e0 savoir : M. Abdelkader Amara, pr\u00e9sident du Conseil \u00e9conomique, social et environnemental. M. Mohamed Benalilou, pr\u00e9sident de l\u2019Instance nationale de la Probit\u00e9, de &hellip;","og_url":"https:\/\/dpress.ma\/fr\/2025\/03\/25\/communique-du-cabinet-royal-10\/","og_site_name":"Dpress.ma\/fr","article_published_time":"2025-03-25T11:25:11+00:00","article_modified_time":"2025-12-31T10:39:22+00:00","og_image":[{"width":2539,"height":1594,"url":"https:\/\/dpress.ma\/fr\/wp-content\/uploads\/sites\/2\/2025\/12\/6-2.jpg","type":"image\/jpeg"}],"author":"Dpress.ma","twitter_card":"summary_large_image","twitter_misc":{"\u00c9crit par":"Dpress.ma","Dur\u00e9e de lecture estim\u00e9e":"2 minutes"},"schema":{"@context":"https:\/\/schema.org","@graph":[{"@type":"Article","@id":"https:\/\/dpress.ma\/fr\/2025\/03\/25\/communique-du-cabinet-royal-10\/#article","isPartOf":{"@id":"https:\/\/dpress.ma\/fr\/2025\/03\/25\/communique-du-cabinet-royal-10\/"},"author":{"name":"Dpress.ma","@id":"https:\/\/dpress.ma\/fr\/#\/schema\/person\/4898febf3ccd59e6578d838656a306a0"},"headline":"Communiqu\u00e9 du Cabinet Royal","datePublished":"2025-03-25T11:25:11+00:00","dateModified":"2025-12-31T10:39:22+00:00","mainEntityOfPage":{"@id":"https:\/\/dpress.ma\/fr\/2025\/03\/25\/communique-du-cabinet-royal-10\/"},"wordCount":209,"commentCount":0,"image":{"@id":"https:\/\/dpress.ma\/fr\/2025\/03\/25\/communique-du-cabinet-royal-10\/#primaryimage"},"thumbnailUrl":"https:\/\/dpress.ma\/fr\/wp-content\/uploads\/sites\/2\/2025\/12\/6-2.jpg","articleSection":["Activit\u00e9s Royales"],"inLanguage":"fr-FR","potentialAction":[{"@type":"CommentAction","name":"Comment","target":["https:\/\/dpress.ma\/fr\/2025\/03\/25\/communique-du-cabinet-royal-10\/#respond"]}]},{"@type":"WebPage","@id":"https:\/\/dpress.ma\/fr\/2025\/03\/25\/communique-du-cabinet-royal-10\/","url":"https:\/\/dpress.ma\/fr\/2025\/03\/25\/communique-du-cabinet-royal-10\/","name":"Communiqu\u00e9 du Cabinet Royal - Dpress.ma\/fr","isPartOf":{"@id":"https:\/\/dpress.ma\/fr\/#website"},"primaryImageOfPage":{"@id":"https:\/\/dpress.ma\/fr\/2025\/03\/25\/communique-du-cabinet-royal-10\/#primaryimage"},"image":{"@id":"https:\/\/dpress.ma\/fr\/2025\/03\/25\/communique-du-cabinet-royal-10\/#primaryimage"},"thumbnailUrl":"https:\/\/dpress.ma\/fr\/wp-content\/uploads\/sites\/2\/2025\/12\/6-2.jpg","datePublished":"2025-03-25T11:25:11+00:00","dateModified":"2025-12-31T10:39:22+00:00","author":{"@id":"https:\/\/dpress.ma\/fr\/#\/schema\/person\/4898febf3ccd59e6578d838656a306a0"},"breadcrumb":{"@id":"https:\/\/dpress.ma\/fr\/2025\/03\/25\/communique-du-cabinet-royal-10\/#breadcrumb"},"inLanguage":"fr-FR","potentialAction":[{"@type":"ReadAction","target":["https:\/\/dpress.ma\/fr\/2025\/03\/25\/communique-du-cabinet-royal-10\/"]}]},{"@type":"ImageObject","inLanguage":"fr-FR","@id":"https:\/\/dpress.ma\/fr\/2025\/03\/25\/communique-du-cabinet-royal-10\/#primaryimage","url":"https:\/\/dpress.ma\/fr\/wp-content\/uploads\/sites\/2\/2025\/12\/6-2.jpg","contentUrl":"https:\/\/dpress.ma\/fr\/wp-content\/uploads\/sites\/2\/2025\/12\/6-2.jpg","width":2539,"height":1594},{"@type":"BreadcrumbList","@id":"https:\/\/dpress.ma\/fr\/2025\/03\/25\/communique-du-cabinet-royal-10\/#breadcrumb","itemListElement":[{"@type":"ListItem","position":1,"name":"Home","item":"https:\/\/dpress.ma\/fr\/"},{"@type":"ListItem","position":2,"name":"Communiqu\u00e9 du Cabinet Royal"}]},{"@type":"WebSite","@id":"https:\/\/dpress.ma\/fr\/#website","url":"https:\/\/dpress.ma\/fr\/","name":"Dpress.ma\/fr","description":"","potentialAction":[{"@type":"SearchAction","target":{"@type":"EntryPoint","urlTemplate":"https:\/\/dpress.ma\/fr\/?s={search_term_string}"},"query-input":{"@type":"PropertyValueSpecification","valueRequired":true,"valueName":"search_term_string"}}],"inLanguage":"fr-FR"},{"@type":"Person","@id":"https:\/\/dpress.ma\/fr\/#\/schema\/person\/4898febf3ccd59e6578d838656a306a0","name":"Dpress.ma","image":{"@type":"ImageObject","inLanguage":"fr-FR","@id":"https:\/\/secure.gravatar.com\/avatar\/72ecc30e9db047a2e0e7176561eb9d564ed77c8108376495b19bd8336405198a?s=96&d=mm&r=g","url":"https:\/\/secure.gravatar.com\/avatar\/72ecc30e9db047a2e0e7176561eb9d564ed77c8108376495b19bd8336405198a?s=96&d=mm&r=g","contentUrl":"https:\/\/secure.gravatar.com\/avatar\/72ecc30e9db047a2e0e7176561eb9d564ed77c8108376495b19bd8336405198a?s=96&d=mm&r=g","caption":"Dpress.ma"},"sameAs":["https:\/\/www.dpress.ma"],"url":"https:\/\/dpress.ma\/fr\/author\/dpress-ma\/"}]}},"amp_enabled":true,"_links":{"self":[{"href":"https:\/\/dpress.ma\/fr\/wp-json\/wp\/v2\/posts\/13440","targetHints":{"allow":["GET"]}}],"collection":[{"href":"https:\/\/dpress.ma\/fr\/wp-json\/wp\/v2\/posts"}],"about":[{"href":"https:\/\/dpress.ma\/fr\/wp-json\/wp\/v2\/types\/post"}],"author":[{"embeddable":true,"href":"https:\/\/dpress.ma\/fr\/wp-json\/wp\/v2\/users\/2"}],"replies":[{"embeddable":true,"href":"https:\/\/dpress.ma\/fr\/wp-json\/wp\/v2\/comments?post=13440"}],"version-history":[{"count":3,"href":"https:\/\/dpress.ma\/fr\/wp-json\/wp\/v2\/posts\/13440\/revisions"}],"predecessor-version":[{"id":20105,"href":"https:\/\/dpress.ma\/fr\/wp-json\/wp\/v2\/posts\/13440\/revisions\/20105"}],"wp:featuredmedia":[{"embeddable":true,"href":"https:\/\/dpress.ma\/fr\/wp-json\/wp\/v2\/media\/18233"}],"wp:attachment":[{"href":"https:\/\/dpress.ma\/fr\/wp-json\/wp\/v2\/media?parent=13440"}],"wp:term":[{"taxonomy":"category","embeddable":true,"href":"https:\/\/dpress.ma\/fr\/wp-json\/wp\/v2\/categories?post=13440"},{"taxonomy":"post_tag","embeddable":true,"href":"https:\/\/dpress.ma\/fr\/wp-json\/wp\/v2\/tags?post=13440"}],"curies":[{"name":"wp","href":"https:\/\/api.w.org\/{rel}","templated":true}]}}