{"id":13436,"date":"2025-03-25T11:14:31","date_gmt":"2025-03-25T11:14:31","guid":{"rendered":"https:\/\/dpress.ma\/fr\/?p=13436"},"modified":"2025-03-25T11:14:36","modified_gmt":"2025-03-25T11:14:36","slug":"les-etudiants-marocains-de-dijon-se-rassemblent-pour-un-iftar-organise-par-le-consulat-du-maroc","status":"publish","type":"post","link":"https:\/\/dpress.ma\/fr\/2025\/03\/25\/les-etudiants-marocains-de-dijon-se-rassemblent-pour-un-iftar-organise-par-le-consulat-du-maroc\/","title":{"rendered":"Les \u00e9tudiants marocains de Dijon se rassemblent pour un Iftar organis\u00e9 par le Consulat du Maroc"},"content":{"rendered":"\n<p class=\"wp-block-paragraph\">dpress<\/p>\n\n\n\n<p class=\"wp-block-paragraph\">Le Consulat du Maroc \u00e0 Dijon a organis\u00e9, lundi, un Iftar collectif auquel ont \u00e9t\u00e9 convi\u00e9s les \u00e9tudiants marocains inscrits dans diff\u00e9rentes universit\u00e9s fran\u00e7aises de la ville.<\/p>\n\n\n\n<p class=\"wp-block-paragraph\">Dans une ambiance familiale, les participants ont \u00e9t\u00e9 nombreux \u00e0 saluer ce moment de partage et de convivialit\u00e9 qui leur a permis de se r\u00e9unir&nbsp; autour des valeurs et traditions qui distinguent la soci\u00e9t\u00e9 marocaine, notamment en ce mois sacr\u00e9.<\/p>\n\n\n\n<p class=\"wp-block-paragraph\">Cette rencontre a \u00e9galement permis aux \u00e9tudiants d\u2019\u00e9changer, avec le personnel administratif, pr\u00e9sent autour des services consulaires \u00e0 leur disposition et de leurs besoins en termes de d\u00e9marches administratives.<\/p>\n\n\n\n<p class=\"wp-block-paragraph\">Le Consul g\u00e9n\u00e9ral du Royaume \u00e0 Dijon, Abdelali Bellemlih s\u2019est dit fier de voir ces g\u00e9n\u00e9rations de jeunes \u00e9tudiants r\u00e9it\u00e9rer leur attachement aux traditions marocaines et leur mobilisation pour porter le flambeau du rayonnement des valeurs de leur pays.<\/p>\n\n\n\n<p class=\"wp-block-paragraph\">Saluant le dynamisme de la diaspora dans la r\u00e9gion et le parcours distingu\u00e9 de nombreux laur\u00e9ats marocains des universit\u00e9s et \u00e9coles sup\u00e9rieures de la ville de Dijon, le diplomate a r\u00e9it\u00e9r\u00e9 la disposition et la mobilisation constantes du consulat g\u00e9n\u00e9ral du Royaume pour accompagner ces \u00e9tudiants, dans une d\u00e9marche de proximit\u00e9, de flexibilit\u00e9 et d\u2019am\u00e9lioration continue des services consulaires, rappelant l\u2019organisation de mani\u00e8re r\u00e9guli\u00e8re de consulats mobiles et de journ\u00e9es portes ouvertes pour rapprocher l\u2019administration consulaire des Marocains r\u00e9sidant dans la r\u00e9gion.<\/p>\n","protected":false},"excerpt":{"rendered":"<p>dpress Le Consulat du Maroc \u00e0 Dijon a organis\u00e9, lundi, un Iftar collectif auquel ont \u00e9t\u00e9 convi\u00e9s les \u00e9tudiants marocains inscrits dans diff\u00e9rentes universit\u00e9s fran\u00e7aises de la ville. Dans une ambiance familiale, les participants ont \u00e9t\u00e9 nombreux \u00e0 saluer ce moment de partage et de convivialit\u00e9 qui leur a permis de se r\u00e9unir&nbsp; autour des &hellip;<\/p>\n","protected":false},"author":2,"featured_media":13437,"comment_status":"open","ping_status":"open","sticky":false,"template":"","format":"standard","meta":{"footnotes":""},"categories":[40],"tags":[],"class_list":["post-13436","post","type-post","status-publish","format-standard","has-post-thumbnail","hentry","category-societe-et-regions"],"yoast_head":"<!-- This site is optimized with the Yoast SEO plugin v28.0 - https:\/\/yoast.com\/product\/yoast-seo-wordpress\/ -->\n<title>Les \u00e9tudiants marocains de Dijon se rassemblent pour un Iftar organis\u00e9 par le Consulat du Maroc - Dpress.ma\/fr<\/title>\n<meta name=\"robots\" content=\"index, follow, max-snippet:-1, max-image-preview:large, max-video-preview:-1\" \/>\n<link rel=\"canonical\" href=\"https:\/\/dpress.ma\/fr\/2025\/03\/25\/les-etudiants-marocains-de-dijon-se-rassemblent-pour-un-iftar-organise-par-le-consulat-du-maroc\/\" \/>\n<meta property=\"og:locale\" content=\"fr_FR\" \/>\n<meta property=\"og:type\" content=\"article\" \/>\n<meta property=\"og:title\" content=\"Les \u00e9tudiants marocains de Dijon se rassemblent pour un Iftar organis\u00e9 par le Consulat du Maroc - Dpress.ma\/fr\" \/>\n<meta property=\"og:description\" content=\"dpress Le Consulat du Maroc \u00e0 Dijon a organis\u00e9, lundi, un Iftar collectif auquel ont \u00e9t\u00e9 convi\u00e9s les \u00e9tudiants marocains inscrits dans diff\u00e9rentes universit\u00e9s fran\u00e7aises de la ville. Dans une ambiance familiale, les participants ont \u00e9t\u00e9 nombreux \u00e0 saluer ce moment de partage et de convivialit\u00e9 qui leur a permis de se r\u00e9unir&nbsp; autour des &hellip;\" \/>\n<meta property=\"og:url\" content=\"https:\/\/dpress.ma\/fr\/2025\/03\/25\/les-etudiants-marocains-de-dijon-se-rassemblent-pour-un-iftar-organise-par-le-consulat-du-maroc\/\" \/>\n<meta property=\"og:site_name\" content=\"Dpress.ma\/fr\" \/>\n<meta property=\"article:published_time\" content=\"2025-03-25T11:14:31+00:00\" \/>\n<meta property=\"article:modified_time\" content=\"2025-03-25T11:14:36+00:00\" \/>\n<meta property=\"og:image\" content=\"https:\/\/dpress.ma\/fr\/wp-content\/uploads\/sites\/2\/2025\/03\/dimensions2-93.jpg\" \/>\n\t<meta property=\"og:image:width\" content=\"2539\" \/>\n\t<meta property=\"og:image:height\" content=\"1594\" \/>\n\t<meta property=\"og:image:type\" content=\"image\/jpeg\" \/>\n<meta name=\"author\" content=\"Dpress.ma\" \/>\n<meta name=\"twitter:card\" content=\"summary_large_image\" \/>\n<meta name=\"twitter:label1\" content=\"\u00c9crit par\" \/>\n\t<meta name=\"twitter:data1\" content=\"Dpress.ma\" \/>\n\t<meta name=\"twitter:label2\" content=\"Dur\u00e9e de lecture estim\u00e9e\" \/>\n\t<meta name=\"twitter:data2\" content=\"2 minutes\" \/>\n<script type=\"application\/ld+json\" class=\"yoast-schema-graph\">{\"@context\":\"https:\\\/\\\/schema.org\",\"@graph\":[{\"@type\":\"Article\",\"@id\":\"https:\\\/\\\/dpress.ma\\\/fr\\\/2025\\\/03\\\/25\\\/les-etudiants-marocains-de-dijon-se-rassemblent-pour-un-iftar-organise-par-le-consulat-du-maroc\\\/#article\",\"isPartOf\":{\"@id\":\"https:\\\/\\\/dpress.ma\\\/fr\\\/2025\\\/03\\\/25\\\/les-etudiants-marocains-de-dijon-se-rassemblent-pour-un-iftar-organise-par-le-consulat-du-maroc\\\/\"},\"author\":{\"name\":\"Dpress.ma\",\"@id\":\"https:\\\/\\\/dpress.ma\\\/fr\\\/#\\\/schema\\\/person\\\/4898febf3ccd59e6578d838656a306a0\"},\"headline\":\"Les \u00e9tudiants marocains de Dijon se rassemblent pour un Iftar organis\u00e9 par le Consulat du Maroc\",\"datePublished\":\"2025-03-25T11:14:31+00:00\",\"dateModified\":\"2025-03-25T11:14:36+00:00\",\"mainEntityOfPage\":{\"@id\":\"https:\\\/\\\/dpress.ma\\\/fr\\\/2025\\\/03\\\/25\\\/les-etudiants-marocains-de-dijon-se-rassemblent-pour-un-iftar-organise-par-le-consulat-du-maroc\\\/\"},\"wordCount\":266,\"commentCount\":0,\"image\":{\"@id\":\"https:\\\/\\\/dpress.ma\\\/fr\\\/2025\\\/03\\\/25\\\/les-etudiants-marocains-de-dijon-se-rassemblent-pour-un-iftar-organise-par-le-consulat-du-maroc\\\/#primaryimage\"},\"thumbnailUrl\":\"https:\\\/\\\/dpress.ma\\\/fr\\\/wp-content\\\/uploads\\\/sites\\\/2\\\/2025\\\/03\\\/dimensions2-93.jpg\",\"articleSection\":[\"societe et regions\"],\"inLanguage\":\"fr-FR\",\"potentialAction\":[{\"@type\":\"CommentAction\",\"name\":\"Comment\",\"target\":[\"https:\\\/\\\/dpress.ma\\\/fr\\\/2025\\\/03\\\/25\\\/les-etudiants-marocains-de-dijon-se-rassemblent-pour-un-iftar-organise-par-le-consulat-du-maroc\\\/#respond\"]}]},{\"@type\":\"WebPage\",\"@id\":\"https:\\\/\\\/dpress.ma\\\/fr\\\/2025\\\/03\\\/25\\\/les-etudiants-marocains-de-dijon-se-rassemblent-pour-un-iftar-organise-par-le-consulat-du-maroc\\\/\",\"url\":\"https:\\\/\\\/dpress.ma\\\/fr\\\/2025\\\/03\\\/25\\\/les-etudiants-marocains-de-dijon-se-rassemblent-pour-un-iftar-organise-par-le-consulat-du-maroc\\\/\",\"name\":\"Les \u00e9tudiants marocains de Dijon se rassemblent pour un Iftar organis\u00e9 par le Consulat du Maroc - Dpress.ma\\\/fr\",\"isPartOf\":{\"@id\":\"https:\\\/\\\/dpress.ma\\\/fr\\\/#website\"},\"primaryImageOfPage\":{\"@id\":\"https:\\\/\\\/dpress.ma\\\/fr\\\/2025\\\/03\\\/25\\\/les-etudiants-marocains-de-dijon-se-rassemblent-pour-un-iftar-organise-par-le-consulat-du-maroc\\\/#primaryimage\"},\"image\":{\"@id\":\"https:\\\/\\\/dpress.ma\\\/fr\\\/2025\\\/03\\\/25\\\/les-etudiants-marocains-de-dijon-se-rassemblent-pour-un-iftar-organise-par-le-consulat-du-maroc\\\/#primaryimage\"},\"thumbnailUrl\":\"https:\\\/\\\/dpress.ma\\\/fr\\\/wp-content\\\/uploads\\\/sites\\\/2\\\/2025\\\/03\\\/dimensions2-93.jpg\",\"datePublished\":\"2025-03-25T11:14:31+00:00\",\"dateModified\":\"2025-03-25T11:14:36+00:00\",\"author\":{\"@id\":\"https:\\\/\\\/dpress.ma\\\/fr\\\/#\\\/schema\\\/person\\\/4898febf3ccd59e6578d838656a306a0\"},\"breadcrumb\":{\"@id\":\"https:\\\/\\\/dpress.ma\\\/fr\\\/2025\\\/03\\\/25\\\/les-etudiants-marocains-de-dijon-se-rassemblent-pour-un-iftar-organise-par-le-consulat-du-maroc\\\/#breadcrumb\"},\"inLanguage\":\"fr-FR\",\"potentialAction\":[{\"@type\":\"ReadAction\",\"target\":[\"https:\\\/\\\/dpress.ma\\\/fr\\\/2025\\\/03\\\/25\\\/les-etudiants-marocains-de-dijon-se-rassemblent-pour-un-iftar-organise-par-le-consulat-du-maroc\\\/\"]}]},{\"@type\":\"ImageObject\",\"inLanguage\":\"fr-FR\",\"@id\":\"https:\\\/\\\/dpress.ma\\\/fr\\\/2025\\\/03\\\/25\\\/les-etudiants-marocains-de-dijon-se-rassemblent-pour-un-iftar-organise-par-le-consulat-du-maroc\\\/#primaryimage\",\"url\":\"https:\\\/\\\/dpress.ma\\\/fr\\\/wp-content\\\/uploads\\\/sites\\\/2\\\/2025\\\/03\\\/dimensions2-93.jpg\",\"contentUrl\":\"https:\\\/\\\/dpress.ma\\\/fr\\\/wp-content\\\/uploads\\\/sites\\\/2\\\/2025\\\/03\\\/dimensions2-93.jpg\",\"width\":2539,\"height\":1594},{\"@type\":\"BreadcrumbList\",\"@id\":\"https:\\\/\\\/dpress.ma\\\/fr\\\/2025\\\/03\\\/25\\\/les-etudiants-marocains-de-dijon-se-rassemblent-pour-un-iftar-organise-par-le-consulat-du-maroc\\\/#breadcrumb\",\"itemListElement\":[{\"@type\":\"ListItem\",\"position\":1,\"name\":\"Home\",\"item\":\"https:\\\/\\\/dpress.ma\\\/fr\\\/\"},{\"@type\":\"ListItem\",\"position\":2,\"name\":\"Les \u00e9tudiants marocains de Dijon se rassemblent pour un Iftar organis\u00e9 par le Consulat du Maroc\"}]},{\"@type\":\"WebSite\",\"@id\":\"https:\\\/\\\/dpress.ma\\\/fr\\\/#website\",\"url\":\"https:\\\/\\\/dpress.ma\\\/fr\\\/\",\"name\":\"Dpress.ma\\\/fr\",\"description\":\"\",\"potentialAction\":[{\"@type\":\"SearchAction\",\"target\":{\"@type\":\"EntryPoint\",\"urlTemplate\":\"https:\\\/\\\/dpress.ma\\\/fr\\\/?s={search_term_string}\"},\"query-input\":{\"@type\":\"PropertyValueSpecification\",\"valueRequired\":true,\"valueName\":\"search_term_string\"}}],\"inLanguage\":\"fr-FR\"},{\"@type\":\"Person\",\"@id\":\"https:\\\/\\\/dpress.ma\\\/fr\\\/#\\\/schema\\\/person\\\/4898febf3ccd59e6578d838656a306a0\",\"name\":\"Dpress.ma\",\"image\":{\"@type\":\"ImageObject\",\"inLanguage\":\"fr-FR\",\"@id\":\"https:\\\/\\\/secure.gravatar.com\\\/avatar\\\/72ecc30e9db047a2e0e7176561eb9d564ed77c8108376495b19bd8336405198a?s=96&d=mm&r=g\",\"url\":\"https:\\\/\\\/secure.gravatar.com\\\/avatar\\\/72ecc30e9db047a2e0e7176561eb9d564ed77c8108376495b19bd8336405198a?s=96&d=mm&r=g\",\"contentUrl\":\"https:\\\/\\\/secure.gravatar.com\\\/avatar\\\/72ecc30e9db047a2e0e7176561eb9d564ed77c8108376495b19bd8336405198a?s=96&d=mm&r=g\",\"caption\":\"Dpress.ma\"},\"sameAs\":[\"https:\\\/\\\/www.dpress.ma\"],\"url\":\"https:\\\/\\\/dpress.ma\\\/fr\\\/author\\\/dpress-ma\\\/\"}]}<\/script>\n<!-- \/ Yoast SEO plugin. -->","yoast_head_json":{"title":"Les \u00e9tudiants marocains de Dijon se rassemblent pour un Iftar organis\u00e9 par le Consulat du Maroc - Dpress.ma\/fr","robots":{"index":"index","follow":"follow","max-snippet":"max-snippet:-1","max-image-preview":"max-image-preview:large","max-video-preview":"max-video-preview:-1"},"canonical":"https:\/\/dpress.ma\/fr\/2025\/03\/25\/les-etudiants-marocains-de-dijon-se-rassemblent-pour-un-iftar-organise-par-le-consulat-du-maroc\/","og_locale":"fr_FR","og_type":"article","og_title":"Les \u00e9tudiants marocains de Dijon se rassemblent pour un Iftar organis\u00e9 par le Consulat du Maroc - Dpress.ma\/fr","og_description":"dpress Le Consulat du Maroc \u00e0 Dijon a organis\u00e9, lundi, un Iftar collectif auquel ont \u00e9t\u00e9 convi\u00e9s les \u00e9tudiants marocains inscrits dans diff\u00e9rentes universit\u00e9s fran\u00e7aises de la ville. Dans une ambiance familiale, les participants ont \u00e9t\u00e9 nombreux \u00e0 saluer ce moment de partage et de convivialit\u00e9 qui leur a permis de se r\u00e9unir&nbsp; autour des &hellip;","og_url":"https:\/\/dpress.ma\/fr\/2025\/03\/25\/les-etudiants-marocains-de-dijon-se-rassemblent-pour-un-iftar-organise-par-le-consulat-du-maroc\/","og_site_name":"Dpress.ma\/fr","article_published_time":"2025-03-25T11:14:31+00:00","article_modified_time":"2025-03-25T11:14:36+00:00","og_image":[{"width":2539,"height":1594,"url":"https:\/\/dpress.ma\/fr\/wp-content\/uploads\/sites\/2\/2025\/03\/dimensions2-93.jpg","type":"image\/jpeg"}],"author":"Dpress.ma","twitter_card":"summary_large_image","twitter_misc":{"\u00c9crit par":"Dpress.ma","Dur\u00e9e de lecture estim\u00e9e":"2 minutes"},"schema":{"@context":"https:\/\/schema.org","@graph":[{"@type":"Article","@id":"https:\/\/dpress.ma\/fr\/2025\/03\/25\/les-etudiants-marocains-de-dijon-se-rassemblent-pour-un-iftar-organise-par-le-consulat-du-maroc\/#article","isPartOf":{"@id":"https:\/\/dpress.ma\/fr\/2025\/03\/25\/les-etudiants-marocains-de-dijon-se-rassemblent-pour-un-iftar-organise-par-le-consulat-du-maroc\/"},"author":{"name":"Dpress.ma","@id":"https:\/\/dpress.ma\/fr\/#\/schema\/person\/4898febf3ccd59e6578d838656a306a0"},"headline":"Les \u00e9tudiants marocains de Dijon se rassemblent pour un Iftar organis\u00e9 par le Consulat du Maroc","datePublished":"2025-03-25T11:14:31+00:00","dateModified":"2025-03-25T11:14:36+00:00","mainEntityOfPage":{"@id":"https:\/\/dpress.ma\/fr\/2025\/03\/25\/les-etudiants-marocains-de-dijon-se-rassemblent-pour-un-iftar-organise-par-le-consulat-du-maroc\/"},"wordCount":266,"commentCount":0,"image":{"@id":"https:\/\/dpress.ma\/fr\/2025\/03\/25\/les-etudiants-marocains-de-dijon-se-rassemblent-pour-un-iftar-organise-par-le-consulat-du-maroc\/#primaryimage"},"thumbnailUrl":"https:\/\/dpress.ma\/fr\/wp-content\/uploads\/sites\/2\/2025\/03\/dimensions2-93.jpg","articleSection":["societe et regions"],"inLanguage":"fr-FR","potentialAction":[{"@type":"CommentAction","name":"Comment","target":["https:\/\/dpress.ma\/fr\/2025\/03\/25\/les-etudiants-marocains-de-dijon-se-rassemblent-pour-un-iftar-organise-par-le-consulat-du-maroc\/#respond"]}]},{"@type":"WebPage","@id":"https:\/\/dpress.ma\/fr\/2025\/03\/25\/les-etudiants-marocains-de-dijon-se-rassemblent-pour-un-iftar-organise-par-le-consulat-du-maroc\/","url":"https:\/\/dpress.ma\/fr\/2025\/03\/25\/les-etudiants-marocains-de-dijon-se-rassemblent-pour-un-iftar-organise-par-le-consulat-du-maroc\/","name":"Les \u00e9tudiants marocains de Dijon se rassemblent pour un Iftar organis\u00e9 par le Consulat du Maroc - Dpress.ma\/fr","isPartOf":{"@id":"https:\/\/dpress.ma\/fr\/#website"},"primaryImageOfPage":{"@id":"https:\/\/dpress.ma\/fr\/2025\/03\/25\/les-etudiants-marocains-de-dijon-se-rassemblent-pour-un-iftar-organise-par-le-consulat-du-maroc\/#primaryimage"},"image":{"@id":"https:\/\/dpress.ma\/fr\/2025\/03\/25\/les-etudiants-marocains-de-dijon-se-rassemblent-pour-un-iftar-organise-par-le-consulat-du-maroc\/#primaryimage"},"thumbnailUrl":"https:\/\/dpress.ma\/fr\/wp-content\/uploads\/sites\/2\/2025\/03\/dimensions2-93.jpg","datePublished":"2025-03-25T11:14:31+00:00","dateModified":"2025-03-25T11:14:36+00:00","author":{"@id":"https:\/\/dpress.ma\/fr\/#\/schema\/person\/4898febf3ccd59e6578d838656a306a0"},"breadcrumb":{"@id":"https:\/\/dpress.ma\/fr\/2025\/03\/25\/les-etudiants-marocains-de-dijon-se-rassemblent-pour-un-iftar-organise-par-le-consulat-du-maroc\/#breadcrumb"},"inLanguage":"fr-FR","potentialAction":[{"@type":"ReadAction","target":["https:\/\/dpress.ma\/fr\/2025\/03\/25\/les-etudiants-marocains-de-dijon-se-rassemblent-pour-un-iftar-organise-par-le-consulat-du-maroc\/"]}]},{"@type":"ImageObject","inLanguage":"fr-FR","@id":"https:\/\/dpress.ma\/fr\/2025\/03\/25\/les-etudiants-marocains-de-dijon-se-rassemblent-pour-un-iftar-organise-par-le-consulat-du-maroc\/#primaryimage","url":"https:\/\/dpress.ma\/fr\/wp-content\/uploads\/sites\/2\/2025\/03\/dimensions2-93.jpg","contentUrl":"https:\/\/dpress.ma\/fr\/wp-content\/uploads\/sites\/2\/2025\/03\/dimensions2-93.jpg","width":2539,"height":1594},{"@type":"BreadcrumbList","@id":"https:\/\/dpress.ma\/fr\/2025\/03\/25\/les-etudiants-marocains-de-dijon-se-rassemblent-pour-un-iftar-organise-par-le-consulat-du-maroc\/#breadcrumb","itemListElement":[{"@type":"ListItem","position":1,"name":"Home","item":"https:\/\/dpress.ma\/fr\/"},{"@type":"ListItem","position":2,"name":"Les \u00e9tudiants marocains de Dijon se rassemblent pour un Iftar organis\u00e9 par le Consulat du Maroc"}]},{"@type":"WebSite","@id":"https:\/\/dpress.ma\/fr\/#website","url":"https:\/\/dpress.ma\/fr\/","name":"Dpress.ma\/fr","description":"","potentialAction":[{"@type":"SearchAction","target":{"@type":"EntryPoint","urlTemplate":"https:\/\/dpress.ma\/fr\/?s={search_term_string}"},"query-input":{"@type":"PropertyValueSpecification","valueRequired":true,"valueName":"search_term_string"}}],"inLanguage":"fr-FR"},{"@type":"Person","@id":"https:\/\/dpress.ma\/fr\/#\/schema\/person\/4898febf3ccd59e6578d838656a306a0","name":"Dpress.ma","image":{"@type":"ImageObject","inLanguage":"fr-FR","@id":"https:\/\/secure.gravatar.com\/avatar\/72ecc30e9db047a2e0e7176561eb9d564ed77c8108376495b19bd8336405198a?s=96&d=mm&r=g","url":"https:\/\/secure.gravatar.com\/avatar\/72ecc30e9db047a2e0e7176561eb9d564ed77c8108376495b19bd8336405198a?s=96&d=mm&r=g","contentUrl":"https:\/\/secure.gravatar.com\/avatar\/72ecc30e9db047a2e0e7176561eb9d564ed77c8108376495b19bd8336405198a?s=96&d=mm&r=g","caption":"Dpress.ma"},"sameAs":["https:\/\/www.dpress.ma"],"url":"https:\/\/dpress.ma\/fr\/author\/dpress-ma\/"}]}},"amp_enabled":true,"_links":{"self":[{"href":"https:\/\/dpress.ma\/fr\/wp-json\/wp\/v2\/posts\/13436","targetHints":{"allow":["GET"]}}],"collection":[{"href":"https:\/\/dpress.ma\/fr\/wp-json\/wp\/v2\/posts"}],"about":[{"href":"https:\/\/dpress.ma\/fr\/wp-json\/wp\/v2\/types\/post"}],"author":[{"embeddable":true,"href":"https:\/\/dpress.ma\/fr\/wp-json\/wp\/v2\/users\/2"}],"replies":[{"embeddable":true,"href":"https:\/\/dpress.ma\/fr\/wp-json\/wp\/v2\/comments?post=13436"}],"version-history":[{"count":1,"href":"https:\/\/dpress.ma\/fr\/wp-json\/wp\/v2\/posts\/13436\/revisions"}],"predecessor-version":[{"id":13438,"href":"https:\/\/dpress.ma\/fr\/wp-json\/wp\/v2\/posts\/13436\/revisions\/13438"}],"wp:featuredmedia":[{"embeddable":true,"href":"https:\/\/dpress.ma\/fr\/wp-json\/wp\/v2\/media\/13437"}],"wp:attachment":[{"href":"https:\/\/dpress.ma\/fr\/wp-json\/wp\/v2\/media?parent=13436"}],"wp:term":[{"taxonomy":"category","embeddable":true,"href":"https:\/\/dpress.ma\/fr\/wp-json\/wp\/v2\/categories?post=13436"},{"taxonomy":"post_tag","embeddable":true,"href":"https:\/\/dpress.ma\/fr\/wp-json\/wp\/v2\/tags?post=13436"}],"curies":[{"name":"wp","href":"https:\/\/api.w.org\/{rel}","templated":true}]}}