{"id":13433,"date":"2025-03-25T11:05:13","date_gmt":"2025-03-25T11:05:13","guid":{"rendered":"https:\/\/dpress.ma\/fr\/?p=13433"},"modified":"2025-03-25T11:05:14","modified_gmt":"2025-03-25T11:05:14","slug":"tetouan-hommage-emouvant-a-des-femmes-pionnieres-dans-plusieurs-secteurs","status":"publish","type":"post","link":"https:\/\/dpress.ma\/fr\/2025\/03\/25\/tetouan-hommage-emouvant-a-des-femmes-pionnieres-dans-plusieurs-secteurs\/","title":{"rendered":"T\u00e9touan : Hommage \u00e9mouvant \u00e0 des femmes pionni\u00e8res dans plusieurs secteurs"},"content":{"rendered":"\n<p class=\"wp-block-paragraph\">dpress<\/p>\n\n\n\n<p class=\"wp-block-paragraph\">Un vibrant hommage a \u00e9t\u00e9 rendu, lundi \u00e0 T\u00e9touan, \u00e0 des femmes pionni\u00e8res qui se sont distingu\u00e9es par leurs contributions exceptionnelles dans divers domaines et leur engagement en faveur du d\u00e9veloppement humain, ainsi que de l\u2019\u00e9conomie sociale et solidaire.<\/p>\n\n\n\n<p class=\"wp-block-paragraph\">Pr\u00e9sid\u00e9e par le gouverneur de la province de T\u00e9touan, Abderrazzak Mansouri, en pr\u00e9sence de personnalit\u00e9s et de responsables locaux, cette c\u00e9l\u00e9bration s\u2019inscrit dans le cadre de la comm\u00e9moration de la Journ\u00e9e internationale des droits des femmes (8 mars) par l\u2019Initiative nationale pour le d\u00e9veloppement humain (INDH).<\/p>\n\n\n\n<p class=\"wp-block-paragraph\">S\u2019exprimant \u00e0 cette occasion, M. Mansouri a mis en avant l\u2019importance de cet hommage rendu \u00e0 des femmes d\u2019exception et leaders dans leurs domaines respectifs, soulignant leur contribution significative au d\u00e9veloppement de la province de T\u00e9touan et leur r\u00f4le crucial dans la mise en \u0153uvre des programmes de l\u2019INDH.<\/p>\n\n\n\n<p class=\"wp-block-paragraph\">Le gouverneur a en outre affirm\u00e9 que cette distinction constitue une reconnaissance des efforts et du d\u00e9vouement des femmes dans leurs diff\u00e9rentes activit\u00e9s, tout en saluant leur engagement \u00e0 apporter une valeur ajout\u00e9e \u00e0 des secteurs de d\u00e9veloppement b\u00e9n\u00e9fiques pour la soci\u00e9t\u00e9.<\/p>\n\n\n\n<p class=\"wp-block-paragraph\">Il a soulign\u00e9 que cette c\u00e9l\u00e9bration repr\u00e9sente un hommage \u00e0 toutes les femmes de la province de T\u00e9touan et une reconnaissance de leur r\u00f4le essentiel dans le d\u00e9veloppement local, offrant ainsi un mod\u00e8le inspirant aux g\u00e9n\u00e9rations futures.<\/p>\n\n\n\n<p class=\"wp-block-paragraph\">Cette initiative a \u00e9galement permis de mettre en lumi\u00e8re des parcours f\u00e9minins exemplaires, notamment celles ayant apport\u00e9 une contribution notable \u00e0 l\u2019accompagnement des programmes de l\u2019INDH et \u00e0 divers domaines tels que le social, la culture, le sport et la solidarit\u00e9.<\/p>\n\n\n\n<p class=\"wp-block-paragraph\">Dans ce sens, Bouchra Lakhlakh, directrice de la plateforme des jeunes A\u00efn Melloul et l\u2019une des femmes \u00e0 l\u2019honneur \u00e0 cette occasion, a d\u00e9clar\u00e9 \u00e0 la MAP que cette c\u00e9r\u00e9monie repr\u00e9sente un hommage vibrant \u00e0 toutes les femmes travailleuses et cr\u00e9atives, tout en encourageant les initiatives associatives, notamment celles soutenues dans le cadre du troisi\u00e8me programme de l\u2019INDH, ax\u00e9 sur l\u2019am\u00e9lioration du revenu et l\u2019inclusion \u00e9conomique des jeunes.<\/p>\n\n\n\n<p class=\"wp-block-paragraph\">De son c\u00f4t\u00e9, Touria Bouzidi, pr\u00e9sidente de la coop\u00e9rative Vegetaland sp\u00e9cialis\u00e9e en agriculture biologique, a soulign\u00e9 que cette reconnaissance met en valeur l\u2019engagement des femmes dans le secteur de l\u2019\u00e9conomie sociale et solidaire.<\/p>\n\n\n\n<p class=\"wp-block-paragraph\">Elle a \u00e9galement mis l\u2019accent sur l\u2019importance d\u2019encourager les initiatives de d\u00e9veloppement durable, en particulier celles visant la pr\u00e9servation de l\u2019environnement et la promotion de l\u2019agriculture biologique.<\/p>\n\n\n\n<p class=\"wp-block-paragraph\">Par ailleurs, Mme Bouzidi a insist\u00e9 sur le r\u00f4le cl\u00e9 des programmes de l\u2019INDH dans l\u2019autonomisation socio-\u00e9conomique des femmes, les incitant \u00e0 innover dans des secteurs porteurs b\u00e9n\u00e9fiques \u00e0 la soci\u00e9t\u00e9 et au d\u00e9veloppement humain.<\/p>\n\n\n\n<p class=\"wp-block-paragraph\">Pour sa part, Mounia Yefleh Amrani, propri\u00e9taire d\u2019une imprimerie, a affirm\u00e9 que cet hommage aaux femmes actives dans divers secteurs constitue une reconnaissance et une motivation pour continuer \u00e0 d\u00e9velopper leurs comp\u00e9tences et \u00e0 mettre en avant leur potentiel.<\/p>\n\n\n\n<p class=\"wp-block-paragraph\">Elle a ajout\u00e9 que cette distinction illustre l\u2019int\u00e9r\u00eat port\u00e9 par l\u2019INDH aux femmes capables de contribuer de mani\u00e8re significative \u00e0 l\u2019\u00e9conomie locale, de renforcer leur autonomisation \u00e9conomique et de cr\u00e9er des opportunit\u00e9s de revenus et d\u2019emplois.<\/p>\n\n\n\n<p class=\"wp-block-paragraph\">La c\u00e9r\u00e9monie s\u2019est d\u00e9roul\u00e9e en pr\u00e9sence du pr\u00e9sident du conseil provincial, du pr\u00e9sident de la commune de T\u00e9touan, de la pr\u00e9sidente du Conseil r\u00e9gional du tourisme de Tanger-T\u00e9touan-Al Hoceima, de la directrice de l\u2019Acad\u00e9mie r\u00e9gionale d\u2019\u00e9ducation et de formation, ainsi que de nombreux acteurs r\u00e9gionaux et locaux, de membres du comit\u00e9 provincial de l\u2019INDH et de repr\u00e9sentants de la soci\u00e9t\u00e9 civile.<\/p>\n\n\n\n<p class=\"wp-block-paragraph\"><\/p>\n","protected":false},"excerpt":{"rendered":"<p>dpress Un vibrant hommage a \u00e9t\u00e9 rendu, lundi \u00e0 T\u00e9touan, \u00e0 des femmes pionni\u00e8res qui se sont distingu\u00e9es par leurs contributions exceptionnelles dans divers domaines et leur engagement en faveur du d\u00e9veloppement humain, ainsi que de l\u2019\u00e9conomie sociale et solidaire. Pr\u00e9sid\u00e9e par le gouverneur de la province de T\u00e9touan, Abderrazzak Mansouri, en pr\u00e9sence de personnalit\u00e9s &hellip;<\/p>\n","protected":false},"author":2,"featured_media":13434,"comment_status":"open","ping_status":"open","sticky":false,"template":"","format":"standard","meta":{"footnotes":""},"categories":[40],"tags":[],"class_list":["post-13433","post","type-post","status-publish","format-standard","has-post-thumbnail","hentry","category-societe-et-regions"],"yoast_head":"<!-- This site is optimized with the Yoast SEO plugin v28.0 - https:\/\/yoast.com\/product\/yoast-seo-wordpress\/ -->\n<title>T\u00e9touan : Hommage \u00e9mouvant \u00e0 des femmes pionni\u00e8res dans plusieurs secteurs - Dpress.ma\/fr<\/title>\n<meta name=\"robots\" content=\"index, follow, max-snippet:-1, max-image-preview:large, max-video-preview:-1\" \/>\n<link rel=\"canonical\" href=\"https:\/\/dpress.ma\/fr\/2025\/03\/25\/tetouan-hommage-emouvant-a-des-femmes-pionnieres-dans-plusieurs-secteurs\/\" \/>\n<meta property=\"og:locale\" content=\"fr_FR\" \/>\n<meta property=\"og:type\" content=\"article\" \/>\n<meta property=\"og:title\" content=\"T\u00e9touan : Hommage \u00e9mouvant \u00e0 des femmes pionni\u00e8res dans plusieurs secteurs - Dpress.ma\/fr\" \/>\n<meta property=\"og:description\" content=\"dpress Un vibrant hommage a \u00e9t\u00e9 rendu, lundi \u00e0 T\u00e9touan, \u00e0 des femmes pionni\u00e8res qui se sont distingu\u00e9es par leurs contributions exceptionnelles dans divers domaines et leur engagement en faveur du d\u00e9veloppement humain, ainsi que de l\u2019\u00e9conomie sociale et solidaire. Pr\u00e9sid\u00e9e par le gouverneur de la province de T\u00e9touan, Abderrazzak Mansouri, en pr\u00e9sence de personnalit\u00e9s &hellip;\" \/>\n<meta property=\"og:url\" content=\"https:\/\/dpress.ma\/fr\/2025\/03\/25\/tetouan-hommage-emouvant-a-des-femmes-pionnieres-dans-plusieurs-secteurs\/\" \/>\n<meta property=\"og:site_name\" content=\"Dpress.ma\/fr\" \/>\n<meta property=\"article:published_time\" content=\"2025-03-25T11:05:13+00:00\" \/>\n<meta property=\"article:modified_time\" content=\"2025-03-25T11:05:14+00:00\" \/>\n<meta property=\"og:image\" content=\"https:\/\/dpress.ma\/fr\/wp-content\/uploads\/sites\/2\/2025\/03\/dimensions2-92.jpg\" \/>\n\t<meta property=\"og:image:width\" content=\"2539\" \/>\n\t<meta property=\"og:image:height\" content=\"1594\" \/>\n\t<meta property=\"og:image:type\" content=\"image\/jpeg\" \/>\n<meta name=\"author\" content=\"Dpress.ma\" \/>\n<meta name=\"twitter:card\" content=\"summary_large_image\" \/>\n<meta name=\"twitter:label1\" content=\"\u00c9crit par\" \/>\n\t<meta name=\"twitter:data1\" content=\"Dpress.ma\" \/>\n\t<meta name=\"twitter:label2\" content=\"Dur\u00e9e de lecture estim\u00e9e\" \/>\n\t<meta name=\"twitter:data2\" content=\"4 minutes\" \/>\n<script type=\"application\/ld+json\" class=\"yoast-schema-graph\">{\"@context\":\"https:\\\/\\\/schema.org\",\"@graph\":[{\"@type\":\"Article\",\"@id\":\"https:\\\/\\\/dpress.ma\\\/fr\\\/2025\\\/03\\\/25\\\/tetouan-hommage-emouvant-a-des-femmes-pionnieres-dans-plusieurs-secteurs\\\/#article\",\"isPartOf\":{\"@id\":\"https:\\\/\\\/dpress.ma\\\/fr\\\/2025\\\/03\\\/25\\\/tetouan-hommage-emouvant-a-des-femmes-pionnieres-dans-plusieurs-secteurs\\\/\"},\"author\":{\"name\":\"Dpress.ma\",\"@id\":\"https:\\\/\\\/dpress.ma\\\/fr\\\/#\\\/schema\\\/person\\\/4898febf3ccd59e6578d838656a306a0\"},\"headline\":\"T\u00e9touan : Hommage \u00e9mouvant \u00e0 des femmes pionni\u00e8res dans plusieurs secteurs\",\"datePublished\":\"2025-03-25T11:05:13+00:00\",\"dateModified\":\"2025-03-25T11:05:14+00:00\",\"mainEntityOfPage\":{\"@id\":\"https:\\\/\\\/dpress.ma\\\/fr\\\/2025\\\/03\\\/25\\\/tetouan-hommage-emouvant-a-des-femmes-pionnieres-dans-plusieurs-secteurs\\\/\"},\"wordCount\":659,\"commentCount\":0,\"image\":{\"@id\":\"https:\\\/\\\/dpress.ma\\\/fr\\\/2025\\\/03\\\/25\\\/tetouan-hommage-emouvant-a-des-femmes-pionnieres-dans-plusieurs-secteurs\\\/#primaryimage\"},\"thumbnailUrl\":\"https:\\\/\\\/dpress.ma\\\/fr\\\/wp-content\\\/uploads\\\/sites\\\/2\\\/2025\\\/03\\\/dimensions2-92.jpg\",\"articleSection\":[\"societe et regions\"],\"inLanguage\":\"fr-FR\",\"potentialAction\":[{\"@type\":\"CommentAction\",\"name\":\"Comment\",\"target\":[\"https:\\\/\\\/dpress.ma\\\/fr\\\/2025\\\/03\\\/25\\\/tetouan-hommage-emouvant-a-des-femmes-pionnieres-dans-plusieurs-secteurs\\\/#respond\"]}]},{\"@type\":\"WebPage\",\"@id\":\"https:\\\/\\\/dpress.ma\\\/fr\\\/2025\\\/03\\\/25\\\/tetouan-hommage-emouvant-a-des-femmes-pionnieres-dans-plusieurs-secteurs\\\/\",\"url\":\"https:\\\/\\\/dpress.ma\\\/fr\\\/2025\\\/03\\\/25\\\/tetouan-hommage-emouvant-a-des-femmes-pionnieres-dans-plusieurs-secteurs\\\/\",\"name\":\"T\u00e9touan : Hommage \u00e9mouvant \u00e0 des femmes pionni\u00e8res dans plusieurs secteurs - Dpress.ma\\\/fr\",\"isPartOf\":{\"@id\":\"https:\\\/\\\/dpress.ma\\\/fr\\\/#website\"},\"primaryImageOfPage\":{\"@id\":\"https:\\\/\\\/dpress.ma\\\/fr\\\/2025\\\/03\\\/25\\\/tetouan-hommage-emouvant-a-des-femmes-pionnieres-dans-plusieurs-secteurs\\\/#primaryimage\"},\"image\":{\"@id\":\"https:\\\/\\\/dpress.ma\\\/fr\\\/2025\\\/03\\\/25\\\/tetouan-hommage-emouvant-a-des-femmes-pionnieres-dans-plusieurs-secteurs\\\/#primaryimage\"},\"thumbnailUrl\":\"https:\\\/\\\/dpress.ma\\\/fr\\\/wp-content\\\/uploads\\\/sites\\\/2\\\/2025\\\/03\\\/dimensions2-92.jpg\",\"datePublished\":\"2025-03-25T11:05:13+00:00\",\"dateModified\":\"2025-03-25T11:05:14+00:00\",\"author\":{\"@id\":\"https:\\\/\\\/dpress.ma\\\/fr\\\/#\\\/schema\\\/person\\\/4898febf3ccd59e6578d838656a306a0\"},\"breadcrumb\":{\"@id\":\"https:\\\/\\\/dpress.ma\\\/fr\\\/2025\\\/03\\\/25\\\/tetouan-hommage-emouvant-a-des-femmes-pionnieres-dans-plusieurs-secteurs\\\/#breadcrumb\"},\"inLanguage\":\"fr-FR\",\"potentialAction\":[{\"@type\":\"ReadAction\",\"target\":[\"https:\\\/\\\/dpress.ma\\\/fr\\\/2025\\\/03\\\/25\\\/tetouan-hommage-emouvant-a-des-femmes-pionnieres-dans-plusieurs-secteurs\\\/\"]}]},{\"@type\":\"ImageObject\",\"inLanguage\":\"fr-FR\",\"@id\":\"https:\\\/\\\/dpress.ma\\\/fr\\\/2025\\\/03\\\/25\\\/tetouan-hommage-emouvant-a-des-femmes-pionnieres-dans-plusieurs-secteurs\\\/#primaryimage\",\"url\":\"https:\\\/\\\/dpress.ma\\\/fr\\\/wp-content\\\/uploads\\\/sites\\\/2\\\/2025\\\/03\\\/dimensions2-92.jpg\",\"contentUrl\":\"https:\\\/\\\/dpress.ma\\\/fr\\\/wp-content\\\/uploads\\\/sites\\\/2\\\/2025\\\/03\\\/dimensions2-92.jpg\",\"width\":2539,\"height\":1594},{\"@type\":\"BreadcrumbList\",\"@id\":\"https:\\\/\\\/dpress.ma\\\/fr\\\/2025\\\/03\\\/25\\\/tetouan-hommage-emouvant-a-des-femmes-pionnieres-dans-plusieurs-secteurs\\\/#breadcrumb\",\"itemListElement\":[{\"@type\":\"ListItem\",\"position\":1,\"name\":\"Home\",\"item\":\"https:\\\/\\\/dpress.ma\\\/fr\\\/\"},{\"@type\":\"ListItem\",\"position\":2,\"name\":\"T\u00e9touan : Hommage \u00e9mouvant \u00e0 des femmes pionni\u00e8res dans plusieurs secteurs\"}]},{\"@type\":\"WebSite\",\"@id\":\"https:\\\/\\\/dpress.ma\\\/fr\\\/#website\",\"url\":\"https:\\\/\\\/dpress.ma\\\/fr\\\/\",\"name\":\"Dpress.ma\\\/fr\",\"description\":\"\",\"potentialAction\":[{\"@type\":\"SearchAction\",\"target\":{\"@type\":\"EntryPoint\",\"urlTemplate\":\"https:\\\/\\\/dpress.ma\\\/fr\\\/?s={search_term_string}\"},\"query-input\":{\"@type\":\"PropertyValueSpecification\",\"valueRequired\":true,\"valueName\":\"search_term_string\"}}],\"inLanguage\":\"fr-FR\"},{\"@type\":\"Person\",\"@id\":\"https:\\\/\\\/dpress.ma\\\/fr\\\/#\\\/schema\\\/person\\\/4898febf3ccd59e6578d838656a306a0\",\"name\":\"Dpress.ma\",\"image\":{\"@type\":\"ImageObject\",\"inLanguage\":\"fr-FR\",\"@id\":\"https:\\\/\\\/secure.gravatar.com\\\/avatar\\\/72ecc30e9db047a2e0e7176561eb9d564ed77c8108376495b19bd8336405198a?s=96&d=mm&r=g\",\"url\":\"https:\\\/\\\/secure.gravatar.com\\\/avatar\\\/72ecc30e9db047a2e0e7176561eb9d564ed77c8108376495b19bd8336405198a?s=96&d=mm&r=g\",\"contentUrl\":\"https:\\\/\\\/secure.gravatar.com\\\/avatar\\\/72ecc30e9db047a2e0e7176561eb9d564ed77c8108376495b19bd8336405198a?s=96&d=mm&r=g\",\"caption\":\"Dpress.ma\"},\"sameAs\":[\"https:\\\/\\\/www.dpress.ma\"],\"url\":\"https:\\\/\\\/dpress.ma\\\/fr\\\/author\\\/dpress-ma\\\/\"}]}<\/script>\n<!-- \/ Yoast SEO plugin. -->","yoast_head_json":{"title":"T\u00e9touan : Hommage \u00e9mouvant \u00e0 des femmes pionni\u00e8res dans plusieurs secteurs - Dpress.ma\/fr","robots":{"index":"index","follow":"follow","max-snippet":"max-snippet:-1","max-image-preview":"max-image-preview:large","max-video-preview":"max-video-preview:-1"},"canonical":"https:\/\/dpress.ma\/fr\/2025\/03\/25\/tetouan-hommage-emouvant-a-des-femmes-pionnieres-dans-plusieurs-secteurs\/","og_locale":"fr_FR","og_type":"article","og_title":"T\u00e9touan : Hommage \u00e9mouvant \u00e0 des femmes pionni\u00e8res dans plusieurs secteurs - Dpress.ma\/fr","og_description":"dpress Un vibrant hommage a \u00e9t\u00e9 rendu, lundi \u00e0 T\u00e9touan, \u00e0 des femmes pionni\u00e8res qui se sont distingu\u00e9es par leurs contributions exceptionnelles dans divers domaines et leur engagement en faveur du d\u00e9veloppement humain, ainsi que de l\u2019\u00e9conomie sociale et solidaire. Pr\u00e9sid\u00e9e par le gouverneur de la province de T\u00e9touan, Abderrazzak Mansouri, en pr\u00e9sence de personnalit\u00e9s &hellip;","og_url":"https:\/\/dpress.ma\/fr\/2025\/03\/25\/tetouan-hommage-emouvant-a-des-femmes-pionnieres-dans-plusieurs-secteurs\/","og_site_name":"Dpress.ma\/fr","article_published_time":"2025-03-25T11:05:13+00:00","article_modified_time":"2025-03-25T11:05:14+00:00","og_image":[{"width":2539,"height":1594,"url":"https:\/\/dpress.ma\/fr\/wp-content\/uploads\/sites\/2\/2025\/03\/dimensions2-92.jpg","type":"image\/jpeg"}],"author":"Dpress.ma","twitter_card":"summary_large_image","twitter_misc":{"\u00c9crit par":"Dpress.ma","Dur\u00e9e de lecture estim\u00e9e":"4 minutes"},"schema":{"@context":"https:\/\/schema.org","@graph":[{"@type":"Article","@id":"https:\/\/dpress.ma\/fr\/2025\/03\/25\/tetouan-hommage-emouvant-a-des-femmes-pionnieres-dans-plusieurs-secteurs\/#article","isPartOf":{"@id":"https:\/\/dpress.ma\/fr\/2025\/03\/25\/tetouan-hommage-emouvant-a-des-femmes-pionnieres-dans-plusieurs-secteurs\/"},"author":{"name":"Dpress.ma","@id":"https:\/\/dpress.ma\/fr\/#\/schema\/person\/4898febf3ccd59e6578d838656a306a0"},"headline":"T\u00e9touan : Hommage \u00e9mouvant \u00e0 des femmes pionni\u00e8res dans plusieurs secteurs","datePublished":"2025-03-25T11:05:13+00:00","dateModified":"2025-03-25T11:05:14+00:00","mainEntityOfPage":{"@id":"https:\/\/dpress.ma\/fr\/2025\/03\/25\/tetouan-hommage-emouvant-a-des-femmes-pionnieres-dans-plusieurs-secteurs\/"},"wordCount":659,"commentCount":0,"image":{"@id":"https:\/\/dpress.ma\/fr\/2025\/03\/25\/tetouan-hommage-emouvant-a-des-femmes-pionnieres-dans-plusieurs-secteurs\/#primaryimage"},"thumbnailUrl":"https:\/\/dpress.ma\/fr\/wp-content\/uploads\/sites\/2\/2025\/03\/dimensions2-92.jpg","articleSection":["societe et regions"],"inLanguage":"fr-FR","potentialAction":[{"@type":"CommentAction","name":"Comment","target":["https:\/\/dpress.ma\/fr\/2025\/03\/25\/tetouan-hommage-emouvant-a-des-femmes-pionnieres-dans-plusieurs-secteurs\/#respond"]}]},{"@type":"WebPage","@id":"https:\/\/dpress.ma\/fr\/2025\/03\/25\/tetouan-hommage-emouvant-a-des-femmes-pionnieres-dans-plusieurs-secteurs\/","url":"https:\/\/dpress.ma\/fr\/2025\/03\/25\/tetouan-hommage-emouvant-a-des-femmes-pionnieres-dans-plusieurs-secteurs\/","name":"T\u00e9touan : Hommage \u00e9mouvant \u00e0 des femmes pionni\u00e8res dans plusieurs secteurs - Dpress.ma\/fr","isPartOf":{"@id":"https:\/\/dpress.ma\/fr\/#website"},"primaryImageOfPage":{"@id":"https:\/\/dpress.ma\/fr\/2025\/03\/25\/tetouan-hommage-emouvant-a-des-femmes-pionnieres-dans-plusieurs-secteurs\/#primaryimage"},"image":{"@id":"https:\/\/dpress.ma\/fr\/2025\/03\/25\/tetouan-hommage-emouvant-a-des-femmes-pionnieres-dans-plusieurs-secteurs\/#primaryimage"},"thumbnailUrl":"https:\/\/dpress.ma\/fr\/wp-content\/uploads\/sites\/2\/2025\/03\/dimensions2-92.jpg","datePublished":"2025-03-25T11:05:13+00:00","dateModified":"2025-03-25T11:05:14+00:00","author":{"@id":"https:\/\/dpress.ma\/fr\/#\/schema\/person\/4898febf3ccd59e6578d838656a306a0"},"breadcrumb":{"@id":"https:\/\/dpress.ma\/fr\/2025\/03\/25\/tetouan-hommage-emouvant-a-des-femmes-pionnieres-dans-plusieurs-secteurs\/#breadcrumb"},"inLanguage":"fr-FR","potentialAction":[{"@type":"ReadAction","target":["https:\/\/dpress.ma\/fr\/2025\/03\/25\/tetouan-hommage-emouvant-a-des-femmes-pionnieres-dans-plusieurs-secteurs\/"]}]},{"@type":"ImageObject","inLanguage":"fr-FR","@id":"https:\/\/dpress.ma\/fr\/2025\/03\/25\/tetouan-hommage-emouvant-a-des-femmes-pionnieres-dans-plusieurs-secteurs\/#primaryimage","url":"https:\/\/dpress.ma\/fr\/wp-content\/uploads\/sites\/2\/2025\/03\/dimensions2-92.jpg","contentUrl":"https:\/\/dpress.ma\/fr\/wp-content\/uploads\/sites\/2\/2025\/03\/dimensions2-92.jpg","width":2539,"height":1594},{"@type":"BreadcrumbList","@id":"https:\/\/dpress.ma\/fr\/2025\/03\/25\/tetouan-hommage-emouvant-a-des-femmes-pionnieres-dans-plusieurs-secteurs\/#breadcrumb","itemListElement":[{"@type":"ListItem","position":1,"name":"Home","item":"https:\/\/dpress.ma\/fr\/"},{"@type":"ListItem","position":2,"name":"T\u00e9touan : Hommage \u00e9mouvant \u00e0 des femmes pionni\u00e8res dans plusieurs secteurs"}]},{"@type":"WebSite","@id":"https:\/\/dpress.ma\/fr\/#website","url":"https:\/\/dpress.ma\/fr\/","name":"Dpress.ma\/fr","description":"","potentialAction":[{"@type":"SearchAction","target":{"@type":"EntryPoint","urlTemplate":"https:\/\/dpress.ma\/fr\/?s={search_term_string}"},"query-input":{"@type":"PropertyValueSpecification","valueRequired":true,"valueName":"search_term_string"}}],"inLanguage":"fr-FR"},{"@type":"Person","@id":"https:\/\/dpress.ma\/fr\/#\/schema\/person\/4898febf3ccd59e6578d838656a306a0","name":"Dpress.ma","image":{"@type":"ImageObject","inLanguage":"fr-FR","@id":"https:\/\/secure.gravatar.com\/avatar\/72ecc30e9db047a2e0e7176561eb9d564ed77c8108376495b19bd8336405198a?s=96&d=mm&r=g","url":"https:\/\/secure.gravatar.com\/avatar\/72ecc30e9db047a2e0e7176561eb9d564ed77c8108376495b19bd8336405198a?s=96&d=mm&r=g","contentUrl":"https:\/\/secure.gravatar.com\/avatar\/72ecc30e9db047a2e0e7176561eb9d564ed77c8108376495b19bd8336405198a?s=96&d=mm&r=g","caption":"Dpress.ma"},"sameAs":["https:\/\/www.dpress.ma"],"url":"https:\/\/dpress.ma\/fr\/author\/dpress-ma\/"}]}},"amp_enabled":true,"_links":{"self":[{"href":"https:\/\/dpress.ma\/fr\/wp-json\/wp\/v2\/posts\/13433","targetHints":{"allow":["GET"]}}],"collection":[{"href":"https:\/\/dpress.ma\/fr\/wp-json\/wp\/v2\/posts"}],"about":[{"href":"https:\/\/dpress.ma\/fr\/wp-json\/wp\/v2\/types\/post"}],"author":[{"embeddable":true,"href":"https:\/\/dpress.ma\/fr\/wp-json\/wp\/v2\/users\/2"}],"replies":[{"embeddable":true,"href":"https:\/\/dpress.ma\/fr\/wp-json\/wp\/v2\/comments?post=13433"}],"version-history":[{"count":1,"href":"https:\/\/dpress.ma\/fr\/wp-json\/wp\/v2\/posts\/13433\/revisions"}],"predecessor-version":[{"id":13435,"href":"https:\/\/dpress.ma\/fr\/wp-json\/wp\/v2\/posts\/13433\/revisions\/13435"}],"wp:featuredmedia":[{"embeddable":true,"href":"https:\/\/dpress.ma\/fr\/wp-json\/wp\/v2\/media\/13434"}],"wp:attachment":[{"href":"https:\/\/dpress.ma\/fr\/wp-json\/wp\/v2\/media?parent=13433"}],"wp:term":[{"taxonomy":"category","embeddable":true,"href":"https:\/\/dpress.ma\/fr\/wp-json\/wp\/v2\/categories?post=13433"},{"taxonomy":"post_tag","embeddable":true,"href":"https:\/\/dpress.ma\/fr\/wp-json\/wp\/v2\/tags?post=13433"}],"curies":[{"name":"wp","href":"https:\/\/api.w.org\/{rel}","templated":true}]}}