{"id":13430,"date":"2025-03-25T10:58:09","date_gmt":"2025-03-25T10:58:09","guid":{"rendered":"https:\/\/dpress.ma\/fr\/?p=13430"},"modified":"2025-03-25T10:58:19","modified_gmt":"2025-03-25T10:58:19","slug":"el-jadida-lindh-en-soutien-aux-femmes-et-filles-en-situation-de-precarite","status":"publish","type":"post","link":"https:\/\/dpress.ma\/fr\/2025\/03\/25\/el-jadida-lindh-en-soutien-aux-femmes-et-filles-en-situation-de-precarite\/","title":{"rendered":"El Jadida : L\u2019INDH en soutien aux femmes et filles en situation de pr\u00e9carit\u00e9"},"content":{"rendered":"\n<p class=\"wp-block-paragraph\">dpress<\/p>\n\n\n\n<p class=\"wp-block-paragraph\">L\u2019Initiative Nationale pour le D\u00e9veloppement Humain (INDH) \u00e0 travers le Comit\u00e9 provincial de d\u00e9veloppement humain \u00e0 El Jadida, accorde un int\u00e9r\u00eat particulier \u00e0 l\u2019am\u00e9lioration des conditions de vie des femmes et des filles en situation de pr\u00e9carit\u00e9 et ce, \u00e0 l\u2019appui de programmes favorisant leur qualification ainsi que leur employabilit\u00e9.<\/p>\n\n\n\n<p class=\"wp-block-paragraph\">Objectif : promouvoir leur autonomisation socio-\u00e9conomique dans le cadre du troisi\u00e8me programme de l\u2019INDH ax\u00e9 sur l\u2019am\u00e9lioration de leur revenu et leur insertion \u00e9conomique.<\/p>\n\n\n\n<p class=\"wp-block-paragraph\">Et c\u2019est d\u2019ailleurs dans ce registre que s\u2019inscrivent les visites effectu\u00e9es lundi au Centre multidisciplinaire \u00e0 Bir Jdid ainsi que le Centre de qualification professionnelle d\u2019Azemmour, tous deux b\u00e9n\u00e9ficiaires du financement de l\u2019INDH sur les plans de la r\u00e9habilitation et l\u2019\u00e9quipement.<\/p>\n\n\n\n<p class=\"wp-block-paragraph\">Dans une d\u00e9claration \u00e0 la MAP, Khalil Ahl Ben Taleb, responsable au sein de la division de l\u2019action sociale \u00e0 la pr\u00e9fecture de la province d\u2019El Jadida, a soulign\u00e9 l\u2019importance accord\u00e9e par l\u2019INDH aux projets port\u00e9s par les femmes, faisant \u00e9tat de la r\u00e9habilitation et l\u2019\u00e9quipement du Centre multidisciplinaire \u00e0 Bir Jdid pour un co\u00fbt de 1,75 millions de dirhams dont une contribution de l\u2019INDH de l\u2019ordre d\u2019environ 600.000 dirhams.<\/p>\n\n\n\n<p class=\"wp-block-paragraph\">Tout comme le cas du Centre de qualification professionnelle d\u2019Azemmour qui a \u00e9t\u00e9 r\u00e9habilit\u00e9 et \u00e9quip\u00e9 pour un co\u00fbt de 341.000 dirhams, a-t-il r\u00e9v\u00e9l\u00e9, avant de noter que les deux centres s\u2019investissent dans la formation des femmes et des jeunes filles facilitant leur acc\u00e8s au march\u00e9 du travail.<\/p>\n\n\n\n<p class=\"wp-block-paragraph\">Pour sa part, la directrice du Centre d\u2019\u00e9ducation et de formation et du Centre multidisciplinaire \u00e0 Bir Jdid, Fatna Hoummani, a fait savoir que ce centre encadre et forme les femmes et les filles issues de cette localit\u00e9 ainsi que les villages avoisinants et ce, dans les domaines de la couture traditionnelle, la coiffure, la p\u00e2tisserie ou encore l\u2019informatique.<\/p>\n\n\n\n<p class=\"wp-block-paragraph\">Et d\u2019ajouter, dans une d\u00e9claration similaire, que ce centre a b\u00e9n\u00e9fici\u00e9 d\u2019un financement de l\u2019INDH utilis\u00e9 dans la r\u00e9habilitation et l\u2019\u00e9quipement des ateliers de formation, ce qui a permis aux b\u00e9n\u00e9ficiaires de perfectionner leurs comp\u00e9tences et trouver facilement un emploi dans leur sp\u00e9cialit\u00e9.<\/p>\n\n\n\n<p class=\"wp-block-paragraph\">Autre d\u00e9claration recueillie par la MAP, celle de la directrice du centre de qualification professionnelle, \u00e9galement pr\u00e9sidente de l\u2019association provinciale de la petite enfance, de l\u2019\u00e9ducation et de la formation \u00e0 Azemmour, Jamila Nakri, qui a pr\u00e9cis\u00e9 que ce centre forme les femmes divorc\u00e9es, veuves ainsi que les filles en d\u00e9crochage scolaire dans les domaines de la gastronomie, la p\u00e2tisserie, la couture et l\u2019informatique. Et ce, gr\u00e2ce au financement de l\u2019INDH qui a permis d\u2019acqu\u00e9rir des machines \u00e0 coudre et divers \u00e9quipements de cuisine.<\/p>\n\n\n\n<p class=\"wp-block-paragraph\">Autant de projets financ\u00e9s par l\u2019INDH qui ont, de fil en aiguille, permis aux femmes et filles b\u00e9n\u00e9ficiaires de s\u2019affranchir de la pauvret\u00e9 par un travail hautement valorisant.<\/p>\n","protected":false},"excerpt":{"rendered":"<p>dpress L\u2019Initiative Nationale pour le D\u00e9veloppement Humain (INDH) \u00e0 travers le Comit\u00e9 provincial de d\u00e9veloppement humain \u00e0 El Jadida, accorde un int\u00e9r\u00eat particulier \u00e0 l\u2019am\u00e9lioration des conditions de vie des femmes et des filles en situation de pr\u00e9carit\u00e9 et ce, \u00e0 l\u2019appui de programmes favorisant leur qualification ainsi que leur employabilit\u00e9. Objectif : promouvoir leur &hellip;<\/p>\n","protected":false},"author":2,"featured_media":13431,"comment_status":"open","ping_status":"open","sticky":false,"template":"","format":"standard","meta":{"footnotes":""},"categories":[40],"tags":[],"class_list":["post-13430","post","type-post","status-publish","format-standard","has-post-thumbnail","hentry","category-societe-et-regions"],"yoast_head":"<!-- This site is optimized with the Yoast SEO plugin v28.0 - https:\/\/yoast.com\/product\/yoast-seo-wordpress\/ -->\n<title>El Jadida : L\u2019INDH en soutien aux femmes et filles en situation de pr\u00e9carit\u00e9 - Dpress.ma\/fr<\/title>\n<meta name=\"robots\" content=\"index, follow, max-snippet:-1, max-image-preview:large, max-video-preview:-1\" \/>\n<link rel=\"canonical\" href=\"https:\/\/dpress.ma\/fr\/2025\/03\/25\/el-jadida-lindh-en-soutien-aux-femmes-et-filles-en-situation-de-precarite\/\" \/>\n<meta property=\"og:locale\" content=\"fr_FR\" \/>\n<meta property=\"og:type\" content=\"article\" \/>\n<meta property=\"og:title\" content=\"El Jadida : L\u2019INDH en soutien aux femmes et filles en situation de pr\u00e9carit\u00e9 - Dpress.ma\/fr\" \/>\n<meta property=\"og:description\" content=\"dpress L\u2019Initiative Nationale pour le D\u00e9veloppement Humain (INDH) \u00e0 travers le Comit\u00e9 provincial de d\u00e9veloppement humain \u00e0 El Jadida, accorde un int\u00e9r\u00eat particulier \u00e0 l\u2019am\u00e9lioration des conditions de vie des femmes et des filles en situation de pr\u00e9carit\u00e9 et ce, \u00e0 l\u2019appui de programmes favorisant leur qualification ainsi que leur employabilit\u00e9. Objectif : promouvoir leur &hellip;\" \/>\n<meta property=\"og:url\" content=\"https:\/\/dpress.ma\/fr\/2025\/03\/25\/el-jadida-lindh-en-soutien-aux-femmes-et-filles-en-situation-de-precarite\/\" \/>\n<meta property=\"og:site_name\" content=\"Dpress.ma\/fr\" \/>\n<meta property=\"article:published_time\" content=\"2025-03-25T10:58:09+00:00\" \/>\n<meta property=\"article:modified_time\" content=\"2025-03-25T10:58:19+00:00\" \/>\n<meta property=\"og:image\" content=\"https:\/\/dpress.ma\/fr\/wp-content\/uploads\/sites\/2\/2025\/03\/dimensions2-91.jpg\" \/>\n\t<meta property=\"og:image:width\" content=\"2539\" \/>\n\t<meta property=\"og:image:height\" content=\"1594\" \/>\n\t<meta property=\"og:image:type\" content=\"image\/jpeg\" \/>\n<meta name=\"author\" content=\"Dpress.ma\" \/>\n<meta name=\"twitter:card\" content=\"summary_large_image\" \/>\n<meta name=\"twitter:label1\" content=\"\u00c9crit par\" \/>\n\t<meta name=\"twitter:data1\" content=\"Dpress.ma\" \/>\n\t<meta name=\"twitter:label2\" content=\"Dur\u00e9e de lecture estim\u00e9e\" \/>\n\t<meta name=\"twitter:data2\" content=\"3 minutes\" \/>\n<script type=\"application\/ld+json\" class=\"yoast-schema-graph\">{\"@context\":\"https:\\\/\\\/schema.org\",\"@graph\":[{\"@type\":\"Article\",\"@id\":\"https:\\\/\\\/dpress.ma\\\/fr\\\/2025\\\/03\\\/25\\\/el-jadida-lindh-en-soutien-aux-femmes-et-filles-en-situation-de-precarite\\\/#article\",\"isPartOf\":{\"@id\":\"https:\\\/\\\/dpress.ma\\\/fr\\\/2025\\\/03\\\/25\\\/el-jadida-lindh-en-soutien-aux-femmes-et-filles-en-situation-de-precarite\\\/\"},\"author\":{\"name\":\"Dpress.ma\",\"@id\":\"https:\\\/\\\/dpress.ma\\\/fr\\\/#\\\/schema\\\/person\\\/4898febf3ccd59e6578d838656a306a0\"},\"headline\":\"El Jadida : L\u2019INDH en soutien aux femmes et filles en situation de pr\u00e9carit\u00e9\",\"datePublished\":\"2025-03-25T10:58:09+00:00\",\"dateModified\":\"2025-03-25T10:58:19+00:00\",\"mainEntityOfPage\":{\"@id\":\"https:\\\/\\\/dpress.ma\\\/fr\\\/2025\\\/03\\\/25\\\/el-jadida-lindh-en-soutien-aux-femmes-et-filles-en-situation-de-precarite\\\/\"},\"wordCount\":526,\"commentCount\":0,\"image\":{\"@id\":\"https:\\\/\\\/dpress.ma\\\/fr\\\/2025\\\/03\\\/25\\\/el-jadida-lindh-en-soutien-aux-femmes-et-filles-en-situation-de-precarite\\\/#primaryimage\"},\"thumbnailUrl\":\"https:\\\/\\\/dpress.ma\\\/fr\\\/wp-content\\\/uploads\\\/sites\\\/2\\\/2025\\\/03\\\/dimensions2-91.jpg\",\"articleSection\":[\"societe et regions\"],\"inLanguage\":\"fr-FR\",\"potentialAction\":[{\"@type\":\"CommentAction\",\"name\":\"Comment\",\"target\":[\"https:\\\/\\\/dpress.ma\\\/fr\\\/2025\\\/03\\\/25\\\/el-jadida-lindh-en-soutien-aux-femmes-et-filles-en-situation-de-precarite\\\/#respond\"]}]},{\"@type\":\"WebPage\",\"@id\":\"https:\\\/\\\/dpress.ma\\\/fr\\\/2025\\\/03\\\/25\\\/el-jadida-lindh-en-soutien-aux-femmes-et-filles-en-situation-de-precarite\\\/\",\"url\":\"https:\\\/\\\/dpress.ma\\\/fr\\\/2025\\\/03\\\/25\\\/el-jadida-lindh-en-soutien-aux-femmes-et-filles-en-situation-de-precarite\\\/\",\"name\":\"El Jadida : L\u2019INDH en soutien aux femmes et filles en situation de pr\u00e9carit\u00e9 - Dpress.ma\\\/fr\",\"isPartOf\":{\"@id\":\"https:\\\/\\\/dpress.ma\\\/fr\\\/#website\"},\"primaryImageOfPage\":{\"@id\":\"https:\\\/\\\/dpress.ma\\\/fr\\\/2025\\\/03\\\/25\\\/el-jadida-lindh-en-soutien-aux-femmes-et-filles-en-situation-de-precarite\\\/#primaryimage\"},\"image\":{\"@id\":\"https:\\\/\\\/dpress.ma\\\/fr\\\/2025\\\/03\\\/25\\\/el-jadida-lindh-en-soutien-aux-femmes-et-filles-en-situation-de-precarite\\\/#primaryimage\"},\"thumbnailUrl\":\"https:\\\/\\\/dpress.ma\\\/fr\\\/wp-content\\\/uploads\\\/sites\\\/2\\\/2025\\\/03\\\/dimensions2-91.jpg\",\"datePublished\":\"2025-03-25T10:58:09+00:00\",\"dateModified\":\"2025-03-25T10:58:19+00:00\",\"author\":{\"@id\":\"https:\\\/\\\/dpress.ma\\\/fr\\\/#\\\/schema\\\/person\\\/4898febf3ccd59e6578d838656a306a0\"},\"breadcrumb\":{\"@id\":\"https:\\\/\\\/dpress.ma\\\/fr\\\/2025\\\/03\\\/25\\\/el-jadida-lindh-en-soutien-aux-femmes-et-filles-en-situation-de-precarite\\\/#breadcrumb\"},\"inLanguage\":\"fr-FR\",\"potentialAction\":[{\"@type\":\"ReadAction\",\"target\":[\"https:\\\/\\\/dpress.ma\\\/fr\\\/2025\\\/03\\\/25\\\/el-jadida-lindh-en-soutien-aux-femmes-et-filles-en-situation-de-precarite\\\/\"]}]},{\"@type\":\"ImageObject\",\"inLanguage\":\"fr-FR\",\"@id\":\"https:\\\/\\\/dpress.ma\\\/fr\\\/2025\\\/03\\\/25\\\/el-jadida-lindh-en-soutien-aux-femmes-et-filles-en-situation-de-precarite\\\/#primaryimage\",\"url\":\"https:\\\/\\\/dpress.ma\\\/fr\\\/wp-content\\\/uploads\\\/sites\\\/2\\\/2025\\\/03\\\/dimensions2-91.jpg\",\"contentUrl\":\"https:\\\/\\\/dpress.ma\\\/fr\\\/wp-content\\\/uploads\\\/sites\\\/2\\\/2025\\\/03\\\/dimensions2-91.jpg\",\"width\":2539,\"height\":1594},{\"@type\":\"BreadcrumbList\",\"@id\":\"https:\\\/\\\/dpress.ma\\\/fr\\\/2025\\\/03\\\/25\\\/el-jadida-lindh-en-soutien-aux-femmes-et-filles-en-situation-de-precarite\\\/#breadcrumb\",\"itemListElement\":[{\"@type\":\"ListItem\",\"position\":1,\"name\":\"Home\",\"item\":\"https:\\\/\\\/dpress.ma\\\/fr\\\/\"},{\"@type\":\"ListItem\",\"position\":2,\"name\":\"El Jadida : L\u2019INDH en soutien aux femmes et filles en situation de pr\u00e9carit\u00e9\"}]},{\"@type\":\"WebSite\",\"@id\":\"https:\\\/\\\/dpress.ma\\\/fr\\\/#website\",\"url\":\"https:\\\/\\\/dpress.ma\\\/fr\\\/\",\"name\":\"Dpress.ma\\\/fr\",\"description\":\"\",\"potentialAction\":[{\"@type\":\"SearchAction\",\"target\":{\"@type\":\"EntryPoint\",\"urlTemplate\":\"https:\\\/\\\/dpress.ma\\\/fr\\\/?s={search_term_string}\"},\"query-input\":{\"@type\":\"PropertyValueSpecification\",\"valueRequired\":true,\"valueName\":\"search_term_string\"}}],\"inLanguage\":\"fr-FR\"},{\"@type\":\"Person\",\"@id\":\"https:\\\/\\\/dpress.ma\\\/fr\\\/#\\\/schema\\\/person\\\/4898febf3ccd59e6578d838656a306a0\",\"name\":\"Dpress.ma\",\"image\":{\"@type\":\"ImageObject\",\"inLanguage\":\"fr-FR\",\"@id\":\"https:\\\/\\\/secure.gravatar.com\\\/avatar\\\/72ecc30e9db047a2e0e7176561eb9d564ed77c8108376495b19bd8336405198a?s=96&d=mm&r=g\",\"url\":\"https:\\\/\\\/secure.gravatar.com\\\/avatar\\\/72ecc30e9db047a2e0e7176561eb9d564ed77c8108376495b19bd8336405198a?s=96&d=mm&r=g\",\"contentUrl\":\"https:\\\/\\\/secure.gravatar.com\\\/avatar\\\/72ecc30e9db047a2e0e7176561eb9d564ed77c8108376495b19bd8336405198a?s=96&d=mm&r=g\",\"caption\":\"Dpress.ma\"},\"sameAs\":[\"https:\\\/\\\/www.dpress.ma\"],\"url\":\"https:\\\/\\\/dpress.ma\\\/fr\\\/author\\\/dpress-ma\\\/\"}]}<\/script>\n<!-- \/ Yoast SEO plugin. -->","yoast_head_json":{"title":"El Jadida : L\u2019INDH en soutien aux femmes et filles en situation de pr\u00e9carit\u00e9 - Dpress.ma\/fr","robots":{"index":"index","follow":"follow","max-snippet":"max-snippet:-1","max-image-preview":"max-image-preview:large","max-video-preview":"max-video-preview:-1"},"canonical":"https:\/\/dpress.ma\/fr\/2025\/03\/25\/el-jadida-lindh-en-soutien-aux-femmes-et-filles-en-situation-de-precarite\/","og_locale":"fr_FR","og_type":"article","og_title":"El Jadida : L\u2019INDH en soutien aux femmes et filles en situation de pr\u00e9carit\u00e9 - Dpress.ma\/fr","og_description":"dpress L\u2019Initiative Nationale pour le D\u00e9veloppement Humain (INDH) \u00e0 travers le Comit\u00e9 provincial de d\u00e9veloppement humain \u00e0 El Jadida, accorde un int\u00e9r\u00eat particulier \u00e0 l\u2019am\u00e9lioration des conditions de vie des femmes et des filles en situation de pr\u00e9carit\u00e9 et ce, \u00e0 l\u2019appui de programmes favorisant leur qualification ainsi que leur employabilit\u00e9. Objectif : promouvoir leur &hellip;","og_url":"https:\/\/dpress.ma\/fr\/2025\/03\/25\/el-jadida-lindh-en-soutien-aux-femmes-et-filles-en-situation-de-precarite\/","og_site_name":"Dpress.ma\/fr","article_published_time":"2025-03-25T10:58:09+00:00","article_modified_time":"2025-03-25T10:58:19+00:00","og_image":[{"width":2539,"height":1594,"url":"https:\/\/dpress.ma\/fr\/wp-content\/uploads\/sites\/2\/2025\/03\/dimensions2-91.jpg","type":"image\/jpeg"}],"author":"Dpress.ma","twitter_card":"summary_large_image","twitter_misc":{"\u00c9crit par":"Dpress.ma","Dur\u00e9e de lecture estim\u00e9e":"3 minutes"},"schema":{"@context":"https:\/\/schema.org","@graph":[{"@type":"Article","@id":"https:\/\/dpress.ma\/fr\/2025\/03\/25\/el-jadida-lindh-en-soutien-aux-femmes-et-filles-en-situation-de-precarite\/#article","isPartOf":{"@id":"https:\/\/dpress.ma\/fr\/2025\/03\/25\/el-jadida-lindh-en-soutien-aux-femmes-et-filles-en-situation-de-precarite\/"},"author":{"name":"Dpress.ma","@id":"https:\/\/dpress.ma\/fr\/#\/schema\/person\/4898febf3ccd59e6578d838656a306a0"},"headline":"El Jadida : L\u2019INDH en soutien aux femmes et filles en situation de pr\u00e9carit\u00e9","datePublished":"2025-03-25T10:58:09+00:00","dateModified":"2025-03-25T10:58:19+00:00","mainEntityOfPage":{"@id":"https:\/\/dpress.ma\/fr\/2025\/03\/25\/el-jadida-lindh-en-soutien-aux-femmes-et-filles-en-situation-de-precarite\/"},"wordCount":526,"commentCount":0,"image":{"@id":"https:\/\/dpress.ma\/fr\/2025\/03\/25\/el-jadida-lindh-en-soutien-aux-femmes-et-filles-en-situation-de-precarite\/#primaryimage"},"thumbnailUrl":"https:\/\/dpress.ma\/fr\/wp-content\/uploads\/sites\/2\/2025\/03\/dimensions2-91.jpg","articleSection":["societe et regions"],"inLanguage":"fr-FR","potentialAction":[{"@type":"CommentAction","name":"Comment","target":["https:\/\/dpress.ma\/fr\/2025\/03\/25\/el-jadida-lindh-en-soutien-aux-femmes-et-filles-en-situation-de-precarite\/#respond"]}]},{"@type":"WebPage","@id":"https:\/\/dpress.ma\/fr\/2025\/03\/25\/el-jadida-lindh-en-soutien-aux-femmes-et-filles-en-situation-de-precarite\/","url":"https:\/\/dpress.ma\/fr\/2025\/03\/25\/el-jadida-lindh-en-soutien-aux-femmes-et-filles-en-situation-de-precarite\/","name":"El Jadida : L\u2019INDH en soutien aux femmes et filles en situation de pr\u00e9carit\u00e9 - Dpress.ma\/fr","isPartOf":{"@id":"https:\/\/dpress.ma\/fr\/#website"},"primaryImageOfPage":{"@id":"https:\/\/dpress.ma\/fr\/2025\/03\/25\/el-jadida-lindh-en-soutien-aux-femmes-et-filles-en-situation-de-precarite\/#primaryimage"},"image":{"@id":"https:\/\/dpress.ma\/fr\/2025\/03\/25\/el-jadida-lindh-en-soutien-aux-femmes-et-filles-en-situation-de-precarite\/#primaryimage"},"thumbnailUrl":"https:\/\/dpress.ma\/fr\/wp-content\/uploads\/sites\/2\/2025\/03\/dimensions2-91.jpg","datePublished":"2025-03-25T10:58:09+00:00","dateModified":"2025-03-25T10:58:19+00:00","author":{"@id":"https:\/\/dpress.ma\/fr\/#\/schema\/person\/4898febf3ccd59e6578d838656a306a0"},"breadcrumb":{"@id":"https:\/\/dpress.ma\/fr\/2025\/03\/25\/el-jadida-lindh-en-soutien-aux-femmes-et-filles-en-situation-de-precarite\/#breadcrumb"},"inLanguage":"fr-FR","potentialAction":[{"@type":"ReadAction","target":["https:\/\/dpress.ma\/fr\/2025\/03\/25\/el-jadida-lindh-en-soutien-aux-femmes-et-filles-en-situation-de-precarite\/"]}]},{"@type":"ImageObject","inLanguage":"fr-FR","@id":"https:\/\/dpress.ma\/fr\/2025\/03\/25\/el-jadida-lindh-en-soutien-aux-femmes-et-filles-en-situation-de-precarite\/#primaryimage","url":"https:\/\/dpress.ma\/fr\/wp-content\/uploads\/sites\/2\/2025\/03\/dimensions2-91.jpg","contentUrl":"https:\/\/dpress.ma\/fr\/wp-content\/uploads\/sites\/2\/2025\/03\/dimensions2-91.jpg","width":2539,"height":1594},{"@type":"BreadcrumbList","@id":"https:\/\/dpress.ma\/fr\/2025\/03\/25\/el-jadida-lindh-en-soutien-aux-femmes-et-filles-en-situation-de-precarite\/#breadcrumb","itemListElement":[{"@type":"ListItem","position":1,"name":"Home","item":"https:\/\/dpress.ma\/fr\/"},{"@type":"ListItem","position":2,"name":"El Jadida : L\u2019INDH en soutien aux femmes et filles en situation de pr\u00e9carit\u00e9"}]},{"@type":"WebSite","@id":"https:\/\/dpress.ma\/fr\/#website","url":"https:\/\/dpress.ma\/fr\/","name":"Dpress.ma\/fr","description":"","potentialAction":[{"@type":"SearchAction","target":{"@type":"EntryPoint","urlTemplate":"https:\/\/dpress.ma\/fr\/?s={search_term_string}"},"query-input":{"@type":"PropertyValueSpecification","valueRequired":true,"valueName":"search_term_string"}}],"inLanguage":"fr-FR"},{"@type":"Person","@id":"https:\/\/dpress.ma\/fr\/#\/schema\/person\/4898febf3ccd59e6578d838656a306a0","name":"Dpress.ma","image":{"@type":"ImageObject","inLanguage":"fr-FR","@id":"https:\/\/secure.gravatar.com\/avatar\/72ecc30e9db047a2e0e7176561eb9d564ed77c8108376495b19bd8336405198a?s=96&d=mm&r=g","url":"https:\/\/secure.gravatar.com\/avatar\/72ecc30e9db047a2e0e7176561eb9d564ed77c8108376495b19bd8336405198a?s=96&d=mm&r=g","contentUrl":"https:\/\/secure.gravatar.com\/avatar\/72ecc30e9db047a2e0e7176561eb9d564ed77c8108376495b19bd8336405198a?s=96&d=mm&r=g","caption":"Dpress.ma"},"sameAs":["https:\/\/www.dpress.ma"],"url":"https:\/\/dpress.ma\/fr\/author\/dpress-ma\/"}]}},"amp_enabled":true,"_links":{"self":[{"href":"https:\/\/dpress.ma\/fr\/wp-json\/wp\/v2\/posts\/13430","targetHints":{"allow":["GET"]}}],"collection":[{"href":"https:\/\/dpress.ma\/fr\/wp-json\/wp\/v2\/posts"}],"about":[{"href":"https:\/\/dpress.ma\/fr\/wp-json\/wp\/v2\/types\/post"}],"author":[{"embeddable":true,"href":"https:\/\/dpress.ma\/fr\/wp-json\/wp\/v2\/users\/2"}],"replies":[{"embeddable":true,"href":"https:\/\/dpress.ma\/fr\/wp-json\/wp\/v2\/comments?post=13430"}],"version-history":[{"count":1,"href":"https:\/\/dpress.ma\/fr\/wp-json\/wp\/v2\/posts\/13430\/revisions"}],"predecessor-version":[{"id":13432,"href":"https:\/\/dpress.ma\/fr\/wp-json\/wp\/v2\/posts\/13430\/revisions\/13432"}],"wp:featuredmedia":[{"embeddable":true,"href":"https:\/\/dpress.ma\/fr\/wp-json\/wp\/v2\/media\/13431"}],"wp:attachment":[{"href":"https:\/\/dpress.ma\/fr\/wp-json\/wp\/v2\/media?parent=13430"}],"wp:term":[{"taxonomy":"category","embeddable":true,"href":"https:\/\/dpress.ma\/fr\/wp-json\/wp\/v2\/categories?post=13430"},{"taxonomy":"post_tag","embeddable":true,"href":"https:\/\/dpress.ma\/fr\/wp-json\/wp\/v2\/tags?post=13430"}],"curies":[{"name":"wp","href":"https:\/\/api.w.org\/{rel}","templated":true}]}}