{"id":13421,"date":"2025-03-25T10:30:00","date_gmt":"2025-03-25T10:30:00","guid":{"rendered":"https:\/\/dpress.ma\/fr\/?p=13421"},"modified":"2025-03-25T10:30:01","modified_gmt":"2025-03-25T10:30:01","slug":"guercif-indh-distribution-de-machines-et-equipements-modernes-de-couture-et-de-broderie-aux-centres-de-formation-et-deducation","status":"publish","type":"post","link":"https:\/\/dpress.ma\/fr\/2025\/03\/25\/guercif-indh-distribution-de-machines-et-equipements-modernes-de-couture-et-de-broderie-aux-centres-de-formation-et-deducation\/","title":{"rendered":"Guercif\/INDH : Distribution de machines et \u00e9quipements modernes de couture et de broderie aux centres de formation et d&rsquo;\u00e9ducation"},"content":{"rendered":"\n<p class=\"wp-block-paragraph\">dpress<\/p>\n\n\n\n<p class=\"wp-block-paragraph\">Une c\u00e9r\u00e9monie de remise de machines et \u00e9quipements modernes \u00e0 coudre et \u00e0 broder aux centres d\u2019\u00e9ducation et de formation de la province de Guercif a eu lieu, lundi au si\u00e8ge de la province, dans le cadre de l\u2019Initiative nationale pour le d\u00e9veloppement humain (INDH).<\/p>\n\n\n\n<p class=\"wp-block-paragraph\">Cette c\u00e9r\u00e9monie, pr\u00e9sid\u00e9e par le Gouverneur de la province, Abdeslam El Hattach, en pr\u00e9sence des membres du Comit\u00e9 provincial de d\u00e9veloppement humain (CPDH), de chefs de services ext\u00e9rieurs, d\u2019\u00e9lus et de repr\u00e9sentants des associations en charge de la gestion des centres b\u00e9n\u00e9ficiaires, s\u2019inscrit dans le cadre des efforts de l\u2019INDH visant \u00e0 soutenir les cat\u00e9gories vuln\u00e9rables et les femmes en situation difficile.<\/p>\n\n\n\n<p class=\"wp-block-paragraph\">Cette op\u00e9ration, marqu\u00e9e par la distribution de 104 machines \u00e0 coudre et \u00e0 broder modernes \u00e0 huit centres d\u2019\u00e9ducation et de formation, traduit l\u2019engagement de l\u2019INDH \u00e0 mettre en \u0153uvre des programmes qui r\u00e9pondent aux besoins des groupes cibles, sur la base d\u2019une vision int\u00e9gr\u00e9e ax\u00e9e sur la r\u00e9alisation de l\u2019inclusion sociale et \u00e9conomique comme levier cl\u00e9 pour parvenir \u00e0 un d\u00e9veloppement durable et global.<\/p>\n\n\n\n<p class=\"wp-block-paragraph\">Men\u00e9 dans le cadre d\u2019une convention de partenariat avec la D\u00e9l\u00e9gation provinciale de l\u2019Entraide nationale, ce projet, dot\u00e9 d\u2019un budget de 800.000 dirhams, enti\u00e8rement financ\u00e9 par le deuxi\u00e8me programme de l\u2019INDH, d\u00e9di\u00e9 \u00e0 l\u2019accompagnement des personnes en situation de pr\u00e9carit\u00e9, vise \u00e0 am\u00e9liorer les conditions et la qualit\u00e9 de la formation dans les centres d\u2019\u00e9ducation et de formation de la province.<\/p>\n\n\n\n<p class=\"wp-block-paragraph\">Dans une d\u00e9claration \u00e0 la MAP, Hassan Kara, chef de la Division de l\u2019Action sociale \u00e0 la province de Guercif, a confi\u00e9 que cette initiative s\u2019inscrit dans une approche globale visant \u00e0 autonomiser les femmes sur le plan \u00e9conomique en leur fournissant des \u00e9quipements modernes pour am\u00e9liorer leur formation, renforcer leurs capacit\u00e9s professionnelles et faciliter leur int\u00e9gration dans le tissu \u00e9conomique.<\/p>\n\n\n\n<p class=\"wp-block-paragraph\">En plus des 104 machines \u00e0 coudre et \u00e0 broder modernes, a-t-il pr\u00e9cis\u00e9, les huit centres d\u2019\u00e9ducation et de formation concern\u00e9s (dont 4 en milieu rural) ont b\u00e9n\u00e9fici\u00e9 d\u2019autres \u00e9quipements (tables de coupe et de couture, mod\u00e8les, fers \u00e0 repasser\u2026) dans le but d\u2019offrir un environnement de formation int\u00e9gr\u00e9 qui permet aux b\u00e9n\u00e9ficiaires la possibilit\u00e9 de d\u00e9velopper leurs comp\u00e9tences selon des normes professionnelles modernes.<\/p>\n\n\n\n<p class=\"wp-block-paragraph\">M. Kara a ajout\u00e9 que cette initiative contribuera \u00e0 donner aux femmes b\u00e9n\u00e9ficiaires les moyens de d\u00e9velopper leur savoir-faire et acqu\u00e9rir des comp\u00e9tences pour cr\u00e9er des coop\u00e9ratives, monter des entreprises ou leurs propres activit\u00e9s, ou encore int\u00e9grer le march\u00e9 du travail au sein d\u2019entreprises op\u00e9rant dans les secteurs de la couture et du textile, estimant que cette d\u00e9marche est de nature \u00e0 assurer l\u2019autonomisation \u00e9conomique des femmes et \u00e0 renforcer leur r\u00f4le dans le d\u00e9veloppement local.<\/p>\n\n\n\n<p class=\"wp-block-paragraph\">De son c\u00f4t\u00e9, Soumia Badraoui, pr\u00e9sidente de l\u2019Association Espace espoir, et responsable de la gestion du Centre d\u2019\u00e9ducation et de formation du quartier Ghiyatta, a exprim\u00e9 sa gratitude pour cette initiative, estimant que ces \u00e9quipements r\u00e9pondent \u00e0 un besoin pressant pour les femmes qui profitent des services de ce Centre, dont le nombre d\u00e9passe les 115 b\u00e9n\u00e9ficiaires.<\/p>\n\n\n\n<p class=\"wp-block-paragraph\">Elle a ajout\u00e9 que ces machines contribueront de mani\u00e8re significative \u00e0 renforcer les chances des femmes de faire leurs preuves sur le march\u00e9 du travail, car elles les aident \u00e0 acqu\u00e9rir des techniques nouvelles et avanc\u00e9es dans le domaine de la couture et de la broderie, leur permettant d\u2019atteindre l\u2019autonomie \u00e9conomique, que ce soit en cr\u00e9ant des projets priv\u00e9s ou en s\u2019int\u00e9grant dans des unit\u00e9s industrielles sp\u00e9cialis\u00e9es.<\/p>\n","protected":false},"excerpt":{"rendered":"<p>dpress Une c\u00e9r\u00e9monie de remise de machines et \u00e9quipements modernes \u00e0 coudre et \u00e0 broder aux centres d\u2019\u00e9ducation et de formation de la province de Guercif a eu lieu, lundi au si\u00e8ge de la province, dans le cadre de l\u2019Initiative nationale pour le d\u00e9veloppement humain (INDH). Cette c\u00e9r\u00e9monie, pr\u00e9sid\u00e9e par le Gouverneur de la province, &hellip;<\/p>\n","protected":false},"author":2,"featured_media":13422,"comment_status":"open","ping_status":"open","sticky":false,"template":"","format":"standard","meta":{"footnotes":""},"categories":[40],"tags":[],"class_list":["post-13421","post","type-post","status-publish","format-standard","has-post-thumbnail","hentry","category-societe-et-regions"],"yoast_head":"<!-- This site is optimized with the Yoast SEO plugin v28.0 - https:\/\/yoast.com\/product\/yoast-seo-wordpress\/ -->\n<title>Guercif\/INDH : Distribution de machines et \u00e9quipements modernes de couture et de broderie aux centres de formation et d&#039;\u00e9ducation - Dpress.ma\/fr<\/title>\n<meta name=\"robots\" content=\"index, follow, max-snippet:-1, max-image-preview:large, max-video-preview:-1\" \/>\n<link rel=\"canonical\" href=\"https:\/\/dpress.ma\/fr\/2025\/03\/25\/guercif-indh-distribution-de-machines-et-equipements-modernes-de-couture-et-de-broderie-aux-centres-de-formation-et-deducation\/\" \/>\n<meta property=\"og:locale\" content=\"fr_FR\" \/>\n<meta property=\"og:type\" content=\"article\" \/>\n<meta property=\"og:title\" content=\"Guercif\/INDH : Distribution de machines et \u00e9quipements modernes de couture et de broderie aux centres de formation et d&#039;\u00e9ducation - Dpress.ma\/fr\" \/>\n<meta property=\"og:description\" content=\"dpress Une c\u00e9r\u00e9monie de remise de machines et \u00e9quipements modernes \u00e0 coudre et \u00e0 broder aux centres d\u2019\u00e9ducation et de formation de la province de Guercif a eu lieu, lundi au si\u00e8ge de la province, dans le cadre de l\u2019Initiative nationale pour le d\u00e9veloppement humain (INDH). Cette c\u00e9r\u00e9monie, pr\u00e9sid\u00e9e par le Gouverneur de la province, &hellip;\" \/>\n<meta property=\"og:url\" content=\"https:\/\/dpress.ma\/fr\/2025\/03\/25\/guercif-indh-distribution-de-machines-et-equipements-modernes-de-couture-et-de-broderie-aux-centres-de-formation-et-deducation\/\" \/>\n<meta property=\"og:site_name\" content=\"Dpress.ma\/fr\" \/>\n<meta property=\"article:published_time\" content=\"2025-03-25T10:30:00+00:00\" \/>\n<meta property=\"article:modified_time\" content=\"2025-03-25T10:30:01+00:00\" \/>\n<meta property=\"og:image\" content=\"https:\/\/dpress.ma\/fr\/wp-content\/uploads\/sites\/2\/2025\/03\/dimensions2-88.jpg\" \/>\n\t<meta property=\"og:image:width\" content=\"2539\" \/>\n\t<meta property=\"og:image:height\" content=\"1594\" \/>\n\t<meta property=\"og:image:type\" content=\"image\/jpeg\" \/>\n<meta name=\"author\" content=\"Dpress.ma\" \/>\n<meta name=\"twitter:card\" content=\"summary_large_image\" \/>\n<meta name=\"twitter:label1\" content=\"\u00c9crit par\" \/>\n\t<meta name=\"twitter:data1\" content=\"Dpress.ma\" \/>\n\t<meta name=\"twitter:label2\" content=\"Dur\u00e9e de lecture estim\u00e9e\" \/>\n\t<meta name=\"twitter:data2\" content=\"4 minutes\" \/>\n<script type=\"application\/ld+json\" class=\"yoast-schema-graph\">{\"@context\":\"https:\\\/\\\/schema.org\",\"@graph\":[{\"@type\":\"Article\",\"@id\":\"https:\\\/\\\/dpress.ma\\\/fr\\\/2025\\\/03\\\/25\\\/guercif-indh-distribution-de-machines-et-equipements-modernes-de-couture-et-de-broderie-aux-centres-de-formation-et-deducation\\\/#article\",\"isPartOf\":{\"@id\":\"https:\\\/\\\/dpress.ma\\\/fr\\\/2025\\\/03\\\/25\\\/guercif-indh-distribution-de-machines-et-equipements-modernes-de-couture-et-de-broderie-aux-centres-de-formation-et-deducation\\\/\"},\"author\":{\"name\":\"Dpress.ma\",\"@id\":\"https:\\\/\\\/dpress.ma\\\/fr\\\/#\\\/schema\\\/person\\\/4898febf3ccd59e6578d838656a306a0\"},\"headline\":\"Guercif\\\/INDH : Distribution de machines et \u00e9quipements modernes de couture et de broderie aux centres de formation et d&rsquo;\u00e9ducation\",\"datePublished\":\"2025-03-25T10:30:00+00:00\",\"dateModified\":\"2025-03-25T10:30:01+00:00\",\"mainEntityOfPage\":{\"@id\":\"https:\\\/\\\/dpress.ma\\\/fr\\\/2025\\\/03\\\/25\\\/guercif-indh-distribution-de-machines-et-equipements-modernes-de-couture-et-de-broderie-aux-centres-de-formation-et-deducation\\\/\"},\"wordCount\":653,\"commentCount\":0,\"image\":{\"@id\":\"https:\\\/\\\/dpress.ma\\\/fr\\\/2025\\\/03\\\/25\\\/guercif-indh-distribution-de-machines-et-equipements-modernes-de-couture-et-de-broderie-aux-centres-de-formation-et-deducation\\\/#primaryimage\"},\"thumbnailUrl\":\"https:\\\/\\\/dpress.ma\\\/fr\\\/wp-content\\\/uploads\\\/sites\\\/2\\\/2025\\\/03\\\/dimensions2-88.jpg\",\"articleSection\":[\"societe et regions\"],\"inLanguage\":\"fr-FR\",\"potentialAction\":[{\"@type\":\"CommentAction\",\"name\":\"Comment\",\"target\":[\"https:\\\/\\\/dpress.ma\\\/fr\\\/2025\\\/03\\\/25\\\/guercif-indh-distribution-de-machines-et-equipements-modernes-de-couture-et-de-broderie-aux-centres-de-formation-et-deducation\\\/#respond\"]}]},{\"@type\":\"WebPage\",\"@id\":\"https:\\\/\\\/dpress.ma\\\/fr\\\/2025\\\/03\\\/25\\\/guercif-indh-distribution-de-machines-et-equipements-modernes-de-couture-et-de-broderie-aux-centres-de-formation-et-deducation\\\/\",\"url\":\"https:\\\/\\\/dpress.ma\\\/fr\\\/2025\\\/03\\\/25\\\/guercif-indh-distribution-de-machines-et-equipements-modernes-de-couture-et-de-broderie-aux-centres-de-formation-et-deducation\\\/\",\"name\":\"Guercif\\\/INDH : Distribution de machines et \u00e9quipements modernes de couture et de broderie aux centres de formation et d'\u00e9ducation - Dpress.ma\\\/fr\",\"isPartOf\":{\"@id\":\"https:\\\/\\\/dpress.ma\\\/fr\\\/#website\"},\"primaryImageOfPage\":{\"@id\":\"https:\\\/\\\/dpress.ma\\\/fr\\\/2025\\\/03\\\/25\\\/guercif-indh-distribution-de-machines-et-equipements-modernes-de-couture-et-de-broderie-aux-centres-de-formation-et-deducation\\\/#primaryimage\"},\"image\":{\"@id\":\"https:\\\/\\\/dpress.ma\\\/fr\\\/2025\\\/03\\\/25\\\/guercif-indh-distribution-de-machines-et-equipements-modernes-de-couture-et-de-broderie-aux-centres-de-formation-et-deducation\\\/#primaryimage\"},\"thumbnailUrl\":\"https:\\\/\\\/dpress.ma\\\/fr\\\/wp-content\\\/uploads\\\/sites\\\/2\\\/2025\\\/03\\\/dimensions2-88.jpg\",\"datePublished\":\"2025-03-25T10:30:00+00:00\",\"dateModified\":\"2025-03-25T10:30:01+00:00\",\"author\":{\"@id\":\"https:\\\/\\\/dpress.ma\\\/fr\\\/#\\\/schema\\\/person\\\/4898febf3ccd59e6578d838656a306a0\"},\"breadcrumb\":{\"@id\":\"https:\\\/\\\/dpress.ma\\\/fr\\\/2025\\\/03\\\/25\\\/guercif-indh-distribution-de-machines-et-equipements-modernes-de-couture-et-de-broderie-aux-centres-de-formation-et-deducation\\\/#breadcrumb\"},\"inLanguage\":\"fr-FR\",\"potentialAction\":[{\"@type\":\"ReadAction\",\"target\":[\"https:\\\/\\\/dpress.ma\\\/fr\\\/2025\\\/03\\\/25\\\/guercif-indh-distribution-de-machines-et-equipements-modernes-de-couture-et-de-broderie-aux-centres-de-formation-et-deducation\\\/\"]}]},{\"@type\":\"ImageObject\",\"inLanguage\":\"fr-FR\",\"@id\":\"https:\\\/\\\/dpress.ma\\\/fr\\\/2025\\\/03\\\/25\\\/guercif-indh-distribution-de-machines-et-equipements-modernes-de-couture-et-de-broderie-aux-centres-de-formation-et-deducation\\\/#primaryimage\",\"url\":\"https:\\\/\\\/dpress.ma\\\/fr\\\/wp-content\\\/uploads\\\/sites\\\/2\\\/2025\\\/03\\\/dimensions2-88.jpg\",\"contentUrl\":\"https:\\\/\\\/dpress.ma\\\/fr\\\/wp-content\\\/uploads\\\/sites\\\/2\\\/2025\\\/03\\\/dimensions2-88.jpg\",\"width\":2539,\"height\":1594},{\"@type\":\"BreadcrumbList\",\"@id\":\"https:\\\/\\\/dpress.ma\\\/fr\\\/2025\\\/03\\\/25\\\/guercif-indh-distribution-de-machines-et-equipements-modernes-de-couture-et-de-broderie-aux-centres-de-formation-et-deducation\\\/#breadcrumb\",\"itemListElement\":[{\"@type\":\"ListItem\",\"position\":1,\"name\":\"Home\",\"item\":\"https:\\\/\\\/dpress.ma\\\/fr\\\/\"},{\"@type\":\"ListItem\",\"position\":2,\"name\":\"Guercif\\\/INDH : Distribution de machines et \u00e9quipements modernes de couture et de broderie aux centres de formation et d&#8217;\u00e9ducation\"}]},{\"@type\":\"WebSite\",\"@id\":\"https:\\\/\\\/dpress.ma\\\/fr\\\/#website\",\"url\":\"https:\\\/\\\/dpress.ma\\\/fr\\\/\",\"name\":\"Dpress.ma\\\/fr\",\"description\":\"\",\"potentialAction\":[{\"@type\":\"SearchAction\",\"target\":{\"@type\":\"EntryPoint\",\"urlTemplate\":\"https:\\\/\\\/dpress.ma\\\/fr\\\/?s={search_term_string}\"},\"query-input\":{\"@type\":\"PropertyValueSpecification\",\"valueRequired\":true,\"valueName\":\"search_term_string\"}}],\"inLanguage\":\"fr-FR\"},{\"@type\":\"Person\",\"@id\":\"https:\\\/\\\/dpress.ma\\\/fr\\\/#\\\/schema\\\/person\\\/4898febf3ccd59e6578d838656a306a0\",\"name\":\"Dpress.ma\",\"image\":{\"@type\":\"ImageObject\",\"inLanguage\":\"fr-FR\",\"@id\":\"https:\\\/\\\/secure.gravatar.com\\\/avatar\\\/72ecc30e9db047a2e0e7176561eb9d564ed77c8108376495b19bd8336405198a?s=96&d=mm&r=g\",\"url\":\"https:\\\/\\\/secure.gravatar.com\\\/avatar\\\/72ecc30e9db047a2e0e7176561eb9d564ed77c8108376495b19bd8336405198a?s=96&d=mm&r=g\",\"contentUrl\":\"https:\\\/\\\/secure.gravatar.com\\\/avatar\\\/72ecc30e9db047a2e0e7176561eb9d564ed77c8108376495b19bd8336405198a?s=96&d=mm&r=g\",\"caption\":\"Dpress.ma\"},\"sameAs\":[\"https:\\\/\\\/www.dpress.ma\"],\"url\":\"https:\\\/\\\/dpress.ma\\\/fr\\\/author\\\/dpress-ma\\\/\"}]}<\/script>\n<!-- \/ Yoast SEO plugin. -->","yoast_head_json":{"title":"Guercif\/INDH : Distribution de machines et \u00e9quipements modernes de couture et de broderie aux centres de formation et d'\u00e9ducation - Dpress.ma\/fr","robots":{"index":"index","follow":"follow","max-snippet":"max-snippet:-1","max-image-preview":"max-image-preview:large","max-video-preview":"max-video-preview:-1"},"canonical":"https:\/\/dpress.ma\/fr\/2025\/03\/25\/guercif-indh-distribution-de-machines-et-equipements-modernes-de-couture-et-de-broderie-aux-centres-de-formation-et-deducation\/","og_locale":"fr_FR","og_type":"article","og_title":"Guercif\/INDH : Distribution de machines et \u00e9quipements modernes de couture et de broderie aux centres de formation et d'\u00e9ducation - Dpress.ma\/fr","og_description":"dpress Une c\u00e9r\u00e9monie de remise de machines et \u00e9quipements modernes \u00e0 coudre et \u00e0 broder aux centres d\u2019\u00e9ducation et de formation de la province de Guercif a eu lieu, lundi au si\u00e8ge de la province, dans le cadre de l\u2019Initiative nationale pour le d\u00e9veloppement humain (INDH). Cette c\u00e9r\u00e9monie, pr\u00e9sid\u00e9e par le Gouverneur de la province, &hellip;","og_url":"https:\/\/dpress.ma\/fr\/2025\/03\/25\/guercif-indh-distribution-de-machines-et-equipements-modernes-de-couture-et-de-broderie-aux-centres-de-formation-et-deducation\/","og_site_name":"Dpress.ma\/fr","article_published_time":"2025-03-25T10:30:00+00:00","article_modified_time":"2025-03-25T10:30:01+00:00","og_image":[{"width":2539,"height":1594,"url":"https:\/\/dpress.ma\/fr\/wp-content\/uploads\/sites\/2\/2025\/03\/dimensions2-88.jpg","type":"image\/jpeg"}],"author":"Dpress.ma","twitter_card":"summary_large_image","twitter_misc":{"\u00c9crit par":"Dpress.ma","Dur\u00e9e de lecture estim\u00e9e":"4 minutes"},"schema":{"@context":"https:\/\/schema.org","@graph":[{"@type":"Article","@id":"https:\/\/dpress.ma\/fr\/2025\/03\/25\/guercif-indh-distribution-de-machines-et-equipements-modernes-de-couture-et-de-broderie-aux-centres-de-formation-et-deducation\/#article","isPartOf":{"@id":"https:\/\/dpress.ma\/fr\/2025\/03\/25\/guercif-indh-distribution-de-machines-et-equipements-modernes-de-couture-et-de-broderie-aux-centres-de-formation-et-deducation\/"},"author":{"name":"Dpress.ma","@id":"https:\/\/dpress.ma\/fr\/#\/schema\/person\/4898febf3ccd59e6578d838656a306a0"},"headline":"Guercif\/INDH : Distribution de machines et \u00e9quipements modernes de couture et de broderie aux centres de formation et d&rsquo;\u00e9ducation","datePublished":"2025-03-25T10:30:00+00:00","dateModified":"2025-03-25T10:30:01+00:00","mainEntityOfPage":{"@id":"https:\/\/dpress.ma\/fr\/2025\/03\/25\/guercif-indh-distribution-de-machines-et-equipements-modernes-de-couture-et-de-broderie-aux-centres-de-formation-et-deducation\/"},"wordCount":653,"commentCount":0,"image":{"@id":"https:\/\/dpress.ma\/fr\/2025\/03\/25\/guercif-indh-distribution-de-machines-et-equipements-modernes-de-couture-et-de-broderie-aux-centres-de-formation-et-deducation\/#primaryimage"},"thumbnailUrl":"https:\/\/dpress.ma\/fr\/wp-content\/uploads\/sites\/2\/2025\/03\/dimensions2-88.jpg","articleSection":["societe et regions"],"inLanguage":"fr-FR","potentialAction":[{"@type":"CommentAction","name":"Comment","target":["https:\/\/dpress.ma\/fr\/2025\/03\/25\/guercif-indh-distribution-de-machines-et-equipements-modernes-de-couture-et-de-broderie-aux-centres-de-formation-et-deducation\/#respond"]}]},{"@type":"WebPage","@id":"https:\/\/dpress.ma\/fr\/2025\/03\/25\/guercif-indh-distribution-de-machines-et-equipements-modernes-de-couture-et-de-broderie-aux-centres-de-formation-et-deducation\/","url":"https:\/\/dpress.ma\/fr\/2025\/03\/25\/guercif-indh-distribution-de-machines-et-equipements-modernes-de-couture-et-de-broderie-aux-centres-de-formation-et-deducation\/","name":"Guercif\/INDH : Distribution de machines et \u00e9quipements modernes de couture et de broderie aux centres de formation et d'\u00e9ducation - Dpress.ma\/fr","isPartOf":{"@id":"https:\/\/dpress.ma\/fr\/#website"},"primaryImageOfPage":{"@id":"https:\/\/dpress.ma\/fr\/2025\/03\/25\/guercif-indh-distribution-de-machines-et-equipements-modernes-de-couture-et-de-broderie-aux-centres-de-formation-et-deducation\/#primaryimage"},"image":{"@id":"https:\/\/dpress.ma\/fr\/2025\/03\/25\/guercif-indh-distribution-de-machines-et-equipements-modernes-de-couture-et-de-broderie-aux-centres-de-formation-et-deducation\/#primaryimage"},"thumbnailUrl":"https:\/\/dpress.ma\/fr\/wp-content\/uploads\/sites\/2\/2025\/03\/dimensions2-88.jpg","datePublished":"2025-03-25T10:30:00+00:00","dateModified":"2025-03-25T10:30:01+00:00","author":{"@id":"https:\/\/dpress.ma\/fr\/#\/schema\/person\/4898febf3ccd59e6578d838656a306a0"},"breadcrumb":{"@id":"https:\/\/dpress.ma\/fr\/2025\/03\/25\/guercif-indh-distribution-de-machines-et-equipements-modernes-de-couture-et-de-broderie-aux-centres-de-formation-et-deducation\/#breadcrumb"},"inLanguage":"fr-FR","potentialAction":[{"@type":"ReadAction","target":["https:\/\/dpress.ma\/fr\/2025\/03\/25\/guercif-indh-distribution-de-machines-et-equipements-modernes-de-couture-et-de-broderie-aux-centres-de-formation-et-deducation\/"]}]},{"@type":"ImageObject","inLanguage":"fr-FR","@id":"https:\/\/dpress.ma\/fr\/2025\/03\/25\/guercif-indh-distribution-de-machines-et-equipements-modernes-de-couture-et-de-broderie-aux-centres-de-formation-et-deducation\/#primaryimage","url":"https:\/\/dpress.ma\/fr\/wp-content\/uploads\/sites\/2\/2025\/03\/dimensions2-88.jpg","contentUrl":"https:\/\/dpress.ma\/fr\/wp-content\/uploads\/sites\/2\/2025\/03\/dimensions2-88.jpg","width":2539,"height":1594},{"@type":"BreadcrumbList","@id":"https:\/\/dpress.ma\/fr\/2025\/03\/25\/guercif-indh-distribution-de-machines-et-equipements-modernes-de-couture-et-de-broderie-aux-centres-de-formation-et-deducation\/#breadcrumb","itemListElement":[{"@type":"ListItem","position":1,"name":"Home","item":"https:\/\/dpress.ma\/fr\/"},{"@type":"ListItem","position":2,"name":"Guercif\/INDH : Distribution de machines et \u00e9quipements modernes de couture et de broderie aux centres de formation et d&#8217;\u00e9ducation"}]},{"@type":"WebSite","@id":"https:\/\/dpress.ma\/fr\/#website","url":"https:\/\/dpress.ma\/fr\/","name":"Dpress.ma\/fr","description":"","potentialAction":[{"@type":"SearchAction","target":{"@type":"EntryPoint","urlTemplate":"https:\/\/dpress.ma\/fr\/?s={search_term_string}"},"query-input":{"@type":"PropertyValueSpecification","valueRequired":true,"valueName":"search_term_string"}}],"inLanguage":"fr-FR"},{"@type":"Person","@id":"https:\/\/dpress.ma\/fr\/#\/schema\/person\/4898febf3ccd59e6578d838656a306a0","name":"Dpress.ma","image":{"@type":"ImageObject","inLanguage":"fr-FR","@id":"https:\/\/secure.gravatar.com\/avatar\/72ecc30e9db047a2e0e7176561eb9d564ed77c8108376495b19bd8336405198a?s=96&d=mm&r=g","url":"https:\/\/secure.gravatar.com\/avatar\/72ecc30e9db047a2e0e7176561eb9d564ed77c8108376495b19bd8336405198a?s=96&d=mm&r=g","contentUrl":"https:\/\/secure.gravatar.com\/avatar\/72ecc30e9db047a2e0e7176561eb9d564ed77c8108376495b19bd8336405198a?s=96&d=mm&r=g","caption":"Dpress.ma"},"sameAs":["https:\/\/www.dpress.ma"],"url":"https:\/\/dpress.ma\/fr\/author\/dpress-ma\/"}]}},"amp_enabled":true,"_links":{"self":[{"href":"https:\/\/dpress.ma\/fr\/wp-json\/wp\/v2\/posts\/13421","targetHints":{"allow":["GET"]}}],"collection":[{"href":"https:\/\/dpress.ma\/fr\/wp-json\/wp\/v2\/posts"}],"about":[{"href":"https:\/\/dpress.ma\/fr\/wp-json\/wp\/v2\/types\/post"}],"author":[{"embeddable":true,"href":"https:\/\/dpress.ma\/fr\/wp-json\/wp\/v2\/users\/2"}],"replies":[{"embeddable":true,"href":"https:\/\/dpress.ma\/fr\/wp-json\/wp\/v2\/comments?post=13421"}],"version-history":[{"count":1,"href":"https:\/\/dpress.ma\/fr\/wp-json\/wp\/v2\/posts\/13421\/revisions"}],"predecessor-version":[{"id":13423,"href":"https:\/\/dpress.ma\/fr\/wp-json\/wp\/v2\/posts\/13421\/revisions\/13423"}],"wp:featuredmedia":[{"embeddable":true,"href":"https:\/\/dpress.ma\/fr\/wp-json\/wp\/v2\/media\/13422"}],"wp:attachment":[{"href":"https:\/\/dpress.ma\/fr\/wp-json\/wp\/v2\/media?parent=13421"}],"wp:term":[{"taxonomy":"category","embeddable":true,"href":"https:\/\/dpress.ma\/fr\/wp-json\/wp\/v2\/categories?post=13421"},{"taxonomy":"post_tag","embeddable":true,"href":"https:\/\/dpress.ma\/fr\/wp-json\/wp\/v2\/tags?post=13421"}],"curies":[{"name":"wp","href":"https:\/\/api.w.org\/{rel}","templated":true}]}}