{"id":13418,"date":"2025-03-25T10:23:36","date_gmt":"2025-03-25T10:23:36","guid":{"rendered":"https:\/\/dpress.ma\/fr\/?p=13418"},"modified":"2025-03-25T10:23:38","modified_gmt":"2025-03-25T10:23:38","slug":"benslimane-11e-edition-de-la-semaine-des-classes-deau-organisee-par-labhbc","status":"publish","type":"post","link":"https:\/\/dpress.ma\/fr\/2025\/03\/25\/benslimane-11e-edition-de-la-semaine-des-classes-deau-organisee-par-labhbc\/","title":{"rendered":"Benslimane : 11e \u00e9dition de la Semaine des classes d&rsquo;eau organis\u00e9e par l&rsquo;ABHBC"},"content":{"rendered":"\n<p class=\"wp-block-paragraph\">dpress<\/p>\n\n\n\n<p class=\"wp-block-paragraph\"> L\u2019Agence du Bassin Hydraulique du Bouregreg et de la Chaouia (ABHBC) a lanc\u00e9, lundi, la 11\u00e8me \u00e9dition de la Semaine des classes d\u2019eau au sein du groupe scolaire \u201cAin Bouchni\u201d, dans la commune d\u2019Ahlaf relevant de la province de Benslimane.<\/p>\n\n\n\n<p class=\"wp-block-paragraph\">Organis\u00e9 jusqu\u2019au 28 mars, en partenariat avec l\u2019Acad\u00e9mie R\u00e9gionale de l\u2019\u00c9ducation et de la Formation de Casablanca-Settat et la direction provinciale du minist\u00e8re de l\u2019\u00c9ducation nationale, du Pr\u00e9scolaire et des Sports \u00e0 Benslimane, cet \u00e9v\u00e9nement s\u2019inscrit dans le cadre de la c\u00e9l\u00e9bration de la Journ\u00e9e mondiale de l\u2019eau.<\/p>\n\n\n\n<p class=\"wp-block-paragraph\">\u00c0 cette occasion, la cheffe du service communication et coop\u00e9ration \u00e0 l\u2019ABHBC, Aziza Bilal,&nbsp;a expliqu\u00e9 que l\u2019objectif de cette \u00e9dition est de sensibiliser et d\u2019\u00e9duquer \u00e0 une gestion rationnelle de l\u2019eau et \u00e0 l\u2019\u00e9conomie de cette ressource pr\u00e9cieuse.<\/p>\n\n\n\n<p class=\"wp-block-paragraph\">\u201cCette semaine comprend des cours int\u00e9grant la th\u00e9matique de l\u2019eau dans diff\u00e9rentes mati\u00e8res scolaires, ainsi que des sorties de terrain vers plusieurs infrastructures hydrauliques, notamment une station d\u2019\u00e9puration, afin d\u2019expliquer aux \u00e9l\u00e8ves le cycle de l\u2019eau, depuis sa collecte jusqu\u2019\u00e0 sa distribution dans les foyers\u201d, a-t-elle indiqu\u00e9,&nbsp;dans une d\u00e9claration \u00e0 la MAP.<\/p>\n\n\n\n<p class=\"wp-block-paragraph\">Par ailleurs, Mme Bilal a soulign\u00e9 que gr\u00e2ce aux pr\u00e9cipitations enregistr\u00e9es depuis le d\u00e9but du mois de mars, les niveaux des barrages ont connu une am\u00e9lioration, pr\u00e9cisant que le taux de remplissage des barrages du bassin Bouregreg-Chaouia est de plus de 62%.<\/p>\n\n\n\n<p class=\"wp-block-paragraph\">Toutefois, elle a fait remarquer que malgr\u00e9 cette am\u00e9lioration, le volume des apports hydriques reste inf\u00e9rieur de 53% par rapport \u00e0 la moyenne annuelle, soulignant ainsi l\u2019importance de sensibiliser les enfants, qui repr\u00e9sentent les citoyens de demain. \u201cEn leur transmettant ces connaissances, ils pourront relayer ces messages au sein de leur entourage\u201d, a-t-elle pr\u00e9cis\u00e9.<\/p>\n\n\n\n<p class=\"wp-block-paragraph\">De son c\u00f4t\u00e9, Hakim Nahal, repr\u00e9sentant de la direction provinciale du minist\u00e8re de l\u2019\u00c9ducation nationale, du Pr\u00e9scolaire et des Sports \u00e0 Benslimane, s\u2019est dit ravi de participer \u00e0 cette initiative visant \u00e0 promouvoir une culture environnementale saine et responsable. Il a indiqu\u00e9 que l\u2019objectif principal de cette semaine est d\u2019inculquer aux \u00e9l\u00e8ves l\u2019importance de la pr\u00e9servation de l\u2019eau.<\/p>\n\n\n\n<p class=\"wp-block-paragraph\">Il a pr\u00e9cis\u00e9 que les activit\u00e9s organis\u00e9es durant cette semaine porteront sur la consommation responsable de l\u2019eau, avec pour mission de transmettre des messages cl\u00e9s aux \u00e9l\u00e8ves afin qu\u2019ils les partagent avec leurs familles et la soci\u00e9t\u00e9.<\/p>\n\n\n\n<p class=\"wp-block-paragraph\">Le directeur du groupe scolaire \u201cAin Bouchni\u201d, Abdessamad Belfatmi, a, pour sa part, soulign\u00e9 l\u2019importance de cette initiative, qui s\u2019inscrit dans le cadre des efforts visant \u00e0 lutter contre la surexploitation et le gaspillage des ressources en eau. Il a ajout\u00e9 que cet \u00e9v\u00e9nement permet \u00e9galement la mise en \u0153uvre des programmes nationaux, r\u00e9gionaux et provinciaux d\u00e9di\u00e9s \u00e0 la gestion rationnelle de l\u2019eau.<\/p>\n\n\n\n<p class=\"wp-block-paragraph\">\u00c0 cet \u00e9gard, Hind Khrichfa, jeune \u00e9l\u00e8ve \u00e0 l\u2019\u00e9cole \u201cAin Bouchni\u201d, a confi\u00e9 que gr\u00e2ce \u00e0 l\u2019\u00e9ducation sur l\u2019eau, elle et ses camarades ont pu faire pousser des l\u00e9gumes comme des navets, des betteraves, des oignons, des pommes de terre et des \u00e9pinards, tout en \u00e9vitant le gaspillage d\u2019eau. Elle a affirm\u00e9 que chaque goutte compte et que \u201cm\u00eame \u00e0 notre \u00e2ge, on peut prot\u00e9ger notre plan\u00e8te, puisque l\u2019eau est un \u00e9l\u00e9ment essentiel et vital pour la vie humaine, animale et v\u00e9g\u00e9tale\u201d.<\/p>\n","protected":false},"excerpt":{"rendered":"<p>dpress L\u2019Agence du Bassin Hydraulique du Bouregreg et de la Chaouia (ABHBC) a lanc\u00e9, lundi, la 11\u00e8me \u00e9dition de la Semaine des classes d\u2019eau au sein du groupe scolaire \u201cAin Bouchni\u201d, dans la commune d\u2019Ahlaf relevant de la province de Benslimane. Organis\u00e9 jusqu\u2019au 28 mars, en partenariat avec l\u2019Acad\u00e9mie R\u00e9gionale de l\u2019\u00c9ducation et de la &hellip;<\/p>\n","protected":false},"author":2,"featured_media":13419,"comment_status":"open","ping_status":"open","sticky":false,"template":"","format":"standard","meta":{"footnotes":""},"categories":[40],"tags":[],"class_list":["post-13418","post","type-post","status-publish","format-standard","has-post-thumbnail","hentry","category-societe-et-regions"],"yoast_head":"<!-- This site is optimized with the Yoast SEO plugin v28.0 - https:\/\/yoast.com\/product\/yoast-seo-wordpress\/ -->\n<title>Benslimane : 11e \u00e9dition de la Semaine des classes d&#039;eau organis\u00e9e par l&#039;ABHBC - Dpress.ma\/fr<\/title>\n<meta name=\"robots\" content=\"index, follow, max-snippet:-1, max-image-preview:large, max-video-preview:-1\" \/>\n<link rel=\"canonical\" href=\"https:\/\/dpress.ma\/fr\/2025\/03\/25\/benslimane-11e-edition-de-la-semaine-des-classes-deau-organisee-par-labhbc\/\" \/>\n<meta property=\"og:locale\" content=\"fr_FR\" \/>\n<meta property=\"og:type\" content=\"article\" \/>\n<meta property=\"og:title\" content=\"Benslimane : 11e \u00e9dition de la Semaine des classes d&#039;eau organis\u00e9e par l&#039;ABHBC - Dpress.ma\/fr\" \/>\n<meta property=\"og:description\" content=\"dpress L\u2019Agence du Bassin Hydraulique du Bouregreg et de la Chaouia (ABHBC) a lanc\u00e9, lundi, la 11\u00e8me \u00e9dition de la Semaine des classes d\u2019eau au sein du groupe scolaire \u201cAin Bouchni\u201d, dans la commune d\u2019Ahlaf relevant de la province de Benslimane. Organis\u00e9 jusqu\u2019au 28 mars, en partenariat avec l\u2019Acad\u00e9mie R\u00e9gionale de l\u2019\u00c9ducation et de la &hellip;\" \/>\n<meta property=\"og:url\" content=\"https:\/\/dpress.ma\/fr\/2025\/03\/25\/benslimane-11e-edition-de-la-semaine-des-classes-deau-organisee-par-labhbc\/\" \/>\n<meta property=\"og:site_name\" content=\"Dpress.ma\/fr\" \/>\n<meta property=\"article:published_time\" content=\"2025-03-25T10:23:36+00:00\" \/>\n<meta property=\"article:modified_time\" content=\"2025-03-25T10:23:38+00:00\" \/>\n<meta property=\"og:image\" content=\"https:\/\/dpress.ma\/fr\/wp-content\/uploads\/sites\/2\/2025\/03\/dimensions2-87.jpg\" \/>\n\t<meta property=\"og:image:width\" content=\"2539\" \/>\n\t<meta property=\"og:image:height\" content=\"1594\" \/>\n\t<meta property=\"og:image:type\" content=\"image\/jpeg\" \/>\n<meta name=\"author\" content=\"Dpress.ma\" \/>\n<meta name=\"twitter:card\" content=\"summary_large_image\" \/>\n<meta name=\"twitter:label1\" content=\"\u00c9crit par\" \/>\n\t<meta name=\"twitter:data1\" content=\"Dpress.ma\" \/>\n\t<meta name=\"twitter:label2\" content=\"Dur\u00e9e de lecture estim\u00e9e\" \/>\n\t<meta name=\"twitter:data2\" content=\"3 minutes\" \/>\n<script type=\"application\/ld+json\" class=\"yoast-schema-graph\">{\"@context\":\"https:\\\/\\\/schema.org\",\"@graph\":[{\"@type\":\"Article\",\"@id\":\"https:\\\/\\\/dpress.ma\\\/fr\\\/2025\\\/03\\\/25\\\/benslimane-11e-edition-de-la-semaine-des-classes-deau-organisee-par-labhbc\\\/#article\",\"isPartOf\":{\"@id\":\"https:\\\/\\\/dpress.ma\\\/fr\\\/2025\\\/03\\\/25\\\/benslimane-11e-edition-de-la-semaine-des-classes-deau-organisee-par-labhbc\\\/\"},\"author\":{\"name\":\"Dpress.ma\",\"@id\":\"https:\\\/\\\/dpress.ma\\\/fr\\\/#\\\/schema\\\/person\\\/4898febf3ccd59e6578d838656a306a0\"},\"headline\":\"Benslimane : 11e \u00e9dition de la Semaine des classes d&rsquo;eau organis\u00e9e par l&rsquo;ABHBC\",\"datePublished\":\"2025-03-25T10:23:36+00:00\",\"dateModified\":\"2025-03-25T10:23:38+00:00\",\"mainEntityOfPage\":{\"@id\":\"https:\\\/\\\/dpress.ma\\\/fr\\\/2025\\\/03\\\/25\\\/benslimane-11e-edition-de-la-semaine-des-classes-deau-organisee-par-labhbc\\\/\"},\"wordCount\":599,\"commentCount\":0,\"image\":{\"@id\":\"https:\\\/\\\/dpress.ma\\\/fr\\\/2025\\\/03\\\/25\\\/benslimane-11e-edition-de-la-semaine-des-classes-deau-organisee-par-labhbc\\\/#primaryimage\"},\"thumbnailUrl\":\"https:\\\/\\\/dpress.ma\\\/fr\\\/wp-content\\\/uploads\\\/sites\\\/2\\\/2025\\\/03\\\/dimensions2-87.jpg\",\"articleSection\":[\"societe et regions\"],\"inLanguage\":\"fr-FR\",\"potentialAction\":[{\"@type\":\"CommentAction\",\"name\":\"Comment\",\"target\":[\"https:\\\/\\\/dpress.ma\\\/fr\\\/2025\\\/03\\\/25\\\/benslimane-11e-edition-de-la-semaine-des-classes-deau-organisee-par-labhbc\\\/#respond\"]}]},{\"@type\":\"WebPage\",\"@id\":\"https:\\\/\\\/dpress.ma\\\/fr\\\/2025\\\/03\\\/25\\\/benslimane-11e-edition-de-la-semaine-des-classes-deau-organisee-par-labhbc\\\/\",\"url\":\"https:\\\/\\\/dpress.ma\\\/fr\\\/2025\\\/03\\\/25\\\/benslimane-11e-edition-de-la-semaine-des-classes-deau-organisee-par-labhbc\\\/\",\"name\":\"Benslimane : 11e \u00e9dition de la Semaine des classes d'eau organis\u00e9e par l'ABHBC - Dpress.ma\\\/fr\",\"isPartOf\":{\"@id\":\"https:\\\/\\\/dpress.ma\\\/fr\\\/#website\"},\"primaryImageOfPage\":{\"@id\":\"https:\\\/\\\/dpress.ma\\\/fr\\\/2025\\\/03\\\/25\\\/benslimane-11e-edition-de-la-semaine-des-classes-deau-organisee-par-labhbc\\\/#primaryimage\"},\"image\":{\"@id\":\"https:\\\/\\\/dpress.ma\\\/fr\\\/2025\\\/03\\\/25\\\/benslimane-11e-edition-de-la-semaine-des-classes-deau-organisee-par-labhbc\\\/#primaryimage\"},\"thumbnailUrl\":\"https:\\\/\\\/dpress.ma\\\/fr\\\/wp-content\\\/uploads\\\/sites\\\/2\\\/2025\\\/03\\\/dimensions2-87.jpg\",\"datePublished\":\"2025-03-25T10:23:36+00:00\",\"dateModified\":\"2025-03-25T10:23:38+00:00\",\"author\":{\"@id\":\"https:\\\/\\\/dpress.ma\\\/fr\\\/#\\\/schema\\\/person\\\/4898febf3ccd59e6578d838656a306a0\"},\"breadcrumb\":{\"@id\":\"https:\\\/\\\/dpress.ma\\\/fr\\\/2025\\\/03\\\/25\\\/benslimane-11e-edition-de-la-semaine-des-classes-deau-organisee-par-labhbc\\\/#breadcrumb\"},\"inLanguage\":\"fr-FR\",\"potentialAction\":[{\"@type\":\"ReadAction\",\"target\":[\"https:\\\/\\\/dpress.ma\\\/fr\\\/2025\\\/03\\\/25\\\/benslimane-11e-edition-de-la-semaine-des-classes-deau-organisee-par-labhbc\\\/\"]}]},{\"@type\":\"ImageObject\",\"inLanguage\":\"fr-FR\",\"@id\":\"https:\\\/\\\/dpress.ma\\\/fr\\\/2025\\\/03\\\/25\\\/benslimane-11e-edition-de-la-semaine-des-classes-deau-organisee-par-labhbc\\\/#primaryimage\",\"url\":\"https:\\\/\\\/dpress.ma\\\/fr\\\/wp-content\\\/uploads\\\/sites\\\/2\\\/2025\\\/03\\\/dimensions2-87.jpg\",\"contentUrl\":\"https:\\\/\\\/dpress.ma\\\/fr\\\/wp-content\\\/uploads\\\/sites\\\/2\\\/2025\\\/03\\\/dimensions2-87.jpg\",\"width\":2539,\"height\":1594},{\"@type\":\"BreadcrumbList\",\"@id\":\"https:\\\/\\\/dpress.ma\\\/fr\\\/2025\\\/03\\\/25\\\/benslimane-11e-edition-de-la-semaine-des-classes-deau-organisee-par-labhbc\\\/#breadcrumb\",\"itemListElement\":[{\"@type\":\"ListItem\",\"position\":1,\"name\":\"Home\",\"item\":\"https:\\\/\\\/dpress.ma\\\/fr\\\/\"},{\"@type\":\"ListItem\",\"position\":2,\"name\":\"Benslimane : 11e \u00e9dition de la Semaine des classes d&#8217;eau organis\u00e9e par l&#8217;ABHBC\"}]},{\"@type\":\"WebSite\",\"@id\":\"https:\\\/\\\/dpress.ma\\\/fr\\\/#website\",\"url\":\"https:\\\/\\\/dpress.ma\\\/fr\\\/\",\"name\":\"Dpress.ma\\\/fr\",\"description\":\"\",\"potentialAction\":[{\"@type\":\"SearchAction\",\"target\":{\"@type\":\"EntryPoint\",\"urlTemplate\":\"https:\\\/\\\/dpress.ma\\\/fr\\\/?s={search_term_string}\"},\"query-input\":{\"@type\":\"PropertyValueSpecification\",\"valueRequired\":true,\"valueName\":\"search_term_string\"}}],\"inLanguage\":\"fr-FR\"},{\"@type\":\"Person\",\"@id\":\"https:\\\/\\\/dpress.ma\\\/fr\\\/#\\\/schema\\\/person\\\/4898febf3ccd59e6578d838656a306a0\",\"name\":\"Dpress.ma\",\"image\":{\"@type\":\"ImageObject\",\"inLanguage\":\"fr-FR\",\"@id\":\"https:\\\/\\\/secure.gravatar.com\\\/avatar\\\/72ecc30e9db047a2e0e7176561eb9d564ed77c8108376495b19bd8336405198a?s=96&d=mm&r=g\",\"url\":\"https:\\\/\\\/secure.gravatar.com\\\/avatar\\\/72ecc30e9db047a2e0e7176561eb9d564ed77c8108376495b19bd8336405198a?s=96&d=mm&r=g\",\"contentUrl\":\"https:\\\/\\\/secure.gravatar.com\\\/avatar\\\/72ecc30e9db047a2e0e7176561eb9d564ed77c8108376495b19bd8336405198a?s=96&d=mm&r=g\",\"caption\":\"Dpress.ma\"},\"sameAs\":[\"https:\\\/\\\/www.dpress.ma\"],\"url\":\"https:\\\/\\\/dpress.ma\\\/fr\\\/author\\\/dpress-ma\\\/\"}]}<\/script>\n<!-- \/ Yoast SEO plugin. -->","yoast_head_json":{"title":"Benslimane : 11e \u00e9dition de la Semaine des classes d'eau organis\u00e9e par l'ABHBC - Dpress.ma\/fr","robots":{"index":"index","follow":"follow","max-snippet":"max-snippet:-1","max-image-preview":"max-image-preview:large","max-video-preview":"max-video-preview:-1"},"canonical":"https:\/\/dpress.ma\/fr\/2025\/03\/25\/benslimane-11e-edition-de-la-semaine-des-classes-deau-organisee-par-labhbc\/","og_locale":"fr_FR","og_type":"article","og_title":"Benslimane : 11e \u00e9dition de la Semaine des classes d'eau organis\u00e9e par l'ABHBC - Dpress.ma\/fr","og_description":"dpress L\u2019Agence du Bassin Hydraulique du Bouregreg et de la Chaouia (ABHBC) a lanc\u00e9, lundi, la 11\u00e8me \u00e9dition de la Semaine des classes d\u2019eau au sein du groupe scolaire \u201cAin Bouchni\u201d, dans la commune d\u2019Ahlaf relevant de la province de Benslimane. Organis\u00e9 jusqu\u2019au 28 mars, en partenariat avec l\u2019Acad\u00e9mie R\u00e9gionale de l\u2019\u00c9ducation et de la &hellip;","og_url":"https:\/\/dpress.ma\/fr\/2025\/03\/25\/benslimane-11e-edition-de-la-semaine-des-classes-deau-organisee-par-labhbc\/","og_site_name":"Dpress.ma\/fr","article_published_time":"2025-03-25T10:23:36+00:00","article_modified_time":"2025-03-25T10:23:38+00:00","og_image":[{"width":2539,"height":1594,"url":"https:\/\/dpress.ma\/fr\/wp-content\/uploads\/sites\/2\/2025\/03\/dimensions2-87.jpg","type":"image\/jpeg"}],"author":"Dpress.ma","twitter_card":"summary_large_image","twitter_misc":{"\u00c9crit par":"Dpress.ma","Dur\u00e9e de lecture estim\u00e9e":"3 minutes"},"schema":{"@context":"https:\/\/schema.org","@graph":[{"@type":"Article","@id":"https:\/\/dpress.ma\/fr\/2025\/03\/25\/benslimane-11e-edition-de-la-semaine-des-classes-deau-organisee-par-labhbc\/#article","isPartOf":{"@id":"https:\/\/dpress.ma\/fr\/2025\/03\/25\/benslimane-11e-edition-de-la-semaine-des-classes-deau-organisee-par-labhbc\/"},"author":{"name":"Dpress.ma","@id":"https:\/\/dpress.ma\/fr\/#\/schema\/person\/4898febf3ccd59e6578d838656a306a0"},"headline":"Benslimane : 11e \u00e9dition de la Semaine des classes d&rsquo;eau organis\u00e9e par l&rsquo;ABHBC","datePublished":"2025-03-25T10:23:36+00:00","dateModified":"2025-03-25T10:23:38+00:00","mainEntityOfPage":{"@id":"https:\/\/dpress.ma\/fr\/2025\/03\/25\/benslimane-11e-edition-de-la-semaine-des-classes-deau-organisee-par-labhbc\/"},"wordCount":599,"commentCount":0,"image":{"@id":"https:\/\/dpress.ma\/fr\/2025\/03\/25\/benslimane-11e-edition-de-la-semaine-des-classes-deau-organisee-par-labhbc\/#primaryimage"},"thumbnailUrl":"https:\/\/dpress.ma\/fr\/wp-content\/uploads\/sites\/2\/2025\/03\/dimensions2-87.jpg","articleSection":["societe et regions"],"inLanguage":"fr-FR","potentialAction":[{"@type":"CommentAction","name":"Comment","target":["https:\/\/dpress.ma\/fr\/2025\/03\/25\/benslimane-11e-edition-de-la-semaine-des-classes-deau-organisee-par-labhbc\/#respond"]}]},{"@type":"WebPage","@id":"https:\/\/dpress.ma\/fr\/2025\/03\/25\/benslimane-11e-edition-de-la-semaine-des-classes-deau-organisee-par-labhbc\/","url":"https:\/\/dpress.ma\/fr\/2025\/03\/25\/benslimane-11e-edition-de-la-semaine-des-classes-deau-organisee-par-labhbc\/","name":"Benslimane : 11e \u00e9dition de la Semaine des classes d'eau organis\u00e9e par l'ABHBC - Dpress.ma\/fr","isPartOf":{"@id":"https:\/\/dpress.ma\/fr\/#website"},"primaryImageOfPage":{"@id":"https:\/\/dpress.ma\/fr\/2025\/03\/25\/benslimane-11e-edition-de-la-semaine-des-classes-deau-organisee-par-labhbc\/#primaryimage"},"image":{"@id":"https:\/\/dpress.ma\/fr\/2025\/03\/25\/benslimane-11e-edition-de-la-semaine-des-classes-deau-organisee-par-labhbc\/#primaryimage"},"thumbnailUrl":"https:\/\/dpress.ma\/fr\/wp-content\/uploads\/sites\/2\/2025\/03\/dimensions2-87.jpg","datePublished":"2025-03-25T10:23:36+00:00","dateModified":"2025-03-25T10:23:38+00:00","author":{"@id":"https:\/\/dpress.ma\/fr\/#\/schema\/person\/4898febf3ccd59e6578d838656a306a0"},"breadcrumb":{"@id":"https:\/\/dpress.ma\/fr\/2025\/03\/25\/benslimane-11e-edition-de-la-semaine-des-classes-deau-organisee-par-labhbc\/#breadcrumb"},"inLanguage":"fr-FR","potentialAction":[{"@type":"ReadAction","target":["https:\/\/dpress.ma\/fr\/2025\/03\/25\/benslimane-11e-edition-de-la-semaine-des-classes-deau-organisee-par-labhbc\/"]}]},{"@type":"ImageObject","inLanguage":"fr-FR","@id":"https:\/\/dpress.ma\/fr\/2025\/03\/25\/benslimane-11e-edition-de-la-semaine-des-classes-deau-organisee-par-labhbc\/#primaryimage","url":"https:\/\/dpress.ma\/fr\/wp-content\/uploads\/sites\/2\/2025\/03\/dimensions2-87.jpg","contentUrl":"https:\/\/dpress.ma\/fr\/wp-content\/uploads\/sites\/2\/2025\/03\/dimensions2-87.jpg","width":2539,"height":1594},{"@type":"BreadcrumbList","@id":"https:\/\/dpress.ma\/fr\/2025\/03\/25\/benslimane-11e-edition-de-la-semaine-des-classes-deau-organisee-par-labhbc\/#breadcrumb","itemListElement":[{"@type":"ListItem","position":1,"name":"Home","item":"https:\/\/dpress.ma\/fr\/"},{"@type":"ListItem","position":2,"name":"Benslimane : 11e \u00e9dition de la Semaine des classes d&#8217;eau organis\u00e9e par l&#8217;ABHBC"}]},{"@type":"WebSite","@id":"https:\/\/dpress.ma\/fr\/#website","url":"https:\/\/dpress.ma\/fr\/","name":"Dpress.ma\/fr","description":"","potentialAction":[{"@type":"SearchAction","target":{"@type":"EntryPoint","urlTemplate":"https:\/\/dpress.ma\/fr\/?s={search_term_string}"},"query-input":{"@type":"PropertyValueSpecification","valueRequired":true,"valueName":"search_term_string"}}],"inLanguage":"fr-FR"},{"@type":"Person","@id":"https:\/\/dpress.ma\/fr\/#\/schema\/person\/4898febf3ccd59e6578d838656a306a0","name":"Dpress.ma","image":{"@type":"ImageObject","inLanguage":"fr-FR","@id":"https:\/\/secure.gravatar.com\/avatar\/72ecc30e9db047a2e0e7176561eb9d564ed77c8108376495b19bd8336405198a?s=96&d=mm&r=g","url":"https:\/\/secure.gravatar.com\/avatar\/72ecc30e9db047a2e0e7176561eb9d564ed77c8108376495b19bd8336405198a?s=96&d=mm&r=g","contentUrl":"https:\/\/secure.gravatar.com\/avatar\/72ecc30e9db047a2e0e7176561eb9d564ed77c8108376495b19bd8336405198a?s=96&d=mm&r=g","caption":"Dpress.ma"},"sameAs":["https:\/\/www.dpress.ma"],"url":"https:\/\/dpress.ma\/fr\/author\/dpress-ma\/"}]}},"amp_enabled":true,"_links":{"self":[{"href":"https:\/\/dpress.ma\/fr\/wp-json\/wp\/v2\/posts\/13418","targetHints":{"allow":["GET"]}}],"collection":[{"href":"https:\/\/dpress.ma\/fr\/wp-json\/wp\/v2\/posts"}],"about":[{"href":"https:\/\/dpress.ma\/fr\/wp-json\/wp\/v2\/types\/post"}],"author":[{"embeddable":true,"href":"https:\/\/dpress.ma\/fr\/wp-json\/wp\/v2\/users\/2"}],"replies":[{"embeddable":true,"href":"https:\/\/dpress.ma\/fr\/wp-json\/wp\/v2\/comments?post=13418"}],"version-history":[{"count":1,"href":"https:\/\/dpress.ma\/fr\/wp-json\/wp\/v2\/posts\/13418\/revisions"}],"predecessor-version":[{"id":13420,"href":"https:\/\/dpress.ma\/fr\/wp-json\/wp\/v2\/posts\/13418\/revisions\/13420"}],"wp:featuredmedia":[{"embeddable":true,"href":"https:\/\/dpress.ma\/fr\/wp-json\/wp\/v2\/media\/13419"}],"wp:attachment":[{"href":"https:\/\/dpress.ma\/fr\/wp-json\/wp\/v2\/media?parent=13418"}],"wp:term":[{"taxonomy":"category","embeddable":true,"href":"https:\/\/dpress.ma\/fr\/wp-json\/wp\/v2\/categories?post=13418"},{"taxonomy":"post_tag","embeddable":true,"href":"https:\/\/dpress.ma\/fr\/wp-json\/wp\/v2\/tags?post=13418"}],"curies":[{"name":"wp","href":"https:\/\/api.w.org\/{rel}","templated":true}]}}