{"id":13412,"date":"2025-03-25T10:07:03","date_gmt":"2025-03-25T10:07:03","guid":{"rendered":"https:\/\/dpress.ma\/fr\/?p=13412"},"modified":"2025-03-25T10:07:04","modified_gmt":"2025-03-25T10:07:04","slug":"journee-mondiale-de-lutte-contre-la-tuberculose-un-engagement-renforce-pour-eliminer-la-maladie-ministere","status":"publish","type":"post","link":"https:\/\/dpress.ma\/fr\/2025\/03\/25\/journee-mondiale-de-lutte-contre-la-tuberculose-un-engagement-renforce-pour-eliminer-la-maladie-ministere\/","title":{"rendered":"Journ\u00e9e mondiale de lutte contre la tuberculose : un engagement renforc\u00e9 pour \u00e9liminer la maladie (minist\u00e8re)"},"content":{"rendered":"\n<p class=\"wp-block-paragraph\">dpress<\/p>\n\n\n\n<p class=\"wp-block-paragraph\">Le Maroc c\u00e9l\u00e8bre lundi la Journ\u00e9e mondiale de lutte contre la Tuberculose sous le th\u00e8me \u201cOui ! Nous pouvons mettre fin \u00e0 la tuberculose : nous engager, investir et agir concr\u00e8tement\u201d.<\/p>\n\n\n\n<p class=\"wp-block-paragraph\">Cette c\u00e9l\u00e9bration constitue une opportunit\u00e9 pour faire connaitre au grand public les cons\u00e9quences sanitaires, sociales et \u00e9conomiques de cette maladie et de jeter la lumi\u00e8re sur les moyens disponibles pour pr\u00e9venir son apparition, notamment les protocoles th\u00e9rapeutiques pr\u00e9ventifs destin\u00e9s aux groupes \u00e0 haut risque de d\u00e9velopper une tuberculose, indique le minist\u00e8re de la Sant\u00e9 et de la Protection sociale dans un communiqu\u00e9.<\/p>\n\n\n\n<p class=\"wp-block-paragraph\">Cette ann\u00e9e, la c\u00e9l\u00e9bration de la Journ\u00e9e mondiale met l\u2019accent sur la pr\u00e9vention gr\u00e2ce au d\u00e9pistage pr\u00e9coce et \u00e0 la mise en place de traitement pr\u00e9ventifs efficaces de courte dur\u00e9e, en particulier pour les personnes \u00e0 haut risque telles que les contacts de cas de tuberculose pulmonaire ou les personnes vivant avec le VIH, afin de garantir une protection efficace contre cette maladie, note la m\u00eame source.<\/p>\n\n\n\n<p class=\"wp-block-paragraph\">Sur le plan \u00e9pid\u00e9miologique, la tuberculose touche particuli\u00e8rement la population jeune des zones urbaines et des agglom\u00e9rations les plus dens\u00e9ment peupl\u00e9es, rappelle le communiqu\u00e9.<\/p>\n\n\n\n<p class=\"wp-block-paragraph\">Au Maroc, des efforts de lutte contre la tuberculose sont d\u00e9ploy\u00e9s en mati\u00e8re de d\u00e9pistage et de diagnostic pr\u00e9coce de la tuberculose, permettant une am\u00e9lioration de la d\u00e9tection de nouveaux cas de tuberculose de toutes formes et la prise en charge conform\u00e9ment aux protocoles th\u00e9rapeutiques, souligne le minist\u00e8re.<\/p>\n\n\n\n<p class=\"wp-block-paragraph\">Par ailleurs, la prise en charge de l\u2019infection tuberculeuse (IT) constitue l\u2019une des actions prioritaires permettant de contribuer efficacement \u00e0 mettre fin \u00e0 la tuberculose.<\/p>\n\n\n\n<p class=\"wp-block-paragraph\">Ainsi, le minist\u00e8re a accord\u00e9 \u00e0 ce volet une place importante dans son plan strat\u00e9gique national pour la pr\u00e9vention et le contr\u00f4le de la tuberculose 2024-2030, en \u00e9rigeant l\u2019IT et sa prise en charge par le traitement pr\u00e9ventif (TPT) en objectif strat\u00e9gique majeur \u00e0 atteindre.<\/p>\n\n\n\n<p class=\"wp-block-paragraph\">Cette action prioritaire rev\u00eat une importance cruciale \u00e9tant donn\u00e9 que l\u2019IT constitue le r\u00e9servoir pour la maladie de tuberculose et repr\u00e9sente de ce fait un pourvoyeur de maladies tuberculeux, r\u00e9duisant ainsi l\u2019efficacit\u00e9 des mesures d\u00e9ploy\u00e9es pour faire baisser l\u2019incidence et la mortalit\u00e9, conclut le communiqu\u00e9.<\/p>\n","protected":false},"excerpt":{"rendered":"<p>dpress Le Maroc c\u00e9l\u00e8bre lundi la Journ\u00e9e mondiale de lutte contre la Tuberculose sous le th\u00e8me \u201cOui ! Nous pouvons mettre fin \u00e0 la tuberculose : nous engager, investir et agir concr\u00e8tement\u201d. Cette c\u00e9l\u00e9bration constitue une opportunit\u00e9 pour faire connaitre au grand public les cons\u00e9quences sanitaires, sociales et \u00e9conomiques de cette maladie et de jeter &hellip;<\/p>\n","protected":false},"author":2,"featured_media":13413,"comment_status":"open","ping_status":"open","sticky":false,"template":"","format":"standard","meta":{"footnotes":""},"categories":[40],"tags":[],"class_list":["post-13412","post","type-post","status-publish","format-standard","has-post-thumbnail","hentry","category-societe-et-regions"],"yoast_head":"<!-- This site is optimized with the Yoast SEO plugin v28.0 - https:\/\/yoast.com\/product\/yoast-seo-wordpress\/ -->\n<title>Journ\u00e9e mondiale de lutte contre la tuberculose : un engagement renforc\u00e9 pour \u00e9liminer la maladie (minist\u00e8re) - Dpress.ma\/fr<\/title>\n<meta name=\"robots\" content=\"index, follow, max-snippet:-1, max-image-preview:large, max-video-preview:-1\" \/>\n<link rel=\"canonical\" href=\"https:\/\/dpress.ma\/fr\/2025\/03\/25\/journee-mondiale-de-lutte-contre-la-tuberculose-un-engagement-renforce-pour-eliminer-la-maladie-ministere\/\" \/>\n<meta property=\"og:locale\" content=\"fr_FR\" \/>\n<meta property=\"og:type\" content=\"article\" \/>\n<meta property=\"og:title\" content=\"Journ\u00e9e mondiale de lutte contre la tuberculose : un engagement renforc\u00e9 pour \u00e9liminer la maladie (minist\u00e8re) - Dpress.ma\/fr\" \/>\n<meta property=\"og:description\" content=\"dpress Le Maroc c\u00e9l\u00e8bre lundi la Journ\u00e9e mondiale de lutte contre la Tuberculose sous le th\u00e8me \u201cOui ! Nous pouvons mettre fin \u00e0 la tuberculose : nous engager, investir et agir concr\u00e8tement\u201d. Cette c\u00e9l\u00e9bration constitue une opportunit\u00e9 pour faire connaitre au grand public les cons\u00e9quences sanitaires, sociales et \u00e9conomiques de cette maladie et de jeter &hellip;\" \/>\n<meta property=\"og:url\" content=\"https:\/\/dpress.ma\/fr\/2025\/03\/25\/journee-mondiale-de-lutte-contre-la-tuberculose-un-engagement-renforce-pour-eliminer-la-maladie-ministere\/\" \/>\n<meta property=\"og:site_name\" content=\"Dpress.ma\/fr\" \/>\n<meta property=\"article:published_time\" content=\"2025-03-25T10:07:03+00:00\" \/>\n<meta property=\"article:modified_time\" content=\"2025-03-25T10:07:04+00:00\" \/>\n<meta property=\"og:image\" content=\"https:\/\/dpress.ma\/fr\/wp-content\/uploads\/sites\/2\/2025\/03\/dimensions2-85.jpg\" \/>\n\t<meta property=\"og:image:width\" content=\"2539\" \/>\n\t<meta property=\"og:image:height\" content=\"1594\" \/>\n\t<meta property=\"og:image:type\" content=\"image\/jpeg\" \/>\n<meta name=\"author\" content=\"Dpress.ma\" \/>\n<meta name=\"twitter:card\" content=\"summary_large_image\" \/>\n<meta name=\"twitter:label1\" content=\"\u00c9crit par\" \/>\n\t<meta name=\"twitter:data1\" content=\"Dpress.ma\" \/>\n\t<meta name=\"twitter:label2\" content=\"Dur\u00e9e de lecture estim\u00e9e\" \/>\n\t<meta name=\"twitter:data2\" content=\"2 minutes\" \/>\n<script type=\"application\/ld+json\" class=\"yoast-schema-graph\">{\"@context\":\"https:\\\/\\\/schema.org\",\"@graph\":[{\"@type\":\"Article\",\"@id\":\"https:\\\/\\\/dpress.ma\\\/fr\\\/2025\\\/03\\\/25\\\/journee-mondiale-de-lutte-contre-la-tuberculose-un-engagement-renforce-pour-eliminer-la-maladie-ministere\\\/#article\",\"isPartOf\":{\"@id\":\"https:\\\/\\\/dpress.ma\\\/fr\\\/2025\\\/03\\\/25\\\/journee-mondiale-de-lutte-contre-la-tuberculose-un-engagement-renforce-pour-eliminer-la-maladie-ministere\\\/\"},\"author\":{\"name\":\"Dpress.ma\",\"@id\":\"https:\\\/\\\/dpress.ma\\\/fr\\\/#\\\/schema\\\/person\\\/4898febf3ccd59e6578d838656a306a0\"},\"headline\":\"Journ\u00e9e mondiale de lutte contre la tuberculose : un engagement renforc\u00e9 pour \u00e9liminer la maladie (minist\u00e8re)\",\"datePublished\":\"2025-03-25T10:07:03+00:00\",\"dateModified\":\"2025-03-25T10:07:04+00:00\",\"mainEntityOfPage\":{\"@id\":\"https:\\\/\\\/dpress.ma\\\/fr\\\/2025\\\/03\\\/25\\\/journee-mondiale-de-lutte-contre-la-tuberculose-un-engagement-renforce-pour-eliminer-la-maladie-ministere\\\/\"},\"wordCount\":415,\"commentCount\":0,\"image\":{\"@id\":\"https:\\\/\\\/dpress.ma\\\/fr\\\/2025\\\/03\\\/25\\\/journee-mondiale-de-lutte-contre-la-tuberculose-un-engagement-renforce-pour-eliminer-la-maladie-ministere\\\/#primaryimage\"},\"thumbnailUrl\":\"https:\\\/\\\/dpress.ma\\\/fr\\\/wp-content\\\/uploads\\\/sites\\\/2\\\/2025\\\/03\\\/dimensions2-85.jpg\",\"articleSection\":[\"societe et regions\"],\"inLanguage\":\"fr-FR\",\"potentialAction\":[{\"@type\":\"CommentAction\",\"name\":\"Comment\",\"target\":[\"https:\\\/\\\/dpress.ma\\\/fr\\\/2025\\\/03\\\/25\\\/journee-mondiale-de-lutte-contre-la-tuberculose-un-engagement-renforce-pour-eliminer-la-maladie-ministere\\\/#respond\"]}]},{\"@type\":\"WebPage\",\"@id\":\"https:\\\/\\\/dpress.ma\\\/fr\\\/2025\\\/03\\\/25\\\/journee-mondiale-de-lutte-contre-la-tuberculose-un-engagement-renforce-pour-eliminer-la-maladie-ministere\\\/\",\"url\":\"https:\\\/\\\/dpress.ma\\\/fr\\\/2025\\\/03\\\/25\\\/journee-mondiale-de-lutte-contre-la-tuberculose-un-engagement-renforce-pour-eliminer-la-maladie-ministere\\\/\",\"name\":\"Journ\u00e9e mondiale de lutte contre la tuberculose : un engagement renforc\u00e9 pour \u00e9liminer la maladie (minist\u00e8re) - Dpress.ma\\\/fr\",\"isPartOf\":{\"@id\":\"https:\\\/\\\/dpress.ma\\\/fr\\\/#website\"},\"primaryImageOfPage\":{\"@id\":\"https:\\\/\\\/dpress.ma\\\/fr\\\/2025\\\/03\\\/25\\\/journee-mondiale-de-lutte-contre-la-tuberculose-un-engagement-renforce-pour-eliminer-la-maladie-ministere\\\/#primaryimage\"},\"image\":{\"@id\":\"https:\\\/\\\/dpress.ma\\\/fr\\\/2025\\\/03\\\/25\\\/journee-mondiale-de-lutte-contre-la-tuberculose-un-engagement-renforce-pour-eliminer-la-maladie-ministere\\\/#primaryimage\"},\"thumbnailUrl\":\"https:\\\/\\\/dpress.ma\\\/fr\\\/wp-content\\\/uploads\\\/sites\\\/2\\\/2025\\\/03\\\/dimensions2-85.jpg\",\"datePublished\":\"2025-03-25T10:07:03+00:00\",\"dateModified\":\"2025-03-25T10:07:04+00:00\",\"author\":{\"@id\":\"https:\\\/\\\/dpress.ma\\\/fr\\\/#\\\/schema\\\/person\\\/4898febf3ccd59e6578d838656a306a0\"},\"breadcrumb\":{\"@id\":\"https:\\\/\\\/dpress.ma\\\/fr\\\/2025\\\/03\\\/25\\\/journee-mondiale-de-lutte-contre-la-tuberculose-un-engagement-renforce-pour-eliminer-la-maladie-ministere\\\/#breadcrumb\"},\"inLanguage\":\"fr-FR\",\"potentialAction\":[{\"@type\":\"ReadAction\",\"target\":[\"https:\\\/\\\/dpress.ma\\\/fr\\\/2025\\\/03\\\/25\\\/journee-mondiale-de-lutte-contre-la-tuberculose-un-engagement-renforce-pour-eliminer-la-maladie-ministere\\\/\"]}]},{\"@type\":\"ImageObject\",\"inLanguage\":\"fr-FR\",\"@id\":\"https:\\\/\\\/dpress.ma\\\/fr\\\/2025\\\/03\\\/25\\\/journee-mondiale-de-lutte-contre-la-tuberculose-un-engagement-renforce-pour-eliminer-la-maladie-ministere\\\/#primaryimage\",\"url\":\"https:\\\/\\\/dpress.ma\\\/fr\\\/wp-content\\\/uploads\\\/sites\\\/2\\\/2025\\\/03\\\/dimensions2-85.jpg\",\"contentUrl\":\"https:\\\/\\\/dpress.ma\\\/fr\\\/wp-content\\\/uploads\\\/sites\\\/2\\\/2025\\\/03\\\/dimensions2-85.jpg\",\"width\":2539,\"height\":1594},{\"@type\":\"BreadcrumbList\",\"@id\":\"https:\\\/\\\/dpress.ma\\\/fr\\\/2025\\\/03\\\/25\\\/journee-mondiale-de-lutte-contre-la-tuberculose-un-engagement-renforce-pour-eliminer-la-maladie-ministere\\\/#breadcrumb\",\"itemListElement\":[{\"@type\":\"ListItem\",\"position\":1,\"name\":\"Home\",\"item\":\"https:\\\/\\\/dpress.ma\\\/fr\\\/\"},{\"@type\":\"ListItem\",\"position\":2,\"name\":\"Journ\u00e9e mondiale de lutte contre la tuberculose : un engagement renforc\u00e9 pour \u00e9liminer la maladie (minist\u00e8re)\"}]},{\"@type\":\"WebSite\",\"@id\":\"https:\\\/\\\/dpress.ma\\\/fr\\\/#website\",\"url\":\"https:\\\/\\\/dpress.ma\\\/fr\\\/\",\"name\":\"Dpress.ma\\\/fr\",\"description\":\"\",\"potentialAction\":[{\"@type\":\"SearchAction\",\"target\":{\"@type\":\"EntryPoint\",\"urlTemplate\":\"https:\\\/\\\/dpress.ma\\\/fr\\\/?s={search_term_string}\"},\"query-input\":{\"@type\":\"PropertyValueSpecification\",\"valueRequired\":true,\"valueName\":\"search_term_string\"}}],\"inLanguage\":\"fr-FR\"},{\"@type\":\"Person\",\"@id\":\"https:\\\/\\\/dpress.ma\\\/fr\\\/#\\\/schema\\\/person\\\/4898febf3ccd59e6578d838656a306a0\",\"name\":\"Dpress.ma\",\"image\":{\"@type\":\"ImageObject\",\"inLanguage\":\"fr-FR\",\"@id\":\"https:\\\/\\\/secure.gravatar.com\\\/avatar\\\/72ecc30e9db047a2e0e7176561eb9d564ed77c8108376495b19bd8336405198a?s=96&d=mm&r=g\",\"url\":\"https:\\\/\\\/secure.gravatar.com\\\/avatar\\\/72ecc30e9db047a2e0e7176561eb9d564ed77c8108376495b19bd8336405198a?s=96&d=mm&r=g\",\"contentUrl\":\"https:\\\/\\\/secure.gravatar.com\\\/avatar\\\/72ecc30e9db047a2e0e7176561eb9d564ed77c8108376495b19bd8336405198a?s=96&d=mm&r=g\",\"caption\":\"Dpress.ma\"},\"sameAs\":[\"https:\\\/\\\/www.dpress.ma\"],\"url\":\"https:\\\/\\\/dpress.ma\\\/fr\\\/author\\\/dpress-ma\\\/\"}]}<\/script>\n<!-- \/ Yoast SEO plugin. -->","yoast_head_json":{"title":"Journ\u00e9e mondiale de lutte contre la tuberculose : un engagement renforc\u00e9 pour \u00e9liminer la maladie (minist\u00e8re) - Dpress.ma\/fr","robots":{"index":"index","follow":"follow","max-snippet":"max-snippet:-1","max-image-preview":"max-image-preview:large","max-video-preview":"max-video-preview:-1"},"canonical":"https:\/\/dpress.ma\/fr\/2025\/03\/25\/journee-mondiale-de-lutte-contre-la-tuberculose-un-engagement-renforce-pour-eliminer-la-maladie-ministere\/","og_locale":"fr_FR","og_type":"article","og_title":"Journ\u00e9e mondiale de lutte contre la tuberculose : un engagement renforc\u00e9 pour \u00e9liminer la maladie (minist\u00e8re) - Dpress.ma\/fr","og_description":"dpress Le Maroc c\u00e9l\u00e8bre lundi la Journ\u00e9e mondiale de lutte contre la Tuberculose sous le th\u00e8me \u201cOui ! Nous pouvons mettre fin \u00e0 la tuberculose : nous engager, investir et agir concr\u00e8tement\u201d. Cette c\u00e9l\u00e9bration constitue une opportunit\u00e9 pour faire connaitre au grand public les cons\u00e9quences sanitaires, sociales et \u00e9conomiques de cette maladie et de jeter &hellip;","og_url":"https:\/\/dpress.ma\/fr\/2025\/03\/25\/journee-mondiale-de-lutte-contre-la-tuberculose-un-engagement-renforce-pour-eliminer-la-maladie-ministere\/","og_site_name":"Dpress.ma\/fr","article_published_time":"2025-03-25T10:07:03+00:00","article_modified_time":"2025-03-25T10:07:04+00:00","og_image":[{"width":2539,"height":1594,"url":"https:\/\/dpress.ma\/fr\/wp-content\/uploads\/sites\/2\/2025\/03\/dimensions2-85.jpg","type":"image\/jpeg"}],"author":"Dpress.ma","twitter_card":"summary_large_image","twitter_misc":{"\u00c9crit par":"Dpress.ma","Dur\u00e9e de lecture estim\u00e9e":"2 minutes"},"schema":{"@context":"https:\/\/schema.org","@graph":[{"@type":"Article","@id":"https:\/\/dpress.ma\/fr\/2025\/03\/25\/journee-mondiale-de-lutte-contre-la-tuberculose-un-engagement-renforce-pour-eliminer-la-maladie-ministere\/#article","isPartOf":{"@id":"https:\/\/dpress.ma\/fr\/2025\/03\/25\/journee-mondiale-de-lutte-contre-la-tuberculose-un-engagement-renforce-pour-eliminer-la-maladie-ministere\/"},"author":{"name":"Dpress.ma","@id":"https:\/\/dpress.ma\/fr\/#\/schema\/person\/4898febf3ccd59e6578d838656a306a0"},"headline":"Journ\u00e9e mondiale de lutte contre la tuberculose : un engagement renforc\u00e9 pour \u00e9liminer la maladie (minist\u00e8re)","datePublished":"2025-03-25T10:07:03+00:00","dateModified":"2025-03-25T10:07:04+00:00","mainEntityOfPage":{"@id":"https:\/\/dpress.ma\/fr\/2025\/03\/25\/journee-mondiale-de-lutte-contre-la-tuberculose-un-engagement-renforce-pour-eliminer-la-maladie-ministere\/"},"wordCount":415,"commentCount":0,"image":{"@id":"https:\/\/dpress.ma\/fr\/2025\/03\/25\/journee-mondiale-de-lutte-contre-la-tuberculose-un-engagement-renforce-pour-eliminer-la-maladie-ministere\/#primaryimage"},"thumbnailUrl":"https:\/\/dpress.ma\/fr\/wp-content\/uploads\/sites\/2\/2025\/03\/dimensions2-85.jpg","articleSection":["societe et regions"],"inLanguage":"fr-FR","potentialAction":[{"@type":"CommentAction","name":"Comment","target":["https:\/\/dpress.ma\/fr\/2025\/03\/25\/journee-mondiale-de-lutte-contre-la-tuberculose-un-engagement-renforce-pour-eliminer-la-maladie-ministere\/#respond"]}]},{"@type":"WebPage","@id":"https:\/\/dpress.ma\/fr\/2025\/03\/25\/journee-mondiale-de-lutte-contre-la-tuberculose-un-engagement-renforce-pour-eliminer-la-maladie-ministere\/","url":"https:\/\/dpress.ma\/fr\/2025\/03\/25\/journee-mondiale-de-lutte-contre-la-tuberculose-un-engagement-renforce-pour-eliminer-la-maladie-ministere\/","name":"Journ\u00e9e mondiale de lutte contre la tuberculose : un engagement renforc\u00e9 pour \u00e9liminer la maladie (minist\u00e8re) - Dpress.ma\/fr","isPartOf":{"@id":"https:\/\/dpress.ma\/fr\/#website"},"primaryImageOfPage":{"@id":"https:\/\/dpress.ma\/fr\/2025\/03\/25\/journee-mondiale-de-lutte-contre-la-tuberculose-un-engagement-renforce-pour-eliminer-la-maladie-ministere\/#primaryimage"},"image":{"@id":"https:\/\/dpress.ma\/fr\/2025\/03\/25\/journee-mondiale-de-lutte-contre-la-tuberculose-un-engagement-renforce-pour-eliminer-la-maladie-ministere\/#primaryimage"},"thumbnailUrl":"https:\/\/dpress.ma\/fr\/wp-content\/uploads\/sites\/2\/2025\/03\/dimensions2-85.jpg","datePublished":"2025-03-25T10:07:03+00:00","dateModified":"2025-03-25T10:07:04+00:00","author":{"@id":"https:\/\/dpress.ma\/fr\/#\/schema\/person\/4898febf3ccd59e6578d838656a306a0"},"breadcrumb":{"@id":"https:\/\/dpress.ma\/fr\/2025\/03\/25\/journee-mondiale-de-lutte-contre-la-tuberculose-un-engagement-renforce-pour-eliminer-la-maladie-ministere\/#breadcrumb"},"inLanguage":"fr-FR","potentialAction":[{"@type":"ReadAction","target":["https:\/\/dpress.ma\/fr\/2025\/03\/25\/journee-mondiale-de-lutte-contre-la-tuberculose-un-engagement-renforce-pour-eliminer-la-maladie-ministere\/"]}]},{"@type":"ImageObject","inLanguage":"fr-FR","@id":"https:\/\/dpress.ma\/fr\/2025\/03\/25\/journee-mondiale-de-lutte-contre-la-tuberculose-un-engagement-renforce-pour-eliminer-la-maladie-ministere\/#primaryimage","url":"https:\/\/dpress.ma\/fr\/wp-content\/uploads\/sites\/2\/2025\/03\/dimensions2-85.jpg","contentUrl":"https:\/\/dpress.ma\/fr\/wp-content\/uploads\/sites\/2\/2025\/03\/dimensions2-85.jpg","width":2539,"height":1594},{"@type":"BreadcrumbList","@id":"https:\/\/dpress.ma\/fr\/2025\/03\/25\/journee-mondiale-de-lutte-contre-la-tuberculose-un-engagement-renforce-pour-eliminer-la-maladie-ministere\/#breadcrumb","itemListElement":[{"@type":"ListItem","position":1,"name":"Home","item":"https:\/\/dpress.ma\/fr\/"},{"@type":"ListItem","position":2,"name":"Journ\u00e9e mondiale de lutte contre la tuberculose : un engagement renforc\u00e9 pour \u00e9liminer la maladie (minist\u00e8re)"}]},{"@type":"WebSite","@id":"https:\/\/dpress.ma\/fr\/#website","url":"https:\/\/dpress.ma\/fr\/","name":"Dpress.ma\/fr","description":"","potentialAction":[{"@type":"SearchAction","target":{"@type":"EntryPoint","urlTemplate":"https:\/\/dpress.ma\/fr\/?s={search_term_string}"},"query-input":{"@type":"PropertyValueSpecification","valueRequired":true,"valueName":"search_term_string"}}],"inLanguage":"fr-FR"},{"@type":"Person","@id":"https:\/\/dpress.ma\/fr\/#\/schema\/person\/4898febf3ccd59e6578d838656a306a0","name":"Dpress.ma","image":{"@type":"ImageObject","inLanguage":"fr-FR","@id":"https:\/\/secure.gravatar.com\/avatar\/72ecc30e9db047a2e0e7176561eb9d564ed77c8108376495b19bd8336405198a?s=96&d=mm&r=g","url":"https:\/\/secure.gravatar.com\/avatar\/72ecc30e9db047a2e0e7176561eb9d564ed77c8108376495b19bd8336405198a?s=96&d=mm&r=g","contentUrl":"https:\/\/secure.gravatar.com\/avatar\/72ecc30e9db047a2e0e7176561eb9d564ed77c8108376495b19bd8336405198a?s=96&d=mm&r=g","caption":"Dpress.ma"},"sameAs":["https:\/\/www.dpress.ma"],"url":"https:\/\/dpress.ma\/fr\/author\/dpress-ma\/"}]}},"amp_enabled":true,"_links":{"self":[{"href":"https:\/\/dpress.ma\/fr\/wp-json\/wp\/v2\/posts\/13412","targetHints":{"allow":["GET"]}}],"collection":[{"href":"https:\/\/dpress.ma\/fr\/wp-json\/wp\/v2\/posts"}],"about":[{"href":"https:\/\/dpress.ma\/fr\/wp-json\/wp\/v2\/types\/post"}],"author":[{"embeddable":true,"href":"https:\/\/dpress.ma\/fr\/wp-json\/wp\/v2\/users\/2"}],"replies":[{"embeddable":true,"href":"https:\/\/dpress.ma\/fr\/wp-json\/wp\/v2\/comments?post=13412"}],"version-history":[{"count":1,"href":"https:\/\/dpress.ma\/fr\/wp-json\/wp\/v2\/posts\/13412\/revisions"}],"predecessor-version":[{"id":13414,"href":"https:\/\/dpress.ma\/fr\/wp-json\/wp\/v2\/posts\/13412\/revisions\/13414"}],"wp:featuredmedia":[{"embeddable":true,"href":"https:\/\/dpress.ma\/fr\/wp-json\/wp\/v2\/media\/13413"}],"wp:attachment":[{"href":"https:\/\/dpress.ma\/fr\/wp-json\/wp\/v2\/media?parent=13412"}],"wp:term":[{"taxonomy":"category","embeddable":true,"href":"https:\/\/dpress.ma\/fr\/wp-json\/wp\/v2\/categories?post=13412"},{"taxonomy":"post_tag","embeddable":true,"href":"https:\/\/dpress.ma\/fr\/wp-json\/wp\/v2\/tags?post=13412"}],"curies":[{"name":"wp","href":"https:\/\/api.w.org\/{rel}","templated":true}]}}