{"id":13409,"date":"2025-03-25T09:57:28","date_gmt":"2025-03-25T09:57:28","guid":{"rendered":"https:\/\/dpress.ma\/fr\/?p=13409"},"modified":"2025-03-25T09:57:37","modified_gmt":"2025-03-25T09:57:37","slug":"le-groupe-akdital-a-inaugure-son-34e-etablissement-de-sante-dans-la-ville-de-guelmim-marquant-ainsi-une-nouvelle-etape-dans-son-expansion-et-son-engagement-a-offrir-des-services-de-sante-de-qualite-a","status":"publish","type":"post","link":"https:\/\/dpress.ma\/fr\/2025\/03\/25\/le-groupe-akdital-a-inaugure-son-34e-etablissement-de-sante-dans-la-ville-de-guelmim-marquant-ainsi-une-nouvelle-etape-dans-son-expansion-et-son-engagement-a-offrir-des-services-de-sante-de-qualite-a\/","title":{"rendered":"Le groupe Akdital a inaugur\u00e9 son 34e \u00e9tablissement de sant\u00e9 dans la ville de Guelmim, marquant ainsi une nouvelle \u00e9tape dans son expansion et son engagement \u00e0 offrir des services de sant\u00e9 de qualit\u00e9 \u00e0 travers le Royaume"},"content":{"rendered":"\n<p class=\"wp-block-paragraph\">dpress<\/p>\n\n\n\n<p class=\"wp-block-paragraph\">Le groupe Akdital continue de mettre en \u0153uvre sa strat\u00e9gie d\u2019expansion et de consolidation de la pr\u00e9sence territoriale en inaugurant une nouvelle infrastructure de sant\u00e9 multidisciplinaire \u00e0 Guelmim : l\u2019H\u00f4pital priv\u00e9 Guelmim.<\/p>\n\n\n\n<p class=\"wp-block-paragraph\">R\u00e9alis\u00e9 pour un investissement total de 250 MMAD, cet \u00e9tablissement multidisciplinaire de sant\u00e9 de pointe s\u2019inscrit dans le cadre de la dynamique nationale visant \u00e0 moderniser le secteur de la sant\u00e9 au Maroc, indique le groupe dans un communiqu\u00e9.<\/p>\n\n\n\n<p class=\"wp-block-paragraph\"><strong>L\u2019h\u00f4pital priv\u00e9 Guelmim, un \u00e9tablissement de sant\u00e9 multidisciplinaire et oncologique, r\u00e9pondant aux plus hauts standards internationaux<\/strong><\/p>\n\n\n\n<p class=\"wp-block-paragraph\">L\u2019H\u00f4pital priv\u00e9 Guelmim, en tant qu\u2019\u00e9tablissement de soins multidisciplinaires et oncologique dispensant un \u00e9ventail \u00e9tendu de sp\u00e9cialit\u00e9s tant m\u00e9dicales que chirurgicales, met \u00e0 la disposition des habitants de Guelmim et ses environs, des \u00e9quipements de derni\u00e8re g\u00e9n\u00e9ration destin\u00e9s au traitement de toutes les pathologies, des plus simples aux plus complexes. Cette proximit\u00e9 offre aux r\u00e9sidents un acc\u00e8s pratique \u00e0 des soins de qualit\u00e9, \u00e9liminant ainsi la n\u00e9cessit\u00e9 de se d\u00e9placer vers les grandes villes pour b\u00e9n\u00e9ficier de services m\u00e9dicaux avanc\u00e9s.<\/p>\n\n\n\n<p class=\"wp-block-paragraph\">L\u2019\u00e9tablissement de sant\u00e9 dispose de 126 lits d\u2019hospitalisation et de 8 blocs op\u00e9ratoires ultra-modernes. Ces derniers sont \u00e9quip\u00e9s d\u2019installations de pointe, comprenant notamment une unit\u00e9 technique d\u2019accouchement et deux salles d\u2019endoscopie, assurant ainsi des soins de qualit\u00e9 et une exp\u00e9rience optimale pour les patients.<\/p>\n\n\n\n<p class=\"wp-block-paragraph\">\u00c9labor\u00e9 selon les normes les plus exigeantes en mati\u00e8re d\u2019hygi\u00e8ne hospitali\u00e8re internationale et orient\u00e9 vers l\u2019optimisation du parcours patient, l\u2019H\u00f4pital priv\u00e9 Guelmim est dot\u00e9 d\u2019un p\u00f4le de r\u00e9animation comprenant 9 box d\u00e9di\u00e9s \u00e0 la r\u00e9animation polyvalente et cardio-vasculaire, ainsi que 7 couveuses destin\u00e9es \u00e0 la r\u00e9animation n\u00e9onatale et une unit\u00e9 de soins intensifs \u00e9quip\u00e9e de 25 lits.<\/p>\n\n\n\n<p class=\"wp-block-paragraph\">Une unit\u00e9 de cardiologie interventionnelle, \u00e9quip\u00e9e de technologies de pointe, a \u00e9t\u00e9 \u00e9tablie, facilitant le traitement des affections cardiovasculaires et neurovasculaires. Ce service comprend une salle de cath\u00e9t\u00e9risme ainsi qu\u2019une salle r\u00e9serv\u00e9e aux \u00e9preuves d\u2019effort.<\/p>\n\n\n\n<p class=\"wp-block-paragraph\">Cette infrastructure de derni\u00e8re g\u00e9n\u00e9ration accueille un p\u00f4le m\u00e8re-enfant comprenant 14 lits et une nurserie.<\/p>\n\n\n\n<p class=\"wp-block-paragraph\">L\u2019H\u00f4pital priv\u00e9 Guelmim abrite \u00e9galement un centre de radiologie complet accessible 24h\/24 et 7j\/7, comprenant une IRM, un scanner, des \u00e9quipements de radiographie standard, ainsi qu\u2019une \u00e9chographie et une mammographie.<\/p>\n\n\n\n<p class=\"wp-block-paragraph\">Ces installations \u00e0 la pointe de la technologie sont con\u00e7ues pour optimiser le parcours des patients et acc\u00e9l\u00e9rer les processus de diagnostic et de prise en charge des malades.<\/p>\n\n\n\n<p class=\"wp-block-paragraph\"><strong>Un centre d\u2019oncologie d\u00e9di\u00e9 \u00e0 la prise en charge des cancers<\/strong><\/p>\n\n\n\n<p class=\"wp-block-paragraph\">L\u2019H\u00f4pital priv\u00e9 Guelmim se distingue par son centre d\u2019oncologie int\u00e9gr\u00e9, d\u00e9di\u00e9 \u00e0 la prise en charge diagnostique et th\u00e9rapeutique des cancers. Ce centre comprend un h\u00f4pital de jour de chimioth\u00e9rapie avec 13 fauteuils de traitement et une unit\u00e9 de radioth\u00e9rapie \u00e9quip\u00e9e d\u2019un acc\u00e9l\u00e9rateur de derni\u00e8re g\u00e9n\u00e9ration garantissant la qualit\u00e9 et la s\u00e9curit\u00e9 des soins, ainsi qu\u2019un Scanner Dosim\u00e9trique. Ce p\u00f4le renforce l\u2019engagement de l\u2019h\u00f4pital envers l\u2019excellence des soins oncologiques et contribue \u00e0 offrir une r\u00e9ponse compl\u00e8te aux besoins des patients.<\/p>\n\n\n\n<p class=\"wp-block-paragraph\"><strong>Un parcours patient optimis\u00e9 et s\u00e9curis\u00e9<\/strong><\/p>\n\n\n\n<p class=\"wp-block-paragraph\">L\u2019H\u00f4pital priv\u00e9 Guelmim abrite un laboratoire d\u2019analyses m\u00e9dicales \u00e0 la pointe de la technologie. Ce laboratoire, accessible en permanence, est \u00e9quip\u00e9 de mat\u00e9riels de derni\u00e8re g\u00e9n\u00e9ration permettant divers tests et examens, allant des analyses sanguines courantes aux tests sp\u00e9cialis\u00e9s en biochimie, h\u00e9matologie, microbiologie et immunologie.<\/p>\n\n\n\n<p class=\"wp-block-paragraph\">Par ailleurs, un service d\u2019urgence op\u00e9rationnel 24 heures sur 24 et 7 jours sur 7 est \u00e0 disposition pour accueillir les patients en \u00e9tat critique, garantissant une pr\u00e9sence continue de m\u00e9decins r\u00e9animateurs anesth\u00e9sistes sur place. Cette r\u00e9activit\u00e9 s\u2019av\u00e8re essentielle pour assurer une prise en charge optimale des situations d\u2019urgence.<\/p>\n\n\n\n<p class=\"wp-block-paragraph\">La gestion des donn\u00e9es m\u00e9dicales des patients est totalement digitalis\u00e9e et centralis\u00e9e, permettant un acc\u00e8s instantan\u00e9 et s\u00e9curis\u00e9, renfor\u00e7ant ainsi l\u2019efficacit\u00e9 des soins prodigu\u00e9s \u00e0 l\u2019H\u00f4pital priv\u00e9 Guelmim.<\/p>\n\n\n\n<p class=\"wp-block-paragraph\">Cet \u00e9tablissement de sant\u00e9 est con\u00e7u dans une perspective d\u2019excellence des soins, pour un parcours patient individualis\u00e9.<\/p>\n\n\n\n<p class=\"wp-block-paragraph\">Leader du secteur priv\u00e9 de la sant\u00e9 au Maroc, le Groupe AKDITAL fait de l\u2019accessibilit\u00e9 aux soins une priorit\u00e9 dans sa mission. Il offre une capacit\u00e9 de 3.832 lits \u00e0 travers 34 \u00e9tablissements dans 20 villes du Royaume, et emploie plus de 7.591 collaborateurs.<\/p>\n\n\n\n<p class=\"wp-block-paragraph\">Depuis le 14 d\u00e9cembre 2022, le Groupe AKDITAL est cot\u00e9 \u00e0 la Bourse de Casablanca sous le ticker AKT, marquant ainsi la premi\u00e8re entr\u00e9e du secteur de la sant\u00e9 sur la place financi\u00e8re.<\/p>\n","protected":false},"excerpt":{"rendered":"<p>dpress Le groupe Akdital continue de mettre en \u0153uvre sa strat\u00e9gie d\u2019expansion et de consolidation de la pr\u00e9sence territoriale en inaugurant une nouvelle infrastructure de sant\u00e9 multidisciplinaire \u00e0 Guelmim : l\u2019H\u00f4pital priv\u00e9 Guelmim. R\u00e9alis\u00e9 pour un investissement total de 250 MMAD, cet \u00e9tablissement multidisciplinaire de sant\u00e9 de pointe s\u2019inscrit dans le cadre de la dynamique &hellip;<\/p>\n","protected":false},"author":2,"featured_media":13410,"comment_status":"open","ping_status":"open","sticky":false,"template":"","format":"standard","meta":{"footnotes":""},"categories":[40],"tags":[],"class_list":["post-13409","post","type-post","status-publish","format-standard","has-post-thumbnail","hentry","category-societe-et-regions"],"yoast_head":"<!-- This site is optimized with the Yoast SEO plugin v28.0 - https:\/\/yoast.com\/product\/yoast-seo-wordpress\/ -->\n<title>Le groupe Akdital a inaugur\u00e9 son 34e \u00e9tablissement de sant\u00e9 dans la ville de Guelmim, marquant ainsi une nouvelle \u00e9tape dans son expansion et son engagement \u00e0 offrir des services de sant\u00e9 de qualit\u00e9 \u00e0 travers le Royaume - Dpress.ma\/fr<\/title>\n<meta name=\"robots\" content=\"index, follow, max-snippet:-1, max-image-preview:large, max-video-preview:-1\" \/>\n<link rel=\"canonical\" href=\"https:\/\/dpress.ma\/fr\/2025\/03\/25\/le-groupe-akdital-a-inaugure-son-34e-etablissement-de-sante-dans-la-ville-de-guelmim-marquant-ainsi-une-nouvelle-etape-dans-son-expansion-et-son-engagement-a-offrir-des-services-de-sante-de-qualite-a\/\" \/>\n<meta property=\"og:locale\" content=\"fr_FR\" \/>\n<meta property=\"og:type\" content=\"article\" \/>\n<meta property=\"og:title\" content=\"Le groupe Akdital a inaugur\u00e9 son 34e \u00e9tablissement de sant\u00e9 dans la ville de Guelmim, marquant ainsi une nouvelle \u00e9tape dans son expansion et son engagement \u00e0 offrir des services de sant\u00e9 de qualit\u00e9 \u00e0 travers le Royaume - Dpress.ma\/fr\" \/>\n<meta property=\"og:description\" content=\"dpress Le groupe Akdital continue de mettre en \u0153uvre sa strat\u00e9gie d\u2019expansion et de consolidation de la pr\u00e9sence territoriale en inaugurant une nouvelle infrastructure de sant\u00e9 multidisciplinaire \u00e0 Guelmim : l\u2019H\u00f4pital priv\u00e9 Guelmim. R\u00e9alis\u00e9 pour un investissement total de 250 MMAD, cet \u00e9tablissement multidisciplinaire de sant\u00e9 de pointe s\u2019inscrit dans le cadre de la dynamique &hellip;\" \/>\n<meta property=\"og:url\" content=\"https:\/\/dpress.ma\/fr\/2025\/03\/25\/le-groupe-akdital-a-inaugure-son-34e-etablissement-de-sante-dans-la-ville-de-guelmim-marquant-ainsi-une-nouvelle-etape-dans-son-expansion-et-son-engagement-a-offrir-des-services-de-sante-de-qualite-a\/\" \/>\n<meta property=\"og:site_name\" content=\"Dpress.ma\/fr\" \/>\n<meta property=\"article:published_time\" content=\"2025-03-25T09:57:28+00:00\" \/>\n<meta property=\"article:modified_time\" content=\"2025-03-25T09:57:37+00:00\" \/>\n<meta property=\"og:image\" content=\"https:\/\/dpress.ma\/fr\/wp-content\/uploads\/sites\/2\/2025\/03\/dimensions2-84.jpg\" \/>\n\t<meta property=\"og:image:width\" content=\"2539\" \/>\n\t<meta property=\"og:image:height\" content=\"1594\" \/>\n\t<meta property=\"og:image:type\" content=\"image\/jpeg\" \/>\n<meta name=\"author\" content=\"Dpress.ma\" \/>\n<meta name=\"twitter:card\" content=\"summary_large_image\" \/>\n<meta name=\"twitter:label1\" content=\"\u00c9crit par\" \/>\n\t<meta name=\"twitter:data1\" content=\"Dpress.ma\" \/>\n\t<meta name=\"twitter:label2\" content=\"Dur\u00e9e de lecture estim\u00e9e\" \/>\n\t<meta name=\"twitter:data2\" content=\"4 minutes\" \/>\n<script type=\"application\/ld+json\" class=\"yoast-schema-graph\">{\"@context\":\"https:\\\/\\\/schema.org\",\"@graph\":[{\"@type\":\"Article\",\"@id\":\"https:\\\/\\\/dpress.ma\\\/fr\\\/2025\\\/03\\\/25\\\/le-groupe-akdital-a-inaugure-son-34e-etablissement-de-sante-dans-la-ville-de-guelmim-marquant-ainsi-une-nouvelle-etape-dans-son-expansion-et-son-engagement-a-offrir-des-services-de-sante-de-qualite-a\\\/#article\",\"isPartOf\":{\"@id\":\"https:\\\/\\\/dpress.ma\\\/fr\\\/2025\\\/03\\\/25\\\/le-groupe-akdital-a-inaugure-son-34e-etablissement-de-sante-dans-la-ville-de-guelmim-marquant-ainsi-une-nouvelle-etape-dans-son-expansion-et-son-engagement-a-offrir-des-services-de-sante-de-qualite-a\\\/\"},\"author\":{\"name\":\"Dpress.ma\",\"@id\":\"https:\\\/\\\/dpress.ma\\\/fr\\\/#\\\/schema\\\/person\\\/4898febf3ccd59e6578d838656a306a0\"},\"headline\":\"Le groupe Akdital a inaugur\u00e9 son 34e \u00e9tablissement de sant\u00e9 dans la ville de Guelmim, marquant ainsi une nouvelle \u00e9tape dans son expansion et son engagement \u00e0 offrir des services de sant\u00e9 de qualit\u00e9 \u00e0 travers le Royaume\",\"datePublished\":\"2025-03-25T09:57:28+00:00\",\"dateModified\":\"2025-03-25T09:57:37+00:00\",\"mainEntityOfPage\":{\"@id\":\"https:\\\/\\\/dpress.ma\\\/fr\\\/2025\\\/03\\\/25\\\/le-groupe-akdital-a-inaugure-son-34e-etablissement-de-sante-dans-la-ville-de-guelmim-marquant-ainsi-une-nouvelle-etape-dans-son-expansion-et-son-engagement-a-offrir-des-services-de-sante-de-qualite-a\\\/\"},\"wordCount\":832,\"commentCount\":0,\"image\":{\"@id\":\"https:\\\/\\\/dpress.ma\\\/fr\\\/2025\\\/03\\\/25\\\/le-groupe-akdital-a-inaugure-son-34e-etablissement-de-sante-dans-la-ville-de-guelmim-marquant-ainsi-une-nouvelle-etape-dans-son-expansion-et-son-engagement-a-offrir-des-services-de-sante-de-qualite-a\\\/#primaryimage\"},\"thumbnailUrl\":\"https:\\\/\\\/dpress.ma\\\/fr\\\/wp-content\\\/uploads\\\/sites\\\/2\\\/2025\\\/03\\\/dimensions2-84.jpg\",\"articleSection\":[\"societe et regions\"],\"inLanguage\":\"fr-FR\",\"potentialAction\":[{\"@type\":\"CommentAction\",\"name\":\"Comment\",\"target\":[\"https:\\\/\\\/dpress.ma\\\/fr\\\/2025\\\/03\\\/25\\\/le-groupe-akdital-a-inaugure-son-34e-etablissement-de-sante-dans-la-ville-de-guelmim-marquant-ainsi-une-nouvelle-etape-dans-son-expansion-et-son-engagement-a-offrir-des-services-de-sante-de-qualite-a\\\/#respond\"]}]},{\"@type\":\"WebPage\",\"@id\":\"https:\\\/\\\/dpress.ma\\\/fr\\\/2025\\\/03\\\/25\\\/le-groupe-akdital-a-inaugure-son-34e-etablissement-de-sante-dans-la-ville-de-guelmim-marquant-ainsi-une-nouvelle-etape-dans-son-expansion-et-son-engagement-a-offrir-des-services-de-sante-de-qualite-a\\\/\",\"url\":\"https:\\\/\\\/dpress.ma\\\/fr\\\/2025\\\/03\\\/25\\\/le-groupe-akdital-a-inaugure-son-34e-etablissement-de-sante-dans-la-ville-de-guelmim-marquant-ainsi-une-nouvelle-etape-dans-son-expansion-et-son-engagement-a-offrir-des-services-de-sante-de-qualite-a\\\/\",\"name\":\"Le groupe Akdital a inaugur\u00e9 son 34e \u00e9tablissement de sant\u00e9 dans la ville de Guelmim, marquant ainsi une nouvelle \u00e9tape dans son expansion et son engagement \u00e0 offrir des services de sant\u00e9 de qualit\u00e9 \u00e0 travers le Royaume - Dpress.ma\\\/fr\",\"isPartOf\":{\"@id\":\"https:\\\/\\\/dpress.ma\\\/fr\\\/#website\"},\"primaryImageOfPage\":{\"@id\":\"https:\\\/\\\/dpress.ma\\\/fr\\\/2025\\\/03\\\/25\\\/le-groupe-akdital-a-inaugure-son-34e-etablissement-de-sante-dans-la-ville-de-guelmim-marquant-ainsi-une-nouvelle-etape-dans-son-expansion-et-son-engagement-a-offrir-des-services-de-sante-de-qualite-a\\\/#primaryimage\"},\"image\":{\"@id\":\"https:\\\/\\\/dpress.ma\\\/fr\\\/2025\\\/03\\\/25\\\/le-groupe-akdital-a-inaugure-son-34e-etablissement-de-sante-dans-la-ville-de-guelmim-marquant-ainsi-une-nouvelle-etape-dans-son-expansion-et-son-engagement-a-offrir-des-services-de-sante-de-qualite-a\\\/#primaryimage\"},\"thumbnailUrl\":\"https:\\\/\\\/dpress.ma\\\/fr\\\/wp-content\\\/uploads\\\/sites\\\/2\\\/2025\\\/03\\\/dimensions2-84.jpg\",\"datePublished\":\"2025-03-25T09:57:28+00:00\",\"dateModified\":\"2025-03-25T09:57:37+00:00\",\"author\":{\"@id\":\"https:\\\/\\\/dpress.ma\\\/fr\\\/#\\\/schema\\\/person\\\/4898febf3ccd59e6578d838656a306a0\"},\"breadcrumb\":{\"@id\":\"https:\\\/\\\/dpress.ma\\\/fr\\\/2025\\\/03\\\/25\\\/le-groupe-akdital-a-inaugure-son-34e-etablissement-de-sante-dans-la-ville-de-guelmim-marquant-ainsi-une-nouvelle-etape-dans-son-expansion-et-son-engagement-a-offrir-des-services-de-sante-de-qualite-a\\\/#breadcrumb\"},\"inLanguage\":\"fr-FR\",\"potentialAction\":[{\"@type\":\"ReadAction\",\"target\":[\"https:\\\/\\\/dpress.ma\\\/fr\\\/2025\\\/03\\\/25\\\/le-groupe-akdital-a-inaugure-son-34e-etablissement-de-sante-dans-la-ville-de-guelmim-marquant-ainsi-une-nouvelle-etape-dans-son-expansion-et-son-engagement-a-offrir-des-services-de-sante-de-qualite-a\\\/\"]}]},{\"@type\":\"ImageObject\",\"inLanguage\":\"fr-FR\",\"@id\":\"https:\\\/\\\/dpress.ma\\\/fr\\\/2025\\\/03\\\/25\\\/le-groupe-akdital-a-inaugure-son-34e-etablissement-de-sante-dans-la-ville-de-guelmim-marquant-ainsi-une-nouvelle-etape-dans-son-expansion-et-son-engagement-a-offrir-des-services-de-sante-de-qualite-a\\\/#primaryimage\",\"url\":\"https:\\\/\\\/dpress.ma\\\/fr\\\/wp-content\\\/uploads\\\/sites\\\/2\\\/2025\\\/03\\\/dimensions2-84.jpg\",\"contentUrl\":\"https:\\\/\\\/dpress.ma\\\/fr\\\/wp-content\\\/uploads\\\/sites\\\/2\\\/2025\\\/03\\\/dimensions2-84.jpg\",\"width\":2539,\"height\":1594},{\"@type\":\"BreadcrumbList\",\"@id\":\"https:\\\/\\\/dpress.ma\\\/fr\\\/2025\\\/03\\\/25\\\/le-groupe-akdital-a-inaugure-son-34e-etablissement-de-sante-dans-la-ville-de-guelmim-marquant-ainsi-une-nouvelle-etape-dans-son-expansion-et-son-engagement-a-offrir-des-services-de-sante-de-qualite-a\\\/#breadcrumb\",\"itemListElement\":[{\"@type\":\"ListItem\",\"position\":1,\"name\":\"Home\",\"item\":\"https:\\\/\\\/dpress.ma\\\/fr\\\/\"},{\"@type\":\"ListItem\",\"position\":2,\"name\":\"Le groupe Akdital a inaugur\u00e9 son 34e \u00e9tablissement de sant\u00e9 dans la ville de Guelmim, marquant ainsi une nouvelle \u00e9tape dans son expansion et son engagement \u00e0 offrir des services de sant\u00e9 de qualit\u00e9 \u00e0 travers le Royaume\"}]},{\"@type\":\"WebSite\",\"@id\":\"https:\\\/\\\/dpress.ma\\\/fr\\\/#website\",\"url\":\"https:\\\/\\\/dpress.ma\\\/fr\\\/\",\"name\":\"Dpress.ma\\\/fr\",\"description\":\"\",\"potentialAction\":[{\"@type\":\"SearchAction\",\"target\":{\"@type\":\"EntryPoint\",\"urlTemplate\":\"https:\\\/\\\/dpress.ma\\\/fr\\\/?s={search_term_string}\"},\"query-input\":{\"@type\":\"PropertyValueSpecification\",\"valueRequired\":true,\"valueName\":\"search_term_string\"}}],\"inLanguage\":\"fr-FR\"},{\"@type\":\"Person\",\"@id\":\"https:\\\/\\\/dpress.ma\\\/fr\\\/#\\\/schema\\\/person\\\/4898febf3ccd59e6578d838656a306a0\",\"name\":\"Dpress.ma\",\"image\":{\"@type\":\"ImageObject\",\"inLanguage\":\"fr-FR\",\"@id\":\"https:\\\/\\\/secure.gravatar.com\\\/avatar\\\/72ecc30e9db047a2e0e7176561eb9d564ed77c8108376495b19bd8336405198a?s=96&d=mm&r=g\",\"url\":\"https:\\\/\\\/secure.gravatar.com\\\/avatar\\\/72ecc30e9db047a2e0e7176561eb9d564ed77c8108376495b19bd8336405198a?s=96&d=mm&r=g\",\"contentUrl\":\"https:\\\/\\\/secure.gravatar.com\\\/avatar\\\/72ecc30e9db047a2e0e7176561eb9d564ed77c8108376495b19bd8336405198a?s=96&d=mm&r=g\",\"caption\":\"Dpress.ma\"},\"sameAs\":[\"https:\\\/\\\/www.dpress.ma\"],\"url\":\"https:\\\/\\\/dpress.ma\\\/fr\\\/author\\\/dpress-ma\\\/\"}]}<\/script>\n<!-- \/ Yoast SEO plugin. -->","yoast_head_json":{"title":"Le groupe Akdital a inaugur\u00e9 son 34e \u00e9tablissement de sant\u00e9 dans la ville de Guelmim, marquant ainsi une nouvelle \u00e9tape dans son expansion et son engagement \u00e0 offrir des services de sant\u00e9 de qualit\u00e9 \u00e0 travers le Royaume - Dpress.ma\/fr","robots":{"index":"index","follow":"follow","max-snippet":"max-snippet:-1","max-image-preview":"max-image-preview:large","max-video-preview":"max-video-preview:-1"},"canonical":"https:\/\/dpress.ma\/fr\/2025\/03\/25\/le-groupe-akdital-a-inaugure-son-34e-etablissement-de-sante-dans-la-ville-de-guelmim-marquant-ainsi-une-nouvelle-etape-dans-son-expansion-et-son-engagement-a-offrir-des-services-de-sante-de-qualite-a\/","og_locale":"fr_FR","og_type":"article","og_title":"Le groupe Akdital a inaugur\u00e9 son 34e \u00e9tablissement de sant\u00e9 dans la ville de Guelmim, marquant ainsi une nouvelle \u00e9tape dans son expansion et son engagement \u00e0 offrir des services de sant\u00e9 de qualit\u00e9 \u00e0 travers le Royaume - Dpress.ma\/fr","og_description":"dpress Le groupe Akdital continue de mettre en \u0153uvre sa strat\u00e9gie d\u2019expansion et de consolidation de la pr\u00e9sence territoriale en inaugurant une nouvelle infrastructure de sant\u00e9 multidisciplinaire \u00e0 Guelmim : l\u2019H\u00f4pital priv\u00e9 Guelmim. R\u00e9alis\u00e9 pour un investissement total de 250 MMAD, cet \u00e9tablissement multidisciplinaire de sant\u00e9 de pointe s\u2019inscrit dans le cadre de la dynamique &hellip;","og_url":"https:\/\/dpress.ma\/fr\/2025\/03\/25\/le-groupe-akdital-a-inaugure-son-34e-etablissement-de-sante-dans-la-ville-de-guelmim-marquant-ainsi-une-nouvelle-etape-dans-son-expansion-et-son-engagement-a-offrir-des-services-de-sante-de-qualite-a\/","og_site_name":"Dpress.ma\/fr","article_published_time":"2025-03-25T09:57:28+00:00","article_modified_time":"2025-03-25T09:57:37+00:00","og_image":[{"width":2539,"height":1594,"url":"https:\/\/dpress.ma\/fr\/wp-content\/uploads\/sites\/2\/2025\/03\/dimensions2-84.jpg","type":"image\/jpeg"}],"author":"Dpress.ma","twitter_card":"summary_large_image","twitter_misc":{"\u00c9crit par":"Dpress.ma","Dur\u00e9e de lecture estim\u00e9e":"4 minutes"},"schema":{"@context":"https:\/\/schema.org","@graph":[{"@type":"Article","@id":"https:\/\/dpress.ma\/fr\/2025\/03\/25\/le-groupe-akdital-a-inaugure-son-34e-etablissement-de-sante-dans-la-ville-de-guelmim-marquant-ainsi-une-nouvelle-etape-dans-son-expansion-et-son-engagement-a-offrir-des-services-de-sante-de-qualite-a\/#article","isPartOf":{"@id":"https:\/\/dpress.ma\/fr\/2025\/03\/25\/le-groupe-akdital-a-inaugure-son-34e-etablissement-de-sante-dans-la-ville-de-guelmim-marquant-ainsi-une-nouvelle-etape-dans-son-expansion-et-son-engagement-a-offrir-des-services-de-sante-de-qualite-a\/"},"author":{"name":"Dpress.ma","@id":"https:\/\/dpress.ma\/fr\/#\/schema\/person\/4898febf3ccd59e6578d838656a306a0"},"headline":"Le groupe Akdital a inaugur\u00e9 son 34e \u00e9tablissement de sant\u00e9 dans la ville de Guelmim, marquant ainsi une nouvelle \u00e9tape dans son expansion et son engagement \u00e0 offrir des services de sant\u00e9 de qualit\u00e9 \u00e0 travers le Royaume","datePublished":"2025-03-25T09:57:28+00:00","dateModified":"2025-03-25T09:57:37+00:00","mainEntityOfPage":{"@id":"https:\/\/dpress.ma\/fr\/2025\/03\/25\/le-groupe-akdital-a-inaugure-son-34e-etablissement-de-sante-dans-la-ville-de-guelmim-marquant-ainsi-une-nouvelle-etape-dans-son-expansion-et-son-engagement-a-offrir-des-services-de-sante-de-qualite-a\/"},"wordCount":832,"commentCount":0,"image":{"@id":"https:\/\/dpress.ma\/fr\/2025\/03\/25\/le-groupe-akdital-a-inaugure-son-34e-etablissement-de-sante-dans-la-ville-de-guelmim-marquant-ainsi-une-nouvelle-etape-dans-son-expansion-et-son-engagement-a-offrir-des-services-de-sante-de-qualite-a\/#primaryimage"},"thumbnailUrl":"https:\/\/dpress.ma\/fr\/wp-content\/uploads\/sites\/2\/2025\/03\/dimensions2-84.jpg","articleSection":["societe et regions"],"inLanguage":"fr-FR","potentialAction":[{"@type":"CommentAction","name":"Comment","target":["https:\/\/dpress.ma\/fr\/2025\/03\/25\/le-groupe-akdital-a-inaugure-son-34e-etablissement-de-sante-dans-la-ville-de-guelmim-marquant-ainsi-une-nouvelle-etape-dans-son-expansion-et-son-engagement-a-offrir-des-services-de-sante-de-qualite-a\/#respond"]}]},{"@type":"WebPage","@id":"https:\/\/dpress.ma\/fr\/2025\/03\/25\/le-groupe-akdital-a-inaugure-son-34e-etablissement-de-sante-dans-la-ville-de-guelmim-marquant-ainsi-une-nouvelle-etape-dans-son-expansion-et-son-engagement-a-offrir-des-services-de-sante-de-qualite-a\/","url":"https:\/\/dpress.ma\/fr\/2025\/03\/25\/le-groupe-akdital-a-inaugure-son-34e-etablissement-de-sante-dans-la-ville-de-guelmim-marquant-ainsi-une-nouvelle-etape-dans-son-expansion-et-son-engagement-a-offrir-des-services-de-sante-de-qualite-a\/","name":"Le groupe Akdital a inaugur\u00e9 son 34e \u00e9tablissement de sant\u00e9 dans la ville de Guelmim, marquant ainsi une nouvelle \u00e9tape dans son expansion et son engagement \u00e0 offrir des services de sant\u00e9 de qualit\u00e9 \u00e0 travers le Royaume - Dpress.ma\/fr","isPartOf":{"@id":"https:\/\/dpress.ma\/fr\/#website"},"primaryImageOfPage":{"@id":"https:\/\/dpress.ma\/fr\/2025\/03\/25\/le-groupe-akdital-a-inaugure-son-34e-etablissement-de-sante-dans-la-ville-de-guelmim-marquant-ainsi-une-nouvelle-etape-dans-son-expansion-et-son-engagement-a-offrir-des-services-de-sante-de-qualite-a\/#primaryimage"},"image":{"@id":"https:\/\/dpress.ma\/fr\/2025\/03\/25\/le-groupe-akdital-a-inaugure-son-34e-etablissement-de-sante-dans-la-ville-de-guelmim-marquant-ainsi-une-nouvelle-etape-dans-son-expansion-et-son-engagement-a-offrir-des-services-de-sante-de-qualite-a\/#primaryimage"},"thumbnailUrl":"https:\/\/dpress.ma\/fr\/wp-content\/uploads\/sites\/2\/2025\/03\/dimensions2-84.jpg","datePublished":"2025-03-25T09:57:28+00:00","dateModified":"2025-03-25T09:57:37+00:00","author":{"@id":"https:\/\/dpress.ma\/fr\/#\/schema\/person\/4898febf3ccd59e6578d838656a306a0"},"breadcrumb":{"@id":"https:\/\/dpress.ma\/fr\/2025\/03\/25\/le-groupe-akdital-a-inaugure-son-34e-etablissement-de-sante-dans-la-ville-de-guelmim-marquant-ainsi-une-nouvelle-etape-dans-son-expansion-et-son-engagement-a-offrir-des-services-de-sante-de-qualite-a\/#breadcrumb"},"inLanguage":"fr-FR","potentialAction":[{"@type":"ReadAction","target":["https:\/\/dpress.ma\/fr\/2025\/03\/25\/le-groupe-akdital-a-inaugure-son-34e-etablissement-de-sante-dans-la-ville-de-guelmim-marquant-ainsi-une-nouvelle-etape-dans-son-expansion-et-son-engagement-a-offrir-des-services-de-sante-de-qualite-a\/"]}]},{"@type":"ImageObject","inLanguage":"fr-FR","@id":"https:\/\/dpress.ma\/fr\/2025\/03\/25\/le-groupe-akdital-a-inaugure-son-34e-etablissement-de-sante-dans-la-ville-de-guelmim-marquant-ainsi-une-nouvelle-etape-dans-son-expansion-et-son-engagement-a-offrir-des-services-de-sante-de-qualite-a\/#primaryimage","url":"https:\/\/dpress.ma\/fr\/wp-content\/uploads\/sites\/2\/2025\/03\/dimensions2-84.jpg","contentUrl":"https:\/\/dpress.ma\/fr\/wp-content\/uploads\/sites\/2\/2025\/03\/dimensions2-84.jpg","width":2539,"height":1594},{"@type":"BreadcrumbList","@id":"https:\/\/dpress.ma\/fr\/2025\/03\/25\/le-groupe-akdital-a-inaugure-son-34e-etablissement-de-sante-dans-la-ville-de-guelmim-marquant-ainsi-une-nouvelle-etape-dans-son-expansion-et-son-engagement-a-offrir-des-services-de-sante-de-qualite-a\/#breadcrumb","itemListElement":[{"@type":"ListItem","position":1,"name":"Home","item":"https:\/\/dpress.ma\/fr\/"},{"@type":"ListItem","position":2,"name":"Le groupe Akdital a inaugur\u00e9 son 34e \u00e9tablissement de sant\u00e9 dans la ville de Guelmim, marquant ainsi une nouvelle \u00e9tape dans son expansion et son engagement \u00e0 offrir des services de sant\u00e9 de qualit\u00e9 \u00e0 travers le Royaume"}]},{"@type":"WebSite","@id":"https:\/\/dpress.ma\/fr\/#website","url":"https:\/\/dpress.ma\/fr\/","name":"Dpress.ma\/fr","description":"","potentialAction":[{"@type":"SearchAction","target":{"@type":"EntryPoint","urlTemplate":"https:\/\/dpress.ma\/fr\/?s={search_term_string}"},"query-input":{"@type":"PropertyValueSpecification","valueRequired":true,"valueName":"search_term_string"}}],"inLanguage":"fr-FR"},{"@type":"Person","@id":"https:\/\/dpress.ma\/fr\/#\/schema\/person\/4898febf3ccd59e6578d838656a306a0","name":"Dpress.ma","image":{"@type":"ImageObject","inLanguage":"fr-FR","@id":"https:\/\/secure.gravatar.com\/avatar\/72ecc30e9db047a2e0e7176561eb9d564ed77c8108376495b19bd8336405198a?s=96&d=mm&r=g","url":"https:\/\/secure.gravatar.com\/avatar\/72ecc30e9db047a2e0e7176561eb9d564ed77c8108376495b19bd8336405198a?s=96&d=mm&r=g","contentUrl":"https:\/\/secure.gravatar.com\/avatar\/72ecc30e9db047a2e0e7176561eb9d564ed77c8108376495b19bd8336405198a?s=96&d=mm&r=g","caption":"Dpress.ma"},"sameAs":["https:\/\/www.dpress.ma"],"url":"https:\/\/dpress.ma\/fr\/author\/dpress-ma\/"}]}},"amp_enabled":true,"_links":{"self":[{"href":"https:\/\/dpress.ma\/fr\/wp-json\/wp\/v2\/posts\/13409","targetHints":{"allow":["GET"]}}],"collection":[{"href":"https:\/\/dpress.ma\/fr\/wp-json\/wp\/v2\/posts"}],"about":[{"href":"https:\/\/dpress.ma\/fr\/wp-json\/wp\/v2\/types\/post"}],"author":[{"embeddable":true,"href":"https:\/\/dpress.ma\/fr\/wp-json\/wp\/v2\/users\/2"}],"replies":[{"embeddable":true,"href":"https:\/\/dpress.ma\/fr\/wp-json\/wp\/v2\/comments?post=13409"}],"version-history":[{"count":1,"href":"https:\/\/dpress.ma\/fr\/wp-json\/wp\/v2\/posts\/13409\/revisions"}],"predecessor-version":[{"id":13411,"href":"https:\/\/dpress.ma\/fr\/wp-json\/wp\/v2\/posts\/13409\/revisions\/13411"}],"wp:featuredmedia":[{"embeddable":true,"href":"https:\/\/dpress.ma\/fr\/wp-json\/wp\/v2\/media\/13410"}],"wp:attachment":[{"href":"https:\/\/dpress.ma\/fr\/wp-json\/wp\/v2\/media?parent=13409"}],"wp:term":[{"taxonomy":"category","embeddable":true,"href":"https:\/\/dpress.ma\/fr\/wp-json\/wp\/v2\/categories?post=13409"},{"taxonomy":"post_tag","embeddable":true,"href":"https:\/\/dpress.ma\/fr\/wp-json\/wp\/v2\/tags?post=13409"}],"curies":[{"name":"wp","href":"https:\/\/api.w.org\/{rel}","templated":true}]}}