{"id":13403,"date":"2025-03-25T09:41:05","date_gmt":"2025-03-25T09:41:05","guid":{"rendered":"https:\/\/dpress.ma\/fr\/?p=13403"},"modified":"2025-03-25T09:41:07","modified_gmt":"2025-03-25T09:41:07","slug":"m-hassan-tariq-recemment-nomme-mediateur-du-royaume","status":"publish","type":"post","link":"https:\/\/dpress.ma\/fr\/2025\/03\/25\/m-hassan-tariq-recemment-nomme-mediateur-du-royaume\/","title":{"rendered":"M. Hassan Tariq, r\u00e9cemment nomm\u00e9 M\u00e9diateur du Royaume"},"content":{"rendered":"\n<p class=\"wp-block-paragraph\">dpress<\/p>\n\n\n\n<p class=\"wp-block-paragraph\">M. Hassan Tariq, que Sa Majest\u00e9 le Roi Mohammed VI a nomm\u00e9, lundi, M\u00e9diateur du Royaume, est n\u00e9 le 1er janvier 1974 \u00e0 Bhalil.<\/p>\n\n\n\n<p class=\"wp-block-paragraph\">M. Tariq, qui occupait depuis 2019 le poste d\u2019ambassadeur du Royaume du Maroc en R\u00e9publique de Tunisie, est titulaire d\u2019un Doctorat en droit public de la facult\u00e9 des sciences juridiques, \u00e9conomiques et sociales de l\u2019Universit\u00e9 Mohammed V de Rabat.<\/p>\n\n\n\n<p class=\"wp-block-paragraph\">Il a aussi occup\u00e9 le poste de coordinateur du r\u00e9seau des chefs de d\u00e9partements du Droit public et des Sciences politiques au Maroc.<\/p>\n\n\n\n<p class=\"wp-block-paragraph\">M. Tariq a \u00e9t\u00e9 de 1997 \u00e0 2002 inspecteur des imp\u00f4ts au minist\u00e8re de l\u2019\u00c9conomie et des Finances. Entre 2002 et 2007, il a occup\u00e9 le poste de conseiller au cabinet du Secr\u00e9taire d\u2019Etat aupr\u00e8s du minist\u00e8re de la jeunesse.<\/p>\n\n\n\n<p class=\"wp-block-paragraph\">Durant la l\u00e9gislature 2011-2016, M. Tariq a \u00e9t\u00e9 \u00e9lu d\u00e9put\u00e9 et membre de la commission de la justice, de la l\u00e9gislation et des droits de l\u2019homme \u00e0 la Chambre des repr\u00e9sentants.<\/p>\n\n\n\n<p class=\"wp-block-paragraph\">Gr\u00e2ce \u00e0 son parcours, M. Tariq s\u2019\u00e9vertuera \u00e0 approfondir les acquis de l\u2019Institution du M\u00e9diateur et \u00e0 moderniser ses instruments d\u2019intervention (digital, proximit\u00e9\u2026) autour d\u2019un concept plus \u00e9largi de la \u201cm\u00e9diation\u201d.<\/p>\n\n\n\n<p class=\"wp-block-paragraph\">De m\u00eame, il contribuera \u00e0 renforcer le r\u00f4le central de l\u2019Institution du M\u00e9diateur dans l\u2019am\u00e9lioration de la communication et des relations entre l\u2019administration et les citoyens.<\/p>\n","protected":false},"excerpt":{"rendered":"<p>dpress M. Hassan Tariq, que Sa Majest\u00e9 le Roi Mohammed VI a nomm\u00e9, lundi, M\u00e9diateur du Royaume, est n\u00e9 le 1er janvier 1974 \u00e0 Bhalil. M. Tariq, qui occupait depuis 2019 le poste d\u2019ambassadeur du Royaume du Maroc en R\u00e9publique de Tunisie, est titulaire d\u2019un Doctorat en droit public de la facult\u00e9 des sciences juridiques, &hellip;<\/p>\n","protected":false},"author":2,"featured_media":13404,"comment_status":"open","ping_status":"open","sticky":false,"template":"","format":"standard","meta":{"footnotes":""},"categories":[40],"tags":[],"class_list":["post-13403","post","type-post","status-publish","format-standard","has-post-thumbnail","hentry","category-societe-et-regions"],"yoast_head":"<!-- This site is optimized with the Yoast SEO plugin v28.0 - https:\/\/yoast.com\/product\/yoast-seo-wordpress\/ -->\n<title>M. Hassan Tariq, r\u00e9cemment nomm\u00e9 M\u00e9diateur du Royaume - Dpress.ma\/fr<\/title>\n<meta name=\"robots\" content=\"index, follow, max-snippet:-1, max-image-preview:large, max-video-preview:-1\" \/>\n<link rel=\"canonical\" href=\"https:\/\/dpress.ma\/fr\/2025\/03\/25\/m-hassan-tariq-recemment-nomme-mediateur-du-royaume\/\" \/>\n<meta property=\"og:locale\" content=\"fr_FR\" \/>\n<meta property=\"og:type\" content=\"article\" \/>\n<meta property=\"og:title\" content=\"M. Hassan Tariq, r\u00e9cemment nomm\u00e9 M\u00e9diateur du Royaume - Dpress.ma\/fr\" \/>\n<meta property=\"og:description\" content=\"dpress M. Hassan Tariq, que Sa Majest\u00e9 le Roi Mohammed VI a nomm\u00e9, lundi, M\u00e9diateur du Royaume, est n\u00e9 le 1er janvier 1974 \u00e0 Bhalil. M. Tariq, qui occupait depuis 2019 le poste d\u2019ambassadeur du Royaume du Maroc en R\u00e9publique de Tunisie, est titulaire d\u2019un Doctorat en droit public de la facult\u00e9 des sciences juridiques, &hellip;\" \/>\n<meta property=\"og:url\" content=\"https:\/\/dpress.ma\/fr\/2025\/03\/25\/m-hassan-tariq-recemment-nomme-mediateur-du-royaume\/\" \/>\n<meta property=\"og:site_name\" content=\"Dpress.ma\/fr\" \/>\n<meta property=\"article:published_time\" content=\"2025-03-25T09:41:05+00:00\" \/>\n<meta property=\"article:modified_time\" content=\"2025-03-25T09:41:07+00:00\" \/>\n<meta property=\"og:image\" content=\"https:\/\/dpress.ma\/fr\/wp-content\/uploads\/sites\/2\/2025\/03\/dimensions2-82.jpg\" \/>\n\t<meta property=\"og:image:width\" content=\"2539\" \/>\n\t<meta property=\"og:image:height\" content=\"1594\" \/>\n\t<meta property=\"og:image:type\" content=\"image\/jpeg\" \/>\n<meta name=\"author\" content=\"Dpress.ma\" \/>\n<meta name=\"twitter:card\" content=\"summary_large_image\" \/>\n<meta name=\"twitter:label1\" content=\"\u00c9crit par\" \/>\n\t<meta name=\"twitter:data1\" content=\"Dpress.ma\" \/>\n\t<meta name=\"twitter:label2\" content=\"Dur\u00e9e de lecture estim\u00e9e\" \/>\n\t<meta name=\"twitter:data2\" content=\"2 minutes\" \/>\n<script type=\"application\/ld+json\" class=\"yoast-schema-graph\">{\"@context\":\"https:\\\/\\\/schema.org\",\"@graph\":[{\"@type\":\"Article\",\"@id\":\"https:\\\/\\\/dpress.ma\\\/fr\\\/2025\\\/03\\\/25\\\/m-hassan-tariq-recemment-nomme-mediateur-du-royaume\\\/#article\",\"isPartOf\":{\"@id\":\"https:\\\/\\\/dpress.ma\\\/fr\\\/2025\\\/03\\\/25\\\/m-hassan-tariq-recemment-nomme-mediateur-du-royaume\\\/\"},\"author\":{\"name\":\"Dpress.ma\",\"@id\":\"https:\\\/\\\/dpress.ma\\\/fr\\\/#\\\/schema\\\/person\\\/4898febf3ccd59e6578d838656a306a0\"},\"headline\":\"M. Hassan Tariq, r\u00e9cemment nomm\u00e9 M\u00e9diateur du Royaume\",\"datePublished\":\"2025-03-25T09:41:05+00:00\",\"dateModified\":\"2025-03-25T09:41:07+00:00\",\"mainEntityOfPage\":{\"@id\":\"https:\\\/\\\/dpress.ma\\\/fr\\\/2025\\\/03\\\/25\\\/m-hassan-tariq-recemment-nomme-mediateur-du-royaume\\\/\"},\"wordCount\":245,\"commentCount\":0,\"image\":{\"@id\":\"https:\\\/\\\/dpress.ma\\\/fr\\\/2025\\\/03\\\/25\\\/m-hassan-tariq-recemment-nomme-mediateur-du-royaume\\\/#primaryimage\"},\"thumbnailUrl\":\"https:\\\/\\\/dpress.ma\\\/fr\\\/wp-content\\\/uploads\\\/sites\\\/2\\\/2025\\\/03\\\/dimensions2-82.jpg\",\"articleSection\":[\"societe et regions\"],\"inLanguage\":\"fr-FR\",\"potentialAction\":[{\"@type\":\"CommentAction\",\"name\":\"Comment\",\"target\":[\"https:\\\/\\\/dpress.ma\\\/fr\\\/2025\\\/03\\\/25\\\/m-hassan-tariq-recemment-nomme-mediateur-du-royaume\\\/#respond\"]}]},{\"@type\":\"WebPage\",\"@id\":\"https:\\\/\\\/dpress.ma\\\/fr\\\/2025\\\/03\\\/25\\\/m-hassan-tariq-recemment-nomme-mediateur-du-royaume\\\/\",\"url\":\"https:\\\/\\\/dpress.ma\\\/fr\\\/2025\\\/03\\\/25\\\/m-hassan-tariq-recemment-nomme-mediateur-du-royaume\\\/\",\"name\":\"M. Hassan Tariq, r\u00e9cemment nomm\u00e9 M\u00e9diateur du Royaume - Dpress.ma\\\/fr\",\"isPartOf\":{\"@id\":\"https:\\\/\\\/dpress.ma\\\/fr\\\/#website\"},\"primaryImageOfPage\":{\"@id\":\"https:\\\/\\\/dpress.ma\\\/fr\\\/2025\\\/03\\\/25\\\/m-hassan-tariq-recemment-nomme-mediateur-du-royaume\\\/#primaryimage\"},\"image\":{\"@id\":\"https:\\\/\\\/dpress.ma\\\/fr\\\/2025\\\/03\\\/25\\\/m-hassan-tariq-recemment-nomme-mediateur-du-royaume\\\/#primaryimage\"},\"thumbnailUrl\":\"https:\\\/\\\/dpress.ma\\\/fr\\\/wp-content\\\/uploads\\\/sites\\\/2\\\/2025\\\/03\\\/dimensions2-82.jpg\",\"datePublished\":\"2025-03-25T09:41:05+00:00\",\"dateModified\":\"2025-03-25T09:41:07+00:00\",\"author\":{\"@id\":\"https:\\\/\\\/dpress.ma\\\/fr\\\/#\\\/schema\\\/person\\\/4898febf3ccd59e6578d838656a306a0\"},\"breadcrumb\":{\"@id\":\"https:\\\/\\\/dpress.ma\\\/fr\\\/2025\\\/03\\\/25\\\/m-hassan-tariq-recemment-nomme-mediateur-du-royaume\\\/#breadcrumb\"},\"inLanguage\":\"fr-FR\",\"potentialAction\":[{\"@type\":\"ReadAction\",\"target\":[\"https:\\\/\\\/dpress.ma\\\/fr\\\/2025\\\/03\\\/25\\\/m-hassan-tariq-recemment-nomme-mediateur-du-royaume\\\/\"]}]},{\"@type\":\"ImageObject\",\"inLanguage\":\"fr-FR\",\"@id\":\"https:\\\/\\\/dpress.ma\\\/fr\\\/2025\\\/03\\\/25\\\/m-hassan-tariq-recemment-nomme-mediateur-du-royaume\\\/#primaryimage\",\"url\":\"https:\\\/\\\/dpress.ma\\\/fr\\\/wp-content\\\/uploads\\\/sites\\\/2\\\/2025\\\/03\\\/dimensions2-82.jpg\",\"contentUrl\":\"https:\\\/\\\/dpress.ma\\\/fr\\\/wp-content\\\/uploads\\\/sites\\\/2\\\/2025\\\/03\\\/dimensions2-82.jpg\",\"width\":2539,\"height\":1594},{\"@type\":\"BreadcrumbList\",\"@id\":\"https:\\\/\\\/dpress.ma\\\/fr\\\/2025\\\/03\\\/25\\\/m-hassan-tariq-recemment-nomme-mediateur-du-royaume\\\/#breadcrumb\",\"itemListElement\":[{\"@type\":\"ListItem\",\"position\":1,\"name\":\"Home\",\"item\":\"https:\\\/\\\/dpress.ma\\\/fr\\\/\"},{\"@type\":\"ListItem\",\"position\":2,\"name\":\"M. Hassan Tariq, r\u00e9cemment nomm\u00e9 M\u00e9diateur du Royaume\"}]},{\"@type\":\"WebSite\",\"@id\":\"https:\\\/\\\/dpress.ma\\\/fr\\\/#website\",\"url\":\"https:\\\/\\\/dpress.ma\\\/fr\\\/\",\"name\":\"Dpress.ma\\\/fr\",\"description\":\"\",\"potentialAction\":[{\"@type\":\"SearchAction\",\"target\":{\"@type\":\"EntryPoint\",\"urlTemplate\":\"https:\\\/\\\/dpress.ma\\\/fr\\\/?s={search_term_string}\"},\"query-input\":{\"@type\":\"PropertyValueSpecification\",\"valueRequired\":true,\"valueName\":\"search_term_string\"}}],\"inLanguage\":\"fr-FR\"},{\"@type\":\"Person\",\"@id\":\"https:\\\/\\\/dpress.ma\\\/fr\\\/#\\\/schema\\\/person\\\/4898febf3ccd59e6578d838656a306a0\",\"name\":\"Dpress.ma\",\"image\":{\"@type\":\"ImageObject\",\"inLanguage\":\"fr-FR\",\"@id\":\"https:\\\/\\\/secure.gravatar.com\\\/avatar\\\/72ecc30e9db047a2e0e7176561eb9d564ed77c8108376495b19bd8336405198a?s=96&d=mm&r=g\",\"url\":\"https:\\\/\\\/secure.gravatar.com\\\/avatar\\\/72ecc30e9db047a2e0e7176561eb9d564ed77c8108376495b19bd8336405198a?s=96&d=mm&r=g\",\"contentUrl\":\"https:\\\/\\\/secure.gravatar.com\\\/avatar\\\/72ecc30e9db047a2e0e7176561eb9d564ed77c8108376495b19bd8336405198a?s=96&d=mm&r=g\",\"caption\":\"Dpress.ma\"},\"sameAs\":[\"https:\\\/\\\/www.dpress.ma\"],\"url\":\"https:\\\/\\\/dpress.ma\\\/fr\\\/author\\\/dpress-ma\\\/\"}]}<\/script>\n<!-- \/ Yoast SEO plugin. -->","yoast_head_json":{"title":"M. Hassan Tariq, r\u00e9cemment nomm\u00e9 M\u00e9diateur du Royaume - Dpress.ma\/fr","robots":{"index":"index","follow":"follow","max-snippet":"max-snippet:-1","max-image-preview":"max-image-preview:large","max-video-preview":"max-video-preview:-1"},"canonical":"https:\/\/dpress.ma\/fr\/2025\/03\/25\/m-hassan-tariq-recemment-nomme-mediateur-du-royaume\/","og_locale":"fr_FR","og_type":"article","og_title":"M. Hassan Tariq, r\u00e9cemment nomm\u00e9 M\u00e9diateur du Royaume - Dpress.ma\/fr","og_description":"dpress M. Hassan Tariq, que Sa Majest\u00e9 le Roi Mohammed VI a nomm\u00e9, lundi, M\u00e9diateur du Royaume, est n\u00e9 le 1er janvier 1974 \u00e0 Bhalil. M. Tariq, qui occupait depuis 2019 le poste d\u2019ambassadeur du Royaume du Maroc en R\u00e9publique de Tunisie, est titulaire d\u2019un Doctorat en droit public de la facult\u00e9 des sciences juridiques, &hellip;","og_url":"https:\/\/dpress.ma\/fr\/2025\/03\/25\/m-hassan-tariq-recemment-nomme-mediateur-du-royaume\/","og_site_name":"Dpress.ma\/fr","article_published_time":"2025-03-25T09:41:05+00:00","article_modified_time":"2025-03-25T09:41:07+00:00","og_image":[{"width":2539,"height":1594,"url":"https:\/\/dpress.ma\/fr\/wp-content\/uploads\/sites\/2\/2025\/03\/dimensions2-82.jpg","type":"image\/jpeg"}],"author":"Dpress.ma","twitter_card":"summary_large_image","twitter_misc":{"\u00c9crit par":"Dpress.ma","Dur\u00e9e de lecture estim\u00e9e":"2 minutes"},"schema":{"@context":"https:\/\/schema.org","@graph":[{"@type":"Article","@id":"https:\/\/dpress.ma\/fr\/2025\/03\/25\/m-hassan-tariq-recemment-nomme-mediateur-du-royaume\/#article","isPartOf":{"@id":"https:\/\/dpress.ma\/fr\/2025\/03\/25\/m-hassan-tariq-recemment-nomme-mediateur-du-royaume\/"},"author":{"name":"Dpress.ma","@id":"https:\/\/dpress.ma\/fr\/#\/schema\/person\/4898febf3ccd59e6578d838656a306a0"},"headline":"M. Hassan Tariq, r\u00e9cemment nomm\u00e9 M\u00e9diateur du Royaume","datePublished":"2025-03-25T09:41:05+00:00","dateModified":"2025-03-25T09:41:07+00:00","mainEntityOfPage":{"@id":"https:\/\/dpress.ma\/fr\/2025\/03\/25\/m-hassan-tariq-recemment-nomme-mediateur-du-royaume\/"},"wordCount":245,"commentCount":0,"image":{"@id":"https:\/\/dpress.ma\/fr\/2025\/03\/25\/m-hassan-tariq-recemment-nomme-mediateur-du-royaume\/#primaryimage"},"thumbnailUrl":"https:\/\/dpress.ma\/fr\/wp-content\/uploads\/sites\/2\/2025\/03\/dimensions2-82.jpg","articleSection":["societe et regions"],"inLanguage":"fr-FR","potentialAction":[{"@type":"CommentAction","name":"Comment","target":["https:\/\/dpress.ma\/fr\/2025\/03\/25\/m-hassan-tariq-recemment-nomme-mediateur-du-royaume\/#respond"]}]},{"@type":"WebPage","@id":"https:\/\/dpress.ma\/fr\/2025\/03\/25\/m-hassan-tariq-recemment-nomme-mediateur-du-royaume\/","url":"https:\/\/dpress.ma\/fr\/2025\/03\/25\/m-hassan-tariq-recemment-nomme-mediateur-du-royaume\/","name":"M. Hassan Tariq, r\u00e9cemment nomm\u00e9 M\u00e9diateur du Royaume - Dpress.ma\/fr","isPartOf":{"@id":"https:\/\/dpress.ma\/fr\/#website"},"primaryImageOfPage":{"@id":"https:\/\/dpress.ma\/fr\/2025\/03\/25\/m-hassan-tariq-recemment-nomme-mediateur-du-royaume\/#primaryimage"},"image":{"@id":"https:\/\/dpress.ma\/fr\/2025\/03\/25\/m-hassan-tariq-recemment-nomme-mediateur-du-royaume\/#primaryimage"},"thumbnailUrl":"https:\/\/dpress.ma\/fr\/wp-content\/uploads\/sites\/2\/2025\/03\/dimensions2-82.jpg","datePublished":"2025-03-25T09:41:05+00:00","dateModified":"2025-03-25T09:41:07+00:00","author":{"@id":"https:\/\/dpress.ma\/fr\/#\/schema\/person\/4898febf3ccd59e6578d838656a306a0"},"breadcrumb":{"@id":"https:\/\/dpress.ma\/fr\/2025\/03\/25\/m-hassan-tariq-recemment-nomme-mediateur-du-royaume\/#breadcrumb"},"inLanguage":"fr-FR","potentialAction":[{"@type":"ReadAction","target":["https:\/\/dpress.ma\/fr\/2025\/03\/25\/m-hassan-tariq-recemment-nomme-mediateur-du-royaume\/"]}]},{"@type":"ImageObject","inLanguage":"fr-FR","@id":"https:\/\/dpress.ma\/fr\/2025\/03\/25\/m-hassan-tariq-recemment-nomme-mediateur-du-royaume\/#primaryimage","url":"https:\/\/dpress.ma\/fr\/wp-content\/uploads\/sites\/2\/2025\/03\/dimensions2-82.jpg","contentUrl":"https:\/\/dpress.ma\/fr\/wp-content\/uploads\/sites\/2\/2025\/03\/dimensions2-82.jpg","width":2539,"height":1594},{"@type":"BreadcrumbList","@id":"https:\/\/dpress.ma\/fr\/2025\/03\/25\/m-hassan-tariq-recemment-nomme-mediateur-du-royaume\/#breadcrumb","itemListElement":[{"@type":"ListItem","position":1,"name":"Home","item":"https:\/\/dpress.ma\/fr\/"},{"@type":"ListItem","position":2,"name":"M. Hassan Tariq, r\u00e9cemment nomm\u00e9 M\u00e9diateur du Royaume"}]},{"@type":"WebSite","@id":"https:\/\/dpress.ma\/fr\/#website","url":"https:\/\/dpress.ma\/fr\/","name":"Dpress.ma\/fr","description":"","potentialAction":[{"@type":"SearchAction","target":{"@type":"EntryPoint","urlTemplate":"https:\/\/dpress.ma\/fr\/?s={search_term_string}"},"query-input":{"@type":"PropertyValueSpecification","valueRequired":true,"valueName":"search_term_string"}}],"inLanguage":"fr-FR"},{"@type":"Person","@id":"https:\/\/dpress.ma\/fr\/#\/schema\/person\/4898febf3ccd59e6578d838656a306a0","name":"Dpress.ma","image":{"@type":"ImageObject","inLanguage":"fr-FR","@id":"https:\/\/secure.gravatar.com\/avatar\/72ecc30e9db047a2e0e7176561eb9d564ed77c8108376495b19bd8336405198a?s=96&d=mm&r=g","url":"https:\/\/secure.gravatar.com\/avatar\/72ecc30e9db047a2e0e7176561eb9d564ed77c8108376495b19bd8336405198a?s=96&d=mm&r=g","contentUrl":"https:\/\/secure.gravatar.com\/avatar\/72ecc30e9db047a2e0e7176561eb9d564ed77c8108376495b19bd8336405198a?s=96&d=mm&r=g","caption":"Dpress.ma"},"sameAs":["https:\/\/www.dpress.ma"],"url":"https:\/\/dpress.ma\/fr\/author\/dpress-ma\/"}]}},"amp_enabled":true,"_links":{"self":[{"href":"https:\/\/dpress.ma\/fr\/wp-json\/wp\/v2\/posts\/13403","targetHints":{"allow":["GET"]}}],"collection":[{"href":"https:\/\/dpress.ma\/fr\/wp-json\/wp\/v2\/posts"}],"about":[{"href":"https:\/\/dpress.ma\/fr\/wp-json\/wp\/v2\/types\/post"}],"author":[{"embeddable":true,"href":"https:\/\/dpress.ma\/fr\/wp-json\/wp\/v2\/users\/2"}],"replies":[{"embeddable":true,"href":"https:\/\/dpress.ma\/fr\/wp-json\/wp\/v2\/comments?post=13403"}],"version-history":[{"count":1,"href":"https:\/\/dpress.ma\/fr\/wp-json\/wp\/v2\/posts\/13403\/revisions"}],"predecessor-version":[{"id":13405,"href":"https:\/\/dpress.ma\/fr\/wp-json\/wp\/v2\/posts\/13403\/revisions\/13405"}],"wp:featuredmedia":[{"embeddable":true,"href":"https:\/\/dpress.ma\/fr\/wp-json\/wp\/v2\/media\/13404"}],"wp:attachment":[{"href":"https:\/\/dpress.ma\/fr\/wp-json\/wp\/v2\/media?parent=13403"}],"wp:term":[{"taxonomy":"category","embeddable":true,"href":"https:\/\/dpress.ma\/fr\/wp-json\/wp\/v2\/categories?post=13403"},{"taxonomy":"post_tag","embeddable":true,"href":"https:\/\/dpress.ma\/fr\/wp-json\/wp\/v2\/tags?post=13403"}],"curies":[{"name":"wp","href":"https:\/\/api.w.org\/{rel}","templated":true}]}}