{"id":13396,"date":"2025-03-24T15:55:45","date_gmt":"2025-03-24T15:55:45","guid":{"rendered":"https:\/\/dpress.ma\/fr\/?p=13396"},"modified":"2025-03-24T15:55:47","modified_gmt":"2025-03-24T15:55:47","slug":"m-abdelkader-amara-recemment-nomme-president-du-cese-possede-une-riche-carriere-marquee-par-son-engagement-dans-divers-domaines","status":"publish","type":"post","link":"https:\/\/dpress.ma\/fr\/2025\/03\/24\/m-abdelkader-amara-recemment-nomme-president-du-cese-possede-une-riche-carriere-marquee-par-son-engagement-dans-divers-domaines\/","title":{"rendered":"M. Abdelkader Amara, r\u00e9cemment nomm\u00e9 Pr\u00e9sident du CESE, poss\u00e8de une riche carri\u00e8re marqu\u00e9e par son engagement dans divers domaines"},"content":{"rendered":"\n<p class=\"wp-block-paragraph\">dpress<\/p>\n\n\n\n<p class=\"wp-block-paragraph\">M. Abdelkader Amara, que Sa Majest\u00e9 le Roi Mohammed VI a nomm\u00e9, lundi, pr\u00e9sident du Conseil Economique, Social et Environnemental (CESE), est n\u00e9 le 28 janvier 1962 \u00e0 Bouarfa.<\/p>\n\n\n\n<p class=\"wp-block-paragraph\">Ancien ministre en charge de plusieurs secteurs, notamment du Commerce et de l\u2019Industrie, de l\u2019Energie, de l\u2019Equipement et de l\u2019Eau, M. Amara a occup\u00e9 plusieurs postes de responsabilit\u00e9 en tant que d\u00e9put\u00e9, notamment la pr\u00e9sidence de la Commission des secteurs productifs \u00e0 la Chambre des Repr\u00e9sentants dont il a \u00e9t\u00e9 membre du bureau et premier vice-pr\u00e9sident, ainsi que membre du bureau de la Chambre des Repr\u00e9sentants en tant qu\u2019assesseur, puis premier vice-pr\u00e9sident.<\/p>\n\n\n\n<p class=\"wp-block-paragraph\">Apr\u00e8s avoir obtenu un baccalaur\u00e9at scientifique au lyc\u00e9e Omar Ibn Abdelaziz \u00e0 Oujda en 1979, il a regagn\u00e9 l\u2019Institut Agronomique et V\u00e9t\u00e9rinaire Hassan II de Rabat o\u00f9 il a obtenu en 1986 un doctorat avant de rejoindre la France, trois ann\u00e9es plus tard, pour perfectionner ses comp\u00e9tences. Ensuite, et durant une dizaine d\u2019ann\u00e9es, il a \u00e9t\u00e9 conseiller scientifique aupr\u00e8s de l\u2019Organisation mondiale des sciences, bas\u00e9e en Su\u00e8de.<\/p>\n\n\n\n<p class=\"wp-block-paragraph\">Il est \u00e9galement membre-fondateur de l\u2019Association des parlementaires marocains contre la corruption et ancien membre de la Commission administrative du Syndicat national de l\u2019enseignement sup\u00e9rieur.<\/p>\n\n\n\n<p class=\"wp-block-paragraph\">Ayant occup\u00e9 plusieurs postes minist\u00e9riels importants, M. Amara est appel\u00e9, dans le cadre de ses nouvelles fonctions, \u00e0 promouvoir une plus grande articulation du travail du CESE avec les dossiers d\u2019actualit\u00e9 gouvernementale et l\u00e9gislative et \u00e0 renforcer la vocation du CESE \u00e0 \u00eatre un espace participatif d\u2019\u00e9coute et d\u2019interm\u00e9diation sociale.<\/p>\n\n\n\n<p class=\"wp-block-paragraph\">M. Amara devra \u00e9galement \u0153uvrer \u00e0 consolider le r\u00f4le du CESE en tant que relais d\u2019interm\u00e9diation, tout en accordant une attention particuli\u00e8re aux chantiers de protection sociale, de la jeunesse, du dialogue social, et des in\u00e9galit\u00e9s territoriales.<\/p>\n","protected":false},"excerpt":{"rendered":"<p>dpress M. Abdelkader Amara, que Sa Majest\u00e9 le Roi Mohammed VI a nomm\u00e9, lundi, pr\u00e9sident du Conseil Economique, Social et Environnemental (CESE), est n\u00e9 le 28 janvier 1962 \u00e0 Bouarfa. Ancien ministre en charge de plusieurs secteurs, notamment du Commerce et de l\u2019Industrie, de l\u2019Energie, de l\u2019Equipement et de l\u2019Eau, M. Amara a occup\u00e9 plusieurs &hellip;<\/p>\n","protected":false},"author":2,"featured_media":13397,"comment_status":"open","ping_status":"open","sticky":false,"template":"","format":"standard","meta":{"footnotes":""},"categories":[40],"tags":[],"class_list":["post-13396","post","type-post","status-publish","format-standard","has-post-thumbnail","hentry","category-societe-et-regions"],"yoast_head":"<!-- This site is optimized with the Yoast SEO plugin v28.0 - https:\/\/yoast.com\/product\/yoast-seo-wordpress\/ -->\n<title>M. Abdelkader Amara, r\u00e9cemment nomm\u00e9 Pr\u00e9sident du CESE, poss\u00e8de une riche carri\u00e8re marqu\u00e9e par son engagement dans divers domaines - Dpress.ma\/fr<\/title>\n<meta name=\"robots\" content=\"index, follow, max-snippet:-1, max-image-preview:large, max-video-preview:-1\" \/>\n<link rel=\"canonical\" href=\"https:\/\/dpress.ma\/fr\/2025\/03\/24\/m-abdelkader-amara-recemment-nomme-president-du-cese-possede-une-riche-carriere-marquee-par-son-engagement-dans-divers-domaines\/\" \/>\n<meta property=\"og:locale\" content=\"fr_FR\" \/>\n<meta property=\"og:type\" content=\"article\" \/>\n<meta property=\"og:title\" content=\"M. Abdelkader Amara, r\u00e9cemment nomm\u00e9 Pr\u00e9sident du CESE, poss\u00e8de une riche carri\u00e8re marqu\u00e9e par son engagement dans divers domaines - Dpress.ma\/fr\" \/>\n<meta property=\"og:description\" content=\"dpress M. Abdelkader Amara, que Sa Majest\u00e9 le Roi Mohammed VI a nomm\u00e9, lundi, pr\u00e9sident du Conseil Economique, Social et Environnemental (CESE), est n\u00e9 le 28 janvier 1962 \u00e0 Bouarfa. Ancien ministre en charge de plusieurs secteurs, notamment du Commerce et de l\u2019Industrie, de l\u2019Energie, de l\u2019Equipement et de l\u2019Eau, M. Amara a occup\u00e9 plusieurs &hellip;\" \/>\n<meta property=\"og:url\" content=\"https:\/\/dpress.ma\/fr\/2025\/03\/24\/m-abdelkader-amara-recemment-nomme-president-du-cese-possede-une-riche-carriere-marquee-par-son-engagement-dans-divers-domaines\/\" \/>\n<meta property=\"og:site_name\" content=\"Dpress.ma\/fr\" \/>\n<meta property=\"article:published_time\" content=\"2025-03-24T15:55:45+00:00\" \/>\n<meta property=\"article:modified_time\" content=\"2025-03-24T15:55:47+00:00\" \/>\n<meta property=\"og:image\" content=\"https:\/\/dpress.ma\/fr\/wp-content\/uploads\/sites\/2\/2025\/03\/dimensions2-80.jpg\" \/>\n\t<meta property=\"og:image:width\" content=\"2539\" \/>\n\t<meta property=\"og:image:height\" content=\"1594\" \/>\n\t<meta property=\"og:image:type\" content=\"image\/jpeg\" \/>\n<meta name=\"author\" content=\"Dpress.ma\" \/>\n<meta name=\"twitter:card\" content=\"summary_large_image\" \/>\n<meta name=\"twitter:label1\" content=\"\u00c9crit par\" \/>\n\t<meta name=\"twitter:data1\" content=\"Dpress.ma\" \/>\n\t<meta name=\"twitter:label2\" content=\"Dur\u00e9e de lecture estim\u00e9e\" \/>\n\t<meta name=\"twitter:data2\" content=\"2 minutes\" \/>\n<script type=\"application\/ld+json\" class=\"yoast-schema-graph\">{\"@context\":\"https:\\\/\\\/schema.org\",\"@graph\":[{\"@type\":\"Article\",\"@id\":\"https:\\\/\\\/dpress.ma\\\/fr\\\/2025\\\/03\\\/24\\\/m-abdelkader-amara-recemment-nomme-president-du-cese-possede-une-riche-carriere-marquee-par-son-engagement-dans-divers-domaines\\\/#article\",\"isPartOf\":{\"@id\":\"https:\\\/\\\/dpress.ma\\\/fr\\\/2025\\\/03\\\/24\\\/m-abdelkader-amara-recemment-nomme-president-du-cese-possede-une-riche-carriere-marquee-par-son-engagement-dans-divers-domaines\\\/\"},\"author\":{\"name\":\"Dpress.ma\",\"@id\":\"https:\\\/\\\/dpress.ma\\\/fr\\\/#\\\/schema\\\/person\\\/4898febf3ccd59e6578d838656a306a0\"},\"headline\":\"M. Abdelkader Amara, r\u00e9cemment nomm\u00e9 Pr\u00e9sident du CESE, poss\u00e8de une riche carri\u00e8re marqu\u00e9e par son engagement dans divers domaines\",\"datePublished\":\"2025-03-24T15:55:45+00:00\",\"dateModified\":\"2025-03-24T15:55:47+00:00\",\"mainEntityOfPage\":{\"@id\":\"https:\\\/\\\/dpress.ma\\\/fr\\\/2025\\\/03\\\/24\\\/m-abdelkader-amara-recemment-nomme-president-du-cese-possede-une-riche-carriere-marquee-par-son-engagement-dans-divers-domaines\\\/\"},\"wordCount\":335,\"commentCount\":0,\"image\":{\"@id\":\"https:\\\/\\\/dpress.ma\\\/fr\\\/2025\\\/03\\\/24\\\/m-abdelkader-amara-recemment-nomme-president-du-cese-possede-une-riche-carriere-marquee-par-son-engagement-dans-divers-domaines\\\/#primaryimage\"},\"thumbnailUrl\":\"https:\\\/\\\/dpress.ma\\\/fr\\\/wp-content\\\/uploads\\\/sites\\\/2\\\/2025\\\/03\\\/dimensions2-80.jpg\",\"articleSection\":[\"societe et regions\"],\"inLanguage\":\"fr-FR\",\"potentialAction\":[{\"@type\":\"CommentAction\",\"name\":\"Comment\",\"target\":[\"https:\\\/\\\/dpress.ma\\\/fr\\\/2025\\\/03\\\/24\\\/m-abdelkader-amara-recemment-nomme-president-du-cese-possede-une-riche-carriere-marquee-par-son-engagement-dans-divers-domaines\\\/#respond\"]}]},{\"@type\":\"WebPage\",\"@id\":\"https:\\\/\\\/dpress.ma\\\/fr\\\/2025\\\/03\\\/24\\\/m-abdelkader-amara-recemment-nomme-president-du-cese-possede-une-riche-carriere-marquee-par-son-engagement-dans-divers-domaines\\\/\",\"url\":\"https:\\\/\\\/dpress.ma\\\/fr\\\/2025\\\/03\\\/24\\\/m-abdelkader-amara-recemment-nomme-president-du-cese-possede-une-riche-carriere-marquee-par-son-engagement-dans-divers-domaines\\\/\",\"name\":\"M. Abdelkader Amara, r\u00e9cemment nomm\u00e9 Pr\u00e9sident du CESE, poss\u00e8de une riche carri\u00e8re marqu\u00e9e par son engagement dans divers domaines - Dpress.ma\\\/fr\",\"isPartOf\":{\"@id\":\"https:\\\/\\\/dpress.ma\\\/fr\\\/#website\"},\"primaryImageOfPage\":{\"@id\":\"https:\\\/\\\/dpress.ma\\\/fr\\\/2025\\\/03\\\/24\\\/m-abdelkader-amara-recemment-nomme-president-du-cese-possede-une-riche-carriere-marquee-par-son-engagement-dans-divers-domaines\\\/#primaryimage\"},\"image\":{\"@id\":\"https:\\\/\\\/dpress.ma\\\/fr\\\/2025\\\/03\\\/24\\\/m-abdelkader-amara-recemment-nomme-president-du-cese-possede-une-riche-carriere-marquee-par-son-engagement-dans-divers-domaines\\\/#primaryimage\"},\"thumbnailUrl\":\"https:\\\/\\\/dpress.ma\\\/fr\\\/wp-content\\\/uploads\\\/sites\\\/2\\\/2025\\\/03\\\/dimensions2-80.jpg\",\"datePublished\":\"2025-03-24T15:55:45+00:00\",\"dateModified\":\"2025-03-24T15:55:47+00:00\",\"author\":{\"@id\":\"https:\\\/\\\/dpress.ma\\\/fr\\\/#\\\/schema\\\/person\\\/4898febf3ccd59e6578d838656a306a0\"},\"breadcrumb\":{\"@id\":\"https:\\\/\\\/dpress.ma\\\/fr\\\/2025\\\/03\\\/24\\\/m-abdelkader-amara-recemment-nomme-president-du-cese-possede-une-riche-carriere-marquee-par-son-engagement-dans-divers-domaines\\\/#breadcrumb\"},\"inLanguage\":\"fr-FR\",\"potentialAction\":[{\"@type\":\"ReadAction\",\"target\":[\"https:\\\/\\\/dpress.ma\\\/fr\\\/2025\\\/03\\\/24\\\/m-abdelkader-amara-recemment-nomme-president-du-cese-possede-une-riche-carriere-marquee-par-son-engagement-dans-divers-domaines\\\/\"]}]},{\"@type\":\"ImageObject\",\"inLanguage\":\"fr-FR\",\"@id\":\"https:\\\/\\\/dpress.ma\\\/fr\\\/2025\\\/03\\\/24\\\/m-abdelkader-amara-recemment-nomme-president-du-cese-possede-une-riche-carriere-marquee-par-son-engagement-dans-divers-domaines\\\/#primaryimage\",\"url\":\"https:\\\/\\\/dpress.ma\\\/fr\\\/wp-content\\\/uploads\\\/sites\\\/2\\\/2025\\\/03\\\/dimensions2-80.jpg\",\"contentUrl\":\"https:\\\/\\\/dpress.ma\\\/fr\\\/wp-content\\\/uploads\\\/sites\\\/2\\\/2025\\\/03\\\/dimensions2-80.jpg\",\"width\":2539,\"height\":1594},{\"@type\":\"BreadcrumbList\",\"@id\":\"https:\\\/\\\/dpress.ma\\\/fr\\\/2025\\\/03\\\/24\\\/m-abdelkader-amara-recemment-nomme-president-du-cese-possede-une-riche-carriere-marquee-par-son-engagement-dans-divers-domaines\\\/#breadcrumb\",\"itemListElement\":[{\"@type\":\"ListItem\",\"position\":1,\"name\":\"Home\",\"item\":\"https:\\\/\\\/dpress.ma\\\/fr\\\/\"},{\"@type\":\"ListItem\",\"position\":2,\"name\":\"M. Abdelkader Amara, r\u00e9cemment nomm\u00e9 Pr\u00e9sident du CESE, poss\u00e8de une riche carri\u00e8re marqu\u00e9e par son engagement dans divers domaines\"}]},{\"@type\":\"WebSite\",\"@id\":\"https:\\\/\\\/dpress.ma\\\/fr\\\/#website\",\"url\":\"https:\\\/\\\/dpress.ma\\\/fr\\\/\",\"name\":\"Dpress.ma\\\/fr\",\"description\":\"\",\"potentialAction\":[{\"@type\":\"SearchAction\",\"target\":{\"@type\":\"EntryPoint\",\"urlTemplate\":\"https:\\\/\\\/dpress.ma\\\/fr\\\/?s={search_term_string}\"},\"query-input\":{\"@type\":\"PropertyValueSpecification\",\"valueRequired\":true,\"valueName\":\"search_term_string\"}}],\"inLanguage\":\"fr-FR\"},{\"@type\":\"Person\",\"@id\":\"https:\\\/\\\/dpress.ma\\\/fr\\\/#\\\/schema\\\/person\\\/4898febf3ccd59e6578d838656a306a0\",\"name\":\"Dpress.ma\",\"image\":{\"@type\":\"ImageObject\",\"inLanguage\":\"fr-FR\",\"@id\":\"https:\\\/\\\/secure.gravatar.com\\\/avatar\\\/72ecc30e9db047a2e0e7176561eb9d564ed77c8108376495b19bd8336405198a?s=96&d=mm&r=g\",\"url\":\"https:\\\/\\\/secure.gravatar.com\\\/avatar\\\/72ecc30e9db047a2e0e7176561eb9d564ed77c8108376495b19bd8336405198a?s=96&d=mm&r=g\",\"contentUrl\":\"https:\\\/\\\/secure.gravatar.com\\\/avatar\\\/72ecc30e9db047a2e0e7176561eb9d564ed77c8108376495b19bd8336405198a?s=96&d=mm&r=g\",\"caption\":\"Dpress.ma\"},\"sameAs\":[\"https:\\\/\\\/www.dpress.ma\"],\"url\":\"https:\\\/\\\/dpress.ma\\\/fr\\\/author\\\/dpress-ma\\\/\"}]}<\/script>\n<!-- \/ Yoast SEO plugin. -->","yoast_head_json":{"title":"M. Abdelkader Amara, r\u00e9cemment nomm\u00e9 Pr\u00e9sident du CESE, poss\u00e8de une riche carri\u00e8re marqu\u00e9e par son engagement dans divers domaines - Dpress.ma\/fr","robots":{"index":"index","follow":"follow","max-snippet":"max-snippet:-1","max-image-preview":"max-image-preview:large","max-video-preview":"max-video-preview:-1"},"canonical":"https:\/\/dpress.ma\/fr\/2025\/03\/24\/m-abdelkader-amara-recemment-nomme-president-du-cese-possede-une-riche-carriere-marquee-par-son-engagement-dans-divers-domaines\/","og_locale":"fr_FR","og_type":"article","og_title":"M. Abdelkader Amara, r\u00e9cemment nomm\u00e9 Pr\u00e9sident du CESE, poss\u00e8de une riche carri\u00e8re marqu\u00e9e par son engagement dans divers domaines - Dpress.ma\/fr","og_description":"dpress M. Abdelkader Amara, que Sa Majest\u00e9 le Roi Mohammed VI a nomm\u00e9, lundi, pr\u00e9sident du Conseil Economique, Social et Environnemental (CESE), est n\u00e9 le 28 janvier 1962 \u00e0 Bouarfa. Ancien ministre en charge de plusieurs secteurs, notamment du Commerce et de l\u2019Industrie, de l\u2019Energie, de l\u2019Equipement et de l\u2019Eau, M. Amara a occup\u00e9 plusieurs &hellip;","og_url":"https:\/\/dpress.ma\/fr\/2025\/03\/24\/m-abdelkader-amara-recemment-nomme-president-du-cese-possede-une-riche-carriere-marquee-par-son-engagement-dans-divers-domaines\/","og_site_name":"Dpress.ma\/fr","article_published_time":"2025-03-24T15:55:45+00:00","article_modified_time":"2025-03-24T15:55:47+00:00","og_image":[{"width":2539,"height":1594,"url":"https:\/\/dpress.ma\/fr\/wp-content\/uploads\/sites\/2\/2025\/03\/dimensions2-80.jpg","type":"image\/jpeg"}],"author":"Dpress.ma","twitter_card":"summary_large_image","twitter_misc":{"\u00c9crit par":"Dpress.ma","Dur\u00e9e de lecture estim\u00e9e":"2 minutes"},"schema":{"@context":"https:\/\/schema.org","@graph":[{"@type":"Article","@id":"https:\/\/dpress.ma\/fr\/2025\/03\/24\/m-abdelkader-amara-recemment-nomme-president-du-cese-possede-une-riche-carriere-marquee-par-son-engagement-dans-divers-domaines\/#article","isPartOf":{"@id":"https:\/\/dpress.ma\/fr\/2025\/03\/24\/m-abdelkader-amara-recemment-nomme-president-du-cese-possede-une-riche-carriere-marquee-par-son-engagement-dans-divers-domaines\/"},"author":{"name":"Dpress.ma","@id":"https:\/\/dpress.ma\/fr\/#\/schema\/person\/4898febf3ccd59e6578d838656a306a0"},"headline":"M. Abdelkader Amara, r\u00e9cemment nomm\u00e9 Pr\u00e9sident du CESE, poss\u00e8de une riche carri\u00e8re marqu\u00e9e par son engagement dans divers domaines","datePublished":"2025-03-24T15:55:45+00:00","dateModified":"2025-03-24T15:55:47+00:00","mainEntityOfPage":{"@id":"https:\/\/dpress.ma\/fr\/2025\/03\/24\/m-abdelkader-amara-recemment-nomme-president-du-cese-possede-une-riche-carriere-marquee-par-son-engagement-dans-divers-domaines\/"},"wordCount":335,"commentCount":0,"image":{"@id":"https:\/\/dpress.ma\/fr\/2025\/03\/24\/m-abdelkader-amara-recemment-nomme-president-du-cese-possede-une-riche-carriere-marquee-par-son-engagement-dans-divers-domaines\/#primaryimage"},"thumbnailUrl":"https:\/\/dpress.ma\/fr\/wp-content\/uploads\/sites\/2\/2025\/03\/dimensions2-80.jpg","articleSection":["societe et regions"],"inLanguage":"fr-FR","potentialAction":[{"@type":"CommentAction","name":"Comment","target":["https:\/\/dpress.ma\/fr\/2025\/03\/24\/m-abdelkader-amara-recemment-nomme-president-du-cese-possede-une-riche-carriere-marquee-par-son-engagement-dans-divers-domaines\/#respond"]}]},{"@type":"WebPage","@id":"https:\/\/dpress.ma\/fr\/2025\/03\/24\/m-abdelkader-amara-recemment-nomme-president-du-cese-possede-une-riche-carriere-marquee-par-son-engagement-dans-divers-domaines\/","url":"https:\/\/dpress.ma\/fr\/2025\/03\/24\/m-abdelkader-amara-recemment-nomme-president-du-cese-possede-une-riche-carriere-marquee-par-son-engagement-dans-divers-domaines\/","name":"M. Abdelkader Amara, r\u00e9cemment nomm\u00e9 Pr\u00e9sident du CESE, poss\u00e8de une riche carri\u00e8re marqu\u00e9e par son engagement dans divers domaines - Dpress.ma\/fr","isPartOf":{"@id":"https:\/\/dpress.ma\/fr\/#website"},"primaryImageOfPage":{"@id":"https:\/\/dpress.ma\/fr\/2025\/03\/24\/m-abdelkader-amara-recemment-nomme-president-du-cese-possede-une-riche-carriere-marquee-par-son-engagement-dans-divers-domaines\/#primaryimage"},"image":{"@id":"https:\/\/dpress.ma\/fr\/2025\/03\/24\/m-abdelkader-amara-recemment-nomme-president-du-cese-possede-une-riche-carriere-marquee-par-son-engagement-dans-divers-domaines\/#primaryimage"},"thumbnailUrl":"https:\/\/dpress.ma\/fr\/wp-content\/uploads\/sites\/2\/2025\/03\/dimensions2-80.jpg","datePublished":"2025-03-24T15:55:45+00:00","dateModified":"2025-03-24T15:55:47+00:00","author":{"@id":"https:\/\/dpress.ma\/fr\/#\/schema\/person\/4898febf3ccd59e6578d838656a306a0"},"breadcrumb":{"@id":"https:\/\/dpress.ma\/fr\/2025\/03\/24\/m-abdelkader-amara-recemment-nomme-president-du-cese-possede-une-riche-carriere-marquee-par-son-engagement-dans-divers-domaines\/#breadcrumb"},"inLanguage":"fr-FR","potentialAction":[{"@type":"ReadAction","target":["https:\/\/dpress.ma\/fr\/2025\/03\/24\/m-abdelkader-amara-recemment-nomme-president-du-cese-possede-une-riche-carriere-marquee-par-son-engagement-dans-divers-domaines\/"]}]},{"@type":"ImageObject","inLanguage":"fr-FR","@id":"https:\/\/dpress.ma\/fr\/2025\/03\/24\/m-abdelkader-amara-recemment-nomme-president-du-cese-possede-une-riche-carriere-marquee-par-son-engagement-dans-divers-domaines\/#primaryimage","url":"https:\/\/dpress.ma\/fr\/wp-content\/uploads\/sites\/2\/2025\/03\/dimensions2-80.jpg","contentUrl":"https:\/\/dpress.ma\/fr\/wp-content\/uploads\/sites\/2\/2025\/03\/dimensions2-80.jpg","width":2539,"height":1594},{"@type":"BreadcrumbList","@id":"https:\/\/dpress.ma\/fr\/2025\/03\/24\/m-abdelkader-amara-recemment-nomme-president-du-cese-possede-une-riche-carriere-marquee-par-son-engagement-dans-divers-domaines\/#breadcrumb","itemListElement":[{"@type":"ListItem","position":1,"name":"Home","item":"https:\/\/dpress.ma\/fr\/"},{"@type":"ListItem","position":2,"name":"M. Abdelkader Amara, r\u00e9cemment nomm\u00e9 Pr\u00e9sident du CESE, poss\u00e8de une riche carri\u00e8re marqu\u00e9e par son engagement dans divers domaines"}]},{"@type":"WebSite","@id":"https:\/\/dpress.ma\/fr\/#website","url":"https:\/\/dpress.ma\/fr\/","name":"Dpress.ma\/fr","description":"","potentialAction":[{"@type":"SearchAction","target":{"@type":"EntryPoint","urlTemplate":"https:\/\/dpress.ma\/fr\/?s={search_term_string}"},"query-input":{"@type":"PropertyValueSpecification","valueRequired":true,"valueName":"search_term_string"}}],"inLanguage":"fr-FR"},{"@type":"Person","@id":"https:\/\/dpress.ma\/fr\/#\/schema\/person\/4898febf3ccd59e6578d838656a306a0","name":"Dpress.ma","image":{"@type":"ImageObject","inLanguage":"fr-FR","@id":"https:\/\/secure.gravatar.com\/avatar\/72ecc30e9db047a2e0e7176561eb9d564ed77c8108376495b19bd8336405198a?s=96&d=mm&r=g","url":"https:\/\/secure.gravatar.com\/avatar\/72ecc30e9db047a2e0e7176561eb9d564ed77c8108376495b19bd8336405198a?s=96&d=mm&r=g","contentUrl":"https:\/\/secure.gravatar.com\/avatar\/72ecc30e9db047a2e0e7176561eb9d564ed77c8108376495b19bd8336405198a?s=96&d=mm&r=g","caption":"Dpress.ma"},"sameAs":["https:\/\/www.dpress.ma"],"url":"https:\/\/dpress.ma\/fr\/author\/dpress-ma\/"}]}},"amp_enabled":true,"_links":{"self":[{"href":"https:\/\/dpress.ma\/fr\/wp-json\/wp\/v2\/posts\/13396","targetHints":{"allow":["GET"]}}],"collection":[{"href":"https:\/\/dpress.ma\/fr\/wp-json\/wp\/v2\/posts"}],"about":[{"href":"https:\/\/dpress.ma\/fr\/wp-json\/wp\/v2\/types\/post"}],"author":[{"embeddable":true,"href":"https:\/\/dpress.ma\/fr\/wp-json\/wp\/v2\/users\/2"}],"replies":[{"embeddable":true,"href":"https:\/\/dpress.ma\/fr\/wp-json\/wp\/v2\/comments?post=13396"}],"version-history":[{"count":1,"href":"https:\/\/dpress.ma\/fr\/wp-json\/wp\/v2\/posts\/13396\/revisions"}],"predecessor-version":[{"id":13398,"href":"https:\/\/dpress.ma\/fr\/wp-json\/wp\/v2\/posts\/13396\/revisions\/13398"}],"wp:featuredmedia":[{"embeddable":true,"href":"https:\/\/dpress.ma\/fr\/wp-json\/wp\/v2\/media\/13397"}],"wp:attachment":[{"href":"https:\/\/dpress.ma\/fr\/wp-json\/wp\/v2\/media?parent=13396"}],"wp:term":[{"taxonomy":"category","embeddable":true,"href":"https:\/\/dpress.ma\/fr\/wp-json\/wp\/v2\/categories?post=13396"},{"taxonomy":"post_tag","embeddable":true,"href":"https:\/\/dpress.ma\/fr\/wp-json\/wp\/v2\/tags?post=13396"}],"curies":[{"name":"wp","href":"https:\/\/api.w.org\/{rel}","templated":true}]}}