{"id":13377,"date":"2025-03-24T10:39:28","date_gmt":"2025-03-24T10:39:28","guid":{"rendered":"https:\/\/dpress.ma\/fr\/?p=13377"},"modified":"2025-03-24T10:39:29","modified_gmt":"2025-03-24T10:39:29","slug":"cloture-de-la-4e-edition-du-festival-ramadanesques-de-la-metropole-de-tanger","status":"publish","type":"post","link":"https:\/\/dpress.ma\/fr\/2025\/03\/24\/cloture-de-la-4e-edition-du-festival-ramadanesques-de-la-metropole-de-tanger\/","title":{"rendered":"Cl\u00f4ture de la 4e \u00e9dition du festival \u00ab\u00a0Ramadanesques de la m\u00e9tropole de Tanger\u00a0\u00bb"},"content":{"rendered":"\n<p class=\"wp-block-paragraph\">dpress<\/p>\n\n\n\n<p class=\"wp-block-paragraph\">La 4\u00e8 \u00e9dition du festival \u201cRamadanesques de Tanger m\u00e9tropole\u201d s\u2019est cl\u00f4tur\u00e9e, samedi soir au Palais des arts et de la culture de Tanger, avec une soir\u00e9e de musique andalouse.<\/p>\n\n\n\n<p class=\"wp-block-paragraph\">Trois semaines durant, le programme \u201cRamadanesques de Tanger m\u00e9tropole\u201d a propos\u00e9 des soir\u00e9es politiques et litt\u00e9raires, des visites de solidarit\u00e9 avec les pensionnaires des institutions sociales, des visites touristiques pour explorer le riche patrimoine de la m\u00e9dina de Tanger, des soir\u00e9es d\u00e9di\u00e9es \u00e0 l\u2019art du Sama\u00e2 et du Madih, ainsi que des expositions artistiques et des tournois sportifs, en plus d\u2019un hommage rendu \u00e0 plusieurs acteurs sociaux, \u00e9ducatifs et sportifs de la ville.<\/p>\n\n\n\n<p class=\"wp-block-paragraph\">Sur le plan intellectuel, cet \u00e9v\u00e9nement, organis\u00e9 par la Fondation Tanger m\u00e9tropole pour l\u2019action culturelle, sociale, \u00e9ducative et sportive, a \u00e9t\u00e9 ponctu\u00e9 par deux conf\u00e9rences sur \u201cLe patrimoine islamique de Tanger, entre valorisation du patrimoine et pr\u00e9servation de la m\u00e9moire\u201d et \u201cL\u2019utilisation \u00e9thique de l\u2019intelligence artificielle\u201d, en sus de l\u2019organisation d\u2019un Iftar collectif quotidien et des ateliers d\u00e9di\u00e9s \u00e0 la mise en avant des coutumes et traditions marocaines authentiques.<\/p>\n\n\n\n<p class=\"wp-block-paragraph\">Cet \u00e9v\u00e9nement a \u00e9t\u00e9 marqu\u00e9 \u00e9galement par l\u2019organisation d\u2019un concours de m\u00e9morisation et de psalmodie du Saint Coran, qui a connu la participation de plus 3.000 candidats de tous \u00e2ges, et a \u00e9t\u00e9 l\u2019occasion de rendre hommage et c\u00e9l\u00e9brer plusieurs m\u00e9morisateurs du Saint Coran et \u00e9tudiants des \u00e9coles coraniques de la ville.<\/p>\n\n\n\n<p class=\"wp-block-paragraph\">Dans une d\u00e9claration \u00e0 la MAP, le pr\u00e9sident de la Fondation Tanger m\u00e9tropole, Abdelouahed Boulaich, s\u2019est f\u00e9licit\u00e9 du \u201cgrand succ\u00e8s\u201d de cette \u00e9dition, qui a \u00e9t\u00e9 marqu\u00e9e par un programme riche couvrant diff\u00e9rents domaines, mettant l\u2019accent sur les moments forts de l\u2019\u00e9v\u00e9nement, notamment la c\u00e9r\u00e9monie de cl\u00f4ture du&nbsp;concours de m\u00e9morisation et de psalmodie du Saint Coran, les soir\u00e9es de po\u00e9sie et celles d\u00e9di\u00e9es \u00e0 l\u2019art du Sama\u00e2 et du Madih.<\/p>\n\n\n\n<p class=\"wp-block-paragraph\">M. Boulaich a pr\u00e9cis\u00e9 que l\u2019organisation de ce festival refl\u00e8te la volont\u00e9 de la Fondation de contribuer \u00e0 l\u2019animation des diff\u00e9rentes structures et installations qui ont ouvert leurs portes \u00e0 Tanger au cours des derni\u00e8res ann\u00e9es, gr\u00e2ce \u00e0 la Haute sollicitude royale dont jouit la ville du D\u00e9troit.<\/p>\n\n\n\n<p class=\"wp-block-paragraph\">La c\u00e9r\u00e9monie de cl\u00f4ture de cette \u00e9dition a \u00e9t\u00e9 marqu\u00e9e par une soir\u00e9e haute en couleurs anim\u00e9e par l\u2019artiste Mohamed El Aroussi, accompagn\u00e9 de l\u2019orchestre Mohamed Larbi Merabet, ainsi qu\u2019un vibrant hommage rendu \u00e0 l\u2019artiste Mohamed Zaitouni Sahraoui, l\u2019un des pionniers de la musique andalouse, ainsi qu\u2019\u00e0 plusieurs acteurs locaux de divers horizons.<\/p>\n","protected":false},"excerpt":{"rendered":"<p>dpress La 4\u00e8 \u00e9dition du festival \u201cRamadanesques de Tanger m\u00e9tropole\u201d s\u2019est cl\u00f4tur\u00e9e, samedi soir au Palais des arts et de la culture de Tanger, avec une soir\u00e9e de musique andalouse. Trois semaines durant, le programme \u201cRamadanesques de Tanger m\u00e9tropole\u201d a propos\u00e9 des soir\u00e9es politiques et litt\u00e9raires, des visites de solidarit\u00e9 avec les pensionnaires des institutions &hellip;<\/p>\n","protected":false},"author":2,"featured_media":13378,"comment_status":"open","ping_status":"open","sticky":false,"template":"","format":"standard","meta":{"footnotes":""},"categories":[40],"tags":[],"class_list":["post-13377","post","type-post","status-publish","format-standard","has-post-thumbnail","hentry","category-societe-et-regions"],"yoast_head":"<!-- This site is optimized with the Yoast SEO plugin v28.0 - https:\/\/yoast.com\/product\/yoast-seo-wordpress\/ -->\n<title>Cl\u00f4ture de la 4e \u00e9dition du festival &quot;Ramadanesques de la m\u00e9tropole de Tanger&quot; - Dpress.ma\/fr<\/title>\n<meta name=\"robots\" content=\"index, follow, max-snippet:-1, max-image-preview:large, max-video-preview:-1\" \/>\n<link rel=\"canonical\" href=\"https:\/\/dpress.ma\/fr\/2025\/03\/24\/cloture-de-la-4e-edition-du-festival-ramadanesques-de-la-metropole-de-tanger\/\" \/>\n<meta property=\"og:locale\" content=\"fr_FR\" \/>\n<meta property=\"og:type\" content=\"article\" \/>\n<meta property=\"og:title\" content=\"Cl\u00f4ture de la 4e \u00e9dition du festival &quot;Ramadanesques de la m\u00e9tropole de Tanger&quot; - Dpress.ma\/fr\" \/>\n<meta property=\"og:description\" content=\"dpress La 4\u00e8 \u00e9dition du festival \u201cRamadanesques de Tanger m\u00e9tropole\u201d s\u2019est cl\u00f4tur\u00e9e, samedi soir au Palais des arts et de la culture de Tanger, avec une soir\u00e9e de musique andalouse. Trois semaines durant, le programme \u201cRamadanesques de Tanger m\u00e9tropole\u201d a propos\u00e9 des soir\u00e9es politiques et litt\u00e9raires, des visites de solidarit\u00e9 avec les pensionnaires des institutions &hellip;\" \/>\n<meta property=\"og:url\" content=\"https:\/\/dpress.ma\/fr\/2025\/03\/24\/cloture-de-la-4e-edition-du-festival-ramadanesques-de-la-metropole-de-tanger\/\" \/>\n<meta property=\"og:site_name\" content=\"Dpress.ma\/fr\" \/>\n<meta property=\"article:published_time\" content=\"2025-03-24T10:39:28+00:00\" \/>\n<meta property=\"article:modified_time\" content=\"2025-03-24T10:39:29+00:00\" \/>\n<meta property=\"og:image\" content=\"https:\/\/dpress.ma\/fr\/wp-content\/uploads\/sites\/2\/2025\/03\/dimensions2-74.jpg\" \/>\n\t<meta property=\"og:image:width\" content=\"2539\" \/>\n\t<meta property=\"og:image:height\" content=\"1594\" \/>\n\t<meta property=\"og:image:type\" content=\"image\/jpeg\" \/>\n<meta name=\"author\" content=\"Dpress.ma\" \/>\n<meta name=\"twitter:card\" content=\"summary_large_image\" \/>\n<meta name=\"twitter:label1\" content=\"\u00c9crit par\" \/>\n\t<meta name=\"twitter:data1\" content=\"Dpress.ma\" \/>\n\t<meta name=\"twitter:label2\" content=\"Dur\u00e9e de lecture estim\u00e9e\" \/>\n\t<meta name=\"twitter:data2\" content=\"3 minutes\" \/>\n<script type=\"application\/ld+json\" class=\"yoast-schema-graph\">{\"@context\":\"https:\\\/\\\/schema.org\",\"@graph\":[{\"@type\":\"Article\",\"@id\":\"https:\\\/\\\/dpress.ma\\\/fr\\\/2025\\\/03\\\/24\\\/cloture-de-la-4e-edition-du-festival-ramadanesques-de-la-metropole-de-tanger\\\/#article\",\"isPartOf\":{\"@id\":\"https:\\\/\\\/dpress.ma\\\/fr\\\/2025\\\/03\\\/24\\\/cloture-de-la-4e-edition-du-festival-ramadanesques-de-la-metropole-de-tanger\\\/\"},\"author\":{\"name\":\"Dpress.ma\",\"@id\":\"https:\\\/\\\/dpress.ma\\\/fr\\\/#\\\/schema\\\/person\\\/4898febf3ccd59e6578d838656a306a0\"},\"headline\":\"Cl\u00f4ture de la 4e \u00e9dition du festival \u00ab\u00a0Ramadanesques de la m\u00e9tropole de Tanger\u00a0\u00bb\",\"datePublished\":\"2025-03-24T10:39:28+00:00\",\"dateModified\":\"2025-03-24T10:39:29+00:00\",\"mainEntityOfPage\":{\"@id\":\"https:\\\/\\\/dpress.ma\\\/fr\\\/2025\\\/03\\\/24\\\/cloture-de-la-4e-edition-du-festival-ramadanesques-de-la-metropole-de-tanger\\\/\"},\"wordCount\":475,\"commentCount\":0,\"image\":{\"@id\":\"https:\\\/\\\/dpress.ma\\\/fr\\\/2025\\\/03\\\/24\\\/cloture-de-la-4e-edition-du-festival-ramadanesques-de-la-metropole-de-tanger\\\/#primaryimage\"},\"thumbnailUrl\":\"https:\\\/\\\/dpress.ma\\\/fr\\\/wp-content\\\/uploads\\\/sites\\\/2\\\/2025\\\/03\\\/dimensions2-74.jpg\",\"articleSection\":[\"societe et regions\"],\"inLanguage\":\"fr-FR\",\"potentialAction\":[{\"@type\":\"CommentAction\",\"name\":\"Comment\",\"target\":[\"https:\\\/\\\/dpress.ma\\\/fr\\\/2025\\\/03\\\/24\\\/cloture-de-la-4e-edition-du-festival-ramadanesques-de-la-metropole-de-tanger\\\/#respond\"]}]},{\"@type\":\"WebPage\",\"@id\":\"https:\\\/\\\/dpress.ma\\\/fr\\\/2025\\\/03\\\/24\\\/cloture-de-la-4e-edition-du-festival-ramadanesques-de-la-metropole-de-tanger\\\/\",\"url\":\"https:\\\/\\\/dpress.ma\\\/fr\\\/2025\\\/03\\\/24\\\/cloture-de-la-4e-edition-du-festival-ramadanesques-de-la-metropole-de-tanger\\\/\",\"name\":\"Cl\u00f4ture de la 4e \u00e9dition du festival \\\"Ramadanesques de la m\u00e9tropole de Tanger\\\" - Dpress.ma\\\/fr\",\"isPartOf\":{\"@id\":\"https:\\\/\\\/dpress.ma\\\/fr\\\/#website\"},\"primaryImageOfPage\":{\"@id\":\"https:\\\/\\\/dpress.ma\\\/fr\\\/2025\\\/03\\\/24\\\/cloture-de-la-4e-edition-du-festival-ramadanesques-de-la-metropole-de-tanger\\\/#primaryimage\"},\"image\":{\"@id\":\"https:\\\/\\\/dpress.ma\\\/fr\\\/2025\\\/03\\\/24\\\/cloture-de-la-4e-edition-du-festival-ramadanesques-de-la-metropole-de-tanger\\\/#primaryimage\"},\"thumbnailUrl\":\"https:\\\/\\\/dpress.ma\\\/fr\\\/wp-content\\\/uploads\\\/sites\\\/2\\\/2025\\\/03\\\/dimensions2-74.jpg\",\"datePublished\":\"2025-03-24T10:39:28+00:00\",\"dateModified\":\"2025-03-24T10:39:29+00:00\",\"author\":{\"@id\":\"https:\\\/\\\/dpress.ma\\\/fr\\\/#\\\/schema\\\/person\\\/4898febf3ccd59e6578d838656a306a0\"},\"breadcrumb\":{\"@id\":\"https:\\\/\\\/dpress.ma\\\/fr\\\/2025\\\/03\\\/24\\\/cloture-de-la-4e-edition-du-festival-ramadanesques-de-la-metropole-de-tanger\\\/#breadcrumb\"},\"inLanguage\":\"fr-FR\",\"potentialAction\":[{\"@type\":\"ReadAction\",\"target\":[\"https:\\\/\\\/dpress.ma\\\/fr\\\/2025\\\/03\\\/24\\\/cloture-de-la-4e-edition-du-festival-ramadanesques-de-la-metropole-de-tanger\\\/\"]}]},{\"@type\":\"ImageObject\",\"inLanguage\":\"fr-FR\",\"@id\":\"https:\\\/\\\/dpress.ma\\\/fr\\\/2025\\\/03\\\/24\\\/cloture-de-la-4e-edition-du-festival-ramadanesques-de-la-metropole-de-tanger\\\/#primaryimage\",\"url\":\"https:\\\/\\\/dpress.ma\\\/fr\\\/wp-content\\\/uploads\\\/sites\\\/2\\\/2025\\\/03\\\/dimensions2-74.jpg\",\"contentUrl\":\"https:\\\/\\\/dpress.ma\\\/fr\\\/wp-content\\\/uploads\\\/sites\\\/2\\\/2025\\\/03\\\/dimensions2-74.jpg\",\"width\":2539,\"height\":1594},{\"@type\":\"BreadcrumbList\",\"@id\":\"https:\\\/\\\/dpress.ma\\\/fr\\\/2025\\\/03\\\/24\\\/cloture-de-la-4e-edition-du-festival-ramadanesques-de-la-metropole-de-tanger\\\/#breadcrumb\",\"itemListElement\":[{\"@type\":\"ListItem\",\"position\":1,\"name\":\"Home\",\"item\":\"https:\\\/\\\/dpress.ma\\\/fr\\\/\"},{\"@type\":\"ListItem\",\"position\":2,\"name\":\"Cl\u00f4ture de la 4e \u00e9dition du festival &#8220;Ramadanesques de la m\u00e9tropole de Tanger&#8221;\"}]},{\"@type\":\"WebSite\",\"@id\":\"https:\\\/\\\/dpress.ma\\\/fr\\\/#website\",\"url\":\"https:\\\/\\\/dpress.ma\\\/fr\\\/\",\"name\":\"Dpress.ma\\\/fr\",\"description\":\"\",\"potentialAction\":[{\"@type\":\"SearchAction\",\"target\":{\"@type\":\"EntryPoint\",\"urlTemplate\":\"https:\\\/\\\/dpress.ma\\\/fr\\\/?s={search_term_string}\"},\"query-input\":{\"@type\":\"PropertyValueSpecification\",\"valueRequired\":true,\"valueName\":\"search_term_string\"}}],\"inLanguage\":\"fr-FR\"},{\"@type\":\"Person\",\"@id\":\"https:\\\/\\\/dpress.ma\\\/fr\\\/#\\\/schema\\\/person\\\/4898febf3ccd59e6578d838656a306a0\",\"name\":\"Dpress.ma\",\"image\":{\"@type\":\"ImageObject\",\"inLanguage\":\"fr-FR\",\"@id\":\"https:\\\/\\\/secure.gravatar.com\\\/avatar\\\/72ecc30e9db047a2e0e7176561eb9d564ed77c8108376495b19bd8336405198a?s=96&d=mm&r=g\",\"url\":\"https:\\\/\\\/secure.gravatar.com\\\/avatar\\\/72ecc30e9db047a2e0e7176561eb9d564ed77c8108376495b19bd8336405198a?s=96&d=mm&r=g\",\"contentUrl\":\"https:\\\/\\\/secure.gravatar.com\\\/avatar\\\/72ecc30e9db047a2e0e7176561eb9d564ed77c8108376495b19bd8336405198a?s=96&d=mm&r=g\",\"caption\":\"Dpress.ma\"},\"sameAs\":[\"https:\\\/\\\/www.dpress.ma\"],\"url\":\"https:\\\/\\\/dpress.ma\\\/fr\\\/author\\\/dpress-ma\\\/\"}]}<\/script>\n<!-- \/ Yoast SEO plugin. -->","yoast_head_json":{"title":"Cl\u00f4ture de la 4e \u00e9dition du festival \"Ramadanesques de la m\u00e9tropole de Tanger\" - Dpress.ma\/fr","robots":{"index":"index","follow":"follow","max-snippet":"max-snippet:-1","max-image-preview":"max-image-preview:large","max-video-preview":"max-video-preview:-1"},"canonical":"https:\/\/dpress.ma\/fr\/2025\/03\/24\/cloture-de-la-4e-edition-du-festival-ramadanesques-de-la-metropole-de-tanger\/","og_locale":"fr_FR","og_type":"article","og_title":"Cl\u00f4ture de la 4e \u00e9dition du festival \"Ramadanesques de la m\u00e9tropole de Tanger\" - Dpress.ma\/fr","og_description":"dpress La 4\u00e8 \u00e9dition du festival \u201cRamadanesques de Tanger m\u00e9tropole\u201d s\u2019est cl\u00f4tur\u00e9e, samedi soir au Palais des arts et de la culture de Tanger, avec une soir\u00e9e de musique andalouse. Trois semaines durant, le programme \u201cRamadanesques de Tanger m\u00e9tropole\u201d a propos\u00e9 des soir\u00e9es politiques et litt\u00e9raires, des visites de solidarit\u00e9 avec les pensionnaires des institutions &hellip;","og_url":"https:\/\/dpress.ma\/fr\/2025\/03\/24\/cloture-de-la-4e-edition-du-festival-ramadanesques-de-la-metropole-de-tanger\/","og_site_name":"Dpress.ma\/fr","article_published_time":"2025-03-24T10:39:28+00:00","article_modified_time":"2025-03-24T10:39:29+00:00","og_image":[{"width":2539,"height":1594,"url":"https:\/\/dpress.ma\/fr\/wp-content\/uploads\/sites\/2\/2025\/03\/dimensions2-74.jpg","type":"image\/jpeg"}],"author":"Dpress.ma","twitter_card":"summary_large_image","twitter_misc":{"\u00c9crit par":"Dpress.ma","Dur\u00e9e de lecture estim\u00e9e":"3 minutes"},"schema":{"@context":"https:\/\/schema.org","@graph":[{"@type":"Article","@id":"https:\/\/dpress.ma\/fr\/2025\/03\/24\/cloture-de-la-4e-edition-du-festival-ramadanesques-de-la-metropole-de-tanger\/#article","isPartOf":{"@id":"https:\/\/dpress.ma\/fr\/2025\/03\/24\/cloture-de-la-4e-edition-du-festival-ramadanesques-de-la-metropole-de-tanger\/"},"author":{"name":"Dpress.ma","@id":"https:\/\/dpress.ma\/fr\/#\/schema\/person\/4898febf3ccd59e6578d838656a306a0"},"headline":"Cl\u00f4ture de la 4e \u00e9dition du festival \u00ab\u00a0Ramadanesques de la m\u00e9tropole de Tanger\u00a0\u00bb","datePublished":"2025-03-24T10:39:28+00:00","dateModified":"2025-03-24T10:39:29+00:00","mainEntityOfPage":{"@id":"https:\/\/dpress.ma\/fr\/2025\/03\/24\/cloture-de-la-4e-edition-du-festival-ramadanesques-de-la-metropole-de-tanger\/"},"wordCount":475,"commentCount":0,"image":{"@id":"https:\/\/dpress.ma\/fr\/2025\/03\/24\/cloture-de-la-4e-edition-du-festival-ramadanesques-de-la-metropole-de-tanger\/#primaryimage"},"thumbnailUrl":"https:\/\/dpress.ma\/fr\/wp-content\/uploads\/sites\/2\/2025\/03\/dimensions2-74.jpg","articleSection":["societe et regions"],"inLanguage":"fr-FR","potentialAction":[{"@type":"CommentAction","name":"Comment","target":["https:\/\/dpress.ma\/fr\/2025\/03\/24\/cloture-de-la-4e-edition-du-festival-ramadanesques-de-la-metropole-de-tanger\/#respond"]}]},{"@type":"WebPage","@id":"https:\/\/dpress.ma\/fr\/2025\/03\/24\/cloture-de-la-4e-edition-du-festival-ramadanesques-de-la-metropole-de-tanger\/","url":"https:\/\/dpress.ma\/fr\/2025\/03\/24\/cloture-de-la-4e-edition-du-festival-ramadanesques-de-la-metropole-de-tanger\/","name":"Cl\u00f4ture de la 4e \u00e9dition du festival \"Ramadanesques de la m\u00e9tropole de Tanger\" - Dpress.ma\/fr","isPartOf":{"@id":"https:\/\/dpress.ma\/fr\/#website"},"primaryImageOfPage":{"@id":"https:\/\/dpress.ma\/fr\/2025\/03\/24\/cloture-de-la-4e-edition-du-festival-ramadanesques-de-la-metropole-de-tanger\/#primaryimage"},"image":{"@id":"https:\/\/dpress.ma\/fr\/2025\/03\/24\/cloture-de-la-4e-edition-du-festival-ramadanesques-de-la-metropole-de-tanger\/#primaryimage"},"thumbnailUrl":"https:\/\/dpress.ma\/fr\/wp-content\/uploads\/sites\/2\/2025\/03\/dimensions2-74.jpg","datePublished":"2025-03-24T10:39:28+00:00","dateModified":"2025-03-24T10:39:29+00:00","author":{"@id":"https:\/\/dpress.ma\/fr\/#\/schema\/person\/4898febf3ccd59e6578d838656a306a0"},"breadcrumb":{"@id":"https:\/\/dpress.ma\/fr\/2025\/03\/24\/cloture-de-la-4e-edition-du-festival-ramadanesques-de-la-metropole-de-tanger\/#breadcrumb"},"inLanguage":"fr-FR","potentialAction":[{"@type":"ReadAction","target":["https:\/\/dpress.ma\/fr\/2025\/03\/24\/cloture-de-la-4e-edition-du-festival-ramadanesques-de-la-metropole-de-tanger\/"]}]},{"@type":"ImageObject","inLanguage":"fr-FR","@id":"https:\/\/dpress.ma\/fr\/2025\/03\/24\/cloture-de-la-4e-edition-du-festival-ramadanesques-de-la-metropole-de-tanger\/#primaryimage","url":"https:\/\/dpress.ma\/fr\/wp-content\/uploads\/sites\/2\/2025\/03\/dimensions2-74.jpg","contentUrl":"https:\/\/dpress.ma\/fr\/wp-content\/uploads\/sites\/2\/2025\/03\/dimensions2-74.jpg","width":2539,"height":1594},{"@type":"BreadcrumbList","@id":"https:\/\/dpress.ma\/fr\/2025\/03\/24\/cloture-de-la-4e-edition-du-festival-ramadanesques-de-la-metropole-de-tanger\/#breadcrumb","itemListElement":[{"@type":"ListItem","position":1,"name":"Home","item":"https:\/\/dpress.ma\/fr\/"},{"@type":"ListItem","position":2,"name":"Cl\u00f4ture de la 4e \u00e9dition du festival &#8220;Ramadanesques de la m\u00e9tropole de Tanger&#8221;"}]},{"@type":"WebSite","@id":"https:\/\/dpress.ma\/fr\/#website","url":"https:\/\/dpress.ma\/fr\/","name":"Dpress.ma\/fr","description":"","potentialAction":[{"@type":"SearchAction","target":{"@type":"EntryPoint","urlTemplate":"https:\/\/dpress.ma\/fr\/?s={search_term_string}"},"query-input":{"@type":"PropertyValueSpecification","valueRequired":true,"valueName":"search_term_string"}}],"inLanguage":"fr-FR"},{"@type":"Person","@id":"https:\/\/dpress.ma\/fr\/#\/schema\/person\/4898febf3ccd59e6578d838656a306a0","name":"Dpress.ma","image":{"@type":"ImageObject","inLanguage":"fr-FR","@id":"https:\/\/secure.gravatar.com\/avatar\/72ecc30e9db047a2e0e7176561eb9d564ed77c8108376495b19bd8336405198a?s=96&d=mm&r=g","url":"https:\/\/secure.gravatar.com\/avatar\/72ecc30e9db047a2e0e7176561eb9d564ed77c8108376495b19bd8336405198a?s=96&d=mm&r=g","contentUrl":"https:\/\/secure.gravatar.com\/avatar\/72ecc30e9db047a2e0e7176561eb9d564ed77c8108376495b19bd8336405198a?s=96&d=mm&r=g","caption":"Dpress.ma"},"sameAs":["https:\/\/www.dpress.ma"],"url":"https:\/\/dpress.ma\/fr\/author\/dpress-ma\/"}]}},"amp_enabled":true,"_links":{"self":[{"href":"https:\/\/dpress.ma\/fr\/wp-json\/wp\/v2\/posts\/13377","targetHints":{"allow":["GET"]}}],"collection":[{"href":"https:\/\/dpress.ma\/fr\/wp-json\/wp\/v2\/posts"}],"about":[{"href":"https:\/\/dpress.ma\/fr\/wp-json\/wp\/v2\/types\/post"}],"author":[{"embeddable":true,"href":"https:\/\/dpress.ma\/fr\/wp-json\/wp\/v2\/users\/2"}],"replies":[{"embeddable":true,"href":"https:\/\/dpress.ma\/fr\/wp-json\/wp\/v2\/comments?post=13377"}],"version-history":[{"count":1,"href":"https:\/\/dpress.ma\/fr\/wp-json\/wp\/v2\/posts\/13377\/revisions"}],"predecessor-version":[{"id":13379,"href":"https:\/\/dpress.ma\/fr\/wp-json\/wp\/v2\/posts\/13377\/revisions\/13379"}],"wp:featuredmedia":[{"embeddable":true,"href":"https:\/\/dpress.ma\/fr\/wp-json\/wp\/v2\/media\/13378"}],"wp:attachment":[{"href":"https:\/\/dpress.ma\/fr\/wp-json\/wp\/v2\/media?parent=13377"}],"wp:term":[{"taxonomy":"category","embeddable":true,"href":"https:\/\/dpress.ma\/fr\/wp-json\/wp\/v2\/categories?post=13377"},{"taxonomy":"post_tag","embeddable":true,"href":"https:\/\/dpress.ma\/fr\/wp-json\/wp\/v2\/tags?post=13377"}],"curies":[{"name":"wp","href":"https:\/\/api.w.org\/{rel}","templated":true}]}}