{"id":13368,"date":"2025-03-24T10:20:21","date_gmt":"2025-03-24T10:20:21","guid":{"rendered":"https:\/\/dpress.ma\/fr\/?p=13368"},"modified":"2025-03-24T10:20:22","modified_gmt":"2025-03-24T10:20:22","slug":"des-etudiants-africains-recompenses-lors-du-8e-concours-de-memorisation-et-de-psalmodie-du-saint-coran","status":"publish","type":"post","link":"https:\/\/dpress.ma\/fr\/2025\/03\/24\/des-etudiants-africains-recompenses-lors-du-8e-concours-de-memorisation-et-de-psalmodie-du-saint-coran\/","title":{"rendered":"Des \u00e9tudiants africains r\u00e9compens\u00e9s lors du 8e concours de m\u00e9morisation et de psalmodie du Saint Coran"},"content":{"rendered":"\n<p class=\"wp-block-paragraph\">dpress<\/p>\n\n\n\n<p class=\"wp-block-paragraph\">Des \u00e9tudiants ont \u00e9t\u00e9 prim\u00e9s lors de la 8\u00e8 \u00e9dition du concours de m\u00e9morisation et de psalmodie du Saint Coran organis\u00e9e, samedi soir \u00e0 Oujda, au profit des \u00e9tudiants musulmans des pays d\u2019Afrique subsaharienne \u00e0 l\u2019occasion du mois sacr\u00e9 de Ramadan.<\/p>\n\n\n\n<p class=\"wp-block-paragraph\">La remise des prix et des certificats de m\u00e9rite s\u2019est d\u00e9roul\u00e9e lors d\u2019un Iftar collectif organis\u00e9 en l\u2019honneur des \u00e9tudiants participants au concours par l\u2019Union des \u00e9tudiants \u00e9trangers musulmans, en partenariat avec le Conseil r\u00e9gional des oul\u00e9mas de l\u2019Oriental, et en coordination avec le Centre d\u2019\u00e9tudes et de recherches humaines et sociales d\u2019Oujda (CERHSO).<\/p>\n\n\n\n<p class=\"wp-block-paragraph\">Plac\u00e9 sous le signe \u201cRamadan, mois du Coran\u201d, le concours a connu la participation de 52 candidats de 19 pays subsahariens poursuivant leurs \u00e9tudes aux universit\u00e9s et instituts dans plusieurs villes marocaines (Oujda, Nador, Mekn\u00e8s, F\u00e8s, Sal\u00e9, Rabat, Casablanca, El Jadida, K\u00e9nitra et Tanger).<\/p>\n\n\n\n<p class=\"wp-block-paragraph\">Ce concours coranique, devenu un rendez-vous annuel, vise \u00e0 encourager les \u00e9tudiants musulmans \u00e9trangers \u00e0 m\u00e9moriser et \u00e0 r\u00e9citer le Saint Coran, \u00e0 approfondir leur contemplation de ses significations, en plus de renforcer la s\u00e9curit\u00e9 spirituelle et de consolider les valeurs de mod\u00e9ration et de tol\u00e9rance, ainsi que de promouvoir les liens fraternels entre les jeunes musulmans, renfor\u00e7ant ainsi les relations et la solidarit\u00e9 entre les peuples.<\/p>\n\n\n\n<p class=\"wp-block-paragraph\">Dans son intervention \u00e0 cette occasion, le pr\u00e9sident du Conseil r\u00e9gional des oul\u00e9mas de l\u2019Oriental, Mustapha Benhamza, a soulign\u00e9 l\u2019importance de cette tradition annuelle qui c\u00e9l\u00e8bre les \u00e9tudiants subsahariens qui m\u00e9morisent le Saint Coran, soulignant les efforts d\u00e9ploy\u00e9s par le Maroc pour encourager la m\u00e9morisation du Coran en mettant \u00e0 disposition des \u00e9coles coraniques, des professeurs et des morchidines qui supervisent l\u2019encadrement religieux.<\/p>\n\n\n\n<p class=\"wp-block-paragraph\">M. Benhamza a \u00e9galement mis en avant l\u2019importance de promouvoir les valeurs de tol\u00e9rance, de mod\u00e9ration et d\u2019acceptation de l\u2019autre, notant que lorsque les jeunes musulmans vivent dans un environnement \u00e9ducatif et spirituel sain, ils sont mieux pr\u00e9par\u00e9s pour contribuer \u00e0 construire une soci\u00e9t\u00e9 coh\u00e9sive.<\/p>\n\n\n\n<p class=\"wp-block-paragraph\">De son c\u00f4t\u00e9, le pr\u00e9sident l\u2019Union des \u00e9tudiants \u00e9trangers musulmans \u00e0 Oujda, Almou Isaac Nouri, a d\u00e9clar\u00e9 \u00e0 la MAP que cet \u00e9v\u00e9nement constitue une occasion de renforcer la s\u00e9curit\u00e9 spirituelle des \u00e9tudiants \u00e9trangers musulmans originaires de pays subsahariens, saluant le soutien apport\u00e9 par le Conseil r\u00e9gional des oul\u00e9mas \u00e0 cette rencontre religieuse, qui refl\u00e8te son int\u00e9r\u00eat particulier pour les \u00e9tudiants qui accordent plus d\u2019attention \u00e0 la m\u00e9morisation du Saint Coran.<\/p>\n\n\n\n<p class=\"wp-block-paragraph\">Pour sa part, la responsable de la communication et des relations publiques au CERHSO et membre du comit\u00e9 d\u2019organisation, Yamina Oufkir, a affirm\u00e9 que de telles initiatives constituent une occasion de consolider les relations culturelles et religieuse entre les \u00e9tudiants subsahariens qui poursuivent leurs \u00e9tudes au Maroc.<\/p>\n","protected":false},"excerpt":{"rendered":"<p>dpress Des \u00e9tudiants ont \u00e9t\u00e9 prim\u00e9s lors de la 8\u00e8 \u00e9dition du concours de m\u00e9morisation et de psalmodie du Saint Coran organis\u00e9e, samedi soir \u00e0 Oujda, au profit des \u00e9tudiants musulmans des pays d\u2019Afrique subsaharienne \u00e0 l\u2019occasion du mois sacr\u00e9 de Ramadan. La remise des prix et des certificats de m\u00e9rite s\u2019est d\u00e9roul\u00e9e lors d\u2019un &hellip;<\/p>\n","protected":false},"author":2,"featured_media":13369,"comment_status":"open","ping_status":"open","sticky":false,"template":"","format":"standard","meta":{"footnotes":""},"categories":[40],"tags":[],"class_list":["post-13368","post","type-post","status-publish","format-standard","has-post-thumbnail","hentry","category-societe-et-regions"],"yoast_head":"<!-- This site is optimized with the Yoast SEO plugin v28.0 - https:\/\/yoast.com\/product\/yoast-seo-wordpress\/ -->\n<title>Des \u00e9tudiants africains r\u00e9compens\u00e9s lors du 8e concours de m\u00e9morisation et de psalmodie du Saint Coran - Dpress.ma\/fr<\/title>\n<meta name=\"robots\" content=\"index, follow, max-snippet:-1, max-image-preview:large, max-video-preview:-1\" \/>\n<link rel=\"canonical\" href=\"https:\/\/dpress.ma\/fr\/2025\/03\/24\/des-etudiants-africains-recompenses-lors-du-8e-concours-de-memorisation-et-de-psalmodie-du-saint-coran\/\" \/>\n<meta property=\"og:locale\" content=\"fr_FR\" \/>\n<meta property=\"og:type\" content=\"article\" \/>\n<meta property=\"og:title\" content=\"Des \u00e9tudiants africains r\u00e9compens\u00e9s lors du 8e concours de m\u00e9morisation et de psalmodie du Saint Coran - Dpress.ma\/fr\" \/>\n<meta property=\"og:description\" content=\"dpress Des \u00e9tudiants ont \u00e9t\u00e9 prim\u00e9s lors de la 8\u00e8 \u00e9dition du concours de m\u00e9morisation et de psalmodie du Saint Coran organis\u00e9e, samedi soir \u00e0 Oujda, au profit des \u00e9tudiants musulmans des pays d\u2019Afrique subsaharienne \u00e0 l\u2019occasion du mois sacr\u00e9 de Ramadan. La remise des prix et des certificats de m\u00e9rite s\u2019est d\u00e9roul\u00e9e lors d\u2019un &hellip;\" \/>\n<meta property=\"og:url\" content=\"https:\/\/dpress.ma\/fr\/2025\/03\/24\/des-etudiants-africains-recompenses-lors-du-8e-concours-de-memorisation-et-de-psalmodie-du-saint-coran\/\" \/>\n<meta property=\"og:site_name\" content=\"Dpress.ma\/fr\" \/>\n<meta property=\"article:published_time\" content=\"2025-03-24T10:20:21+00:00\" \/>\n<meta property=\"article:modified_time\" content=\"2025-03-24T10:20:22+00:00\" \/>\n<meta property=\"og:image\" content=\"https:\/\/dpress.ma\/fr\/wp-content\/uploads\/sites\/2\/2025\/03\/dimensions2-71.jpg\" \/>\n\t<meta property=\"og:image:width\" content=\"2539\" \/>\n\t<meta property=\"og:image:height\" content=\"1594\" \/>\n\t<meta property=\"og:image:type\" content=\"image\/jpeg\" \/>\n<meta name=\"author\" content=\"Dpress.ma\" \/>\n<meta name=\"twitter:card\" content=\"summary_large_image\" \/>\n<meta name=\"twitter:label1\" content=\"\u00c9crit par\" \/>\n\t<meta name=\"twitter:data1\" content=\"Dpress.ma\" \/>\n\t<meta name=\"twitter:label2\" content=\"Dur\u00e9e de lecture estim\u00e9e\" \/>\n\t<meta name=\"twitter:data2\" content=\"3 minutes\" \/>\n<script type=\"application\/ld+json\" class=\"yoast-schema-graph\">{\"@context\":\"https:\\\/\\\/schema.org\",\"@graph\":[{\"@type\":\"Article\",\"@id\":\"https:\\\/\\\/dpress.ma\\\/fr\\\/2025\\\/03\\\/24\\\/des-etudiants-africains-recompenses-lors-du-8e-concours-de-memorisation-et-de-psalmodie-du-saint-coran\\\/#article\",\"isPartOf\":{\"@id\":\"https:\\\/\\\/dpress.ma\\\/fr\\\/2025\\\/03\\\/24\\\/des-etudiants-africains-recompenses-lors-du-8e-concours-de-memorisation-et-de-psalmodie-du-saint-coran\\\/\"},\"author\":{\"name\":\"Dpress.ma\",\"@id\":\"https:\\\/\\\/dpress.ma\\\/fr\\\/#\\\/schema\\\/person\\\/4898febf3ccd59e6578d838656a306a0\"},\"headline\":\"Des \u00e9tudiants africains r\u00e9compens\u00e9s lors du 8e concours de m\u00e9morisation et de psalmodie du Saint Coran\",\"datePublished\":\"2025-03-24T10:20:21+00:00\",\"dateModified\":\"2025-03-24T10:20:22+00:00\",\"mainEntityOfPage\":{\"@id\":\"https:\\\/\\\/dpress.ma\\\/fr\\\/2025\\\/03\\\/24\\\/des-etudiants-africains-recompenses-lors-du-8e-concours-de-memorisation-et-de-psalmodie-du-saint-coran\\\/\"},\"wordCount\":498,\"commentCount\":0,\"image\":{\"@id\":\"https:\\\/\\\/dpress.ma\\\/fr\\\/2025\\\/03\\\/24\\\/des-etudiants-africains-recompenses-lors-du-8e-concours-de-memorisation-et-de-psalmodie-du-saint-coran\\\/#primaryimage\"},\"thumbnailUrl\":\"https:\\\/\\\/dpress.ma\\\/fr\\\/wp-content\\\/uploads\\\/sites\\\/2\\\/2025\\\/03\\\/dimensions2-71.jpg\",\"articleSection\":[\"societe et regions\"],\"inLanguage\":\"fr-FR\",\"potentialAction\":[{\"@type\":\"CommentAction\",\"name\":\"Comment\",\"target\":[\"https:\\\/\\\/dpress.ma\\\/fr\\\/2025\\\/03\\\/24\\\/des-etudiants-africains-recompenses-lors-du-8e-concours-de-memorisation-et-de-psalmodie-du-saint-coran\\\/#respond\"]}]},{\"@type\":\"WebPage\",\"@id\":\"https:\\\/\\\/dpress.ma\\\/fr\\\/2025\\\/03\\\/24\\\/des-etudiants-africains-recompenses-lors-du-8e-concours-de-memorisation-et-de-psalmodie-du-saint-coran\\\/\",\"url\":\"https:\\\/\\\/dpress.ma\\\/fr\\\/2025\\\/03\\\/24\\\/des-etudiants-africains-recompenses-lors-du-8e-concours-de-memorisation-et-de-psalmodie-du-saint-coran\\\/\",\"name\":\"Des \u00e9tudiants africains r\u00e9compens\u00e9s lors du 8e concours de m\u00e9morisation et de psalmodie du Saint Coran - Dpress.ma\\\/fr\",\"isPartOf\":{\"@id\":\"https:\\\/\\\/dpress.ma\\\/fr\\\/#website\"},\"primaryImageOfPage\":{\"@id\":\"https:\\\/\\\/dpress.ma\\\/fr\\\/2025\\\/03\\\/24\\\/des-etudiants-africains-recompenses-lors-du-8e-concours-de-memorisation-et-de-psalmodie-du-saint-coran\\\/#primaryimage\"},\"image\":{\"@id\":\"https:\\\/\\\/dpress.ma\\\/fr\\\/2025\\\/03\\\/24\\\/des-etudiants-africains-recompenses-lors-du-8e-concours-de-memorisation-et-de-psalmodie-du-saint-coran\\\/#primaryimage\"},\"thumbnailUrl\":\"https:\\\/\\\/dpress.ma\\\/fr\\\/wp-content\\\/uploads\\\/sites\\\/2\\\/2025\\\/03\\\/dimensions2-71.jpg\",\"datePublished\":\"2025-03-24T10:20:21+00:00\",\"dateModified\":\"2025-03-24T10:20:22+00:00\",\"author\":{\"@id\":\"https:\\\/\\\/dpress.ma\\\/fr\\\/#\\\/schema\\\/person\\\/4898febf3ccd59e6578d838656a306a0\"},\"breadcrumb\":{\"@id\":\"https:\\\/\\\/dpress.ma\\\/fr\\\/2025\\\/03\\\/24\\\/des-etudiants-africains-recompenses-lors-du-8e-concours-de-memorisation-et-de-psalmodie-du-saint-coran\\\/#breadcrumb\"},\"inLanguage\":\"fr-FR\",\"potentialAction\":[{\"@type\":\"ReadAction\",\"target\":[\"https:\\\/\\\/dpress.ma\\\/fr\\\/2025\\\/03\\\/24\\\/des-etudiants-africains-recompenses-lors-du-8e-concours-de-memorisation-et-de-psalmodie-du-saint-coran\\\/\"]}]},{\"@type\":\"ImageObject\",\"inLanguage\":\"fr-FR\",\"@id\":\"https:\\\/\\\/dpress.ma\\\/fr\\\/2025\\\/03\\\/24\\\/des-etudiants-africains-recompenses-lors-du-8e-concours-de-memorisation-et-de-psalmodie-du-saint-coran\\\/#primaryimage\",\"url\":\"https:\\\/\\\/dpress.ma\\\/fr\\\/wp-content\\\/uploads\\\/sites\\\/2\\\/2025\\\/03\\\/dimensions2-71.jpg\",\"contentUrl\":\"https:\\\/\\\/dpress.ma\\\/fr\\\/wp-content\\\/uploads\\\/sites\\\/2\\\/2025\\\/03\\\/dimensions2-71.jpg\",\"width\":2539,\"height\":1594},{\"@type\":\"BreadcrumbList\",\"@id\":\"https:\\\/\\\/dpress.ma\\\/fr\\\/2025\\\/03\\\/24\\\/des-etudiants-africains-recompenses-lors-du-8e-concours-de-memorisation-et-de-psalmodie-du-saint-coran\\\/#breadcrumb\",\"itemListElement\":[{\"@type\":\"ListItem\",\"position\":1,\"name\":\"Home\",\"item\":\"https:\\\/\\\/dpress.ma\\\/fr\\\/\"},{\"@type\":\"ListItem\",\"position\":2,\"name\":\"Des \u00e9tudiants africains r\u00e9compens\u00e9s lors du 8e concours de m\u00e9morisation et de psalmodie du Saint Coran\"}]},{\"@type\":\"WebSite\",\"@id\":\"https:\\\/\\\/dpress.ma\\\/fr\\\/#website\",\"url\":\"https:\\\/\\\/dpress.ma\\\/fr\\\/\",\"name\":\"Dpress.ma\\\/fr\",\"description\":\"\",\"potentialAction\":[{\"@type\":\"SearchAction\",\"target\":{\"@type\":\"EntryPoint\",\"urlTemplate\":\"https:\\\/\\\/dpress.ma\\\/fr\\\/?s={search_term_string}\"},\"query-input\":{\"@type\":\"PropertyValueSpecification\",\"valueRequired\":true,\"valueName\":\"search_term_string\"}}],\"inLanguage\":\"fr-FR\"},{\"@type\":\"Person\",\"@id\":\"https:\\\/\\\/dpress.ma\\\/fr\\\/#\\\/schema\\\/person\\\/4898febf3ccd59e6578d838656a306a0\",\"name\":\"Dpress.ma\",\"image\":{\"@type\":\"ImageObject\",\"inLanguage\":\"fr-FR\",\"@id\":\"https:\\\/\\\/secure.gravatar.com\\\/avatar\\\/72ecc30e9db047a2e0e7176561eb9d564ed77c8108376495b19bd8336405198a?s=96&d=mm&r=g\",\"url\":\"https:\\\/\\\/secure.gravatar.com\\\/avatar\\\/72ecc30e9db047a2e0e7176561eb9d564ed77c8108376495b19bd8336405198a?s=96&d=mm&r=g\",\"contentUrl\":\"https:\\\/\\\/secure.gravatar.com\\\/avatar\\\/72ecc30e9db047a2e0e7176561eb9d564ed77c8108376495b19bd8336405198a?s=96&d=mm&r=g\",\"caption\":\"Dpress.ma\"},\"sameAs\":[\"https:\\\/\\\/www.dpress.ma\"],\"url\":\"https:\\\/\\\/dpress.ma\\\/fr\\\/author\\\/dpress-ma\\\/\"}]}<\/script>\n<!-- \/ Yoast SEO plugin. -->","yoast_head_json":{"title":"Des \u00e9tudiants africains r\u00e9compens\u00e9s lors du 8e concours de m\u00e9morisation et de psalmodie du Saint Coran - Dpress.ma\/fr","robots":{"index":"index","follow":"follow","max-snippet":"max-snippet:-1","max-image-preview":"max-image-preview:large","max-video-preview":"max-video-preview:-1"},"canonical":"https:\/\/dpress.ma\/fr\/2025\/03\/24\/des-etudiants-africains-recompenses-lors-du-8e-concours-de-memorisation-et-de-psalmodie-du-saint-coran\/","og_locale":"fr_FR","og_type":"article","og_title":"Des \u00e9tudiants africains r\u00e9compens\u00e9s lors du 8e concours de m\u00e9morisation et de psalmodie du Saint Coran - Dpress.ma\/fr","og_description":"dpress Des \u00e9tudiants ont \u00e9t\u00e9 prim\u00e9s lors de la 8\u00e8 \u00e9dition du concours de m\u00e9morisation et de psalmodie du Saint Coran organis\u00e9e, samedi soir \u00e0 Oujda, au profit des \u00e9tudiants musulmans des pays d\u2019Afrique subsaharienne \u00e0 l\u2019occasion du mois sacr\u00e9 de Ramadan. La remise des prix et des certificats de m\u00e9rite s\u2019est d\u00e9roul\u00e9e lors d\u2019un &hellip;","og_url":"https:\/\/dpress.ma\/fr\/2025\/03\/24\/des-etudiants-africains-recompenses-lors-du-8e-concours-de-memorisation-et-de-psalmodie-du-saint-coran\/","og_site_name":"Dpress.ma\/fr","article_published_time":"2025-03-24T10:20:21+00:00","article_modified_time":"2025-03-24T10:20:22+00:00","og_image":[{"width":2539,"height":1594,"url":"https:\/\/dpress.ma\/fr\/wp-content\/uploads\/sites\/2\/2025\/03\/dimensions2-71.jpg","type":"image\/jpeg"}],"author":"Dpress.ma","twitter_card":"summary_large_image","twitter_misc":{"\u00c9crit par":"Dpress.ma","Dur\u00e9e de lecture estim\u00e9e":"3 minutes"},"schema":{"@context":"https:\/\/schema.org","@graph":[{"@type":"Article","@id":"https:\/\/dpress.ma\/fr\/2025\/03\/24\/des-etudiants-africains-recompenses-lors-du-8e-concours-de-memorisation-et-de-psalmodie-du-saint-coran\/#article","isPartOf":{"@id":"https:\/\/dpress.ma\/fr\/2025\/03\/24\/des-etudiants-africains-recompenses-lors-du-8e-concours-de-memorisation-et-de-psalmodie-du-saint-coran\/"},"author":{"name":"Dpress.ma","@id":"https:\/\/dpress.ma\/fr\/#\/schema\/person\/4898febf3ccd59e6578d838656a306a0"},"headline":"Des \u00e9tudiants africains r\u00e9compens\u00e9s lors du 8e concours de m\u00e9morisation et de psalmodie du Saint Coran","datePublished":"2025-03-24T10:20:21+00:00","dateModified":"2025-03-24T10:20:22+00:00","mainEntityOfPage":{"@id":"https:\/\/dpress.ma\/fr\/2025\/03\/24\/des-etudiants-africains-recompenses-lors-du-8e-concours-de-memorisation-et-de-psalmodie-du-saint-coran\/"},"wordCount":498,"commentCount":0,"image":{"@id":"https:\/\/dpress.ma\/fr\/2025\/03\/24\/des-etudiants-africains-recompenses-lors-du-8e-concours-de-memorisation-et-de-psalmodie-du-saint-coran\/#primaryimage"},"thumbnailUrl":"https:\/\/dpress.ma\/fr\/wp-content\/uploads\/sites\/2\/2025\/03\/dimensions2-71.jpg","articleSection":["societe et regions"],"inLanguage":"fr-FR","potentialAction":[{"@type":"CommentAction","name":"Comment","target":["https:\/\/dpress.ma\/fr\/2025\/03\/24\/des-etudiants-africains-recompenses-lors-du-8e-concours-de-memorisation-et-de-psalmodie-du-saint-coran\/#respond"]}]},{"@type":"WebPage","@id":"https:\/\/dpress.ma\/fr\/2025\/03\/24\/des-etudiants-africains-recompenses-lors-du-8e-concours-de-memorisation-et-de-psalmodie-du-saint-coran\/","url":"https:\/\/dpress.ma\/fr\/2025\/03\/24\/des-etudiants-africains-recompenses-lors-du-8e-concours-de-memorisation-et-de-psalmodie-du-saint-coran\/","name":"Des \u00e9tudiants africains r\u00e9compens\u00e9s lors du 8e concours de m\u00e9morisation et de psalmodie du Saint Coran - Dpress.ma\/fr","isPartOf":{"@id":"https:\/\/dpress.ma\/fr\/#website"},"primaryImageOfPage":{"@id":"https:\/\/dpress.ma\/fr\/2025\/03\/24\/des-etudiants-africains-recompenses-lors-du-8e-concours-de-memorisation-et-de-psalmodie-du-saint-coran\/#primaryimage"},"image":{"@id":"https:\/\/dpress.ma\/fr\/2025\/03\/24\/des-etudiants-africains-recompenses-lors-du-8e-concours-de-memorisation-et-de-psalmodie-du-saint-coran\/#primaryimage"},"thumbnailUrl":"https:\/\/dpress.ma\/fr\/wp-content\/uploads\/sites\/2\/2025\/03\/dimensions2-71.jpg","datePublished":"2025-03-24T10:20:21+00:00","dateModified":"2025-03-24T10:20:22+00:00","author":{"@id":"https:\/\/dpress.ma\/fr\/#\/schema\/person\/4898febf3ccd59e6578d838656a306a0"},"breadcrumb":{"@id":"https:\/\/dpress.ma\/fr\/2025\/03\/24\/des-etudiants-africains-recompenses-lors-du-8e-concours-de-memorisation-et-de-psalmodie-du-saint-coran\/#breadcrumb"},"inLanguage":"fr-FR","potentialAction":[{"@type":"ReadAction","target":["https:\/\/dpress.ma\/fr\/2025\/03\/24\/des-etudiants-africains-recompenses-lors-du-8e-concours-de-memorisation-et-de-psalmodie-du-saint-coran\/"]}]},{"@type":"ImageObject","inLanguage":"fr-FR","@id":"https:\/\/dpress.ma\/fr\/2025\/03\/24\/des-etudiants-africains-recompenses-lors-du-8e-concours-de-memorisation-et-de-psalmodie-du-saint-coran\/#primaryimage","url":"https:\/\/dpress.ma\/fr\/wp-content\/uploads\/sites\/2\/2025\/03\/dimensions2-71.jpg","contentUrl":"https:\/\/dpress.ma\/fr\/wp-content\/uploads\/sites\/2\/2025\/03\/dimensions2-71.jpg","width":2539,"height":1594},{"@type":"BreadcrumbList","@id":"https:\/\/dpress.ma\/fr\/2025\/03\/24\/des-etudiants-africains-recompenses-lors-du-8e-concours-de-memorisation-et-de-psalmodie-du-saint-coran\/#breadcrumb","itemListElement":[{"@type":"ListItem","position":1,"name":"Home","item":"https:\/\/dpress.ma\/fr\/"},{"@type":"ListItem","position":2,"name":"Des \u00e9tudiants africains r\u00e9compens\u00e9s lors du 8e concours de m\u00e9morisation et de psalmodie du Saint Coran"}]},{"@type":"WebSite","@id":"https:\/\/dpress.ma\/fr\/#website","url":"https:\/\/dpress.ma\/fr\/","name":"Dpress.ma\/fr","description":"","potentialAction":[{"@type":"SearchAction","target":{"@type":"EntryPoint","urlTemplate":"https:\/\/dpress.ma\/fr\/?s={search_term_string}"},"query-input":{"@type":"PropertyValueSpecification","valueRequired":true,"valueName":"search_term_string"}}],"inLanguage":"fr-FR"},{"@type":"Person","@id":"https:\/\/dpress.ma\/fr\/#\/schema\/person\/4898febf3ccd59e6578d838656a306a0","name":"Dpress.ma","image":{"@type":"ImageObject","inLanguage":"fr-FR","@id":"https:\/\/secure.gravatar.com\/avatar\/72ecc30e9db047a2e0e7176561eb9d564ed77c8108376495b19bd8336405198a?s=96&d=mm&r=g","url":"https:\/\/secure.gravatar.com\/avatar\/72ecc30e9db047a2e0e7176561eb9d564ed77c8108376495b19bd8336405198a?s=96&d=mm&r=g","contentUrl":"https:\/\/secure.gravatar.com\/avatar\/72ecc30e9db047a2e0e7176561eb9d564ed77c8108376495b19bd8336405198a?s=96&d=mm&r=g","caption":"Dpress.ma"},"sameAs":["https:\/\/www.dpress.ma"],"url":"https:\/\/dpress.ma\/fr\/author\/dpress-ma\/"}]}},"amp_enabled":true,"_links":{"self":[{"href":"https:\/\/dpress.ma\/fr\/wp-json\/wp\/v2\/posts\/13368","targetHints":{"allow":["GET"]}}],"collection":[{"href":"https:\/\/dpress.ma\/fr\/wp-json\/wp\/v2\/posts"}],"about":[{"href":"https:\/\/dpress.ma\/fr\/wp-json\/wp\/v2\/types\/post"}],"author":[{"embeddable":true,"href":"https:\/\/dpress.ma\/fr\/wp-json\/wp\/v2\/users\/2"}],"replies":[{"embeddable":true,"href":"https:\/\/dpress.ma\/fr\/wp-json\/wp\/v2\/comments?post=13368"}],"version-history":[{"count":1,"href":"https:\/\/dpress.ma\/fr\/wp-json\/wp\/v2\/posts\/13368\/revisions"}],"predecessor-version":[{"id":13370,"href":"https:\/\/dpress.ma\/fr\/wp-json\/wp\/v2\/posts\/13368\/revisions\/13370"}],"wp:featuredmedia":[{"embeddable":true,"href":"https:\/\/dpress.ma\/fr\/wp-json\/wp\/v2\/media\/13369"}],"wp:attachment":[{"href":"https:\/\/dpress.ma\/fr\/wp-json\/wp\/v2\/media?parent=13368"}],"wp:term":[{"taxonomy":"category","embeddable":true,"href":"https:\/\/dpress.ma\/fr\/wp-json\/wp\/v2\/categories?post=13368"},{"taxonomy":"post_tag","embeddable":true,"href":"https:\/\/dpress.ma\/fr\/wp-json\/wp\/v2\/tags?post=13368"}],"curies":[{"name":"wp","href":"https:\/\/api.w.org\/{rel}","templated":true}]}}