{"id":13362,"date":"2025-03-24T10:01:12","date_gmt":"2025-03-24T10:01:12","guid":{"rendered":"https:\/\/dpress.ma\/fr\/?p=13362"},"modified":"2025-03-24T10:01:13","modified_gmt":"2025-03-24T10:01:13","slug":"m-el-bouari-a-visite-meknes-el-hajeb-et-ifrane-pour-faire-le-point-sur-lavancement-de-la-campagne-agricole-et-evaluer-limpact-des-recentes-precipitations","status":"publish","type":"post","link":"https:\/\/dpress.ma\/fr\/2025\/03\/24\/m-el-bouari-a-visite-meknes-el-hajeb-et-ifrane-pour-faire-le-point-sur-lavancement-de-la-campagne-agricole-et-evaluer-limpact-des-recentes-precipitations\/","title":{"rendered":"M. El Bouari a visit\u00e9 Mekn\u00e8s, El Hajeb et Ifrane pour faire le point sur l&rsquo;avancement de la campagne agricole et \u00e9valuer l&rsquo;impact des r\u00e9centes pr\u00e9cipitations"},"content":{"rendered":"\n<p class=\"wp-block-paragraph\">dpress<\/p>\n\n\n\n<p class=\"wp-block-paragraph\">Le ministre de l\u2019Agriculture, de la P\u00eache maritime, du D\u00e9veloppement rural et des Eaux et For\u00eats, Ahmed El Bouari, s\u2019est rendu vendredi dans la pr\u00e9fecture de Mekn\u00e8s et les provinces d\u2019El Hajeb et d\u2019Ifrane pour s\u2019enqu\u00e9rir de l\u2019avancement de la campagne agricole et de l\u2019impact des r\u00e9centes pr\u00e9cipitations.<\/p>\n\n\n\n<p class=\"wp-block-paragraph\">Le minist\u00e8re de l\u2019Agriculture a indiqu\u00e9 que l\u2019objectif de cette visite est de s\u2019enqu\u00e9rir des impacts des r\u00e9centes pr\u00e9cipitations sur la campagne agricole, notamment les cultures des c\u00e9r\u00e9ales, des ol\u00e9agineux et l\u2019arboriculture, ajoutant que cette visite a \u00e9galement \u00e9t\u00e9 l\u2019occasion d\u2019\u00e9changer avec des agriculteurs et des \u00e9leveurs sur la situation de la campagne agricole et de l\u2019\u00e9tat du cheptel.<\/p>\n\n\n\n<p class=\"wp-block-paragraph\">Selon des donn\u00e9es du minist\u00e8re, apr\u00e8s un d\u00e9but de saison marqu\u00e9 par un d\u00e9ficit pluviom\u00e9trique, les derni\u00e8res semaines ont enregistr\u00e9 des pr\u00e9cipitations significatives au niveau de la r\u00e9gion F\u00e8s-Mekn\u00e8s, qui ont am\u00e9lior\u00e9 l\u2019\u00e9tat des cultures et raviv\u00e9 l\u2019espoir des agriculteurs et des \u00e9leveurs, avec un cumul pluviom\u00e9trique moyen de 332,5 mm.<\/p>\n\n\n\n<p class=\"wp-block-paragraph\">L\u2019effet positif des derni\u00e8res pluies est manifeste sur l\u2019\u00e9tat v\u00e9g\u00e9tatif des c\u00e9r\u00e9ales d\u2019automne, avec 40 % des surfaces jug\u00e9es en bon \u00e9tat et 49 % en \u00e9tat moyen, ajoute la m\u00eame source, pr\u00e9cisant que cette am\u00e9lioration laisse pr\u00e9sager des rendements sup\u00e9rieurs aux pr\u00e9visions initiales.<\/p>\n\n\n\n<p class=\"wp-block-paragraph\">La superficie cultiv\u00e9e en c\u00e9r\u00e9ales d\u2019automne est de pr\u00e8s de 650.000 ha, dont plus de 11.000 ha irrigu\u00e9s. La culture du bl\u00e9 tendre repr\u00e9sente 48% de cette superficie, suivi du bl\u00e9 dur avec 26% puis la culture de l\u2019orge.<\/p>\n\n\n\n<p class=\"wp-block-paragraph\">La culture des ol\u00e9agineux occupe pr\u00e8s de 1.500 ha, dont 46% de colza et 54% de tournesol. Les r\u00e9centes pluies viennent au moment opportun pour l\u2019arboriculture fruiti\u00e8re, notamment pour l\u2019olivier dont la superficie productive est de pr\u00e8s de 360.000 ha, soit 77% de la superficie arboricole.<\/p>\n\n\n\n<p class=\"wp-block-paragraph\">Les cultures mara\u00eech\u00e8res de pomme de terre et de l\u2019oignon dans la r\u00e9gion sont tr\u00e8s positivement impact\u00e9es par ces pluies.<\/p>\n\n\n\n<p class=\"wp-block-paragraph\">Il est \u00e0 noter dans ce cadre que la r\u00e9gion F\u00e8s-Mekn\u00e8s produit \u00e0 elle seule presque la moiti\u00e9 de la production nationale d\u2019oignon et 20% de la production nationale de pomme de terre.<\/p>\n\n\n\n<p class=\"wp-block-paragraph\">Le ministre s\u2019est rendu \u00e0 la Commune territoriale Tigrigra dans la province d\u2019Ifrane et a visit\u00e9 un p\u00e9rim\u00e8tre pastoral de 2000 ha exploit\u00e9 par une association constitu\u00e9e de pr\u00e8s de 90 \u00e9leveurs d\u2019ovins et caprins disposant d\u2019un cheptel d\u2019environ 15.500 t\u00eates. Il a eu des \u00e9changes avec les \u00e9leveurs de l\u2019association autour de la situation du cheptel dans la province et l\u2019importance de de la fili\u00e8re dans l\u2019\u00e9conomie nationale.<\/p>\n\n\n\n<p class=\"wp-block-paragraph\">Les parcours sylvopastoraux et pastoraux de la r\u00e9gion qui s\u2019\u00e9tendent sur 1,8 million d\u2019hectares affichent une bonne am\u00e9lioration du couvert v\u00e9g\u00e9tal renfor\u00e7ant ainsi la disponibilit\u00e9 des ressources fourrag\u00e8res pour l\u2019\u00e9levage extensif. Les races dominantes sont la race Timahdite et la race Beni Guil.<\/p>\n\n\n\n<p class=\"wp-block-paragraph\">M. El Bouari a tenu, lors de cette visite, une rencontre avec les membres de la chambre r\u00e9gionale de l\u2019agriculture. Les \u00e9changes ont port\u00e9 sur la situation de la campagne agricole et les probl\u00e8mes auxquels sont confront\u00e9s les agriculteurs et les \u00e9leveurs. Il a confirm\u00e9 \u00e0 cette occasion, l\u2019engagement continu des services du Minist\u00e8re de l\u2019Agriculture \u00e0 renforcer l\u2019accompagnement des agriculteurs, \u00e0 rester \u00e0 leur \u00e9coute, \u00e0 renforcer les projets de modernisation des syst\u00e8mes d\u2019irrigation et \u00e0 promouvoir des solutions innovantes pour une agriculture durable et r\u00e9siliente.<\/p>\n\n\n\n<p class=\"wp-block-paragraph\">En effet, souligne-t-on de m\u00eame source, l\u2019adoption de technologies intelligentes face au climat appara\u00eet aujourd\u2019hui comme une r\u00e9ponse incontournable pour s\u00e9curiser la production agricole, garantir la p\u00e9rennit\u00e9 du d\u00e9veloppement agricole et soutenir l\u2019\u00e9conomie rurale.<\/p>\n","protected":false},"excerpt":{"rendered":"<p>dpress Le ministre de l\u2019Agriculture, de la P\u00eache maritime, du D\u00e9veloppement rural et des Eaux et For\u00eats, Ahmed El Bouari, s\u2019est rendu vendredi dans la pr\u00e9fecture de Mekn\u00e8s et les provinces d\u2019El Hajeb et d\u2019Ifrane pour s\u2019enqu\u00e9rir de l\u2019avancement de la campagne agricole et de l\u2019impact des r\u00e9centes pr\u00e9cipitations. Le minist\u00e8re de l\u2019Agriculture a indiqu\u00e9 &hellip;<\/p>\n","protected":false},"author":2,"featured_media":13363,"comment_status":"open","ping_status":"open","sticky":false,"template":"","format":"standard","meta":{"footnotes":""},"categories":[40],"tags":[],"class_list":["post-13362","post","type-post","status-publish","format-standard","has-post-thumbnail","hentry","category-societe-et-regions"],"yoast_head":"<!-- This site is optimized with the Yoast SEO plugin v28.0 - https:\/\/yoast.com\/product\/yoast-seo-wordpress\/ -->\n<title>M. El Bouari a visit\u00e9 Mekn\u00e8s, El Hajeb et Ifrane pour faire le point sur l&#039;avancement de la campagne agricole et \u00e9valuer l&#039;impact des r\u00e9centes pr\u00e9cipitations - Dpress.ma\/fr<\/title>\n<meta name=\"robots\" content=\"index, follow, max-snippet:-1, max-image-preview:large, max-video-preview:-1\" \/>\n<link rel=\"canonical\" href=\"https:\/\/dpress.ma\/fr\/2025\/03\/24\/m-el-bouari-a-visite-meknes-el-hajeb-et-ifrane-pour-faire-le-point-sur-lavancement-de-la-campagne-agricole-et-evaluer-limpact-des-recentes-precipitations\/\" \/>\n<meta property=\"og:locale\" content=\"fr_FR\" \/>\n<meta property=\"og:type\" content=\"article\" \/>\n<meta property=\"og:title\" content=\"M. El Bouari a visit\u00e9 Mekn\u00e8s, El Hajeb et Ifrane pour faire le point sur l&#039;avancement de la campagne agricole et \u00e9valuer l&#039;impact des r\u00e9centes pr\u00e9cipitations - Dpress.ma\/fr\" \/>\n<meta property=\"og:description\" content=\"dpress Le ministre de l\u2019Agriculture, de la P\u00eache maritime, du D\u00e9veloppement rural et des Eaux et For\u00eats, Ahmed El Bouari, s\u2019est rendu vendredi dans la pr\u00e9fecture de Mekn\u00e8s et les provinces d\u2019El Hajeb et d\u2019Ifrane pour s\u2019enqu\u00e9rir de l\u2019avancement de la campagne agricole et de l\u2019impact des r\u00e9centes pr\u00e9cipitations. Le minist\u00e8re de l\u2019Agriculture a indiqu\u00e9 &hellip;\" \/>\n<meta property=\"og:url\" content=\"https:\/\/dpress.ma\/fr\/2025\/03\/24\/m-el-bouari-a-visite-meknes-el-hajeb-et-ifrane-pour-faire-le-point-sur-lavancement-de-la-campagne-agricole-et-evaluer-limpact-des-recentes-precipitations\/\" \/>\n<meta property=\"og:site_name\" content=\"Dpress.ma\/fr\" \/>\n<meta property=\"article:published_time\" content=\"2025-03-24T10:01:12+00:00\" \/>\n<meta property=\"article:modified_time\" content=\"2025-03-24T10:01:13+00:00\" \/>\n<meta property=\"og:image\" content=\"https:\/\/dpress.ma\/fr\/wp-content\/uploads\/sites\/2\/2025\/03\/dimensions2-69.jpg\" \/>\n\t<meta property=\"og:image:width\" content=\"2539\" \/>\n\t<meta property=\"og:image:height\" content=\"1594\" \/>\n\t<meta property=\"og:image:type\" content=\"image\/jpeg\" \/>\n<meta name=\"author\" content=\"Dpress.ma\" \/>\n<meta name=\"twitter:card\" content=\"summary_large_image\" \/>\n<meta name=\"twitter:label1\" content=\"\u00c9crit par\" \/>\n\t<meta name=\"twitter:data1\" content=\"Dpress.ma\" \/>\n\t<meta name=\"twitter:label2\" content=\"Dur\u00e9e de lecture estim\u00e9e\" \/>\n\t<meta name=\"twitter:data2\" content=\"4 minutes\" \/>\n<script type=\"application\/ld+json\" class=\"yoast-schema-graph\">{\"@context\":\"https:\\\/\\\/schema.org\",\"@graph\":[{\"@type\":\"Article\",\"@id\":\"https:\\\/\\\/dpress.ma\\\/fr\\\/2025\\\/03\\\/24\\\/m-el-bouari-a-visite-meknes-el-hajeb-et-ifrane-pour-faire-le-point-sur-lavancement-de-la-campagne-agricole-et-evaluer-limpact-des-recentes-precipitations\\\/#article\",\"isPartOf\":{\"@id\":\"https:\\\/\\\/dpress.ma\\\/fr\\\/2025\\\/03\\\/24\\\/m-el-bouari-a-visite-meknes-el-hajeb-et-ifrane-pour-faire-le-point-sur-lavancement-de-la-campagne-agricole-et-evaluer-limpact-des-recentes-precipitations\\\/\"},\"author\":{\"name\":\"Dpress.ma\",\"@id\":\"https:\\\/\\\/dpress.ma\\\/fr\\\/#\\\/schema\\\/person\\\/4898febf3ccd59e6578d838656a306a0\"},\"headline\":\"M. El Bouari a visit\u00e9 Mekn\u00e8s, El Hajeb et Ifrane pour faire le point sur l&rsquo;avancement de la campagne agricole et \u00e9valuer l&rsquo;impact des r\u00e9centes pr\u00e9cipitations\",\"datePublished\":\"2025-03-24T10:01:12+00:00\",\"dateModified\":\"2025-03-24T10:01:13+00:00\",\"mainEntityOfPage\":{\"@id\":\"https:\\\/\\\/dpress.ma\\\/fr\\\/2025\\\/03\\\/24\\\/m-el-bouari-a-visite-meknes-el-hajeb-et-ifrane-pour-faire-le-point-sur-lavancement-de-la-campagne-agricole-et-evaluer-limpact-des-recentes-precipitations\\\/\"},\"wordCount\":702,\"commentCount\":0,\"image\":{\"@id\":\"https:\\\/\\\/dpress.ma\\\/fr\\\/2025\\\/03\\\/24\\\/m-el-bouari-a-visite-meknes-el-hajeb-et-ifrane-pour-faire-le-point-sur-lavancement-de-la-campagne-agricole-et-evaluer-limpact-des-recentes-precipitations\\\/#primaryimage\"},\"thumbnailUrl\":\"https:\\\/\\\/dpress.ma\\\/fr\\\/wp-content\\\/uploads\\\/sites\\\/2\\\/2025\\\/03\\\/dimensions2-69.jpg\",\"articleSection\":[\"societe et regions\"],\"inLanguage\":\"fr-FR\",\"potentialAction\":[{\"@type\":\"CommentAction\",\"name\":\"Comment\",\"target\":[\"https:\\\/\\\/dpress.ma\\\/fr\\\/2025\\\/03\\\/24\\\/m-el-bouari-a-visite-meknes-el-hajeb-et-ifrane-pour-faire-le-point-sur-lavancement-de-la-campagne-agricole-et-evaluer-limpact-des-recentes-precipitations\\\/#respond\"]}]},{\"@type\":\"WebPage\",\"@id\":\"https:\\\/\\\/dpress.ma\\\/fr\\\/2025\\\/03\\\/24\\\/m-el-bouari-a-visite-meknes-el-hajeb-et-ifrane-pour-faire-le-point-sur-lavancement-de-la-campagne-agricole-et-evaluer-limpact-des-recentes-precipitations\\\/\",\"url\":\"https:\\\/\\\/dpress.ma\\\/fr\\\/2025\\\/03\\\/24\\\/m-el-bouari-a-visite-meknes-el-hajeb-et-ifrane-pour-faire-le-point-sur-lavancement-de-la-campagne-agricole-et-evaluer-limpact-des-recentes-precipitations\\\/\",\"name\":\"M. El Bouari a visit\u00e9 Mekn\u00e8s, El Hajeb et Ifrane pour faire le point sur l'avancement de la campagne agricole et \u00e9valuer l'impact des r\u00e9centes pr\u00e9cipitations - Dpress.ma\\\/fr\",\"isPartOf\":{\"@id\":\"https:\\\/\\\/dpress.ma\\\/fr\\\/#website\"},\"primaryImageOfPage\":{\"@id\":\"https:\\\/\\\/dpress.ma\\\/fr\\\/2025\\\/03\\\/24\\\/m-el-bouari-a-visite-meknes-el-hajeb-et-ifrane-pour-faire-le-point-sur-lavancement-de-la-campagne-agricole-et-evaluer-limpact-des-recentes-precipitations\\\/#primaryimage\"},\"image\":{\"@id\":\"https:\\\/\\\/dpress.ma\\\/fr\\\/2025\\\/03\\\/24\\\/m-el-bouari-a-visite-meknes-el-hajeb-et-ifrane-pour-faire-le-point-sur-lavancement-de-la-campagne-agricole-et-evaluer-limpact-des-recentes-precipitations\\\/#primaryimage\"},\"thumbnailUrl\":\"https:\\\/\\\/dpress.ma\\\/fr\\\/wp-content\\\/uploads\\\/sites\\\/2\\\/2025\\\/03\\\/dimensions2-69.jpg\",\"datePublished\":\"2025-03-24T10:01:12+00:00\",\"dateModified\":\"2025-03-24T10:01:13+00:00\",\"author\":{\"@id\":\"https:\\\/\\\/dpress.ma\\\/fr\\\/#\\\/schema\\\/person\\\/4898febf3ccd59e6578d838656a306a0\"},\"breadcrumb\":{\"@id\":\"https:\\\/\\\/dpress.ma\\\/fr\\\/2025\\\/03\\\/24\\\/m-el-bouari-a-visite-meknes-el-hajeb-et-ifrane-pour-faire-le-point-sur-lavancement-de-la-campagne-agricole-et-evaluer-limpact-des-recentes-precipitations\\\/#breadcrumb\"},\"inLanguage\":\"fr-FR\",\"potentialAction\":[{\"@type\":\"ReadAction\",\"target\":[\"https:\\\/\\\/dpress.ma\\\/fr\\\/2025\\\/03\\\/24\\\/m-el-bouari-a-visite-meknes-el-hajeb-et-ifrane-pour-faire-le-point-sur-lavancement-de-la-campagne-agricole-et-evaluer-limpact-des-recentes-precipitations\\\/\"]}]},{\"@type\":\"ImageObject\",\"inLanguage\":\"fr-FR\",\"@id\":\"https:\\\/\\\/dpress.ma\\\/fr\\\/2025\\\/03\\\/24\\\/m-el-bouari-a-visite-meknes-el-hajeb-et-ifrane-pour-faire-le-point-sur-lavancement-de-la-campagne-agricole-et-evaluer-limpact-des-recentes-precipitations\\\/#primaryimage\",\"url\":\"https:\\\/\\\/dpress.ma\\\/fr\\\/wp-content\\\/uploads\\\/sites\\\/2\\\/2025\\\/03\\\/dimensions2-69.jpg\",\"contentUrl\":\"https:\\\/\\\/dpress.ma\\\/fr\\\/wp-content\\\/uploads\\\/sites\\\/2\\\/2025\\\/03\\\/dimensions2-69.jpg\",\"width\":2539,\"height\":1594},{\"@type\":\"BreadcrumbList\",\"@id\":\"https:\\\/\\\/dpress.ma\\\/fr\\\/2025\\\/03\\\/24\\\/m-el-bouari-a-visite-meknes-el-hajeb-et-ifrane-pour-faire-le-point-sur-lavancement-de-la-campagne-agricole-et-evaluer-limpact-des-recentes-precipitations\\\/#breadcrumb\",\"itemListElement\":[{\"@type\":\"ListItem\",\"position\":1,\"name\":\"Home\",\"item\":\"https:\\\/\\\/dpress.ma\\\/fr\\\/\"},{\"@type\":\"ListItem\",\"position\":2,\"name\":\"M. El Bouari a visit\u00e9 Mekn\u00e8s, El Hajeb et Ifrane pour faire le point sur l&#8217;avancement de la campagne agricole et \u00e9valuer l&#8217;impact des r\u00e9centes pr\u00e9cipitations\"}]},{\"@type\":\"WebSite\",\"@id\":\"https:\\\/\\\/dpress.ma\\\/fr\\\/#website\",\"url\":\"https:\\\/\\\/dpress.ma\\\/fr\\\/\",\"name\":\"Dpress.ma\\\/fr\",\"description\":\"\",\"potentialAction\":[{\"@type\":\"SearchAction\",\"target\":{\"@type\":\"EntryPoint\",\"urlTemplate\":\"https:\\\/\\\/dpress.ma\\\/fr\\\/?s={search_term_string}\"},\"query-input\":{\"@type\":\"PropertyValueSpecification\",\"valueRequired\":true,\"valueName\":\"search_term_string\"}}],\"inLanguage\":\"fr-FR\"},{\"@type\":\"Person\",\"@id\":\"https:\\\/\\\/dpress.ma\\\/fr\\\/#\\\/schema\\\/person\\\/4898febf3ccd59e6578d838656a306a0\",\"name\":\"Dpress.ma\",\"image\":{\"@type\":\"ImageObject\",\"inLanguage\":\"fr-FR\",\"@id\":\"https:\\\/\\\/secure.gravatar.com\\\/avatar\\\/72ecc30e9db047a2e0e7176561eb9d564ed77c8108376495b19bd8336405198a?s=96&d=mm&r=g\",\"url\":\"https:\\\/\\\/secure.gravatar.com\\\/avatar\\\/72ecc30e9db047a2e0e7176561eb9d564ed77c8108376495b19bd8336405198a?s=96&d=mm&r=g\",\"contentUrl\":\"https:\\\/\\\/secure.gravatar.com\\\/avatar\\\/72ecc30e9db047a2e0e7176561eb9d564ed77c8108376495b19bd8336405198a?s=96&d=mm&r=g\",\"caption\":\"Dpress.ma\"},\"sameAs\":[\"https:\\\/\\\/www.dpress.ma\"],\"url\":\"https:\\\/\\\/dpress.ma\\\/fr\\\/author\\\/dpress-ma\\\/\"}]}<\/script>\n<!-- \/ Yoast SEO plugin. -->","yoast_head_json":{"title":"M. El Bouari a visit\u00e9 Mekn\u00e8s, El Hajeb et Ifrane pour faire le point sur l'avancement de la campagne agricole et \u00e9valuer l'impact des r\u00e9centes pr\u00e9cipitations - Dpress.ma\/fr","robots":{"index":"index","follow":"follow","max-snippet":"max-snippet:-1","max-image-preview":"max-image-preview:large","max-video-preview":"max-video-preview:-1"},"canonical":"https:\/\/dpress.ma\/fr\/2025\/03\/24\/m-el-bouari-a-visite-meknes-el-hajeb-et-ifrane-pour-faire-le-point-sur-lavancement-de-la-campagne-agricole-et-evaluer-limpact-des-recentes-precipitations\/","og_locale":"fr_FR","og_type":"article","og_title":"M. El Bouari a visit\u00e9 Mekn\u00e8s, El Hajeb et Ifrane pour faire le point sur l'avancement de la campagne agricole et \u00e9valuer l'impact des r\u00e9centes pr\u00e9cipitations - Dpress.ma\/fr","og_description":"dpress Le ministre de l\u2019Agriculture, de la P\u00eache maritime, du D\u00e9veloppement rural et des Eaux et For\u00eats, Ahmed El Bouari, s\u2019est rendu vendredi dans la pr\u00e9fecture de Mekn\u00e8s et les provinces d\u2019El Hajeb et d\u2019Ifrane pour s\u2019enqu\u00e9rir de l\u2019avancement de la campagne agricole et de l\u2019impact des r\u00e9centes pr\u00e9cipitations. Le minist\u00e8re de l\u2019Agriculture a indiqu\u00e9 &hellip;","og_url":"https:\/\/dpress.ma\/fr\/2025\/03\/24\/m-el-bouari-a-visite-meknes-el-hajeb-et-ifrane-pour-faire-le-point-sur-lavancement-de-la-campagne-agricole-et-evaluer-limpact-des-recentes-precipitations\/","og_site_name":"Dpress.ma\/fr","article_published_time":"2025-03-24T10:01:12+00:00","article_modified_time":"2025-03-24T10:01:13+00:00","og_image":[{"width":2539,"height":1594,"url":"https:\/\/dpress.ma\/fr\/wp-content\/uploads\/sites\/2\/2025\/03\/dimensions2-69.jpg","type":"image\/jpeg"}],"author":"Dpress.ma","twitter_card":"summary_large_image","twitter_misc":{"\u00c9crit par":"Dpress.ma","Dur\u00e9e de lecture estim\u00e9e":"4 minutes"},"schema":{"@context":"https:\/\/schema.org","@graph":[{"@type":"Article","@id":"https:\/\/dpress.ma\/fr\/2025\/03\/24\/m-el-bouari-a-visite-meknes-el-hajeb-et-ifrane-pour-faire-le-point-sur-lavancement-de-la-campagne-agricole-et-evaluer-limpact-des-recentes-precipitations\/#article","isPartOf":{"@id":"https:\/\/dpress.ma\/fr\/2025\/03\/24\/m-el-bouari-a-visite-meknes-el-hajeb-et-ifrane-pour-faire-le-point-sur-lavancement-de-la-campagne-agricole-et-evaluer-limpact-des-recentes-precipitations\/"},"author":{"name":"Dpress.ma","@id":"https:\/\/dpress.ma\/fr\/#\/schema\/person\/4898febf3ccd59e6578d838656a306a0"},"headline":"M. El Bouari a visit\u00e9 Mekn\u00e8s, El Hajeb et Ifrane pour faire le point sur l&rsquo;avancement de la campagne agricole et \u00e9valuer l&rsquo;impact des r\u00e9centes pr\u00e9cipitations","datePublished":"2025-03-24T10:01:12+00:00","dateModified":"2025-03-24T10:01:13+00:00","mainEntityOfPage":{"@id":"https:\/\/dpress.ma\/fr\/2025\/03\/24\/m-el-bouari-a-visite-meknes-el-hajeb-et-ifrane-pour-faire-le-point-sur-lavancement-de-la-campagne-agricole-et-evaluer-limpact-des-recentes-precipitations\/"},"wordCount":702,"commentCount":0,"image":{"@id":"https:\/\/dpress.ma\/fr\/2025\/03\/24\/m-el-bouari-a-visite-meknes-el-hajeb-et-ifrane-pour-faire-le-point-sur-lavancement-de-la-campagne-agricole-et-evaluer-limpact-des-recentes-precipitations\/#primaryimage"},"thumbnailUrl":"https:\/\/dpress.ma\/fr\/wp-content\/uploads\/sites\/2\/2025\/03\/dimensions2-69.jpg","articleSection":["societe et regions"],"inLanguage":"fr-FR","potentialAction":[{"@type":"CommentAction","name":"Comment","target":["https:\/\/dpress.ma\/fr\/2025\/03\/24\/m-el-bouari-a-visite-meknes-el-hajeb-et-ifrane-pour-faire-le-point-sur-lavancement-de-la-campagne-agricole-et-evaluer-limpact-des-recentes-precipitations\/#respond"]}]},{"@type":"WebPage","@id":"https:\/\/dpress.ma\/fr\/2025\/03\/24\/m-el-bouari-a-visite-meknes-el-hajeb-et-ifrane-pour-faire-le-point-sur-lavancement-de-la-campagne-agricole-et-evaluer-limpact-des-recentes-precipitations\/","url":"https:\/\/dpress.ma\/fr\/2025\/03\/24\/m-el-bouari-a-visite-meknes-el-hajeb-et-ifrane-pour-faire-le-point-sur-lavancement-de-la-campagne-agricole-et-evaluer-limpact-des-recentes-precipitations\/","name":"M. El Bouari a visit\u00e9 Mekn\u00e8s, El Hajeb et Ifrane pour faire le point sur l'avancement de la campagne agricole et \u00e9valuer l'impact des r\u00e9centes pr\u00e9cipitations - Dpress.ma\/fr","isPartOf":{"@id":"https:\/\/dpress.ma\/fr\/#website"},"primaryImageOfPage":{"@id":"https:\/\/dpress.ma\/fr\/2025\/03\/24\/m-el-bouari-a-visite-meknes-el-hajeb-et-ifrane-pour-faire-le-point-sur-lavancement-de-la-campagne-agricole-et-evaluer-limpact-des-recentes-precipitations\/#primaryimage"},"image":{"@id":"https:\/\/dpress.ma\/fr\/2025\/03\/24\/m-el-bouari-a-visite-meknes-el-hajeb-et-ifrane-pour-faire-le-point-sur-lavancement-de-la-campagne-agricole-et-evaluer-limpact-des-recentes-precipitations\/#primaryimage"},"thumbnailUrl":"https:\/\/dpress.ma\/fr\/wp-content\/uploads\/sites\/2\/2025\/03\/dimensions2-69.jpg","datePublished":"2025-03-24T10:01:12+00:00","dateModified":"2025-03-24T10:01:13+00:00","author":{"@id":"https:\/\/dpress.ma\/fr\/#\/schema\/person\/4898febf3ccd59e6578d838656a306a0"},"breadcrumb":{"@id":"https:\/\/dpress.ma\/fr\/2025\/03\/24\/m-el-bouari-a-visite-meknes-el-hajeb-et-ifrane-pour-faire-le-point-sur-lavancement-de-la-campagne-agricole-et-evaluer-limpact-des-recentes-precipitations\/#breadcrumb"},"inLanguage":"fr-FR","potentialAction":[{"@type":"ReadAction","target":["https:\/\/dpress.ma\/fr\/2025\/03\/24\/m-el-bouari-a-visite-meknes-el-hajeb-et-ifrane-pour-faire-le-point-sur-lavancement-de-la-campagne-agricole-et-evaluer-limpact-des-recentes-precipitations\/"]}]},{"@type":"ImageObject","inLanguage":"fr-FR","@id":"https:\/\/dpress.ma\/fr\/2025\/03\/24\/m-el-bouari-a-visite-meknes-el-hajeb-et-ifrane-pour-faire-le-point-sur-lavancement-de-la-campagne-agricole-et-evaluer-limpact-des-recentes-precipitations\/#primaryimage","url":"https:\/\/dpress.ma\/fr\/wp-content\/uploads\/sites\/2\/2025\/03\/dimensions2-69.jpg","contentUrl":"https:\/\/dpress.ma\/fr\/wp-content\/uploads\/sites\/2\/2025\/03\/dimensions2-69.jpg","width":2539,"height":1594},{"@type":"BreadcrumbList","@id":"https:\/\/dpress.ma\/fr\/2025\/03\/24\/m-el-bouari-a-visite-meknes-el-hajeb-et-ifrane-pour-faire-le-point-sur-lavancement-de-la-campagne-agricole-et-evaluer-limpact-des-recentes-precipitations\/#breadcrumb","itemListElement":[{"@type":"ListItem","position":1,"name":"Home","item":"https:\/\/dpress.ma\/fr\/"},{"@type":"ListItem","position":2,"name":"M. El Bouari a visit\u00e9 Mekn\u00e8s, El Hajeb et Ifrane pour faire le point sur l&#8217;avancement de la campagne agricole et \u00e9valuer l&#8217;impact des r\u00e9centes pr\u00e9cipitations"}]},{"@type":"WebSite","@id":"https:\/\/dpress.ma\/fr\/#website","url":"https:\/\/dpress.ma\/fr\/","name":"Dpress.ma\/fr","description":"","potentialAction":[{"@type":"SearchAction","target":{"@type":"EntryPoint","urlTemplate":"https:\/\/dpress.ma\/fr\/?s={search_term_string}"},"query-input":{"@type":"PropertyValueSpecification","valueRequired":true,"valueName":"search_term_string"}}],"inLanguage":"fr-FR"},{"@type":"Person","@id":"https:\/\/dpress.ma\/fr\/#\/schema\/person\/4898febf3ccd59e6578d838656a306a0","name":"Dpress.ma","image":{"@type":"ImageObject","inLanguage":"fr-FR","@id":"https:\/\/secure.gravatar.com\/avatar\/72ecc30e9db047a2e0e7176561eb9d564ed77c8108376495b19bd8336405198a?s=96&d=mm&r=g","url":"https:\/\/secure.gravatar.com\/avatar\/72ecc30e9db047a2e0e7176561eb9d564ed77c8108376495b19bd8336405198a?s=96&d=mm&r=g","contentUrl":"https:\/\/secure.gravatar.com\/avatar\/72ecc30e9db047a2e0e7176561eb9d564ed77c8108376495b19bd8336405198a?s=96&d=mm&r=g","caption":"Dpress.ma"},"sameAs":["https:\/\/www.dpress.ma"],"url":"https:\/\/dpress.ma\/fr\/author\/dpress-ma\/"}]}},"amp_enabled":true,"_links":{"self":[{"href":"https:\/\/dpress.ma\/fr\/wp-json\/wp\/v2\/posts\/13362","targetHints":{"allow":["GET"]}}],"collection":[{"href":"https:\/\/dpress.ma\/fr\/wp-json\/wp\/v2\/posts"}],"about":[{"href":"https:\/\/dpress.ma\/fr\/wp-json\/wp\/v2\/types\/post"}],"author":[{"embeddable":true,"href":"https:\/\/dpress.ma\/fr\/wp-json\/wp\/v2\/users\/2"}],"replies":[{"embeddable":true,"href":"https:\/\/dpress.ma\/fr\/wp-json\/wp\/v2\/comments?post=13362"}],"version-history":[{"count":1,"href":"https:\/\/dpress.ma\/fr\/wp-json\/wp\/v2\/posts\/13362\/revisions"}],"predecessor-version":[{"id":13364,"href":"https:\/\/dpress.ma\/fr\/wp-json\/wp\/v2\/posts\/13362\/revisions\/13364"}],"wp:featuredmedia":[{"embeddable":true,"href":"https:\/\/dpress.ma\/fr\/wp-json\/wp\/v2\/media\/13363"}],"wp:attachment":[{"href":"https:\/\/dpress.ma\/fr\/wp-json\/wp\/v2\/media?parent=13362"}],"wp:term":[{"taxonomy":"category","embeddable":true,"href":"https:\/\/dpress.ma\/fr\/wp-json\/wp\/v2\/categories?post=13362"},{"taxonomy":"post_tag","embeddable":true,"href":"https:\/\/dpress.ma\/fr\/wp-json\/wp\/v2\/tags?post=13362"}],"curies":[{"name":"wp","href":"https:\/\/api.w.org\/{rel}","templated":true}]}}