{"id":13357,"date":"2025-03-23T12:50:35","date_gmt":"2025-03-23T12:50:35","guid":{"rendered":"https:\/\/dpress.ma\/fr\/?p=13357"},"modified":"2025-03-23T12:50:36","modified_gmt":"2025-03-23T12:50:36","slug":"le-festival-du-livre-de-paris-devoile-la-programmation-maroc-invite-dhonneur","status":"publish","type":"post","link":"https:\/\/dpress.ma\/fr\/2025\/03\/23\/le-festival-du-livre-de-paris-devoile-la-programmation-maroc-invite-dhonneur\/","title":{"rendered":"Le Festival du livre de Paris d\u00e9voile la programmation Maroc, invit\u00e9 d\u2019honneur"},"content":{"rendered":"\n<p class=\"wp-block-paragraph\" dir=\"ltr\">Dpress<\/p>\n\n\n\n<p class=\"wp-block-paragraph\" dir=\"ltr\">Le Festival du livre de Paris (11-13 avril) o\u00f9 le Maroc sera l\u2019invit\u00e9 d\u2019honneur a d\u00e9voil\u00e9 la programmation d\u00e9di\u00e9e au Royaume.<\/p>\n\n\n\n<p class=\"wp-block-paragraph\" dir=\"ltr\">Le Maroc, qui aura un pavillon de 330 m\u00b2, install\u00e9 sous la coupole du Grand Palais au c\u0153ur de la Ville Lumi\u00e8re, sera repr\u00e9sent\u00e9 par une pl\u00e9iade d\u2019auteurs et de maisons d\u2019\u00e9dition qui refl\u00e8tent la richesse et le dynamisme de la litt\u00e9rature marocaine.<\/p>\n\n\n\n<p class=\"wp-block-paragraph\" dir=\"ltr\">Con\u00e7u comme \u00ab une invitation au voyage et \u00e0 la d\u00e9couverte, \u00e0 l\u2019image du Maroc, carrefour culturel entre tradition et modernit\u00e9 \u00bb, le pavillon marocain s\u2019inspirera de la mer, symbole du riche patrimoine maritime du pays et de son engagement vers un avenir durable et innovant.<\/p>\n\n\n\n<p class=\"wp-block-paragraph\" dir=\"ltr\">Ses visiteurs auront ainsi l\u2019occasion de rencontrer des \u00e9crivains marocains de renom, d\u2019assister \u00e0 des tables rondes sur les ponts entre la litt\u00e9rature, l\u2019histoire et la soci\u00e9t\u00e9, ainsi que des discussions sur la francophonie et la transmission des traditions orales dans l\u2019\u00e9criture contemporaine.<\/p>\n\n\n\n<p class=\"wp-block-paragraph\" dir=\"ltr\">Pour les organisateurs du festival, le paysage \u00e9ditorial marocain est en pleine effervescence, port\u00e9 par des maisons d\u2019\u00e9dition dynamiques qui jouent un r\u00f4le essentiel dans la valorisation de la litt\u00e9rature marocaine en publiant des \u0153uvres en arabe, en amazigh, en fran\u00e7ais et en anglais, tout en contribuant \u00e0 faire rayonner les voix marocaines \u00e0 l\u2019international.<\/p>\n\n\n\n<p class=\"wp-block-paragraph\" dir=\"ltr\">Une quarantaine de maisons d\u2019\u00e9dition seront ainsi repr\u00e9sent\u00e9es au pavillon du Maroc, con\u00e7u comme un espace immersif c\u00e9l\u00e9brant la richesse et la diversit\u00e9 de ses \u00e9crivains.<\/p>\n\n\n\n<p class=\"wp-block-paragraph\" dir=\"ltr\">Des auteurs embl\u00e9matiques et des nouvelles voix y seront mis en avant, refl\u00e9tant une identit\u00e9 multiple et une histoire riche, o\u00f9 se croisent diff\u00e9rentes influences culturelles et linguistiques. Des hommages seront \u00e9galement rendus \u00e0 des auteurs qui ont marqu\u00e9 de leur empreinte la litt\u00e9rature et la pens\u00e9e marocaine, notamment Edmond Amran El Maleh ou Driss Chraibi.<\/p>\n\n\n\n<p class=\"wp-block-paragraph\" dir=\"ltr\">Le pavillon marocain se d\u00e9cline en cinq espaces th\u00e9matiques, chacun offrant une exp\u00e9rience unique : \u00ab\u00a0l\u2019Espace de l\u2019Histoire maritime\u00a0\u00bb qui offre une plong\u00e9e fascinante dans le pass\u00e9 maritime du Maroc, mettant en lumi\u00e8re son h\u00e9ritage atlantique et m\u00e9diterran\u00e9en \u00e0 travers des documents, des cartes anciennes et des r\u00e9cits de navigateurs.<br>\u00ab\u00a0L\u2019Espace Hiwar\u00a0\u00bb, qui sera d\u00e9di\u00e9 aux rencontres et \u00e0 l\u2019\u00e9change entre \u00e9diteurs, auteurs et le public, l\u2019espace \u00ab\u00a0D\u00e9dicaces\u00a0\u00bb, \u00ab\u00a0l\u2019espace Jeunesse\u00a0\u00bb qui est un univers color\u00e9 et interactif pens\u00e9 pour les jeunes lecteurs, avec des contes, des ateliers ludiques et des rencontres avec des auteurs jeunesse, afin de transmettre le go\u00fbt de la lecture et du r\u00e9cit, puis un espace \u00ab\u00a0\u00c9diteurs et Librairie\u00a0\u00bb qui se veut un lieu de d\u00e9couverte et d\u2019\u00e9change refl\u00e9tant la diversit\u00e9\u0301 et la vitalit\u00e9\u0301 de la litt\u00e9rature marocaine, o\u00f9 les visiteurs pourront parcourir une s\u00e9lection d\u2019ouvrages, rencontrer des \u00e9diteurs et acqu\u00e9rir des livres.<\/p>\n","protected":false},"excerpt":{"rendered":"<p>Dpress Le Festival du livre de Paris (11-13 avril) o\u00f9 le Maroc sera l\u2019invit\u00e9 d\u2019honneur a d\u00e9voil\u00e9 la programmation d\u00e9di\u00e9e au Royaume. Le Maroc, qui aura un pavillon de 330 m\u00b2, install\u00e9 sous la coupole du Grand Palais au c\u0153ur de la Ville Lumi\u00e8re, sera repr\u00e9sent\u00e9 par une pl\u00e9iade d\u2019auteurs et de maisons d\u2019\u00e9dition qui &hellip;<\/p>\n","protected":false},"author":2,"featured_media":13358,"comment_status":"open","ping_status":"open","sticky":false,"template":"","format":"standard","meta":{"footnotes":""},"categories":[31],"tags":[],"class_list":["post-13357","post","type-post","status-publish","format-standard","has-post-thumbnail","hentry","category-art-et-culture"],"yoast_head":"<!-- This site is optimized with the Yoast SEO plugin v28.0 - https:\/\/yoast.com\/product\/yoast-seo-wordpress\/ -->\n<title>Le Festival du livre de Paris d\u00e9voile la programmation Maroc, invit\u00e9 d\u2019honneur - Dpress.ma\/fr<\/title>\n<meta name=\"robots\" content=\"index, follow, max-snippet:-1, max-image-preview:large, max-video-preview:-1\" \/>\n<link rel=\"canonical\" href=\"https:\/\/dpress.ma\/fr\/2025\/03\/23\/le-festival-du-livre-de-paris-devoile-la-programmation-maroc-invite-dhonneur\/\" \/>\n<meta property=\"og:locale\" content=\"fr_FR\" \/>\n<meta property=\"og:type\" content=\"article\" \/>\n<meta property=\"og:title\" content=\"Le Festival du livre de Paris d\u00e9voile la programmation Maroc, invit\u00e9 d\u2019honneur - Dpress.ma\/fr\" \/>\n<meta property=\"og:description\" content=\"Dpress Le Festival du livre de Paris (11-13 avril) o\u00f9 le Maroc sera l\u2019invit\u00e9 d\u2019honneur a d\u00e9voil\u00e9 la programmation d\u00e9di\u00e9e au Royaume. Le Maroc, qui aura un pavillon de 330 m\u00b2, install\u00e9 sous la coupole du Grand Palais au c\u0153ur de la Ville Lumi\u00e8re, sera repr\u00e9sent\u00e9 par une pl\u00e9iade d\u2019auteurs et de maisons d\u2019\u00e9dition qui &hellip;\" \/>\n<meta property=\"og:url\" content=\"https:\/\/dpress.ma\/fr\/2025\/03\/23\/le-festival-du-livre-de-paris-devoile-la-programmation-maroc-invite-dhonneur\/\" \/>\n<meta property=\"og:site_name\" content=\"Dpress.ma\/fr\" \/>\n<meta property=\"article:published_time\" content=\"2025-03-23T12:50:35+00:00\" \/>\n<meta property=\"article:modified_time\" content=\"2025-03-23T12:50:36+00:00\" \/>\n<meta property=\"og:image\" content=\"https:\/\/dpress.ma\/fr\/wp-content\/uploads\/sites\/2\/2025\/03\/Le-Festival-du-livre-de-Paris-devoile-la-programmation-Maroc-invite-dhonneur.png\" \/>\n\t<meta property=\"og:image:width\" content=\"780\" \/>\n\t<meta property=\"og:image:height\" content=\"470\" \/>\n\t<meta property=\"og:image:type\" content=\"image\/png\" \/>\n<meta name=\"author\" content=\"Dpress.ma\" \/>\n<meta name=\"twitter:card\" content=\"summary_large_image\" \/>\n<meta name=\"twitter:label1\" content=\"\u00c9crit par\" \/>\n\t<meta name=\"twitter:data1\" content=\"Dpress.ma\" \/>\n\t<meta name=\"twitter:label2\" content=\"Dur\u00e9e de lecture estim\u00e9e\" \/>\n\t<meta name=\"twitter:data2\" content=\"3 minutes\" \/>\n<script type=\"application\/ld+json\" class=\"yoast-schema-graph\">{\"@context\":\"https:\\\/\\\/schema.org\",\"@graph\":[{\"@type\":\"Article\",\"@id\":\"https:\\\/\\\/dpress.ma\\\/fr\\\/2025\\\/03\\\/23\\\/le-festival-du-livre-de-paris-devoile-la-programmation-maroc-invite-dhonneur\\\/#article\",\"isPartOf\":{\"@id\":\"https:\\\/\\\/dpress.ma\\\/fr\\\/2025\\\/03\\\/23\\\/le-festival-du-livre-de-paris-devoile-la-programmation-maroc-invite-dhonneur\\\/\"},\"author\":{\"name\":\"Dpress.ma\",\"@id\":\"https:\\\/\\\/dpress.ma\\\/fr\\\/#\\\/schema\\\/person\\\/4898febf3ccd59e6578d838656a306a0\"},\"headline\":\"Le Festival du livre de Paris d\u00e9voile la programmation Maroc, invit\u00e9 d\u2019honneur\",\"datePublished\":\"2025-03-23T12:50:35+00:00\",\"dateModified\":\"2025-03-23T12:50:36+00:00\",\"mainEntityOfPage\":{\"@id\":\"https:\\\/\\\/dpress.ma\\\/fr\\\/2025\\\/03\\\/23\\\/le-festival-du-livre-de-paris-devoile-la-programmation-maroc-invite-dhonneur\\\/\"},\"wordCount\":504,\"commentCount\":0,\"image\":{\"@id\":\"https:\\\/\\\/dpress.ma\\\/fr\\\/2025\\\/03\\\/23\\\/le-festival-du-livre-de-paris-devoile-la-programmation-maroc-invite-dhonneur\\\/#primaryimage\"},\"thumbnailUrl\":\"https:\\\/\\\/dpress.ma\\\/fr\\\/wp-content\\\/uploads\\\/sites\\\/2\\\/2025\\\/03\\\/Le-Festival-du-livre-de-Paris-devoile-la-programmation-Maroc-invite-dhonneur.png\",\"articleSection\":[\"Art et Culture\"],\"inLanguage\":\"fr-FR\",\"potentialAction\":[{\"@type\":\"CommentAction\",\"name\":\"Comment\",\"target\":[\"https:\\\/\\\/dpress.ma\\\/fr\\\/2025\\\/03\\\/23\\\/le-festival-du-livre-de-paris-devoile-la-programmation-maroc-invite-dhonneur\\\/#respond\"]}]},{\"@type\":\"WebPage\",\"@id\":\"https:\\\/\\\/dpress.ma\\\/fr\\\/2025\\\/03\\\/23\\\/le-festival-du-livre-de-paris-devoile-la-programmation-maroc-invite-dhonneur\\\/\",\"url\":\"https:\\\/\\\/dpress.ma\\\/fr\\\/2025\\\/03\\\/23\\\/le-festival-du-livre-de-paris-devoile-la-programmation-maroc-invite-dhonneur\\\/\",\"name\":\"Le Festival du livre de Paris d\u00e9voile la programmation Maroc, invit\u00e9 d\u2019honneur - Dpress.ma\\\/fr\",\"isPartOf\":{\"@id\":\"https:\\\/\\\/dpress.ma\\\/fr\\\/#website\"},\"primaryImageOfPage\":{\"@id\":\"https:\\\/\\\/dpress.ma\\\/fr\\\/2025\\\/03\\\/23\\\/le-festival-du-livre-de-paris-devoile-la-programmation-maroc-invite-dhonneur\\\/#primaryimage\"},\"image\":{\"@id\":\"https:\\\/\\\/dpress.ma\\\/fr\\\/2025\\\/03\\\/23\\\/le-festival-du-livre-de-paris-devoile-la-programmation-maroc-invite-dhonneur\\\/#primaryimage\"},\"thumbnailUrl\":\"https:\\\/\\\/dpress.ma\\\/fr\\\/wp-content\\\/uploads\\\/sites\\\/2\\\/2025\\\/03\\\/Le-Festival-du-livre-de-Paris-devoile-la-programmation-Maroc-invite-dhonneur.png\",\"datePublished\":\"2025-03-23T12:50:35+00:00\",\"dateModified\":\"2025-03-23T12:50:36+00:00\",\"author\":{\"@id\":\"https:\\\/\\\/dpress.ma\\\/fr\\\/#\\\/schema\\\/person\\\/4898febf3ccd59e6578d838656a306a0\"},\"breadcrumb\":{\"@id\":\"https:\\\/\\\/dpress.ma\\\/fr\\\/2025\\\/03\\\/23\\\/le-festival-du-livre-de-paris-devoile-la-programmation-maroc-invite-dhonneur\\\/#breadcrumb\"},\"inLanguage\":\"fr-FR\",\"potentialAction\":[{\"@type\":\"ReadAction\",\"target\":[\"https:\\\/\\\/dpress.ma\\\/fr\\\/2025\\\/03\\\/23\\\/le-festival-du-livre-de-paris-devoile-la-programmation-maroc-invite-dhonneur\\\/\"]}]},{\"@type\":\"ImageObject\",\"inLanguage\":\"fr-FR\",\"@id\":\"https:\\\/\\\/dpress.ma\\\/fr\\\/2025\\\/03\\\/23\\\/le-festival-du-livre-de-paris-devoile-la-programmation-maroc-invite-dhonneur\\\/#primaryimage\",\"url\":\"https:\\\/\\\/dpress.ma\\\/fr\\\/wp-content\\\/uploads\\\/sites\\\/2\\\/2025\\\/03\\\/Le-Festival-du-livre-de-Paris-devoile-la-programmation-Maroc-invite-dhonneur.png\",\"contentUrl\":\"https:\\\/\\\/dpress.ma\\\/fr\\\/wp-content\\\/uploads\\\/sites\\\/2\\\/2025\\\/03\\\/Le-Festival-du-livre-de-Paris-devoile-la-programmation-Maroc-invite-dhonneur.png\",\"width\":780,\"height\":470},{\"@type\":\"BreadcrumbList\",\"@id\":\"https:\\\/\\\/dpress.ma\\\/fr\\\/2025\\\/03\\\/23\\\/le-festival-du-livre-de-paris-devoile-la-programmation-maroc-invite-dhonneur\\\/#breadcrumb\",\"itemListElement\":[{\"@type\":\"ListItem\",\"position\":1,\"name\":\"Home\",\"item\":\"https:\\\/\\\/dpress.ma\\\/fr\\\/\"},{\"@type\":\"ListItem\",\"position\":2,\"name\":\"Le Festival du livre de Paris d\u00e9voile la programmation Maroc, invit\u00e9 d\u2019honneur\"}]},{\"@type\":\"WebSite\",\"@id\":\"https:\\\/\\\/dpress.ma\\\/fr\\\/#website\",\"url\":\"https:\\\/\\\/dpress.ma\\\/fr\\\/\",\"name\":\"Dpress.ma\\\/fr\",\"description\":\"\",\"potentialAction\":[{\"@type\":\"SearchAction\",\"target\":{\"@type\":\"EntryPoint\",\"urlTemplate\":\"https:\\\/\\\/dpress.ma\\\/fr\\\/?s={search_term_string}\"},\"query-input\":{\"@type\":\"PropertyValueSpecification\",\"valueRequired\":true,\"valueName\":\"search_term_string\"}}],\"inLanguage\":\"fr-FR\"},{\"@type\":\"Person\",\"@id\":\"https:\\\/\\\/dpress.ma\\\/fr\\\/#\\\/schema\\\/person\\\/4898febf3ccd59e6578d838656a306a0\",\"name\":\"Dpress.ma\",\"image\":{\"@type\":\"ImageObject\",\"inLanguage\":\"fr-FR\",\"@id\":\"https:\\\/\\\/secure.gravatar.com\\\/avatar\\\/72ecc30e9db047a2e0e7176561eb9d564ed77c8108376495b19bd8336405198a?s=96&d=mm&r=g\",\"url\":\"https:\\\/\\\/secure.gravatar.com\\\/avatar\\\/72ecc30e9db047a2e0e7176561eb9d564ed77c8108376495b19bd8336405198a?s=96&d=mm&r=g\",\"contentUrl\":\"https:\\\/\\\/secure.gravatar.com\\\/avatar\\\/72ecc30e9db047a2e0e7176561eb9d564ed77c8108376495b19bd8336405198a?s=96&d=mm&r=g\",\"caption\":\"Dpress.ma\"},\"sameAs\":[\"https:\\\/\\\/www.dpress.ma\"],\"url\":\"https:\\\/\\\/dpress.ma\\\/fr\\\/author\\\/dpress-ma\\\/\"}]}<\/script>\n<!-- \/ Yoast SEO plugin. -->","yoast_head_json":{"title":"Le Festival du livre de Paris d\u00e9voile la programmation Maroc, invit\u00e9 d\u2019honneur - Dpress.ma\/fr","robots":{"index":"index","follow":"follow","max-snippet":"max-snippet:-1","max-image-preview":"max-image-preview:large","max-video-preview":"max-video-preview:-1"},"canonical":"https:\/\/dpress.ma\/fr\/2025\/03\/23\/le-festival-du-livre-de-paris-devoile-la-programmation-maroc-invite-dhonneur\/","og_locale":"fr_FR","og_type":"article","og_title":"Le Festival du livre de Paris d\u00e9voile la programmation Maroc, invit\u00e9 d\u2019honneur - Dpress.ma\/fr","og_description":"Dpress Le Festival du livre de Paris (11-13 avril) o\u00f9 le Maroc sera l\u2019invit\u00e9 d\u2019honneur a d\u00e9voil\u00e9 la programmation d\u00e9di\u00e9e au Royaume. Le Maroc, qui aura un pavillon de 330 m\u00b2, install\u00e9 sous la coupole du Grand Palais au c\u0153ur de la Ville Lumi\u00e8re, sera repr\u00e9sent\u00e9 par une pl\u00e9iade d\u2019auteurs et de maisons d\u2019\u00e9dition qui &hellip;","og_url":"https:\/\/dpress.ma\/fr\/2025\/03\/23\/le-festival-du-livre-de-paris-devoile-la-programmation-maroc-invite-dhonneur\/","og_site_name":"Dpress.ma\/fr","article_published_time":"2025-03-23T12:50:35+00:00","article_modified_time":"2025-03-23T12:50:36+00:00","og_image":[{"width":780,"height":470,"url":"https:\/\/dpress.ma\/fr\/wp-content\/uploads\/sites\/2\/2025\/03\/Le-Festival-du-livre-de-Paris-devoile-la-programmation-Maroc-invite-dhonneur.png","type":"image\/png"}],"author":"Dpress.ma","twitter_card":"summary_large_image","twitter_misc":{"\u00c9crit par":"Dpress.ma","Dur\u00e9e de lecture estim\u00e9e":"3 minutes"},"schema":{"@context":"https:\/\/schema.org","@graph":[{"@type":"Article","@id":"https:\/\/dpress.ma\/fr\/2025\/03\/23\/le-festival-du-livre-de-paris-devoile-la-programmation-maroc-invite-dhonneur\/#article","isPartOf":{"@id":"https:\/\/dpress.ma\/fr\/2025\/03\/23\/le-festival-du-livre-de-paris-devoile-la-programmation-maroc-invite-dhonneur\/"},"author":{"name":"Dpress.ma","@id":"https:\/\/dpress.ma\/fr\/#\/schema\/person\/4898febf3ccd59e6578d838656a306a0"},"headline":"Le Festival du livre de Paris d\u00e9voile la programmation Maroc, invit\u00e9 d\u2019honneur","datePublished":"2025-03-23T12:50:35+00:00","dateModified":"2025-03-23T12:50:36+00:00","mainEntityOfPage":{"@id":"https:\/\/dpress.ma\/fr\/2025\/03\/23\/le-festival-du-livre-de-paris-devoile-la-programmation-maroc-invite-dhonneur\/"},"wordCount":504,"commentCount":0,"image":{"@id":"https:\/\/dpress.ma\/fr\/2025\/03\/23\/le-festival-du-livre-de-paris-devoile-la-programmation-maroc-invite-dhonneur\/#primaryimage"},"thumbnailUrl":"https:\/\/dpress.ma\/fr\/wp-content\/uploads\/sites\/2\/2025\/03\/Le-Festival-du-livre-de-Paris-devoile-la-programmation-Maroc-invite-dhonneur.png","articleSection":["Art et Culture"],"inLanguage":"fr-FR","potentialAction":[{"@type":"CommentAction","name":"Comment","target":["https:\/\/dpress.ma\/fr\/2025\/03\/23\/le-festival-du-livre-de-paris-devoile-la-programmation-maroc-invite-dhonneur\/#respond"]}]},{"@type":"WebPage","@id":"https:\/\/dpress.ma\/fr\/2025\/03\/23\/le-festival-du-livre-de-paris-devoile-la-programmation-maroc-invite-dhonneur\/","url":"https:\/\/dpress.ma\/fr\/2025\/03\/23\/le-festival-du-livre-de-paris-devoile-la-programmation-maroc-invite-dhonneur\/","name":"Le Festival du livre de Paris d\u00e9voile la programmation Maroc, invit\u00e9 d\u2019honneur - Dpress.ma\/fr","isPartOf":{"@id":"https:\/\/dpress.ma\/fr\/#website"},"primaryImageOfPage":{"@id":"https:\/\/dpress.ma\/fr\/2025\/03\/23\/le-festival-du-livre-de-paris-devoile-la-programmation-maroc-invite-dhonneur\/#primaryimage"},"image":{"@id":"https:\/\/dpress.ma\/fr\/2025\/03\/23\/le-festival-du-livre-de-paris-devoile-la-programmation-maroc-invite-dhonneur\/#primaryimage"},"thumbnailUrl":"https:\/\/dpress.ma\/fr\/wp-content\/uploads\/sites\/2\/2025\/03\/Le-Festival-du-livre-de-Paris-devoile-la-programmation-Maroc-invite-dhonneur.png","datePublished":"2025-03-23T12:50:35+00:00","dateModified":"2025-03-23T12:50:36+00:00","author":{"@id":"https:\/\/dpress.ma\/fr\/#\/schema\/person\/4898febf3ccd59e6578d838656a306a0"},"breadcrumb":{"@id":"https:\/\/dpress.ma\/fr\/2025\/03\/23\/le-festival-du-livre-de-paris-devoile-la-programmation-maroc-invite-dhonneur\/#breadcrumb"},"inLanguage":"fr-FR","potentialAction":[{"@type":"ReadAction","target":["https:\/\/dpress.ma\/fr\/2025\/03\/23\/le-festival-du-livre-de-paris-devoile-la-programmation-maroc-invite-dhonneur\/"]}]},{"@type":"ImageObject","inLanguage":"fr-FR","@id":"https:\/\/dpress.ma\/fr\/2025\/03\/23\/le-festival-du-livre-de-paris-devoile-la-programmation-maroc-invite-dhonneur\/#primaryimage","url":"https:\/\/dpress.ma\/fr\/wp-content\/uploads\/sites\/2\/2025\/03\/Le-Festival-du-livre-de-Paris-devoile-la-programmation-Maroc-invite-dhonneur.png","contentUrl":"https:\/\/dpress.ma\/fr\/wp-content\/uploads\/sites\/2\/2025\/03\/Le-Festival-du-livre-de-Paris-devoile-la-programmation-Maroc-invite-dhonneur.png","width":780,"height":470},{"@type":"BreadcrumbList","@id":"https:\/\/dpress.ma\/fr\/2025\/03\/23\/le-festival-du-livre-de-paris-devoile-la-programmation-maroc-invite-dhonneur\/#breadcrumb","itemListElement":[{"@type":"ListItem","position":1,"name":"Home","item":"https:\/\/dpress.ma\/fr\/"},{"@type":"ListItem","position":2,"name":"Le Festival du livre de Paris d\u00e9voile la programmation Maroc, invit\u00e9 d\u2019honneur"}]},{"@type":"WebSite","@id":"https:\/\/dpress.ma\/fr\/#website","url":"https:\/\/dpress.ma\/fr\/","name":"Dpress.ma\/fr","description":"","potentialAction":[{"@type":"SearchAction","target":{"@type":"EntryPoint","urlTemplate":"https:\/\/dpress.ma\/fr\/?s={search_term_string}"},"query-input":{"@type":"PropertyValueSpecification","valueRequired":true,"valueName":"search_term_string"}}],"inLanguage":"fr-FR"},{"@type":"Person","@id":"https:\/\/dpress.ma\/fr\/#\/schema\/person\/4898febf3ccd59e6578d838656a306a0","name":"Dpress.ma","image":{"@type":"ImageObject","inLanguage":"fr-FR","@id":"https:\/\/secure.gravatar.com\/avatar\/72ecc30e9db047a2e0e7176561eb9d564ed77c8108376495b19bd8336405198a?s=96&d=mm&r=g","url":"https:\/\/secure.gravatar.com\/avatar\/72ecc30e9db047a2e0e7176561eb9d564ed77c8108376495b19bd8336405198a?s=96&d=mm&r=g","contentUrl":"https:\/\/secure.gravatar.com\/avatar\/72ecc30e9db047a2e0e7176561eb9d564ed77c8108376495b19bd8336405198a?s=96&d=mm&r=g","caption":"Dpress.ma"},"sameAs":["https:\/\/www.dpress.ma"],"url":"https:\/\/dpress.ma\/fr\/author\/dpress-ma\/"}]}},"amp_enabled":true,"_links":{"self":[{"href":"https:\/\/dpress.ma\/fr\/wp-json\/wp\/v2\/posts\/13357","targetHints":{"allow":["GET"]}}],"collection":[{"href":"https:\/\/dpress.ma\/fr\/wp-json\/wp\/v2\/posts"}],"about":[{"href":"https:\/\/dpress.ma\/fr\/wp-json\/wp\/v2\/types\/post"}],"author":[{"embeddable":true,"href":"https:\/\/dpress.ma\/fr\/wp-json\/wp\/v2\/users\/2"}],"replies":[{"embeddable":true,"href":"https:\/\/dpress.ma\/fr\/wp-json\/wp\/v2\/comments?post=13357"}],"version-history":[{"count":1,"href":"https:\/\/dpress.ma\/fr\/wp-json\/wp\/v2\/posts\/13357\/revisions"}],"predecessor-version":[{"id":13359,"href":"https:\/\/dpress.ma\/fr\/wp-json\/wp\/v2\/posts\/13357\/revisions\/13359"}],"wp:featuredmedia":[{"embeddable":true,"href":"https:\/\/dpress.ma\/fr\/wp-json\/wp\/v2\/media\/13358"}],"wp:attachment":[{"href":"https:\/\/dpress.ma\/fr\/wp-json\/wp\/v2\/media?parent=13357"}],"wp:term":[{"taxonomy":"category","embeddable":true,"href":"https:\/\/dpress.ma\/fr\/wp-json\/wp\/v2\/categories?post=13357"},{"taxonomy":"post_tag","embeddable":true,"href":"https:\/\/dpress.ma\/fr\/wp-json\/wp\/v2\/tags?post=13357"}],"curies":[{"name":"wp","href":"https:\/\/api.w.org\/{rel}","templated":true}]}}