{"id":12988,"date":"2025-03-08T11:25:35","date_gmt":"2025-03-08T11:25:35","guid":{"rendered":"https:\/\/dpress.ma\/fr\/?p=12988"},"modified":"2025-03-08T11:25:36","modified_gmt":"2025-03-08T11:25:36","slug":"loci-tient-une-reunion-ministerielle-extraordinaire-avec-la-participation-du-maroc","status":"publish","type":"post","link":"https:\/\/dpress.ma\/fr\/2025\/03\/08\/loci-tient-une-reunion-ministerielle-extraordinaire-avec-la-participation-du-maroc\/","title":{"rendered":"l\u2019OCI tient une r\u00e9union minist\u00e9rielle extraordinaire avec la participation du Maroc"},"content":{"rendered":"\n<p>dpress<\/p>\n\n\n\n<p>La r\u00e9union extraordinaire du Conseil des ministres des Affaires \u00e9trang\u00e8res de l\u2019Organisation de la coop\u00e9ration islamique (OCI) a d\u00e9but\u00e9, vendredi \u00e0 Djeddah, avec la participation du Maroc, pour examiner les derniers d\u00e9veloppements de la question palestinienne.<\/p>\n\n\n\n<p>La d\u00e9l\u00e9gation marocaine \u00e0 la 20e session extraordinaire du Conseil est men\u00e9e par l\u2019ambassadeur directeur g\u00e9n\u00e9ral des Affaires politiques internationales au minist\u00e8re des Affaires \u00e9trang\u00e8res, de la Coop\u00e9ration africaine et des Marocains r\u00e9sidant \u00e0 l\u2019\u00e9tranger, Fouad Yazourh.<\/p>\n\n\n\n<p>Elle comprend \u00e9galement l\u2019ambassadeur du Maroc en Arabie Saoudite et repr\u00e9sentant permanent du Royaume aupr\u00e8s de l\u2019OCI, Mustapha Mansouri, le chef de division des Organisations arabes et islamiques audit minist\u00e8re, Abdelali Al-Jahed, et le repr\u00e9sentant permanent adjoint du Royaume du Maroc aupr\u00e8s de l\u2019Organisation, Othman Rahho.<\/p>\n\n\n\n<p>Cette r\u00e9union entend transmettre au monde un message clair : la question palestinienne demeure la cause centrale de la Oumma arabe et islamique.<\/p>\n","protected":false},"excerpt":{"rendered":"<p>dpress La r\u00e9union extraordinaire du Conseil des ministres des Affaires \u00e9trang\u00e8res de l\u2019Organisation de la coop\u00e9ration islamique (OCI) a d\u00e9but\u00e9, vendredi \u00e0 Djeddah, avec la participation du Maroc, pour examiner les derniers d\u00e9veloppements de la question palestinienne. La d\u00e9l\u00e9gation marocaine \u00e0 la 20e session extraordinaire du Conseil est men\u00e9e par l\u2019ambassadeur directeur g\u00e9n\u00e9ral des Affaires &hellip;<\/p>\n","protected":false},"author":2,"featured_media":12989,"comment_status":"open","ping_status":"open","sticky":false,"template":"","format":"standard","meta":{"footnotes":""},"categories":[26],"tags":[],"class_list":["post-12988","post","type-post","status-publish","format-standard","has-post-thumbnail","hentry","category-politiques"],"yoast_head":"<!-- This site is optimized with the Yoast SEO plugin v27.4 - https:\/\/yoast.com\/product\/yoast-seo-wordpress\/ -->\n<title>l\u2019OCI tient une r\u00e9union minist\u00e9rielle extraordinaire avec la participation du Maroc - Dpress.ma\/fr<\/title>\n<meta name=\"robots\" content=\"index, follow, max-snippet:-1, max-image-preview:large, max-video-preview:-1\" \/>\n<link rel=\"canonical\" href=\"https:\/\/dpress.ma\/fr\/2025\/03\/08\/loci-tient-une-reunion-ministerielle-extraordinaire-avec-la-participation-du-maroc\/\" \/>\n<meta property=\"og:locale\" content=\"fr_FR\" \/>\n<meta property=\"og:type\" content=\"article\" \/>\n<meta property=\"og:title\" content=\"l\u2019OCI tient une r\u00e9union minist\u00e9rielle extraordinaire avec la participation du Maroc - Dpress.ma\/fr\" \/>\n<meta property=\"og:description\" content=\"dpress La r\u00e9union extraordinaire du Conseil des ministres des Affaires \u00e9trang\u00e8res de l\u2019Organisation de la coop\u00e9ration islamique (OCI) a d\u00e9but\u00e9, vendredi \u00e0 Djeddah, avec la participation du Maroc, pour examiner les derniers d\u00e9veloppements de la question palestinienne. La d\u00e9l\u00e9gation marocaine \u00e0 la 20e session extraordinaire du Conseil est men\u00e9e par l\u2019ambassadeur directeur g\u00e9n\u00e9ral des Affaires &hellip;\" \/>\n<meta property=\"og:url\" content=\"https:\/\/dpress.ma\/fr\/2025\/03\/08\/loci-tient-une-reunion-ministerielle-extraordinaire-avec-la-participation-du-maroc\/\" \/>\n<meta property=\"og:site_name\" content=\"Dpress.ma\/fr\" \/>\n<meta property=\"article:published_time\" content=\"2025-03-08T11:25:35+00:00\" \/>\n<meta property=\"article:modified_time\" content=\"2025-03-08T11:25:36+00:00\" \/>\n<meta property=\"og:image\" content=\"https:\/\/dpress.ma\/fr\/wp-content\/uploads\/sites\/2\/2025\/03\/dprees-dim-23.png\" \/>\n\t<meta property=\"og:image:width\" content=\"780\" \/>\n\t<meta property=\"og:image:height\" content=\"470\" \/>\n\t<meta property=\"og:image:type\" content=\"image\/png\" \/>\n<meta name=\"author\" content=\"Dpress.ma\" \/>\n<meta name=\"twitter:card\" content=\"summary_large_image\" \/>\n<meta name=\"twitter:label1\" content=\"\u00c9crit par\" \/>\n\t<meta name=\"twitter:data1\" content=\"Dpress.ma\" \/>\n\t<meta name=\"twitter:label2\" content=\"Dur\u00e9e de lecture estim\u00e9e\" \/>\n\t<meta name=\"twitter:data2\" content=\"1 minute\" \/>\n<script type=\"application\/ld+json\" class=\"yoast-schema-graph\">{\"@context\":\"https:\\\/\\\/schema.org\",\"@graph\":[{\"@type\":\"Article\",\"@id\":\"https:\\\/\\\/dpress.ma\\\/fr\\\/2025\\\/03\\\/08\\\/loci-tient-une-reunion-ministerielle-extraordinaire-avec-la-participation-du-maroc\\\/#article\",\"isPartOf\":{\"@id\":\"https:\\\/\\\/dpress.ma\\\/fr\\\/2025\\\/03\\\/08\\\/loci-tient-une-reunion-ministerielle-extraordinaire-avec-la-participation-du-maroc\\\/\"},\"author\":{\"name\":\"Dpress.ma\",\"@id\":\"https:\\\/\\\/dpress.ma\\\/fr\\\/#\\\/schema\\\/person\\\/4898febf3ccd59e6578d838656a306a0\"},\"headline\":\"l\u2019OCI tient une r\u00e9union minist\u00e9rielle extraordinaire avec la participation du Maroc\",\"datePublished\":\"2025-03-08T11:25:35+00:00\",\"dateModified\":\"2025-03-08T11:25:36+00:00\",\"mainEntityOfPage\":{\"@id\":\"https:\\\/\\\/dpress.ma\\\/fr\\\/2025\\\/03\\\/08\\\/loci-tient-une-reunion-ministerielle-extraordinaire-avec-la-participation-du-maroc\\\/\"},\"wordCount\":179,\"commentCount\":0,\"image\":{\"@id\":\"https:\\\/\\\/dpress.ma\\\/fr\\\/2025\\\/03\\\/08\\\/loci-tient-une-reunion-ministerielle-extraordinaire-avec-la-participation-du-maroc\\\/#primaryimage\"},\"thumbnailUrl\":\"https:\\\/\\\/dpress.ma\\\/fr\\\/wp-content\\\/uploads\\\/sites\\\/2\\\/2025\\\/03\\\/dprees-dim-23.png\",\"articleSection\":[\"Politiques\"],\"inLanguage\":\"fr-FR\",\"potentialAction\":[{\"@type\":\"CommentAction\",\"name\":\"Comment\",\"target\":[\"https:\\\/\\\/dpress.ma\\\/fr\\\/2025\\\/03\\\/08\\\/loci-tient-une-reunion-ministerielle-extraordinaire-avec-la-participation-du-maroc\\\/#respond\"]}]},{\"@type\":\"WebPage\",\"@id\":\"https:\\\/\\\/dpress.ma\\\/fr\\\/2025\\\/03\\\/08\\\/loci-tient-une-reunion-ministerielle-extraordinaire-avec-la-participation-du-maroc\\\/\",\"url\":\"https:\\\/\\\/dpress.ma\\\/fr\\\/2025\\\/03\\\/08\\\/loci-tient-une-reunion-ministerielle-extraordinaire-avec-la-participation-du-maroc\\\/\",\"name\":\"l\u2019OCI tient une r\u00e9union minist\u00e9rielle extraordinaire avec la participation du Maroc - Dpress.ma\\\/fr\",\"isPartOf\":{\"@id\":\"https:\\\/\\\/dpress.ma\\\/fr\\\/#website\"},\"primaryImageOfPage\":{\"@id\":\"https:\\\/\\\/dpress.ma\\\/fr\\\/2025\\\/03\\\/08\\\/loci-tient-une-reunion-ministerielle-extraordinaire-avec-la-participation-du-maroc\\\/#primaryimage\"},\"image\":{\"@id\":\"https:\\\/\\\/dpress.ma\\\/fr\\\/2025\\\/03\\\/08\\\/loci-tient-une-reunion-ministerielle-extraordinaire-avec-la-participation-du-maroc\\\/#primaryimage\"},\"thumbnailUrl\":\"https:\\\/\\\/dpress.ma\\\/fr\\\/wp-content\\\/uploads\\\/sites\\\/2\\\/2025\\\/03\\\/dprees-dim-23.png\",\"datePublished\":\"2025-03-08T11:25:35+00:00\",\"dateModified\":\"2025-03-08T11:25:36+00:00\",\"author\":{\"@id\":\"https:\\\/\\\/dpress.ma\\\/fr\\\/#\\\/schema\\\/person\\\/4898febf3ccd59e6578d838656a306a0\"},\"breadcrumb\":{\"@id\":\"https:\\\/\\\/dpress.ma\\\/fr\\\/2025\\\/03\\\/08\\\/loci-tient-une-reunion-ministerielle-extraordinaire-avec-la-participation-du-maroc\\\/#breadcrumb\"},\"inLanguage\":\"fr-FR\",\"potentialAction\":[{\"@type\":\"ReadAction\",\"target\":[\"https:\\\/\\\/dpress.ma\\\/fr\\\/2025\\\/03\\\/08\\\/loci-tient-une-reunion-ministerielle-extraordinaire-avec-la-participation-du-maroc\\\/\"]}]},{\"@type\":\"ImageObject\",\"inLanguage\":\"fr-FR\",\"@id\":\"https:\\\/\\\/dpress.ma\\\/fr\\\/2025\\\/03\\\/08\\\/loci-tient-une-reunion-ministerielle-extraordinaire-avec-la-participation-du-maroc\\\/#primaryimage\",\"url\":\"https:\\\/\\\/dpress.ma\\\/fr\\\/wp-content\\\/uploads\\\/sites\\\/2\\\/2025\\\/03\\\/dprees-dim-23.png\",\"contentUrl\":\"https:\\\/\\\/dpress.ma\\\/fr\\\/wp-content\\\/uploads\\\/sites\\\/2\\\/2025\\\/03\\\/dprees-dim-23.png\",\"width\":780,\"height\":470},{\"@type\":\"BreadcrumbList\",\"@id\":\"https:\\\/\\\/dpress.ma\\\/fr\\\/2025\\\/03\\\/08\\\/loci-tient-une-reunion-ministerielle-extraordinaire-avec-la-participation-du-maroc\\\/#breadcrumb\",\"itemListElement\":[{\"@type\":\"ListItem\",\"position\":1,\"name\":\"Home\",\"item\":\"https:\\\/\\\/dpress.ma\\\/fr\\\/\"},{\"@type\":\"ListItem\",\"position\":2,\"name\":\"l\u2019OCI tient une r\u00e9union minist\u00e9rielle extraordinaire avec la participation du Maroc\"}]},{\"@type\":\"WebSite\",\"@id\":\"https:\\\/\\\/dpress.ma\\\/fr\\\/#website\",\"url\":\"https:\\\/\\\/dpress.ma\\\/fr\\\/\",\"name\":\"Dpress.ma\\\/fr\",\"description\":\"\",\"potentialAction\":[{\"@type\":\"SearchAction\",\"target\":{\"@type\":\"EntryPoint\",\"urlTemplate\":\"https:\\\/\\\/dpress.ma\\\/fr\\\/?s={search_term_string}\"},\"query-input\":{\"@type\":\"PropertyValueSpecification\",\"valueRequired\":true,\"valueName\":\"search_term_string\"}}],\"inLanguage\":\"fr-FR\"},{\"@type\":\"Person\",\"@id\":\"https:\\\/\\\/dpress.ma\\\/fr\\\/#\\\/schema\\\/person\\\/4898febf3ccd59e6578d838656a306a0\",\"name\":\"Dpress.ma\",\"image\":{\"@type\":\"ImageObject\",\"inLanguage\":\"fr-FR\",\"@id\":\"https:\\\/\\\/secure.gravatar.com\\\/avatar\\\/72ecc30e9db047a2e0e7176561eb9d564ed77c8108376495b19bd8336405198a?s=96&d=mm&r=g\",\"url\":\"https:\\\/\\\/secure.gravatar.com\\\/avatar\\\/72ecc30e9db047a2e0e7176561eb9d564ed77c8108376495b19bd8336405198a?s=96&d=mm&r=g\",\"contentUrl\":\"https:\\\/\\\/secure.gravatar.com\\\/avatar\\\/72ecc30e9db047a2e0e7176561eb9d564ed77c8108376495b19bd8336405198a?s=96&d=mm&r=g\",\"caption\":\"Dpress.ma\"},\"sameAs\":[\"https:\\\/\\\/www.dpress.ma\"],\"url\":\"https:\\\/\\\/dpress.ma\\\/fr\\\/author\\\/dpress-ma\\\/\"}]}<\/script>\n<!-- \/ Yoast SEO plugin. -->","yoast_head_json":{"title":"l\u2019OCI tient une r\u00e9union minist\u00e9rielle extraordinaire avec la participation du Maroc - Dpress.ma\/fr","robots":{"index":"index","follow":"follow","max-snippet":"max-snippet:-1","max-image-preview":"max-image-preview:large","max-video-preview":"max-video-preview:-1"},"canonical":"https:\/\/dpress.ma\/fr\/2025\/03\/08\/loci-tient-une-reunion-ministerielle-extraordinaire-avec-la-participation-du-maroc\/","og_locale":"fr_FR","og_type":"article","og_title":"l\u2019OCI tient une r\u00e9union minist\u00e9rielle extraordinaire avec la participation du Maroc - Dpress.ma\/fr","og_description":"dpress La r\u00e9union extraordinaire du Conseil des ministres des Affaires \u00e9trang\u00e8res de l\u2019Organisation de la coop\u00e9ration islamique (OCI) a d\u00e9but\u00e9, vendredi \u00e0 Djeddah, avec la participation du Maroc, pour examiner les derniers d\u00e9veloppements de la question palestinienne. La d\u00e9l\u00e9gation marocaine \u00e0 la 20e session extraordinaire du Conseil est men\u00e9e par l\u2019ambassadeur directeur g\u00e9n\u00e9ral des Affaires &hellip;","og_url":"https:\/\/dpress.ma\/fr\/2025\/03\/08\/loci-tient-une-reunion-ministerielle-extraordinaire-avec-la-participation-du-maroc\/","og_site_name":"Dpress.ma\/fr","article_published_time":"2025-03-08T11:25:35+00:00","article_modified_time":"2025-03-08T11:25:36+00:00","og_image":[{"width":780,"height":470,"url":"https:\/\/dpress.ma\/fr\/wp-content\/uploads\/sites\/2\/2025\/03\/dprees-dim-23.png","type":"image\/png"}],"author":"Dpress.ma","twitter_card":"summary_large_image","twitter_misc":{"\u00c9crit par":"Dpress.ma","Dur\u00e9e de lecture estim\u00e9e":"1 minute"},"schema":{"@context":"https:\/\/schema.org","@graph":[{"@type":"Article","@id":"https:\/\/dpress.ma\/fr\/2025\/03\/08\/loci-tient-une-reunion-ministerielle-extraordinaire-avec-la-participation-du-maroc\/#article","isPartOf":{"@id":"https:\/\/dpress.ma\/fr\/2025\/03\/08\/loci-tient-une-reunion-ministerielle-extraordinaire-avec-la-participation-du-maroc\/"},"author":{"name":"Dpress.ma","@id":"https:\/\/dpress.ma\/fr\/#\/schema\/person\/4898febf3ccd59e6578d838656a306a0"},"headline":"l\u2019OCI tient une r\u00e9union minist\u00e9rielle extraordinaire avec la participation du Maroc","datePublished":"2025-03-08T11:25:35+00:00","dateModified":"2025-03-08T11:25:36+00:00","mainEntityOfPage":{"@id":"https:\/\/dpress.ma\/fr\/2025\/03\/08\/loci-tient-une-reunion-ministerielle-extraordinaire-avec-la-participation-du-maroc\/"},"wordCount":179,"commentCount":0,"image":{"@id":"https:\/\/dpress.ma\/fr\/2025\/03\/08\/loci-tient-une-reunion-ministerielle-extraordinaire-avec-la-participation-du-maroc\/#primaryimage"},"thumbnailUrl":"https:\/\/dpress.ma\/fr\/wp-content\/uploads\/sites\/2\/2025\/03\/dprees-dim-23.png","articleSection":["Politiques"],"inLanguage":"fr-FR","potentialAction":[{"@type":"CommentAction","name":"Comment","target":["https:\/\/dpress.ma\/fr\/2025\/03\/08\/loci-tient-une-reunion-ministerielle-extraordinaire-avec-la-participation-du-maroc\/#respond"]}]},{"@type":"WebPage","@id":"https:\/\/dpress.ma\/fr\/2025\/03\/08\/loci-tient-une-reunion-ministerielle-extraordinaire-avec-la-participation-du-maroc\/","url":"https:\/\/dpress.ma\/fr\/2025\/03\/08\/loci-tient-une-reunion-ministerielle-extraordinaire-avec-la-participation-du-maroc\/","name":"l\u2019OCI tient une r\u00e9union minist\u00e9rielle extraordinaire avec la participation du Maroc - Dpress.ma\/fr","isPartOf":{"@id":"https:\/\/dpress.ma\/fr\/#website"},"primaryImageOfPage":{"@id":"https:\/\/dpress.ma\/fr\/2025\/03\/08\/loci-tient-une-reunion-ministerielle-extraordinaire-avec-la-participation-du-maroc\/#primaryimage"},"image":{"@id":"https:\/\/dpress.ma\/fr\/2025\/03\/08\/loci-tient-une-reunion-ministerielle-extraordinaire-avec-la-participation-du-maroc\/#primaryimage"},"thumbnailUrl":"https:\/\/dpress.ma\/fr\/wp-content\/uploads\/sites\/2\/2025\/03\/dprees-dim-23.png","datePublished":"2025-03-08T11:25:35+00:00","dateModified":"2025-03-08T11:25:36+00:00","author":{"@id":"https:\/\/dpress.ma\/fr\/#\/schema\/person\/4898febf3ccd59e6578d838656a306a0"},"breadcrumb":{"@id":"https:\/\/dpress.ma\/fr\/2025\/03\/08\/loci-tient-une-reunion-ministerielle-extraordinaire-avec-la-participation-du-maroc\/#breadcrumb"},"inLanguage":"fr-FR","potentialAction":[{"@type":"ReadAction","target":["https:\/\/dpress.ma\/fr\/2025\/03\/08\/loci-tient-une-reunion-ministerielle-extraordinaire-avec-la-participation-du-maroc\/"]}]},{"@type":"ImageObject","inLanguage":"fr-FR","@id":"https:\/\/dpress.ma\/fr\/2025\/03\/08\/loci-tient-une-reunion-ministerielle-extraordinaire-avec-la-participation-du-maroc\/#primaryimage","url":"https:\/\/dpress.ma\/fr\/wp-content\/uploads\/sites\/2\/2025\/03\/dprees-dim-23.png","contentUrl":"https:\/\/dpress.ma\/fr\/wp-content\/uploads\/sites\/2\/2025\/03\/dprees-dim-23.png","width":780,"height":470},{"@type":"BreadcrumbList","@id":"https:\/\/dpress.ma\/fr\/2025\/03\/08\/loci-tient-une-reunion-ministerielle-extraordinaire-avec-la-participation-du-maroc\/#breadcrumb","itemListElement":[{"@type":"ListItem","position":1,"name":"Home","item":"https:\/\/dpress.ma\/fr\/"},{"@type":"ListItem","position":2,"name":"l\u2019OCI tient une r\u00e9union minist\u00e9rielle extraordinaire avec la participation du Maroc"}]},{"@type":"WebSite","@id":"https:\/\/dpress.ma\/fr\/#website","url":"https:\/\/dpress.ma\/fr\/","name":"Dpress.ma\/fr","description":"","potentialAction":[{"@type":"SearchAction","target":{"@type":"EntryPoint","urlTemplate":"https:\/\/dpress.ma\/fr\/?s={search_term_string}"},"query-input":{"@type":"PropertyValueSpecification","valueRequired":true,"valueName":"search_term_string"}}],"inLanguage":"fr-FR"},{"@type":"Person","@id":"https:\/\/dpress.ma\/fr\/#\/schema\/person\/4898febf3ccd59e6578d838656a306a0","name":"Dpress.ma","image":{"@type":"ImageObject","inLanguage":"fr-FR","@id":"https:\/\/secure.gravatar.com\/avatar\/72ecc30e9db047a2e0e7176561eb9d564ed77c8108376495b19bd8336405198a?s=96&d=mm&r=g","url":"https:\/\/secure.gravatar.com\/avatar\/72ecc30e9db047a2e0e7176561eb9d564ed77c8108376495b19bd8336405198a?s=96&d=mm&r=g","contentUrl":"https:\/\/secure.gravatar.com\/avatar\/72ecc30e9db047a2e0e7176561eb9d564ed77c8108376495b19bd8336405198a?s=96&d=mm&r=g","caption":"Dpress.ma"},"sameAs":["https:\/\/www.dpress.ma"],"url":"https:\/\/dpress.ma\/fr\/author\/dpress-ma\/"}]}},"amp_enabled":true,"_links":{"self":[{"href":"https:\/\/dpress.ma\/fr\/wp-json\/wp\/v2\/posts\/12988","targetHints":{"allow":["GET"]}}],"collection":[{"href":"https:\/\/dpress.ma\/fr\/wp-json\/wp\/v2\/posts"}],"about":[{"href":"https:\/\/dpress.ma\/fr\/wp-json\/wp\/v2\/types\/post"}],"author":[{"embeddable":true,"href":"https:\/\/dpress.ma\/fr\/wp-json\/wp\/v2\/users\/2"}],"replies":[{"embeddable":true,"href":"https:\/\/dpress.ma\/fr\/wp-json\/wp\/v2\/comments?post=12988"}],"version-history":[{"count":1,"href":"https:\/\/dpress.ma\/fr\/wp-json\/wp\/v2\/posts\/12988\/revisions"}],"predecessor-version":[{"id":12990,"href":"https:\/\/dpress.ma\/fr\/wp-json\/wp\/v2\/posts\/12988\/revisions\/12990"}],"wp:featuredmedia":[{"embeddable":true,"href":"https:\/\/dpress.ma\/fr\/wp-json\/wp\/v2\/media\/12989"}],"wp:attachment":[{"href":"https:\/\/dpress.ma\/fr\/wp-json\/wp\/v2\/media?parent=12988"}],"wp:term":[{"taxonomy":"category","embeddable":true,"href":"https:\/\/dpress.ma\/fr\/wp-json\/wp\/v2\/categories?post=12988"},{"taxonomy":"post_tag","embeddable":true,"href":"https:\/\/dpress.ma\/fr\/wp-json\/wp\/v2\/tags?post=12988"}],"curies":[{"name":"wp","href":"https:\/\/api.w.org\/{rel}","templated":true}]}}