{"id":12978,"date":"2025-03-07T22:18:28","date_gmt":"2025-03-07T22:18:28","guid":{"rendered":"https:\/\/dpress.ma\/fr\/?p=12978"},"modified":"2025-03-07T22:18:30","modified_gmt":"2025-03-07T22:18:30","slug":"casablanca-presentation-de-la-2e-edition-des-intrepides-un-recueil-de-recits-incroyables-dheroines-marocaines","status":"publish","type":"post","link":"https:\/\/dpress.ma\/fr\/2025\/03\/07\/casablanca-presentation-de-la-2e-edition-des-intrepides-un-recueil-de-recits-incroyables-dheroines-marocaines\/","title":{"rendered":"Casablanca: Pr\u00e9sentation de la 2\u00e8 \u00e9dition des \u201cIntr\u00e9pides\u201d, un recueil de r\u00e9cits incroyables d\u2019h\u00e9ro\u00efnes marocaines"},"content":{"rendered":"\n<p dir=\"ltr\">Dpress<\/p>\n\n\n\n<p dir=\"ltr\">Une pl\u00e9iades de femmes entrepreneurs, artistes et actrices de la soci\u00e9t\u00e9 civile se sont donn\u00e9es rendez-vous vendredi soir, \u00e0 Casablanca \u00e0 l\u2019occasion de la pr\u00e9sentation de la deuxi\u00e8me \u00e9dition du livre jeunesse bilingue \u201cLes Intr\u00e9pides\u201d.<\/p>\n\n\n\n<p dir=\"ltr\">Initi\u00e9 par l\u2019association de mentoring f\u00e9minin Mentor\u2019Elles et publi\u00e9 aux \u00e9ditions Sochepress \u00e0 l\u2019occasion de la Journ\u00e9e internationale des droits des femmes (08 mars), ce livre destin\u00e9 aux enfants regroupe 15 portraits illustr\u00e9s de femmes marocaines de divers horizons qui se sont particuli\u00e8rement distingu\u00e9es au cours de leurs parcours dans des domaines comme la science, l\u2019entrepreneuriat, les arts ou la soci\u00e9t\u00e9 civile, et susceptibles d\u2019\u00eatre des sources d\u2019inspiration pour les jeunes g\u00e9n\u00e9rations.<\/p>\n\n\n\n<p dir=\"ltr\">Dans une d\u00e9claration \u00e0 la MAP \u00e0 cette occasion, la pr\u00e9sidente de l\u2019association Mentor\u2019Elles, Zineb Baiz, a expliqu\u00e9 que ce livre est un recueil de r\u00e9cits de femmes marocaines qui ont marqu\u00e9 leurs domaines respectifs.<\/p>\n\n\n\n<p dir=\"ltr\">\u201cIl s\u2019agit de femmes connues ou moins connues mais qui sont exceptionnelles de par la grandeur de leurs r\u00eaves, leurs combats et tous les d\u00e9fis qu\u2019elles ont r\u00e9ussi \u00e0 relever pour avoir un impact autour d\u2019elles\u201d, a soulign\u00e9 Mme Baiz.<\/p>\n\n\n\n<p dir=\"ltr\">Ce livre incarne un axe important de l\u2019association, \u00e0 savoir le \u201cRole Modelling\u201d, qui consiste \u00e0 donner acc\u00e8s \u00e0 des mentors marocains issus de plusieurs r\u00e9gions et horizons pour inculquer aux g\u00e9n\u00e9rations montantes qu\u2019avec \u201cle travail, le courage et l\u2019abn\u00e9gation, tout est possible\u201d, a-t-elle poursuivi.<\/p>\n\n\n\n<p dir=\"ltr\">Parmi les femmes dont les parcours brillants ont \u00e9t\u00e9 mis en avant dans ce 2\u00e8me tome des Intr\u00e9pides, on retrouve Laila Berchane, entrepreneur sociale, fondatrice de Robots &amp; More et de l\u2019association LOOP for Science and Technology.<\/p>\n\n\n\n<p dir=\"ltr\">Dans une d\u00e9claration \u00e0 la MAP, Mme Berchane, ing\u00e9nieur de formation, a racont\u00e9 avoir cr\u00e9\u00e9 avec sa s\u0153ur Imane des projets pour accompagner les jeunes et renforcer leur autonomisation afin de mieux les pr\u00e9parer au monde industriel.<\/p>\n\n\n\n<p dir=\"ltr\">\u201cIl s\u2019agit de pr\u00e9parer les jeunes \u00e0 des probl\u00e9matiques d\u2019avenir \u00e0 travers l\u2019organisation de concours de robotique, des ateliers et des partenariats\u201d, a-t-elle fait savoir, se disant fi\u00e8re de figurer aux c\u00f4t\u00e9s de sa s\u0153ur dans cette \u00e9dition des Intr\u00e9pides qui aspire \u00e0 \u201cfaire r\u00eaver les jeunes filles\u201d.<\/p>\n\n\n\n<p dir=\"ltr\">Apr\u00e8s une premi\u00e8re \u00e9dition publi\u00e9e en 2023, le livre \u201cLes Intr\u00e9pides\u201d consacre cette ann\u00e9e la pr\u00e9sidente de l\u2019Amicale Marocaine des Handicap\u00e9s, Amina Laraki Slaoui, l\u2019ambassadrice de l\u2019art culinaire marocain Choumicha Chafay, la chanteuse Oum El Ghait Benessahraoui, la cin\u00e9aste Izza Genini, la scientifique et cheffe d\u2019entreprise Ilham Kadri, la pr\u00e9sidente de l\u2019Association de Lutte Contre le Sida Hakima Himmich, la styliste Fadila El Gadi, la championne des sports mentaux Majda Brabije, l\u2019arbitre internationale Bouchra Kerboubi, l\u2019aventuri\u00e8re Meryem Belkihel, la physicienne Kawtar Hafidi, l\u2019entrepreneuse Rahma El Mouden, l\u2019architecte Aziza Chaouni, la pr\u00e9sidente de coop\u00e9rative Kenza Oulaghda ou encore les stars de la robotique, Laila et Imane Berchane.<\/p>\n\n\n\n<p dir=\"ltr\">Selon ses \u00e9diteurs, Les Intr\u00e9pides ambitionne de devenir une r\u00e9f\u00e9rence incontournable des foyers marocains en offrant, aux enfants et aux jeunes qu\u2019ils soient au Maroc ou ailleurs, au-del\u00e0 des contes traditionnels, des histoires r\u00e9elles d\u2019h\u00e9ro\u00efnes modernes surmontant les barri\u00e8res li\u00e9es au genre et illustrant la contribution positive des femmes marocaines \u00e0 la soci\u00e9t\u00e9.<\/p>\n\n\n\n<p dir=\"ltr\">Par cette initiative, l\u2019association Mentor\u2019Elles, et conform\u00e9ment \u00e0 sa mission de promotion de l\u2019esprit de mentorat et du leadership f\u00e9minin, vise \u00e0 mettre en lumi\u00e8re des mod\u00e8les de r\u00e9ussite f\u00e9minins susceptibles d\u2019inciter les jeunes femmes \u00e0 avoir confiance en elles et \u00e0 \u00e9largir leurs perspectives professionnelles et personnelles afin de contribuer plus activement au d\u00e9veloppement de leur pays. Plus largement, il s\u2019agit d\u2019inspirer les jeunes g\u00e9n\u00e9rations de Marocains et de Marocaines et cr\u00e9er un cercle vertueux d\u2019empowerment interg\u00e9n\u00e9rationnel.<\/p>\n","protected":false},"excerpt":{"rendered":"<p>Dpress Une pl\u00e9iades de femmes entrepreneurs, artistes et actrices de la soci\u00e9t\u00e9 civile se sont donn\u00e9es rendez-vous vendredi soir, \u00e0 Casablanca \u00e0 l\u2019occasion de la pr\u00e9sentation de la deuxi\u00e8me \u00e9dition du livre jeunesse bilingue \u201cLes Intr\u00e9pides\u201d. Initi\u00e9 par l\u2019association de mentoring f\u00e9minin Mentor\u2019Elles et publi\u00e9 aux \u00e9ditions Sochepress \u00e0 l\u2019occasion de la Journ\u00e9e internationale des &hellip;<\/p>\n","protected":false},"author":2,"featured_media":12979,"comment_status":"open","ping_status":"open","sticky":false,"template":"","format":"standard","meta":{"footnotes":""},"categories":[40],"tags":[],"class_list":["post-12978","post","type-post","status-publish","format-standard","has-post-thumbnail","hentry","category-societe-et-regions"],"yoast_head":"<!-- This site is optimized with the Yoast SEO plugin v27.5 - https:\/\/yoast.com\/product\/yoast-seo-wordpress\/ -->\n<title>Casablanca: Pr\u00e9sentation de la 2\u00e8 \u00e9dition des \u201cIntr\u00e9pides\u201d, un recueil de r\u00e9cits incroyables d\u2019h\u00e9ro\u00efnes marocaines - Dpress.ma\/fr<\/title>\n<meta name=\"robots\" content=\"index, follow, max-snippet:-1, max-image-preview:large, max-video-preview:-1\" \/>\n<link rel=\"canonical\" href=\"https:\/\/dpress.ma\/fr\/2025\/03\/07\/casablanca-presentation-de-la-2e-edition-des-intrepides-un-recueil-de-recits-incroyables-dheroines-marocaines\/\" \/>\n<meta property=\"og:locale\" content=\"fr_FR\" \/>\n<meta property=\"og:type\" content=\"article\" \/>\n<meta property=\"og:title\" content=\"Casablanca: Pr\u00e9sentation de la 2\u00e8 \u00e9dition des \u201cIntr\u00e9pides\u201d, un recueil de r\u00e9cits incroyables d\u2019h\u00e9ro\u00efnes marocaines - Dpress.ma\/fr\" \/>\n<meta property=\"og:description\" content=\"Dpress Une pl\u00e9iades de femmes entrepreneurs, artistes et actrices de la soci\u00e9t\u00e9 civile se sont donn\u00e9es rendez-vous vendredi soir, \u00e0 Casablanca \u00e0 l\u2019occasion de la pr\u00e9sentation de la deuxi\u00e8me \u00e9dition du livre jeunesse bilingue \u201cLes Intr\u00e9pides\u201d. Initi\u00e9 par l\u2019association de mentoring f\u00e9minin Mentor\u2019Elles et publi\u00e9 aux \u00e9ditions Sochepress \u00e0 l\u2019occasion de la Journ\u00e9e internationale des &hellip;\" \/>\n<meta property=\"og:url\" content=\"https:\/\/dpress.ma\/fr\/2025\/03\/07\/casablanca-presentation-de-la-2e-edition-des-intrepides-un-recueil-de-recits-incroyables-dheroines-marocaines\/\" \/>\n<meta property=\"og:site_name\" content=\"Dpress.ma\/fr\" \/>\n<meta property=\"article:published_time\" content=\"2025-03-07T22:18:28+00:00\" \/>\n<meta property=\"article:modified_time\" content=\"2025-03-07T22:18:30+00:00\" \/>\n<meta property=\"og:image\" content=\"https:\/\/dpress.ma\/fr\/wp-content\/uploads\/sites\/2\/2025\/03\/la-2e-edition-des-Intrepides.png\" \/>\n\t<meta property=\"og:image:width\" content=\"780\" \/>\n\t<meta property=\"og:image:height\" content=\"470\" \/>\n\t<meta property=\"og:image:type\" content=\"image\/png\" \/>\n<meta name=\"author\" content=\"Dpress.ma\" \/>\n<meta name=\"twitter:card\" content=\"summary_large_image\" \/>\n<meta name=\"twitter:label1\" content=\"\u00c9crit par\" \/>\n\t<meta name=\"twitter:data1\" content=\"Dpress.ma\" \/>\n\t<meta name=\"twitter:label2\" content=\"Dur\u00e9e de lecture estim\u00e9e\" \/>\n\t<meta name=\"twitter:data2\" content=\"4 minutes\" \/>\n<script type=\"application\/ld+json\" class=\"yoast-schema-graph\">{\"@context\":\"https:\\\/\\\/schema.org\",\"@graph\":[{\"@type\":\"Article\",\"@id\":\"https:\\\/\\\/dpress.ma\\\/fr\\\/2025\\\/03\\\/07\\\/casablanca-presentation-de-la-2e-edition-des-intrepides-un-recueil-de-recits-incroyables-dheroines-marocaines\\\/#article\",\"isPartOf\":{\"@id\":\"https:\\\/\\\/dpress.ma\\\/fr\\\/2025\\\/03\\\/07\\\/casablanca-presentation-de-la-2e-edition-des-intrepides-un-recueil-de-recits-incroyables-dheroines-marocaines\\\/\"},\"author\":{\"name\":\"Dpress.ma\",\"@id\":\"https:\\\/\\\/dpress.ma\\\/fr\\\/#\\\/schema\\\/person\\\/4898febf3ccd59e6578d838656a306a0\"},\"headline\":\"Casablanca: Pr\u00e9sentation de la 2\u00e8 \u00e9dition des \u201cIntr\u00e9pides\u201d, un recueil de r\u00e9cits incroyables d\u2019h\u00e9ro\u00efnes marocaines\",\"datePublished\":\"2025-03-07T22:18:28+00:00\",\"dateModified\":\"2025-03-07T22:18:30+00:00\",\"mainEntityOfPage\":{\"@id\":\"https:\\\/\\\/dpress.ma\\\/fr\\\/2025\\\/03\\\/07\\\/casablanca-presentation-de-la-2e-edition-des-intrepides-un-recueil-de-recits-incroyables-dheroines-marocaines\\\/\"},\"wordCount\":694,\"commentCount\":0,\"image\":{\"@id\":\"https:\\\/\\\/dpress.ma\\\/fr\\\/2025\\\/03\\\/07\\\/casablanca-presentation-de-la-2e-edition-des-intrepides-un-recueil-de-recits-incroyables-dheroines-marocaines\\\/#primaryimage\"},\"thumbnailUrl\":\"https:\\\/\\\/dpress.ma\\\/fr\\\/wp-content\\\/uploads\\\/sites\\\/2\\\/2025\\\/03\\\/la-2e-edition-des-Intrepides.png\",\"articleSection\":[\"societe et regions\"],\"inLanguage\":\"fr-FR\",\"potentialAction\":[{\"@type\":\"CommentAction\",\"name\":\"Comment\",\"target\":[\"https:\\\/\\\/dpress.ma\\\/fr\\\/2025\\\/03\\\/07\\\/casablanca-presentation-de-la-2e-edition-des-intrepides-un-recueil-de-recits-incroyables-dheroines-marocaines\\\/#respond\"]}]},{\"@type\":\"WebPage\",\"@id\":\"https:\\\/\\\/dpress.ma\\\/fr\\\/2025\\\/03\\\/07\\\/casablanca-presentation-de-la-2e-edition-des-intrepides-un-recueil-de-recits-incroyables-dheroines-marocaines\\\/\",\"url\":\"https:\\\/\\\/dpress.ma\\\/fr\\\/2025\\\/03\\\/07\\\/casablanca-presentation-de-la-2e-edition-des-intrepides-un-recueil-de-recits-incroyables-dheroines-marocaines\\\/\",\"name\":\"Casablanca: Pr\u00e9sentation de la 2\u00e8 \u00e9dition des \u201cIntr\u00e9pides\u201d, un recueil de r\u00e9cits incroyables d\u2019h\u00e9ro\u00efnes marocaines - Dpress.ma\\\/fr\",\"isPartOf\":{\"@id\":\"https:\\\/\\\/dpress.ma\\\/fr\\\/#website\"},\"primaryImageOfPage\":{\"@id\":\"https:\\\/\\\/dpress.ma\\\/fr\\\/2025\\\/03\\\/07\\\/casablanca-presentation-de-la-2e-edition-des-intrepides-un-recueil-de-recits-incroyables-dheroines-marocaines\\\/#primaryimage\"},\"image\":{\"@id\":\"https:\\\/\\\/dpress.ma\\\/fr\\\/2025\\\/03\\\/07\\\/casablanca-presentation-de-la-2e-edition-des-intrepides-un-recueil-de-recits-incroyables-dheroines-marocaines\\\/#primaryimage\"},\"thumbnailUrl\":\"https:\\\/\\\/dpress.ma\\\/fr\\\/wp-content\\\/uploads\\\/sites\\\/2\\\/2025\\\/03\\\/la-2e-edition-des-Intrepides.png\",\"datePublished\":\"2025-03-07T22:18:28+00:00\",\"dateModified\":\"2025-03-07T22:18:30+00:00\",\"author\":{\"@id\":\"https:\\\/\\\/dpress.ma\\\/fr\\\/#\\\/schema\\\/person\\\/4898febf3ccd59e6578d838656a306a0\"},\"breadcrumb\":{\"@id\":\"https:\\\/\\\/dpress.ma\\\/fr\\\/2025\\\/03\\\/07\\\/casablanca-presentation-de-la-2e-edition-des-intrepides-un-recueil-de-recits-incroyables-dheroines-marocaines\\\/#breadcrumb\"},\"inLanguage\":\"fr-FR\",\"potentialAction\":[{\"@type\":\"ReadAction\",\"target\":[\"https:\\\/\\\/dpress.ma\\\/fr\\\/2025\\\/03\\\/07\\\/casablanca-presentation-de-la-2e-edition-des-intrepides-un-recueil-de-recits-incroyables-dheroines-marocaines\\\/\"]}]},{\"@type\":\"ImageObject\",\"inLanguage\":\"fr-FR\",\"@id\":\"https:\\\/\\\/dpress.ma\\\/fr\\\/2025\\\/03\\\/07\\\/casablanca-presentation-de-la-2e-edition-des-intrepides-un-recueil-de-recits-incroyables-dheroines-marocaines\\\/#primaryimage\",\"url\":\"https:\\\/\\\/dpress.ma\\\/fr\\\/wp-content\\\/uploads\\\/sites\\\/2\\\/2025\\\/03\\\/la-2e-edition-des-Intrepides.png\",\"contentUrl\":\"https:\\\/\\\/dpress.ma\\\/fr\\\/wp-content\\\/uploads\\\/sites\\\/2\\\/2025\\\/03\\\/la-2e-edition-des-Intrepides.png\",\"width\":780,\"height\":470},{\"@type\":\"BreadcrumbList\",\"@id\":\"https:\\\/\\\/dpress.ma\\\/fr\\\/2025\\\/03\\\/07\\\/casablanca-presentation-de-la-2e-edition-des-intrepides-un-recueil-de-recits-incroyables-dheroines-marocaines\\\/#breadcrumb\",\"itemListElement\":[{\"@type\":\"ListItem\",\"position\":1,\"name\":\"Home\",\"item\":\"https:\\\/\\\/dpress.ma\\\/fr\\\/\"},{\"@type\":\"ListItem\",\"position\":2,\"name\":\"Casablanca: Pr\u00e9sentation de la 2\u00e8 \u00e9dition des \u201cIntr\u00e9pides\u201d, un recueil de r\u00e9cits incroyables d\u2019h\u00e9ro\u00efnes marocaines\"}]},{\"@type\":\"WebSite\",\"@id\":\"https:\\\/\\\/dpress.ma\\\/fr\\\/#website\",\"url\":\"https:\\\/\\\/dpress.ma\\\/fr\\\/\",\"name\":\"Dpress.ma\\\/fr\",\"description\":\"\",\"potentialAction\":[{\"@type\":\"SearchAction\",\"target\":{\"@type\":\"EntryPoint\",\"urlTemplate\":\"https:\\\/\\\/dpress.ma\\\/fr\\\/?s={search_term_string}\"},\"query-input\":{\"@type\":\"PropertyValueSpecification\",\"valueRequired\":true,\"valueName\":\"search_term_string\"}}],\"inLanguage\":\"fr-FR\"},{\"@type\":\"Person\",\"@id\":\"https:\\\/\\\/dpress.ma\\\/fr\\\/#\\\/schema\\\/person\\\/4898febf3ccd59e6578d838656a306a0\",\"name\":\"Dpress.ma\",\"image\":{\"@type\":\"ImageObject\",\"inLanguage\":\"fr-FR\",\"@id\":\"https:\\\/\\\/secure.gravatar.com\\\/avatar\\\/72ecc30e9db047a2e0e7176561eb9d564ed77c8108376495b19bd8336405198a?s=96&d=mm&r=g\",\"url\":\"https:\\\/\\\/secure.gravatar.com\\\/avatar\\\/72ecc30e9db047a2e0e7176561eb9d564ed77c8108376495b19bd8336405198a?s=96&d=mm&r=g\",\"contentUrl\":\"https:\\\/\\\/secure.gravatar.com\\\/avatar\\\/72ecc30e9db047a2e0e7176561eb9d564ed77c8108376495b19bd8336405198a?s=96&d=mm&r=g\",\"caption\":\"Dpress.ma\"},\"sameAs\":[\"https:\\\/\\\/www.dpress.ma\"],\"url\":\"https:\\\/\\\/dpress.ma\\\/fr\\\/author\\\/dpress-ma\\\/\"}]}<\/script>\n<!-- \/ Yoast SEO plugin. -->","yoast_head_json":{"title":"Casablanca: Pr\u00e9sentation de la 2\u00e8 \u00e9dition des \u201cIntr\u00e9pides\u201d, un recueil de r\u00e9cits incroyables d\u2019h\u00e9ro\u00efnes marocaines - Dpress.ma\/fr","robots":{"index":"index","follow":"follow","max-snippet":"max-snippet:-1","max-image-preview":"max-image-preview:large","max-video-preview":"max-video-preview:-1"},"canonical":"https:\/\/dpress.ma\/fr\/2025\/03\/07\/casablanca-presentation-de-la-2e-edition-des-intrepides-un-recueil-de-recits-incroyables-dheroines-marocaines\/","og_locale":"fr_FR","og_type":"article","og_title":"Casablanca: Pr\u00e9sentation de la 2\u00e8 \u00e9dition des \u201cIntr\u00e9pides\u201d, un recueil de r\u00e9cits incroyables d\u2019h\u00e9ro\u00efnes marocaines - Dpress.ma\/fr","og_description":"Dpress Une pl\u00e9iades de femmes entrepreneurs, artistes et actrices de la soci\u00e9t\u00e9 civile se sont donn\u00e9es rendez-vous vendredi soir, \u00e0 Casablanca \u00e0 l\u2019occasion de la pr\u00e9sentation de la deuxi\u00e8me \u00e9dition du livre jeunesse bilingue \u201cLes Intr\u00e9pides\u201d. Initi\u00e9 par l\u2019association de mentoring f\u00e9minin Mentor\u2019Elles et publi\u00e9 aux \u00e9ditions Sochepress \u00e0 l\u2019occasion de la Journ\u00e9e internationale des &hellip;","og_url":"https:\/\/dpress.ma\/fr\/2025\/03\/07\/casablanca-presentation-de-la-2e-edition-des-intrepides-un-recueil-de-recits-incroyables-dheroines-marocaines\/","og_site_name":"Dpress.ma\/fr","article_published_time":"2025-03-07T22:18:28+00:00","article_modified_time":"2025-03-07T22:18:30+00:00","og_image":[{"width":780,"height":470,"url":"https:\/\/dpress.ma\/fr\/wp-content\/uploads\/sites\/2\/2025\/03\/la-2e-edition-des-Intrepides.png","type":"image\/png"}],"author":"Dpress.ma","twitter_card":"summary_large_image","twitter_misc":{"\u00c9crit par":"Dpress.ma","Dur\u00e9e de lecture estim\u00e9e":"4 minutes"},"schema":{"@context":"https:\/\/schema.org","@graph":[{"@type":"Article","@id":"https:\/\/dpress.ma\/fr\/2025\/03\/07\/casablanca-presentation-de-la-2e-edition-des-intrepides-un-recueil-de-recits-incroyables-dheroines-marocaines\/#article","isPartOf":{"@id":"https:\/\/dpress.ma\/fr\/2025\/03\/07\/casablanca-presentation-de-la-2e-edition-des-intrepides-un-recueil-de-recits-incroyables-dheroines-marocaines\/"},"author":{"name":"Dpress.ma","@id":"https:\/\/dpress.ma\/fr\/#\/schema\/person\/4898febf3ccd59e6578d838656a306a0"},"headline":"Casablanca: Pr\u00e9sentation de la 2\u00e8 \u00e9dition des \u201cIntr\u00e9pides\u201d, un recueil de r\u00e9cits incroyables d\u2019h\u00e9ro\u00efnes marocaines","datePublished":"2025-03-07T22:18:28+00:00","dateModified":"2025-03-07T22:18:30+00:00","mainEntityOfPage":{"@id":"https:\/\/dpress.ma\/fr\/2025\/03\/07\/casablanca-presentation-de-la-2e-edition-des-intrepides-un-recueil-de-recits-incroyables-dheroines-marocaines\/"},"wordCount":694,"commentCount":0,"image":{"@id":"https:\/\/dpress.ma\/fr\/2025\/03\/07\/casablanca-presentation-de-la-2e-edition-des-intrepides-un-recueil-de-recits-incroyables-dheroines-marocaines\/#primaryimage"},"thumbnailUrl":"https:\/\/dpress.ma\/fr\/wp-content\/uploads\/sites\/2\/2025\/03\/la-2e-edition-des-Intrepides.png","articleSection":["societe et regions"],"inLanguage":"fr-FR","potentialAction":[{"@type":"CommentAction","name":"Comment","target":["https:\/\/dpress.ma\/fr\/2025\/03\/07\/casablanca-presentation-de-la-2e-edition-des-intrepides-un-recueil-de-recits-incroyables-dheroines-marocaines\/#respond"]}]},{"@type":"WebPage","@id":"https:\/\/dpress.ma\/fr\/2025\/03\/07\/casablanca-presentation-de-la-2e-edition-des-intrepides-un-recueil-de-recits-incroyables-dheroines-marocaines\/","url":"https:\/\/dpress.ma\/fr\/2025\/03\/07\/casablanca-presentation-de-la-2e-edition-des-intrepides-un-recueil-de-recits-incroyables-dheroines-marocaines\/","name":"Casablanca: Pr\u00e9sentation de la 2\u00e8 \u00e9dition des \u201cIntr\u00e9pides\u201d, un recueil de r\u00e9cits incroyables d\u2019h\u00e9ro\u00efnes marocaines - Dpress.ma\/fr","isPartOf":{"@id":"https:\/\/dpress.ma\/fr\/#website"},"primaryImageOfPage":{"@id":"https:\/\/dpress.ma\/fr\/2025\/03\/07\/casablanca-presentation-de-la-2e-edition-des-intrepides-un-recueil-de-recits-incroyables-dheroines-marocaines\/#primaryimage"},"image":{"@id":"https:\/\/dpress.ma\/fr\/2025\/03\/07\/casablanca-presentation-de-la-2e-edition-des-intrepides-un-recueil-de-recits-incroyables-dheroines-marocaines\/#primaryimage"},"thumbnailUrl":"https:\/\/dpress.ma\/fr\/wp-content\/uploads\/sites\/2\/2025\/03\/la-2e-edition-des-Intrepides.png","datePublished":"2025-03-07T22:18:28+00:00","dateModified":"2025-03-07T22:18:30+00:00","author":{"@id":"https:\/\/dpress.ma\/fr\/#\/schema\/person\/4898febf3ccd59e6578d838656a306a0"},"breadcrumb":{"@id":"https:\/\/dpress.ma\/fr\/2025\/03\/07\/casablanca-presentation-de-la-2e-edition-des-intrepides-un-recueil-de-recits-incroyables-dheroines-marocaines\/#breadcrumb"},"inLanguage":"fr-FR","potentialAction":[{"@type":"ReadAction","target":["https:\/\/dpress.ma\/fr\/2025\/03\/07\/casablanca-presentation-de-la-2e-edition-des-intrepides-un-recueil-de-recits-incroyables-dheroines-marocaines\/"]}]},{"@type":"ImageObject","inLanguage":"fr-FR","@id":"https:\/\/dpress.ma\/fr\/2025\/03\/07\/casablanca-presentation-de-la-2e-edition-des-intrepides-un-recueil-de-recits-incroyables-dheroines-marocaines\/#primaryimage","url":"https:\/\/dpress.ma\/fr\/wp-content\/uploads\/sites\/2\/2025\/03\/la-2e-edition-des-Intrepides.png","contentUrl":"https:\/\/dpress.ma\/fr\/wp-content\/uploads\/sites\/2\/2025\/03\/la-2e-edition-des-Intrepides.png","width":780,"height":470},{"@type":"BreadcrumbList","@id":"https:\/\/dpress.ma\/fr\/2025\/03\/07\/casablanca-presentation-de-la-2e-edition-des-intrepides-un-recueil-de-recits-incroyables-dheroines-marocaines\/#breadcrumb","itemListElement":[{"@type":"ListItem","position":1,"name":"Home","item":"https:\/\/dpress.ma\/fr\/"},{"@type":"ListItem","position":2,"name":"Casablanca: Pr\u00e9sentation de la 2\u00e8 \u00e9dition des \u201cIntr\u00e9pides\u201d, un recueil de r\u00e9cits incroyables d\u2019h\u00e9ro\u00efnes marocaines"}]},{"@type":"WebSite","@id":"https:\/\/dpress.ma\/fr\/#website","url":"https:\/\/dpress.ma\/fr\/","name":"Dpress.ma\/fr","description":"","potentialAction":[{"@type":"SearchAction","target":{"@type":"EntryPoint","urlTemplate":"https:\/\/dpress.ma\/fr\/?s={search_term_string}"},"query-input":{"@type":"PropertyValueSpecification","valueRequired":true,"valueName":"search_term_string"}}],"inLanguage":"fr-FR"},{"@type":"Person","@id":"https:\/\/dpress.ma\/fr\/#\/schema\/person\/4898febf3ccd59e6578d838656a306a0","name":"Dpress.ma","image":{"@type":"ImageObject","inLanguage":"fr-FR","@id":"https:\/\/secure.gravatar.com\/avatar\/72ecc30e9db047a2e0e7176561eb9d564ed77c8108376495b19bd8336405198a?s=96&d=mm&r=g","url":"https:\/\/secure.gravatar.com\/avatar\/72ecc30e9db047a2e0e7176561eb9d564ed77c8108376495b19bd8336405198a?s=96&d=mm&r=g","contentUrl":"https:\/\/secure.gravatar.com\/avatar\/72ecc30e9db047a2e0e7176561eb9d564ed77c8108376495b19bd8336405198a?s=96&d=mm&r=g","caption":"Dpress.ma"},"sameAs":["https:\/\/www.dpress.ma"],"url":"https:\/\/dpress.ma\/fr\/author\/dpress-ma\/"}]}},"amp_enabled":true,"_links":{"self":[{"href":"https:\/\/dpress.ma\/fr\/wp-json\/wp\/v2\/posts\/12978","targetHints":{"allow":["GET"]}}],"collection":[{"href":"https:\/\/dpress.ma\/fr\/wp-json\/wp\/v2\/posts"}],"about":[{"href":"https:\/\/dpress.ma\/fr\/wp-json\/wp\/v2\/types\/post"}],"author":[{"embeddable":true,"href":"https:\/\/dpress.ma\/fr\/wp-json\/wp\/v2\/users\/2"}],"replies":[{"embeddable":true,"href":"https:\/\/dpress.ma\/fr\/wp-json\/wp\/v2\/comments?post=12978"}],"version-history":[{"count":1,"href":"https:\/\/dpress.ma\/fr\/wp-json\/wp\/v2\/posts\/12978\/revisions"}],"predecessor-version":[{"id":12980,"href":"https:\/\/dpress.ma\/fr\/wp-json\/wp\/v2\/posts\/12978\/revisions\/12980"}],"wp:featuredmedia":[{"embeddable":true,"href":"https:\/\/dpress.ma\/fr\/wp-json\/wp\/v2\/media\/12979"}],"wp:attachment":[{"href":"https:\/\/dpress.ma\/fr\/wp-json\/wp\/v2\/media?parent=12978"}],"wp:term":[{"taxonomy":"category","embeddable":true,"href":"https:\/\/dpress.ma\/fr\/wp-json\/wp\/v2\/categories?post=12978"},{"taxonomy":"post_tag","embeddable":true,"href":"https:\/\/dpress.ma\/fr\/wp-json\/wp\/v2\/tags?post=12978"}],"curies":[{"name":"wp","href":"https:\/\/api.w.org\/{rel}","templated":true}]}}