{"id":12975,"date":"2025-03-07T22:13:39","date_gmt":"2025-03-07T22:13:39","guid":{"rendered":"https:\/\/dpress.ma\/fr\/?p=12975"},"modified":"2025-03-07T22:13:40","modified_gmt":"2025-03-07T22:13:40","slug":"key-the-energy-transition-expo-le-maroc-contribue-activement-au-developpement-de-lhydrogene-vert","status":"publish","type":"post","link":"https:\/\/dpress.ma\/fr\/2025\/03\/07\/key-the-energy-transition-expo-le-maroc-contribue-activement-au-developpement-de-lhydrogene-vert\/","title":{"rendered":"KEY-The Energy Transition Expo: Le Maroc contribue activement au d\u00e9veloppement de l\u2019hydrog\u00e8ne vert"},"content":{"rendered":"\n<p dir=\"ltr\">Dpress<\/p>\n\n\n\n<p dir=\"ltr\">Le Maroc contribue activement au d\u00e9veloppement de l\u2019hydrog\u00e8ne vert \u00e0 travers une s\u00e9rie de projets pilotes de production de cette \u00e9nergie propre, pr\u00e9sent\u00e9s dans le cadre du Salon \u201cKEY-The Energy Transition Expo 2025\u201d, initi\u00e9 par Italian Exhibition Group (IEG), du 5 au 7 mars courant \u00e0 Rimini, en Italie.<\/p>\n\n\n\n<p dir=\"ltr\">Le Royaume, qui dispose d\u2019\u00e9normes ressources solaires et \u00e9oliennes, ambitionne de s\u2019imposer comme un hub strat\u00e9gique pour l\u2019hydrog\u00e8ne vert en Afrique afin de r\u00e9pondre \u00e0 la demande attendue sur le march\u00e9 europ\u00e9en, tout en faisant de cette ressource \u00e9nerg\u00e9tique propre une solution technologique pour d\u00e9carboniser l\u2019industrie nationale.<\/p>\n\n\n\n<p dir=\"ltr\">Prenant part \u00e0 ce Salon de r\u00e9f\u00e9rence de la transition et de l\u2019efficacit\u00e9 \u00e9nerg\u00e9tiques, qui s\u2019est cl\u00f4tur\u00e9 vendredi avec des \u201cr\u00e9sultats record\u201d, Mouhcine Benmeziane de l\u2019Institut de Recherche en \u00e9nergie solaire et \u00e9nergies nouvelles (IRESEN) a anim\u00e9, jeudi, une table-ronde sur le th\u00e8me: \u201cAcc\u00e9l\u00e9rer l\u2019\u00e9lectrification durable: cl\u00e9 d\u2019un d\u00e9veloppement \u00e9conomique et social en Afrique\u201d, organis\u00e9e \u00e0 l\u2019initiative de la Fondation RES4Africa.<\/p>\n\n\n\n<p dir=\"ltr\">Lors de cette rencontre, marqu\u00e9e par la participation de responsables et experts africains et europ\u00e9ens, M. Benmeziane a fait savoir que l\u2019IRESEN s\u2019att\u00e8le sur des projets pilotes de production de l\u2019hydrog\u00e8ne vert aux fins de transformer l\u2019hydrog\u00e8ne en carburants propres pour l\u2019industrie et le transport.<\/p>\n\n\n\n<p dir=\"ltr\">L\u2019Institut marocain \u0153uvre inlassablement \u00e0 mettre en place des partenariats strat\u00e9giques avec l\u2019Europe et des pays africains, l\u2019objectif \u00e9tant de d\u00e9velopper une fili\u00e8re hydrog\u00e8ne comp\u00e9titive, a-t-il soulign\u00e9.<\/p>\n\n\n\n<p dir=\"ltr\">Ces initiatives permettront la mise en place d\u2019une nouvelle industrie \u00e9nerg\u00e9tique et la cr\u00e9ation d\u2019emplois, tout en r\u00e9duisant la d\u00e9pendance aux \u00e9nergies fossiles et offrant \u00e0 l\u2019Afrique l\u2019opportunit\u00e9 de devenir un exportateur majeur d\u2019hydrog\u00e8ne vert, a expliqu\u00e9 l\u2019expert marocain, ajoutant que l\u2019objectif est d\u2019investir dans des solutions de stockage \u00e0 long terme.<\/p>\n\n\n\n<p dir=\"ltr\">Pierre angulaire de la transition \u00e9nerg\u00e9tique en Afrique, le stockage d\u2019\u00e9nergie constitue un moteur de transformation sociale et \u00e9conomique, a-t-il dit. D\u2019o\u00f9 le r\u00f4le du \u201cGreen Energy Park\u201d, le centre de recherche unique en Afrique, que le Maroc a mis en place au service des scientifiques, industriels, \u00e9tudiants et professionnels pour notamment exp\u00e9rimenter de nouvelles batteries et solutions de stockage, tester et optimiser des applications concr\u00e8tes et se former aux technologies de l\u2019\u00e9nergie renouvelable et du stockage.<\/p>\n\n\n\n<p dir=\"ltr\">Sur ce point, les intervenants africains, lors de cette table-ronde, qui fait partie des nombreux \u00e9v\u00e9nements, conf\u00e9rences et ateliers, organis\u00e9s dans le cadre du Salon \u201cKEY-The Energy Transition Expo\u201d, ont \u00e9t\u00e9 unanimes \u00e0 souligner l\u2019importance du stockage de l\u2019hydrog\u00e8ne, un enjeu majeur pour le d\u00e9veloppement de la fili\u00e8re, appelant \u00e0 une collaboration entre chercheurs, entreprises et d\u00e9cideurs publics dans ce domaine.<\/p>\n\n\n\n<p dir=\"ltr\">L\u2019Afrique qui est \u00e0 un tournant d\u00e9cisif de son d\u00e9veloppement \u00e9nerg\u00e9tique et qui rec\u00e8le de grandes ressources solaires, a besoin de r\u00e9gler tout d\u2019abord les difficult\u00e9s li\u00e9es aux stockage et au transport de l\u2019hydrog\u00e8ne vert, ont-ils fait remarquer.<\/p>\n\n\n\n<p dir=\"ltr\">La question du d\u00e9veloppement technologique et de la digitalisation a \u00e9t\u00e9 fortement soulign\u00e9e par leurs pairs europ\u00e9ens.<\/p>\n\n\n\n<p dir=\"ltr\">Plus de 1.000 exposants et d\u00e9l\u00e9gations internationales, venus d\u2019une cinquantaine de pays, repr\u00e9sentant notamment l\u2019Afrique, le Moyen-Orient, les Balkans et l\u2019Europe de l\u2019Est ont pris part \u00e0 l\u2019\u00e9dition 2025 du Salon \u201cKey-The Energy Transition Expo\u201d, qui a enregistr\u00e9 une fr\u00e9quentation en hausse de plus 20% par rapport \u00e0 , dont +40% vient de l\u2019\u00e9tranger.<\/p>\n","protected":false},"excerpt":{"rendered":"<p>Dpress Le Maroc contribue activement au d\u00e9veloppement de l\u2019hydrog\u00e8ne vert \u00e0 travers une s\u00e9rie de projets pilotes de production de cette \u00e9nergie propre, pr\u00e9sent\u00e9s dans le cadre du Salon \u201cKEY-The Energy Transition Expo 2025\u201d, initi\u00e9 par Italian Exhibition Group (IEG), du 5 au 7 mars courant \u00e0 Rimini, en Italie. Le Royaume, qui dispose d\u2019\u00e9normes &hellip;<\/p>\n","protected":false},"author":2,"featured_media":12976,"comment_status":"open","ping_status":"open","sticky":false,"template":"","format":"standard","meta":{"footnotes":""},"categories":[25],"tags":[],"class_list":["post-12975","post","type-post","status-publish","format-standard","has-post-thumbnail","hentry","category-economie"],"yoast_head":"<!-- This site is optimized with the Yoast SEO plugin v27.5 - https:\/\/yoast.com\/product\/yoast-seo-wordpress\/ -->\n<title>KEY-The Energy Transition Expo: Le Maroc contribue activement au d\u00e9veloppement de l\u2019hydrog\u00e8ne vert - Dpress.ma\/fr<\/title>\n<meta name=\"robots\" content=\"index, follow, max-snippet:-1, max-image-preview:large, max-video-preview:-1\" \/>\n<link rel=\"canonical\" href=\"https:\/\/dpress.ma\/fr\/2025\/03\/07\/key-the-energy-transition-expo-le-maroc-contribue-activement-au-developpement-de-lhydrogene-vert\/\" \/>\n<meta property=\"og:locale\" content=\"fr_FR\" \/>\n<meta property=\"og:type\" content=\"article\" \/>\n<meta property=\"og:title\" content=\"KEY-The Energy Transition Expo: Le Maroc contribue activement au d\u00e9veloppement de l\u2019hydrog\u00e8ne vert - Dpress.ma\/fr\" \/>\n<meta property=\"og:description\" content=\"Dpress Le Maroc contribue activement au d\u00e9veloppement de l\u2019hydrog\u00e8ne vert \u00e0 travers une s\u00e9rie de projets pilotes de production de cette \u00e9nergie propre, pr\u00e9sent\u00e9s dans le cadre du Salon \u201cKEY-The Energy Transition Expo 2025\u201d, initi\u00e9 par Italian Exhibition Group (IEG), du 5 au 7 mars courant \u00e0 Rimini, en Italie. Le Royaume, qui dispose d\u2019\u00e9normes &hellip;\" \/>\n<meta property=\"og:url\" content=\"https:\/\/dpress.ma\/fr\/2025\/03\/07\/key-the-energy-transition-expo-le-maroc-contribue-activement-au-developpement-de-lhydrogene-vert\/\" \/>\n<meta property=\"og:site_name\" content=\"Dpress.ma\/fr\" \/>\n<meta property=\"article:published_time\" content=\"2025-03-07T22:13:39+00:00\" \/>\n<meta property=\"article:modified_time\" content=\"2025-03-07T22:13:40+00:00\" \/>\n<meta property=\"og:image\" content=\"https:\/\/dpress.ma\/fr\/wp-content\/uploads\/sites\/2\/2025\/03\/hydrogene-vert.png\" \/>\n\t<meta property=\"og:image:width\" content=\"780\" \/>\n\t<meta property=\"og:image:height\" content=\"470\" \/>\n\t<meta property=\"og:image:type\" content=\"image\/png\" \/>\n<meta name=\"author\" content=\"Dpress.ma\" \/>\n<meta name=\"twitter:card\" content=\"summary_large_image\" \/>\n<meta name=\"twitter:label1\" content=\"\u00c9crit par\" \/>\n\t<meta name=\"twitter:data1\" content=\"Dpress.ma\" \/>\n\t<meta name=\"twitter:label2\" content=\"Dur\u00e9e de lecture estim\u00e9e\" \/>\n\t<meta name=\"twitter:data2\" content=\"3 minutes\" \/>\n<script type=\"application\/ld+json\" class=\"yoast-schema-graph\">{\"@context\":\"https:\\\/\\\/schema.org\",\"@graph\":[{\"@type\":\"Article\",\"@id\":\"https:\\\/\\\/dpress.ma\\\/fr\\\/2025\\\/03\\\/07\\\/key-the-energy-transition-expo-le-maroc-contribue-activement-au-developpement-de-lhydrogene-vert\\\/#article\",\"isPartOf\":{\"@id\":\"https:\\\/\\\/dpress.ma\\\/fr\\\/2025\\\/03\\\/07\\\/key-the-energy-transition-expo-le-maroc-contribue-activement-au-developpement-de-lhydrogene-vert\\\/\"},\"author\":{\"name\":\"Dpress.ma\",\"@id\":\"https:\\\/\\\/dpress.ma\\\/fr\\\/#\\\/schema\\\/person\\\/4898febf3ccd59e6578d838656a306a0\"},\"headline\":\"KEY-The Energy Transition Expo: Le Maroc contribue activement au d\u00e9veloppement de l\u2019hydrog\u00e8ne vert\",\"datePublished\":\"2025-03-07T22:13:39+00:00\",\"dateModified\":\"2025-03-07T22:13:40+00:00\",\"mainEntityOfPage\":{\"@id\":\"https:\\\/\\\/dpress.ma\\\/fr\\\/2025\\\/03\\\/07\\\/key-the-energy-transition-expo-le-maroc-contribue-activement-au-developpement-de-lhydrogene-vert\\\/\"},\"wordCount\":628,\"commentCount\":0,\"image\":{\"@id\":\"https:\\\/\\\/dpress.ma\\\/fr\\\/2025\\\/03\\\/07\\\/key-the-energy-transition-expo-le-maroc-contribue-activement-au-developpement-de-lhydrogene-vert\\\/#primaryimage\"},\"thumbnailUrl\":\"https:\\\/\\\/dpress.ma\\\/fr\\\/wp-content\\\/uploads\\\/sites\\\/2\\\/2025\\\/03\\\/hydrogene-vert.png\",\"articleSection\":[\"\u00c9conomie\"],\"inLanguage\":\"fr-FR\",\"potentialAction\":[{\"@type\":\"CommentAction\",\"name\":\"Comment\",\"target\":[\"https:\\\/\\\/dpress.ma\\\/fr\\\/2025\\\/03\\\/07\\\/key-the-energy-transition-expo-le-maroc-contribue-activement-au-developpement-de-lhydrogene-vert\\\/#respond\"]}]},{\"@type\":\"WebPage\",\"@id\":\"https:\\\/\\\/dpress.ma\\\/fr\\\/2025\\\/03\\\/07\\\/key-the-energy-transition-expo-le-maroc-contribue-activement-au-developpement-de-lhydrogene-vert\\\/\",\"url\":\"https:\\\/\\\/dpress.ma\\\/fr\\\/2025\\\/03\\\/07\\\/key-the-energy-transition-expo-le-maroc-contribue-activement-au-developpement-de-lhydrogene-vert\\\/\",\"name\":\"KEY-The Energy Transition Expo: Le Maroc contribue activement au d\u00e9veloppement de l\u2019hydrog\u00e8ne vert - Dpress.ma\\\/fr\",\"isPartOf\":{\"@id\":\"https:\\\/\\\/dpress.ma\\\/fr\\\/#website\"},\"primaryImageOfPage\":{\"@id\":\"https:\\\/\\\/dpress.ma\\\/fr\\\/2025\\\/03\\\/07\\\/key-the-energy-transition-expo-le-maroc-contribue-activement-au-developpement-de-lhydrogene-vert\\\/#primaryimage\"},\"image\":{\"@id\":\"https:\\\/\\\/dpress.ma\\\/fr\\\/2025\\\/03\\\/07\\\/key-the-energy-transition-expo-le-maroc-contribue-activement-au-developpement-de-lhydrogene-vert\\\/#primaryimage\"},\"thumbnailUrl\":\"https:\\\/\\\/dpress.ma\\\/fr\\\/wp-content\\\/uploads\\\/sites\\\/2\\\/2025\\\/03\\\/hydrogene-vert.png\",\"datePublished\":\"2025-03-07T22:13:39+00:00\",\"dateModified\":\"2025-03-07T22:13:40+00:00\",\"author\":{\"@id\":\"https:\\\/\\\/dpress.ma\\\/fr\\\/#\\\/schema\\\/person\\\/4898febf3ccd59e6578d838656a306a0\"},\"breadcrumb\":{\"@id\":\"https:\\\/\\\/dpress.ma\\\/fr\\\/2025\\\/03\\\/07\\\/key-the-energy-transition-expo-le-maroc-contribue-activement-au-developpement-de-lhydrogene-vert\\\/#breadcrumb\"},\"inLanguage\":\"fr-FR\",\"potentialAction\":[{\"@type\":\"ReadAction\",\"target\":[\"https:\\\/\\\/dpress.ma\\\/fr\\\/2025\\\/03\\\/07\\\/key-the-energy-transition-expo-le-maroc-contribue-activement-au-developpement-de-lhydrogene-vert\\\/\"]}]},{\"@type\":\"ImageObject\",\"inLanguage\":\"fr-FR\",\"@id\":\"https:\\\/\\\/dpress.ma\\\/fr\\\/2025\\\/03\\\/07\\\/key-the-energy-transition-expo-le-maroc-contribue-activement-au-developpement-de-lhydrogene-vert\\\/#primaryimage\",\"url\":\"https:\\\/\\\/dpress.ma\\\/fr\\\/wp-content\\\/uploads\\\/sites\\\/2\\\/2025\\\/03\\\/hydrogene-vert.png\",\"contentUrl\":\"https:\\\/\\\/dpress.ma\\\/fr\\\/wp-content\\\/uploads\\\/sites\\\/2\\\/2025\\\/03\\\/hydrogene-vert.png\",\"width\":780,\"height\":470},{\"@type\":\"BreadcrumbList\",\"@id\":\"https:\\\/\\\/dpress.ma\\\/fr\\\/2025\\\/03\\\/07\\\/key-the-energy-transition-expo-le-maroc-contribue-activement-au-developpement-de-lhydrogene-vert\\\/#breadcrumb\",\"itemListElement\":[{\"@type\":\"ListItem\",\"position\":1,\"name\":\"Home\",\"item\":\"https:\\\/\\\/dpress.ma\\\/fr\\\/\"},{\"@type\":\"ListItem\",\"position\":2,\"name\":\"KEY-The Energy Transition Expo: Le Maroc contribue activement au d\u00e9veloppement de l\u2019hydrog\u00e8ne vert\"}]},{\"@type\":\"WebSite\",\"@id\":\"https:\\\/\\\/dpress.ma\\\/fr\\\/#website\",\"url\":\"https:\\\/\\\/dpress.ma\\\/fr\\\/\",\"name\":\"Dpress.ma\\\/fr\",\"description\":\"\",\"potentialAction\":[{\"@type\":\"SearchAction\",\"target\":{\"@type\":\"EntryPoint\",\"urlTemplate\":\"https:\\\/\\\/dpress.ma\\\/fr\\\/?s={search_term_string}\"},\"query-input\":{\"@type\":\"PropertyValueSpecification\",\"valueRequired\":true,\"valueName\":\"search_term_string\"}}],\"inLanguage\":\"fr-FR\"},{\"@type\":\"Person\",\"@id\":\"https:\\\/\\\/dpress.ma\\\/fr\\\/#\\\/schema\\\/person\\\/4898febf3ccd59e6578d838656a306a0\",\"name\":\"Dpress.ma\",\"image\":{\"@type\":\"ImageObject\",\"inLanguage\":\"fr-FR\",\"@id\":\"https:\\\/\\\/secure.gravatar.com\\\/avatar\\\/72ecc30e9db047a2e0e7176561eb9d564ed77c8108376495b19bd8336405198a?s=96&d=mm&r=g\",\"url\":\"https:\\\/\\\/secure.gravatar.com\\\/avatar\\\/72ecc30e9db047a2e0e7176561eb9d564ed77c8108376495b19bd8336405198a?s=96&d=mm&r=g\",\"contentUrl\":\"https:\\\/\\\/secure.gravatar.com\\\/avatar\\\/72ecc30e9db047a2e0e7176561eb9d564ed77c8108376495b19bd8336405198a?s=96&d=mm&r=g\",\"caption\":\"Dpress.ma\"},\"sameAs\":[\"https:\\\/\\\/www.dpress.ma\"],\"url\":\"https:\\\/\\\/dpress.ma\\\/fr\\\/author\\\/dpress-ma\\\/\"}]}<\/script>\n<!-- \/ Yoast SEO plugin. -->","yoast_head_json":{"title":"KEY-The Energy Transition Expo: Le Maroc contribue activement au d\u00e9veloppement de l\u2019hydrog\u00e8ne vert - Dpress.ma\/fr","robots":{"index":"index","follow":"follow","max-snippet":"max-snippet:-1","max-image-preview":"max-image-preview:large","max-video-preview":"max-video-preview:-1"},"canonical":"https:\/\/dpress.ma\/fr\/2025\/03\/07\/key-the-energy-transition-expo-le-maroc-contribue-activement-au-developpement-de-lhydrogene-vert\/","og_locale":"fr_FR","og_type":"article","og_title":"KEY-The Energy Transition Expo: Le Maroc contribue activement au d\u00e9veloppement de l\u2019hydrog\u00e8ne vert - Dpress.ma\/fr","og_description":"Dpress Le Maroc contribue activement au d\u00e9veloppement de l\u2019hydrog\u00e8ne vert \u00e0 travers une s\u00e9rie de projets pilotes de production de cette \u00e9nergie propre, pr\u00e9sent\u00e9s dans le cadre du Salon \u201cKEY-The Energy Transition Expo 2025\u201d, initi\u00e9 par Italian Exhibition Group (IEG), du 5 au 7 mars courant \u00e0 Rimini, en Italie. Le Royaume, qui dispose d\u2019\u00e9normes &hellip;","og_url":"https:\/\/dpress.ma\/fr\/2025\/03\/07\/key-the-energy-transition-expo-le-maroc-contribue-activement-au-developpement-de-lhydrogene-vert\/","og_site_name":"Dpress.ma\/fr","article_published_time":"2025-03-07T22:13:39+00:00","article_modified_time":"2025-03-07T22:13:40+00:00","og_image":[{"width":780,"height":470,"url":"https:\/\/dpress.ma\/fr\/wp-content\/uploads\/sites\/2\/2025\/03\/hydrogene-vert.png","type":"image\/png"}],"author":"Dpress.ma","twitter_card":"summary_large_image","twitter_misc":{"\u00c9crit par":"Dpress.ma","Dur\u00e9e de lecture estim\u00e9e":"3 minutes"},"schema":{"@context":"https:\/\/schema.org","@graph":[{"@type":"Article","@id":"https:\/\/dpress.ma\/fr\/2025\/03\/07\/key-the-energy-transition-expo-le-maroc-contribue-activement-au-developpement-de-lhydrogene-vert\/#article","isPartOf":{"@id":"https:\/\/dpress.ma\/fr\/2025\/03\/07\/key-the-energy-transition-expo-le-maroc-contribue-activement-au-developpement-de-lhydrogene-vert\/"},"author":{"name":"Dpress.ma","@id":"https:\/\/dpress.ma\/fr\/#\/schema\/person\/4898febf3ccd59e6578d838656a306a0"},"headline":"KEY-The Energy Transition Expo: Le Maroc contribue activement au d\u00e9veloppement de l\u2019hydrog\u00e8ne vert","datePublished":"2025-03-07T22:13:39+00:00","dateModified":"2025-03-07T22:13:40+00:00","mainEntityOfPage":{"@id":"https:\/\/dpress.ma\/fr\/2025\/03\/07\/key-the-energy-transition-expo-le-maroc-contribue-activement-au-developpement-de-lhydrogene-vert\/"},"wordCount":628,"commentCount":0,"image":{"@id":"https:\/\/dpress.ma\/fr\/2025\/03\/07\/key-the-energy-transition-expo-le-maroc-contribue-activement-au-developpement-de-lhydrogene-vert\/#primaryimage"},"thumbnailUrl":"https:\/\/dpress.ma\/fr\/wp-content\/uploads\/sites\/2\/2025\/03\/hydrogene-vert.png","articleSection":["\u00c9conomie"],"inLanguage":"fr-FR","potentialAction":[{"@type":"CommentAction","name":"Comment","target":["https:\/\/dpress.ma\/fr\/2025\/03\/07\/key-the-energy-transition-expo-le-maroc-contribue-activement-au-developpement-de-lhydrogene-vert\/#respond"]}]},{"@type":"WebPage","@id":"https:\/\/dpress.ma\/fr\/2025\/03\/07\/key-the-energy-transition-expo-le-maroc-contribue-activement-au-developpement-de-lhydrogene-vert\/","url":"https:\/\/dpress.ma\/fr\/2025\/03\/07\/key-the-energy-transition-expo-le-maroc-contribue-activement-au-developpement-de-lhydrogene-vert\/","name":"KEY-The Energy Transition Expo: Le Maroc contribue activement au d\u00e9veloppement de l\u2019hydrog\u00e8ne vert - Dpress.ma\/fr","isPartOf":{"@id":"https:\/\/dpress.ma\/fr\/#website"},"primaryImageOfPage":{"@id":"https:\/\/dpress.ma\/fr\/2025\/03\/07\/key-the-energy-transition-expo-le-maroc-contribue-activement-au-developpement-de-lhydrogene-vert\/#primaryimage"},"image":{"@id":"https:\/\/dpress.ma\/fr\/2025\/03\/07\/key-the-energy-transition-expo-le-maroc-contribue-activement-au-developpement-de-lhydrogene-vert\/#primaryimage"},"thumbnailUrl":"https:\/\/dpress.ma\/fr\/wp-content\/uploads\/sites\/2\/2025\/03\/hydrogene-vert.png","datePublished":"2025-03-07T22:13:39+00:00","dateModified":"2025-03-07T22:13:40+00:00","author":{"@id":"https:\/\/dpress.ma\/fr\/#\/schema\/person\/4898febf3ccd59e6578d838656a306a0"},"breadcrumb":{"@id":"https:\/\/dpress.ma\/fr\/2025\/03\/07\/key-the-energy-transition-expo-le-maroc-contribue-activement-au-developpement-de-lhydrogene-vert\/#breadcrumb"},"inLanguage":"fr-FR","potentialAction":[{"@type":"ReadAction","target":["https:\/\/dpress.ma\/fr\/2025\/03\/07\/key-the-energy-transition-expo-le-maroc-contribue-activement-au-developpement-de-lhydrogene-vert\/"]}]},{"@type":"ImageObject","inLanguage":"fr-FR","@id":"https:\/\/dpress.ma\/fr\/2025\/03\/07\/key-the-energy-transition-expo-le-maroc-contribue-activement-au-developpement-de-lhydrogene-vert\/#primaryimage","url":"https:\/\/dpress.ma\/fr\/wp-content\/uploads\/sites\/2\/2025\/03\/hydrogene-vert.png","contentUrl":"https:\/\/dpress.ma\/fr\/wp-content\/uploads\/sites\/2\/2025\/03\/hydrogene-vert.png","width":780,"height":470},{"@type":"BreadcrumbList","@id":"https:\/\/dpress.ma\/fr\/2025\/03\/07\/key-the-energy-transition-expo-le-maroc-contribue-activement-au-developpement-de-lhydrogene-vert\/#breadcrumb","itemListElement":[{"@type":"ListItem","position":1,"name":"Home","item":"https:\/\/dpress.ma\/fr\/"},{"@type":"ListItem","position":2,"name":"KEY-The Energy Transition Expo: Le Maroc contribue activement au d\u00e9veloppement de l\u2019hydrog\u00e8ne vert"}]},{"@type":"WebSite","@id":"https:\/\/dpress.ma\/fr\/#website","url":"https:\/\/dpress.ma\/fr\/","name":"Dpress.ma\/fr","description":"","potentialAction":[{"@type":"SearchAction","target":{"@type":"EntryPoint","urlTemplate":"https:\/\/dpress.ma\/fr\/?s={search_term_string}"},"query-input":{"@type":"PropertyValueSpecification","valueRequired":true,"valueName":"search_term_string"}}],"inLanguage":"fr-FR"},{"@type":"Person","@id":"https:\/\/dpress.ma\/fr\/#\/schema\/person\/4898febf3ccd59e6578d838656a306a0","name":"Dpress.ma","image":{"@type":"ImageObject","inLanguage":"fr-FR","@id":"https:\/\/secure.gravatar.com\/avatar\/72ecc30e9db047a2e0e7176561eb9d564ed77c8108376495b19bd8336405198a?s=96&d=mm&r=g","url":"https:\/\/secure.gravatar.com\/avatar\/72ecc30e9db047a2e0e7176561eb9d564ed77c8108376495b19bd8336405198a?s=96&d=mm&r=g","contentUrl":"https:\/\/secure.gravatar.com\/avatar\/72ecc30e9db047a2e0e7176561eb9d564ed77c8108376495b19bd8336405198a?s=96&d=mm&r=g","caption":"Dpress.ma"},"sameAs":["https:\/\/www.dpress.ma"],"url":"https:\/\/dpress.ma\/fr\/author\/dpress-ma\/"}]}},"amp_enabled":true,"_links":{"self":[{"href":"https:\/\/dpress.ma\/fr\/wp-json\/wp\/v2\/posts\/12975","targetHints":{"allow":["GET"]}}],"collection":[{"href":"https:\/\/dpress.ma\/fr\/wp-json\/wp\/v2\/posts"}],"about":[{"href":"https:\/\/dpress.ma\/fr\/wp-json\/wp\/v2\/types\/post"}],"author":[{"embeddable":true,"href":"https:\/\/dpress.ma\/fr\/wp-json\/wp\/v2\/users\/2"}],"replies":[{"embeddable":true,"href":"https:\/\/dpress.ma\/fr\/wp-json\/wp\/v2\/comments?post=12975"}],"version-history":[{"count":1,"href":"https:\/\/dpress.ma\/fr\/wp-json\/wp\/v2\/posts\/12975\/revisions"}],"predecessor-version":[{"id":12977,"href":"https:\/\/dpress.ma\/fr\/wp-json\/wp\/v2\/posts\/12975\/revisions\/12977"}],"wp:featuredmedia":[{"embeddable":true,"href":"https:\/\/dpress.ma\/fr\/wp-json\/wp\/v2\/media\/12976"}],"wp:attachment":[{"href":"https:\/\/dpress.ma\/fr\/wp-json\/wp\/v2\/media?parent=12975"}],"wp:term":[{"taxonomy":"category","embeddable":true,"href":"https:\/\/dpress.ma\/fr\/wp-json\/wp\/v2\/categories?post=12975"},{"taxonomy":"post_tag","embeddable":true,"href":"https:\/\/dpress.ma\/fr\/wp-json\/wp\/v2\/tags?post=12975"}],"curies":[{"name":"wp","href":"https:\/\/api.w.org\/{rel}","templated":true}]}}