{"id":12886,"date":"2025-02-28T17:21:48","date_gmt":"2025-02-28T17:21:48","guid":{"rendered":"https:\/\/dpress.ma\/fr\/?p=12886"},"modified":"2025-02-28T17:21:51","modified_gmt":"2025-02-28T17:21:51","slug":"entree-en-vigueur-de-laccord-sur-lexemption-de-visa-entre-le-maroc-et-le-kazakhstan","status":"publish","type":"post","link":"https:\/\/dpress.ma\/fr\/2025\/02\/28\/entree-en-vigueur-de-laccord-sur-lexemption-de-visa-entre-le-maroc-et-le-kazakhstan\/","title":{"rendered":"Entr\u00e9e en vigueur de l\u2019Accord sur l\u2019exemption de visa entre le Maroc et le Kazakhstan"},"content":{"rendered":"\n<p>dpress<\/p>\n\n\n\n<p>Le Maroc et le Kazakhstan ont annonc\u00e9, vendredi \u00e0 Rabat, la prochaine entr\u00e9e en vigueur de l\u2019Accord sur l\u2019exemption de visa pour les d\u00e9tenteurs de passeports ordinaires.<\/p>\n\n\n\n<p>Lors de la visite du Vice-Premier ministre, ministre des Affaires \u00e9trang\u00e8res de la R\u00e9publique du Kazakhstan, Murat Nurtleu, \u00e0 l\u2019invitation du ministre des Affaires \u00e9trang\u00e8res, de la Coop\u00e9ration africaine et des Marocains r\u00e9sidant \u00e0 l\u2019\u00e9tranger, Nasser Bourita, les deux ministres ont \u201csalu\u00e9 l\u2019entr\u00e9e en vigueur, le 19 mars 2025, de l\u2019Accord d\u2019exemption de visa pour les titulaires de passeports nationaux\u201d.<\/p>\n\n\n\n<p>Cet accord a \u00e9t\u00e9 sign\u00e9 par les deux ministres en marge de la 79e session de l\u2019Assembl\u00e9e G\u00e9n\u00e9rale des Nations Unies \u00e0 New York le 26 septembre 2024, rappelle-t-on.<\/p>\n\n\n\n<p>L\u2019entr\u00e9e en vigueur de cet accord refl\u00e8te l\u2019esprit d\u2019amiti\u00e9 ainsi que les excellentes relations entre le Royaume du Maroc et la R\u00e9publique du Kazakhstan conform\u00e9ment aux Orientations des deux Chefs d\u2019Etat, Sa Majest\u00e9 le Roi Mohammed VI et le Pr\u00e9sident Kassym-Jomart Toka\u00efev.<\/p>\n\n\n\n<p>Cet accord vise \u00e0 promouvoir la coop\u00e9ration touristique et \u00e0 renforcer les liens interpersonnels et interculturels entre les deux pays d\u2019une part, et \u00e0 stimuler les \u00e9changes commerciaux d\u2019autre part.<\/p>\n","protected":false},"excerpt":{"rendered":"<p>dpress Le Maroc et le Kazakhstan ont annonc\u00e9, vendredi \u00e0 Rabat, la prochaine entr\u00e9e en vigueur de l\u2019Accord sur l\u2019exemption de visa pour les d\u00e9tenteurs de passeports ordinaires. Lors de la visite du Vice-Premier ministre, ministre des Affaires \u00e9trang\u00e8res de la R\u00e9publique du Kazakhstan, Murat Nurtleu, \u00e0 l\u2019invitation du ministre des Affaires \u00e9trang\u00e8res, de la &hellip;<\/p>\n","protected":false},"author":2,"featured_media":12887,"comment_status":"open","ping_status":"open","sticky":false,"template":"","format":"standard","meta":{"footnotes":""},"categories":[26],"tags":[],"class_list":["post-12886","post","type-post","status-publish","format-standard","has-post-thumbnail","hentry","category-politiques"],"yoast_head":"<!-- This site is optimized with the Yoast SEO plugin v27.5 - https:\/\/yoast.com\/product\/yoast-seo-wordpress\/ -->\n<title>Entr\u00e9e en vigueur de l\u2019Accord sur l\u2019exemption de visa entre le Maroc et le Kazakhstan - Dpress.ma\/fr<\/title>\n<meta name=\"robots\" content=\"index, follow, max-snippet:-1, max-image-preview:large, max-video-preview:-1\" \/>\n<link rel=\"canonical\" href=\"https:\/\/dpress.ma\/fr\/2025\/02\/28\/entree-en-vigueur-de-laccord-sur-lexemption-de-visa-entre-le-maroc-et-le-kazakhstan\/\" \/>\n<meta property=\"og:locale\" content=\"fr_FR\" \/>\n<meta property=\"og:type\" content=\"article\" \/>\n<meta property=\"og:title\" content=\"Entr\u00e9e en vigueur de l\u2019Accord sur l\u2019exemption de visa entre le Maroc et le Kazakhstan - Dpress.ma\/fr\" \/>\n<meta property=\"og:description\" content=\"dpress Le Maroc et le Kazakhstan ont annonc\u00e9, vendredi \u00e0 Rabat, la prochaine entr\u00e9e en vigueur de l\u2019Accord sur l\u2019exemption de visa pour les d\u00e9tenteurs de passeports ordinaires. Lors de la visite du Vice-Premier ministre, ministre des Affaires \u00e9trang\u00e8res de la R\u00e9publique du Kazakhstan, Murat Nurtleu, \u00e0 l\u2019invitation du ministre des Affaires \u00e9trang\u00e8res, de la &hellip;\" \/>\n<meta property=\"og:url\" content=\"https:\/\/dpress.ma\/fr\/2025\/02\/28\/entree-en-vigueur-de-laccord-sur-lexemption-de-visa-entre-le-maroc-et-le-kazakhstan\/\" \/>\n<meta property=\"og:site_name\" content=\"Dpress.ma\/fr\" \/>\n<meta property=\"article:published_time\" content=\"2025-02-28T17:21:48+00:00\" \/>\n<meta property=\"article:modified_time\" content=\"2025-02-28T17:21:51+00:00\" \/>\n<meta property=\"og:image\" content=\"https:\/\/dpress.ma\/fr\/wp-content\/uploads\/sites\/2\/2025\/02\/dprees-dim-82.png\" \/>\n\t<meta property=\"og:image:width\" content=\"780\" \/>\n\t<meta property=\"og:image:height\" content=\"470\" \/>\n\t<meta property=\"og:image:type\" content=\"image\/png\" \/>\n<meta name=\"author\" content=\"Dpress.ma\" \/>\n<meta name=\"twitter:card\" content=\"summary_large_image\" \/>\n<meta name=\"twitter:label1\" content=\"\u00c9crit par\" \/>\n\t<meta name=\"twitter:data1\" content=\"Dpress.ma\" \/>\n\t<meta name=\"twitter:label2\" content=\"Dur\u00e9e de lecture estim\u00e9e\" \/>\n\t<meta name=\"twitter:data2\" content=\"2 minutes\" \/>\n<script type=\"application\/ld+json\" class=\"yoast-schema-graph\">{\"@context\":\"https:\\\/\\\/schema.org\",\"@graph\":[{\"@type\":\"Article\",\"@id\":\"https:\\\/\\\/dpress.ma\\\/fr\\\/2025\\\/02\\\/28\\\/entree-en-vigueur-de-laccord-sur-lexemption-de-visa-entre-le-maroc-et-le-kazakhstan\\\/#article\",\"isPartOf\":{\"@id\":\"https:\\\/\\\/dpress.ma\\\/fr\\\/2025\\\/02\\\/28\\\/entree-en-vigueur-de-laccord-sur-lexemption-de-visa-entre-le-maroc-et-le-kazakhstan\\\/\"},\"author\":{\"name\":\"Dpress.ma\",\"@id\":\"https:\\\/\\\/dpress.ma\\\/fr\\\/#\\\/schema\\\/person\\\/4898febf3ccd59e6578d838656a306a0\"},\"headline\":\"Entr\u00e9e en vigueur de l\u2019Accord sur l\u2019exemption de visa entre le Maroc et le Kazakhstan\",\"datePublished\":\"2025-02-28T17:21:48+00:00\",\"dateModified\":\"2025-02-28T17:21:51+00:00\",\"mainEntityOfPage\":{\"@id\":\"https:\\\/\\\/dpress.ma\\\/fr\\\/2025\\\/02\\\/28\\\/entree-en-vigueur-de-laccord-sur-lexemption-de-visa-entre-le-maroc-et-le-kazakhstan\\\/\"},\"wordCount\":228,\"commentCount\":0,\"image\":{\"@id\":\"https:\\\/\\\/dpress.ma\\\/fr\\\/2025\\\/02\\\/28\\\/entree-en-vigueur-de-laccord-sur-lexemption-de-visa-entre-le-maroc-et-le-kazakhstan\\\/#primaryimage\"},\"thumbnailUrl\":\"https:\\\/\\\/dpress.ma\\\/fr\\\/wp-content\\\/uploads\\\/sites\\\/2\\\/2025\\\/02\\\/dprees-dim-82.png\",\"articleSection\":[\"Politiques\"],\"inLanguage\":\"fr-FR\",\"potentialAction\":[{\"@type\":\"CommentAction\",\"name\":\"Comment\",\"target\":[\"https:\\\/\\\/dpress.ma\\\/fr\\\/2025\\\/02\\\/28\\\/entree-en-vigueur-de-laccord-sur-lexemption-de-visa-entre-le-maroc-et-le-kazakhstan\\\/#respond\"]}]},{\"@type\":\"WebPage\",\"@id\":\"https:\\\/\\\/dpress.ma\\\/fr\\\/2025\\\/02\\\/28\\\/entree-en-vigueur-de-laccord-sur-lexemption-de-visa-entre-le-maroc-et-le-kazakhstan\\\/\",\"url\":\"https:\\\/\\\/dpress.ma\\\/fr\\\/2025\\\/02\\\/28\\\/entree-en-vigueur-de-laccord-sur-lexemption-de-visa-entre-le-maroc-et-le-kazakhstan\\\/\",\"name\":\"Entr\u00e9e en vigueur de l\u2019Accord sur l\u2019exemption de visa entre le Maroc et le Kazakhstan - Dpress.ma\\\/fr\",\"isPartOf\":{\"@id\":\"https:\\\/\\\/dpress.ma\\\/fr\\\/#website\"},\"primaryImageOfPage\":{\"@id\":\"https:\\\/\\\/dpress.ma\\\/fr\\\/2025\\\/02\\\/28\\\/entree-en-vigueur-de-laccord-sur-lexemption-de-visa-entre-le-maroc-et-le-kazakhstan\\\/#primaryimage\"},\"image\":{\"@id\":\"https:\\\/\\\/dpress.ma\\\/fr\\\/2025\\\/02\\\/28\\\/entree-en-vigueur-de-laccord-sur-lexemption-de-visa-entre-le-maroc-et-le-kazakhstan\\\/#primaryimage\"},\"thumbnailUrl\":\"https:\\\/\\\/dpress.ma\\\/fr\\\/wp-content\\\/uploads\\\/sites\\\/2\\\/2025\\\/02\\\/dprees-dim-82.png\",\"datePublished\":\"2025-02-28T17:21:48+00:00\",\"dateModified\":\"2025-02-28T17:21:51+00:00\",\"author\":{\"@id\":\"https:\\\/\\\/dpress.ma\\\/fr\\\/#\\\/schema\\\/person\\\/4898febf3ccd59e6578d838656a306a0\"},\"breadcrumb\":{\"@id\":\"https:\\\/\\\/dpress.ma\\\/fr\\\/2025\\\/02\\\/28\\\/entree-en-vigueur-de-laccord-sur-lexemption-de-visa-entre-le-maroc-et-le-kazakhstan\\\/#breadcrumb\"},\"inLanguage\":\"fr-FR\",\"potentialAction\":[{\"@type\":\"ReadAction\",\"target\":[\"https:\\\/\\\/dpress.ma\\\/fr\\\/2025\\\/02\\\/28\\\/entree-en-vigueur-de-laccord-sur-lexemption-de-visa-entre-le-maroc-et-le-kazakhstan\\\/\"]}]},{\"@type\":\"ImageObject\",\"inLanguage\":\"fr-FR\",\"@id\":\"https:\\\/\\\/dpress.ma\\\/fr\\\/2025\\\/02\\\/28\\\/entree-en-vigueur-de-laccord-sur-lexemption-de-visa-entre-le-maroc-et-le-kazakhstan\\\/#primaryimage\",\"url\":\"https:\\\/\\\/dpress.ma\\\/fr\\\/wp-content\\\/uploads\\\/sites\\\/2\\\/2025\\\/02\\\/dprees-dim-82.png\",\"contentUrl\":\"https:\\\/\\\/dpress.ma\\\/fr\\\/wp-content\\\/uploads\\\/sites\\\/2\\\/2025\\\/02\\\/dprees-dim-82.png\",\"width\":780,\"height\":470},{\"@type\":\"BreadcrumbList\",\"@id\":\"https:\\\/\\\/dpress.ma\\\/fr\\\/2025\\\/02\\\/28\\\/entree-en-vigueur-de-laccord-sur-lexemption-de-visa-entre-le-maroc-et-le-kazakhstan\\\/#breadcrumb\",\"itemListElement\":[{\"@type\":\"ListItem\",\"position\":1,\"name\":\"Home\",\"item\":\"https:\\\/\\\/dpress.ma\\\/fr\\\/\"},{\"@type\":\"ListItem\",\"position\":2,\"name\":\"Entr\u00e9e en vigueur de l\u2019Accord sur l\u2019exemption de visa entre le Maroc et le Kazakhstan\"}]},{\"@type\":\"WebSite\",\"@id\":\"https:\\\/\\\/dpress.ma\\\/fr\\\/#website\",\"url\":\"https:\\\/\\\/dpress.ma\\\/fr\\\/\",\"name\":\"Dpress.ma\\\/fr\",\"description\":\"\",\"potentialAction\":[{\"@type\":\"SearchAction\",\"target\":{\"@type\":\"EntryPoint\",\"urlTemplate\":\"https:\\\/\\\/dpress.ma\\\/fr\\\/?s={search_term_string}\"},\"query-input\":{\"@type\":\"PropertyValueSpecification\",\"valueRequired\":true,\"valueName\":\"search_term_string\"}}],\"inLanguage\":\"fr-FR\"},{\"@type\":\"Person\",\"@id\":\"https:\\\/\\\/dpress.ma\\\/fr\\\/#\\\/schema\\\/person\\\/4898febf3ccd59e6578d838656a306a0\",\"name\":\"Dpress.ma\",\"image\":{\"@type\":\"ImageObject\",\"inLanguage\":\"fr-FR\",\"@id\":\"https:\\\/\\\/secure.gravatar.com\\\/avatar\\\/72ecc30e9db047a2e0e7176561eb9d564ed77c8108376495b19bd8336405198a?s=96&d=mm&r=g\",\"url\":\"https:\\\/\\\/secure.gravatar.com\\\/avatar\\\/72ecc30e9db047a2e0e7176561eb9d564ed77c8108376495b19bd8336405198a?s=96&d=mm&r=g\",\"contentUrl\":\"https:\\\/\\\/secure.gravatar.com\\\/avatar\\\/72ecc30e9db047a2e0e7176561eb9d564ed77c8108376495b19bd8336405198a?s=96&d=mm&r=g\",\"caption\":\"Dpress.ma\"},\"sameAs\":[\"https:\\\/\\\/www.dpress.ma\"],\"url\":\"https:\\\/\\\/dpress.ma\\\/fr\\\/author\\\/dpress-ma\\\/\"}]}<\/script>\n<!-- \/ Yoast SEO plugin. -->","yoast_head_json":{"title":"Entr\u00e9e en vigueur de l\u2019Accord sur l\u2019exemption de visa entre le Maroc et le Kazakhstan - Dpress.ma\/fr","robots":{"index":"index","follow":"follow","max-snippet":"max-snippet:-1","max-image-preview":"max-image-preview:large","max-video-preview":"max-video-preview:-1"},"canonical":"https:\/\/dpress.ma\/fr\/2025\/02\/28\/entree-en-vigueur-de-laccord-sur-lexemption-de-visa-entre-le-maroc-et-le-kazakhstan\/","og_locale":"fr_FR","og_type":"article","og_title":"Entr\u00e9e en vigueur de l\u2019Accord sur l\u2019exemption de visa entre le Maroc et le Kazakhstan - Dpress.ma\/fr","og_description":"dpress Le Maroc et le Kazakhstan ont annonc\u00e9, vendredi \u00e0 Rabat, la prochaine entr\u00e9e en vigueur de l\u2019Accord sur l\u2019exemption de visa pour les d\u00e9tenteurs de passeports ordinaires. Lors de la visite du Vice-Premier ministre, ministre des Affaires \u00e9trang\u00e8res de la R\u00e9publique du Kazakhstan, Murat Nurtleu, \u00e0 l\u2019invitation du ministre des Affaires \u00e9trang\u00e8res, de la &hellip;","og_url":"https:\/\/dpress.ma\/fr\/2025\/02\/28\/entree-en-vigueur-de-laccord-sur-lexemption-de-visa-entre-le-maroc-et-le-kazakhstan\/","og_site_name":"Dpress.ma\/fr","article_published_time":"2025-02-28T17:21:48+00:00","article_modified_time":"2025-02-28T17:21:51+00:00","og_image":[{"width":780,"height":470,"url":"https:\/\/dpress.ma\/fr\/wp-content\/uploads\/sites\/2\/2025\/02\/dprees-dim-82.png","type":"image\/png"}],"author":"Dpress.ma","twitter_card":"summary_large_image","twitter_misc":{"\u00c9crit par":"Dpress.ma","Dur\u00e9e de lecture estim\u00e9e":"2 minutes"},"schema":{"@context":"https:\/\/schema.org","@graph":[{"@type":"Article","@id":"https:\/\/dpress.ma\/fr\/2025\/02\/28\/entree-en-vigueur-de-laccord-sur-lexemption-de-visa-entre-le-maroc-et-le-kazakhstan\/#article","isPartOf":{"@id":"https:\/\/dpress.ma\/fr\/2025\/02\/28\/entree-en-vigueur-de-laccord-sur-lexemption-de-visa-entre-le-maroc-et-le-kazakhstan\/"},"author":{"name":"Dpress.ma","@id":"https:\/\/dpress.ma\/fr\/#\/schema\/person\/4898febf3ccd59e6578d838656a306a0"},"headline":"Entr\u00e9e en vigueur de l\u2019Accord sur l\u2019exemption de visa entre le Maroc et le Kazakhstan","datePublished":"2025-02-28T17:21:48+00:00","dateModified":"2025-02-28T17:21:51+00:00","mainEntityOfPage":{"@id":"https:\/\/dpress.ma\/fr\/2025\/02\/28\/entree-en-vigueur-de-laccord-sur-lexemption-de-visa-entre-le-maroc-et-le-kazakhstan\/"},"wordCount":228,"commentCount":0,"image":{"@id":"https:\/\/dpress.ma\/fr\/2025\/02\/28\/entree-en-vigueur-de-laccord-sur-lexemption-de-visa-entre-le-maroc-et-le-kazakhstan\/#primaryimage"},"thumbnailUrl":"https:\/\/dpress.ma\/fr\/wp-content\/uploads\/sites\/2\/2025\/02\/dprees-dim-82.png","articleSection":["Politiques"],"inLanguage":"fr-FR","potentialAction":[{"@type":"CommentAction","name":"Comment","target":["https:\/\/dpress.ma\/fr\/2025\/02\/28\/entree-en-vigueur-de-laccord-sur-lexemption-de-visa-entre-le-maroc-et-le-kazakhstan\/#respond"]}]},{"@type":"WebPage","@id":"https:\/\/dpress.ma\/fr\/2025\/02\/28\/entree-en-vigueur-de-laccord-sur-lexemption-de-visa-entre-le-maroc-et-le-kazakhstan\/","url":"https:\/\/dpress.ma\/fr\/2025\/02\/28\/entree-en-vigueur-de-laccord-sur-lexemption-de-visa-entre-le-maroc-et-le-kazakhstan\/","name":"Entr\u00e9e en vigueur de l\u2019Accord sur l\u2019exemption de visa entre le Maroc et le Kazakhstan - Dpress.ma\/fr","isPartOf":{"@id":"https:\/\/dpress.ma\/fr\/#website"},"primaryImageOfPage":{"@id":"https:\/\/dpress.ma\/fr\/2025\/02\/28\/entree-en-vigueur-de-laccord-sur-lexemption-de-visa-entre-le-maroc-et-le-kazakhstan\/#primaryimage"},"image":{"@id":"https:\/\/dpress.ma\/fr\/2025\/02\/28\/entree-en-vigueur-de-laccord-sur-lexemption-de-visa-entre-le-maroc-et-le-kazakhstan\/#primaryimage"},"thumbnailUrl":"https:\/\/dpress.ma\/fr\/wp-content\/uploads\/sites\/2\/2025\/02\/dprees-dim-82.png","datePublished":"2025-02-28T17:21:48+00:00","dateModified":"2025-02-28T17:21:51+00:00","author":{"@id":"https:\/\/dpress.ma\/fr\/#\/schema\/person\/4898febf3ccd59e6578d838656a306a0"},"breadcrumb":{"@id":"https:\/\/dpress.ma\/fr\/2025\/02\/28\/entree-en-vigueur-de-laccord-sur-lexemption-de-visa-entre-le-maroc-et-le-kazakhstan\/#breadcrumb"},"inLanguage":"fr-FR","potentialAction":[{"@type":"ReadAction","target":["https:\/\/dpress.ma\/fr\/2025\/02\/28\/entree-en-vigueur-de-laccord-sur-lexemption-de-visa-entre-le-maroc-et-le-kazakhstan\/"]}]},{"@type":"ImageObject","inLanguage":"fr-FR","@id":"https:\/\/dpress.ma\/fr\/2025\/02\/28\/entree-en-vigueur-de-laccord-sur-lexemption-de-visa-entre-le-maroc-et-le-kazakhstan\/#primaryimage","url":"https:\/\/dpress.ma\/fr\/wp-content\/uploads\/sites\/2\/2025\/02\/dprees-dim-82.png","contentUrl":"https:\/\/dpress.ma\/fr\/wp-content\/uploads\/sites\/2\/2025\/02\/dprees-dim-82.png","width":780,"height":470},{"@type":"BreadcrumbList","@id":"https:\/\/dpress.ma\/fr\/2025\/02\/28\/entree-en-vigueur-de-laccord-sur-lexemption-de-visa-entre-le-maroc-et-le-kazakhstan\/#breadcrumb","itemListElement":[{"@type":"ListItem","position":1,"name":"Home","item":"https:\/\/dpress.ma\/fr\/"},{"@type":"ListItem","position":2,"name":"Entr\u00e9e en vigueur de l\u2019Accord sur l\u2019exemption de visa entre le Maroc et le Kazakhstan"}]},{"@type":"WebSite","@id":"https:\/\/dpress.ma\/fr\/#website","url":"https:\/\/dpress.ma\/fr\/","name":"Dpress.ma\/fr","description":"","potentialAction":[{"@type":"SearchAction","target":{"@type":"EntryPoint","urlTemplate":"https:\/\/dpress.ma\/fr\/?s={search_term_string}"},"query-input":{"@type":"PropertyValueSpecification","valueRequired":true,"valueName":"search_term_string"}}],"inLanguage":"fr-FR"},{"@type":"Person","@id":"https:\/\/dpress.ma\/fr\/#\/schema\/person\/4898febf3ccd59e6578d838656a306a0","name":"Dpress.ma","image":{"@type":"ImageObject","inLanguage":"fr-FR","@id":"https:\/\/secure.gravatar.com\/avatar\/72ecc30e9db047a2e0e7176561eb9d564ed77c8108376495b19bd8336405198a?s=96&d=mm&r=g","url":"https:\/\/secure.gravatar.com\/avatar\/72ecc30e9db047a2e0e7176561eb9d564ed77c8108376495b19bd8336405198a?s=96&d=mm&r=g","contentUrl":"https:\/\/secure.gravatar.com\/avatar\/72ecc30e9db047a2e0e7176561eb9d564ed77c8108376495b19bd8336405198a?s=96&d=mm&r=g","caption":"Dpress.ma"},"sameAs":["https:\/\/www.dpress.ma"],"url":"https:\/\/dpress.ma\/fr\/author\/dpress-ma\/"}]}},"amp_enabled":true,"_links":{"self":[{"href":"https:\/\/dpress.ma\/fr\/wp-json\/wp\/v2\/posts\/12886","targetHints":{"allow":["GET"]}}],"collection":[{"href":"https:\/\/dpress.ma\/fr\/wp-json\/wp\/v2\/posts"}],"about":[{"href":"https:\/\/dpress.ma\/fr\/wp-json\/wp\/v2\/types\/post"}],"author":[{"embeddable":true,"href":"https:\/\/dpress.ma\/fr\/wp-json\/wp\/v2\/users\/2"}],"replies":[{"embeddable":true,"href":"https:\/\/dpress.ma\/fr\/wp-json\/wp\/v2\/comments?post=12886"}],"version-history":[{"count":1,"href":"https:\/\/dpress.ma\/fr\/wp-json\/wp\/v2\/posts\/12886\/revisions"}],"predecessor-version":[{"id":12888,"href":"https:\/\/dpress.ma\/fr\/wp-json\/wp\/v2\/posts\/12886\/revisions\/12888"}],"wp:featuredmedia":[{"embeddable":true,"href":"https:\/\/dpress.ma\/fr\/wp-json\/wp\/v2\/media\/12887"}],"wp:attachment":[{"href":"https:\/\/dpress.ma\/fr\/wp-json\/wp\/v2\/media?parent=12886"}],"wp:term":[{"taxonomy":"category","embeddable":true,"href":"https:\/\/dpress.ma\/fr\/wp-json\/wp\/v2\/categories?post=12886"},{"taxonomy":"post_tag","embeddable":true,"href":"https:\/\/dpress.ma\/fr\/wp-json\/wp\/v2\/tags?post=12886"}],"curies":[{"name":"wp","href":"https:\/\/api.w.org\/{rel}","templated":true}]}}