{"id":12883,"date":"2025-02-28T17:17:20","date_gmt":"2025-02-28T17:17:20","guid":{"rendered":"https:\/\/dpress.ma\/fr\/?p=12883"},"modified":"2025-02-28T17:17:37","modified_gmt":"2025-02-28T17:17:37","slug":"la-dynamique-commerciale-prend-de-lampleur-a-la-veille-du-mois-beni","status":"publish","type":"post","link":"https:\/\/dpress.ma\/fr\/2025\/02\/28\/la-dynamique-commerciale-prend-de-lampleur-a-la-veille-du-mois-beni\/","title":{"rendered":"La dynamique commerciale prend de l\u2019ampleur \u00e0 la veille du mois b\u00e9ni"},"content":{"rendered":"\n<p>dpress<\/p>\n\n\n\n<p>&nbsp;Mois de ferveur exceptionnel et&nbsp;moment unique propice au recueillement et \u00e0 la pri\u00e8re,&nbsp;le Ramadan marque aussi un v\u00e9ritable changement dans les habitudes alimentaires et de consommation des Marocains, en g\u00e9n\u00e9ral, et des Marrakchis, en particulier.&nbsp;En t\u00e9moigne l\u2019engouement fort et inhabituel pour une panoplie de produits n\u00e9cessaires \u00e0 la pr\u00e9paration de certains mets&nbsp;ind\u00e9tr\u00f4nables de&nbsp;la table du ftour.<\/p>\n\n\n\n<p>Aussi bien au niveau des grandes surfaces et des march\u00e9s que des petites&nbsp;souikas&nbsp;qui meublent les divers quartiers de la Cit\u00e9 Ocre, la dynamique commerciale qui se d\u00e9clenche avec l\u2019av\u00e8nement du mois sacr\u00e9 de Ramadan a d\u2019ores et d\u00e9j\u00e0 commenc\u00e9&nbsp;\u00e0 prendre de l\u2019ampleur et \u00e0 se faire sentir depuis quelques jours.<\/p>\n\n\n\n<p>Cette forte demande favorise, en outre, l\u2019\u00e9mergence de m\u00e9tiers saisonniers&nbsp;qui fleurissent avec l\u2019approche de ce mois b\u00e9ni, engendrant ainsi une effervescence commerciale qui s\u2019empare soudainement des principaux points de vente dans la ville des Sept Saints.<\/p>\n\n\n\n<p>Cette dynamique inhabituelle que connaissent les march\u00e9s et&nbsp;souikas&nbsp;de Marrakech touche essentiellement les produits n\u00e9cessaires \u00e0 la pr\u00e9paration de chebakia, briouates, sellou et d\u2019autres d\u00e9lices culinaires&nbsp;qui \u00e9veillent les papilles, mais aussi les dattes, les l\u00e9gumineuses et des ustensiles&nbsp;sp\u00e9cifiques \u00e0 cette p\u00e9riode&nbsp;(soupi\u00e8res, cuill\u00e8res en bois, tagine, \u2026), ce qui incarne&nbsp;la place de choix dont jouit ce mois sacr\u00e9 dans les coeurs des Marrakchis et les traditions culinaires de cette ville mill\u00e9naire.<\/p>\n\n\n\n<p>Approch\u00e9s par la MAP, des commer\u00e7ants dans divers points de vente de la ville ont \u00e9t\u00e9 unanimes \u00e0 souligner que cet&nbsp;engouement&nbsp;pour les produits de premi\u00e8re n\u00e9cessit\u00e9 se&nbsp;fait sentir depuis quelques jours, car certains mets et d\u00e9lices sp\u00e9cifiques \u00e0 ce mois n\u00e9cessitent une pr\u00e9paration \u00e0 l\u2019avance.<\/p>\n\n\n\n<p>Cette effervescence atteint son paroxysme durant les jours qui pr\u00e9c\u00e8dent&nbsp;le mois sacr\u00e9, surtout que cette p\u00e9riode co\u00efncide cette ann\u00e9e avec la fin du mois et le versement des salaires des fonctionnaires, ont-ils expliqu\u00e9.<\/p>\n\n\n\n<p>Pour le pr\u00e9sident de l\u2019Association El Karam du souk des dattes au march\u00e9 de gros de Marrakech, Othman Batta, l\u2019av\u00e8nement du Ramadan d\u00e9clenche une v\u00e9ritable effervescence commerciale de cette denr\u00e9e alimentaire, faisant savoir que les vari\u00e9t\u00e9s locales repr\u00e9sentent seulement 30% de l\u2019offre mise en vente en raison des conditions climatiques qu\u2019a connues le Royaume.<\/p>\n\n\n\n<p>Toutefois, l\u2019offre est abondante au niveau de cette grande structure commerciale, r\u00e9pondant ainsi \u00e0 la diversit\u00e9 de la demande des clients en termes de vari\u00e9t\u00e9s, a-t-il soulign\u00e9, se f\u00e9licitant des efforts consentis par les autorit\u00e9s comp\u00e9tentes afin d\u2019assurer un approvisionnement largement suffisant du march\u00e9 et, partant, r\u00e9pondre aux besoins des consommateurs marocains en cette denr\u00e9e vitale qui enregistre un engouement intense en cette p\u00e9riode.<\/p>\n\n\n\n<p>Faisant constater que les prix de gros demeurent raisonnables et stables au niveau du march\u00e9, il a salu\u00e9 les efforts d\u00e9ploy\u00e9s au quotidien par les autorit\u00e9s et l\u2019ONSSA pour veiller au contr\u00f4le aussi bien de la qualit\u00e9 que des prix, avant de conclure que le march\u00e9 de gros de Marrakech s\u2019est transform\u00e9 au cours de cette p\u00e9riode en une plateforme commerciale nationale de cette denr\u00e9e eu \u00e9gard \u00e0 l\u2019abondance et \u00e0 la qualit\u00e9 de la marchandise disponible.<\/p>\n\n\n\n<p>Dans le m\u00eame sillage, Lahcen Ghazali, marchand de dattes, a relev\u00e9 l\u2019impact de la p\u00e9nurie des pr\u00e9cipitations sur la production des vari\u00e9t\u00e9s locales, soulignant, toutefois, l\u2019abondance de la vari\u00e9t\u00e9 marocaine du Majhoul \u00e0 m\u00eame de couvrir la demande \u00e0 l\u2019\u00e9chelle nationale, alors que l\u2019offre en vari\u00e9t\u00e9s issues de l\u2019\u00e9tranger d\u00e9passe largement la demande.<\/p>\n\n\n\n<p>De son c\u00f4t\u00e9, Ahmed Madbouh, commer\u00e7ant des l\u00e9gumineuses en gros, a soulign\u00e9 l\u2019abondance, la diversit\u00e9 et la qualit\u00e9 des produits \u00e0 forte demande au cours de cette p\u00e9riode (f\u00e8ve, pois chiches, lentilles, \u2026), tandis que les prix sont raisonnables et accessibles au pourvoir d\u2019achat des citoyens.<\/p>\n\n\n\n<p>Bien plus qu\u2019une p\u00e9riode spirituelle, le Ramadan se veut aussi une occasion pour les Marrakchis de perp\u00e9tuer des traditions culinaires et de pr\u00e9server un patrimoine gastronomique riche et propre \u00e0 ce mois sacr\u00e9, d\u2019o\u00f9 cet engouement inhabituel pour certains produits sp\u00e9cifiques.<\/p>\n\n\n\n<p>C\u2019est dans cette optique que les autorit\u00e9s et les services concern\u00e9s se sont mobilis\u00e9s pour&nbsp;r\u00e9pondre \u00e0 cette demande qui atteint des niveaux in\u00e9gal\u00e9s, par rapport aux autres mois de l\u2019ann\u00e9e, en&nbsp;assurant un approvisionnement suffisant des march\u00e9s durant cette p\u00e9riode marqu\u00e9e par une consommation significative.<\/p>\n\n\n\n<p>Depuis quelques semaines, les autorit\u00e9s sont ainsi \u00e0 pied&nbsp;d\u2019\u0153uvre&nbsp;pour accompagner cette effervescence et veiller au contr\u00f4le de la qualit\u00e9 et de la stabilit\u00e9 des prix des produits \u00e0 forte&nbsp;consommation.<\/p>\n","protected":false},"excerpt":{"rendered":"<p>dpress &nbsp;Mois de ferveur exceptionnel et&nbsp;moment unique propice au recueillement et \u00e0 la pri\u00e8re,&nbsp;le Ramadan marque aussi un v\u00e9ritable changement dans les habitudes alimentaires et de consommation des Marocains, en g\u00e9n\u00e9ral, et des Marrakchis, en particulier.&nbsp;En t\u00e9moigne l\u2019engouement fort et inhabituel pour une panoplie de produits n\u00e9cessaires \u00e0 la pr\u00e9paration de certains mets&nbsp;ind\u00e9tr\u00f4nables de&nbsp;la table &hellip;<\/p>\n","protected":false},"author":2,"featured_media":12884,"comment_status":"open","ping_status":"open","sticky":false,"template":"","format":"standard","meta":{"footnotes":""},"categories":[40],"tags":[],"class_list":["post-12883","post","type-post","status-publish","format-standard","has-post-thumbnail","hentry","category-societe-et-regions"],"yoast_head":"<!-- This site is optimized with the Yoast SEO plugin v27.5 - https:\/\/yoast.com\/product\/yoast-seo-wordpress\/ -->\n<title>La dynamique commerciale prend de l\u2019ampleur \u00e0 la veille du mois b\u00e9ni - Dpress.ma\/fr<\/title>\n<meta name=\"robots\" content=\"index, follow, max-snippet:-1, max-image-preview:large, max-video-preview:-1\" \/>\n<link rel=\"canonical\" href=\"https:\/\/dpress.ma\/fr\/2025\/02\/28\/la-dynamique-commerciale-prend-de-lampleur-a-la-veille-du-mois-beni\/\" \/>\n<meta property=\"og:locale\" content=\"fr_FR\" \/>\n<meta property=\"og:type\" content=\"article\" \/>\n<meta property=\"og:title\" content=\"La dynamique commerciale prend de l\u2019ampleur \u00e0 la veille du mois b\u00e9ni - Dpress.ma\/fr\" \/>\n<meta property=\"og:description\" content=\"dpress &nbsp;Mois de ferveur exceptionnel et&nbsp;moment unique propice au recueillement et \u00e0 la pri\u00e8re,&nbsp;le Ramadan marque aussi un v\u00e9ritable changement dans les habitudes alimentaires et de consommation des Marocains, en g\u00e9n\u00e9ral, et des Marrakchis, en particulier.&nbsp;En t\u00e9moigne l\u2019engouement fort et inhabituel pour une panoplie de produits n\u00e9cessaires \u00e0 la pr\u00e9paration de certains mets&nbsp;ind\u00e9tr\u00f4nables de&nbsp;la table &hellip;\" \/>\n<meta property=\"og:url\" content=\"https:\/\/dpress.ma\/fr\/2025\/02\/28\/la-dynamique-commerciale-prend-de-lampleur-a-la-veille-du-mois-beni\/\" \/>\n<meta property=\"og:site_name\" content=\"Dpress.ma\/fr\" \/>\n<meta property=\"article:published_time\" content=\"2025-02-28T17:17:20+00:00\" \/>\n<meta property=\"article:modified_time\" content=\"2025-02-28T17:17:37+00:00\" \/>\n<meta property=\"og:image\" content=\"https:\/\/dpress.ma\/fr\/wp-content\/uploads\/sites\/2\/2025\/02\/dprees-dim-81.png\" \/>\n\t<meta property=\"og:image:width\" content=\"780\" \/>\n\t<meta property=\"og:image:height\" content=\"470\" \/>\n\t<meta property=\"og:image:type\" content=\"image\/png\" \/>\n<meta name=\"author\" content=\"Dpress.ma\" \/>\n<meta name=\"twitter:card\" content=\"summary_large_image\" \/>\n<meta name=\"twitter:label1\" content=\"\u00c9crit par\" \/>\n\t<meta name=\"twitter:data1\" content=\"Dpress.ma\" \/>\n\t<meta name=\"twitter:label2\" content=\"Dur\u00e9e de lecture estim\u00e9e\" \/>\n\t<meta name=\"twitter:data2\" content=\"4 minutes\" \/>\n<script type=\"application\/ld+json\" class=\"yoast-schema-graph\">{\"@context\":\"https:\\\/\\\/schema.org\",\"@graph\":[{\"@type\":\"Article\",\"@id\":\"https:\\\/\\\/dpress.ma\\\/fr\\\/2025\\\/02\\\/28\\\/la-dynamique-commerciale-prend-de-lampleur-a-la-veille-du-mois-beni\\\/#article\",\"isPartOf\":{\"@id\":\"https:\\\/\\\/dpress.ma\\\/fr\\\/2025\\\/02\\\/28\\\/la-dynamique-commerciale-prend-de-lampleur-a-la-veille-du-mois-beni\\\/\"},\"author\":{\"name\":\"Dpress.ma\",\"@id\":\"https:\\\/\\\/dpress.ma\\\/fr\\\/#\\\/schema\\\/person\\\/4898febf3ccd59e6578d838656a306a0\"},\"headline\":\"La dynamique commerciale prend de l\u2019ampleur \u00e0 la veille du mois b\u00e9ni\",\"datePublished\":\"2025-02-28T17:17:20+00:00\",\"dateModified\":\"2025-02-28T17:17:37+00:00\",\"mainEntityOfPage\":{\"@id\":\"https:\\\/\\\/dpress.ma\\\/fr\\\/2025\\\/02\\\/28\\\/la-dynamique-commerciale-prend-de-lampleur-a-la-veille-du-mois-beni\\\/\"},\"wordCount\":860,\"commentCount\":0,\"image\":{\"@id\":\"https:\\\/\\\/dpress.ma\\\/fr\\\/2025\\\/02\\\/28\\\/la-dynamique-commerciale-prend-de-lampleur-a-la-veille-du-mois-beni\\\/#primaryimage\"},\"thumbnailUrl\":\"https:\\\/\\\/dpress.ma\\\/fr\\\/wp-content\\\/uploads\\\/sites\\\/2\\\/2025\\\/02\\\/dprees-dim-81.png\",\"articleSection\":[\"societe et regions\"],\"inLanguage\":\"fr-FR\",\"potentialAction\":[{\"@type\":\"CommentAction\",\"name\":\"Comment\",\"target\":[\"https:\\\/\\\/dpress.ma\\\/fr\\\/2025\\\/02\\\/28\\\/la-dynamique-commerciale-prend-de-lampleur-a-la-veille-du-mois-beni\\\/#respond\"]}]},{\"@type\":\"WebPage\",\"@id\":\"https:\\\/\\\/dpress.ma\\\/fr\\\/2025\\\/02\\\/28\\\/la-dynamique-commerciale-prend-de-lampleur-a-la-veille-du-mois-beni\\\/\",\"url\":\"https:\\\/\\\/dpress.ma\\\/fr\\\/2025\\\/02\\\/28\\\/la-dynamique-commerciale-prend-de-lampleur-a-la-veille-du-mois-beni\\\/\",\"name\":\"La dynamique commerciale prend de l\u2019ampleur \u00e0 la veille du mois b\u00e9ni - Dpress.ma\\\/fr\",\"isPartOf\":{\"@id\":\"https:\\\/\\\/dpress.ma\\\/fr\\\/#website\"},\"primaryImageOfPage\":{\"@id\":\"https:\\\/\\\/dpress.ma\\\/fr\\\/2025\\\/02\\\/28\\\/la-dynamique-commerciale-prend-de-lampleur-a-la-veille-du-mois-beni\\\/#primaryimage\"},\"image\":{\"@id\":\"https:\\\/\\\/dpress.ma\\\/fr\\\/2025\\\/02\\\/28\\\/la-dynamique-commerciale-prend-de-lampleur-a-la-veille-du-mois-beni\\\/#primaryimage\"},\"thumbnailUrl\":\"https:\\\/\\\/dpress.ma\\\/fr\\\/wp-content\\\/uploads\\\/sites\\\/2\\\/2025\\\/02\\\/dprees-dim-81.png\",\"datePublished\":\"2025-02-28T17:17:20+00:00\",\"dateModified\":\"2025-02-28T17:17:37+00:00\",\"author\":{\"@id\":\"https:\\\/\\\/dpress.ma\\\/fr\\\/#\\\/schema\\\/person\\\/4898febf3ccd59e6578d838656a306a0\"},\"breadcrumb\":{\"@id\":\"https:\\\/\\\/dpress.ma\\\/fr\\\/2025\\\/02\\\/28\\\/la-dynamique-commerciale-prend-de-lampleur-a-la-veille-du-mois-beni\\\/#breadcrumb\"},\"inLanguage\":\"fr-FR\",\"potentialAction\":[{\"@type\":\"ReadAction\",\"target\":[\"https:\\\/\\\/dpress.ma\\\/fr\\\/2025\\\/02\\\/28\\\/la-dynamique-commerciale-prend-de-lampleur-a-la-veille-du-mois-beni\\\/\"]}]},{\"@type\":\"ImageObject\",\"inLanguage\":\"fr-FR\",\"@id\":\"https:\\\/\\\/dpress.ma\\\/fr\\\/2025\\\/02\\\/28\\\/la-dynamique-commerciale-prend-de-lampleur-a-la-veille-du-mois-beni\\\/#primaryimage\",\"url\":\"https:\\\/\\\/dpress.ma\\\/fr\\\/wp-content\\\/uploads\\\/sites\\\/2\\\/2025\\\/02\\\/dprees-dim-81.png\",\"contentUrl\":\"https:\\\/\\\/dpress.ma\\\/fr\\\/wp-content\\\/uploads\\\/sites\\\/2\\\/2025\\\/02\\\/dprees-dim-81.png\",\"width\":780,\"height\":470},{\"@type\":\"BreadcrumbList\",\"@id\":\"https:\\\/\\\/dpress.ma\\\/fr\\\/2025\\\/02\\\/28\\\/la-dynamique-commerciale-prend-de-lampleur-a-la-veille-du-mois-beni\\\/#breadcrumb\",\"itemListElement\":[{\"@type\":\"ListItem\",\"position\":1,\"name\":\"Home\",\"item\":\"https:\\\/\\\/dpress.ma\\\/fr\\\/\"},{\"@type\":\"ListItem\",\"position\":2,\"name\":\"La dynamique commerciale prend de l\u2019ampleur \u00e0 la veille du mois b\u00e9ni\"}]},{\"@type\":\"WebSite\",\"@id\":\"https:\\\/\\\/dpress.ma\\\/fr\\\/#website\",\"url\":\"https:\\\/\\\/dpress.ma\\\/fr\\\/\",\"name\":\"Dpress.ma\\\/fr\",\"description\":\"\",\"potentialAction\":[{\"@type\":\"SearchAction\",\"target\":{\"@type\":\"EntryPoint\",\"urlTemplate\":\"https:\\\/\\\/dpress.ma\\\/fr\\\/?s={search_term_string}\"},\"query-input\":{\"@type\":\"PropertyValueSpecification\",\"valueRequired\":true,\"valueName\":\"search_term_string\"}}],\"inLanguage\":\"fr-FR\"},{\"@type\":\"Person\",\"@id\":\"https:\\\/\\\/dpress.ma\\\/fr\\\/#\\\/schema\\\/person\\\/4898febf3ccd59e6578d838656a306a0\",\"name\":\"Dpress.ma\",\"image\":{\"@type\":\"ImageObject\",\"inLanguage\":\"fr-FR\",\"@id\":\"https:\\\/\\\/secure.gravatar.com\\\/avatar\\\/72ecc30e9db047a2e0e7176561eb9d564ed77c8108376495b19bd8336405198a?s=96&d=mm&r=g\",\"url\":\"https:\\\/\\\/secure.gravatar.com\\\/avatar\\\/72ecc30e9db047a2e0e7176561eb9d564ed77c8108376495b19bd8336405198a?s=96&d=mm&r=g\",\"contentUrl\":\"https:\\\/\\\/secure.gravatar.com\\\/avatar\\\/72ecc30e9db047a2e0e7176561eb9d564ed77c8108376495b19bd8336405198a?s=96&d=mm&r=g\",\"caption\":\"Dpress.ma\"},\"sameAs\":[\"https:\\\/\\\/www.dpress.ma\"],\"url\":\"https:\\\/\\\/dpress.ma\\\/fr\\\/author\\\/dpress-ma\\\/\"}]}<\/script>\n<!-- \/ Yoast SEO plugin. -->","yoast_head_json":{"title":"La dynamique commerciale prend de l\u2019ampleur \u00e0 la veille du mois b\u00e9ni - Dpress.ma\/fr","robots":{"index":"index","follow":"follow","max-snippet":"max-snippet:-1","max-image-preview":"max-image-preview:large","max-video-preview":"max-video-preview:-1"},"canonical":"https:\/\/dpress.ma\/fr\/2025\/02\/28\/la-dynamique-commerciale-prend-de-lampleur-a-la-veille-du-mois-beni\/","og_locale":"fr_FR","og_type":"article","og_title":"La dynamique commerciale prend de l\u2019ampleur \u00e0 la veille du mois b\u00e9ni - Dpress.ma\/fr","og_description":"dpress &nbsp;Mois de ferveur exceptionnel et&nbsp;moment unique propice au recueillement et \u00e0 la pri\u00e8re,&nbsp;le Ramadan marque aussi un v\u00e9ritable changement dans les habitudes alimentaires et de consommation des Marocains, en g\u00e9n\u00e9ral, et des Marrakchis, en particulier.&nbsp;En t\u00e9moigne l\u2019engouement fort et inhabituel pour une panoplie de produits n\u00e9cessaires \u00e0 la pr\u00e9paration de certains mets&nbsp;ind\u00e9tr\u00f4nables de&nbsp;la table &hellip;","og_url":"https:\/\/dpress.ma\/fr\/2025\/02\/28\/la-dynamique-commerciale-prend-de-lampleur-a-la-veille-du-mois-beni\/","og_site_name":"Dpress.ma\/fr","article_published_time":"2025-02-28T17:17:20+00:00","article_modified_time":"2025-02-28T17:17:37+00:00","og_image":[{"width":780,"height":470,"url":"https:\/\/dpress.ma\/fr\/wp-content\/uploads\/sites\/2\/2025\/02\/dprees-dim-81.png","type":"image\/png"}],"author":"Dpress.ma","twitter_card":"summary_large_image","twitter_misc":{"\u00c9crit par":"Dpress.ma","Dur\u00e9e de lecture estim\u00e9e":"4 minutes"},"schema":{"@context":"https:\/\/schema.org","@graph":[{"@type":"Article","@id":"https:\/\/dpress.ma\/fr\/2025\/02\/28\/la-dynamique-commerciale-prend-de-lampleur-a-la-veille-du-mois-beni\/#article","isPartOf":{"@id":"https:\/\/dpress.ma\/fr\/2025\/02\/28\/la-dynamique-commerciale-prend-de-lampleur-a-la-veille-du-mois-beni\/"},"author":{"name":"Dpress.ma","@id":"https:\/\/dpress.ma\/fr\/#\/schema\/person\/4898febf3ccd59e6578d838656a306a0"},"headline":"La dynamique commerciale prend de l\u2019ampleur \u00e0 la veille du mois b\u00e9ni","datePublished":"2025-02-28T17:17:20+00:00","dateModified":"2025-02-28T17:17:37+00:00","mainEntityOfPage":{"@id":"https:\/\/dpress.ma\/fr\/2025\/02\/28\/la-dynamique-commerciale-prend-de-lampleur-a-la-veille-du-mois-beni\/"},"wordCount":860,"commentCount":0,"image":{"@id":"https:\/\/dpress.ma\/fr\/2025\/02\/28\/la-dynamique-commerciale-prend-de-lampleur-a-la-veille-du-mois-beni\/#primaryimage"},"thumbnailUrl":"https:\/\/dpress.ma\/fr\/wp-content\/uploads\/sites\/2\/2025\/02\/dprees-dim-81.png","articleSection":["societe et regions"],"inLanguage":"fr-FR","potentialAction":[{"@type":"CommentAction","name":"Comment","target":["https:\/\/dpress.ma\/fr\/2025\/02\/28\/la-dynamique-commerciale-prend-de-lampleur-a-la-veille-du-mois-beni\/#respond"]}]},{"@type":"WebPage","@id":"https:\/\/dpress.ma\/fr\/2025\/02\/28\/la-dynamique-commerciale-prend-de-lampleur-a-la-veille-du-mois-beni\/","url":"https:\/\/dpress.ma\/fr\/2025\/02\/28\/la-dynamique-commerciale-prend-de-lampleur-a-la-veille-du-mois-beni\/","name":"La dynamique commerciale prend de l\u2019ampleur \u00e0 la veille du mois b\u00e9ni - Dpress.ma\/fr","isPartOf":{"@id":"https:\/\/dpress.ma\/fr\/#website"},"primaryImageOfPage":{"@id":"https:\/\/dpress.ma\/fr\/2025\/02\/28\/la-dynamique-commerciale-prend-de-lampleur-a-la-veille-du-mois-beni\/#primaryimage"},"image":{"@id":"https:\/\/dpress.ma\/fr\/2025\/02\/28\/la-dynamique-commerciale-prend-de-lampleur-a-la-veille-du-mois-beni\/#primaryimage"},"thumbnailUrl":"https:\/\/dpress.ma\/fr\/wp-content\/uploads\/sites\/2\/2025\/02\/dprees-dim-81.png","datePublished":"2025-02-28T17:17:20+00:00","dateModified":"2025-02-28T17:17:37+00:00","author":{"@id":"https:\/\/dpress.ma\/fr\/#\/schema\/person\/4898febf3ccd59e6578d838656a306a0"},"breadcrumb":{"@id":"https:\/\/dpress.ma\/fr\/2025\/02\/28\/la-dynamique-commerciale-prend-de-lampleur-a-la-veille-du-mois-beni\/#breadcrumb"},"inLanguage":"fr-FR","potentialAction":[{"@type":"ReadAction","target":["https:\/\/dpress.ma\/fr\/2025\/02\/28\/la-dynamique-commerciale-prend-de-lampleur-a-la-veille-du-mois-beni\/"]}]},{"@type":"ImageObject","inLanguage":"fr-FR","@id":"https:\/\/dpress.ma\/fr\/2025\/02\/28\/la-dynamique-commerciale-prend-de-lampleur-a-la-veille-du-mois-beni\/#primaryimage","url":"https:\/\/dpress.ma\/fr\/wp-content\/uploads\/sites\/2\/2025\/02\/dprees-dim-81.png","contentUrl":"https:\/\/dpress.ma\/fr\/wp-content\/uploads\/sites\/2\/2025\/02\/dprees-dim-81.png","width":780,"height":470},{"@type":"BreadcrumbList","@id":"https:\/\/dpress.ma\/fr\/2025\/02\/28\/la-dynamique-commerciale-prend-de-lampleur-a-la-veille-du-mois-beni\/#breadcrumb","itemListElement":[{"@type":"ListItem","position":1,"name":"Home","item":"https:\/\/dpress.ma\/fr\/"},{"@type":"ListItem","position":2,"name":"La dynamique commerciale prend de l\u2019ampleur \u00e0 la veille du mois b\u00e9ni"}]},{"@type":"WebSite","@id":"https:\/\/dpress.ma\/fr\/#website","url":"https:\/\/dpress.ma\/fr\/","name":"Dpress.ma\/fr","description":"","potentialAction":[{"@type":"SearchAction","target":{"@type":"EntryPoint","urlTemplate":"https:\/\/dpress.ma\/fr\/?s={search_term_string}"},"query-input":{"@type":"PropertyValueSpecification","valueRequired":true,"valueName":"search_term_string"}}],"inLanguage":"fr-FR"},{"@type":"Person","@id":"https:\/\/dpress.ma\/fr\/#\/schema\/person\/4898febf3ccd59e6578d838656a306a0","name":"Dpress.ma","image":{"@type":"ImageObject","inLanguage":"fr-FR","@id":"https:\/\/secure.gravatar.com\/avatar\/72ecc30e9db047a2e0e7176561eb9d564ed77c8108376495b19bd8336405198a?s=96&d=mm&r=g","url":"https:\/\/secure.gravatar.com\/avatar\/72ecc30e9db047a2e0e7176561eb9d564ed77c8108376495b19bd8336405198a?s=96&d=mm&r=g","contentUrl":"https:\/\/secure.gravatar.com\/avatar\/72ecc30e9db047a2e0e7176561eb9d564ed77c8108376495b19bd8336405198a?s=96&d=mm&r=g","caption":"Dpress.ma"},"sameAs":["https:\/\/www.dpress.ma"],"url":"https:\/\/dpress.ma\/fr\/author\/dpress-ma\/"}]}},"amp_enabled":true,"_links":{"self":[{"href":"https:\/\/dpress.ma\/fr\/wp-json\/wp\/v2\/posts\/12883","targetHints":{"allow":["GET"]}}],"collection":[{"href":"https:\/\/dpress.ma\/fr\/wp-json\/wp\/v2\/posts"}],"about":[{"href":"https:\/\/dpress.ma\/fr\/wp-json\/wp\/v2\/types\/post"}],"author":[{"embeddable":true,"href":"https:\/\/dpress.ma\/fr\/wp-json\/wp\/v2\/users\/2"}],"replies":[{"embeddable":true,"href":"https:\/\/dpress.ma\/fr\/wp-json\/wp\/v2\/comments?post=12883"}],"version-history":[{"count":1,"href":"https:\/\/dpress.ma\/fr\/wp-json\/wp\/v2\/posts\/12883\/revisions"}],"predecessor-version":[{"id":12885,"href":"https:\/\/dpress.ma\/fr\/wp-json\/wp\/v2\/posts\/12883\/revisions\/12885"}],"wp:featuredmedia":[{"embeddable":true,"href":"https:\/\/dpress.ma\/fr\/wp-json\/wp\/v2\/media\/12884"}],"wp:attachment":[{"href":"https:\/\/dpress.ma\/fr\/wp-json\/wp\/v2\/media?parent=12883"}],"wp:term":[{"taxonomy":"category","embeddable":true,"href":"https:\/\/dpress.ma\/fr\/wp-json\/wp\/v2\/categories?post=12883"},{"taxonomy":"post_tag","embeddable":true,"href":"https:\/\/dpress.ma\/fr\/wp-json\/wp\/v2\/tags?post=12883"}],"curies":[{"name":"wp","href":"https:\/\/api.w.org\/{rel}","templated":true}]}}