{"id":1287,"date":"2022-04-21T10:40:33","date_gmt":"2022-04-21T10:40:33","guid":{"rendered":"https:\/\/dpress.ma\/fr\/?p=1287"},"modified":"2022-04-21T10:40:34","modified_gmt":"2022-04-21T10:40:34","slug":"mme-el-mansouri-tient-une-seance-de-travail-sur-les-nouvelles-mesures-dappui-aux-entreprises-btp-tributaires-des-marches-publics","status":"publish","type":"post","link":"https:\/\/dpress.ma\/fr\/2022\/04\/21\/mme-el-mansouri-tient-une-seance-de-travail-sur-les-nouvelles-mesures-dappui-aux-entreprises-btp-tributaires-des-marches-publics\/","title":{"rendered":"Mme El Mansouri tient une s\u00e9ance de travail sur les nouvelles mesures d\u2019appui aux entreprises BTP, tributaires des march\u00e9s publics"},"content":{"rendered":"\n<p>Dpress<\/p>\n\n\n\n<p>La ministre de l\u2019Am\u00e9nagement du territoire national, de l\u2019urbanisme, de l\u2019habitat et de la politique de la ville, Fatima Ezzahra El Mansouri, a pr\u00e9sid\u00e9, mardi \u00e0 Rabat, une s\u00e9ance de travail avec le pr\u00e9sident du directoire du Holding Al Omrane (HAO), Badre Kanouni et le directeur national du Programme de Valorisation Durable des Ksours et Kasbahs (PVDKK), Bouazza Barka.<\/p>\n\n\n\n<p>Cette r\u00e9union s\u2019inscrit dans le cadre de la mise en \u0153uvre des Hautes Orientations de Sa Majest\u00e9 le Roi Mohammed VI, visant la relance de l\u2019\u00e9conomie et la sauvegarde des emplois et suite \u00e0 la publication de la circulaire du Chef de Gouvernement N\u00b009\/2022, dat\u00e9e du 18 avril 2022 relative aux mesures d\u2019att\u00e9nuation de l\u2019impact de la flamb\u00e9e des prix et des difficult\u00e9s d\u2019approvisionnement sur les entreprises titulaires des march\u00e9s publics, indique le minist\u00e8re dans un communiqu\u00e9.<\/p>\n\n\n\n<p>\u201cNous accordons une importance particuli\u00e8re \u00e0 l\u2019application de la circulaire du Chef du Gouvernement afin de soulager les tr\u00e9soreries des entreprises du secteur du BTP et de leur permettre de sauvegarder les emplois, de poursuivre leurs activit\u00e9s et de pr\u00e9server leur comp\u00e9titivit\u00e9\u201d, a soulign\u00e9 la ministre \u00e0 cette occasion,<\/p>\n\n\n\n<p>Et d\u2019ajouter que des mesures appropri\u00e9es seront mises en place par les organismes sous-tutelle pour permettre, entre autres, l\u2019all\u00e8gement des d\u00e9lais de paiement, l\u2019acquittement des factures en instance ainsi que la r\u00e9vision des d\u00e9lais d\u2019ex\u00e9cution des march\u00e9s en cours.<\/p>\n\n\n\n<p>Ainsi, afin de soutenir les entreprises impact\u00e9es n\u00e9gativement par cette conjoncture difficile, la ministre a donn\u00e9 ses instructions pour mettre en place une commission nationale ainsi que des commissions r\u00e9gionales compos\u00e9es des repr\u00e9sentants des Soci\u00e9t\u00e9s Al Omrane et des entit\u00e9s du minist\u00e8re afin d\u2019assurer un suivi r\u00e9gulier de l\u2019ex\u00e9cution de la circulaire et de dresser des rapports consolid\u00e9s \u00e0 cet effet, rel\u00e8ve le communiqu\u00e9.<\/p>\n\n\n\n<p>Concernant les litiges en cours opposant ma\u00eetre d\u2019ouvrage publics sous tutelle et les entreprises BTP, des arbitrages seront mis en place pour permettre de soutenir les op\u00e9rateurs titulaires de march\u00e9s publics qui subissent de plein fouet les circonstances exceptionnelles li\u00e9s \u00e0 la crise (indemnit\u00e9s de retard, confiscation des cautionnements\u2026), soligne-t-on.<\/p>\n\n\n\n<p>Mme El Mansouri a tenu, au cours de ce mois d\u2019avril, deux s\u00e9ances de travail avec la F\u00e9d\u00e9ration Nationale du B\u00e2timent et des Travaux publics (FNBTP) et de la F\u00e9d\u00e9ration des Mat\u00e9riaux de construction (FMC) au cours desquels les op\u00e9rateurs ont pr\u00e9sent\u00e9 les difficult\u00e9s rencontr\u00e9es suite \u00e0 la crise li\u00e9e \u00e0 la chert\u00e9 et la raret\u00e9 des mati\u00e8res premi\u00e8res et \u00e0 la flamb\u00e9e du co\u00fbt de l\u2019\u00e9nergie et du transport ainsi que leurs impact sur la sant\u00e9 financi\u00e8res des entreprises.<\/p>\n\n\n\n<p>Une occasion au cours de laquelle la ministre avait r\u00e9it\u00e9r\u00e9 son soutien \u00e0 la sauvegarde de l\u2019entreprise nationale, surtout dans un secteur qui emploie 1,2 millions de personnes et qui repr\u00e9sente pr\u00e8s de 6% du PIB, conclut le communiqu\u00e9.<\/p>\n","protected":false},"excerpt":{"rendered":"<p>Dpress La ministre de l\u2019Am\u00e9nagement du territoire national, de l\u2019urbanisme, de l\u2019habitat et de la politique de la ville, Fatima Ezzahra El Mansouri, a pr\u00e9sid\u00e9, mardi \u00e0 Rabat, une s\u00e9ance de travail avec le pr\u00e9sident du directoire du Holding Al Omrane (HAO), Badre Kanouni et le directeur national du Programme de Valorisation Durable des Ksours &hellip;<\/p>\n","protected":false},"author":2,"featured_media":1288,"comment_status":"closed","ping_status":"open","sticky":false,"template":"","format":"standard","meta":{"footnotes":""},"categories":[26],"tags":[],"class_list":["post-1287","post","type-post","status-publish","format-standard","has-post-thumbnail","hentry","category-politiques"],"yoast_head":"<!-- This site is optimized with the Yoast SEO plugin v27.5 - https:\/\/yoast.com\/product\/yoast-seo-wordpress\/ -->\n<title>Mme El Mansouri tient une s\u00e9ance de travail sur les nouvelles mesures d\u2019appui aux entreprises BTP, tributaires des march\u00e9s publics - Dpress.ma\/fr<\/title>\n<meta name=\"description\" content=\"La ministre de l\u2019Am\u00e9nagement du territoire national, de l\u2019urbanisme, de l\u2019habitat et de la politique de la ville,\" \/>\n<meta name=\"robots\" content=\"index, follow, max-snippet:-1, max-image-preview:large, max-video-preview:-1\" \/>\n<link rel=\"canonical\" href=\"https:\/\/dpress.ma\/fr\/2022\/04\/21\/mme-el-mansouri-tient-une-seance-de-travail-sur-les-nouvelles-mesures-dappui-aux-entreprises-btp-tributaires-des-marches-publics\/\" \/>\n<meta property=\"og:locale\" content=\"fr_FR\" \/>\n<meta property=\"og:type\" content=\"article\" \/>\n<meta property=\"og:title\" content=\"Mme El Mansouri tient une s\u00e9ance de travail sur les nouvelles mesures d\u2019appui aux entreprises BTP, tributaires des march\u00e9s publics - Dpress.ma\/fr\" \/>\n<meta property=\"og:description\" content=\"La ministre de l\u2019Am\u00e9nagement du territoire national, de l\u2019urbanisme, de l\u2019habitat et de la politique de la ville,\" \/>\n<meta property=\"og:url\" content=\"https:\/\/dpress.ma\/fr\/2022\/04\/21\/mme-el-mansouri-tient-une-seance-de-travail-sur-les-nouvelles-mesures-dappui-aux-entreprises-btp-tributaires-des-marches-publics\/\" \/>\n<meta property=\"og:site_name\" content=\"Dpress.ma\/fr\" \/>\n<meta property=\"article:published_time\" content=\"2022-04-21T10:40:33+00:00\" \/>\n<meta property=\"article:modified_time\" content=\"2022-04-21T10:40:34+00:00\" \/>\n<meta property=\"og:image\" content=\"https:\/\/dpress.ma\/fr\/wp-content\/uploads\/sites\/2\/2022\/04\/mansouri-fr.jpg\" \/>\n\t<meta property=\"og:image:width\" content=\"2539\" \/>\n\t<meta property=\"og:image:height\" content=\"1594\" \/>\n\t<meta property=\"og:image:type\" content=\"image\/jpeg\" \/>\n<meta name=\"author\" content=\"Dpress.ma\" \/>\n<meta name=\"twitter:card\" content=\"summary_large_image\" \/>\n<meta name=\"twitter:label1\" content=\"\u00c9crit par\" \/>\n\t<meta name=\"twitter:data1\" content=\"Dpress.ma\" \/>\n\t<meta name=\"twitter:label2\" content=\"Dur\u00e9e de lecture estim\u00e9e\" \/>\n\t<meta name=\"twitter:data2\" content=\"3 minutes\" \/>\n<script type=\"application\/ld+json\" class=\"yoast-schema-graph\">{\"@context\":\"https:\\\/\\\/schema.org\",\"@graph\":[{\"@type\":\"Article\",\"@id\":\"https:\\\/\\\/dpress.ma\\\/fr\\\/2022\\\/04\\\/21\\\/mme-el-mansouri-tient-une-seance-de-travail-sur-les-nouvelles-mesures-dappui-aux-entreprises-btp-tributaires-des-marches-publics\\\/#article\",\"isPartOf\":{\"@id\":\"https:\\\/\\\/dpress.ma\\\/fr\\\/2022\\\/04\\\/21\\\/mme-el-mansouri-tient-une-seance-de-travail-sur-les-nouvelles-mesures-dappui-aux-entreprises-btp-tributaires-des-marches-publics\\\/\"},\"author\":{\"name\":\"Dpress.ma\",\"@id\":\"https:\\\/\\\/dpress.ma\\\/fr\\\/#\\\/schema\\\/person\\\/4898febf3ccd59e6578d838656a306a0\"},\"headline\":\"Mme El Mansouri tient une s\u00e9ance de travail sur les nouvelles mesures d\u2019appui aux entreprises BTP, tributaires des march\u00e9s publics\",\"datePublished\":\"2022-04-21T10:40:33+00:00\",\"dateModified\":\"2022-04-21T10:40:34+00:00\",\"mainEntityOfPage\":{\"@id\":\"https:\\\/\\\/dpress.ma\\\/fr\\\/2022\\\/04\\\/21\\\/mme-el-mansouri-tient-une-seance-de-travail-sur-les-nouvelles-mesures-dappui-aux-entreprises-btp-tributaires-des-marches-publics\\\/\"},\"wordCount\":548,\"image\":{\"@id\":\"https:\\\/\\\/dpress.ma\\\/fr\\\/2022\\\/04\\\/21\\\/mme-el-mansouri-tient-une-seance-de-travail-sur-les-nouvelles-mesures-dappui-aux-entreprises-btp-tributaires-des-marches-publics\\\/#primaryimage\"},\"thumbnailUrl\":\"https:\\\/\\\/dpress.ma\\\/fr\\\/wp-content\\\/uploads\\\/sites\\\/2\\\/2022\\\/04\\\/mansouri-fr.jpg\",\"articleSection\":[\"Politiques\"],\"inLanguage\":\"fr-FR\"},{\"@type\":\"WebPage\",\"@id\":\"https:\\\/\\\/dpress.ma\\\/fr\\\/2022\\\/04\\\/21\\\/mme-el-mansouri-tient-une-seance-de-travail-sur-les-nouvelles-mesures-dappui-aux-entreprises-btp-tributaires-des-marches-publics\\\/\",\"url\":\"https:\\\/\\\/dpress.ma\\\/fr\\\/2022\\\/04\\\/21\\\/mme-el-mansouri-tient-une-seance-de-travail-sur-les-nouvelles-mesures-dappui-aux-entreprises-btp-tributaires-des-marches-publics\\\/\",\"name\":\"Mme El Mansouri tient une s\u00e9ance de travail sur les nouvelles mesures d\u2019appui aux entreprises BTP, tributaires des march\u00e9s publics - Dpress.ma\\\/fr\",\"isPartOf\":{\"@id\":\"https:\\\/\\\/dpress.ma\\\/fr\\\/#website\"},\"primaryImageOfPage\":{\"@id\":\"https:\\\/\\\/dpress.ma\\\/fr\\\/2022\\\/04\\\/21\\\/mme-el-mansouri-tient-une-seance-de-travail-sur-les-nouvelles-mesures-dappui-aux-entreprises-btp-tributaires-des-marches-publics\\\/#primaryimage\"},\"image\":{\"@id\":\"https:\\\/\\\/dpress.ma\\\/fr\\\/2022\\\/04\\\/21\\\/mme-el-mansouri-tient-une-seance-de-travail-sur-les-nouvelles-mesures-dappui-aux-entreprises-btp-tributaires-des-marches-publics\\\/#primaryimage\"},\"thumbnailUrl\":\"https:\\\/\\\/dpress.ma\\\/fr\\\/wp-content\\\/uploads\\\/sites\\\/2\\\/2022\\\/04\\\/mansouri-fr.jpg\",\"datePublished\":\"2022-04-21T10:40:33+00:00\",\"dateModified\":\"2022-04-21T10:40:34+00:00\",\"author\":{\"@id\":\"https:\\\/\\\/dpress.ma\\\/fr\\\/#\\\/schema\\\/person\\\/4898febf3ccd59e6578d838656a306a0\"},\"description\":\"La ministre de l\u2019Am\u00e9nagement du territoire national, de l\u2019urbanisme, de l\u2019habitat et de la politique de la ville,\",\"breadcrumb\":{\"@id\":\"https:\\\/\\\/dpress.ma\\\/fr\\\/2022\\\/04\\\/21\\\/mme-el-mansouri-tient-une-seance-de-travail-sur-les-nouvelles-mesures-dappui-aux-entreprises-btp-tributaires-des-marches-publics\\\/#breadcrumb\"},\"inLanguage\":\"fr-FR\",\"potentialAction\":[{\"@type\":\"ReadAction\",\"target\":[\"https:\\\/\\\/dpress.ma\\\/fr\\\/2022\\\/04\\\/21\\\/mme-el-mansouri-tient-une-seance-de-travail-sur-les-nouvelles-mesures-dappui-aux-entreprises-btp-tributaires-des-marches-publics\\\/\"]}]},{\"@type\":\"ImageObject\",\"inLanguage\":\"fr-FR\",\"@id\":\"https:\\\/\\\/dpress.ma\\\/fr\\\/2022\\\/04\\\/21\\\/mme-el-mansouri-tient-une-seance-de-travail-sur-les-nouvelles-mesures-dappui-aux-entreprises-btp-tributaires-des-marches-publics\\\/#primaryimage\",\"url\":\"https:\\\/\\\/dpress.ma\\\/fr\\\/wp-content\\\/uploads\\\/sites\\\/2\\\/2022\\\/04\\\/mansouri-fr.jpg\",\"contentUrl\":\"https:\\\/\\\/dpress.ma\\\/fr\\\/wp-content\\\/uploads\\\/sites\\\/2\\\/2022\\\/04\\\/mansouri-fr.jpg\",\"width\":2539,\"height\":1594},{\"@type\":\"BreadcrumbList\",\"@id\":\"https:\\\/\\\/dpress.ma\\\/fr\\\/2022\\\/04\\\/21\\\/mme-el-mansouri-tient-une-seance-de-travail-sur-les-nouvelles-mesures-dappui-aux-entreprises-btp-tributaires-des-marches-publics\\\/#breadcrumb\",\"itemListElement\":[{\"@type\":\"ListItem\",\"position\":1,\"name\":\"Home\",\"item\":\"https:\\\/\\\/dpress.ma\\\/fr\\\/\"},{\"@type\":\"ListItem\",\"position\":2,\"name\":\"Mme El Mansouri tient une s\u00e9ance de travail sur les nouvelles mesures d\u2019appui aux entreprises BTP, tributaires des march\u00e9s publics\"}]},{\"@type\":\"WebSite\",\"@id\":\"https:\\\/\\\/dpress.ma\\\/fr\\\/#website\",\"url\":\"https:\\\/\\\/dpress.ma\\\/fr\\\/\",\"name\":\"Dpress.ma\\\/fr\",\"description\":\"\",\"potentialAction\":[{\"@type\":\"SearchAction\",\"target\":{\"@type\":\"EntryPoint\",\"urlTemplate\":\"https:\\\/\\\/dpress.ma\\\/fr\\\/?s={search_term_string}\"},\"query-input\":{\"@type\":\"PropertyValueSpecification\",\"valueRequired\":true,\"valueName\":\"search_term_string\"}}],\"inLanguage\":\"fr-FR\"},{\"@type\":\"Person\",\"@id\":\"https:\\\/\\\/dpress.ma\\\/fr\\\/#\\\/schema\\\/person\\\/4898febf3ccd59e6578d838656a306a0\",\"name\":\"Dpress.ma\",\"image\":{\"@type\":\"ImageObject\",\"inLanguage\":\"fr-FR\",\"@id\":\"https:\\\/\\\/secure.gravatar.com\\\/avatar\\\/72ecc30e9db047a2e0e7176561eb9d564ed77c8108376495b19bd8336405198a?s=96&d=mm&r=g\",\"url\":\"https:\\\/\\\/secure.gravatar.com\\\/avatar\\\/72ecc30e9db047a2e0e7176561eb9d564ed77c8108376495b19bd8336405198a?s=96&d=mm&r=g\",\"contentUrl\":\"https:\\\/\\\/secure.gravatar.com\\\/avatar\\\/72ecc30e9db047a2e0e7176561eb9d564ed77c8108376495b19bd8336405198a?s=96&d=mm&r=g\",\"caption\":\"Dpress.ma\"},\"sameAs\":[\"https:\\\/\\\/www.dpress.ma\"],\"url\":\"https:\\\/\\\/dpress.ma\\\/fr\\\/author\\\/dpress-ma\\\/\"}]}<\/script>\n<!-- \/ Yoast SEO plugin. -->","yoast_head_json":{"title":"Mme El Mansouri tient une s\u00e9ance de travail sur les nouvelles mesures d\u2019appui aux entreprises BTP, tributaires des march\u00e9s publics - Dpress.ma\/fr","description":"La ministre de l\u2019Am\u00e9nagement du territoire national, de l\u2019urbanisme, de l\u2019habitat et de la politique de la ville,","robots":{"index":"index","follow":"follow","max-snippet":"max-snippet:-1","max-image-preview":"max-image-preview:large","max-video-preview":"max-video-preview:-1"},"canonical":"https:\/\/dpress.ma\/fr\/2022\/04\/21\/mme-el-mansouri-tient-une-seance-de-travail-sur-les-nouvelles-mesures-dappui-aux-entreprises-btp-tributaires-des-marches-publics\/","og_locale":"fr_FR","og_type":"article","og_title":"Mme El Mansouri tient une s\u00e9ance de travail sur les nouvelles mesures d\u2019appui aux entreprises BTP, tributaires des march\u00e9s publics - Dpress.ma\/fr","og_description":"La ministre de l\u2019Am\u00e9nagement du territoire national, de l\u2019urbanisme, de l\u2019habitat et de la politique de la ville,","og_url":"https:\/\/dpress.ma\/fr\/2022\/04\/21\/mme-el-mansouri-tient-une-seance-de-travail-sur-les-nouvelles-mesures-dappui-aux-entreprises-btp-tributaires-des-marches-publics\/","og_site_name":"Dpress.ma\/fr","article_published_time":"2022-04-21T10:40:33+00:00","article_modified_time":"2022-04-21T10:40:34+00:00","og_image":[{"width":2539,"height":1594,"url":"https:\/\/dpress.ma\/fr\/wp-content\/uploads\/sites\/2\/2022\/04\/mansouri-fr.jpg","type":"image\/jpeg"}],"author":"Dpress.ma","twitter_card":"summary_large_image","twitter_misc":{"\u00c9crit par":"Dpress.ma","Dur\u00e9e de lecture estim\u00e9e":"3 minutes"},"schema":{"@context":"https:\/\/schema.org","@graph":[{"@type":"Article","@id":"https:\/\/dpress.ma\/fr\/2022\/04\/21\/mme-el-mansouri-tient-une-seance-de-travail-sur-les-nouvelles-mesures-dappui-aux-entreprises-btp-tributaires-des-marches-publics\/#article","isPartOf":{"@id":"https:\/\/dpress.ma\/fr\/2022\/04\/21\/mme-el-mansouri-tient-une-seance-de-travail-sur-les-nouvelles-mesures-dappui-aux-entreprises-btp-tributaires-des-marches-publics\/"},"author":{"name":"Dpress.ma","@id":"https:\/\/dpress.ma\/fr\/#\/schema\/person\/4898febf3ccd59e6578d838656a306a0"},"headline":"Mme El Mansouri tient une s\u00e9ance de travail sur les nouvelles mesures d\u2019appui aux entreprises BTP, tributaires des march\u00e9s publics","datePublished":"2022-04-21T10:40:33+00:00","dateModified":"2022-04-21T10:40:34+00:00","mainEntityOfPage":{"@id":"https:\/\/dpress.ma\/fr\/2022\/04\/21\/mme-el-mansouri-tient-une-seance-de-travail-sur-les-nouvelles-mesures-dappui-aux-entreprises-btp-tributaires-des-marches-publics\/"},"wordCount":548,"image":{"@id":"https:\/\/dpress.ma\/fr\/2022\/04\/21\/mme-el-mansouri-tient-une-seance-de-travail-sur-les-nouvelles-mesures-dappui-aux-entreprises-btp-tributaires-des-marches-publics\/#primaryimage"},"thumbnailUrl":"https:\/\/dpress.ma\/fr\/wp-content\/uploads\/sites\/2\/2022\/04\/mansouri-fr.jpg","articleSection":["Politiques"],"inLanguage":"fr-FR"},{"@type":"WebPage","@id":"https:\/\/dpress.ma\/fr\/2022\/04\/21\/mme-el-mansouri-tient-une-seance-de-travail-sur-les-nouvelles-mesures-dappui-aux-entreprises-btp-tributaires-des-marches-publics\/","url":"https:\/\/dpress.ma\/fr\/2022\/04\/21\/mme-el-mansouri-tient-une-seance-de-travail-sur-les-nouvelles-mesures-dappui-aux-entreprises-btp-tributaires-des-marches-publics\/","name":"Mme El Mansouri tient une s\u00e9ance de travail sur les nouvelles mesures d\u2019appui aux entreprises BTP, tributaires des march\u00e9s publics - Dpress.ma\/fr","isPartOf":{"@id":"https:\/\/dpress.ma\/fr\/#website"},"primaryImageOfPage":{"@id":"https:\/\/dpress.ma\/fr\/2022\/04\/21\/mme-el-mansouri-tient-une-seance-de-travail-sur-les-nouvelles-mesures-dappui-aux-entreprises-btp-tributaires-des-marches-publics\/#primaryimage"},"image":{"@id":"https:\/\/dpress.ma\/fr\/2022\/04\/21\/mme-el-mansouri-tient-une-seance-de-travail-sur-les-nouvelles-mesures-dappui-aux-entreprises-btp-tributaires-des-marches-publics\/#primaryimage"},"thumbnailUrl":"https:\/\/dpress.ma\/fr\/wp-content\/uploads\/sites\/2\/2022\/04\/mansouri-fr.jpg","datePublished":"2022-04-21T10:40:33+00:00","dateModified":"2022-04-21T10:40:34+00:00","author":{"@id":"https:\/\/dpress.ma\/fr\/#\/schema\/person\/4898febf3ccd59e6578d838656a306a0"},"description":"La ministre de l\u2019Am\u00e9nagement du territoire national, de l\u2019urbanisme, de l\u2019habitat et de la politique de la ville,","breadcrumb":{"@id":"https:\/\/dpress.ma\/fr\/2022\/04\/21\/mme-el-mansouri-tient-une-seance-de-travail-sur-les-nouvelles-mesures-dappui-aux-entreprises-btp-tributaires-des-marches-publics\/#breadcrumb"},"inLanguage":"fr-FR","potentialAction":[{"@type":"ReadAction","target":["https:\/\/dpress.ma\/fr\/2022\/04\/21\/mme-el-mansouri-tient-une-seance-de-travail-sur-les-nouvelles-mesures-dappui-aux-entreprises-btp-tributaires-des-marches-publics\/"]}]},{"@type":"ImageObject","inLanguage":"fr-FR","@id":"https:\/\/dpress.ma\/fr\/2022\/04\/21\/mme-el-mansouri-tient-une-seance-de-travail-sur-les-nouvelles-mesures-dappui-aux-entreprises-btp-tributaires-des-marches-publics\/#primaryimage","url":"https:\/\/dpress.ma\/fr\/wp-content\/uploads\/sites\/2\/2022\/04\/mansouri-fr.jpg","contentUrl":"https:\/\/dpress.ma\/fr\/wp-content\/uploads\/sites\/2\/2022\/04\/mansouri-fr.jpg","width":2539,"height":1594},{"@type":"BreadcrumbList","@id":"https:\/\/dpress.ma\/fr\/2022\/04\/21\/mme-el-mansouri-tient-une-seance-de-travail-sur-les-nouvelles-mesures-dappui-aux-entreprises-btp-tributaires-des-marches-publics\/#breadcrumb","itemListElement":[{"@type":"ListItem","position":1,"name":"Home","item":"https:\/\/dpress.ma\/fr\/"},{"@type":"ListItem","position":2,"name":"Mme El Mansouri tient une s\u00e9ance de travail sur les nouvelles mesures d\u2019appui aux entreprises BTP, tributaires des march\u00e9s publics"}]},{"@type":"WebSite","@id":"https:\/\/dpress.ma\/fr\/#website","url":"https:\/\/dpress.ma\/fr\/","name":"Dpress.ma\/fr","description":"","potentialAction":[{"@type":"SearchAction","target":{"@type":"EntryPoint","urlTemplate":"https:\/\/dpress.ma\/fr\/?s={search_term_string}"},"query-input":{"@type":"PropertyValueSpecification","valueRequired":true,"valueName":"search_term_string"}}],"inLanguage":"fr-FR"},{"@type":"Person","@id":"https:\/\/dpress.ma\/fr\/#\/schema\/person\/4898febf3ccd59e6578d838656a306a0","name":"Dpress.ma","image":{"@type":"ImageObject","inLanguage":"fr-FR","@id":"https:\/\/secure.gravatar.com\/avatar\/72ecc30e9db047a2e0e7176561eb9d564ed77c8108376495b19bd8336405198a?s=96&d=mm&r=g","url":"https:\/\/secure.gravatar.com\/avatar\/72ecc30e9db047a2e0e7176561eb9d564ed77c8108376495b19bd8336405198a?s=96&d=mm&r=g","contentUrl":"https:\/\/secure.gravatar.com\/avatar\/72ecc30e9db047a2e0e7176561eb9d564ed77c8108376495b19bd8336405198a?s=96&d=mm&r=g","caption":"Dpress.ma"},"sameAs":["https:\/\/www.dpress.ma"],"url":"https:\/\/dpress.ma\/fr\/author\/dpress-ma\/"}]}},"amp_enabled":true,"_links":{"self":[{"href":"https:\/\/dpress.ma\/fr\/wp-json\/wp\/v2\/posts\/1287","targetHints":{"allow":["GET"]}}],"collection":[{"href":"https:\/\/dpress.ma\/fr\/wp-json\/wp\/v2\/posts"}],"about":[{"href":"https:\/\/dpress.ma\/fr\/wp-json\/wp\/v2\/types\/post"}],"author":[{"embeddable":true,"href":"https:\/\/dpress.ma\/fr\/wp-json\/wp\/v2\/users\/2"}],"replies":[{"embeddable":true,"href":"https:\/\/dpress.ma\/fr\/wp-json\/wp\/v2\/comments?post=1287"}],"version-history":[{"count":1,"href":"https:\/\/dpress.ma\/fr\/wp-json\/wp\/v2\/posts\/1287\/revisions"}],"predecessor-version":[{"id":1289,"href":"https:\/\/dpress.ma\/fr\/wp-json\/wp\/v2\/posts\/1287\/revisions\/1289"}],"wp:featuredmedia":[{"embeddable":true,"href":"https:\/\/dpress.ma\/fr\/wp-json\/wp\/v2\/media\/1288"}],"wp:attachment":[{"href":"https:\/\/dpress.ma\/fr\/wp-json\/wp\/v2\/media?parent=1287"}],"wp:term":[{"taxonomy":"category","embeddable":true,"href":"https:\/\/dpress.ma\/fr\/wp-json\/wp\/v2\/categories?post=1287"},{"taxonomy":"post_tag","embeddable":true,"href":"https:\/\/dpress.ma\/fr\/wp-json\/wp\/v2\/tags?post=1287"}],"curies":[{"name":"wp","href":"https:\/\/api.w.org\/{rel}","templated":true}]}}