{"id":12811,"date":"2025-02-24T15:49:02","date_gmt":"2025-02-24T15:49:02","guid":{"rendered":"https:\/\/dpress.ma\/fr\/?p=12811"},"modified":"2025-02-24T15:49:03","modified_gmt":"2025-02-24T15:49:03","slug":"le-partenariat-maroco-francais-connait-une-dynamique-sans-precedent-grace-a-la-volonte-des-deux-chefs-detat","status":"publish","type":"post","link":"https:\/\/dpress.ma\/fr\/2025\/02\/24\/le-partenariat-maroco-francais-connait-une-dynamique-sans-precedent-grace-a-la-volonte-des-deux-chefs-detat\/","title":{"rendered":"Le partenariat maroco-fran\u00e7ais conna\u00eet une dynamique sans pr\u00e9c\u00e9dent gr\u00e2ce \u00e0 la volont\u00e9 des deux Chefs d\u2019Etat"},"content":{"rendered":"\n<p>dpress<\/p>\n\n\n\n<p>Le partenariat maroco-fran\u00e7ais conna\u00eet une dynamique sans pr\u00e9c\u00e9dent sur les plans politique, \u00e9conomique, humain et culturel, gr\u00e2ce \u00e0 la volont\u00e9 commune des deux Chefs d\u2019Etat, Sa Majest\u00e9 le Roi Mohammed VI et S.E.M. le Pr\u00e9sident Emmanuel Macron, a affirm\u00e9, lundi \u00e0 Rabat, le pr\u00e9sident de la Chambre des conseillers, Mohamed Ould Errachid.<\/p>\n\n\n\n<p>Lors d\u2019un point de presse conjoint avec le pr\u00e9sident du S\u00e9nat de France, G\u00e9rard Larcher, \u00e0 l\u2019issue d\u2019entretiens tenus au si\u00e8ge de la Chambre des conseillers, M. Ould Errachid a soulign\u00e9 que la visite officielle de M. Larcher au Maroc \u201cillustre la volont\u00e9 ferme et renouvel\u00e9e de capitaliser sur les acquis qualitatifs du processus d\u2019amiti\u00e9 et de coop\u00e9ration entre la Chambre des conseillers et le S\u00e9nat fran\u00e7ais, marqu\u00e9 par un dialogue r\u00e9gulier et constructif et une action continue\u201d.<\/p>\n\n\n\n<p>Le pr\u00e9sident de la Chambre des conseillers a relev\u00e9 que les deux parties ont insist\u00e9 sur le r\u00f4le de la diplomatie parlementaire en tant que pilier fondamental pour accompagner cette dynamique exceptionnelle et consolider les bases de l\u2019\u00e9dification commune, au service des int\u00e9r\u00eats sup\u00e9rieurs des deux pays amis.<\/p>\n\n\n\n<p>Les discussions ont mis en avant la n\u00e9cessit\u00e9 d\u2019\u00e9tablir un cadre global de coop\u00e9ration parlementaire bilat\u00e9rale, bas\u00e9 sur la concertation et la coordination \u00e9troites autour des questions d\u2019int\u00e9r\u00eat commun, l\u2019intensification des \u00e9changes de visites officielles, l\u2019organisation conjointe d\u2019\u00e9v\u00e9nements parlementaires, la coordination dans les fora parlementaires internationaux, et le renforcement des \u00e9changes d\u2019exp\u00e9riences et d\u2019expertises dans tous les domaines li\u00e9s \u00e0 l\u2019action parlementaire, a-t-il dit.<\/p>\n\n\n\n<p>M. Ould Errachid a aussi \u00e9voqu\u00e9 l\u2019importance de dynamiser les groupes d\u2019amiti\u00e9 parlementaire au sein des deux institutions, ainsi que le Forum parlementaire maroco-fran\u00e7ais, \u201cqui constitue une plateforme privil\u00e9gi\u00e9e pour l\u2019\u00e9change de points de vue et la coordination des efforts entre les diff\u00e9rentes sensibilit\u00e9s politiques et parlementaires sur diverses questions communes\u201d.<\/p>\n\n\n\n<p>Il a indiqu\u00e9 que la rencontre a \u00e9galement \u00e9t\u00e9 l\u2019occasion de mettre en lumi\u00e8re l\u2019exp\u00e9rience pionni\u00e8re de r\u00e9forme men\u00e9e au Maroc, sous la conduite \u00e9clair\u00e9e de Sa Majest\u00e9 le Roi Mohammed VI, ainsi que le processus de d\u00e9veloppement global du Royaume dans le cadre d\u2019un \u00e9difice institutionnel et constitutionnel avanc\u00e9, d\u2019une vie d\u00e9mocratique dynamique et d\u2019une large participation constructive des citoyennes et citoyens.<\/p>\n\n\n\n<p>Concernant la question de l\u2019int\u00e9grit\u00e9 territoriale du Royaume, le pr\u00e9sident de la Chambre des conseillers a rappel\u00e9 que les deux parties ont r\u00e9it\u00e9r\u00e9 leur appr\u00e9ciation de la position historique de la France, qui affirme que le pr\u00e9sent et l\u2019avenir du Sahara s\u2019inscrivent dans le cadre de la souverainet\u00e9 marocaine.<\/p>\n\n\n\n<p>Cette position s\u2019inscrit dans une dynamique de soutien international croissant \u00e0 l\u2019initiative marocaine d\u2019autonomie sous souverainet\u00e9 marocaine, comme solution unique pour mettre fin au conflit artificiel autour du Sahara marocain, a indiqu\u00e9 le responsable, ajoutant&nbsp;que cette initiative b\u00e9n\u00e9ficie d\u2019un appui grandissant et explicite de la communaut\u00e9 internationale, convaincue de la vision du Royaume du Maroc, sous la conduite \u00e9clair\u00e9e de Sa Majest\u00e9 le Roi, pour l\u2019avenir du Sahara marocain.<\/p>\n\n\n\n<p>Le pr\u00e9sident du S\u00e9nat fran\u00e7ais effectue une visite officielle au Royaume \u00e0 la t\u00eate d\u2019une importante d\u00e9l\u00e9gation. Au programme figurent notamment des entretiens avec le Chef du gouvernement, le ministre des Affaires \u00e9trang\u00e8res, de la Coop\u00e9ration africaine et des Marocains r\u00e9sidant \u00e0 l\u2019\u00e9tranger, ainsi qu\u2019un d\u00e9placement \u00e0 La\u00e2youne, dans le Sahara marocain.<\/p>\n","protected":false},"excerpt":{"rendered":"<p>dpress Le partenariat maroco-fran\u00e7ais conna\u00eet une dynamique sans pr\u00e9c\u00e9dent sur les plans politique, \u00e9conomique, humain et culturel, gr\u00e2ce \u00e0 la volont\u00e9 commune des deux Chefs d\u2019Etat, Sa Majest\u00e9 le Roi Mohammed VI et S.E.M. le Pr\u00e9sident Emmanuel Macron, a affirm\u00e9, lundi \u00e0 Rabat, le pr\u00e9sident de la Chambre des conseillers, Mohamed Ould Errachid. Lors d\u2019un &hellip;<\/p>\n","protected":false},"author":2,"featured_media":12812,"comment_status":"open","ping_status":"open","sticky":false,"template":"","format":"standard","meta":{"footnotes":""},"categories":[26],"tags":[],"class_list":["post-12811","post","type-post","status-publish","format-standard","has-post-thumbnail","hentry","category-politiques"],"yoast_head":"<!-- This site is optimized with the Yoast SEO plugin v27.5 - https:\/\/yoast.com\/product\/yoast-seo-wordpress\/ -->\n<title>Le partenariat maroco-fran\u00e7ais conna\u00eet une dynamique sans pr\u00e9c\u00e9dent gr\u00e2ce \u00e0 la volont\u00e9 des deux Chefs d\u2019Etat - Dpress.ma\/fr<\/title>\n<meta name=\"robots\" content=\"index, follow, max-snippet:-1, max-image-preview:large, max-video-preview:-1\" \/>\n<link rel=\"canonical\" href=\"https:\/\/dpress.ma\/fr\/2025\/02\/24\/le-partenariat-maroco-francais-connait-une-dynamique-sans-precedent-grace-a-la-volonte-des-deux-chefs-detat\/\" \/>\n<meta property=\"og:locale\" content=\"fr_FR\" \/>\n<meta property=\"og:type\" content=\"article\" \/>\n<meta property=\"og:title\" content=\"Le partenariat maroco-fran\u00e7ais conna\u00eet une dynamique sans pr\u00e9c\u00e9dent gr\u00e2ce \u00e0 la volont\u00e9 des deux Chefs d\u2019Etat - Dpress.ma\/fr\" \/>\n<meta property=\"og:description\" content=\"dpress Le partenariat maroco-fran\u00e7ais conna\u00eet une dynamique sans pr\u00e9c\u00e9dent sur les plans politique, \u00e9conomique, humain et culturel, gr\u00e2ce \u00e0 la volont\u00e9 commune des deux Chefs d\u2019Etat, Sa Majest\u00e9 le Roi Mohammed VI et S.E.M. le Pr\u00e9sident Emmanuel Macron, a affirm\u00e9, lundi \u00e0 Rabat, le pr\u00e9sident de la Chambre des conseillers, Mohamed Ould Errachid. Lors d\u2019un &hellip;\" \/>\n<meta property=\"og:url\" content=\"https:\/\/dpress.ma\/fr\/2025\/02\/24\/le-partenariat-maroco-francais-connait-une-dynamique-sans-precedent-grace-a-la-volonte-des-deux-chefs-detat\/\" \/>\n<meta property=\"og:site_name\" content=\"Dpress.ma\/fr\" \/>\n<meta property=\"article:published_time\" content=\"2025-02-24T15:49:02+00:00\" \/>\n<meta property=\"article:modified_time\" content=\"2025-02-24T15:49:03+00:00\" \/>\n<meta property=\"og:image\" content=\"https:\/\/dpress.ma\/fr\/wp-content\/uploads\/sites\/2\/2025\/02\/dprees-dim-58.png\" \/>\n\t<meta property=\"og:image:width\" content=\"780\" \/>\n\t<meta property=\"og:image:height\" content=\"470\" \/>\n\t<meta property=\"og:image:type\" content=\"image\/png\" \/>\n<meta name=\"author\" content=\"Dpress.ma\" \/>\n<meta name=\"twitter:card\" content=\"summary_large_image\" \/>\n<meta name=\"twitter:label1\" content=\"\u00c9crit par\" \/>\n\t<meta name=\"twitter:data1\" content=\"Dpress.ma\" \/>\n\t<meta name=\"twitter:label2\" content=\"Dur\u00e9e de lecture estim\u00e9e\" \/>\n\t<meta name=\"twitter:data2\" content=\"3 minutes\" \/>\n<script type=\"application\/ld+json\" class=\"yoast-schema-graph\">{\"@context\":\"https:\\\/\\\/schema.org\",\"@graph\":[{\"@type\":\"Article\",\"@id\":\"https:\\\/\\\/dpress.ma\\\/fr\\\/2025\\\/02\\\/24\\\/le-partenariat-maroco-francais-connait-une-dynamique-sans-precedent-grace-a-la-volonte-des-deux-chefs-detat\\\/#article\",\"isPartOf\":{\"@id\":\"https:\\\/\\\/dpress.ma\\\/fr\\\/2025\\\/02\\\/24\\\/le-partenariat-maroco-francais-connait-une-dynamique-sans-precedent-grace-a-la-volonte-des-deux-chefs-detat\\\/\"},\"author\":{\"name\":\"Dpress.ma\",\"@id\":\"https:\\\/\\\/dpress.ma\\\/fr\\\/#\\\/schema\\\/person\\\/4898febf3ccd59e6578d838656a306a0\"},\"headline\":\"Le partenariat maroco-fran\u00e7ais conna\u00eet une dynamique sans pr\u00e9c\u00e9dent gr\u00e2ce \u00e0 la volont\u00e9 des deux Chefs d\u2019Etat\",\"datePublished\":\"2025-02-24T15:49:02+00:00\",\"dateModified\":\"2025-02-24T15:49:03+00:00\",\"mainEntityOfPage\":{\"@id\":\"https:\\\/\\\/dpress.ma\\\/fr\\\/2025\\\/02\\\/24\\\/le-partenariat-maroco-francais-connait-une-dynamique-sans-precedent-grace-a-la-volonte-des-deux-chefs-detat\\\/\"},\"wordCount\":639,\"commentCount\":0,\"image\":{\"@id\":\"https:\\\/\\\/dpress.ma\\\/fr\\\/2025\\\/02\\\/24\\\/le-partenariat-maroco-francais-connait-une-dynamique-sans-precedent-grace-a-la-volonte-des-deux-chefs-detat\\\/#primaryimage\"},\"thumbnailUrl\":\"https:\\\/\\\/dpress.ma\\\/fr\\\/wp-content\\\/uploads\\\/sites\\\/2\\\/2025\\\/02\\\/dprees-dim-58.png\",\"articleSection\":[\"Politiques\"],\"inLanguage\":\"fr-FR\",\"potentialAction\":[{\"@type\":\"CommentAction\",\"name\":\"Comment\",\"target\":[\"https:\\\/\\\/dpress.ma\\\/fr\\\/2025\\\/02\\\/24\\\/le-partenariat-maroco-francais-connait-une-dynamique-sans-precedent-grace-a-la-volonte-des-deux-chefs-detat\\\/#respond\"]}]},{\"@type\":\"WebPage\",\"@id\":\"https:\\\/\\\/dpress.ma\\\/fr\\\/2025\\\/02\\\/24\\\/le-partenariat-maroco-francais-connait-une-dynamique-sans-precedent-grace-a-la-volonte-des-deux-chefs-detat\\\/\",\"url\":\"https:\\\/\\\/dpress.ma\\\/fr\\\/2025\\\/02\\\/24\\\/le-partenariat-maroco-francais-connait-une-dynamique-sans-precedent-grace-a-la-volonte-des-deux-chefs-detat\\\/\",\"name\":\"Le partenariat maroco-fran\u00e7ais conna\u00eet une dynamique sans pr\u00e9c\u00e9dent gr\u00e2ce \u00e0 la volont\u00e9 des deux Chefs d\u2019Etat - Dpress.ma\\\/fr\",\"isPartOf\":{\"@id\":\"https:\\\/\\\/dpress.ma\\\/fr\\\/#website\"},\"primaryImageOfPage\":{\"@id\":\"https:\\\/\\\/dpress.ma\\\/fr\\\/2025\\\/02\\\/24\\\/le-partenariat-maroco-francais-connait-une-dynamique-sans-precedent-grace-a-la-volonte-des-deux-chefs-detat\\\/#primaryimage\"},\"image\":{\"@id\":\"https:\\\/\\\/dpress.ma\\\/fr\\\/2025\\\/02\\\/24\\\/le-partenariat-maroco-francais-connait-une-dynamique-sans-precedent-grace-a-la-volonte-des-deux-chefs-detat\\\/#primaryimage\"},\"thumbnailUrl\":\"https:\\\/\\\/dpress.ma\\\/fr\\\/wp-content\\\/uploads\\\/sites\\\/2\\\/2025\\\/02\\\/dprees-dim-58.png\",\"datePublished\":\"2025-02-24T15:49:02+00:00\",\"dateModified\":\"2025-02-24T15:49:03+00:00\",\"author\":{\"@id\":\"https:\\\/\\\/dpress.ma\\\/fr\\\/#\\\/schema\\\/person\\\/4898febf3ccd59e6578d838656a306a0\"},\"breadcrumb\":{\"@id\":\"https:\\\/\\\/dpress.ma\\\/fr\\\/2025\\\/02\\\/24\\\/le-partenariat-maroco-francais-connait-une-dynamique-sans-precedent-grace-a-la-volonte-des-deux-chefs-detat\\\/#breadcrumb\"},\"inLanguage\":\"fr-FR\",\"potentialAction\":[{\"@type\":\"ReadAction\",\"target\":[\"https:\\\/\\\/dpress.ma\\\/fr\\\/2025\\\/02\\\/24\\\/le-partenariat-maroco-francais-connait-une-dynamique-sans-precedent-grace-a-la-volonte-des-deux-chefs-detat\\\/\"]}]},{\"@type\":\"ImageObject\",\"inLanguage\":\"fr-FR\",\"@id\":\"https:\\\/\\\/dpress.ma\\\/fr\\\/2025\\\/02\\\/24\\\/le-partenariat-maroco-francais-connait-une-dynamique-sans-precedent-grace-a-la-volonte-des-deux-chefs-detat\\\/#primaryimage\",\"url\":\"https:\\\/\\\/dpress.ma\\\/fr\\\/wp-content\\\/uploads\\\/sites\\\/2\\\/2025\\\/02\\\/dprees-dim-58.png\",\"contentUrl\":\"https:\\\/\\\/dpress.ma\\\/fr\\\/wp-content\\\/uploads\\\/sites\\\/2\\\/2025\\\/02\\\/dprees-dim-58.png\",\"width\":780,\"height\":470},{\"@type\":\"BreadcrumbList\",\"@id\":\"https:\\\/\\\/dpress.ma\\\/fr\\\/2025\\\/02\\\/24\\\/le-partenariat-maroco-francais-connait-une-dynamique-sans-precedent-grace-a-la-volonte-des-deux-chefs-detat\\\/#breadcrumb\",\"itemListElement\":[{\"@type\":\"ListItem\",\"position\":1,\"name\":\"Home\",\"item\":\"https:\\\/\\\/dpress.ma\\\/fr\\\/\"},{\"@type\":\"ListItem\",\"position\":2,\"name\":\"Le partenariat maroco-fran\u00e7ais conna\u00eet une dynamique sans pr\u00e9c\u00e9dent gr\u00e2ce \u00e0 la volont\u00e9 des deux Chefs d\u2019Etat\"}]},{\"@type\":\"WebSite\",\"@id\":\"https:\\\/\\\/dpress.ma\\\/fr\\\/#website\",\"url\":\"https:\\\/\\\/dpress.ma\\\/fr\\\/\",\"name\":\"Dpress.ma\\\/fr\",\"description\":\"\",\"potentialAction\":[{\"@type\":\"SearchAction\",\"target\":{\"@type\":\"EntryPoint\",\"urlTemplate\":\"https:\\\/\\\/dpress.ma\\\/fr\\\/?s={search_term_string}\"},\"query-input\":{\"@type\":\"PropertyValueSpecification\",\"valueRequired\":true,\"valueName\":\"search_term_string\"}}],\"inLanguage\":\"fr-FR\"},{\"@type\":\"Person\",\"@id\":\"https:\\\/\\\/dpress.ma\\\/fr\\\/#\\\/schema\\\/person\\\/4898febf3ccd59e6578d838656a306a0\",\"name\":\"Dpress.ma\",\"image\":{\"@type\":\"ImageObject\",\"inLanguage\":\"fr-FR\",\"@id\":\"https:\\\/\\\/secure.gravatar.com\\\/avatar\\\/72ecc30e9db047a2e0e7176561eb9d564ed77c8108376495b19bd8336405198a?s=96&d=mm&r=g\",\"url\":\"https:\\\/\\\/secure.gravatar.com\\\/avatar\\\/72ecc30e9db047a2e0e7176561eb9d564ed77c8108376495b19bd8336405198a?s=96&d=mm&r=g\",\"contentUrl\":\"https:\\\/\\\/secure.gravatar.com\\\/avatar\\\/72ecc30e9db047a2e0e7176561eb9d564ed77c8108376495b19bd8336405198a?s=96&d=mm&r=g\",\"caption\":\"Dpress.ma\"},\"sameAs\":[\"https:\\\/\\\/www.dpress.ma\"],\"url\":\"https:\\\/\\\/dpress.ma\\\/fr\\\/author\\\/dpress-ma\\\/\"}]}<\/script>\n<!-- \/ Yoast SEO plugin. -->","yoast_head_json":{"title":"Le partenariat maroco-fran\u00e7ais conna\u00eet une dynamique sans pr\u00e9c\u00e9dent gr\u00e2ce \u00e0 la volont\u00e9 des deux Chefs d\u2019Etat - Dpress.ma\/fr","robots":{"index":"index","follow":"follow","max-snippet":"max-snippet:-1","max-image-preview":"max-image-preview:large","max-video-preview":"max-video-preview:-1"},"canonical":"https:\/\/dpress.ma\/fr\/2025\/02\/24\/le-partenariat-maroco-francais-connait-une-dynamique-sans-precedent-grace-a-la-volonte-des-deux-chefs-detat\/","og_locale":"fr_FR","og_type":"article","og_title":"Le partenariat maroco-fran\u00e7ais conna\u00eet une dynamique sans pr\u00e9c\u00e9dent gr\u00e2ce \u00e0 la volont\u00e9 des deux Chefs d\u2019Etat - Dpress.ma\/fr","og_description":"dpress Le partenariat maroco-fran\u00e7ais conna\u00eet une dynamique sans pr\u00e9c\u00e9dent sur les plans politique, \u00e9conomique, humain et culturel, gr\u00e2ce \u00e0 la volont\u00e9 commune des deux Chefs d\u2019Etat, Sa Majest\u00e9 le Roi Mohammed VI et S.E.M. le Pr\u00e9sident Emmanuel Macron, a affirm\u00e9, lundi \u00e0 Rabat, le pr\u00e9sident de la Chambre des conseillers, Mohamed Ould Errachid. Lors d\u2019un &hellip;","og_url":"https:\/\/dpress.ma\/fr\/2025\/02\/24\/le-partenariat-maroco-francais-connait-une-dynamique-sans-precedent-grace-a-la-volonte-des-deux-chefs-detat\/","og_site_name":"Dpress.ma\/fr","article_published_time":"2025-02-24T15:49:02+00:00","article_modified_time":"2025-02-24T15:49:03+00:00","og_image":[{"width":780,"height":470,"url":"https:\/\/dpress.ma\/fr\/wp-content\/uploads\/sites\/2\/2025\/02\/dprees-dim-58.png","type":"image\/png"}],"author":"Dpress.ma","twitter_card":"summary_large_image","twitter_misc":{"\u00c9crit par":"Dpress.ma","Dur\u00e9e de lecture estim\u00e9e":"3 minutes"},"schema":{"@context":"https:\/\/schema.org","@graph":[{"@type":"Article","@id":"https:\/\/dpress.ma\/fr\/2025\/02\/24\/le-partenariat-maroco-francais-connait-une-dynamique-sans-precedent-grace-a-la-volonte-des-deux-chefs-detat\/#article","isPartOf":{"@id":"https:\/\/dpress.ma\/fr\/2025\/02\/24\/le-partenariat-maroco-francais-connait-une-dynamique-sans-precedent-grace-a-la-volonte-des-deux-chefs-detat\/"},"author":{"name":"Dpress.ma","@id":"https:\/\/dpress.ma\/fr\/#\/schema\/person\/4898febf3ccd59e6578d838656a306a0"},"headline":"Le partenariat maroco-fran\u00e7ais conna\u00eet une dynamique sans pr\u00e9c\u00e9dent gr\u00e2ce \u00e0 la volont\u00e9 des deux Chefs d\u2019Etat","datePublished":"2025-02-24T15:49:02+00:00","dateModified":"2025-02-24T15:49:03+00:00","mainEntityOfPage":{"@id":"https:\/\/dpress.ma\/fr\/2025\/02\/24\/le-partenariat-maroco-francais-connait-une-dynamique-sans-precedent-grace-a-la-volonte-des-deux-chefs-detat\/"},"wordCount":639,"commentCount":0,"image":{"@id":"https:\/\/dpress.ma\/fr\/2025\/02\/24\/le-partenariat-maroco-francais-connait-une-dynamique-sans-precedent-grace-a-la-volonte-des-deux-chefs-detat\/#primaryimage"},"thumbnailUrl":"https:\/\/dpress.ma\/fr\/wp-content\/uploads\/sites\/2\/2025\/02\/dprees-dim-58.png","articleSection":["Politiques"],"inLanguage":"fr-FR","potentialAction":[{"@type":"CommentAction","name":"Comment","target":["https:\/\/dpress.ma\/fr\/2025\/02\/24\/le-partenariat-maroco-francais-connait-une-dynamique-sans-precedent-grace-a-la-volonte-des-deux-chefs-detat\/#respond"]}]},{"@type":"WebPage","@id":"https:\/\/dpress.ma\/fr\/2025\/02\/24\/le-partenariat-maroco-francais-connait-une-dynamique-sans-precedent-grace-a-la-volonte-des-deux-chefs-detat\/","url":"https:\/\/dpress.ma\/fr\/2025\/02\/24\/le-partenariat-maroco-francais-connait-une-dynamique-sans-precedent-grace-a-la-volonte-des-deux-chefs-detat\/","name":"Le partenariat maroco-fran\u00e7ais conna\u00eet une dynamique sans pr\u00e9c\u00e9dent gr\u00e2ce \u00e0 la volont\u00e9 des deux Chefs d\u2019Etat - Dpress.ma\/fr","isPartOf":{"@id":"https:\/\/dpress.ma\/fr\/#website"},"primaryImageOfPage":{"@id":"https:\/\/dpress.ma\/fr\/2025\/02\/24\/le-partenariat-maroco-francais-connait-une-dynamique-sans-precedent-grace-a-la-volonte-des-deux-chefs-detat\/#primaryimage"},"image":{"@id":"https:\/\/dpress.ma\/fr\/2025\/02\/24\/le-partenariat-maroco-francais-connait-une-dynamique-sans-precedent-grace-a-la-volonte-des-deux-chefs-detat\/#primaryimage"},"thumbnailUrl":"https:\/\/dpress.ma\/fr\/wp-content\/uploads\/sites\/2\/2025\/02\/dprees-dim-58.png","datePublished":"2025-02-24T15:49:02+00:00","dateModified":"2025-02-24T15:49:03+00:00","author":{"@id":"https:\/\/dpress.ma\/fr\/#\/schema\/person\/4898febf3ccd59e6578d838656a306a0"},"breadcrumb":{"@id":"https:\/\/dpress.ma\/fr\/2025\/02\/24\/le-partenariat-maroco-francais-connait-une-dynamique-sans-precedent-grace-a-la-volonte-des-deux-chefs-detat\/#breadcrumb"},"inLanguage":"fr-FR","potentialAction":[{"@type":"ReadAction","target":["https:\/\/dpress.ma\/fr\/2025\/02\/24\/le-partenariat-maroco-francais-connait-une-dynamique-sans-precedent-grace-a-la-volonte-des-deux-chefs-detat\/"]}]},{"@type":"ImageObject","inLanguage":"fr-FR","@id":"https:\/\/dpress.ma\/fr\/2025\/02\/24\/le-partenariat-maroco-francais-connait-une-dynamique-sans-precedent-grace-a-la-volonte-des-deux-chefs-detat\/#primaryimage","url":"https:\/\/dpress.ma\/fr\/wp-content\/uploads\/sites\/2\/2025\/02\/dprees-dim-58.png","contentUrl":"https:\/\/dpress.ma\/fr\/wp-content\/uploads\/sites\/2\/2025\/02\/dprees-dim-58.png","width":780,"height":470},{"@type":"BreadcrumbList","@id":"https:\/\/dpress.ma\/fr\/2025\/02\/24\/le-partenariat-maroco-francais-connait-une-dynamique-sans-precedent-grace-a-la-volonte-des-deux-chefs-detat\/#breadcrumb","itemListElement":[{"@type":"ListItem","position":1,"name":"Home","item":"https:\/\/dpress.ma\/fr\/"},{"@type":"ListItem","position":2,"name":"Le partenariat maroco-fran\u00e7ais conna\u00eet une dynamique sans pr\u00e9c\u00e9dent gr\u00e2ce \u00e0 la volont\u00e9 des deux Chefs d\u2019Etat"}]},{"@type":"WebSite","@id":"https:\/\/dpress.ma\/fr\/#website","url":"https:\/\/dpress.ma\/fr\/","name":"Dpress.ma\/fr","description":"","potentialAction":[{"@type":"SearchAction","target":{"@type":"EntryPoint","urlTemplate":"https:\/\/dpress.ma\/fr\/?s={search_term_string}"},"query-input":{"@type":"PropertyValueSpecification","valueRequired":true,"valueName":"search_term_string"}}],"inLanguage":"fr-FR"},{"@type":"Person","@id":"https:\/\/dpress.ma\/fr\/#\/schema\/person\/4898febf3ccd59e6578d838656a306a0","name":"Dpress.ma","image":{"@type":"ImageObject","inLanguage":"fr-FR","@id":"https:\/\/secure.gravatar.com\/avatar\/72ecc30e9db047a2e0e7176561eb9d564ed77c8108376495b19bd8336405198a?s=96&d=mm&r=g","url":"https:\/\/secure.gravatar.com\/avatar\/72ecc30e9db047a2e0e7176561eb9d564ed77c8108376495b19bd8336405198a?s=96&d=mm&r=g","contentUrl":"https:\/\/secure.gravatar.com\/avatar\/72ecc30e9db047a2e0e7176561eb9d564ed77c8108376495b19bd8336405198a?s=96&d=mm&r=g","caption":"Dpress.ma"},"sameAs":["https:\/\/www.dpress.ma"],"url":"https:\/\/dpress.ma\/fr\/author\/dpress-ma\/"}]}},"amp_enabled":true,"_links":{"self":[{"href":"https:\/\/dpress.ma\/fr\/wp-json\/wp\/v2\/posts\/12811","targetHints":{"allow":["GET"]}}],"collection":[{"href":"https:\/\/dpress.ma\/fr\/wp-json\/wp\/v2\/posts"}],"about":[{"href":"https:\/\/dpress.ma\/fr\/wp-json\/wp\/v2\/types\/post"}],"author":[{"embeddable":true,"href":"https:\/\/dpress.ma\/fr\/wp-json\/wp\/v2\/users\/2"}],"replies":[{"embeddable":true,"href":"https:\/\/dpress.ma\/fr\/wp-json\/wp\/v2\/comments?post=12811"}],"version-history":[{"count":1,"href":"https:\/\/dpress.ma\/fr\/wp-json\/wp\/v2\/posts\/12811\/revisions"}],"predecessor-version":[{"id":12813,"href":"https:\/\/dpress.ma\/fr\/wp-json\/wp\/v2\/posts\/12811\/revisions\/12813"}],"wp:featuredmedia":[{"embeddable":true,"href":"https:\/\/dpress.ma\/fr\/wp-json\/wp\/v2\/media\/12812"}],"wp:attachment":[{"href":"https:\/\/dpress.ma\/fr\/wp-json\/wp\/v2\/media?parent=12811"}],"wp:term":[{"taxonomy":"category","embeddable":true,"href":"https:\/\/dpress.ma\/fr\/wp-json\/wp\/v2\/categories?post=12811"},{"taxonomy":"post_tag","embeddable":true,"href":"https:\/\/dpress.ma\/fr\/wp-json\/wp\/v2\/tags?post=12811"}],"curies":[{"name":"wp","href":"https:\/\/api.w.org\/{rel}","templated":true}]}}