{"id":12805,"date":"2025-02-23T12:46:47","date_gmt":"2025-02-23T12:46:47","guid":{"rendered":"https:\/\/dpress.ma\/fr\/?p=12805"},"modified":"2025-02-23T12:46:48","modified_gmt":"2025-02-23T12:46:48","slug":"burkina-faso-la-29e-edition-de-fespaco-souvre-avec-la-participation-du-maroc","status":"publish","type":"post","link":"https:\/\/dpress.ma\/fr\/2025\/02\/23\/burkina-faso-la-29e-edition-de-fespaco-souvre-avec-la-participation-du-maroc\/","title":{"rendered":"Burkina Faso: La 29\u00e8 \u00e9dition de FESPACO s\u2019ouvre avec la participation du Maroc"},"content":{"rendered":"\n<p dir=\"ltr\">Dpress<\/p>\n\n\n\n<p dir=\"ltr\">Le Coup d\u2019envoi de la 29\u00e8 \u00e9dition du Festival Panafricain du Cin\u00e9ma et de la T\u00e9l\u00e9vision de Ouagadougou (FESPACO) a \u00e9t\u00e9 donn\u00e9 samedi dans la capitale burkinab\u00e8, avec la participation du Maroc \u00e0 travers la projection programm\u00e9e de plusieurs films s\u00e9lectionn\u00e9s dans le cadre de cette comp\u00e9tition cin\u00e9matographique d\u2019envergure.<\/p>\n\n\n\n<p dir=\"ltr\">Ce sont quelque 235 films au total, toutes cat\u00e9gories confondues, sur un total de 1.351 films soumis repr\u00e9sentant quelque 48 pays, qui sont retenus dans la s\u00e9lection officielle de cette nouvelle \u00e9dition, qui se poursuivra jusqu\u2019au 1er mars, avec le Tchad comme pays \u00e0 l\u2019honneur de cette nouvelle \u00e9dition.<\/p>\n\n\n\n<p dir=\"ltr\">Le Maroc est repr\u00e9sent\u00e9 dans la Cat\u00e9gorie \u00ab Fiction Long M\u00e9trage \u00bb par le film \u201cEverybody loves Touda\u201d de son r\u00e9alisateur Nabil Ayouch.<\/p>\n\n\n\n<p dir=\"ltr\">La comp\u00e9tition des 15 films, \u201cFiction Longs m\u00e9trages\u201d, est au centre de l\u2019attention du festival et pr\u00e9sente la s\u00e9lection des films les plus en vue du Continent, suscitant des discussions et d\u00e9bats anim\u00e9s.<\/p>\n\n\n\n<p dir=\"ltr\">Cette section c\u00e9l\u00e8bre la cr\u00e9ativit\u00e9, la diversit\u00e9 et la grande productivit\u00e9 du Continent, en tenant d\u2019offrir un aper\u00e7u plus large du cin\u00e9ma d\u2019aujourd\u00b4hui et de demain de l\u2019Afrique et de sa diaspora en donnant la possibilit\u00e9 \u00e0 son public de se comprendre, de s\u2019identifier et de se projeter.<\/p>\n\n\n\n<p dir=\"ltr\">Dans la Cat\u00e9gorie \u201cDocumentaire\u201d, le Maroc est repr\u00e9sent\u00e9 par le film \u201cLa m\u00e8re de tous les mensonges\u201d de sa r\u00e9alisatrice, Asmae El Moudir, alors que dans la Cat\u00e9gorie \u201cPerspectives\u201d, les cin\u00e9philes seront au rendez-vous avec la projection du film \u201cMougha Youchked (Mora est l\u00e0)\u201d de son r\u00e9alisateur, Khalid Zairi, et le film \u201cLes miennes\u201d de Samira Al Mouzghiba.<\/p>\n\n\n\n<p dir=\"ltr\">Dans la Cat\u00e9gorie \u201cFESPACO Short\u201d, on trouve le film \u201cAssassinat\u201d de Yassine Ait Fkir, alors que dans la cat\u00e9gorie \u201cSemaine de la Critique\u201d, le Maroc est pr\u00e9sent \u00e0 travers le film \u201cLe Lac Bleu\u201d de Daoud Oulad Syad.<\/p>\n\n\n\n<p dir=\"ltr\">Le cin\u00e9ma marocain est \u00e9galement repr\u00e9sent\u00e9, dans la S\u00e9lection \u201cPanorama\u201d, par le film \u201cLes divorc\u00e9es de Casablanca\u201d de son r\u00e9alisateur Mohamed Ahmed Bensouda, ainsi que par le film \u201cBackstage\u201d de ses cor\u00e9alisateurs, Afef Ben Mahmoud (Tunisie) et Khalil Benkirane (Maroc).<\/p>\n\n\n\n<p dir=\"ltr\">Dans la Section \u201cFASPACO Sukab\u00e8\u201d, le Maroc est pr\u00e9sent \u00e0 travers le film \u201cLe Lac Bleu\u201d de Daoud Oulad Syad.<\/p>\n\n\n\n<p dir=\"ltr\">Plac\u00e9e sous le th\u00e8me \u201cCin\u00e9ma d\u2019Afrique et identit\u00e9s culturelles\u201d, cette nouvelle \u00e9dition offre l\u2019opportunit\u00e9 pour le Continent africain de r\u00e9affirmer sa singularit\u00e9 sociale, son authenticit\u00e9 culturelle et sa part d\u2019humanit\u00e9 dans l\u2019univers de la cr\u00e9ation et de l\u2019innovation.<\/p>\n\n\n\n<p dir=\"ltr\">A l\u2019ouverture du Festival, le ministre de la Communication du Burkina Faso, Gilbert Ouedraogo, a fait savoir que le th\u00e8me de cette \u00e9dition \u201cnous invite \u00e0 une r\u00e9flexion sur notre identit\u00e9 en tant que peuple africain\u201d, consid\u00e9rant le cin\u00e9ma comme un miroir de la soci\u00e9t\u00e9, un vecteur puissant d\u2019appropriation de \u201cnotre culture, de nos valeurs, de nos r\u00eaves et de nos luttes\u201d.<\/p>\n\n\n\n<p dir=\"ltr\">A noter que 17 films sont en lice pour le grand prix du FESPACO \u201cEtalon d\u2019Or de Yennenga\u201d. Un prix d\u00e9cern\u00e9 par un jury international que devait pr\u00e9sider cette ann\u00e9e, le r\u00e9alisateur malien, Souleymane Ciss\u00e9, d\u00e9c\u00e9d\u00e9 mercredi \u00e0 Bamako \u00e0 l\u2019\u00e2ge de 84 ans.<\/p>\n\n\n\n<p dir=\"ltr\">Le Maroc, rappelle-t-on, s\u2019est distingu\u00e9 lors de l\u2019\u00e9dition de 2019 du festival \u00e0 travers le film \u201cAu temps o\u00f9 les arabes dansaient\u201d de Jawad Rhalib ayant d\u00e9croch\u00e9 le prix \u201cEtalon d\u2019Argent\u201d, au moment o\u00f9 le prix de la Critique cin\u00e9matographique africaine est revenu \u00e0 \u201cIndigo\u201d de Selma Bargach.<\/p>\n\n\n\n<p dir=\"ltr\">Le long m\u00e9trage \u201cFi\u00e8vres\u201d de son r\u00e9alisateur Nabil Ayouch, avait re\u00e7u l\u2019Etalon d\u2019Or de Yennenga, distinction la plus prestigieuse lors de la 24\u00e8 \u00e9dition du FESPAC0 en 2015.<\/p>\n\n\n\n<p dir=\"ltr\">Cr\u00e9\u00e9 en 1969 et organis\u00e9 tous les deux ans, le FESPACO est l\u2019un des plus grands festivals du cin\u00e9ma en Afrique.<\/p>\n","protected":false},"excerpt":{"rendered":"<p>Dpress Le Coup d\u2019envoi de la 29\u00e8 \u00e9dition du Festival Panafricain du Cin\u00e9ma et de la T\u00e9l\u00e9vision de Ouagadougou (FESPACO) a \u00e9t\u00e9 donn\u00e9 samedi dans la capitale burkinab\u00e8, avec la participation du Maroc \u00e0 travers la projection programm\u00e9e de plusieurs films s\u00e9lectionn\u00e9s dans le cadre de cette comp\u00e9tition cin\u00e9matographique d\u2019envergure. Ce sont quelque 235 films &hellip;<\/p>\n","protected":false},"author":2,"featured_media":12806,"comment_status":"open","ping_status":"open","sticky":false,"template":"","format":"standard","meta":{"footnotes":""},"categories":[31],"tags":[],"class_list":["post-12805","post","type-post","status-publish","format-standard","has-post-thumbnail","hentry","category-art-et-culture"],"yoast_head":"<!-- This site is optimized with the Yoast SEO plugin v27.5 - https:\/\/yoast.com\/product\/yoast-seo-wordpress\/ -->\n<title>Burkina Faso: La 29\u00e8 \u00e9dition de FESPACO s\u2019ouvre avec la participation du Maroc - Dpress.ma\/fr<\/title>\n<meta name=\"robots\" content=\"index, follow, max-snippet:-1, max-image-preview:large, max-video-preview:-1\" \/>\n<link rel=\"canonical\" href=\"https:\/\/dpress.ma\/fr\/2025\/02\/23\/burkina-faso-la-29e-edition-de-fespaco-souvre-avec-la-participation-du-maroc\/\" \/>\n<meta property=\"og:locale\" content=\"fr_FR\" \/>\n<meta property=\"og:type\" content=\"article\" \/>\n<meta property=\"og:title\" content=\"Burkina Faso: La 29\u00e8 \u00e9dition de FESPACO s\u2019ouvre avec la participation du Maroc - Dpress.ma\/fr\" \/>\n<meta property=\"og:description\" content=\"Dpress Le Coup d\u2019envoi de la 29\u00e8 \u00e9dition du Festival Panafricain du Cin\u00e9ma et de la T\u00e9l\u00e9vision de Ouagadougou (FESPACO) a \u00e9t\u00e9 donn\u00e9 samedi dans la capitale burkinab\u00e8, avec la participation du Maroc \u00e0 travers la projection programm\u00e9e de plusieurs films s\u00e9lectionn\u00e9s dans le cadre de cette comp\u00e9tition cin\u00e9matographique d\u2019envergure. Ce sont quelque 235 films &hellip;\" \/>\n<meta property=\"og:url\" content=\"https:\/\/dpress.ma\/fr\/2025\/02\/23\/burkina-faso-la-29e-edition-de-fespaco-souvre-avec-la-participation-du-maroc\/\" \/>\n<meta property=\"og:site_name\" content=\"Dpress.ma\/fr\" \/>\n<meta property=\"article:published_time\" content=\"2025-02-23T12:46:47+00:00\" \/>\n<meta property=\"article:modified_time\" content=\"2025-02-23T12:46:48+00:00\" \/>\n<meta property=\"og:image\" content=\"https:\/\/dpress.ma\/fr\/wp-content\/uploads\/sites\/2\/2025\/02\/festival.png\" \/>\n\t<meta property=\"og:image:width\" content=\"780\" \/>\n\t<meta property=\"og:image:height\" content=\"470\" \/>\n\t<meta property=\"og:image:type\" content=\"image\/png\" \/>\n<meta name=\"author\" content=\"Dpress.ma\" \/>\n<meta name=\"twitter:card\" content=\"summary_large_image\" \/>\n<meta name=\"twitter:label1\" content=\"\u00c9crit par\" \/>\n\t<meta name=\"twitter:data1\" content=\"Dpress.ma\" \/>\n\t<meta name=\"twitter:label2\" content=\"Dur\u00e9e de lecture estim\u00e9e\" \/>\n\t<meta name=\"twitter:data2\" content=\"4 minutes\" \/>\n<script type=\"application\/ld+json\" class=\"yoast-schema-graph\">{\"@context\":\"https:\\\/\\\/schema.org\",\"@graph\":[{\"@type\":\"Article\",\"@id\":\"https:\\\/\\\/dpress.ma\\\/fr\\\/2025\\\/02\\\/23\\\/burkina-faso-la-29e-edition-de-fespaco-souvre-avec-la-participation-du-maroc\\\/#article\",\"isPartOf\":{\"@id\":\"https:\\\/\\\/dpress.ma\\\/fr\\\/2025\\\/02\\\/23\\\/burkina-faso-la-29e-edition-de-fespaco-souvre-avec-la-participation-du-maroc\\\/\"},\"author\":{\"name\":\"Dpress.ma\",\"@id\":\"https:\\\/\\\/dpress.ma\\\/fr\\\/#\\\/schema\\\/person\\\/4898febf3ccd59e6578d838656a306a0\"},\"headline\":\"Burkina Faso: La 29\u00e8 \u00e9dition de FESPACO s\u2019ouvre avec la participation du Maroc\",\"datePublished\":\"2025-02-23T12:46:47+00:00\",\"dateModified\":\"2025-02-23T12:46:48+00:00\",\"mainEntityOfPage\":{\"@id\":\"https:\\\/\\\/dpress.ma\\\/fr\\\/2025\\\/02\\\/23\\\/burkina-faso-la-29e-edition-de-fespaco-souvre-avec-la-participation-du-maroc\\\/\"},\"wordCount\":683,\"commentCount\":0,\"image\":{\"@id\":\"https:\\\/\\\/dpress.ma\\\/fr\\\/2025\\\/02\\\/23\\\/burkina-faso-la-29e-edition-de-fespaco-souvre-avec-la-participation-du-maroc\\\/#primaryimage\"},\"thumbnailUrl\":\"https:\\\/\\\/dpress.ma\\\/fr\\\/wp-content\\\/uploads\\\/sites\\\/2\\\/2025\\\/02\\\/festival.png\",\"articleSection\":[\"Art et Culture\"],\"inLanguage\":\"fr-FR\",\"potentialAction\":[{\"@type\":\"CommentAction\",\"name\":\"Comment\",\"target\":[\"https:\\\/\\\/dpress.ma\\\/fr\\\/2025\\\/02\\\/23\\\/burkina-faso-la-29e-edition-de-fespaco-souvre-avec-la-participation-du-maroc\\\/#respond\"]}]},{\"@type\":\"WebPage\",\"@id\":\"https:\\\/\\\/dpress.ma\\\/fr\\\/2025\\\/02\\\/23\\\/burkina-faso-la-29e-edition-de-fespaco-souvre-avec-la-participation-du-maroc\\\/\",\"url\":\"https:\\\/\\\/dpress.ma\\\/fr\\\/2025\\\/02\\\/23\\\/burkina-faso-la-29e-edition-de-fespaco-souvre-avec-la-participation-du-maroc\\\/\",\"name\":\"Burkina Faso: La 29\u00e8 \u00e9dition de FESPACO s\u2019ouvre avec la participation du Maroc - Dpress.ma\\\/fr\",\"isPartOf\":{\"@id\":\"https:\\\/\\\/dpress.ma\\\/fr\\\/#website\"},\"primaryImageOfPage\":{\"@id\":\"https:\\\/\\\/dpress.ma\\\/fr\\\/2025\\\/02\\\/23\\\/burkina-faso-la-29e-edition-de-fespaco-souvre-avec-la-participation-du-maroc\\\/#primaryimage\"},\"image\":{\"@id\":\"https:\\\/\\\/dpress.ma\\\/fr\\\/2025\\\/02\\\/23\\\/burkina-faso-la-29e-edition-de-fespaco-souvre-avec-la-participation-du-maroc\\\/#primaryimage\"},\"thumbnailUrl\":\"https:\\\/\\\/dpress.ma\\\/fr\\\/wp-content\\\/uploads\\\/sites\\\/2\\\/2025\\\/02\\\/festival.png\",\"datePublished\":\"2025-02-23T12:46:47+00:00\",\"dateModified\":\"2025-02-23T12:46:48+00:00\",\"author\":{\"@id\":\"https:\\\/\\\/dpress.ma\\\/fr\\\/#\\\/schema\\\/person\\\/4898febf3ccd59e6578d838656a306a0\"},\"breadcrumb\":{\"@id\":\"https:\\\/\\\/dpress.ma\\\/fr\\\/2025\\\/02\\\/23\\\/burkina-faso-la-29e-edition-de-fespaco-souvre-avec-la-participation-du-maroc\\\/#breadcrumb\"},\"inLanguage\":\"fr-FR\",\"potentialAction\":[{\"@type\":\"ReadAction\",\"target\":[\"https:\\\/\\\/dpress.ma\\\/fr\\\/2025\\\/02\\\/23\\\/burkina-faso-la-29e-edition-de-fespaco-souvre-avec-la-participation-du-maroc\\\/\"]}]},{\"@type\":\"ImageObject\",\"inLanguage\":\"fr-FR\",\"@id\":\"https:\\\/\\\/dpress.ma\\\/fr\\\/2025\\\/02\\\/23\\\/burkina-faso-la-29e-edition-de-fespaco-souvre-avec-la-participation-du-maroc\\\/#primaryimage\",\"url\":\"https:\\\/\\\/dpress.ma\\\/fr\\\/wp-content\\\/uploads\\\/sites\\\/2\\\/2025\\\/02\\\/festival.png\",\"contentUrl\":\"https:\\\/\\\/dpress.ma\\\/fr\\\/wp-content\\\/uploads\\\/sites\\\/2\\\/2025\\\/02\\\/festival.png\",\"width\":780,\"height\":470},{\"@type\":\"BreadcrumbList\",\"@id\":\"https:\\\/\\\/dpress.ma\\\/fr\\\/2025\\\/02\\\/23\\\/burkina-faso-la-29e-edition-de-fespaco-souvre-avec-la-participation-du-maroc\\\/#breadcrumb\",\"itemListElement\":[{\"@type\":\"ListItem\",\"position\":1,\"name\":\"Home\",\"item\":\"https:\\\/\\\/dpress.ma\\\/fr\\\/\"},{\"@type\":\"ListItem\",\"position\":2,\"name\":\"Burkina Faso: La 29\u00e8 \u00e9dition de FESPACO s\u2019ouvre avec la participation du Maroc\"}]},{\"@type\":\"WebSite\",\"@id\":\"https:\\\/\\\/dpress.ma\\\/fr\\\/#website\",\"url\":\"https:\\\/\\\/dpress.ma\\\/fr\\\/\",\"name\":\"Dpress.ma\\\/fr\",\"description\":\"\",\"potentialAction\":[{\"@type\":\"SearchAction\",\"target\":{\"@type\":\"EntryPoint\",\"urlTemplate\":\"https:\\\/\\\/dpress.ma\\\/fr\\\/?s={search_term_string}\"},\"query-input\":{\"@type\":\"PropertyValueSpecification\",\"valueRequired\":true,\"valueName\":\"search_term_string\"}}],\"inLanguage\":\"fr-FR\"},{\"@type\":\"Person\",\"@id\":\"https:\\\/\\\/dpress.ma\\\/fr\\\/#\\\/schema\\\/person\\\/4898febf3ccd59e6578d838656a306a0\",\"name\":\"Dpress.ma\",\"image\":{\"@type\":\"ImageObject\",\"inLanguage\":\"fr-FR\",\"@id\":\"https:\\\/\\\/secure.gravatar.com\\\/avatar\\\/72ecc30e9db047a2e0e7176561eb9d564ed77c8108376495b19bd8336405198a?s=96&d=mm&r=g\",\"url\":\"https:\\\/\\\/secure.gravatar.com\\\/avatar\\\/72ecc30e9db047a2e0e7176561eb9d564ed77c8108376495b19bd8336405198a?s=96&d=mm&r=g\",\"contentUrl\":\"https:\\\/\\\/secure.gravatar.com\\\/avatar\\\/72ecc30e9db047a2e0e7176561eb9d564ed77c8108376495b19bd8336405198a?s=96&d=mm&r=g\",\"caption\":\"Dpress.ma\"},\"sameAs\":[\"https:\\\/\\\/www.dpress.ma\"],\"url\":\"https:\\\/\\\/dpress.ma\\\/fr\\\/author\\\/dpress-ma\\\/\"}]}<\/script>\n<!-- \/ Yoast SEO plugin. -->","yoast_head_json":{"title":"Burkina Faso: La 29\u00e8 \u00e9dition de FESPACO s\u2019ouvre avec la participation du Maroc - Dpress.ma\/fr","robots":{"index":"index","follow":"follow","max-snippet":"max-snippet:-1","max-image-preview":"max-image-preview:large","max-video-preview":"max-video-preview:-1"},"canonical":"https:\/\/dpress.ma\/fr\/2025\/02\/23\/burkina-faso-la-29e-edition-de-fespaco-souvre-avec-la-participation-du-maroc\/","og_locale":"fr_FR","og_type":"article","og_title":"Burkina Faso: La 29\u00e8 \u00e9dition de FESPACO s\u2019ouvre avec la participation du Maroc - Dpress.ma\/fr","og_description":"Dpress Le Coup d\u2019envoi de la 29\u00e8 \u00e9dition du Festival Panafricain du Cin\u00e9ma et de la T\u00e9l\u00e9vision de Ouagadougou (FESPACO) a \u00e9t\u00e9 donn\u00e9 samedi dans la capitale burkinab\u00e8, avec la participation du Maroc \u00e0 travers la projection programm\u00e9e de plusieurs films s\u00e9lectionn\u00e9s dans le cadre de cette comp\u00e9tition cin\u00e9matographique d\u2019envergure. Ce sont quelque 235 films &hellip;","og_url":"https:\/\/dpress.ma\/fr\/2025\/02\/23\/burkina-faso-la-29e-edition-de-fespaco-souvre-avec-la-participation-du-maroc\/","og_site_name":"Dpress.ma\/fr","article_published_time":"2025-02-23T12:46:47+00:00","article_modified_time":"2025-02-23T12:46:48+00:00","og_image":[{"width":780,"height":470,"url":"https:\/\/dpress.ma\/fr\/wp-content\/uploads\/sites\/2\/2025\/02\/festival.png","type":"image\/png"}],"author":"Dpress.ma","twitter_card":"summary_large_image","twitter_misc":{"\u00c9crit par":"Dpress.ma","Dur\u00e9e de lecture estim\u00e9e":"4 minutes"},"schema":{"@context":"https:\/\/schema.org","@graph":[{"@type":"Article","@id":"https:\/\/dpress.ma\/fr\/2025\/02\/23\/burkina-faso-la-29e-edition-de-fespaco-souvre-avec-la-participation-du-maroc\/#article","isPartOf":{"@id":"https:\/\/dpress.ma\/fr\/2025\/02\/23\/burkina-faso-la-29e-edition-de-fespaco-souvre-avec-la-participation-du-maroc\/"},"author":{"name":"Dpress.ma","@id":"https:\/\/dpress.ma\/fr\/#\/schema\/person\/4898febf3ccd59e6578d838656a306a0"},"headline":"Burkina Faso: La 29\u00e8 \u00e9dition de FESPACO s\u2019ouvre avec la participation du Maroc","datePublished":"2025-02-23T12:46:47+00:00","dateModified":"2025-02-23T12:46:48+00:00","mainEntityOfPage":{"@id":"https:\/\/dpress.ma\/fr\/2025\/02\/23\/burkina-faso-la-29e-edition-de-fespaco-souvre-avec-la-participation-du-maroc\/"},"wordCount":683,"commentCount":0,"image":{"@id":"https:\/\/dpress.ma\/fr\/2025\/02\/23\/burkina-faso-la-29e-edition-de-fespaco-souvre-avec-la-participation-du-maroc\/#primaryimage"},"thumbnailUrl":"https:\/\/dpress.ma\/fr\/wp-content\/uploads\/sites\/2\/2025\/02\/festival.png","articleSection":["Art et Culture"],"inLanguage":"fr-FR","potentialAction":[{"@type":"CommentAction","name":"Comment","target":["https:\/\/dpress.ma\/fr\/2025\/02\/23\/burkina-faso-la-29e-edition-de-fespaco-souvre-avec-la-participation-du-maroc\/#respond"]}]},{"@type":"WebPage","@id":"https:\/\/dpress.ma\/fr\/2025\/02\/23\/burkina-faso-la-29e-edition-de-fespaco-souvre-avec-la-participation-du-maroc\/","url":"https:\/\/dpress.ma\/fr\/2025\/02\/23\/burkina-faso-la-29e-edition-de-fespaco-souvre-avec-la-participation-du-maroc\/","name":"Burkina Faso: La 29\u00e8 \u00e9dition de FESPACO s\u2019ouvre avec la participation du Maroc - Dpress.ma\/fr","isPartOf":{"@id":"https:\/\/dpress.ma\/fr\/#website"},"primaryImageOfPage":{"@id":"https:\/\/dpress.ma\/fr\/2025\/02\/23\/burkina-faso-la-29e-edition-de-fespaco-souvre-avec-la-participation-du-maroc\/#primaryimage"},"image":{"@id":"https:\/\/dpress.ma\/fr\/2025\/02\/23\/burkina-faso-la-29e-edition-de-fespaco-souvre-avec-la-participation-du-maroc\/#primaryimage"},"thumbnailUrl":"https:\/\/dpress.ma\/fr\/wp-content\/uploads\/sites\/2\/2025\/02\/festival.png","datePublished":"2025-02-23T12:46:47+00:00","dateModified":"2025-02-23T12:46:48+00:00","author":{"@id":"https:\/\/dpress.ma\/fr\/#\/schema\/person\/4898febf3ccd59e6578d838656a306a0"},"breadcrumb":{"@id":"https:\/\/dpress.ma\/fr\/2025\/02\/23\/burkina-faso-la-29e-edition-de-fespaco-souvre-avec-la-participation-du-maroc\/#breadcrumb"},"inLanguage":"fr-FR","potentialAction":[{"@type":"ReadAction","target":["https:\/\/dpress.ma\/fr\/2025\/02\/23\/burkina-faso-la-29e-edition-de-fespaco-souvre-avec-la-participation-du-maroc\/"]}]},{"@type":"ImageObject","inLanguage":"fr-FR","@id":"https:\/\/dpress.ma\/fr\/2025\/02\/23\/burkina-faso-la-29e-edition-de-fespaco-souvre-avec-la-participation-du-maroc\/#primaryimage","url":"https:\/\/dpress.ma\/fr\/wp-content\/uploads\/sites\/2\/2025\/02\/festival.png","contentUrl":"https:\/\/dpress.ma\/fr\/wp-content\/uploads\/sites\/2\/2025\/02\/festival.png","width":780,"height":470},{"@type":"BreadcrumbList","@id":"https:\/\/dpress.ma\/fr\/2025\/02\/23\/burkina-faso-la-29e-edition-de-fespaco-souvre-avec-la-participation-du-maroc\/#breadcrumb","itemListElement":[{"@type":"ListItem","position":1,"name":"Home","item":"https:\/\/dpress.ma\/fr\/"},{"@type":"ListItem","position":2,"name":"Burkina Faso: La 29\u00e8 \u00e9dition de FESPACO s\u2019ouvre avec la participation du Maroc"}]},{"@type":"WebSite","@id":"https:\/\/dpress.ma\/fr\/#website","url":"https:\/\/dpress.ma\/fr\/","name":"Dpress.ma\/fr","description":"","potentialAction":[{"@type":"SearchAction","target":{"@type":"EntryPoint","urlTemplate":"https:\/\/dpress.ma\/fr\/?s={search_term_string}"},"query-input":{"@type":"PropertyValueSpecification","valueRequired":true,"valueName":"search_term_string"}}],"inLanguage":"fr-FR"},{"@type":"Person","@id":"https:\/\/dpress.ma\/fr\/#\/schema\/person\/4898febf3ccd59e6578d838656a306a0","name":"Dpress.ma","image":{"@type":"ImageObject","inLanguage":"fr-FR","@id":"https:\/\/secure.gravatar.com\/avatar\/72ecc30e9db047a2e0e7176561eb9d564ed77c8108376495b19bd8336405198a?s=96&d=mm&r=g","url":"https:\/\/secure.gravatar.com\/avatar\/72ecc30e9db047a2e0e7176561eb9d564ed77c8108376495b19bd8336405198a?s=96&d=mm&r=g","contentUrl":"https:\/\/secure.gravatar.com\/avatar\/72ecc30e9db047a2e0e7176561eb9d564ed77c8108376495b19bd8336405198a?s=96&d=mm&r=g","caption":"Dpress.ma"},"sameAs":["https:\/\/www.dpress.ma"],"url":"https:\/\/dpress.ma\/fr\/author\/dpress-ma\/"}]}},"amp_enabled":true,"_links":{"self":[{"href":"https:\/\/dpress.ma\/fr\/wp-json\/wp\/v2\/posts\/12805","targetHints":{"allow":["GET"]}}],"collection":[{"href":"https:\/\/dpress.ma\/fr\/wp-json\/wp\/v2\/posts"}],"about":[{"href":"https:\/\/dpress.ma\/fr\/wp-json\/wp\/v2\/types\/post"}],"author":[{"embeddable":true,"href":"https:\/\/dpress.ma\/fr\/wp-json\/wp\/v2\/users\/2"}],"replies":[{"embeddable":true,"href":"https:\/\/dpress.ma\/fr\/wp-json\/wp\/v2\/comments?post=12805"}],"version-history":[{"count":1,"href":"https:\/\/dpress.ma\/fr\/wp-json\/wp\/v2\/posts\/12805\/revisions"}],"predecessor-version":[{"id":12807,"href":"https:\/\/dpress.ma\/fr\/wp-json\/wp\/v2\/posts\/12805\/revisions\/12807"}],"wp:featuredmedia":[{"embeddable":true,"href":"https:\/\/dpress.ma\/fr\/wp-json\/wp\/v2\/media\/12806"}],"wp:attachment":[{"href":"https:\/\/dpress.ma\/fr\/wp-json\/wp\/v2\/media?parent=12805"}],"wp:term":[{"taxonomy":"category","embeddable":true,"href":"https:\/\/dpress.ma\/fr\/wp-json\/wp\/v2\/categories?post=12805"},{"taxonomy":"post_tag","embeddable":true,"href":"https:\/\/dpress.ma\/fr\/wp-json\/wp\/v2\/tags?post=12805"}],"curies":[{"name":"wp","href":"https:\/\/api.w.org\/{rel}","templated":true}]}}