{"id":12802,"date":"2025-02-23T12:43:15","date_gmt":"2025-02-23T12:43:15","guid":{"rendered":"https:\/\/dpress.ma\/fr\/?p=12802"},"modified":"2025-02-23T12:43:16","modified_gmt":"2025-02-23T12:43:16","slug":"sia-de-paris-le-maroc-a-lhonneur-symbole-de-la-profondeur-des-liens-damitie-franco-marocains-m-el-bouari","status":"publish","type":"post","link":"https:\/\/dpress.ma\/fr\/2025\/02\/23\/sia-de-paris-le-maroc-a-lhonneur-symbole-de-la-profondeur-des-liens-damitie-franco-marocains-m-el-bouari\/","title":{"rendered":"SIA de Paris: Le Maroc \u00e0 l\u2019honneur, symbole de \u201cla profondeur\u201d des liens d\u2019amiti\u00e9 franco-marocains (M. El Bouari)"},"content":{"rendered":"\n<p dir=\"ltr\">Dpress<\/p>\n\n\n\n<p dir=\"ltr\">La d\u00e9signation du Maroc comme le premier pays \u00e9tranger invit\u00e9 d\u2019honneur du Salon International de l\u2019Agriculture (SIA) de Paris (22 f\u00e9vrier-2 mars) refl\u00e8te \u201cla profondeur\u201d des liens d\u2019amiti\u00e9 \u201chistoriques\u201d et \u201csolides\u201d entre le Royaume et la France, a soulign\u00e9, dimanche, le ministre de l\u2019Agriculture, de la p\u00eache maritime, du d\u00e9veloppement rural et des eaux et for\u00eats, Ahmed El Bouari.<\/p>\n\n\n\n<p dir=\"ltr\">La participation du Maroc cette ann\u00e9e \u00e0 ce rendez-vous agricole international est \u201cexceptionnelle\u201d, a affirm\u00e9 le ministre dans une interview \u00e0 la MAP, soulignant que l\u2019invitation fran\u00e7aise \u00e0 cette \u00e9dition refl\u00e8te aussi la volont\u00e9 commune des deux pays de renforcer la coop\u00e9ration dans le secteur agricole.<\/p>\n\n\n\n<p dir=\"ltr\">Le Royaume, a-t-il relev\u00e9, est pr\u00e9sent \u201cen force\u201d cette ann\u00e9e au SIA \u00e0 travers un pavillon central mettant en avant les produits du terroir de 30 groupements de producteurs, issus de toutes les r\u00e9gions du Maroc, repr\u00e9sentant pr\u00e8s de 76 coop\u00e9ratives et 2.000 petits agriculteurs.<\/p>\n\n\n\n<p dir=\"ltr\">Cette participation, a pr\u00e9cis\u00e9 M. El Bouari, s\u2019inscrit dans le cadre des efforts du minist\u00e8re pour accompagner les coop\u00e9ratives dans la commercialisation de leurs produits et l\u2019am\u00e9lioration de leurs revenus, en favorisant leur ouverture aux march\u00e9s internationaux.<\/p>\n\n\n\n<p dir=\"ltr\">La mise \u00e0 l\u2019honneur du Royaume au SIA trouve aussi un \u00e9cho dans un \u00e9v\u00e9nement \u00e0 venir: en avril prochain, la France sera, \u00e0 son tour, le pays invit\u00e9 d\u2019honneur du Salon International de l\u2019Agriculture au Maroc (SIAM) de Mekn\u00e8s.<\/p>\n\n\n\n<p dir=\"ltr\">D\u2019apr\u00e8s le ministre, cette r\u00e9ciprocit\u00e9 illustre aussi la profondeur de la coop\u00e9ration franco-marocaine et l\u2019engagement mutuel \u00e0 renforcer les diff\u00e9rents partenariats entre les deux pays.<\/p>\n\n\n\n<p dir=\"ltr\">Au c\u0153ur de ce Salon organis\u00e9 au Palais des expositions de la capitale fran\u00e7aise, le Royaume dispose d\u2019un grand pavillon de 476 M2, o\u00f9 sont expos\u00e9s notamment les produits labellis\u00e9s du terroir marocain issus du travail des coop\u00e9ratives qui ont un savoir-faire s\u00e9culaire et des produits agricoles qui refl\u00e8tent la richesse et la diversit\u00e9 de ce secteur.<\/p>\n\n\n\n<p dir=\"ltr\">Le pavillon national donne \u00e0 voir \u00e9galement d\u2019autres aspects de l\u2019authenticit\u00e9 et de la sp\u00e9cificit\u00e9 marocaines, \u00e0 travers des animations culturelles et artistiques, des d\u00e9gustations de produits et de mets marocains.<\/p>\n\n\n\n<p dir=\"ltr\">Organis\u00e9e sous le signe \u201cUne fiert\u00e9 fran\u00e7aise\u201d, la 61\u00e8me \u00e9dition du Salon international de l\u2019Agriculture de Paris accueille plus de 600.000 visiteurs. Quelque 4.000 animaux y sont expos\u00e9s et 1.000 exposants pr\u00e9sents sur une superficie de 16 hectares o\u00f9 sont install\u00e9s 9 pavillons.<\/p>\n\n\n\n<p dir=\"ltr\">Cr\u00e9\u00e9 en 1964, le SIA est consid\u00e9r\u00e9 comme l\u2019un des plus grands rassemblements mondiaux consacr\u00e9s \u00e0 l\u2019alimentation et \u00e0 l\u2019agriculture, regroupant les consommateurs, les d\u00e9cideurs, les op\u00e9rateurs des cha\u00eenes de distribution et les chercheurs en innovation agricole.<\/p>\n","protected":false},"excerpt":{"rendered":"<p>Dpress La d\u00e9signation du Maroc comme le premier pays \u00e9tranger invit\u00e9 d\u2019honneur du Salon International de l\u2019Agriculture (SIA) de Paris (22 f\u00e9vrier-2 mars) refl\u00e8te \u201cla profondeur\u201d des liens d\u2019amiti\u00e9 \u201chistoriques\u201d et \u201csolides\u201d entre le Royaume et la France, a soulign\u00e9, dimanche, le ministre de l\u2019Agriculture, de la p\u00eache maritime, du d\u00e9veloppement rural et des eaux &hellip;<\/p>\n","protected":false},"author":2,"featured_media":12803,"comment_status":"open","ping_status":"open","sticky":false,"template":"","format":"standard","meta":{"footnotes":""},"categories":[25],"tags":[],"class_list":["post-12802","post","type-post","status-publish","format-standard","has-post-thumbnail","hentry","category-economie"],"yoast_head":"<!-- This site is optimized with the Yoast SEO plugin v27.5 - https:\/\/yoast.com\/product\/yoast-seo-wordpress\/ -->\n<title>SIA de Paris: Le Maroc \u00e0 l\u2019honneur, symbole de \u201cla profondeur\u201d des liens d\u2019amiti\u00e9 franco-marocains (M. El Bouari) - Dpress.ma\/fr<\/title>\n<meta name=\"robots\" content=\"index, follow, max-snippet:-1, max-image-preview:large, max-video-preview:-1\" \/>\n<link rel=\"canonical\" href=\"https:\/\/dpress.ma\/fr\/2025\/02\/23\/sia-de-paris-le-maroc-a-lhonneur-symbole-de-la-profondeur-des-liens-damitie-franco-marocains-m-el-bouari\/\" \/>\n<meta property=\"og:locale\" content=\"fr_FR\" \/>\n<meta property=\"og:type\" content=\"article\" \/>\n<meta property=\"og:title\" content=\"SIA de Paris: Le Maroc \u00e0 l\u2019honneur, symbole de \u201cla profondeur\u201d des liens d\u2019amiti\u00e9 franco-marocains (M. El Bouari) - Dpress.ma\/fr\" \/>\n<meta property=\"og:description\" content=\"Dpress La d\u00e9signation du Maroc comme le premier pays \u00e9tranger invit\u00e9 d\u2019honneur du Salon International de l\u2019Agriculture (SIA) de Paris (22 f\u00e9vrier-2 mars) refl\u00e8te \u201cla profondeur\u201d des liens d\u2019amiti\u00e9 \u201chistoriques\u201d et \u201csolides\u201d entre le Royaume et la France, a soulign\u00e9, dimanche, le ministre de l\u2019Agriculture, de la p\u00eache maritime, du d\u00e9veloppement rural et des eaux &hellip;\" \/>\n<meta property=\"og:url\" content=\"https:\/\/dpress.ma\/fr\/2025\/02\/23\/sia-de-paris-le-maroc-a-lhonneur-symbole-de-la-profondeur-des-liens-damitie-franco-marocains-m-el-bouari\/\" \/>\n<meta property=\"og:site_name\" content=\"Dpress.ma\/fr\" \/>\n<meta property=\"article:published_time\" content=\"2025-02-23T12:43:15+00:00\" \/>\n<meta property=\"article:modified_time\" content=\"2025-02-23T12:43:16+00:00\" \/>\n<meta property=\"og:image\" content=\"https:\/\/dpress.ma\/fr\/wp-content\/uploads\/sites\/2\/2025\/02\/Salon-International-de-lAgriculture-SIA-de-Paris.png\" \/>\n\t<meta property=\"og:image:width\" content=\"780\" \/>\n\t<meta property=\"og:image:height\" content=\"470\" \/>\n\t<meta property=\"og:image:type\" content=\"image\/png\" \/>\n<meta name=\"author\" content=\"Dpress.ma\" \/>\n<meta name=\"twitter:card\" content=\"summary_large_image\" \/>\n<meta name=\"twitter:label1\" content=\"\u00c9crit par\" \/>\n\t<meta name=\"twitter:data1\" content=\"Dpress.ma\" \/>\n\t<meta name=\"twitter:label2\" content=\"Dur\u00e9e de lecture estim\u00e9e\" \/>\n\t<meta name=\"twitter:data2\" content=\"3 minutes\" \/>\n<script type=\"application\/ld+json\" class=\"yoast-schema-graph\">{\"@context\":\"https:\\\/\\\/schema.org\",\"@graph\":[{\"@type\":\"Article\",\"@id\":\"https:\\\/\\\/dpress.ma\\\/fr\\\/2025\\\/02\\\/23\\\/sia-de-paris-le-maroc-a-lhonneur-symbole-de-la-profondeur-des-liens-damitie-franco-marocains-m-el-bouari\\\/#article\",\"isPartOf\":{\"@id\":\"https:\\\/\\\/dpress.ma\\\/fr\\\/2025\\\/02\\\/23\\\/sia-de-paris-le-maroc-a-lhonneur-symbole-de-la-profondeur-des-liens-damitie-franco-marocains-m-el-bouari\\\/\"},\"author\":{\"name\":\"Dpress.ma\",\"@id\":\"https:\\\/\\\/dpress.ma\\\/fr\\\/#\\\/schema\\\/person\\\/4898febf3ccd59e6578d838656a306a0\"},\"headline\":\"SIA de Paris: Le Maroc \u00e0 l\u2019honneur, symbole de \u201cla profondeur\u201d des liens d\u2019amiti\u00e9 franco-marocains (M. El Bouari)\",\"datePublished\":\"2025-02-23T12:43:15+00:00\",\"dateModified\":\"2025-02-23T12:43:16+00:00\",\"mainEntityOfPage\":{\"@id\":\"https:\\\/\\\/dpress.ma\\\/fr\\\/2025\\\/02\\\/23\\\/sia-de-paris-le-maroc-a-lhonneur-symbole-de-la-profondeur-des-liens-damitie-franco-marocains-m-el-bouari\\\/\"},\"wordCount\":482,\"commentCount\":0,\"image\":{\"@id\":\"https:\\\/\\\/dpress.ma\\\/fr\\\/2025\\\/02\\\/23\\\/sia-de-paris-le-maroc-a-lhonneur-symbole-de-la-profondeur-des-liens-damitie-franco-marocains-m-el-bouari\\\/#primaryimage\"},\"thumbnailUrl\":\"https:\\\/\\\/dpress.ma\\\/fr\\\/wp-content\\\/uploads\\\/sites\\\/2\\\/2025\\\/02\\\/Salon-International-de-lAgriculture-SIA-de-Paris.png\",\"articleSection\":[\"\u00c9conomie\"],\"inLanguage\":\"fr-FR\",\"potentialAction\":[{\"@type\":\"CommentAction\",\"name\":\"Comment\",\"target\":[\"https:\\\/\\\/dpress.ma\\\/fr\\\/2025\\\/02\\\/23\\\/sia-de-paris-le-maroc-a-lhonneur-symbole-de-la-profondeur-des-liens-damitie-franco-marocains-m-el-bouari\\\/#respond\"]}]},{\"@type\":\"WebPage\",\"@id\":\"https:\\\/\\\/dpress.ma\\\/fr\\\/2025\\\/02\\\/23\\\/sia-de-paris-le-maroc-a-lhonneur-symbole-de-la-profondeur-des-liens-damitie-franco-marocains-m-el-bouari\\\/\",\"url\":\"https:\\\/\\\/dpress.ma\\\/fr\\\/2025\\\/02\\\/23\\\/sia-de-paris-le-maroc-a-lhonneur-symbole-de-la-profondeur-des-liens-damitie-franco-marocains-m-el-bouari\\\/\",\"name\":\"SIA de Paris: Le Maroc \u00e0 l\u2019honneur, symbole de \u201cla profondeur\u201d des liens d\u2019amiti\u00e9 franco-marocains (M. El Bouari) - Dpress.ma\\\/fr\",\"isPartOf\":{\"@id\":\"https:\\\/\\\/dpress.ma\\\/fr\\\/#website\"},\"primaryImageOfPage\":{\"@id\":\"https:\\\/\\\/dpress.ma\\\/fr\\\/2025\\\/02\\\/23\\\/sia-de-paris-le-maroc-a-lhonneur-symbole-de-la-profondeur-des-liens-damitie-franco-marocains-m-el-bouari\\\/#primaryimage\"},\"image\":{\"@id\":\"https:\\\/\\\/dpress.ma\\\/fr\\\/2025\\\/02\\\/23\\\/sia-de-paris-le-maroc-a-lhonneur-symbole-de-la-profondeur-des-liens-damitie-franco-marocains-m-el-bouari\\\/#primaryimage\"},\"thumbnailUrl\":\"https:\\\/\\\/dpress.ma\\\/fr\\\/wp-content\\\/uploads\\\/sites\\\/2\\\/2025\\\/02\\\/Salon-International-de-lAgriculture-SIA-de-Paris.png\",\"datePublished\":\"2025-02-23T12:43:15+00:00\",\"dateModified\":\"2025-02-23T12:43:16+00:00\",\"author\":{\"@id\":\"https:\\\/\\\/dpress.ma\\\/fr\\\/#\\\/schema\\\/person\\\/4898febf3ccd59e6578d838656a306a0\"},\"breadcrumb\":{\"@id\":\"https:\\\/\\\/dpress.ma\\\/fr\\\/2025\\\/02\\\/23\\\/sia-de-paris-le-maroc-a-lhonneur-symbole-de-la-profondeur-des-liens-damitie-franco-marocains-m-el-bouari\\\/#breadcrumb\"},\"inLanguage\":\"fr-FR\",\"potentialAction\":[{\"@type\":\"ReadAction\",\"target\":[\"https:\\\/\\\/dpress.ma\\\/fr\\\/2025\\\/02\\\/23\\\/sia-de-paris-le-maroc-a-lhonneur-symbole-de-la-profondeur-des-liens-damitie-franco-marocains-m-el-bouari\\\/\"]}]},{\"@type\":\"ImageObject\",\"inLanguage\":\"fr-FR\",\"@id\":\"https:\\\/\\\/dpress.ma\\\/fr\\\/2025\\\/02\\\/23\\\/sia-de-paris-le-maroc-a-lhonneur-symbole-de-la-profondeur-des-liens-damitie-franco-marocains-m-el-bouari\\\/#primaryimage\",\"url\":\"https:\\\/\\\/dpress.ma\\\/fr\\\/wp-content\\\/uploads\\\/sites\\\/2\\\/2025\\\/02\\\/Salon-International-de-lAgriculture-SIA-de-Paris.png\",\"contentUrl\":\"https:\\\/\\\/dpress.ma\\\/fr\\\/wp-content\\\/uploads\\\/sites\\\/2\\\/2025\\\/02\\\/Salon-International-de-lAgriculture-SIA-de-Paris.png\",\"width\":780,\"height\":470},{\"@type\":\"BreadcrumbList\",\"@id\":\"https:\\\/\\\/dpress.ma\\\/fr\\\/2025\\\/02\\\/23\\\/sia-de-paris-le-maroc-a-lhonneur-symbole-de-la-profondeur-des-liens-damitie-franco-marocains-m-el-bouari\\\/#breadcrumb\",\"itemListElement\":[{\"@type\":\"ListItem\",\"position\":1,\"name\":\"Home\",\"item\":\"https:\\\/\\\/dpress.ma\\\/fr\\\/\"},{\"@type\":\"ListItem\",\"position\":2,\"name\":\"SIA de Paris: Le Maroc \u00e0 l\u2019honneur, symbole de \u201cla profondeur\u201d des liens d\u2019amiti\u00e9 franco-marocains (M. El Bouari)\"}]},{\"@type\":\"WebSite\",\"@id\":\"https:\\\/\\\/dpress.ma\\\/fr\\\/#website\",\"url\":\"https:\\\/\\\/dpress.ma\\\/fr\\\/\",\"name\":\"Dpress.ma\\\/fr\",\"description\":\"\",\"potentialAction\":[{\"@type\":\"SearchAction\",\"target\":{\"@type\":\"EntryPoint\",\"urlTemplate\":\"https:\\\/\\\/dpress.ma\\\/fr\\\/?s={search_term_string}\"},\"query-input\":{\"@type\":\"PropertyValueSpecification\",\"valueRequired\":true,\"valueName\":\"search_term_string\"}}],\"inLanguage\":\"fr-FR\"},{\"@type\":\"Person\",\"@id\":\"https:\\\/\\\/dpress.ma\\\/fr\\\/#\\\/schema\\\/person\\\/4898febf3ccd59e6578d838656a306a0\",\"name\":\"Dpress.ma\",\"image\":{\"@type\":\"ImageObject\",\"inLanguage\":\"fr-FR\",\"@id\":\"https:\\\/\\\/secure.gravatar.com\\\/avatar\\\/72ecc30e9db047a2e0e7176561eb9d564ed77c8108376495b19bd8336405198a?s=96&d=mm&r=g\",\"url\":\"https:\\\/\\\/secure.gravatar.com\\\/avatar\\\/72ecc30e9db047a2e0e7176561eb9d564ed77c8108376495b19bd8336405198a?s=96&d=mm&r=g\",\"contentUrl\":\"https:\\\/\\\/secure.gravatar.com\\\/avatar\\\/72ecc30e9db047a2e0e7176561eb9d564ed77c8108376495b19bd8336405198a?s=96&d=mm&r=g\",\"caption\":\"Dpress.ma\"},\"sameAs\":[\"https:\\\/\\\/www.dpress.ma\"],\"url\":\"https:\\\/\\\/dpress.ma\\\/fr\\\/author\\\/dpress-ma\\\/\"}]}<\/script>\n<!-- \/ Yoast SEO plugin. -->","yoast_head_json":{"title":"SIA de Paris: Le Maroc \u00e0 l\u2019honneur, symbole de \u201cla profondeur\u201d des liens d\u2019amiti\u00e9 franco-marocains (M. El Bouari) - Dpress.ma\/fr","robots":{"index":"index","follow":"follow","max-snippet":"max-snippet:-1","max-image-preview":"max-image-preview:large","max-video-preview":"max-video-preview:-1"},"canonical":"https:\/\/dpress.ma\/fr\/2025\/02\/23\/sia-de-paris-le-maroc-a-lhonneur-symbole-de-la-profondeur-des-liens-damitie-franco-marocains-m-el-bouari\/","og_locale":"fr_FR","og_type":"article","og_title":"SIA de Paris: Le Maroc \u00e0 l\u2019honneur, symbole de \u201cla profondeur\u201d des liens d\u2019amiti\u00e9 franco-marocains (M. El Bouari) - Dpress.ma\/fr","og_description":"Dpress La d\u00e9signation du Maroc comme le premier pays \u00e9tranger invit\u00e9 d\u2019honneur du Salon International de l\u2019Agriculture (SIA) de Paris (22 f\u00e9vrier-2 mars) refl\u00e8te \u201cla profondeur\u201d des liens d\u2019amiti\u00e9 \u201chistoriques\u201d et \u201csolides\u201d entre le Royaume et la France, a soulign\u00e9, dimanche, le ministre de l\u2019Agriculture, de la p\u00eache maritime, du d\u00e9veloppement rural et des eaux &hellip;","og_url":"https:\/\/dpress.ma\/fr\/2025\/02\/23\/sia-de-paris-le-maroc-a-lhonneur-symbole-de-la-profondeur-des-liens-damitie-franco-marocains-m-el-bouari\/","og_site_name":"Dpress.ma\/fr","article_published_time":"2025-02-23T12:43:15+00:00","article_modified_time":"2025-02-23T12:43:16+00:00","og_image":[{"width":780,"height":470,"url":"https:\/\/dpress.ma\/fr\/wp-content\/uploads\/sites\/2\/2025\/02\/Salon-International-de-lAgriculture-SIA-de-Paris.png","type":"image\/png"}],"author":"Dpress.ma","twitter_card":"summary_large_image","twitter_misc":{"\u00c9crit par":"Dpress.ma","Dur\u00e9e de lecture estim\u00e9e":"3 minutes"},"schema":{"@context":"https:\/\/schema.org","@graph":[{"@type":"Article","@id":"https:\/\/dpress.ma\/fr\/2025\/02\/23\/sia-de-paris-le-maroc-a-lhonneur-symbole-de-la-profondeur-des-liens-damitie-franco-marocains-m-el-bouari\/#article","isPartOf":{"@id":"https:\/\/dpress.ma\/fr\/2025\/02\/23\/sia-de-paris-le-maroc-a-lhonneur-symbole-de-la-profondeur-des-liens-damitie-franco-marocains-m-el-bouari\/"},"author":{"name":"Dpress.ma","@id":"https:\/\/dpress.ma\/fr\/#\/schema\/person\/4898febf3ccd59e6578d838656a306a0"},"headline":"SIA de Paris: Le Maroc \u00e0 l\u2019honneur, symbole de \u201cla profondeur\u201d des liens d\u2019amiti\u00e9 franco-marocains (M. El Bouari)","datePublished":"2025-02-23T12:43:15+00:00","dateModified":"2025-02-23T12:43:16+00:00","mainEntityOfPage":{"@id":"https:\/\/dpress.ma\/fr\/2025\/02\/23\/sia-de-paris-le-maroc-a-lhonneur-symbole-de-la-profondeur-des-liens-damitie-franco-marocains-m-el-bouari\/"},"wordCount":482,"commentCount":0,"image":{"@id":"https:\/\/dpress.ma\/fr\/2025\/02\/23\/sia-de-paris-le-maroc-a-lhonneur-symbole-de-la-profondeur-des-liens-damitie-franco-marocains-m-el-bouari\/#primaryimage"},"thumbnailUrl":"https:\/\/dpress.ma\/fr\/wp-content\/uploads\/sites\/2\/2025\/02\/Salon-International-de-lAgriculture-SIA-de-Paris.png","articleSection":["\u00c9conomie"],"inLanguage":"fr-FR","potentialAction":[{"@type":"CommentAction","name":"Comment","target":["https:\/\/dpress.ma\/fr\/2025\/02\/23\/sia-de-paris-le-maroc-a-lhonneur-symbole-de-la-profondeur-des-liens-damitie-franco-marocains-m-el-bouari\/#respond"]}]},{"@type":"WebPage","@id":"https:\/\/dpress.ma\/fr\/2025\/02\/23\/sia-de-paris-le-maroc-a-lhonneur-symbole-de-la-profondeur-des-liens-damitie-franco-marocains-m-el-bouari\/","url":"https:\/\/dpress.ma\/fr\/2025\/02\/23\/sia-de-paris-le-maroc-a-lhonneur-symbole-de-la-profondeur-des-liens-damitie-franco-marocains-m-el-bouari\/","name":"SIA de Paris: Le Maroc \u00e0 l\u2019honneur, symbole de \u201cla profondeur\u201d des liens d\u2019amiti\u00e9 franco-marocains (M. El Bouari) - Dpress.ma\/fr","isPartOf":{"@id":"https:\/\/dpress.ma\/fr\/#website"},"primaryImageOfPage":{"@id":"https:\/\/dpress.ma\/fr\/2025\/02\/23\/sia-de-paris-le-maroc-a-lhonneur-symbole-de-la-profondeur-des-liens-damitie-franco-marocains-m-el-bouari\/#primaryimage"},"image":{"@id":"https:\/\/dpress.ma\/fr\/2025\/02\/23\/sia-de-paris-le-maroc-a-lhonneur-symbole-de-la-profondeur-des-liens-damitie-franco-marocains-m-el-bouari\/#primaryimage"},"thumbnailUrl":"https:\/\/dpress.ma\/fr\/wp-content\/uploads\/sites\/2\/2025\/02\/Salon-International-de-lAgriculture-SIA-de-Paris.png","datePublished":"2025-02-23T12:43:15+00:00","dateModified":"2025-02-23T12:43:16+00:00","author":{"@id":"https:\/\/dpress.ma\/fr\/#\/schema\/person\/4898febf3ccd59e6578d838656a306a0"},"breadcrumb":{"@id":"https:\/\/dpress.ma\/fr\/2025\/02\/23\/sia-de-paris-le-maroc-a-lhonneur-symbole-de-la-profondeur-des-liens-damitie-franco-marocains-m-el-bouari\/#breadcrumb"},"inLanguage":"fr-FR","potentialAction":[{"@type":"ReadAction","target":["https:\/\/dpress.ma\/fr\/2025\/02\/23\/sia-de-paris-le-maroc-a-lhonneur-symbole-de-la-profondeur-des-liens-damitie-franco-marocains-m-el-bouari\/"]}]},{"@type":"ImageObject","inLanguage":"fr-FR","@id":"https:\/\/dpress.ma\/fr\/2025\/02\/23\/sia-de-paris-le-maroc-a-lhonneur-symbole-de-la-profondeur-des-liens-damitie-franco-marocains-m-el-bouari\/#primaryimage","url":"https:\/\/dpress.ma\/fr\/wp-content\/uploads\/sites\/2\/2025\/02\/Salon-International-de-lAgriculture-SIA-de-Paris.png","contentUrl":"https:\/\/dpress.ma\/fr\/wp-content\/uploads\/sites\/2\/2025\/02\/Salon-International-de-lAgriculture-SIA-de-Paris.png","width":780,"height":470},{"@type":"BreadcrumbList","@id":"https:\/\/dpress.ma\/fr\/2025\/02\/23\/sia-de-paris-le-maroc-a-lhonneur-symbole-de-la-profondeur-des-liens-damitie-franco-marocains-m-el-bouari\/#breadcrumb","itemListElement":[{"@type":"ListItem","position":1,"name":"Home","item":"https:\/\/dpress.ma\/fr\/"},{"@type":"ListItem","position":2,"name":"SIA de Paris: Le Maroc \u00e0 l\u2019honneur, symbole de \u201cla profondeur\u201d des liens d\u2019amiti\u00e9 franco-marocains (M. El Bouari)"}]},{"@type":"WebSite","@id":"https:\/\/dpress.ma\/fr\/#website","url":"https:\/\/dpress.ma\/fr\/","name":"Dpress.ma\/fr","description":"","potentialAction":[{"@type":"SearchAction","target":{"@type":"EntryPoint","urlTemplate":"https:\/\/dpress.ma\/fr\/?s={search_term_string}"},"query-input":{"@type":"PropertyValueSpecification","valueRequired":true,"valueName":"search_term_string"}}],"inLanguage":"fr-FR"},{"@type":"Person","@id":"https:\/\/dpress.ma\/fr\/#\/schema\/person\/4898febf3ccd59e6578d838656a306a0","name":"Dpress.ma","image":{"@type":"ImageObject","inLanguage":"fr-FR","@id":"https:\/\/secure.gravatar.com\/avatar\/72ecc30e9db047a2e0e7176561eb9d564ed77c8108376495b19bd8336405198a?s=96&d=mm&r=g","url":"https:\/\/secure.gravatar.com\/avatar\/72ecc30e9db047a2e0e7176561eb9d564ed77c8108376495b19bd8336405198a?s=96&d=mm&r=g","contentUrl":"https:\/\/secure.gravatar.com\/avatar\/72ecc30e9db047a2e0e7176561eb9d564ed77c8108376495b19bd8336405198a?s=96&d=mm&r=g","caption":"Dpress.ma"},"sameAs":["https:\/\/www.dpress.ma"],"url":"https:\/\/dpress.ma\/fr\/author\/dpress-ma\/"}]}},"amp_enabled":true,"_links":{"self":[{"href":"https:\/\/dpress.ma\/fr\/wp-json\/wp\/v2\/posts\/12802","targetHints":{"allow":["GET"]}}],"collection":[{"href":"https:\/\/dpress.ma\/fr\/wp-json\/wp\/v2\/posts"}],"about":[{"href":"https:\/\/dpress.ma\/fr\/wp-json\/wp\/v2\/types\/post"}],"author":[{"embeddable":true,"href":"https:\/\/dpress.ma\/fr\/wp-json\/wp\/v2\/users\/2"}],"replies":[{"embeddable":true,"href":"https:\/\/dpress.ma\/fr\/wp-json\/wp\/v2\/comments?post=12802"}],"version-history":[{"count":1,"href":"https:\/\/dpress.ma\/fr\/wp-json\/wp\/v2\/posts\/12802\/revisions"}],"predecessor-version":[{"id":12804,"href":"https:\/\/dpress.ma\/fr\/wp-json\/wp\/v2\/posts\/12802\/revisions\/12804"}],"wp:featuredmedia":[{"embeddable":true,"href":"https:\/\/dpress.ma\/fr\/wp-json\/wp\/v2\/media\/12803"}],"wp:attachment":[{"href":"https:\/\/dpress.ma\/fr\/wp-json\/wp\/v2\/media?parent=12802"}],"wp:term":[{"taxonomy":"category","embeddable":true,"href":"https:\/\/dpress.ma\/fr\/wp-json\/wp\/v2\/categories?post=12802"},{"taxonomy":"post_tag","embeddable":true,"href":"https:\/\/dpress.ma\/fr\/wp-json\/wp\/v2\/tags?post=12802"}],"curies":[{"name":"wp","href":"https:\/\/api.w.org\/{rel}","templated":true}]}}