{"id":12795,"date":"2025-02-23T12:37:58","date_gmt":"2025-02-23T12:37:58","guid":{"rendered":"https:\/\/dpress.ma\/fr\/?p=12795"},"modified":"2025-02-23T12:37:59","modified_gmt":"2025-02-23T12:37:59","slug":"icesco-nouveaux-horaires-de-visite-de-lexposition-et-du-musee-de-la-sirah-du-prophete-durant-le-mois-de-ramadan","status":"publish","type":"post","link":"https:\/\/dpress.ma\/fr\/2025\/02\/23\/icesco-nouveaux-horaires-de-visite-de-lexposition-et-du-musee-de-la-sirah-du-prophete-durant-le-mois-de-ramadan\/","title":{"rendered":"ICESCO : nouveaux horaires de visite de l\u2019exposition et du mus\u00e9e de la S\u00eerah du Proph\u00e8te durant le mois de Ramadan"},"content":{"rendered":"\n<p dir=\"ltr\">Dpress<\/p>\n\n\n\n<p dir=\"ltr\">L\u2019Organisation du monde islamique pour l\u2019\u00e9ducation, les sciences et la culture (ICESCO) en coop\u00e9ration avec la Rabita Mohammadia des Oul\u00e9mas, a annonc\u00e9 l\u2019adoption de nouveaux horaires de visite de l\u2019exposition et du mus\u00e9e international de la S\u00eerah du Proph\u00e8te et de la civilisation islamique pendant le mois sacr\u00e9 de Ramadan.<\/p>\n\n\n\n<p dir=\"ltr\">Dans un communiqu\u00e9, l\u2019ICESCO indique que l\u2019exposition et le mus\u00e9e, tenus \u00e0 son si\u00e8ge sous le Haut patronage de SM le Roi Mohammed VI, ouvriront leurs portes au public de 10H30 \u00e0 16H30 tout au long de la semaine, \u00e0 l\u2019exception du lundi, et ce \u00e0 partir du samedi 1er mars jusqu\u2019au vendredi 21 mars 2025.<\/p>\n\n\n\n<p dir=\"ltr\">Cette exposition est la premi\u00e8re de son genre organis\u00e9e en dehors du Royaume d\u2019Arabie Saoudite, note le communiqu\u00e9, rappelant qu\u2019elle vise \u00e0 pr\u00e9senter le message de l\u2019Islam pr\u00f4nant la justice, la paix, la tol\u00e9rance et la coexistence, en se fondant sur le Saint Coran et la noble Sounna du Proph\u00e8te, et en ayant recours aux derni\u00e8res technologies d\u2019affichage interactif.<\/p>\n\n\n\n<p dir=\"ltr\">L\u2019exposition comprend trois principaux pavillons, \u00e0 savoir, \u201cl\u2019exposition et le mus\u00e9e international de la S\u00eerah du Proph\u00e8te et de la civilisation islamique\u201d et le \u201cPanorama de la chambre du Noble Proph\u00e8te\u201d, supervis\u00e9s par la Ligue islamique mondiale et con\u00e7us avec la technologie 3D et la r\u00e9alit\u00e9 virtuelle (VR), ainsi que le pavillon \u201cL\u2019attachement des Marocains au Noble Proph\u00e8te, symbole d\u2019amour et de fid\u00e9lit\u00e9\u201d, supervis\u00e9 par la Rabita Mohammadia des Oul\u00e9mas.<\/p>\n\n\n\n<p dir=\"ltr\">Selon les organisateurs, cinq millions de visiteurs ont franchi les portes de l\u2019exposition depuis son ouverture au grand public le 28 novembre 2022, se f\u00e9licitant que l\u2019exposition s\u2019\u00e9rige en destination pour ceux qui souhaitent approfondir leur connaissance de la noble S\u00eerah du Proph\u00e8te Sidna Mohammed, paix et salut de Dieu soient sur Lui.<\/p>\n","protected":false},"excerpt":{"rendered":"<p>Dpress L\u2019Organisation du monde islamique pour l\u2019\u00e9ducation, les sciences et la culture (ICESCO) en coop\u00e9ration avec la Rabita Mohammadia des Oul\u00e9mas, a annonc\u00e9 l\u2019adoption de nouveaux horaires de visite de l\u2019exposition et du mus\u00e9e international de la S\u00eerah du Proph\u00e8te et de la civilisation islamique pendant le mois sacr\u00e9 de Ramadan. Dans un communiqu\u00e9, l\u2019ICESCO &hellip;<\/p>\n","protected":false},"author":2,"featured_media":12796,"comment_status":"open","ping_status":"open","sticky":false,"template":"","format":"standard","meta":{"footnotes":""},"categories":[1],"tags":[],"class_list":["post-12795","post","type-post","status-publish","format-standard","has-post-thumbnail","hentry","category-video"],"yoast_head":"<!-- This site is optimized with the Yoast SEO plugin v27.5 - https:\/\/yoast.com\/product\/yoast-seo-wordpress\/ -->\n<title>ICESCO : nouveaux horaires de visite de l\u2019exposition et du mus\u00e9e de la S\u00eerah du Proph\u00e8te durant le mois de Ramadan - Dpress.ma\/fr<\/title>\n<meta name=\"robots\" content=\"index, follow, max-snippet:-1, max-image-preview:large, max-video-preview:-1\" \/>\n<link rel=\"canonical\" href=\"https:\/\/dpress.ma\/fr\/2025\/02\/23\/icesco-nouveaux-horaires-de-visite-de-lexposition-et-du-musee-de-la-sirah-du-prophete-durant-le-mois-de-ramadan\/\" \/>\n<meta property=\"og:locale\" content=\"fr_FR\" \/>\n<meta property=\"og:type\" content=\"article\" \/>\n<meta property=\"og:title\" content=\"ICESCO : nouveaux horaires de visite de l\u2019exposition et du mus\u00e9e de la S\u00eerah du Proph\u00e8te durant le mois de Ramadan - Dpress.ma\/fr\" \/>\n<meta property=\"og:description\" content=\"Dpress L\u2019Organisation du monde islamique pour l\u2019\u00e9ducation, les sciences et la culture (ICESCO) en coop\u00e9ration avec la Rabita Mohammadia des Oul\u00e9mas, a annonc\u00e9 l\u2019adoption de nouveaux horaires de visite de l\u2019exposition et du mus\u00e9e international de la S\u00eerah du Proph\u00e8te et de la civilisation islamique pendant le mois sacr\u00e9 de Ramadan. Dans un communiqu\u00e9, l\u2019ICESCO &hellip;\" \/>\n<meta property=\"og:url\" content=\"https:\/\/dpress.ma\/fr\/2025\/02\/23\/icesco-nouveaux-horaires-de-visite-de-lexposition-et-du-musee-de-la-sirah-du-prophete-durant-le-mois-de-ramadan\/\" \/>\n<meta property=\"og:site_name\" content=\"Dpress.ma\/fr\" \/>\n<meta property=\"article:published_time\" content=\"2025-02-23T12:37:58+00:00\" \/>\n<meta property=\"article:modified_time\" content=\"2025-02-23T12:37:59+00:00\" \/>\n<meta property=\"og:image\" content=\"https:\/\/dpress.ma\/fr\/wp-content\/uploads\/sites\/2\/2025\/02\/musee-international-de-la-Sirah-du-Prophete-et-de-la-civilisation-islamique.png\" \/>\n\t<meta property=\"og:image:width\" content=\"780\" \/>\n\t<meta property=\"og:image:height\" content=\"470\" \/>\n\t<meta property=\"og:image:type\" content=\"image\/png\" \/>\n<meta name=\"author\" content=\"Dpress.ma\" \/>\n<meta name=\"twitter:card\" content=\"summary_large_image\" \/>\n<meta name=\"twitter:label1\" content=\"\u00c9crit par\" \/>\n\t<meta name=\"twitter:data1\" content=\"Dpress.ma\" \/>\n\t<meta name=\"twitter:label2\" content=\"Dur\u00e9e de lecture estim\u00e9e\" \/>\n\t<meta name=\"twitter:data2\" content=\"2 minutes\" \/>\n<script type=\"application\/ld+json\" class=\"yoast-schema-graph\">{\"@context\":\"https:\\\/\\\/schema.org\",\"@graph\":[{\"@type\":\"Article\",\"@id\":\"https:\\\/\\\/dpress.ma\\\/fr\\\/2025\\\/02\\\/23\\\/icesco-nouveaux-horaires-de-visite-de-lexposition-et-du-musee-de-la-sirah-du-prophete-durant-le-mois-de-ramadan\\\/#article\",\"isPartOf\":{\"@id\":\"https:\\\/\\\/dpress.ma\\\/fr\\\/2025\\\/02\\\/23\\\/icesco-nouveaux-horaires-de-visite-de-lexposition-et-du-musee-de-la-sirah-du-prophete-durant-le-mois-de-ramadan\\\/\"},\"author\":{\"name\":\"Dpress.ma\",\"@id\":\"https:\\\/\\\/dpress.ma\\\/fr\\\/#\\\/schema\\\/person\\\/4898febf3ccd59e6578d838656a306a0\"},\"headline\":\"ICESCO : nouveaux horaires de visite de l\u2019exposition et du mus\u00e9e de la S\u00eerah du Proph\u00e8te durant le mois de Ramadan\",\"datePublished\":\"2025-02-23T12:37:58+00:00\",\"dateModified\":\"2025-02-23T12:37:59+00:00\",\"mainEntityOfPage\":{\"@id\":\"https:\\\/\\\/dpress.ma\\\/fr\\\/2025\\\/02\\\/23\\\/icesco-nouveaux-horaires-de-visite-de-lexposition-et-du-musee-de-la-sirah-du-prophete-durant-le-mois-de-ramadan\\\/\"},\"wordCount\":349,\"commentCount\":0,\"image\":{\"@id\":\"https:\\\/\\\/dpress.ma\\\/fr\\\/2025\\\/02\\\/23\\\/icesco-nouveaux-horaires-de-visite-de-lexposition-et-du-musee-de-la-sirah-du-prophete-durant-le-mois-de-ramadan\\\/#primaryimage\"},\"thumbnailUrl\":\"https:\\\/\\\/dpress.ma\\\/fr\\\/wp-content\\\/uploads\\\/sites\\\/2\\\/2025\\\/02\\\/musee-international-de-la-Sirah-du-Prophete-et-de-la-civilisation-islamique.png\",\"articleSection\":[\"Video\"],\"inLanguage\":\"fr-FR\",\"potentialAction\":[{\"@type\":\"CommentAction\",\"name\":\"Comment\",\"target\":[\"https:\\\/\\\/dpress.ma\\\/fr\\\/2025\\\/02\\\/23\\\/icesco-nouveaux-horaires-de-visite-de-lexposition-et-du-musee-de-la-sirah-du-prophete-durant-le-mois-de-ramadan\\\/#respond\"]}]},{\"@type\":\"WebPage\",\"@id\":\"https:\\\/\\\/dpress.ma\\\/fr\\\/2025\\\/02\\\/23\\\/icesco-nouveaux-horaires-de-visite-de-lexposition-et-du-musee-de-la-sirah-du-prophete-durant-le-mois-de-ramadan\\\/\",\"url\":\"https:\\\/\\\/dpress.ma\\\/fr\\\/2025\\\/02\\\/23\\\/icesco-nouveaux-horaires-de-visite-de-lexposition-et-du-musee-de-la-sirah-du-prophete-durant-le-mois-de-ramadan\\\/\",\"name\":\"ICESCO : nouveaux horaires de visite de l\u2019exposition et du mus\u00e9e de la S\u00eerah du Proph\u00e8te durant le mois de Ramadan - Dpress.ma\\\/fr\",\"isPartOf\":{\"@id\":\"https:\\\/\\\/dpress.ma\\\/fr\\\/#website\"},\"primaryImageOfPage\":{\"@id\":\"https:\\\/\\\/dpress.ma\\\/fr\\\/2025\\\/02\\\/23\\\/icesco-nouveaux-horaires-de-visite-de-lexposition-et-du-musee-de-la-sirah-du-prophete-durant-le-mois-de-ramadan\\\/#primaryimage\"},\"image\":{\"@id\":\"https:\\\/\\\/dpress.ma\\\/fr\\\/2025\\\/02\\\/23\\\/icesco-nouveaux-horaires-de-visite-de-lexposition-et-du-musee-de-la-sirah-du-prophete-durant-le-mois-de-ramadan\\\/#primaryimage\"},\"thumbnailUrl\":\"https:\\\/\\\/dpress.ma\\\/fr\\\/wp-content\\\/uploads\\\/sites\\\/2\\\/2025\\\/02\\\/musee-international-de-la-Sirah-du-Prophete-et-de-la-civilisation-islamique.png\",\"datePublished\":\"2025-02-23T12:37:58+00:00\",\"dateModified\":\"2025-02-23T12:37:59+00:00\",\"author\":{\"@id\":\"https:\\\/\\\/dpress.ma\\\/fr\\\/#\\\/schema\\\/person\\\/4898febf3ccd59e6578d838656a306a0\"},\"breadcrumb\":{\"@id\":\"https:\\\/\\\/dpress.ma\\\/fr\\\/2025\\\/02\\\/23\\\/icesco-nouveaux-horaires-de-visite-de-lexposition-et-du-musee-de-la-sirah-du-prophete-durant-le-mois-de-ramadan\\\/#breadcrumb\"},\"inLanguage\":\"fr-FR\",\"potentialAction\":[{\"@type\":\"ReadAction\",\"target\":[\"https:\\\/\\\/dpress.ma\\\/fr\\\/2025\\\/02\\\/23\\\/icesco-nouveaux-horaires-de-visite-de-lexposition-et-du-musee-de-la-sirah-du-prophete-durant-le-mois-de-ramadan\\\/\"]}]},{\"@type\":\"ImageObject\",\"inLanguage\":\"fr-FR\",\"@id\":\"https:\\\/\\\/dpress.ma\\\/fr\\\/2025\\\/02\\\/23\\\/icesco-nouveaux-horaires-de-visite-de-lexposition-et-du-musee-de-la-sirah-du-prophete-durant-le-mois-de-ramadan\\\/#primaryimage\",\"url\":\"https:\\\/\\\/dpress.ma\\\/fr\\\/wp-content\\\/uploads\\\/sites\\\/2\\\/2025\\\/02\\\/musee-international-de-la-Sirah-du-Prophete-et-de-la-civilisation-islamique.png\",\"contentUrl\":\"https:\\\/\\\/dpress.ma\\\/fr\\\/wp-content\\\/uploads\\\/sites\\\/2\\\/2025\\\/02\\\/musee-international-de-la-Sirah-du-Prophete-et-de-la-civilisation-islamique.png\",\"width\":780,\"height\":470},{\"@type\":\"BreadcrumbList\",\"@id\":\"https:\\\/\\\/dpress.ma\\\/fr\\\/2025\\\/02\\\/23\\\/icesco-nouveaux-horaires-de-visite-de-lexposition-et-du-musee-de-la-sirah-du-prophete-durant-le-mois-de-ramadan\\\/#breadcrumb\",\"itemListElement\":[{\"@type\":\"ListItem\",\"position\":1,\"name\":\"Home\",\"item\":\"https:\\\/\\\/dpress.ma\\\/fr\\\/\"},{\"@type\":\"ListItem\",\"position\":2,\"name\":\"ICESCO : nouveaux horaires de visite de l\u2019exposition et du mus\u00e9e de la S\u00eerah du Proph\u00e8te durant le mois de Ramadan\"}]},{\"@type\":\"WebSite\",\"@id\":\"https:\\\/\\\/dpress.ma\\\/fr\\\/#website\",\"url\":\"https:\\\/\\\/dpress.ma\\\/fr\\\/\",\"name\":\"Dpress.ma\\\/fr\",\"description\":\"\",\"potentialAction\":[{\"@type\":\"SearchAction\",\"target\":{\"@type\":\"EntryPoint\",\"urlTemplate\":\"https:\\\/\\\/dpress.ma\\\/fr\\\/?s={search_term_string}\"},\"query-input\":{\"@type\":\"PropertyValueSpecification\",\"valueRequired\":true,\"valueName\":\"search_term_string\"}}],\"inLanguage\":\"fr-FR\"},{\"@type\":\"Person\",\"@id\":\"https:\\\/\\\/dpress.ma\\\/fr\\\/#\\\/schema\\\/person\\\/4898febf3ccd59e6578d838656a306a0\",\"name\":\"Dpress.ma\",\"image\":{\"@type\":\"ImageObject\",\"inLanguage\":\"fr-FR\",\"@id\":\"https:\\\/\\\/secure.gravatar.com\\\/avatar\\\/72ecc30e9db047a2e0e7176561eb9d564ed77c8108376495b19bd8336405198a?s=96&d=mm&r=g\",\"url\":\"https:\\\/\\\/secure.gravatar.com\\\/avatar\\\/72ecc30e9db047a2e0e7176561eb9d564ed77c8108376495b19bd8336405198a?s=96&d=mm&r=g\",\"contentUrl\":\"https:\\\/\\\/secure.gravatar.com\\\/avatar\\\/72ecc30e9db047a2e0e7176561eb9d564ed77c8108376495b19bd8336405198a?s=96&d=mm&r=g\",\"caption\":\"Dpress.ma\"},\"sameAs\":[\"https:\\\/\\\/www.dpress.ma\"],\"url\":\"https:\\\/\\\/dpress.ma\\\/fr\\\/author\\\/dpress-ma\\\/\"}]}<\/script>\n<!-- \/ Yoast SEO plugin. -->","yoast_head_json":{"title":"ICESCO : nouveaux horaires de visite de l\u2019exposition et du mus\u00e9e de la S\u00eerah du Proph\u00e8te durant le mois de Ramadan - Dpress.ma\/fr","robots":{"index":"index","follow":"follow","max-snippet":"max-snippet:-1","max-image-preview":"max-image-preview:large","max-video-preview":"max-video-preview:-1"},"canonical":"https:\/\/dpress.ma\/fr\/2025\/02\/23\/icesco-nouveaux-horaires-de-visite-de-lexposition-et-du-musee-de-la-sirah-du-prophete-durant-le-mois-de-ramadan\/","og_locale":"fr_FR","og_type":"article","og_title":"ICESCO : nouveaux horaires de visite de l\u2019exposition et du mus\u00e9e de la S\u00eerah du Proph\u00e8te durant le mois de Ramadan - Dpress.ma\/fr","og_description":"Dpress L\u2019Organisation du monde islamique pour l\u2019\u00e9ducation, les sciences et la culture (ICESCO) en coop\u00e9ration avec la Rabita Mohammadia des Oul\u00e9mas, a annonc\u00e9 l\u2019adoption de nouveaux horaires de visite de l\u2019exposition et du mus\u00e9e international de la S\u00eerah du Proph\u00e8te et de la civilisation islamique pendant le mois sacr\u00e9 de Ramadan. Dans un communiqu\u00e9, l\u2019ICESCO &hellip;","og_url":"https:\/\/dpress.ma\/fr\/2025\/02\/23\/icesco-nouveaux-horaires-de-visite-de-lexposition-et-du-musee-de-la-sirah-du-prophete-durant-le-mois-de-ramadan\/","og_site_name":"Dpress.ma\/fr","article_published_time":"2025-02-23T12:37:58+00:00","article_modified_time":"2025-02-23T12:37:59+00:00","og_image":[{"width":780,"height":470,"url":"https:\/\/dpress.ma\/fr\/wp-content\/uploads\/sites\/2\/2025\/02\/musee-international-de-la-Sirah-du-Prophete-et-de-la-civilisation-islamique.png","type":"image\/png"}],"author":"Dpress.ma","twitter_card":"summary_large_image","twitter_misc":{"\u00c9crit par":"Dpress.ma","Dur\u00e9e de lecture estim\u00e9e":"2 minutes"},"schema":{"@context":"https:\/\/schema.org","@graph":[{"@type":"Article","@id":"https:\/\/dpress.ma\/fr\/2025\/02\/23\/icesco-nouveaux-horaires-de-visite-de-lexposition-et-du-musee-de-la-sirah-du-prophete-durant-le-mois-de-ramadan\/#article","isPartOf":{"@id":"https:\/\/dpress.ma\/fr\/2025\/02\/23\/icesco-nouveaux-horaires-de-visite-de-lexposition-et-du-musee-de-la-sirah-du-prophete-durant-le-mois-de-ramadan\/"},"author":{"name":"Dpress.ma","@id":"https:\/\/dpress.ma\/fr\/#\/schema\/person\/4898febf3ccd59e6578d838656a306a0"},"headline":"ICESCO : nouveaux horaires de visite de l\u2019exposition et du mus\u00e9e de la S\u00eerah du Proph\u00e8te durant le mois de Ramadan","datePublished":"2025-02-23T12:37:58+00:00","dateModified":"2025-02-23T12:37:59+00:00","mainEntityOfPage":{"@id":"https:\/\/dpress.ma\/fr\/2025\/02\/23\/icesco-nouveaux-horaires-de-visite-de-lexposition-et-du-musee-de-la-sirah-du-prophete-durant-le-mois-de-ramadan\/"},"wordCount":349,"commentCount":0,"image":{"@id":"https:\/\/dpress.ma\/fr\/2025\/02\/23\/icesco-nouveaux-horaires-de-visite-de-lexposition-et-du-musee-de-la-sirah-du-prophete-durant-le-mois-de-ramadan\/#primaryimage"},"thumbnailUrl":"https:\/\/dpress.ma\/fr\/wp-content\/uploads\/sites\/2\/2025\/02\/musee-international-de-la-Sirah-du-Prophete-et-de-la-civilisation-islamique.png","articleSection":["Video"],"inLanguage":"fr-FR","potentialAction":[{"@type":"CommentAction","name":"Comment","target":["https:\/\/dpress.ma\/fr\/2025\/02\/23\/icesco-nouveaux-horaires-de-visite-de-lexposition-et-du-musee-de-la-sirah-du-prophete-durant-le-mois-de-ramadan\/#respond"]}]},{"@type":"WebPage","@id":"https:\/\/dpress.ma\/fr\/2025\/02\/23\/icesco-nouveaux-horaires-de-visite-de-lexposition-et-du-musee-de-la-sirah-du-prophete-durant-le-mois-de-ramadan\/","url":"https:\/\/dpress.ma\/fr\/2025\/02\/23\/icesco-nouveaux-horaires-de-visite-de-lexposition-et-du-musee-de-la-sirah-du-prophete-durant-le-mois-de-ramadan\/","name":"ICESCO : nouveaux horaires de visite de l\u2019exposition et du mus\u00e9e de la S\u00eerah du Proph\u00e8te durant le mois de Ramadan - Dpress.ma\/fr","isPartOf":{"@id":"https:\/\/dpress.ma\/fr\/#website"},"primaryImageOfPage":{"@id":"https:\/\/dpress.ma\/fr\/2025\/02\/23\/icesco-nouveaux-horaires-de-visite-de-lexposition-et-du-musee-de-la-sirah-du-prophete-durant-le-mois-de-ramadan\/#primaryimage"},"image":{"@id":"https:\/\/dpress.ma\/fr\/2025\/02\/23\/icesco-nouveaux-horaires-de-visite-de-lexposition-et-du-musee-de-la-sirah-du-prophete-durant-le-mois-de-ramadan\/#primaryimage"},"thumbnailUrl":"https:\/\/dpress.ma\/fr\/wp-content\/uploads\/sites\/2\/2025\/02\/musee-international-de-la-Sirah-du-Prophete-et-de-la-civilisation-islamique.png","datePublished":"2025-02-23T12:37:58+00:00","dateModified":"2025-02-23T12:37:59+00:00","author":{"@id":"https:\/\/dpress.ma\/fr\/#\/schema\/person\/4898febf3ccd59e6578d838656a306a0"},"breadcrumb":{"@id":"https:\/\/dpress.ma\/fr\/2025\/02\/23\/icesco-nouveaux-horaires-de-visite-de-lexposition-et-du-musee-de-la-sirah-du-prophete-durant-le-mois-de-ramadan\/#breadcrumb"},"inLanguage":"fr-FR","potentialAction":[{"@type":"ReadAction","target":["https:\/\/dpress.ma\/fr\/2025\/02\/23\/icesco-nouveaux-horaires-de-visite-de-lexposition-et-du-musee-de-la-sirah-du-prophete-durant-le-mois-de-ramadan\/"]}]},{"@type":"ImageObject","inLanguage":"fr-FR","@id":"https:\/\/dpress.ma\/fr\/2025\/02\/23\/icesco-nouveaux-horaires-de-visite-de-lexposition-et-du-musee-de-la-sirah-du-prophete-durant-le-mois-de-ramadan\/#primaryimage","url":"https:\/\/dpress.ma\/fr\/wp-content\/uploads\/sites\/2\/2025\/02\/musee-international-de-la-Sirah-du-Prophete-et-de-la-civilisation-islamique.png","contentUrl":"https:\/\/dpress.ma\/fr\/wp-content\/uploads\/sites\/2\/2025\/02\/musee-international-de-la-Sirah-du-Prophete-et-de-la-civilisation-islamique.png","width":780,"height":470},{"@type":"BreadcrumbList","@id":"https:\/\/dpress.ma\/fr\/2025\/02\/23\/icesco-nouveaux-horaires-de-visite-de-lexposition-et-du-musee-de-la-sirah-du-prophete-durant-le-mois-de-ramadan\/#breadcrumb","itemListElement":[{"@type":"ListItem","position":1,"name":"Home","item":"https:\/\/dpress.ma\/fr\/"},{"@type":"ListItem","position":2,"name":"ICESCO : nouveaux horaires de visite de l\u2019exposition et du mus\u00e9e de la S\u00eerah du Proph\u00e8te durant le mois de Ramadan"}]},{"@type":"WebSite","@id":"https:\/\/dpress.ma\/fr\/#website","url":"https:\/\/dpress.ma\/fr\/","name":"Dpress.ma\/fr","description":"","potentialAction":[{"@type":"SearchAction","target":{"@type":"EntryPoint","urlTemplate":"https:\/\/dpress.ma\/fr\/?s={search_term_string}"},"query-input":{"@type":"PropertyValueSpecification","valueRequired":true,"valueName":"search_term_string"}}],"inLanguage":"fr-FR"},{"@type":"Person","@id":"https:\/\/dpress.ma\/fr\/#\/schema\/person\/4898febf3ccd59e6578d838656a306a0","name":"Dpress.ma","image":{"@type":"ImageObject","inLanguage":"fr-FR","@id":"https:\/\/secure.gravatar.com\/avatar\/72ecc30e9db047a2e0e7176561eb9d564ed77c8108376495b19bd8336405198a?s=96&d=mm&r=g","url":"https:\/\/secure.gravatar.com\/avatar\/72ecc30e9db047a2e0e7176561eb9d564ed77c8108376495b19bd8336405198a?s=96&d=mm&r=g","contentUrl":"https:\/\/secure.gravatar.com\/avatar\/72ecc30e9db047a2e0e7176561eb9d564ed77c8108376495b19bd8336405198a?s=96&d=mm&r=g","caption":"Dpress.ma"},"sameAs":["https:\/\/www.dpress.ma"],"url":"https:\/\/dpress.ma\/fr\/author\/dpress-ma\/"}]}},"amp_enabled":true,"_links":{"self":[{"href":"https:\/\/dpress.ma\/fr\/wp-json\/wp\/v2\/posts\/12795","targetHints":{"allow":["GET"]}}],"collection":[{"href":"https:\/\/dpress.ma\/fr\/wp-json\/wp\/v2\/posts"}],"about":[{"href":"https:\/\/dpress.ma\/fr\/wp-json\/wp\/v2\/types\/post"}],"author":[{"embeddable":true,"href":"https:\/\/dpress.ma\/fr\/wp-json\/wp\/v2\/users\/2"}],"replies":[{"embeddable":true,"href":"https:\/\/dpress.ma\/fr\/wp-json\/wp\/v2\/comments?post=12795"}],"version-history":[{"count":1,"href":"https:\/\/dpress.ma\/fr\/wp-json\/wp\/v2\/posts\/12795\/revisions"}],"predecessor-version":[{"id":12797,"href":"https:\/\/dpress.ma\/fr\/wp-json\/wp\/v2\/posts\/12795\/revisions\/12797"}],"wp:featuredmedia":[{"embeddable":true,"href":"https:\/\/dpress.ma\/fr\/wp-json\/wp\/v2\/media\/12796"}],"wp:attachment":[{"href":"https:\/\/dpress.ma\/fr\/wp-json\/wp\/v2\/media?parent=12795"}],"wp:term":[{"taxonomy":"category","embeddable":true,"href":"https:\/\/dpress.ma\/fr\/wp-json\/wp\/v2\/categories?post=12795"},{"taxonomy":"post_tag","embeddable":true,"href":"https:\/\/dpress.ma\/fr\/wp-json\/wp\/v2\/tags?post=12795"}],"curies":[{"name":"wp","href":"https:\/\/api.w.org\/{rel}","templated":true}]}}