{"id":12792,"date":"2025-02-22T09:04:34","date_gmt":"2025-02-22T09:04:34","guid":{"rendered":"https:\/\/dpress.ma\/fr\/?p=12792"},"modified":"2025-02-22T09:04:34","modified_gmt":"2025-02-22T09:04:34","slug":"le-concours-final-du-prix-national-mohammed-vi-de-memorisation-psalmodie-et-declamation-du-saint-coran-du-17-au-20-mars-a-rabat","status":"publish","type":"post","link":"https:\/\/dpress.ma\/fr\/2025\/02\/22\/le-concours-final-du-prix-national-mohammed-vi-de-memorisation-psalmodie-et-declamation-du-saint-coran-du-17-au-20-mars-a-rabat\/","title":{"rendered":"Le Concours final du Prix national Mohammed VI de m\u00e9morisation, psalmodie et d\u00e9clamation du Saint Coran du 17 au 20 mars \u00e0 Rabat"},"content":{"rendered":"\n<p>dpress<\/p>\n\n\n\n<p>Le minist\u00e8re des Habous et des Affaires islamiques organise du 17 au 20 mars prochain, \u00e0 la mosqu\u00e9e Assouna \u00e0 Rabat, le Concours final du Prix national Mohammed VI de m\u00e9morisation, de psalmodie et de d\u00e9clamation du Saint Coran.<\/p>\n\n\n\n<p>Le Prix national Mohammed VI du Saint Coran conna\u00eetra la participation des laur\u00e9ats des concours locaux organis\u00e9s par les D\u00e9l\u00e9gations r\u00e9gionales et provinciales des Affaires islamiques, en coordination avec les Conseils locaux des Oul\u00e9ma des diff\u00e9rentes provinces du Royaume, indique un communiqu\u00e9 du minist\u00e8re.<\/p>\n","protected":false},"excerpt":{"rendered":"<p>dpress Le minist\u00e8re des Habous et des Affaires islamiques organise du 17 au 20 mars prochain, \u00e0 la mosqu\u00e9e Assouna \u00e0 Rabat, le Concours final du Prix national Mohammed VI de m\u00e9morisation, de psalmodie et de d\u00e9clamation du Saint Coran. Le Prix national Mohammed VI du Saint Coran conna\u00eetra la participation des laur\u00e9ats des concours &hellip;<\/p>\n","protected":false},"author":2,"featured_media":12793,"comment_status":"open","ping_status":"open","sticky":false,"template":"","format":"standard","meta":{"footnotes":""},"categories":[40],"tags":[],"class_list":["post-12792","post","type-post","status-publish","format-standard","has-post-thumbnail","hentry","category-societe-et-regions"],"yoast_head":"<!-- This site is optimized with the Yoast SEO plugin v27.5 - https:\/\/yoast.com\/product\/yoast-seo-wordpress\/ -->\n<title>Le Concours final du Prix national Mohammed VI de m\u00e9morisation, psalmodie et d\u00e9clamation du Saint Coran du 17 au 20 mars \u00e0 Rabat - Dpress.ma\/fr<\/title>\n<meta name=\"robots\" content=\"index, follow, max-snippet:-1, max-image-preview:large, max-video-preview:-1\" \/>\n<link rel=\"canonical\" href=\"https:\/\/dpress.ma\/fr\/2025\/02\/22\/le-concours-final-du-prix-national-mohammed-vi-de-memorisation-psalmodie-et-declamation-du-saint-coran-du-17-au-20-mars-a-rabat\/\" \/>\n<meta property=\"og:locale\" content=\"fr_FR\" \/>\n<meta property=\"og:type\" content=\"article\" \/>\n<meta property=\"og:title\" content=\"Le Concours final du Prix national Mohammed VI de m\u00e9morisation, psalmodie et d\u00e9clamation du Saint Coran du 17 au 20 mars \u00e0 Rabat - Dpress.ma\/fr\" \/>\n<meta property=\"og:description\" content=\"dpress Le minist\u00e8re des Habous et des Affaires islamiques organise du 17 au 20 mars prochain, \u00e0 la mosqu\u00e9e Assouna \u00e0 Rabat, le Concours final du Prix national Mohammed VI de m\u00e9morisation, de psalmodie et de d\u00e9clamation du Saint Coran. Le Prix national Mohammed VI du Saint Coran conna\u00eetra la participation des laur\u00e9ats des concours &hellip;\" \/>\n<meta property=\"og:url\" content=\"https:\/\/dpress.ma\/fr\/2025\/02\/22\/le-concours-final-du-prix-national-mohammed-vi-de-memorisation-psalmodie-et-declamation-du-saint-coran-du-17-au-20-mars-a-rabat\/\" \/>\n<meta property=\"og:site_name\" content=\"Dpress.ma\/fr\" \/>\n<meta property=\"article:published_time\" content=\"2025-02-22T09:04:34+00:00\" \/>\n<meta property=\"og:image\" content=\"https:\/\/dpress.ma\/fr\/wp-content\/uploads\/sites\/2\/2025\/02\/dprees-dim-57.png\" \/>\n\t<meta property=\"og:image:width\" content=\"780\" \/>\n\t<meta property=\"og:image:height\" content=\"470\" \/>\n\t<meta property=\"og:image:type\" content=\"image\/png\" \/>\n<meta name=\"author\" content=\"Dpress.ma\" \/>\n<meta name=\"twitter:card\" content=\"summary_large_image\" \/>\n<meta name=\"twitter:label1\" content=\"\u00c9crit par\" \/>\n\t<meta name=\"twitter:data1\" content=\"Dpress.ma\" \/>\n\t<meta name=\"twitter:label2\" content=\"Dur\u00e9e de lecture estim\u00e9e\" \/>\n\t<meta name=\"twitter:data2\" content=\"1 minute\" \/>\n<script type=\"application\/ld+json\" class=\"yoast-schema-graph\">{\"@context\":\"https:\\\/\\\/schema.org\",\"@graph\":[{\"@type\":\"Article\",\"@id\":\"https:\\\/\\\/dpress.ma\\\/fr\\\/2025\\\/02\\\/22\\\/le-concours-final-du-prix-national-mohammed-vi-de-memorisation-psalmodie-et-declamation-du-saint-coran-du-17-au-20-mars-a-rabat\\\/#article\",\"isPartOf\":{\"@id\":\"https:\\\/\\\/dpress.ma\\\/fr\\\/2025\\\/02\\\/22\\\/le-concours-final-du-prix-national-mohammed-vi-de-memorisation-psalmodie-et-declamation-du-saint-coran-du-17-au-20-mars-a-rabat\\\/\"},\"author\":{\"name\":\"Dpress.ma\",\"@id\":\"https:\\\/\\\/dpress.ma\\\/fr\\\/#\\\/schema\\\/person\\\/4898febf3ccd59e6578d838656a306a0\"},\"headline\":\"Le Concours final du Prix national Mohammed VI de m\u00e9morisation, psalmodie et d\u00e9clamation du Saint Coran du 17 au 20 mars \u00e0 Rabat\",\"datePublished\":\"2025-02-22T09:04:34+00:00\",\"mainEntityOfPage\":{\"@id\":\"https:\\\/\\\/dpress.ma\\\/fr\\\/2025\\\/02\\\/22\\\/le-concours-final-du-prix-national-mohammed-vi-de-memorisation-psalmodie-et-declamation-du-saint-coran-du-17-au-20-mars-a-rabat\\\/\"},\"wordCount\":115,\"commentCount\":0,\"image\":{\"@id\":\"https:\\\/\\\/dpress.ma\\\/fr\\\/2025\\\/02\\\/22\\\/le-concours-final-du-prix-national-mohammed-vi-de-memorisation-psalmodie-et-declamation-du-saint-coran-du-17-au-20-mars-a-rabat\\\/#primaryimage\"},\"thumbnailUrl\":\"https:\\\/\\\/dpress.ma\\\/fr\\\/wp-content\\\/uploads\\\/sites\\\/2\\\/2025\\\/02\\\/dprees-dim-57.png\",\"articleSection\":[\"societe et regions\"],\"inLanguage\":\"fr-FR\",\"potentialAction\":[{\"@type\":\"CommentAction\",\"name\":\"Comment\",\"target\":[\"https:\\\/\\\/dpress.ma\\\/fr\\\/2025\\\/02\\\/22\\\/le-concours-final-du-prix-national-mohammed-vi-de-memorisation-psalmodie-et-declamation-du-saint-coran-du-17-au-20-mars-a-rabat\\\/#respond\"]}]},{\"@type\":\"WebPage\",\"@id\":\"https:\\\/\\\/dpress.ma\\\/fr\\\/2025\\\/02\\\/22\\\/le-concours-final-du-prix-national-mohammed-vi-de-memorisation-psalmodie-et-declamation-du-saint-coran-du-17-au-20-mars-a-rabat\\\/\",\"url\":\"https:\\\/\\\/dpress.ma\\\/fr\\\/2025\\\/02\\\/22\\\/le-concours-final-du-prix-national-mohammed-vi-de-memorisation-psalmodie-et-declamation-du-saint-coran-du-17-au-20-mars-a-rabat\\\/\",\"name\":\"Le Concours final du Prix national Mohammed VI de m\u00e9morisation, psalmodie et d\u00e9clamation du Saint Coran du 17 au 20 mars \u00e0 Rabat - Dpress.ma\\\/fr\",\"isPartOf\":{\"@id\":\"https:\\\/\\\/dpress.ma\\\/fr\\\/#website\"},\"primaryImageOfPage\":{\"@id\":\"https:\\\/\\\/dpress.ma\\\/fr\\\/2025\\\/02\\\/22\\\/le-concours-final-du-prix-national-mohammed-vi-de-memorisation-psalmodie-et-declamation-du-saint-coran-du-17-au-20-mars-a-rabat\\\/#primaryimage\"},\"image\":{\"@id\":\"https:\\\/\\\/dpress.ma\\\/fr\\\/2025\\\/02\\\/22\\\/le-concours-final-du-prix-national-mohammed-vi-de-memorisation-psalmodie-et-declamation-du-saint-coran-du-17-au-20-mars-a-rabat\\\/#primaryimage\"},\"thumbnailUrl\":\"https:\\\/\\\/dpress.ma\\\/fr\\\/wp-content\\\/uploads\\\/sites\\\/2\\\/2025\\\/02\\\/dprees-dim-57.png\",\"datePublished\":\"2025-02-22T09:04:34+00:00\",\"author\":{\"@id\":\"https:\\\/\\\/dpress.ma\\\/fr\\\/#\\\/schema\\\/person\\\/4898febf3ccd59e6578d838656a306a0\"},\"breadcrumb\":{\"@id\":\"https:\\\/\\\/dpress.ma\\\/fr\\\/2025\\\/02\\\/22\\\/le-concours-final-du-prix-national-mohammed-vi-de-memorisation-psalmodie-et-declamation-du-saint-coran-du-17-au-20-mars-a-rabat\\\/#breadcrumb\"},\"inLanguage\":\"fr-FR\",\"potentialAction\":[{\"@type\":\"ReadAction\",\"target\":[\"https:\\\/\\\/dpress.ma\\\/fr\\\/2025\\\/02\\\/22\\\/le-concours-final-du-prix-national-mohammed-vi-de-memorisation-psalmodie-et-declamation-du-saint-coran-du-17-au-20-mars-a-rabat\\\/\"]}]},{\"@type\":\"ImageObject\",\"inLanguage\":\"fr-FR\",\"@id\":\"https:\\\/\\\/dpress.ma\\\/fr\\\/2025\\\/02\\\/22\\\/le-concours-final-du-prix-national-mohammed-vi-de-memorisation-psalmodie-et-declamation-du-saint-coran-du-17-au-20-mars-a-rabat\\\/#primaryimage\",\"url\":\"https:\\\/\\\/dpress.ma\\\/fr\\\/wp-content\\\/uploads\\\/sites\\\/2\\\/2025\\\/02\\\/dprees-dim-57.png\",\"contentUrl\":\"https:\\\/\\\/dpress.ma\\\/fr\\\/wp-content\\\/uploads\\\/sites\\\/2\\\/2025\\\/02\\\/dprees-dim-57.png\",\"width\":780,\"height\":470},{\"@type\":\"BreadcrumbList\",\"@id\":\"https:\\\/\\\/dpress.ma\\\/fr\\\/2025\\\/02\\\/22\\\/le-concours-final-du-prix-national-mohammed-vi-de-memorisation-psalmodie-et-declamation-du-saint-coran-du-17-au-20-mars-a-rabat\\\/#breadcrumb\",\"itemListElement\":[{\"@type\":\"ListItem\",\"position\":1,\"name\":\"Home\",\"item\":\"https:\\\/\\\/dpress.ma\\\/fr\\\/\"},{\"@type\":\"ListItem\",\"position\":2,\"name\":\"Le Concours final du Prix national Mohammed VI de m\u00e9morisation, psalmodie et d\u00e9clamation du Saint Coran du 17 au 20 mars \u00e0 Rabat\"}]},{\"@type\":\"WebSite\",\"@id\":\"https:\\\/\\\/dpress.ma\\\/fr\\\/#website\",\"url\":\"https:\\\/\\\/dpress.ma\\\/fr\\\/\",\"name\":\"Dpress.ma\\\/fr\",\"description\":\"\",\"potentialAction\":[{\"@type\":\"SearchAction\",\"target\":{\"@type\":\"EntryPoint\",\"urlTemplate\":\"https:\\\/\\\/dpress.ma\\\/fr\\\/?s={search_term_string}\"},\"query-input\":{\"@type\":\"PropertyValueSpecification\",\"valueRequired\":true,\"valueName\":\"search_term_string\"}}],\"inLanguage\":\"fr-FR\"},{\"@type\":\"Person\",\"@id\":\"https:\\\/\\\/dpress.ma\\\/fr\\\/#\\\/schema\\\/person\\\/4898febf3ccd59e6578d838656a306a0\",\"name\":\"Dpress.ma\",\"image\":{\"@type\":\"ImageObject\",\"inLanguage\":\"fr-FR\",\"@id\":\"https:\\\/\\\/secure.gravatar.com\\\/avatar\\\/72ecc30e9db047a2e0e7176561eb9d564ed77c8108376495b19bd8336405198a?s=96&d=mm&r=g\",\"url\":\"https:\\\/\\\/secure.gravatar.com\\\/avatar\\\/72ecc30e9db047a2e0e7176561eb9d564ed77c8108376495b19bd8336405198a?s=96&d=mm&r=g\",\"contentUrl\":\"https:\\\/\\\/secure.gravatar.com\\\/avatar\\\/72ecc30e9db047a2e0e7176561eb9d564ed77c8108376495b19bd8336405198a?s=96&d=mm&r=g\",\"caption\":\"Dpress.ma\"},\"sameAs\":[\"https:\\\/\\\/www.dpress.ma\"],\"url\":\"https:\\\/\\\/dpress.ma\\\/fr\\\/author\\\/dpress-ma\\\/\"}]}<\/script>\n<!-- \/ Yoast SEO plugin. -->","yoast_head_json":{"title":"Le Concours final du Prix national Mohammed VI de m\u00e9morisation, psalmodie et d\u00e9clamation du Saint Coran du 17 au 20 mars \u00e0 Rabat - Dpress.ma\/fr","robots":{"index":"index","follow":"follow","max-snippet":"max-snippet:-1","max-image-preview":"max-image-preview:large","max-video-preview":"max-video-preview:-1"},"canonical":"https:\/\/dpress.ma\/fr\/2025\/02\/22\/le-concours-final-du-prix-national-mohammed-vi-de-memorisation-psalmodie-et-declamation-du-saint-coran-du-17-au-20-mars-a-rabat\/","og_locale":"fr_FR","og_type":"article","og_title":"Le Concours final du Prix national Mohammed VI de m\u00e9morisation, psalmodie et d\u00e9clamation du Saint Coran du 17 au 20 mars \u00e0 Rabat - Dpress.ma\/fr","og_description":"dpress Le minist\u00e8re des Habous et des Affaires islamiques organise du 17 au 20 mars prochain, \u00e0 la mosqu\u00e9e Assouna \u00e0 Rabat, le Concours final du Prix national Mohammed VI de m\u00e9morisation, de psalmodie et de d\u00e9clamation du Saint Coran. Le Prix national Mohammed VI du Saint Coran conna\u00eetra la participation des laur\u00e9ats des concours &hellip;","og_url":"https:\/\/dpress.ma\/fr\/2025\/02\/22\/le-concours-final-du-prix-national-mohammed-vi-de-memorisation-psalmodie-et-declamation-du-saint-coran-du-17-au-20-mars-a-rabat\/","og_site_name":"Dpress.ma\/fr","article_published_time":"2025-02-22T09:04:34+00:00","og_image":[{"width":780,"height":470,"url":"https:\/\/dpress.ma\/fr\/wp-content\/uploads\/sites\/2\/2025\/02\/dprees-dim-57.png","type":"image\/png"}],"author":"Dpress.ma","twitter_card":"summary_large_image","twitter_misc":{"\u00c9crit par":"Dpress.ma","Dur\u00e9e de lecture estim\u00e9e":"1 minute"},"schema":{"@context":"https:\/\/schema.org","@graph":[{"@type":"Article","@id":"https:\/\/dpress.ma\/fr\/2025\/02\/22\/le-concours-final-du-prix-national-mohammed-vi-de-memorisation-psalmodie-et-declamation-du-saint-coran-du-17-au-20-mars-a-rabat\/#article","isPartOf":{"@id":"https:\/\/dpress.ma\/fr\/2025\/02\/22\/le-concours-final-du-prix-national-mohammed-vi-de-memorisation-psalmodie-et-declamation-du-saint-coran-du-17-au-20-mars-a-rabat\/"},"author":{"name":"Dpress.ma","@id":"https:\/\/dpress.ma\/fr\/#\/schema\/person\/4898febf3ccd59e6578d838656a306a0"},"headline":"Le Concours final du Prix national Mohammed VI de m\u00e9morisation, psalmodie et d\u00e9clamation du Saint Coran du 17 au 20 mars \u00e0 Rabat","datePublished":"2025-02-22T09:04:34+00:00","mainEntityOfPage":{"@id":"https:\/\/dpress.ma\/fr\/2025\/02\/22\/le-concours-final-du-prix-national-mohammed-vi-de-memorisation-psalmodie-et-declamation-du-saint-coran-du-17-au-20-mars-a-rabat\/"},"wordCount":115,"commentCount":0,"image":{"@id":"https:\/\/dpress.ma\/fr\/2025\/02\/22\/le-concours-final-du-prix-national-mohammed-vi-de-memorisation-psalmodie-et-declamation-du-saint-coran-du-17-au-20-mars-a-rabat\/#primaryimage"},"thumbnailUrl":"https:\/\/dpress.ma\/fr\/wp-content\/uploads\/sites\/2\/2025\/02\/dprees-dim-57.png","articleSection":["societe et regions"],"inLanguage":"fr-FR","potentialAction":[{"@type":"CommentAction","name":"Comment","target":["https:\/\/dpress.ma\/fr\/2025\/02\/22\/le-concours-final-du-prix-national-mohammed-vi-de-memorisation-psalmodie-et-declamation-du-saint-coran-du-17-au-20-mars-a-rabat\/#respond"]}]},{"@type":"WebPage","@id":"https:\/\/dpress.ma\/fr\/2025\/02\/22\/le-concours-final-du-prix-national-mohammed-vi-de-memorisation-psalmodie-et-declamation-du-saint-coran-du-17-au-20-mars-a-rabat\/","url":"https:\/\/dpress.ma\/fr\/2025\/02\/22\/le-concours-final-du-prix-national-mohammed-vi-de-memorisation-psalmodie-et-declamation-du-saint-coran-du-17-au-20-mars-a-rabat\/","name":"Le Concours final du Prix national Mohammed VI de m\u00e9morisation, psalmodie et d\u00e9clamation du Saint Coran du 17 au 20 mars \u00e0 Rabat - Dpress.ma\/fr","isPartOf":{"@id":"https:\/\/dpress.ma\/fr\/#website"},"primaryImageOfPage":{"@id":"https:\/\/dpress.ma\/fr\/2025\/02\/22\/le-concours-final-du-prix-national-mohammed-vi-de-memorisation-psalmodie-et-declamation-du-saint-coran-du-17-au-20-mars-a-rabat\/#primaryimage"},"image":{"@id":"https:\/\/dpress.ma\/fr\/2025\/02\/22\/le-concours-final-du-prix-national-mohammed-vi-de-memorisation-psalmodie-et-declamation-du-saint-coran-du-17-au-20-mars-a-rabat\/#primaryimage"},"thumbnailUrl":"https:\/\/dpress.ma\/fr\/wp-content\/uploads\/sites\/2\/2025\/02\/dprees-dim-57.png","datePublished":"2025-02-22T09:04:34+00:00","author":{"@id":"https:\/\/dpress.ma\/fr\/#\/schema\/person\/4898febf3ccd59e6578d838656a306a0"},"breadcrumb":{"@id":"https:\/\/dpress.ma\/fr\/2025\/02\/22\/le-concours-final-du-prix-national-mohammed-vi-de-memorisation-psalmodie-et-declamation-du-saint-coran-du-17-au-20-mars-a-rabat\/#breadcrumb"},"inLanguage":"fr-FR","potentialAction":[{"@type":"ReadAction","target":["https:\/\/dpress.ma\/fr\/2025\/02\/22\/le-concours-final-du-prix-national-mohammed-vi-de-memorisation-psalmodie-et-declamation-du-saint-coran-du-17-au-20-mars-a-rabat\/"]}]},{"@type":"ImageObject","inLanguage":"fr-FR","@id":"https:\/\/dpress.ma\/fr\/2025\/02\/22\/le-concours-final-du-prix-national-mohammed-vi-de-memorisation-psalmodie-et-declamation-du-saint-coran-du-17-au-20-mars-a-rabat\/#primaryimage","url":"https:\/\/dpress.ma\/fr\/wp-content\/uploads\/sites\/2\/2025\/02\/dprees-dim-57.png","contentUrl":"https:\/\/dpress.ma\/fr\/wp-content\/uploads\/sites\/2\/2025\/02\/dprees-dim-57.png","width":780,"height":470},{"@type":"BreadcrumbList","@id":"https:\/\/dpress.ma\/fr\/2025\/02\/22\/le-concours-final-du-prix-national-mohammed-vi-de-memorisation-psalmodie-et-declamation-du-saint-coran-du-17-au-20-mars-a-rabat\/#breadcrumb","itemListElement":[{"@type":"ListItem","position":1,"name":"Home","item":"https:\/\/dpress.ma\/fr\/"},{"@type":"ListItem","position":2,"name":"Le Concours final du Prix national Mohammed VI de m\u00e9morisation, psalmodie et d\u00e9clamation du Saint Coran du 17 au 20 mars \u00e0 Rabat"}]},{"@type":"WebSite","@id":"https:\/\/dpress.ma\/fr\/#website","url":"https:\/\/dpress.ma\/fr\/","name":"Dpress.ma\/fr","description":"","potentialAction":[{"@type":"SearchAction","target":{"@type":"EntryPoint","urlTemplate":"https:\/\/dpress.ma\/fr\/?s={search_term_string}"},"query-input":{"@type":"PropertyValueSpecification","valueRequired":true,"valueName":"search_term_string"}}],"inLanguage":"fr-FR"},{"@type":"Person","@id":"https:\/\/dpress.ma\/fr\/#\/schema\/person\/4898febf3ccd59e6578d838656a306a0","name":"Dpress.ma","image":{"@type":"ImageObject","inLanguage":"fr-FR","@id":"https:\/\/secure.gravatar.com\/avatar\/72ecc30e9db047a2e0e7176561eb9d564ed77c8108376495b19bd8336405198a?s=96&d=mm&r=g","url":"https:\/\/secure.gravatar.com\/avatar\/72ecc30e9db047a2e0e7176561eb9d564ed77c8108376495b19bd8336405198a?s=96&d=mm&r=g","contentUrl":"https:\/\/secure.gravatar.com\/avatar\/72ecc30e9db047a2e0e7176561eb9d564ed77c8108376495b19bd8336405198a?s=96&d=mm&r=g","caption":"Dpress.ma"},"sameAs":["https:\/\/www.dpress.ma"],"url":"https:\/\/dpress.ma\/fr\/author\/dpress-ma\/"}]}},"amp_enabled":true,"_links":{"self":[{"href":"https:\/\/dpress.ma\/fr\/wp-json\/wp\/v2\/posts\/12792","targetHints":{"allow":["GET"]}}],"collection":[{"href":"https:\/\/dpress.ma\/fr\/wp-json\/wp\/v2\/posts"}],"about":[{"href":"https:\/\/dpress.ma\/fr\/wp-json\/wp\/v2\/types\/post"}],"author":[{"embeddable":true,"href":"https:\/\/dpress.ma\/fr\/wp-json\/wp\/v2\/users\/2"}],"replies":[{"embeddable":true,"href":"https:\/\/dpress.ma\/fr\/wp-json\/wp\/v2\/comments?post=12792"}],"version-history":[{"count":1,"href":"https:\/\/dpress.ma\/fr\/wp-json\/wp\/v2\/posts\/12792\/revisions"}],"predecessor-version":[{"id":12794,"href":"https:\/\/dpress.ma\/fr\/wp-json\/wp\/v2\/posts\/12792\/revisions\/12794"}],"wp:featuredmedia":[{"embeddable":true,"href":"https:\/\/dpress.ma\/fr\/wp-json\/wp\/v2\/media\/12793"}],"wp:attachment":[{"href":"https:\/\/dpress.ma\/fr\/wp-json\/wp\/v2\/media?parent=12792"}],"wp:term":[{"taxonomy":"category","embeddable":true,"href":"https:\/\/dpress.ma\/fr\/wp-json\/wp\/v2\/categories?post=12792"},{"taxonomy":"post_tag","embeddable":true,"href":"https:\/\/dpress.ma\/fr\/wp-json\/wp\/v2\/tags?post=12792"}],"curies":[{"name":"wp","href":"https:\/\/api.w.org\/{rel}","templated":true}]}}