{"id":12789,"date":"2025-02-22T09:03:01","date_gmt":"2025-02-22T09:03:01","guid":{"rendered":"https:\/\/dpress.ma\/fr\/?p=12789"},"modified":"2025-02-22T09:03:02","modified_gmt":"2025-02-22T09:03:02","slug":"ouverture-du-13eme-congres-national-de-lumt","status":"publish","type":"post","link":"https:\/\/dpress.ma\/fr\/2025\/02\/22\/ouverture-du-13eme-congres-national-de-lumt\/","title":{"rendered":"Ouverture du 13\u00e8me congr\u00e8s national de l\u2019UMT"},"content":{"rendered":"\n<p>dpress<\/p>\n\n\n\n<p>Les travaux du 13\u00e8me congr\u00e8s national de l\u2019Union Marocaine du Travail (UMT) ont d\u00e9but\u00e9 vendredi \u00e0 Casablanca sous le th\u00e8me \u201c70 ans de fid\u00e9lit\u00e9 \u00e0 l\u2019identit\u00e9 et aux principes de l\u2019UMT, la lutte continue pour les libert\u00e9s syndicales, la dignit\u00e9 et la justice sociale\u201d.<\/p>\n\n\n\n<p>La s\u00e9ance d\u2019ouverture de ce congr\u00e8s, qui se poursuit jusqu\u2019\u00e0 dimanche prochain, a \u00e9t\u00e9 marqu\u00e9e par la pr\u00e9sence de repr\u00e9sentants d\u2019organisations politiques, \u00e9conomiques et associatives, outre les d\u00e9l\u00e9gations syndicales \u00e9trang\u00e8res.<\/p>\n\n\n\n<p>Ce congr\u00e8s qui r\u00e9unit plus de 1.700 militants de l\u2019UMT repr\u00e9sentant 58 sections locales et r\u00e9gionales de la centrale syndicale ainsi que ses organisations parall\u00e8les, sera l\u2019occasion de faire le bilan du mandat finissant ainsi que la d\u00e9finition des priorit\u00e9s et strat\u00e9gies pour l\u2019avenir.<\/p>\n\n\n\n<p>Dans une allocution, le secr\u00e9taire g\u00e9n\u00e9ral de l\u2019UMT, Miloudi Moukharik a indiqu\u00e9 que ce congr\u00e8s co\u00efncide avec le 70\u00e8me anniversaire de la cr\u00e9ation du syndicat, soulignant qu\u2019il repr\u00e9sente une occasion d\u2019\u00e9voquer son histoire dans la lutte pour la d\u00e9fense des droits et acquis de la classe ouvri\u00e8re.<\/p>\n\n\n\n<p>Il a ajout\u00e9 que ce congr\u00e8s est aussi un moment propice pour dresser le bilan du mandat \u00e9coul\u00e9, mettre en lumi\u00e8re les priorit\u00e9s et les strat\u00e9gies futures, ainsi que l\u2019\u00e9lection des instances de l\u2019UMT pour les quatre ann\u00e9es \u00e0 venir.<\/p>\n\n\n\n<p>Cette s\u00e9ance d\u2019ouverture a \u00e9t\u00e9 marqu\u00e9e par la pr\u00e9sentation des rapports g\u00e9n\u00e9ral et d\u2019orientation sur la p\u00e9riode 2019-2025 \u00e0 l\u2019aune du contexte politique et de la conjoncture \u00e9conomique dans le Royaume dans son interaction avec les d\u00e9veloppements \u00e0 l\u2019\u00e9chelle internationale.<\/p>\n\n\n\n<p>A l\u2019ordre du jour de ce congr\u00e8s, la discussion des documents pr\u00e9sent\u00e9s par les commissions th\u00e9matiques, ainsi que l\u2019\u00e9lection des instances d\u00e9cisionnelles et ex\u00e9cutives de l\u2019UMT pour le prochain mandat, notamment la commission administrative nationale, le bureau national et le secr\u00e9tariat national.<\/p>\n\n\n\n<p>Les travaux seront cl\u00f4tur\u00e9s par une d\u00e9claration finale qui r\u00e9sumera les d\u00e9bats du congr\u00e8s et annoncera le plan d\u2019action de la centrale syndicale.<\/p>\n","protected":false},"excerpt":{"rendered":"<p>dpress Les travaux du 13\u00e8me congr\u00e8s national de l\u2019Union Marocaine du Travail (UMT) ont d\u00e9but\u00e9 vendredi \u00e0 Casablanca sous le th\u00e8me \u201c70 ans de fid\u00e9lit\u00e9 \u00e0 l\u2019identit\u00e9 et aux principes de l\u2019UMT, la lutte continue pour les libert\u00e9s syndicales, la dignit\u00e9 et la justice sociale\u201d. La s\u00e9ance d\u2019ouverture de ce congr\u00e8s, qui se poursuit jusqu\u2019\u00e0 &hellip;<\/p>\n","protected":false},"author":2,"featured_media":12790,"comment_status":"open","ping_status":"open","sticky":false,"template":"","format":"standard","meta":{"footnotes":""},"categories":[40],"tags":[],"class_list":["post-12789","post","type-post","status-publish","format-standard","has-post-thumbnail","hentry","category-societe-et-regions"],"yoast_head":"<!-- This site is optimized with the Yoast SEO plugin v27.5 - https:\/\/yoast.com\/product\/yoast-seo-wordpress\/ -->\n<title>Ouverture du 13\u00e8me congr\u00e8s national de l\u2019UMT - Dpress.ma\/fr<\/title>\n<meta name=\"robots\" content=\"index, follow, max-snippet:-1, max-image-preview:large, max-video-preview:-1\" \/>\n<link rel=\"canonical\" href=\"https:\/\/dpress.ma\/fr\/2025\/02\/22\/ouverture-du-13eme-congres-national-de-lumt\/\" \/>\n<meta property=\"og:locale\" content=\"fr_FR\" \/>\n<meta property=\"og:type\" content=\"article\" \/>\n<meta property=\"og:title\" content=\"Ouverture du 13\u00e8me congr\u00e8s national de l\u2019UMT - Dpress.ma\/fr\" \/>\n<meta property=\"og:description\" content=\"dpress Les travaux du 13\u00e8me congr\u00e8s national de l\u2019Union Marocaine du Travail (UMT) ont d\u00e9but\u00e9 vendredi \u00e0 Casablanca sous le th\u00e8me \u201c70 ans de fid\u00e9lit\u00e9 \u00e0 l\u2019identit\u00e9 et aux principes de l\u2019UMT, la lutte continue pour les libert\u00e9s syndicales, la dignit\u00e9 et la justice sociale\u201d. La s\u00e9ance d\u2019ouverture de ce congr\u00e8s, qui se poursuit jusqu\u2019\u00e0 &hellip;\" \/>\n<meta property=\"og:url\" content=\"https:\/\/dpress.ma\/fr\/2025\/02\/22\/ouverture-du-13eme-congres-national-de-lumt\/\" \/>\n<meta property=\"og:site_name\" content=\"Dpress.ma\/fr\" \/>\n<meta property=\"article:published_time\" content=\"2025-02-22T09:03:01+00:00\" \/>\n<meta property=\"article:modified_time\" content=\"2025-02-22T09:03:02+00:00\" \/>\n<meta property=\"og:image\" content=\"https:\/\/dpress.ma\/fr\/wp-content\/uploads\/sites\/2\/2025\/02\/dprees-dim-56.png\" \/>\n\t<meta property=\"og:image:width\" content=\"780\" \/>\n\t<meta property=\"og:image:height\" content=\"470\" \/>\n\t<meta property=\"og:image:type\" content=\"image\/png\" \/>\n<meta name=\"author\" content=\"Dpress.ma\" \/>\n<meta name=\"twitter:card\" content=\"summary_large_image\" \/>\n<meta name=\"twitter:label1\" content=\"\u00c9crit par\" \/>\n\t<meta name=\"twitter:data1\" content=\"Dpress.ma\" \/>\n\t<meta name=\"twitter:label2\" content=\"Dur\u00e9e de lecture estim\u00e9e\" \/>\n\t<meta name=\"twitter:data2\" content=\"2 minutes\" \/>\n<script type=\"application\/ld+json\" class=\"yoast-schema-graph\">{\"@context\":\"https:\\\/\\\/schema.org\",\"@graph\":[{\"@type\":\"Article\",\"@id\":\"https:\\\/\\\/dpress.ma\\\/fr\\\/2025\\\/02\\\/22\\\/ouverture-du-13eme-congres-national-de-lumt\\\/#article\",\"isPartOf\":{\"@id\":\"https:\\\/\\\/dpress.ma\\\/fr\\\/2025\\\/02\\\/22\\\/ouverture-du-13eme-congres-national-de-lumt\\\/\"},\"author\":{\"name\":\"Dpress.ma\",\"@id\":\"https:\\\/\\\/dpress.ma\\\/fr\\\/#\\\/schema\\\/person\\\/4898febf3ccd59e6578d838656a306a0\"},\"headline\":\"Ouverture du 13\u00e8me congr\u00e8s national de l\u2019UMT\",\"datePublished\":\"2025-02-22T09:03:01+00:00\",\"dateModified\":\"2025-02-22T09:03:02+00:00\",\"mainEntityOfPage\":{\"@id\":\"https:\\\/\\\/dpress.ma\\\/fr\\\/2025\\\/02\\\/22\\\/ouverture-du-13eme-congres-national-de-lumt\\\/\"},\"wordCount\":388,\"commentCount\":0,\"image\":{\"@id\":\"https:\\\/\\\/dpress.ma\\\/fr\\\/2025\\\/02\\\/22\\\/ouverture-du-13eme-congres-national-de-lumt\\\/#primaryimage\"},\"thumbnailUrl\":\"https:\\\/\\\/dpress.ma\\\/fr\\\/wp-content\\\/uploads\\\/sites\\\/2\\\/2025\\\/02\\\/dprees-dim-56.png\",\"articleSection\":[\"societe et regions\"],\"inLanguage\":\"fr-FR\",\"potentialAction\":[{\"@type\":\"CommentAction\",\"name\":\"Comment\",\"target\":[\"https:\\\/\\\/dpress.ma\\\/fr\\\/2025\\\/02\\\/22\\\/ouverture-du-13eme-congres-national-de-lumt\\\/#respond\"]}]},{\"@type\":\"WebPage\",\"@id\":\"https:\\\/\\\/dpress.ma\\\/fr\\\/2025\\\/02\\\/22\\\/ouverture-du-13eme-congres-national-de-lumt\\\/\",\"url\":\"https:\\\/\\\/dpress.ma\\\/fr\\\/2025\\\/02\\\/22\\\/ouverture-du-13eme-congres-national-de-lumt\\\/\",\"name\":\"Ouverture du 13\u00e8me congr\u00e8s national de l\u2019UMT - Dpress.ma\\\/fr\",\"isPartOf\":{\"@id\":\"https:\\\/\\\/dpress.ma\\\/fr\\\/#website\"},\"primaryImageOfPage\":{\"@id\":\"https:\\\/\\\/dpress.ma\\\/fr\\\/2025\\\/02\\\/22\\\/ouverture-du-13eme-congres-national-de-lumt\\\/#primaryimage\"},\"image\":{\"@id\":\"https:\\\/\\\/dpress.ma\\\/fr\\\/2025\\\/02\\\/22\\\/ouverture-du-13eme-congres-national-de-lumt\\\/#primaryimage\"},\"thumbnailUrl\":\"https:\\\/\\\/dpress.ma\\\/fr\\\/wp-content\\\/uploads\\\/sites\\\/2\\\/2025\\\/02\\\/dprees-dim-56.png\",\"datePublished\":\"2025-02-22T09:03:01+00:00\",\"dateModified\":\"2025-02-22T09:03:02+00:00\",\"author\":{\"@id\":\"https:\\\/\\\/dpress.ma\\\/fr\\\/#\\\/schema\\\/person\\\/4898febf3ccd59e6578d838656a306a0\"},\"breadcrumb\":{\"@id\":\"https:\\\/\\\/dpress.ma\\\/fr\\\/2025\\\/02\\\/22\\\/ouverture-du-13eme-congres-national-de-lumt\\\/#breadcrumb\"},\"inLanguage\":\"fr-FR\",\"potentialAction\":[{\"@type\":\"ReadAction\",\"target\":[\"https:\\\/\\\/dpress.ma\\\/fr\\\/2025\\\/02\\\/22\\\/ouverture-du-13eme-congres-national-de-lumt\\\/\"]}]},{\"@type\":\"ImageObject\",\"inLanguage\":\"fr-FR\",\"@id\":\"https:\\\/\\\/dpress.ma\\\/fr\\\/2025\\\/02\\\/22\\\/ouverture-du-13eme-congres-national-de-lumt\\\/#primaryimage\",\"url\":\"https:\\\/\\\/dpress.ma\\\/fr\\\/wp-content\\\/uploads\\\/sites\\\/2\\\/2025\\\/02\\\/dprees-dim-56.png\",\"contentUrl\":\"https:\\\/\\\/dpress.ma\\\/fr\\\/wp-content\\\/uploads\\\/sites\\\/2\\\/2025\\\/02\\\/dprees-dim-56.png\",\"width\":780,\"height\":470},{\"@type\":\"BreadcrumbList\",\"@id\":\"https:\\\/\\\/dpress.ma\\\/fr\\\/2025\\\/02\\\/22\\\/ouverture-du-13eme-congres-national-de-lumt\\\/#breadcrumb\",\"itemListElement\":[{\"@type\":\"ListItem\",\"position\":1,\"name\":\"Home\",\"item\":\"https:\\\/\\\/dpress.ma\\\/fr\\\/\"},{\"@type\":\"ListItem\",\"position\":2,\"name\":\"Ouverture du 13\u00e8me congr\u00e8s national de l\u2019UMT\"}]},{\"@type\":\"WebSite\",\"@id\":\"https:\\\/\\\/dpress.ma\\\/fr\\\/#website\",\"url\":\"https:\\\/\\\/dpress.ma\\\/fr\\\/\",\"name\":\"Dpress.ma\\\/fr\",\"description\":\"\",\"potentialAction\":[{\"@type\":\"SearchAction\",\"target\":{\"@type\":\"EntryPoint\",\"urlTemplate\":\"https:\\\/\\\/dpress.ma\\\/fr\\\/?s={search_term_string}\"},\"query-input\":{\"@type\":\"PropertyValueSpecification\",\"valueRequired\":true,\"valueName\":\"search_term_string\"}}],\"inLanguage\":\"fr-FR\"},{\"@type\":\"Person\",\"@id\":\"https:\\\/\\\/dpress.ma\\\/fr\\\/#\\\/schema\\\/person\\\/4898febf3ccd59e6578d838656a306a0\",\"name\":\"Dpress.ma\",\"image\":{\"@type\":\"ImageObject\",\"inLanguage\":\"fr-FR\",\"@id\":\"https:\\\/\\\/secure.gravatar.com\\\/avatar\\\/72ecc30e9db047a2e0e7176561eb9d564ed77c8108376495b19bd8336405198a?s=96&d=mm&r=g\",\"url\":\"https:\\\/\\\/secure.gravatar.com\\\/avatar\\\/72ecc30e9db047a2e0e7176561eb9d564ed77c8108376495b19bd8336405198a?s=96&d=mm&r=g\",\"contentUrl\":\"https:\\\/\\\/secure.gravatar.com\\\/avatar\\\/72ecc30e9db047a2e0e7176561eb9d564ed77c8108376495b19bd8336405198a?s=96&d=mm&r=g\",\"caption\":\"Dpress.ma\"},\"sameAs\":[\"https:\\\/\\\/www.dpress.ma\"],\"url\":\"https:\\\/\\\/dpress.ma\\\/fr\\\/author\\\/dpress-ma\\\/\"}]}<\/script>\n<!-- \/ Yoast SEO plugin. -->","yoast_head_json":{"title":"Ouverture du 13\u00e8me congr\u00e8s national de l\u2019UMT - Dpress.ma\/fr","robots":{"index":"index","follow":"follow","max-snippet":"max-snippet:-1","max-image-preview":"max-image-preview:large","max-video-preview":"max-video-preview:-1"},"canonical":"https:\/\/dpress.ma\/fr\/2025\/02\/22\/ouverture-du-13eme-congres-national-de-lumt\/","og_locale":"fr_FR","og_type":"article","og_title":"Ouverture du 13\u00e8me congr\u00e8s national de l\u2019UMT - Dpress.ma\/fr","og_description":"dpress Les travaux du 13\u00e8me congr\u00e8s national de l\u2019Union Marocaine du Travail (UMT) ont d\u00e9but\u00e9 vendredi \u00e0 Casablanca sous le th\u00e8me \u201c70 ans de fid\u00e9lit\u00e9 \u00e0 l\u2019identit\u00e9 et aux principes de l\u2019UMT, la lutte continue pour les libert\u00e9s syndicales, la dignit\u00e9 et la justice sociale\u201d. La s\u00e9ance d\u2019ouverture de ce congr\u00e8s, qui se poursuit jusqu\u2019\u00e0 &hellip;","og_url":"https:\/\/dpress.ma\/fr\/2025\/02\/22\/ouverture-du-13eme-congres-national-de-lumt\/","og_site_name":"Dpress.ma\/fr","article_published_time":"2025-02-22T09:03:01+00:00","article_modified_time":"2025-02-22T09:03:02+00:00","og_image":[{"width":780,"height":470,"url":"https:\/\/dpress.ma\/fr\/wp-content\/uploads\/sites\/2\/2025\/02\/dprees-dim-56.png","type":"image\/png"}],"author":"Dpress.ma","twitter_card":"summary_large_image","twitter_misc":{"\u00c9crit par":"Dpress.ma","Dur\u00e9e de lecture estim\u00e9e":"2 minutes"},"schema":{"@context":"https:\/\/schema.org","@graph":[{"@type":"Article","@id":"https:\/\/dpress.ma\/fr\/2025\/02\/22\/ouverture-du-13eme-congres-national-de-lumt\/#article","isPartOf":{"@id":"https:\/\/dpress.ma\/fr\/2025\/02\/22\/ouverture-du-13eme-congres-national-de-lumt\/"},"author":{"name":"Dpress.ma","@id":"https:\/\/dpress.ma\/fr\/#\/schema\/person\/4898febf3ccd59e6578d838656a306a0"},"headline":"Ouverture du 13\u00e8me congr\u00e8s national de l\u2019UMT","datePublished":"2025-02-22T09:03:01+00:00","dateModified":"2025-02-22T09:03:02+00:00","mainEntityOfPage":{"@id":"https:\/\/dpress.ma\/fr\/2025\/02\/22\/ouverture-du-13eme-congres-national-de-lumt\/"},"wordCount":388,"commentCount":0,"image":{"@id":"https:\/\/dpress.ma\/fr\/2025\/02\/22\/ouverture-du-13eme-congres-national-de-lumt\/#primaryimage"},"thumbnailUrl":"https:\/\/dpress.ma\/fr\/wp-content\/uploads\/sites\/2\/2025\/02\/dprees-dim-56.png","articleSection":["societe et regions"],"inLanguage":"fr-FR","potentialAction":[{"@type":"CommentAction","name":"Comment","target":["https:\/\/dpress.ma\/fr\/2025\/02\/22\/ouverture-du-13eme-congres-national-de-lumt\/#respond"]}]},{"@type":"WebPage","@id":"https:\/\/dpress.ma\/fr\/2025\/02\/22\/ouverture-du-13eme-congres-national-de-lumt\/","url":"https:\/\/dpress.ma\/fr\/2025\/02\/22\/ouverture-du-13eme-congres-national-de-lumt\/","name":"Ouverture du 13\u00e8me congr\u00e8s national de l\u2019UMT - Dpress.ma\/fr","isPartOf":{"@id":"https:\/\/dpress.ma\/fr\/#website"},"primaryImageOfPage":{"@id":"https:\/\/dpress.ma\/fr\/2025\/02\/22\/ouverture-du-13eme-congres-national-de-lumt\/#primaryimage"},"image":{"@id":"https:\/\/dpress.ma\/fr\/2025\/02\/22\/ouverture-du-13eme-congres-national-de-lumt\/#primaryimage"},"thumbnailUrl":"https:\/\/dpress.ma\/fr\/wp-content\/uploads\/sites\/2\/2025\/02\/dprees-dim-56.png","datePublished":"2025-02-22T09:03:01+00:00","dateModified":"2025-02-22T09:03:02+00:00","author":{"@id":"https:\/\/dpress.ma\/fr\/#\/schema\/person\/4898febf3ccd59e6578d838656a306a0"},"breadcrumb":{"@id":"https:\/\/dpress.ma\/fr\/2025\/02\/22\/ouverture-du-13eme-congres-national-de-lumt\/#breadcrumb"},"inLanguage":"fr-FR","potentialAction":[{"@type":"ReadAction","target":["https:\/\/dpress.ma\/fr\/2025\/02\/22\/ouverture-du-13eme-congres-national-de-lumt\/"]}]},{"@type":"ImageObject","inLanguage":"fr-FR","@id":"https:\/\/dpress.ma\/fr\/2025\/02\/22\/ouverture-du-13eme-congres-national-de-lumt\/#primaryimage","url":"https:\/\/dpress.ma\/fr\/wp-content\/uploads\/sites\/2\/2025\/02\/dprees-dim-56.png","contentUrl":"https:\/\/dpress.ma\/fr\/wp-content\/uploads\/sites\/2\/2025\/02\/dprees-dim-56.png","width":780,"height":470},{"@type":"BreadcrumbList","@id":"https:\/\/dpress.ma\/fr\/2025\/02\/22\/ouverture-du-13eme-congres-national-de-lumt\/#breadcrumb","itemListElement":[{"@type":"ListItem","position":1,"name":"Home","item":"https:\/\/dpress.ma\/fr\/"},{"@type":"ListItem","position":2,"name":"Ouverture du 13\u00e8me congr\u00e8s national de l\u2019UMT"}]},{"@type":"WebSite","@id":"https:\/\/dpress.ma\/fr\/#website","url":"https:\/\/dpress.ma\/fr\/","name":"Dpress.ma\/fr","description":"","potentialAction":[{"@type":"SearchAction","target":{"@type":"EntryPoint","urlTemplate":"https:\/\/dpress.ma\/fr\/?s={search_term_string}"},"query-input":{"@type":"PropertyValueSpecification","valueRequired":true,"valueName":"search_term_string"}}],"inLanguage":"fr-FR"},{"@type":"Person","@id":"https:\/\/dpress.ma\/fr\/#\/schema\/person\/4898febf3ccd59e6578d838656a306a0","name":"Dpress.ma","image":{"@type":"ImageObject","inLanguage":"fr-FR","@id":"https:\/\/secure.gravatar.com\/avatar\/72ecc30e9db047a2e0e7176561eb9d564ed77c8108376495b19bd8336405198a?s=96&d=mm&r=g","url":"https:\/\/secure.gravatar.com\/avatar\/72ecc30e9db047a2e0e7176561eb9d564ed77c8108376495b19bd8336405198a?s=96&d=mm&r=g","contentUrl":"https:\/\/secure.gravatar.com\/avatar\/72ecc30e9db047a2e0e7176561eb9d564ed77c8108376495b19bd8336405198a?s=96&d=mm&r=g","caption":"Dpress.ma"},"sameAs":["https:\/\/www.dpress.ma"],"url":"https:\/\/dpress.ma\/fr\/author\/dpress-ma\/"}]}},"amp_enabled":true,"_links":{"self":[{"href":"https:\/\/dpress.ma\/fr\/wp-json\/wp\/v2\/posts\/12789","targetHints":{"allow":["GET"]}}],"collection":[{"href":"https:\/\/dpress.ma\/fr\/wp-json\/wp\/v2\/posts"}],"about":[{"href":"https:\/\/dpress.ma\/fr\/wp-json\/wp\/v2\/types\/post"}],"author":[{"embeddable":true,"href":"https:\/\/dpress.ma\/fr\/wp-json\/wp\/v2\/users\/2"}],"replies":[{"embeddable":true,"href":"https:\/\/dpress.ma\/fr\/wp-json\/wp\/v2\/comments?post=12789"}],"version-history":[{"count":1,"href":"https:\/\/dpress.ma\/fr\/wp-json\/wp\/v2\/posts\/12789\/revisions"}],"predecessor-version":[{"id":12791,"href":"https:\/\/dpress.ma\/fr\/wp-json\/wp\/v2\/posts\/12789\/revisions\/12791"}],"wp:featuredmedia":[{"embeddable":true,"href":"https:\/\/dpress.ma\/fr\/wp-json\/wp\/v2\/media\/12790"}],"wp:attachment":[{"href":"https:\/\/dpress.ma\/fr\/wp-json\/wp\/v2\/media?parent=12789"}],"wp:term":[{"taxonomy":"category","embeddable":true,"href":"https:\/\/dpress.ma\/fr\/wp-json\/wp\/v2\/categories?post=12789"},{"taxonomy":"post_tag","embeddable":true,"href":"https:\/\/dpress.ma\/fr\/wp-json\/wp\/v2\/tags?post=12789"}],"curies":[{"name":"wp","href":"https:\/\/api.w.org\/{rel}","templated":true}]}}