{"id":12786,"date":"2025-02-22T08:59:51","date_gmt":"2025-02-22T08:59:51","guid":{"rendered":"https:\/\/dpress.ma\/fr\/?p=12786"},"modified":"2025-02-22T08:59:52","modified_gmt":"2025-02-22T08:59:52","slug":"campagne-medico-chirurgicale-de-la-fondation-mohammed-v-pour-la-solidarite-au-profit-des-habitants-de-la-province-de-berkane","status":"publish","type":"post","link":"https:\/\/dpress.ma\/fr\/2025\/02\/22\/campagne-medico-chirurgicale-de-la-fondation-mohammed-v-pour-la-solidarite-au-profit-des-habitants-de-la-province-de-berkane\/","title":{"rendered":"Campagne m\u00e9dico-chirurgicale de la Fondation Mohammed V pour la Solidarit\u00e9 au profit des habitants de la province de Berkane"},"content":{"rendered":"\n<p>dpress<\/p>\n\n\n\n<p>La Fondation Mohammed V pour la Solidarit\u00e9 a lanc\u00e9, vendredi \u00e0 Tafoughalt, dans la province de Berkane, une campagne m\u00e9dico-chirurgicale au profit des habitants de nombre de communes de cette province, et ce dans le cadre de ses efforts visant l\u2019am\u00e9lioration de l\u2019acc\u00e8s aux soins sp\u00e9cialis\u00e9s.<\/p>\n\n\n\n<p>Cette importante campagne m\u00e9dicale de trois jours, qui combine examens multidisciplinaires et interventions chirurgicales, s\u2019inscrit dans le cadre du programme de campagnes m\u00e9dicales de proximit\u00e9 organis\u00e9es par la Fondation dans diff\u00e9rentes r\u00e9gions du Royaume dans le but de rapprocher les services m\u00e9dicaux de base de la population et d\u2019am\u00e9liorer la qualit\u00e9 de la couverture sanitaire dans les zones qui souffrent d\u2019un manque en la mati\u00e8re.<\/p>\n\n\n\n<p>Ciblant les habitants des trois communes relevant du Ca\u00efdat de Tafoughalt (Tafoughalt, Rislane et Sidi Bouhria), en plus des deux communes avoisinantes de Boughriba et Zegzel, cette campagne va offrir des soins sp\u00e9cialis\u00e9s couvrant plusieurs sp\u00e9cialit\u00e9s : gyn\u00e9cologie, ophtalmologie, p\u00e9diatrie, ORL, gastro-ent\u00e9rologie, cardiologie, dermatologie, endocrinologie et soins dentaires, outre les services de biologie, radiologie et \u00e9chographie, et la remise de m\u00e9dicaments gracieusement.<\/p>\n\n\n\n<p>La Fondation a mobilis\u00e9 pour cette campagne une \u00e9quipe m\u00e9dicale comprenant des ophtalmologues de l\u2019h\u00f4pital Al Farabi d\u2019Oujda, des m\u00e9decins sp\u00e9cialistes du CHU d\u2019Oujda et des m\u00e9decins g\u00e9n\u00e9ralistes b\u00e9n\u00e9voles, \u00e9paul\u00e9s par une \u00e9quipe param\u00e9dicale compos\u00e9e d\u2019infirmiers relevant de l\u2019Institut Sup\u00e9rieur des Professions Infirmi\u00e8res et Techniques de Sant\u00e9 (ISPITS) d\u2019Oujda, ainsi qu\u2019une \u00e9quipe multidisciplinaire issue du r\u00e9seau du Centre National Mohammed VI des Handicap\u00e9s (CNMH) \u00e0 Sal\u00e9, Oujda et Tanger.<\/p>\n\n\n\n<p>Cette \u00e9quipe est compl\u00e9t\u00e9e par les ressources de la Fondation, compos\u00e9e des cadres m\u00e9dicaux et des assistantes sociales, ainsi que de techniciens en charge du bon d\u00e9roulement de l\u2019op\u00e9ration et de l\u2019assistance des populations.<\/p>\n\n\n\n<p>Dans une d\u00e9claration \u00e0 la MAP, le responsable du p\u00f4le m\u00e9dico-humanitaire \u00e0 la Fondation Mohammed V pour la Solidarit\u00e9, Nouredine Ratbi, a soulign\u00e9 que cette campagne m\u00e9dicale, qui intervient apr\u00e8s les deux campagnes m\u00e9dicales organis\u00e9es r\u00e9cemment \u00e0 Zagora et Tan-Tan, couvre une population de plus de 50.000 personnes r\u00e9parties sur plus de 90 douars, et il est pr\u00e9vu que plus de 2.500 personnes b\u00e9n\u00e9ficieront de ses services sp\u00e9cialis\u00e9s et diversifi\u00e9s.<\/p>\n\n\n\n<p>Il a ajout\u00e9 que pour assurer la r\u00e9ussite de cette op\u00e9ration, la Fondation, en collaboration avec les autorit\u00e9s locales et ses partenaires, a am\u00e9nag\u00e9 une plateforme \u00e9quip\u00e9e au niveau du site principal de la campagne (Centre de Tafoughalt), pour dispenser des services m\u00e9dicaux multidisciplinaires et accueillir les patients b\u00e9n\u00e9ficiaires dans les meilleures conditions.<\/p>\n\n\n\n<p>Il a pr\u00e9cis\u00e9 que cette plateforme comprend des espaces d\u2019accueil et d\u2019orientation, des postes de consultations en m\u00e9decine g\u00e9n\u00e9rale et en m\u00e9decine sp\u00e9cialis\u00e9e, ainsi que les diff\u00e9rentes unit\u00e9s m\u00e9dicales mobiles de la Fondation : unit\u00e9 de consultations en ophtalmologie, unit\u00e9 de soins dentaires, unit\u00e9 de biologie, unit\u00e9 de radiologie-\u00e9chographie et une pharmacie.<\/p>\n\n\n\n<p>Pour ce qui est des interventions de la chirurgie de la cataracte, M. Ratbi a fait savoir qu\u2019elles sont r\u00e9alis\u00e9es au niveau du second site, situ\u00e9 \u00e0 l\u2019h\u00f4pital provincial Al Farabi d\u2019Oujda.<\/p>\n\n\n\n<p>Il a \u00e9galement soulign\u00e9 que cette campagne, qui permet de r\u00e9pondre aux diff\u00e9rents besoins de la population dans les domaines des examens m\u00e9dicaux et des soins sp\u00e9cialis\u00e9s, de diagnostic de la cataracte, en plus de la prise en charge des interventions chirurgicales n\u00e9cessaires, se distingue \u00e9galement par l\u2019utilisation d\u2019une mallette m\u00e9dicale connect\u00e9e, qui permet des consultations en ligne en reliant \u00e0 distance les patients \u00e0 des sp\u00e9cialistes bas\u00e9s \u00e0 Rabat et Casablanca.<\/p>\n\n\n\n<p>De son c\u00f4t\u00e9, Dr Soumia El Jadidi, responsable de projets au p\u00f4le m\u00e9dico-humanitaire de la Fondation Mohammed V pour la Solidarit\u00e9, a relev\u00e9 que parall\u00e8lement aux services de soins sp\u00e9cialis\u00e9s qu\u2019elle fournit sur le site principal de la campagne \u00e0 Tafoughalt, la Fondation prend en charge des op\u00e9rations chirurgicales \u00e0 l\u2019h\u00f4pital Al Farabi pour l\u2019extraction de la cataracte au profit d\u2019une quarantaine de personnes dont les cas ont \u00e9t\u00e9 diagnostiqu\u00e9s et qui ont \u00e9t\u00e9 pr\u00e9par\u00e9es \u00e0 l\u2019avance pour une intervention chirurgicale.<\/p>\n\n\n\n<p>Elle a poursuivi que ces op\u00e9rations, qui se d\u00e9roulent dans les meilleures conditions, permettront aux b\u00e9n\u00e9ficiaires d\u2019am\u00e9liorer leur niveau de vie, notant que cette initiative incarne le sentiment de solidarit\u00e9 de la Fondation envers ces citoyens qui ont du mal \u00e0 b\u00e9n\u00e9ficier des op\u00e9rations chirurgicales ainsi que des soins de sant\u00e9 sp\u00e9cialis\u00e9s.<\/p>\n","protected":false},"excerpt":{"rendered":"<p>dpress La Fondation Mohammed V pour la Solidarit\u00e9 a lanc\u00e9, vendredi \u00e0 Tafoughalt, dans la province de Berkane, une campagne m\u00e9dico-chirurgicale au profit des habitants de nombre de communes de cette province, et ce dans le cadre de ses efforts visant l\u2019am\u00e9lioration de l\u2019acc\u00e8s aux soins sp\u00e9cialis\u00e9s. Cette importante campagne m\u00e9dicale de trois jours, qui &hellip;<\/p>\n","protected":false},"author":2,"featured_media":12787,"comment_status":"open","ping_status":"open","sticky":false,"template":"","format":"standard","meta":{"footnotes":""},"categories":[40],"tags":[],"class_list":["post-12786","post","type-post","status-publish","format-standard","has-post-thumbnail","hentry","category-societe-et-regions"],"yoast_head":"<!-- This site is optimized with the Yoast SEO plugin v27.5 - https:\/\/yoast.com\/product\/yoast-seo-wordpress\/ -->\n<title>Campagne m\u00e9dico-chirurgicale de la Fondation Mohammed V pour la Solidarit\u00e9 au profit des habitants de la province de Berkane - Dpress.ma\/fr<\/title>\n<meta name=\"robots\" content=\"index, follow, max-snippet:-1, max-image-preview:large, max-video-preview:-1\" \/>\n<link rel=\"canonical\" href=\"https:\/\/dpress.ma\/fr\/2025\/02\/22\/campagne-medico-chirurgicale-de-la-fondation-mohammed-v-pour-la-solidarite-au-profit-des-habitants-de-la-province-de-berkane\/\" \/>\n<meta property=\"og:locale\" content=\"fr_FR\" \/>\n<meta property=\"og:type\" content=\"article\" \/>\n<meta property=\"og:title\" content=\"Campagne m\u00e9dico-chirurgicale de la Fondation Mohammed V pour la Solidarit\u00e9 au profit des habitants de la province de Berkane - Dpress.ma\/fr\" \/>\n<meta property=\"og:description\" content=\"dpress La Fondation Mohammed V pour la Solidarit\u00e9 a lanc\u00e9, vendredi \u00e0 Tafoughalt, dans la province de Berkane, une campagne m\u00e9dico-chirurgicale au profit des habitants de nombre de communes de cette province, et ce dans le cadre de ses efforts visant l\u2019am\u00e9lioration de l\u2019acc\u00e8s aux soins sp\u00e9cialis\u00e9s. Cette importante campagne m\u00e9dicale de trois jours, qui &hellip;\" \/>\n<meta property=\"og:url\" content=\"https:\/\/dpress.ma\/fr\/2025\/02\/22\/campagne-medico-chirurgicale-de-la-fondation-mohammed-v-pour-la-solidarite-au-profit-des-habitants-de-la-province-de-berkane\/\" \/>\n<meta property=\"og:site_name\" content=\"Dpress.ma\/fr\" \/>\n<meta property=\"article:published_time\" content=\"2025-02-22T08:59:51+00:00\" \/>\n<meta property=\"article:modified_time\" content=\"2025-02-22T08:59:52+00:00\" \/>\n<meta property=\"og:image\" content=\"https:\/\/dpress.ma\/fr\/wp-content\/uploads\/sites\/2\/2025\/02\/dprees-dim-55.png\" \/>\n\t<meta property=\"og:image:width\" content=\"780\" \/>\n\t<meta property=\"og:image:height\" content=\"470\" \/>\n\t<meta property=\"og:image:type\" content=\"image\/png\" \/>\n<meta name=\"author\" content=\"Dpress.ma\" \/>\n<meta name=\"twitter:card\" content=\"summary_large_image\" \/>\n<meta name=\"twitter:label1\" content=\"\u00c9crit par\" \/>\n\t<meta name=\"twitter:data1\" content=\"Dpress.ma\" \/>\n\t<meta name=\"twitter:label2\" content=\"Dur\u00e9e de lecture estim\u00e9e\" \/>\n\t<meta name=\"twitter:data2\" content=\"4 minutes\" \/>\n<script type=\"application\/ld+json\" class=\"yoast-schema-graph\">{\"@context\":\"https:\\\/\\\/schema.org\",\"@graph\":[{\"@type\":\"Article\",\"@id\":\"https:\\\/\\\/dpress.ma\\\/fr\\\/2025\\\/02\\\/22\\\/campagne-medico-chirurgicale-de-la-fondation-mohammed-v-pour-la-solidarite-au-profit-des-habitants-de-la-province-de-berkane\\\/#article\",\"isPartOf\":{\"@id\":\"https:\\\/\\\/dpress.ma\\\/fr\\\/2025\\\/02\\\/22\\\/campagne-medico-chirurgicale-de-la-fondation-mohammed-v-pour-la-solidarite-au-profit-des-habitants-de-la-province-de-berkane\\\/\"},\"author\":{\"name\":\"Dpress.ma\",\"@id\":\"https:\\\/\\\/dpress.ma\\\/fr\\\/#\\\/schema\\\/person\\\/4898febf3ccd59e6578d838656a306a0\"},\"headline\":\"Campagne m\u00e9dico-chirurgicale de la Fondation Mohammed V pour la Solidarit\u00e9 au profit des habitants de la province de Berkane\",\"datePublished\":\"2025-02-22T08:59:51+00:00\",\"dateModified\":\"2025-02-22T08:59:52+00:00\",\"mainEntityOfPage\":{\"@id\":\"https:\\\/\\\/dpress.ma\\\/fr\\\/2025\\\/02\\\/22\\\/campagne-medico-chirurgicale-de-la-fondation-mohammed-v-pour-la-solidarite-au-profit-des-habitants-de-la-province-de-berkane\\\/\"},\"wordCount\":830,\"commentCount\":0,\"image\":{\"@id\":\"https:\\\/\\\/dpress.ma\\\/fr\\\/2025\\\/02\\\/22\\\/campagne-medico-chirurgicale-de-la-fondation-mohammed-v-pour-la-solidarite-au-profit-des-habitants-de-la-province-de-berkane\\\/#primaryimage\"},\"thumbnailUrl\":\"https:\\\/\\\/dpress.ma\\\/fr\\\/wp-content\\\/uploads\\\/sites\\\/2\\\/2025\\\/02\\\/dprees-dim-55.png\",\"articleSection\":[\"societe et regions\"],\"inLanguage\":\"fr-FR\",\"potentialAction\":[{\"@type\":\"CommentAction\",\"name\":\"Comment\",\"target\":[\"https:\\\/\\\/dpress.ma\\\/fr\\\/2025\\\/02\\\/22\\\/campagne-medico-chirurgicale-de-la-fondation-mohammed-v-pour-la-solidarite-au-profit-des-habitants-de-la-province-de-berkane\\\/#respond\"]}]},{\"@type\":\"WebPage\",\"@id\":\"https:\\\/\\\/dpress.ma\\\/fr\\\/2025\\\/02\\\/22\\\/campagne-medico-chirurgicale-de-la-fondation-mohammed-v-pour-la-solidarite-au-profit-des-habitants-de-la-province-de-berkane\\\/\",\"url\":\"https:\\\/\\\/dpress.ma\\\/fr\\\/2025\\\/02\\\/22\\\/campagne-medico-chirurgicale-de-la-fondation-mohammed-v-pour-la-solidarite-au-profit-des-habitants-de-la-province-de-berkane\\\/\",\"name\":\"Campagne m\u00e9dico-chirurgicale de la Fondation Mohammed V pour la Solidarit\u00e9 au profit des habitants de la province de Berkane - Dpress.ma\\\/fr\",\"isPartOf\":{\"@id\":\"https:\\\/\\\/dpress.ma\\\/fr\\\/#website\"},\"primaryImageOfPage\":{\"@id\":\"https:\\\/\\\/dpress.ma\\\/fr\\\/2025\\\/02\\\/22\\\/campagne-medico-chirurgicale-de-la-fondation-mohammed-v-pour-la-solidarite-au-profit-des-habitants-de-la-province-de-berkane\\\/#primaryimage\"},\"image\":{\"@id\":\"https:\\\/\\\/dpress.ma\\\/fr\\\/2025\\\/02\\\/22\\\/campagne-medico-chirurgicale-de-la-fondation-mohammed-v-pour-la-solidarite-au-profit-des-habitants-de-la-province-de-berkane\\\/#primaryimage\"},\"thumbnailUrl\":\"https:\\\/\\\/dpress.ma\\\/fr\\\/wp-content\\\/uploads\\\/sites\\\/2\\\/2025\\\/02\\\/dprees-dim-55.png\",\"datePublished\":\"2025-02-22T08:59:51+00:00\",\"dateModified\":\"2025-02-22T08:59:52+00:00\",\"author\":{\"@id\":\"https:\\\/\\\/dpress.ma\\\/fr\\\/#\\\/schema\\\/person\\\/4898febf3ccd59e6578d838656a306a0\"},\"breadcrumb\":{\"@id\":\"https:\\\/\\\/dpress.ma\\\/fr\\\/2025\\\/02\\\/22\\\/campagne-medico-chirurgicale-de-la-fondation-mohammed-v-pour-la-solidarite-au-profit-des-habitants-de-la-province-de-berkane\\\/#breadcrumb\"},\"inLanguage\":\"fr-FR\",\"potentialAction\":[{\"@type\":\"ReadAction\",\"target\":[\"https:\\\/\\\/dpress.ma\\\/fr\\\/2025\\\/02\\\/22\\\/campagne-medico-chirurgicale-de-la-fondation-mohammed-v-pour-la-solidarite-au-profit-des-habitants-de-la-province-de-berkane\\\/\"]}]},{\"@type\":\"ImageObject\",\"inLanguage\":\"fr-FR\",\"@id\":\"https:\\\/\\\/dpress.ma\\\/fr\\\/2025\\\/02\\\/22\\\/campagne-medico-chirurgicale-de-la-fondation-mohammed-v-pour-la-solidarite-au-profit-des-habitants-de-la-province-de-berkane\\\/#primaryimage\",\"url\":\"https:\\\/\\\/dpress.ma\\\/fr\\\/wp-content\\\/uploads\\\/sites\\\/2\\\/2025\\\/02\\\/dprees-dim-55.png\",\"contentUrl\":\"https:\\\/\\\/dpress.ma\\\/fr\\\/wp-content\\\/uploads\\\/sites\\\/2\\\/2025\\\/02\\\/dprees-dim-55.png\",\"width\":780,\"height\":470},{\"@type\":\"BreadcrumbList\",\"@id\":\"https:\\\/\\\/dpress.ma\\\/fr\\\/2025\\\/02\\\/22\\\/campagne-medico-chirurgicale-de-la-fondation-mohammed-v-pour-la-solidarite-au-profit-des-habitants-de-la-province-de-berkane\\\/#breadcrumb\",\"itemListElement\":[{\"@type\":\"ListItem\",\"position\":1,\"name\":\"Home\",\"item\":\"https:\\\/\\\/dpress.ma\\\/fr\\\/\"},{\"@type\":\"ListItem\",\"position\":2,\"name\":\"Campagne m\u00e9dico-chirurgicale de la Fondation Mohammed V pour la Solidarit\u00e9 au profit des habitants de la province de Berkane\"}]},{\"@type\":\"WebSite\",\"@id\":\"https:\\\/\\\/dpress.ma\\\/fr\\\/#website\",\"url\":\"https:\\\/\\\/dpress.ma\\\/fr\\\/\",\"name\":\"Dpress.ma\\\/fr\",\"description\":\"\",\"potentialAction\":[{\"@type\":\"SearchAction\",\"target\":{\"@type\":\"EntryPoint\",\"urlTemplate\":\"https:\\\/\\\/dpress.ma\\\/fr\\\/?s={search_term_string}\"},\"query-input\":{\"@type\":\"PropertyValueSpecification\",\"valueRequired\":true,\"valueName\":\"search_term_string\"}}],\"inLanguage\":\"fr-FR\"},{\"@type\":\"Person\",\"@id\":\"https:\\\/\\\/dpress.ma\\\/fr\\\/#\\\/schema\\\/person\\\/4898febf3ccd59e6578d838656a306a0\",\"name\":\"Dpress.ma\",\"image\":{\"@type\":\"ImageObject\",\"inLanguage\":\"fr-FR\",\"@id\":\"https:\\\/\\\/secure.gravatar.com\\\/avatar\\\/72ecc30e9db047a2e0e7176561eb9d564ed77c8108376495b19bd8336405198a?s=96&d=mm&r=g\",\"url\":\"https:\\\/\\\/secure.gravatar.com\\\/avatar\\\/72ecc30e9db047a2e0e7176561eb9d564ed77c8108376495b19bd8336405198a?s=96&d=mm&r=g\",\"contentUrl\":\"https:\\\/\\\/secure.gravatar.com\\\/avatar\\\/72ecc30e9db047a2e0e7176561eb9d564ed77c8108376495b19bd8336405198a?s=96&d=mm&r=g\",\"caption\":\"Dpress.ma\"},\"sameAs\":[\"https:\\\/\\\/www.dpress.ma\"],\"url\":\"https:\\\/\\\/dpress.ma\\\/fr\\\/author\\\/dpress-ma\\\/\"}]}<\/script>\n<!-- \/ Yoast SEO plugin. -->","yoast_head_json":{"title":"Campagne m\u00e9dico-chirurgicale de la Fondation Mohammed V pour la Solidarit\u00e9 au profit des habitants de la province de Berkane - Dpress.ma\/fr","robots":{"index":"index","follow":"follow","max-snippet":"max-snippet:-1","max-image-preview":"max-image-preview:large","max-video-preview":"max-video-preview:-1"},"canonical":"https:\/\/dpress.ma\/fr\/2025\/02\/22\/campagne-medico-chirurgicale-de-la-fondation-mohammed-v-pour-la-solidarite-au-profit-des-habitants-de-la-province-de-berkane\/","og_locale":"fr_FR","og_type":"article","og_title":"Campagne m\u00e9dico-chirurgicale de la Fondation Mohammed V pour la Solidarit\u00e9 au profit des habitants de la province de Berkane - Dpress.ma\/fr","og_description":"dpress La Fondation Mohammed V pour la Solidarit\u00e9 a lanc\u00e9, vendredi \u00e0 Tafoughalt, dans la province de Berkane, une campagne m\u00e9dico-chirurgicale au profit des habitants de nombre de communes de cette province, et ce dans le cadre de ses efforts visant l\u2019am\u00e9lioration de l\u2019acc\u00e8s aux soins sp\u00e9cialis\u00e9s. Cette importante campagne m\u00e9dicale de trois jours, qui &hellip;","og_url":"https:\/\/dpress.ma\/fr\/2025\/02\/22\/campagne-medico-chirurgicale-de-la-fondation-mohammed-v-pour-la-solidarite-au-profit-des-habitants-de-la-province-de-berkane\/","og_site_name":"Dpress.ma\/fr","article_published_time":"2025-02-22T08:59:51+00:00","article_modified_time":"2025-02-22T08:59:52+00:00","og_image":[{"width":780,"height":470,"url":"https:\/\/dpress.ma\/fr\/wp-content\/uploads\/sites\/2\/2025\/02\/dprees-dim-55.png","type":"image\/png"}],"author":"Dpress.ma","twitter_card":"summary_large_image","twitter_misc":{"\u00c9crit par":"Dpress.ma","Dur\u00e9e de lecture estim\u00e9e":"4 minutes"},"schema":{"@context":"https:\/\/schema.org","@graph":[{"@type":"Article","@id":"https:\/\/dpress.ma\/fr\/2025\/02\/22\/campagne-medico-chirurgicale-de-la-fondation-mohammed-v-pour-la-solidarite-au-profit-des-habitants-de-la-province-de-berkane\/#article","isPartOf":{"@id":"https:\/\/dpress.ma\/fr\/2025\/02\/22\/campagne-medico-chirurgicale-de-la-fondation-mohammed-v-pour-la-solidarite-au-profit-des-habitants-de-la-province-de-berkane\/"},"author":{"name":"Dpress.ma","@id":"https:\/\/dpress.ma\/fr\/#\/schema\/person\/4898febf3ccd59e6578d838656a306a0"},"headline":"Campagne m\u00e9dico-chirurgicale de la Fondation Mohammed V pour la Solidarit\u00e9 au profit des habitants de la province de Berkane","datePublished":"2025-02-22T08:59:51+00:00","dateModified":"2025-02-22T08:59:52+00:00","mainEntityOfPage":{"@id":"https:\/\/dpress.ma\/fr\/2025\/02\/22\/campagne-medico-chirurgicale-de-la-fondation-mohammed-v-pour-la-solidarite-au-profit-des-habitants-de-la-province-de-berkane\/"},"wordCount":830,"commentCount":0,"image":{"@id":"https:\/\/dpress.ma\/fr\/2025\/02\/22\/campagne-medico-chirurgicale-de-la-fondation-mohammed-v-pour-la-solidarite-au-profit-des-habitants-de-la-province-de-berkane\/#primaryimage"},"thumbnailUrl":"https:\/\/dpress.ma\/fr\/wp-content\/uploads\/sites\/2\/2025\/02\/dprees-dim-55.png","articleSection":["societe et regions"],"inLanguage":"fr-FR","potentialAction":[{"@type":"CommentAction","name":"Comment","target":["https:\/\/dpress.ma\/fr\/2025\/02\/22\/campagne-medico-chirurgicale-de-la-fondation-mohammed-v-pour-la-solidarite-au-profit-des-habitants-de-la-province-de-berkane\/#respond"]}]},{"@type":"WebPage","@id":"https:\/\/dpress.ma\/fr\/2025\/02\/22\/campagne-medico-chirurgicale-de-la-fondation-mohammed-v-pour-la-solidarite-au-profit-des-habitants-de-la-province-de-berkane\/","url":"https:\/\/dpress.ma\/fr\/2025\/02\/22\/campagne-medico-chirurgicale-de-la-fondation-mohammed-v-pour-la-solidarite-au-profit-des-habitants-de-la-province-de-berkane\/","name":"Campagne m\u00e9dico-chirurgicale de la Fondation Mohammed V pour la Solidarit\u00e9 au profit des habitants de la province de Berkane - Dpress.ma\/fr","isPartOf":{"@id":"https:\/\/dpress.ma\/fr\/#website"},"primaryImageOfPage":{"@id":"https:\/\/dpress.ma\/fr\/2025\/02\/22\/campagne-medico-chirurgicale-de-la-fondation-mohammed-v-pour-la-solidarite-au-profit-des-habitants-de-la-province-de-berkane\/#primaryimage"},"image":{"@id":"https:\/\/dpress.ma\/fr\/2025\/02\/22\/campagne-medico-chirurgicale-de-la-fondation-mohammed-v-pour-la-solidarite-au-profit-des-habitants-de-la-province-de-berkane\/#primaryimage"},"thumbnailUrl":"https:\/\/dpress.ma\/fr\/wp-content\/uploads\/sites\/2\/2025\/02\/dprees-dim-55.png","datePublished":"2025-02-22T08:59:51+00:00","dateModified":"2025-02-22T08:59:52+00:00","author":{"@id":"https:\/\/dpress.ma\/fr\/#\/schema\/person\/4898febf3ccd59e6578d838656a306a0"},"breadcrumb":{"@id":"https:\/\/dpress.ma\/fr\/2025\/02\/22\/campagne-medico-chirurgicale-de-la-fondation-mohammed-v-pour-la-solidarite-au-profit-des-habitants-de-la-province-de-berkane\/#breadcrumb"},"inLanguage":"fr-FR","potentialAction":[{"@type":"ReadAction","target":["https:\/\/dpress.ma\/fr\/2025\/02\/22\/campagne-medico-chirurgicale-de-la-fondation-mohammed-v-pour-la-solidarite-au-profit-des-habitants-de-la-province-de-berkane\/"]}]},{"@type":"ImageObject","inLanguage":"fr-FR","@id":"https:\/\/dpress.ma\/fr\/2025\/02\/22\/campagne-medico-chirurgicale-de-la-fondation-mohammed-v-pour-la-solidarite-au-profit-des-habitants-de-la-province-de-berkane\/#primaryimage","url":"https:\/\/dpress.ma\/fr\/wp-content\/uploads\/sites\/2\/2025\/02\/dprees-dim-55.png","contentUrl":"https:\/\/dpress.ma\/fr\/wp-content\/uploads\/sites\/2\/2025\/02\/dprees-dim-55.png","width":780,"height":470},{"@type":"BreadcrumbList","@id":"https:\/\/dpress.ma\/fr\/2025\/02\/22\/campagne-medico-chirurgicale-de-la-fondation-mohammed-v-pour-la-solidarite-au-profit-des-habitants-de-la-province-de-berkane\/#breadcrumb","itemListElement":[{"@type":"ListItem","position":1,"name":"Home","item":"https:\/\/dpress.ma\/fr\/"},{"@type":"ListItem","position":2,"name":"Campagne m\u00e9dico-chirurgicale de la Fondation Mohammed V pour la Solidarit\u00e9 au profit des habitants de la province de Berkane"}]},{"@type":"WebSite","@id":"https:\/\/dpress.ma\/fr\/#website","url":"https:\/\/dpress.ma\/fr\/","name":"Dpress.ma\/fr","description":"","potentialAction":[{"@type":"SearchAction","target":{"@type":"EntryPoint","urlTemplate":"https:\/\/dpress.ma\/fr\/?s={search_term_string}"},"query-input":{"@type":"PropertyValueSpecification","valueRequired":true,"valueName":"search_term_string"}}],"inLanguage":"fr-FR"},{"@type":"Person","@id":"https:\/\/dpress.ma\/fr\/#\/schema\/person\/4898febf3ccd59e6578d838656a306a0","name":"Dpress.ma","image":{"@type":"ImageObject","inLanguage":"fr-FR","@id":"https:\/\/secure.gravatar.com\/avatar\/72ecc30e9db047a2e0e7176561eb9d564ed77c8108376495b19bd8336405198a?s=96&d=mm&r=g","url":"https:\/\/secure.gravatar.com\/avatar\/72ecc30e9db047a2e0e7176561eb9d564ed77c8108376495b19bd8336405198a?s=96&d=mm&r=g","contentUrl":"https:\/\/secure.gravatar.com\/avatar\/72ecc30e9db047a2e0e7176561eb9d564ed77c8108376495b19bd8336405198a?s=96&d=mm&r=g","caption":"Dpress.ma"},"sameAs":["https:\/\/www.dpress.ma"],"url":"https:\/\/dpress.ma\/fr\/author\/dpress-ma\/"}]}},"amp_enabled":true,"_links":{"self":[{"href":"https:\/\/dpress.ma\/fr\/wp-json\/wp\/v2\/posts\/12786","targetHints":{"allow":["GET"]}}],"collection":[{"href":"https:\/\/dpress.ma\/fr\/wp-json\/wp\/v2\/posts"}],"about":[{"href":"https:\/\/dpress.ma\/fr\/wp-json\/wp\/v2\/types\/post"}],"author":[{"embeddable":true,"href":"https:\/\/dpress.ma\/fr\/wp-json\/wp\/v2\/users\/2"}],"replies":[{"embeddable":true,"href":"https:\/\/dpress.ma\/fr\/wp-json\/wp\/v2\/comments?post=12786"}],"version-history":[{"count":1,"href":"https:\/\/dpress.ma\/fr\/wp-json\/wp\/v2\/posts\/12786\/revisions"}],"predecessor-version":[{"id":12788,"href":"https:\/\/dpress.ma\/fr\/wp-json\/wp\/v2\/posts\/12786\/revisions\/12788"}],"wp:featuredmedia":[{"embeddable":true,"href":"https:\/\/dpress.ma\/fr\/wp-json\/wp\/v2\/media\/12787"}],"wp:attachment":[{"href":"https:\/\/dpress.ma\/fr\/wp-json\/wp\/v2\/media?parent=12786"}],"wp:term":[{"taxonomy":"category","embeddable":true,"href":"https:\/\/dpress.ma\/fr\/wp-json\/wp\/v2\/categories?post=12786"},{"taxonomy":"post_tag","embeddable":true,"href":"https:\/\/dpress.ma\/fr\/wp-json\/wp\/v2\/tags?post=12786"}],"curies":[{"name":"wp","href":"https:\/\/api.w.org\/{rel}","templated":true}]}}