{"id":12783,"date":"2025-02-22T08:58:11","date_gmt":"2025-02-22T08:58:11","guid":{"rendered":"https:\/\/dpress.ma\/fr\/?p=12783"},"modified":"2025-02-22T08:58:13","modified_gmt":"2025-02-22T08:58:13","slug":"organisation-de-la-9e-edition-du-prix-mohammed-vi-de-lart-de-la-calligraphie","status":"publish","type":"post","link":"https:\/\/dpress.ma\/fr\/2025\/02\/22\/organisation-de-la-9e-edition-du-prix-mohammed-vi-de-lart-de-la-calligraphie\/","title":{"rendered":"Organisation de la 9e \u00e9dition du Prix Mohammed VI de l\u2019art de la calligraphie"},"content":{"rendered":"\n<p>dpress<\/p>\n\n\n\n<p>Le minist\u00e8re des Habous et des Affaires islamiques a annonc\u00e9 l\u2019organisation de la 9e \u00e9dition du Prix Mohammed VI de l\u2019art de la calligraphie (Al Horoufia), pour laquelle les candidatures sont ouvertes du 20 f\u00e9vrier au 23 mai prochain.<\/p>\n\n\n\n<p>Cette comp\u00e9tition est organis\u00e9e conform\u00e9ment aux Hautes Orientations de SM le Roi Mohammed VI, Amir Al Mouminine, afin d\u2019accorder plus d\u2019attention aux arts patrimoniaux s\u00e9culaires ancr\u00e9s dans la culture et la soci\u00e9t\u00e9, \u00e0 l\u2019instar de la calligraphie arabe et de l\u2019art d\u00e9coratif, indique un communiqu\u00e9 du minist\u00e8re.<\/p>\n\n\n\n<p>Ce concours vient r\u00e9affirmer la conviction quant \u00e0 la n\u00e9cessit\u00e9 de pr\u00e9server ces arts et leurs dimensions esth\u00e9tiques, tout en veillant \u00e0 d\u00e9velopper leurs styles, ajoute la m\u00eame source.<\/p>\n\n\n\n<p>De m\u00eame, il a pour but d\u2019encourager des g\u00e9n\u00e9rations de calligraphes distingu\u00e9s et de rendre hommage aux pionniers, ayant consacr\u00e9 des efforts sinc\u00e8res au service de cet art.<\/p>\n\n\n\n<p>Le concours comprend trois prix, \u00e0 savoir : le Prix Honorifique Mohammed VI (50.000 dirhams), qui sera d\u00e9cern\u00e9 \u00e0 l\u2019un des calligraphes marocains de renom sur proposition de la Commission, le Prix Mohammed VI de l\u2019Excellence (50.000 dirhams) et le Prix Mohammed VI de la Distinction (40.000 dirhams).<\/p>\n\n\n\n<p>Le formulaire de participation et le guide de r\u00e9f\u00e9rence du concours sont disponibles aupr\u00e8s des d\u00e9l\u00e9gations des Affaires islamiques et sur le portail \u00e9lectronique du minist\u00e8re sur l\u2019adresse \u201cwww.habous.gov.ma\u201d, indique le minist\u00e8re, ajoutant que pour plus d\u2019informations les personnes int\u00e9ress\u00e9es peuvent contacter les num\u00e9ros suivants : 0537-668612 \/ 0537-763210.<\/p>\n","protected":false},"excerpt":{"rendered":"<p>dpress Le minist\u00e8re des Habous et des Affaires islamiques a annonc\u00e9 l\u2019organisation de la 9e \u00e9dition du Prix Mohammed VI de l\u2019art de la calligraphie (Al Horoufia), pour laquelle les candidatures sont ouvertes du 20 f\u00e9vrier au 23 mai prochain. Cette comp\u00e9tition est organis\u00e9e conform\u00e9ment aux Hautes Orientations de SM le Roi Mohammed VI, Amir &hellip;<\/p>\n","protected":false},"author":2,"featured_media":12784,"comment_status":"open","ping_status":"open","sticky":false,"template":"","format":"standard","meta":{"footnotes":""},"categories":[40],"tags":[],"class_list":["post-12783","post","type-post","status-publish","format-standard","has-post-thumbnail","hentry","category-societe-et-regions"],"yoast_head":"<!-- This site is optimized with the Yoast SEO plugin v27.5 - https:\/\/yoast.com\/product\/yoast-seo-wordpress\/ -->\n<title>Organisation de la 9e \u00e9dition du Prix Mohammed VI de l\u2019art de la calligraphie - Dpress.ma\/fr<\/title>\n<meta name=\"robots\" content=\"index, follow, max-snippet:-1, max-image-preview:large, max-video-preview:-1\" \/>\n<link rel=\"canonical\" href=\"https:\/\/dpress.ma\/fr\/2025\/02\/22\/organisation-de-la-9e-edition-du-prix-mohammed-vi-de-lart-de-la-calligraphie\/\" \/>\n<meta property=\"og:locale\" content=\"fr_FR\" \/>\n<meta property=\"og:type\" content=\"article\" \/>\n<meta property=\"og:title\" content=\"Organisation de la 9e \u00e9dition du Prix Mohammed VI de l\u2019art de la calligraphie - Dpress.ma\/fr\" \/>\n<meta property=\"og:description\" content=\"dpress Le minist\u00e8re des Habous et des Affaires islamiques a annonc\u00e9 l\u2019organisation de la 9e \u00e9dition du Prix Mohammed VI de l\u2019art de la calligraphie (Al Horoufia), pour laquelle les candidatures sont ouvertes du 20 f\u00e9vrier au 23 mai prochain. Cette comp\u00e9tition est organis\u00e9e conform\u00e9ment aux Hautes Orientations de SM le Roi Mohammed VI, Amir &hellip;\" \/>\n<meta property=\"og:url\" content=\"https:\/\/dpress.ma\/fr\/2025\/02\/22\/organisation-de-la-9e-edition-du-prix-mohammed-vi-de-lart-de-la-calligraphie\/\" \/>\n<meta property=\"og:site_name\" content=\"Dpress.ma\/fr\" \/>\n<meta property=\"article:published_time\" content=\"2025-02-22T08:58:11+00:00\" \/>\n<meta property=\"article:modified_time\" content=\"2025-02-22T08:58:13+00:00\" \/>\n<meta property=\"og:image\" content=\"https:\/\/dpress.ma\/fr\/wp-content\/uploads\/sites\/2\/2025\/02\/dprees-dim-54.png\" \/>\n\t<meta property=\"og:image:width\" content=\"780\" \/>\n\t<meta property=\"og:image:height\" content=\"470\" \/>\n\t<meta property=\"og:image:type\" content=\"image\/png\" \/>\n<meta name=\"author\" content=\"Dpress.ma\" \/>\n<meta name=\"twitter:card\" content=\"summary_large_image\" \/>\n<meta name=\"twitter:label1\" content=\"\u00c9crit par\" \/>\n\t<meta name=\"twitter:data1\" content=\"Dpress.ma\" \/>\n\t<meta name=\"twitter:label2\" content=\"Dur\u00e9e de lecture estim\u00e9e\" \/>\n\t<meta name=\"twitter:data2\" content=\"2 minutes\" \/>\n<script type=\"application\/ld+json\" class=\"yoast-schema-graph\">{\"@context\":\"https:\\\/\\\/schema.org\",\"@graph\":[{\"@type\":\"Article\",\"@id\":\"https:\\\/\\\/dpress.ma\\\/fr\\\/2025\\\/02\\\/22\\\/organisation-de-la-9e-edition-du-prix-mohammed-vi-de-lart-de-la-calligraphie\\\/#article\",\"isPartOf\":{\"@id\":\"https:\\\/\\\/dpress.ma\\\/fr\\\/2025\\\/02\\\/22\\\/organisation-de-la-9e-edition-du-prix-mohammed-vi-de-lart-de-la-calligraphie\\\/\"},\"author\":{\"name\":\"Dpress.ma\",\"@id\":\"https:\\\/\\\/dpress.ma\\\/fr\\\/#\\\/schema\\\/person\\\/4898febf3ccd59e6578d838656a306a0\"},\"headline\":\"Organisation de la 9e \u00e9dition du Prix Mohammed VI de l\u2019art de la calligraphie\",\"datePublished\":\"2025-02-22T08:58:11+00:00\",\"dateModified\":\"2025-02-22T08:58:13+00:00\",\"mainEntityOfPage\":{\"@id\":\"https:\\\/\\\/dpress.ma\\\/fr\\\/2025\\\/02\\\/22\\\/organisation-de-la-9e-edition-du-prix-mohammed-vi-de-lart-de-la-calligraphie\\\/\"},\"wordCount\":289,\"commentCount\":0,\"image\":{\"@id\":\"https:\\\/\\\/dpress.ma\\\/fr\\\/2025\\\/02\\\/22\\\/organisation-de-la-9e-edition-du-prix-mohammed-vi-de-lart-de-la-calligraphie\\\/#primaryimage\"},\"thumbnailUrl\":\"https:\\\/\\\/dpress.ma\\\/fr\\\/wp-content\\\/uploads\\\/sites\\\/2\\\/2025\\\/02\\\/dprees-dim-54.png\",\"articleSection\":[\"societe et regions\"],\"inLanguage\":\"fr-FR\",\"potentialAction\":[{\"@type\":\"CommentAction\",\"name\":\"Comment\",\"target\":[\"https:\\\/\\\/dpress.ma\\\/fr\\\/2025\\\/02\\\/22\\\/organisation-de-la-9e-edition-du-prix-mohammed-vi-de-lart-de-la-calligraphie\\\/#respond\"]}]},{\"@type\":\"WebPage\",\"@id\":\"https:\\\/\\\/dpress.ma\\\/fr\\\/2025\\\/02\\\/22\\\/organisation-de-la-9e-edition-du-prix-mohammed-vi-de-lart-de-la-calligraphie\\\/\",\"url\":\"https:\\\/\\\/dpress.ma\\\/fr\\\/2025\\\/02\\\/22\\\/organisation-de-la-9e-edition-du-prix-mohammed-vi-de-lart-de-la-calligraphie\\\/\",\"name\":\"Organisation de la 9e \u00e9dition du Prix Mohammed VI de l\u2019art de la calligraphie - Dpress.ma\\\/fr\",\"isPartOf\":{\"@id\":\"https:\\\/\\\/dpress.ma\\\/fr\\\/#website\"},\"primaryImageOfPage\":{\"@id\":\"https:\\\/\\\/dpress.ma\\\/fr\\\/2025\\\/02\\\/22\\\/organisation-de-la-9e-edition-du-prix-mohammed-vi-de-lart-de-la-calligraphie\\\/#primaryimage\"},\"image\":{\"@id\":\"https:\\\/\\\/dpress.ma\\\/fr\\\/2025\\\/02\\\/22\\\/organisation-de-la-9e-edition-du-prix-mohammed-vi-de-lart-de-la-calligraphie\\\/#primaryimage\"},\"thumbnailUrl\":\"https:\\\/\\\/dpress.ma\\\/fr\\\/wp-content\\\/uploads\\\/sites\\\/2\\\/2025\\\/02\\\/dprees-dim-54.png\",\"datePublished\":\"2025-02-22T08:58:11+00:00\",\"dateModified\":\"2025-02-22T08:58:13+00:00\",\"author\":{\"@id\":\"https:\\\/\\\/dpress.ma\\\/fr\\\/#\\\/schema\\\/person\\\/4898febf3ccd59e6578d838656a306a0\"},\"breadcrumb\":{\"@id\":\"https:\\\/\\\/dpress.ma\\\/fr\\\/2025\\\/02\\\/22\\\/organisation-de-la-9e-edition-du-prix-mohammed-vi-de-lart-de-la-calligraphie\\\/#breadcrumb\"},\"inLanguage\":\"fr-FR\",\"potentialAction\":[{\"@type\":\"ReadAction\",\"target\":[\"https:\\\/\\\/dpress.ma\\\/fr\\\/2025\\\/02\\\/22\\\/organisation-de-la-9e-edition-du-prix-mohammed-vi-de-lart-de-la-calligraphie\\\/\"]}]},{\"@type\":\"ImageObject\",\"inLanguage\":\"fr-FR\",\"@id\":\"https:\\\/\\\/dpress.ma\\\/fr\\\/2025\\\/02\\\/22\\\/organisation-de-la-9e-edition-du-prix-mohammed-vi-de-lart-de-la-calligraphie\\\/#primaryimage\",\"url\":\"https:\\\/\\\/dpress.ma\\\/fr\\\/wp-content\\\/uploads\\\/sites\\\/2\\\/2025\\\/02\\\/dprees-dim-54.png\",\"contentUrl\":\"https:\\\/\\\/dpress.ma\\\/fr\\\/wp-content\\\/uploads\\\/sites\\\/2\\\/2025\\\/02\\\/dprees-dim-54.png\",\"width\":780,\"height\":470},{\"@type\":\"BreadcrumbList\",\"@id\":\"https:\\\/\\\/dpress.ma\\\/fr\\\/2025\\\/02\\\/22\\\/organisation-de-la-9e-edition-du-prix-mohammed-vi-de-lart-de-la-calligraphie\\\/#breadcrumb\",\"itemListElement\":[{\"@type\":\"ListItem\",\"position\":1,\"name\":\"Home\",\"item\":\"https:\\\/\\\/dpress.ma\\\/fr\\\/\"},{\"@type\":\"ListItem\",\"position\":2,\"name\":\"Organisation de la 9e \u00e9dition du Prix Mohammed VI de l\u2019art de la calligraphie\"}]},{\"@type\":\"WebSite\",\"@id\":\"https:\\\/\\\/dpress.ma\\\/fr\\\/#website\",\"url\":\"https:\\\/\\\/dpress.ma\\\/fr\\\/\",\"name\":\"Dpress.ma\\\/fr\",\"description\":\"\",\"potentialAction\":[{\"@type\":\"SearchAction\",\"target\":{\"@type\":\"EntryPoint\",\"urlTemplate\":\"https:\\\/\\\/dpress.ma\\\/fr\\\/?s={search_term_string}\"},\"query-input\":{\"@type\":\"PropertyValueSpecification\",\"valueRequired\":true,\"valueName\":\"search_term_string\"}}],\"inLanguage\":\"fr-FR\"},{\"@type\":\"Person\",\"@id\":\"https:\\\/\\\/dpress.ma\\\/fr\\\/#\\\/schema\\\/person\\\/4898febf3ccd59e6578d838656a306a0\",\"name\":\"Dpress.ma\",\"image\":{\"@type\":\"ImageObject\",\"inLanguage\":\"fr-FR\",\"@id\":\"https:\\\/\\\/secure.gravatar.com\\\/avatar\\\/72ecc30e9db047a2e0e7176561eb9d564ed77c8108376495b19bd8336405198a?s=96&d=mm&r=g\",\"url\":\"https:\\\/\\\/secure.gravatar.com\\\/avatar\\\/72ecc30e9db047a2e0e7176561eb9d564ed77c8108376495b19bd8336405198a?s=96&d=mm&r=g\",\"contentUrl\":\"https:\\\/\\\/secure.gravatar.com\\\/avatar\\\/72ecc30e9db047a2e0e7176561eb9d564ed77c8108376495b19bd8336405198a?s=96&d=mm&r=g\",\"caption\":\"Dpress.ma\"},\"sameAs\":[\"https:\\\/\\\/www.dpress.ma\"],\"url\":\"https:\\\/\\\/dpress.ma\\\/fr\\\/author\\\/dpress-ma\\\/\"}]}<\/script>\n<!-- \/ Yoast SEO plugin. -->","yoast_head_json":{"title":"Organisation de la 9e \u00e9dition du Prix Mohammed VI de l\u2019art de la calligraphie - Dpress.ma\/fr","robots":{"index":"index","follow":"follow","max-snippet":"max-snippet:-1","max-image-preview":"max-image-preview:large","max-video-preview":"max-video-preview:-1"},"canonical":"https:\/\/dpress.ma\/fr\/2025\/02\/22\/organisation-de-la-9e-edition-du-prix-mohammed-vi-de-lart-de-la-calligraphie\/","og_locale":"fr_FR","og_type":"article","og_title":"Organisation de la 9e \u00e9dition du Prix Mohammed VI de l\u2019art de la calligraphie - Dpress.ma\/fr","og_description":"dpress Le minist\u00e8re des Habous et des Affaires islamiques a annonc\u00e9 l\u2019organisation de la 9e \u00e9dition du Prix Mohammed VI de l\u2019art de la calligraphie (Al Horoufia), pour laquelle les candidatures sont ouvertes du 20 f\u00e9vrier au 23 mai prochain. Cette comp\u00e9tition est organis\u00e9e conform\u00e9ment aux Hautes Orientations de SM le Roi Mohammed VI, Amir &hellip;","og_url":"https:\/\/dpress.ma\/fr\/2025\/02\/22\/organisation-de-la-9e-edition-du-prix-mohammed-vi-de-lart-de-la-calligraphie\/","og_site_name":"Dpress.ma\/fr","article_published_time":"2025-02-22T08:58:11+00:00","article_modified_time":"2025-02-22T08:58:13+00:00","og_image":[{"width":780,"height":470,"url":"https:\/\/dpress.ma\/fr\/wp-content\/uploads\/sites\/2\/2025\/02\/dprees-dim-54.png","type":"image\/png"}],"author":"Dpress.ma","twitter_card":"summary_large_image","twitter_misc":{"\u00c9crit par":"Dpress.ma","Dur\u00e9e de lecture estim\u00e9e":"2 minutes"},"schema":{"@context":"https:\/\/schema.org","@graph":[{"@type":"Article","@id":"https:\/\/dpress.ma\/fr\/2025\/02\/22\/organisation-de-la-9e-edition-du-prix-mohammed-vi-de-lart-de-la-calligraphie\/#article","isPartOf":{"@id":"https:\/\/dpress.ma\/fr\/2025\/02\/22\/organisation-de-la-9e-edition-du-prix-mohammed-vi-de-lart-de-la-calligraphie\/"},"author":{"name":"Dpress.ma","@id":"https:\/\/dpress.ma\/fr\/#\/schema\/person\/4898febf3ccd59e6578d838656a306a0"},"headline":"Organisation de la 9e \u00e9dition du Prix Mohammed VI de l\u2019art de la calligraphie","datePublished":"2025-02-22T08:58:11+00:00","dateModified":"2025-02-22T08:58:13+00:00","mainEntityOfPage":{"@id":"https:\/\/dpress.ma\/fr\/2025\/02\/22\/organisation-de-la-9e-edition-du-prix-mohammed-vi-de-lart-de-la-calligraphie\/"},"wordCount":289,"commentCount":0,"image":{"@id":"https:\/\/dpress.ma\/fr\/2025\/02\/22\/organisation-de-la-9e-edition-du-prix-mohammed-vi-de-lart-de-la-calligraphie\/#primaryimage"},"thumbnailUrl":"https:\/\/dpress.ma\/fr\/wp-content\/uploads\/sites\/2\/2025\/02\/dprees-dim-54.png","articleSection":["societe et regions"],"inLanguage":"fr-FR","potentialAction":[{"@type":"CommentAction","name":"Comment","target":["https:\/\/dpress.ma\/fr\/2025\/02\/22\/organisation-de-la-9e-edition-du-prix-mohammed-vi-de-lart-de-la-calligraphie\/#respond"]}]},{"@type":"WebPage","@id":"https:\/\/dpress.ma\/fr\/2025\/02\/22\/organisation-de-la-9e-edition-du-prix-mohammed-vi-de-lart-de-la-calligraphie\/","url":"https:\/\/dpress.ma\/fr\/2025\/02\/22\/organisation-de-la-9e-edition-du-prix-mohammed-vi-de-lart-de-la-calligraphie\/","name":"Organisation de la 9e \u00e9dition du Prix Mohammed VI de l\u2019art de la calligraphie - Dpress.ma\/fr","isPartOf":{"@id":"https:\/\/dpress.ma\/fr\/#website"},"primaryImageOfPage":{"@id":"https:\/\/dpress.ma\/fr\/2025\/02\/22\/organisation-de-la-9e-edition-du-prix-mohammed-vi-de-lart-de-la-calligraphie\/#primaryimage"},"image":{"@id":"https:\/\/dpress.ma\/fr\/2025\/02\/22\/organisation-de-la-9e-edition-du-prix-mohammed-vi-de-lart-de-la-calligraphie\/#primaryimage"},"thumbnailUrl":"https:\/\/dpress.ma\/fr\/wp-content\/uploads\/sites\/2\/2025\/02\/dprees-dim-54.png","datePublished":"2025-02-22T08:58:11+00:00","dateModified":"2025-02-22T08:58:13+00:00","author":{"@id":"https:\/\/dpress.ma\/fr\/#\/schema\/person\/4898febf3ccd59e6578d838656a306a0"},"breadcrumb":{"@id":"https:\/\/dpress.ma\/fr\/2025\/02\/22\/organisation-de-la-9e-edition-du-prix-mohammed-vi-de-lart-de-la-calligraphie\/#breadcrumb"},"inLanguage":"fr-FR","potentialAction":[{"@type":"ReadAction","target":["https:\/\/dpress.ma\/fr\/2025\/02\/22\/organisation-de-la-9e-edition-du-prix-mohammed-vi-de-lart-de-la-calligraphie\/"]}]},{"@type":"ImageObject","inLanguage":"fr-FR","@id":"https:\/\/dpress.ma\/fr\/2025\/02\/22\/organisation-de-la-9e-edition-du-prix-mohammed-vi-de-lart-de-la-calligraphie\/#primaryimage","url":"https:\/\/dpress.ma\/fr\/wp-content\/uploads\/sites\/2\/2025\/02\/dprees-dim-54.png","contentUrl":"https:\/\/dpress.ma\/fr\/wp-content\/uploads\/sites\/2\/2025\/02\/dprees-dim-54.png","width":780,"height":470},{"@type":"BreadcrumbList","@id":"https:\/\/dpress.ma\/fr\/2025\/02\/22\/organisation-de-la-9e-edition-du-prix-mohammed-vi-de-lart-de-la-calligraphie\/#breadcrumb","itemListElement":[{"@type":"ListItem","position":1,"name":"Home","item":"https:\/\/dpress.ma\/fr\/"},{"@type":"ListItem","position":2,"name":"Organisation de la 9e \u00e9dition du Prix Mohammed VI de l\u2019art de la calligraphie"}]},{"@type":"WebSite","@id":"https:\/\/dpress.ma\/fr\/#website","url":"https:\/\/dpress.ma\/fr\/","name":"Dpress.ma\/fr","description":"","potentialAction":[{"@type":"SearchAction","target":{"@type":"EntryPoint","urlTemplate":"https:\/\/dpress.ma\/fr\/?s={search_term_string}"},"query-input":{"@type":"PropertyValueSpecification","valueRequired":true,"valueName":"search_term_string"}}],"inLanguage":"fr-FR"},{"@type":"Person","@id":"https:\/\/dpress.ma\/fr\/#\/schema\/person\/4898febf3ccd59e6578d838656a306a0","name":"Dpress.ma","image":{"@type":"ImageObject","inLanguage":"fr-FR","@id":"https:\/\/secure.gravatar.com\/avatar\/72ecc30e9db047a2e0e7176561eb9d564ed77c8108376495b19bd8336405198a?s=96&d=mm&r=g","url":"https:\/\/secure.gravatar.com\/avatar\/72ecc30e9db047a2e0e7176561eb9d564ed77c8108376495b19bd8336405198a?s=96&d=mm&r=g","contentUrl":"https:\/\/secure.gravatar.com\/avatar\/72ecc30e9db047a2e0e7176561eb9d564ed77c8108376495b19bd8336405198a?s=96&d=mm&r=g","caption":"Dpress.ma"},"sameAs":["https:\/\/www.dpress.ma"],"url":"https:\/\/dpress.ma\/fr\/author\/dpress-ma\/"}]}},"amp_enabled":true,"_links":{"self":[{"href":"https:\/\/dpress.ma\/fr\/wp-json\/wp\/v2\/posts\/12783","targetHints":{"allow":["GET"]}}],"collection":[{"href":"https:\/\/dpress.ma\/fr\/wp-json\/wp\/v2\/posts"}],"about":[{"href":"https:\/\/dpress.ma\/fr\/wp-json\/wp\/v2\/types\/post"}],"author":[{"embeddable":true,"href":"https:\/\/dpress.ma\/fr\/wp-json\/wp\/v2\/users\/2"}],"replies":[{"embeddable":true,"href":"https:\/\/dpress.ma\/fr\/wp-json\/wp\/v2\/comments?post=12783"}],"version-history":[{"count":1,"href":"https:\/\/dpress.ma\/fr\/wp-json\/wp\/v2\/posts\/12783\/revisions"}],"predecessor-version":[{"id":12785,"href":"https:\/\/dpress.ma\/fr\/wp-json\/wp\/v2\/posts\/12783\/revisions\/12785"}],"wp:featuredmedia":[{"embeddable":true,"href":"https:\/\/dpress.ma\/fr\/wp-json\/wp\/v2\/media\/12784"}],"wp:attachment":[{"href":"https:\/\/dpress.ma\/fr\/wp-json\/wp\/v2\/media?parent=12783"}],"wp:term":[{"taxonomy":"category","embeddable":true,"href":"https:\/\/dpress.ma\/fr\/wp-json\/wp\/v2\/categories?post=12783"},{"taxonomy":"post_tag","embeddable":true,"href":"https:\/\/dpress.ma\/fr\/wp-json\/wp\/v2\/tags?post=12783"}],"curies":[{"name":"wp","href":"https:\/\/api.w.org\/{rel}","templated":true}]}}