{"id":12780,"date":"2025-02-22T08:56:04","date_gmt":"2025-02-22T08:56:04","guid":{"rendered":"https:\/\/dpress.ma\/fr\/?p=12780"},"modified":"2025-02-22T08:56:05","modified_gmt":"2025-02-22T08:56:05","slug":"sar-la-princesse-lalla-asmaa-lance-la-3eme-edition-du-programme-unis-on-sentend-mieux-devant-beneficier-a-100-enfants-de-17-nations-dafrique-et-du-moyen-orient","status":"publish","type":"post","link":"https:\/\/dpress.ma\/fr\/2025\/02\/22\/sar-la-princesse-lalla-asmaa-lance-la-3eme-edition-du-programme-unis-on-sentend-mieux-devant-beneficier-a-100-enfants-de-17-nations-dafrique-et-du-moyen-orient\/","title":{"rendered":"SAR la Princesse Lalla Asmaa lance la 3\u00e8me \u00e9dition du programme \u201cUnis, on s\u2019entend mieux\u201d devant b\u00e9n\u00e9ficier \u00e0 100 enfants de 17 Nations d\u2019Afrique et du Moyen-Orient"},"content":{"rendered":"\n<p>dpress<\/p>\n\n\n\n<p>&nbsp;Son Altesse Royale la Princesse Lalla Asmaa, Pr\u00e9sidente de la Fondation Lalla Asmaa pour sourds et malentendants, a pr\u00e9sid\u00e9, jeudi \u00e0 l\u2019h\u00f4pital des Sp\u00e9cialit\u00e9s relevant du Centre Hospitalier Universitaire (CHU) Ibn Sina de Rabat, la c\u00e9r\u00e9monie de lancement de la troisi\u00e8me \u00e9dition du programme \u201cUnis, on s\u2019entend mieux\u201d.<\/p>\n\n\n\n<p>Cette op\u00e9ration, qui vise \u00e0 redonner l\u2019ou\u00efe \u00e0 100 enfants originaires de 17 Nations d\u2019Afrique et du Moyen-Orient (Palestine, Syrie, Liban), s\u2019inscrit en droite ligne de la Vision humaniste et solidaire de Sa Majest\u00e9 le Roi Mohammed VI, que Dieu L\u2019assiste, pour une coop\u00e9ration Sud-Sud forte et agissante.<\/p>\n\n\n\n<p>D\u00e9ploy\u00e9e au niveau de quatre villes, \u00e0 savoir Rabat, Casablanca, Marrakech et F\u00e8s, cette op\u00e9ration consiste en la greffe d\u2019implants cochl\u00e9aires aux enfants sourds b\u00e9n\u00e9ficiaires, permettant \u00e0 ces jeunes de d\u00e9couvrir le monde sonore, de communiquer, d\u2019apprendre et de s\u2019\u00e9panouir.<\/p>\n\n\n\n<p>Parall\u00e8lement aux interventions chirurgicales, 17 sp\u00e9cialistes ORL et 17 orthophonistes de chacun des pays participants b\u00e9n\u00e9ficieront d\u2019une formation de haut niveau \u00e0 la Facult\u00e9 de m\u00e9decine de Rabat et dans les Centres Hospitaliers partenaires, garantissant un relais m\u00e9dical efficace dans leur pays d\u2019origine.<\/p>\n\n\n\n<p>Une premi\u00e8re mondiale, cette initiative vise \u00e0 am\u00e9liorer durablement la qualit\u00e9 de vie des enfants malentendants et sourds et \u00e0 structurer un r\u00e9seau m\u00e9dical de haut niveau d\u00e9di\u00e9 \u00e0 l\u2019audiologie et \u00e0 la r\u00e9habilitation auditive en Afrique et au Moyen-Orient.<\/p>\n\n\n\n<p>Par ailleurs, pour la premi\u00e8re fois au Maroc, une dissection d\u2019un v\u00e9ritable rocher humain est r\u00e9alis\u00e9e dans le cadre de cette op\u00e9ration, marquant une avanc\u00e9e scientifique significative pour les sp\u00e9cialistes en audiologie et en otologie.<\/p>\n\n\n\n<p>SAR la Princesse Lalla Asmaa a, \u00e0 cette occasion, rendu visite aux enfants b\u00e9n\u00e9ficiaires du programme \u201cUnis, on s\u2019entend mieux\u201d, en pr\u00e9sence des ambassadeurs de leurs pays respectifs.<\/p>\n\n\n\n<p>Par la suite, Son Altesse Royale a pr\u00e9sid\u00e9 la c\u00e9r\u00e9monie de signature de trois conventions de partenariat. La premi\u00e8re, qui scelle une coop\u00e9ration \u00e9troite entre la Fondation Lalla Asmaa et le minist\u00e8re de la Sant\u00e9 et de la Protection Sociale et vise \u00e0 renforcer l\u2019infrastructure des Centres de diagnostic et de r\u00e9habilitation auditive, a \u00e9t\u00e9 sign\u00e9e par M. Karim Essakalli, Pr\u00e9sident d\u00e9l\u00e9gu\u00e9 de la Fondation Lalla Asmaa et M. Amine Tahraoui, ministre de la Sant\u00e9 et de la Protection sociale.<\/p>\n\n\n\n<p>La deuxi\u00e8me convention, conclue entre la Fondation Lalla Asmaa et le minist\u00e8re d\u00e9l\u00e9gu\u00e9 charg\u00e9 du Budget, garantit un soutien financier \u00e0 l\u2019extension du programme. Elle a \u00e9t\u00e9 sign\u00e9e par M. Karim Essakalli et M. Faouzi Lekjaa, ministre d\u00e9l\u00e9gu\u00e9 aupr\u00e8s de la ministre de l\u2019Economie et des Finances, charg\u00e9 du Budget.<\/p>\n\n\n\n<p>La troisi\u00e8me convention, pass\u00e9e entre la Fondation Lalla Asmaa et la Fondation diplomatique du Maroc, ambitionne de faciliter la coop\u00e9ration avec les pays partenaires. Elle a \u00e9t\u00e9 sign\u00e9e par M. Karim Essakalli et M. Abdelati Habek, Pr\u00e9sident de la Fondation diplomatique.<\/p>\n\n\n\n<p>A son arriv\u00e9e \u00e0 l\u2019h\u00f4pital des Sp\u00e9cialit\u00e9s, Son Altesse Royale a pass\u00e9 en revue une section des Forces Auxiliaires qui rendait les honneurs, avant d\u2019\u00eatre salu\u00e9e par le ministre de l\u2019Education nationale, du Pr\u00e9scolaire et des Sports, M. Mohamed Saad Berrada, le ministre de la Sant\u00e9 et de la Protection sociale, M. Amine Tahraoui, le ministre de l\u2019Enseignement sup\u00e9rieur, de la recherche scientifique et de l\u2019innovation, M. Azzedine El Midaoui, le ministre de la Jeunesse, de la Culture et de la Communication, M. Mohamed Mehdi Bensaid, la ministre de la Solidarit\u00e9, de l\u2019Insertion sociale et de la Famille, Mme Naima Ben Yahia, et le ministre d\u00e9l\u00e9gu\u00e9 aupr\u00e8s du ministre de l\u2019Economie et des Finances, charg\u00e9 du Budget, M. Faouzi Lekjaa, dont les d\u00e9partements sont des partenaires de la Fondation.<\/p>\n\n\n\n<p>SAR la Princesse Lalla Asmaa a \u00e9t\u00e9 \u00e9galement salu\u00e9e par le wali de la r\u00e9gion Rabat-Sal\u00e9-K\u00e9nitra, gouverneur de la pr\u00e9fecture de Rabat, M. Mohamed Yacoubi, le vice-pr\u00e9sident du Conseil r\u00e9gional, M. Aziz Hilali, la pr\u00e9sidente du conseil communal de Rabat, Mme Fatiha El Moudni, le pr\u00e9sident du Conseil pr\u00e9fectoral de Rabat, M. Abdelaziz Driouich, et le pr\u00e9sident du Conseil d\u2019arrondissement Agdal-Riad, M. Abdelilah El Idrissi El Bouzidi.<\/p>\n\n\n\n<p>Son Altesse Royale a aussi \u00e9t\u00e9 salu\u00e9e par le professeur Raouf Mouhsine, directeur g\u00e9n\u00e9ral du CHU Ibn Sina de Rabat, le professeur Yassir Arkha, directeur de l\u2019h\u00f4pital des Sp\u00e9cialit\u00e9s de Rabat, le professeur Abdeslam El Khamlichi, Pr\u00e9sident de la Fondation Hassan II pour la pr\u00e9vention et la lutte contre les maladies du syst\u00e8me nerveux, et M. Karim Essakalli, Pr\u00e9sident d\u00e9l\u00e9gu\u00e9 de la Fondation Lalla Asmaa.<\/p>\n","protected":false},"excerpt":{"rendered":"<p>dpress &nbsp;Son Altesse Royale la Princesse Lalla Asmaa, Pr\u00e9sidente de la Fondation Lalla Asmaa pour sourds et malentendants, a pr\u00e9sid\u00e9, jeudi \u00e0 l\u2019h\u00f4pital des Sp\u00e9cialit\u00e9s relevant du Centre Hospitalier Universitaire (CHU) Ibn Sina de Rabat, la c\u00e9r\u00e9monie de lancement de la troisi\u00e8me \u00e9dition du programme \u201cUnis, on s\u2019entend mieux\u201d. Cette op\u00e9ration, qui vise \u00e0 redonner &hellip;<\/p>\n","protected":false},"author":2,"featured_media":12781,"comment_status":"open","ping_status":"open","sticky":false,"template":"","format":"standard","meta":{"footnotes":""},"categories":[29],"tags":[],"class_list":["post-12780","post","type-post","status-publish","format-standard","has-post-thumbnail","hentry","category-activites-royales"],"yoast_head":"<!-- This site is optimized with the Yoast SEO plugin v27.5 - https:\/\/yoast.com\/product\/yoast-seo-wordpress\/ -->\n<title>SAR la Princesse Lalla Asmaa lance la 3\u00e8me \u00e9dition du programme \u201cUnis, on s\u2019entend mieux\u201d devant b\u00e9n\u00e9ficier \u00e0 100 enfants de 17 Nations d\u2019Afrique et du Moyen-Orient - Dpress.ma\/fr<\/title>\n<meta name=\"robots\" content=\"index, follow, max-snippet:-1, max-image-preview:large, max-video-preview:-1\" \/>\n<link rel=\"canonical\" href=\"https:\/\/dpress.ma\/fr\/2025\/02\/22\/sar-la-princesse-lalla-asmaa-lance-la-3eme-edition-du-programme-unis-on-sentend-mieux-devant-beneficier-a-100-enfants-de-17-nations-dafrique-et-du-moyen-orient\/\" \/>\n<meta property=\"og:locale\" content=\"fr_FR\" \/>\n<meta property=\"og:type\" content=\"article\" \/>\n<meta property=\"og:title\" content=\"SAR la Princesse Lalla Asmaa lance la 3\u00e8me \u00e9dition du programme \u201cUnis, on s\u2019entend mieux\u201d devant b\u00e9n\u00e9ficier \u00e0 100 enfants de 17 Nations d\u2019Afrique et du Moyen-Orient - Dpress.ma\/fr\" \/>\n<meta property=\"og:description\" content=\"dpress &nbsp;Son Altesse Royale la Princesse Lalla Asmaa, Pr\u00e9sidente de la Fondation Lalla Asmaa pour sourds et malentendants, a pr\u00e9sid\u00e9, jeudi \u00e0 l\u2019h\u00f4pital des Sp\u00e9cialit\u00e9s relevant du Centre Hospitalier Universitaire (CHU) Ibn Sina de Rabat, la c\u00e9r\u00e9monie de lancement de la troisi\u00e8me \u00e9dition du programme \u201cUnis, on s\u2019entend mieux\u201d. Cette op\u00e9ration, qui vise \u00e0 redonner &hellip;\" \/>\n<meta property=\"og:url\" content=\"https:\/\/dpress.ma\/fr\/2025\/02\/22\/sar-la-princesse-lalla-asmaa-lance-la-3eme-edition-du-programme-unis-on-sentend-mieux-devant-beneficier-a-100-enfants-de-17-nations-dafrique-et-du-moyen-orient\/\" \/>\n<meta property=\"og:site_name\" content=\"Dpress.ma\/fr\" \/>\n<meta property=\"article:published_time\" content=\"2025-02-22T08:56:04+00:00\" \/>\n<meta property=\"article:modified_time\" content=\"2025-02-22T08:56:05+00:00\" \/>\n<meta property=\"og:image\" content=\"https:\/\/dpress.ma\/fr\/wp-content\/uploads\/sites\/2\/2025\/02\/dprees-dim-53.png\" \/>\n\t<meta property=\"og:image:width\" content=\"780\" \/>\n\t<meta property=\"og:image:height\" content=\"470\" \/>\n\t<meta property=\"og:image:type\" content=\"image\/png\" \/>\n<meta name=\"author\" content=\"Dpress.ma\" \/>\n<meta name=\"twitter:card\" content=\"summary_large_image\" \/>\n<meta name=\"twitter:label1\" content=\"\u00c9crit par\" \/>\n\t<meta name=\"twitter:data1\" content=\"Dpress.ma\" \/>\n\t<meta name=\"twitter:label2\" content=\"Dur\u00e9e de lecture estim\u00e9e\" \/>\n\t<meta name=\"twitter:data2\" content=\"4 minutes\" \/>\n<script type=\"application\/ld+json\" class=\"yoast-schema-graph\">{\"@context\":\"https:\\\/\\\/schema.org\",\"@graph\":[{\"@type\":\"Article\",\"@id\":\"https:\\\/\\\/dpress.ma\\\/fr\\\/2025\\\/02\\\/22\\\/sar-la-princesse-lalla-asmaa-lance-la-3eme-edition-du-programme-unis-on-sentend-mieux-devant-beneficier-a-100-enfants-de-17-nations-dafrique-et-du-moyen-orient\\\/#article\",\"isPartOf\":{\"@id\":\"https:\\\/\\\/dpress.ma\\\/fr\\\/2025\\\/02\\\/22\\\/sar-la-princesse-lalla-asmaa-lance-la-3eme-edition-du-programme-unis-on-sentend-mieux-devant-beneficier-a-100-enfants-de-17-nations-dafrique-et-du-moyen-orient\\\/\"},\"author\":{\"name\":\"Dpress.ma\",\"@id\":\"https:\\\/\\\/dpress.ma\\\/fr\\\/#\\\/schema\\\/person\\\/4898febf3ccd59e6578d838656a306a0\"},\"headline\":\"SAR la Princesse Lalla Asmaa lance la 3\u00e8me \u00e9dition du programme \u201cUnis, on s\u2019entend mieux\u201d devant b\u00e9n\u00e9ficier \u00e0 100 enfants de 17 Nations d\u2019Afrique et du Moyen-Orient\",\"datePublished\":\"2025-02-22T08:56:04+00:00\",\"dateModified\":\"2025-02-22T08:56:05+00:00\",\"mainEntityOfPage\":{\"@id\":\"https:\\\/\\\/dpress.ma\\\/fr\\\/2025\\\/02\\\/22\\\/sar-la-princesse-lalla-asmaa-lance-la-3eme-edition-du-programme-unis-on-sentend-mieux-devant-beneficier-a-100-enfants-de-17-nations-dafrique-et-du-moyen-orient\\\/\"},\"wordCount\":851,\"commentCount\":0,\"image\":{\"@id\":\"https:\\\/\\\/dpress.ma\\\/fr\\\/2025\\\/02\\\/22\\\/sar-la-princesse-lalla-asmaa-lance-la-3eme-edition-du-programme-unis-on-sentend-mieux-devant-beneficier-a-100-enfants-de-17-nations-dafrique-et-du-moyen-orient\\\/#primaryimage\"},\"thumbnailUrl\":\"https:\\\/\\\/dpress.ma\\\/fr\\\/wp-content\\\/uploads\\\/sites\\\/2\\\/2025\\\/02\\\/dprees-dim-53.png\",\"articleSection\":[\"Activit\u00e9s Royales\"],\"inLanguage\":\"fr-FR\",\"potentialAction\":[{\"@type\":\"CommentAction\",\"name\":\"Comment\",\"target\":[\"https:\\\/\\\/dpress.ma\\\/fr\\\/2025\\\/02\\\/22\\\/sar-la-princesse-lalla-asmaa-lance-la-3eme-edition-du-programme-unis-on-sentend-mieux-devant-beneficier-a-100-enfants-de-17-nations-dafrique-et-du-moyen-orient\\\/#respond\"]}]},{\"@type\":\"WebPage\",\"@id\":\"https:\\\/\\\/dpress.ma\\\/fr\\\/2025\\\/02\\\/22\\\/sar-la-princesse-lalla-asmaa-lance-la-3eme-edition-du-programme-unis-on-sentend-mieux-devant-beneficier-a-100-enfants-de-17-nations-dafrique-et-du-moyen-orient\\\/\",\"url\":\"https:\\\/\\\/dpress.ma\\\/fr\\\/2025\\\/02\\\/22\\\/sar-la-princesse-lalla-asmaa-lance-la-3eme-edition-du-programme-unis-on-sentend-mieux-devant-beneficier-a-100-enfants-de-17-nations-dafrique-et-du-moyen-orient\\\/\",\"name\":\"SAR la Princesse Lalla Asmaa lance la 3\u00e8me \u00e9dition du programme \u201cUnis, on s\u2019entend mieux\u201d devant b\u00e9n\u00e9ficier \u00e0 100 enfants de 17 Nations d\u2019Afrique et du Moyen-Orient - Dpress.ma\\\/fr\",\"isPartOf\":{\"@id\":\"https:\\\/\\\/dpress.ma\\\/fr\\\/#website\"},\"primaryImageOfPage\":{\"@id\":\"https:\\\/\\\/dpress.ma\\\/fr\\\/2025\\\/02\\\/22\\\/sar-la-princesse-lalla-asmaa-lance-la-3eme-edition-du-programme-unis-on-sentend-mieux-devant-beneficier-a-100-enfants-de-17-nations-dafrique-et-du-moyen-orient\\\/#primaryimage\"},\"image\":{\"@id\":\"https:\\\/\\\/dpress.ma\\\/fr\\\/2025\\\/02\\\/22\\\/sar-la-princesse-lalla-asmaa-lance-la-3eme-edition-du-programme-unis-on-sentend-mieux-devant-beneficier-a-100-enfants-de-17-nations-dafrique-et-du-moyen-orient\\\/#primaryimage\"},\"thumbnailUrl\":\"https:\\\/\\\/dpress.ma\\\/fr\\\/wp-content\\\/uploads\\\/sites\\\/2\\\/2025\\\/02\\\/dprees-dim-53.png\",\"datePublished\":\"2025-02-22T08:56:04+00:00\",\"dateModified\":\"2025-02-22T08:56:05+00:00\",\"author\":{\"@id\":\"https:\\\/\\\/dpress.ma\\\/fr\\\/#\\\/schema\\\/person\\\/4898febf3ccd59e6578d838656a306a0\"},\"breadcrumb\":{\"@id\":\"https:\\\/\\\/dpress.ma\\\/fr\\\/2025\\\/02\\\/22\\\/sar-la-princesse-lalla-asmaa-lance-la-3eme-edition-du-programme-unis-on-sentend-mieux-devant-beneficier-a-100-enfants-de-17-nations-dafrique-et-du-moyen-orient\\\/#breadcrumb\"},\"inLanguage\":\"fr-FR\",\"potentialAction\":[{\"@type\":\"ReadAction\",\"target\":[\"https:\\\/\\\/dpress.ma\\\/fr\\\/2025\\\/02\\\/22\\\/sar-la-princesse-lalla-asmaa-lance-la-3eme-edition-du-programme-unis-on-sentend-mieux-devant-beneficier-a-100-enfants-de-17-nations-dafrique-et-du-moyen-orient\\\/\"]}]},{\"@type\":\"ImageObject\",\"inLanguage\":\"fr-FR\",\"@id\":\"https:\\\/\\\/dpress.ma\\\/fr\\\/2025\\\/02\\\/22\\\/sar-la-princesse-lalla-asmaa-lance-la-3eme-edition-du-programme-unis-on-sentend-mieux-devant-beneficier-a-100-enfants-de-17-nations-dafrique-et-du-moyen-orient\\\/#primaryimage\",\"url\":\"https:\\\/\\\/dpress.ma\\\/fr\\\/wp-content\\\/uploads\\\/sites\\\/2\\\/2025\\\/02\\\/dprees-dim-53.png\",\"contentUrl\":\"https:\\\/\\\/dpress.ma\\\/fr\\\/wp-content\\\/uploads\\\/sites\\\/2\\\/2025\\\/02\\\/dprees-dim-53.png\",\"width\":780,\"height\":470},{\"@type\":\"BreadcrumbList\",\"@id\":\"https:\\\/\\\/dpress.ma\\\/fr\\\/2025\\\/02\\\/22\\\/sar-la-princesse-lalla-asmaa-lance-la-3eme-edition-du-programme-unis-on-sentend-mieux-devant-beneficier-a-100-enfants-de-17-nations-dafrique-et-du-moyen-orient\\\/#breadcrumb\",\"itemListElement\":[{\"@type\":\"ListItem\",\"position\":1,\"name\":\"Home\",\"item\":\"https:\\\/\\\/dpress.ma\\\/fr\\\/\"},{\"@type\":\"ListItem\",\"position\":2,\"name\":\"SAR la Princesse Lalla Asmaa lance la 3\u00e8me \u00e9dition du programme \u201cUnis, on s\u2019entend mieux\u201d devant b\u00e9n\u00e9ficier \u00e0 100 enfants de 17 Nations d\u2019Afrique et du Moyen-Orient\"}]},{\"@type\":\"WebSite\",\"@id\":\"https:\\\/\\\/dpress.ma\\\/fr\\\/#website\",\"url\":\"https:\\\/\\\/dpress.ma\\\/fr\\\/\",\"name\":\"Dpress.ma\\\/fr\",\"description\":\"\",\"potentialAction\":[{\"@type\":\"SearchAction\",\"target\":{\"@type\":\"EntryPoint\",\"urlTemplate\":\"https:\\\/\\\/dpress.ma\\\/fr\\\/?s={search_term_string}\"},\"query-input\":{\"@type\":\"PropertyValueSpecification\",\"valueRequired\":true,\"valueName\":\"search_term_string\"}}],\"inLanguage\":\"fr-FR\"},{\"@type\":\"Person\",\"@id\":\"https:\\\/\\\/dpress.ma\\\/fr\\\/#\\\/schema\\\/person\\\/4898febf3ccd59e6578d838656a306a0\",\"name\":\"Dpress.ma\",\"image\":{\"@type\":\"ImageObject\",\"inLanguage\":\"fr-FR\",\"@id\":\"https:\\\/\\\/secure.gravatar.com\\\/avatar\\\/72ecc30e9db047a2e0e7176561eb9d564ed77c8108376495b19bd8336405198a?s=96&d=mm&r=g\",\"url\":\"https:\\\/\\\/secure.gravatar.com\\\/avatar\\\/72ecc30e9db047a2e0e7176561eb9d564ed77c8108376495b19bd8336405198a?s=96&d=mm&r=g\",\"contentUrl\":\"https:\\\/\\\/secure.gravatar.com\\\/avatar\\\/72ecc30e9db047a2e0e7176561eb9d564ed77c8108376495b19bd8336405198a?s=96&d=mm&r=g\",\"caption\":\"Dpress.ma\"},\"sameAs\":[\"https:\\\/\\\/www.dpress.ma\"],\"url\":\"https:\\\/\\\/dpress.ma\\\/fr\\\/author\\\/dpress-ma\\\/\"}]}<\/script>\n<!-- \/ Yoast SEO plugin. -->","yoast_head_json":{"title":"SAR la Princesse Lalla Asmaa lance la 3\u00e8me \u00e9dition du programme \u201cUnis, on s\u2019entend mieux\u201d devant b\u00e9n\u00e9ficier \u00e0 100 enfants de 17 Nations d\u2019Afrique et du Moyen-Orient - Dpress.ma\/fr","robots":{"index":"index","follow":"follow","max-snippet":"max-snippet:-1","max-image-preview":"max-image-preview:large","max-video-preview":"max-video-preview:-1"},"canonical":"https:\/\/dpress.ma\/fr\/2025\/02\/22\/sar-la-princesse-lalla-asmaa-lance-la-3eme-edition-du-programme-unis-on-sentend-mieux-devant-beneficier-a-100-enfants-de-17-nations-dafrique-et-du-moyen-orient\/","og_locale":"fr_FR","og_type":"article","og_title":"SAR la Princesse Lalla Asmaa lance la 3\u00e8me \u00e9dition du programme \u201cUnis, on s\u2019entend mieux\u201d devant b\u00e9n\u00e9ficier \u00e0 100 enfants de 17 Nations d\u2019Afrique et du Moyen-Orient - Dpress.ma\/fr","og_description":"dpress &nbsp;Son Altesse Royale la Princesse Lalla Asmaa, Pr\u00e9sidente de la Fondation Lalla Asmaa pour sourds et malentendants, a pr\u00e9sid\u00e9, jeudi \u00e0 l\u2019h\u00f4pital des Sp\u00e9cialit\u00e9s relevant du Centre Hospitalier Universitaire (CHU) Ibn Sina de Rabat, la c\u00e9r\u00e9monie de lancement de la troisi\u00e8me \u00e9dition du programme \u201cUnis, on s\u2019entend mieux\u201d. Cette op\u00e9ration, qui vise \u00e0 redonner &hellip;","og_url":"https:\/\/dpress.ma\/fr\/2025\/02\/22\/sar-la-princesse-lalla-asmaa-lance-la-3eme-edition-du-programme-unis-on-sentend-mieux-devant-beneficier-a-100-enfants-de-17-nations-dafrique-et-du-moyen-orient\/","og_site_name":"Dpress.ma\/fr","article_published_time":"2025-02-22T08:56:04+00:00","article_modified_time":"2025-02-22T08:56:05+00:00","og_image":[{"width":780,"height":470,"url":"https:\/\/dpress.ma\/fr\/wp-content\/uploads\/sites\/2\/2025\/02\/dprees-dim-53.png","type":"image\/png"}],"author":"Dpress.ma","twitter_card":"summary_large_image","twitter_misc":{"\u00c9crit par":"Dpress.ma","Dur\u00e9e de lecture estim\u00e9e":"4 minutes"},"schema":{"@context":"https:\/\/schema.org","@graph":[{"@type":"Article","@id":"https:\/\/dpress.ma\/fr\/2025\/02\/22\/sar-la-princesse-lalla-asmaa-lance-la-3eme-edition-du-programme-unis-on-sentend-mieux-devant-beneficier-a-100-enfants-de-17-nations-dafrique-et-du-moyen-orient\/#article","isPartOf":{"@id":"https:\/\/dpress.ma\/fr\/2025\/02\/22\/sar-la-princesse-lalla-asmaa-lance-la-3eme-edition-du-programme-unis-on-sentend-mieux-devant-beneficier-a-100-enfants-de-17-nations-dafrique-et-du-moyen-orient\/"},"author":{"name":"Dpress.ma","@id":"https:\/\/dpress.ma\/fr\/#\/schema\/person\/4898febf3ccd59e6578d838656a306a0"},"headline":"SAR la Princesse Lalla Asmaa lance la 3\u00e8me \u00e9dition du programme \u201cUnis, on s\u2019entend mieux\u201d devant b\u00e9n\u00e9ficier \u00e0 100 enfants de 17 Nations d\u2019Afrique et du Moyen-Orient","datePublished":"2025-02-22T08:56:04+00:00","dateModified":"2025-02-22T08:56:05+00:00","mainEntityOfPage":{"@id":"https:\/\/dpress.ma\/fr\/2025\/02\/22\/sar-la-princesse-lalla-asmaa-lance-la-3eme-edition-du-programme-unis-on-sentend-mieux-devant-beneficier-a-100-enfants-de-17-nations-dafrique-et-du-moyen-orient\/"},"wordCount":851,"commentCount":0,"image":{"@id":"https:\/\/dpress.ma\/fr\/2025\/02\/22\/sar-la-princesse-lalla-asmaa-lance-la-3eme-edition-du-programme-unis-on-sentend-mieux-devant-beneficier-a-100-enfants-de-17-nations-dafrique-et-du-moyen-orient\/#primaryimage"},"thumbnailUrl":"https:\/\/dpress.ma\/fr\/wp-content\/uploads\/sites\/2\/2025\/02\/dprees-dim-53.png","articleSection":["Activit\u00e9s Royales"],"inLanguage":"fr-FR","potentialAction":[{"@type":"CommentAction","name":"Comment","target":["https:\/\/dpress.ma\/fr\/2025\/02\/22\/sar-la-princesse-lalla-asmaa-lance-la-3eme-edition-du-programme-unis-on-sentend-mieux-devant-beneficier-a-100-enfants-de-17-nations-dafrique-et-du-moyen-orient\/#respond"]}]},{"@type":"WebPage","@id":"https:\/\/dpress.ma\/fr\/2025\/02\/22\/sar-la-princesse-lalla-asmaa-lance-la-3eme-edition-du-programme-unis-on-sentend-mieux-devant-beneficier-a-100-enfants-de-17-nations-dafrique-et-du-moyen-orient\/","url":"https:\/\/dpress.ma\/fr\/2025\/02\/22\/sar-la-princesse-lalla-asmaa-lance-la-3eme-edition-du-programme-unis-on-sentend-mieux-devant-beneficier-a-100-enfants-de-17-nations-dafrique-et-du-moyen-orient\/","name":"SAR la Princesse Lalla Asmaa lance la 3\u00e8me \u00e9dition du programme \u201cUnis, on s\u2019entend mieux\u201d devant b\u00e9n\u00e9ficier \u00e0 100 enfants de 17 Nations d\u2019Afrique et du Moyen-Orient - Dpress.ma\/fr","isPartOf":{"@id":"https:\/\/dpress.ma\/fr\/#website"},"primaryImageOfPage":{"@id":"https:\/\/dpress.ma\/fr\/2025\/02\/22\/sar-la-princesse-lalla-asmaa-lance-la-3eme-edition-du-programme-unis-on-sentend-mieux-devant-beneficier-a-100-enfants-de-17-nations-dafrique-et-du-moyen-orient\/#primaryimage"},"image":{"@id":"https:\/\/dpress.ma\/fr\/2025\/02\/22\/sar-la-princesse-lalla-asmaa-lance-la-3eme-edition-du-programme-unis-on-sentend-mieux-devant-beneficier-a-100-enfants-de-17-nations-dafrique-et-du-moyen-orient\/#primaryimage"},"thumbnailUrl":"https:\/\/dpress.ma\/fr\/wp-content\/uploads\/sites\/2\/2025\/02\/dprees-dim-53.png","datePublished":"2025-02-22T08:56:04+00:00","dateModified":"2025-02-22T08:56:05+00:00","author":{"@id":"https:\/\/dpress.ma\/fr\/#\/schema\/person\/4898febf3ccd59e6578d838656a306a0"},"breadcrumb":{"@id":"https:\/\/dpress.ma\/fr\/2025\/02\/22\/sar-la-princesse-lalla-asmaa-lance-la-3eme-edition-du-programme-unis-on-sentend-mieux-devant-beneficier-a-100-enfants-de-17-nations-dafrique-et-du-moyen-orient\/#breadcrumb"},"inLanguage":"fr-FR","potentialAction":[{"@type":"ReadAction","target":["https:\/\/dpress.ma\/fr\/2025\/02\/22\/sar-la-princesse-lalla-asmaa-lance-la-3eme-edition-du-programme-unis-on-sentend-mieux-devant-beneficier-a-100-enfants-de-17-nations-dafrique-et-du-moyen-orient\/"]}]},{"@type":"ImageObject","inLanguage":"fr-FR","@id":"https:\/\/dpress.ma\/fr\/2025\/02\/22\/sar-la-princesse-lalla-asmaa-lance-la-3eme-edition-du-programme-unis-on-sentend-mieux-devant-beneficier-a-100-enfants-de-17-nations-dafrique-et-du-moyen-orient\/#primaryimage","url":"https:\/\/dpress.ma\/fr\/wp-content\/uploads\/sites\/2\/2025\/02\/dprees-dim-53.png","contentUrl":"https:\/\/dpress.ma\/fr\/wp-content\/uploads\/sites\/2\/2025\/02\/dprees-dim-53.png","width":780,"height":470},{"@type":"BreadcrumbList","@id":"https:\/\/dpress.ma\/fr\/2025\/02\/22\/sar-la-princesse-lalla-asmaa-lance-la-3eme-edition-du-programme-unis-on-sentend-mieux-devant-beneficier-a-100-enfants-de-17-nations-dafrique-et-du-moyen-orient\/#breadcrumb","itemListElement":[{"@type":"ListItem","position":1,"name":"Home","item":"https:\/\/dpress.ma\/fr\/"},{"@type":"ListItem","position":2,"name":"SAR la Princesse Lalla Asmaa lance la 3\u00e8me \u00e9dition du programme \u201cUnis, on s\u2019entend mieux\u201d devant b\u00e9n\u00e9ficier \u00e0 100 enfants de 17 Nations d\u2019Afrique et du Moyen-Orient"}]},{"@type":"WebSite","@id":"https:\/\/dpress.ma\/fr\/#website","url":"https:\/\/dpress.ma\/fr\/","name":"Dpress.ma\/fr","description":"","potentialAction":[{"@type":"SearchAction","target":{"@type":"EntryPoint","urlTemplate":"https:\/\/dpress.ma\/fr\/?s={search_term_string}"},"query-input":{"@type":"PropertyValueSpecification","valueRequired":true,"valueName":"search_term_string"}}],"inLanguage":"fr-FR"},{"@type":"Person","@id":"https:\/\/dpress.ma\/fr\/#\/schema\/person\/4898febf3ccd59e6578d838656a306a0","name":"Dpress.ma","image":{"@type":"ImageObject","inLanguage":"fr-FR","@id":"https:\/\/secure.gravatar.com\/avatar\/72ecc30e9db047a2e0e7176561eb9d564ed77c8108376495b19bd8336405198a?s=96&d=mm&r=g","url":"https:\/\/secure.gravatar.com\/avatar\/72ecc30e9db047a2e0e7176561eb9d564ed77c8108376495b19bd8336405198a?s=96&d=mm&r=g","contentUrl":"https:\/\/secure.gravatar.com\/avatar\/72ecc30e9db047a2e0e7176561eb9d564ed77c8108376495b19bd8336405198a?s=96&d=mm&r=g","caption":"Dpress.ma"},"sameAs":["https:\/\/www.dpress.ma"],"url":"https:\/\/dpress.ma\/fr\/author\/dpress-ma\/"}]}},"amp_enabled":true,"_links":{"self":[{"href":"https:\/\/dpress.ma\/fr\/wp-json\/wp\/v2\/posts\/12780","targetHints":{"allow":["GET"]}}],"collection":[{"href":"https:\/\/dpress.ma\/fr\/wp-json\/wp\/v2\/posts"}],"about":[{"href":"https:\/\/dpress.ma\/fr\/wp-json\/wp\/v2\/types\/post"}],"author":[{"embeddable":true,"href":"https:\/\/dpress.ma\/fr\/wp-json\/wp\/v2\/users\/2"}],"replies":[{"embeddable":true,"href":"https:\/\/dpress.ma\/fr\/wp-json\/wp\/v2\/comments?post=12780"}],"version-history":[{"count":1,"href":"https:\/\/dpress.ma\/fr\/wp-json\/wp\/v2\/posts\/12780\/revisions"}],"predecessor-version":[{"id":12782,"href":"https:\/\/dpress.ma\/fr\/wp-json\/wp\/v2\/posts\/12780\/revisions\/12782"}],"wp:featuredmedia":[{"embeddable":true,"href":"https:\/\/dpress.ma\/fr\/wp-json\/wp\/v2\/media\/12781"}],"wp:attachment":[{"href":"https:\/\/dpress.ma\/fr\/wp-json\/wp\/v2\/media?parent=12780"}],"wp:term":[{"taxonomy":"category","embeddable":true,"href":"https:\/\/dpress.ma\/fr\/wp-json\/wp\/v2\/categories?post=12780"},{"taxonomy":"post_tag","embeddable":true,"href":"https:\/\/dpress.ma\/fr\/wp-json\/wp\/v2\/tags?post=12780"}],"curies":[{"name":"wp","href":"https:\/\/api.w.org\/{rel}","templated":true}]}}