{"id":12770,"date":"2025-02-21T08:49:06","date_gmt":"2025-02-21T08:49:06","guid":{"rendered":"https:\/\/dpress.ma\/fr\/?p=12770"},"modified":"2025-02-21T08:49:08","modified_gmt":"2025-02-21T08:49:08","slug":"celebration-a-el-jadida-du-20eme-anniversaire-de-linscription-de-la-cite-portugaise-de-mazagan-sur-la-liste-de-lunesco","status":"publish","type":"post","link":"https:\/\/dpress.ma\/fr\/2025\/02\/21\/celebration-a-el-jadida-du-20eme-anniversaire-de-linscription-de-la-cite-portugaise-de-mazagan-sur-la-liste-de-lunesco\/","title":{"rendered":"C\u00e9l\u00e9bration \u00e0 El Jadida du 20\u00e8me anniversaire de l\u2019inscription de la Cit\u00e9 Portugaise de Mazagan sur la liste de l\u2019UNESCO"},"content":{"rendered":"\n<p>dpress<\/p>\n\n\n\n<p>L\u2019importance de la pr\u00e9servation du patrimoine et son r\u00f4le dans le d\u00e9veloppement local ont \u00e9t\u00e9 au centre de la s\u00e9ance inaugurale d\u2019une rencontre organis\u00e9e jeudi \u00e0 El Jadida, \u00e0 l\u2019occasion du 20\u00e8me anniversaire de l\u2019inscription de la Cit\u00e9 Portugaise de Mazagan au patrimoine mondial de l\u2019UNESCO.<\/p>\n\n\n\n<p>Lors de ce d\u00e9bat ouvrant la c\u00e9l\u00e9bration de cet anniversaire organis\u00e9e par l\u2019Association Doukkala M\u00e9moire pour la Sauvegarde du Patrimoine, les intervenants ont mis l\u2019accent sur la n\u00e9cessit\u00e9 d\u2019une mutualisation des efforts et davantage de sensibilisation sur l\u2019importance de pr\u00e9server le patrimoine, insistant sur une r\u00e9elle implication citoyenne sur ce chemin.<\/p>\n\n\n\n<p>Intervenant \u00e0 cette occasion, le pr\u00e9sident de l\u2019Association Doukkala M\u00e9moire pour la Sauvegarde du Patrimoine, Abdelahad Fassi Fihri, a not\u00e9 que cette c\u00e9l\u00e9bration cherche \u00e0 susciter le d\u00e9bat avec l\u2019ensemble des intervenants, entre autres, autorit\u00e9s locales, soci\u00e9t\u00e9 civile et universit\u00e9, sur l\u2019importance de pr\u00e9server le patrimoine.<\/p>\n\n\n\n<p>Il a ajout\u00e9 que l\u2019implication effective des citoyens dans cet effort constitue un \u00e9l\u00e9ment cl\u00e9 pour la pr\u00e9servation de ce patrimoine et en faire un levier pour le d\u00e9veloppement socio-\u00e9conomique.<\/p>\n\n\n\n<p>Pour sa part, le directeur provincial de la culture d\u2019El Jadida et Sidi Bennour, Abdelilah Nafis, a indiqu\u00e9 que cette c\u00e9l\u00e9bration est l\u2019occasion de mettre en lumi\u00e8re la richesse et la diversit\u00e9 du patrimoine dont dispose le Royaume \u00e0 travers notamment des d\u00e9bats ainsi qu\u2019une exposition d\u2019anciennes photographies.<\/p>\n\n\n\n<p>\u201cLa ville d\u2019El Jadida dispose d\u2019un patrimoine riche surtout au niveau de l\u2019ancienne m\u00e9dina et la Cit\u00e9 portugaise et il s\u2019agit en cons\u00e9quence de veiller \u00e0 le pr\u00e9munir contre l\u2019usure du temps et autres al\u00e9as et d\u00e9gradations\u201d, a-t-il affirm\u00e9, mettant en lumi\u00e8re les efforts d\u00e9ploy\u00e9s par le minist\u00e8re de la Jeunesse, de la Culture et de la Communication sur ce registre.<\/p>\n\n\n\n<p>Pour sa part, le pr\u00e9sident de l\u2019Association de la cit\u00e9 portugaise, Mohamed Ziane, a indiqu\u00e9 que cette c\u00e9l\u00e9bration, au-del\u00e0 de son aspect festif, cherche \u00e0 mettre le doigt sur les d\u00e9fis actuels de la pr\u00e9servation du patrimoine et sa transmission aux g\u00e9n\u00e9rations futures.<\/p>\n\n\n\n<p>Il a estim\u00e9, dans une d\u00e9claration \u00e0 la MAP, que l\u2019inscription de Mazagan au patrimoine mondial de l\u2019UNESCO a insuffl\u00e9 une formidable dynamique \u00e0 cet effort n\u00e9cessaire de pr\u00e9servation ainsi que sa valorisation de mani\u00e8re \u00e0 attirer un nombre important de touristes, saluant sur ce registre le r\u00f4le et l\u2019engagement tout particuli\u00e8rement des r\u00e9sidents de la cit\u00e9 portugaise.<\/p>\n\n\n\n<p>Organis\u00e9e sous le th\u00e8me \u201cH\u00e9ritage pour demain : pr\u00e9server le patrimoine face aux d\u00e9fis du futur\u201d, en partenariat avec la province d\u2019El Jadida, la Direction provinciale de la Culture d\u2019El Jadida et Sidi Bennour ainsi que l\u2019Universit\u00e9 Chouaib Doukkali, cette c\u00e9l\u00e9bration a mis en pr\u00e9sence d\u2019\u00e9minentes personnalit\u00e9s du monde acad\u00e9mique, culturel et institutionnel anim\u00e9es par le m\u00eame d\u00e9sir \u00e0 savoir explorer les d\u00e9fis li\u00e9s \u00e0 la conservation du patrimoine et son r\u00f4le dans le d\u00e9veloppement local.<\/p>\n\n\n\n<p>D\u2019o\u00f9, l\u2019importance de cette journ\u00e9e de c\u00e9l\u00e9bration marqu\u00e9e par une programmation vari\u00e9e en vue d\u2019approfondir la r\u00e9flexion et suscit\u00e9 les synergies autour de la conservation et de la valorisation du patrimoine, entre autres, des d\u00e9bats sur les d\u00e9fis actuels de la pr\u00e9servation du patrimoine et son int\u00e9gration dans le d\u00e9veloppement \u00e9conomique et social, la projection d\u2019un film documentaire sur les 20 ans de l\u2019inscription de la Cit\u00e9 Portugaise de Mazagan sur la liste du patrimoine mondial de l\u2019UNESCO, une exposition r\u00e9trospective sur l\u2019histoire et l\u2019\u00e9volution de cette Cit\u00e9 Portugaise ainsi que les actions entreprises en faveur de sa pr\u00e9servation, outre des visites guid\u00e9es au c\u0153ur de ce site embl\u00e9matique pour red\u00e9couvrir son histoire et ses tr\u00e9sors architecturaux.<\/p>\n","protected":false},"excerpt":{"rendered":"<p>dpress L\u2019importance de la pr\u00e9servation du patrimoine et son r\u00f4le dans le d\u00e9veloppement local ont \u00e9t\u00e9 au centre de la s\u00e9ance inaugurale d\u2019une rencontre organis\u00e9e jeudi \u00e0 El Jadida, \u00e0 l\u2019occasion du 20\u00e8me anniversaire de l\u2019inscription de la Cit\u00e9 Portugaise de Mazagan au patrimoine mondial de l\u2019UNESCO. Lors de ce d\u00e9bat ouvrant la c\u00e9l\u00e9bration de &hellip;<\/p>\n","protected":false},"author":2,"featured_media":12771,"comment_status":"open","ping_status":"open","sticky":false,"template":"","format":"standard","meta":{"footnotes":""},"categories":[31],"tags":[],"class_list":["post-12770","post","type-post","status-publish","format-standard","has-post-thumbnail","hentry","category-art-et-culture"],"yoast_head":"<!-- This site is optimized with the Yoast SEO plugin v27.5 - https:\/\/yoast.com\/product\/yoast-seo-wordpress\/ -->\n<title>C\u00e9l\u00e9bration \u00e0 El Jadida du 20\u00e8me anniversaire de l\u2019inscription de la Cit\u00e9 Portugaise de Mazagan sur la liste de l\u2019UNESCO - Dpress.ma\/fr<\/title>\n<meta name=\"robots\" content=\"index, follow, max-snippet:-1, max-image-preview:large, max-video-preview:-1\" \/>\n<link rel=\"canonical\" href=\"https:\/\/dpress.ma\/fr\/2025\/02\/21\/celebration-a-el-jadida-du-20eme-anniversaire-de-linscription-de-la-cite-portugaise-de-mazagan-sur-la-liste-de-lunesco\/\" \/>\n<meta property=\"og:locale\" content=\"fr_FR\" \/>\n<meta property=\"og:type\" content=\"article\" \/>\n<meta property=\"og:title\" content=\"C\u00e9l\u00e9bration \u00e0 El Jadida du 20\u00e8me anniversaire de l\u2019inscription de la Cit\u00e9 Portugaise de Mazagan sur la liste de l\u2019UNESCO - Dpress.ma\/fr\" \/>\n<meta property=\"og:description\" content=\"dpress L\u2019importance de la pr\u00e9servation du patrimoine et son r\u00f4le dans le d\u00e9veloppement local ont \u00e9t\u00e9 au centre de la s\u00e9ance inaugurale d\u2019une rencontre organis\u00e9e jeudi \u00e0 El Jadida, \u00e0 l\u2019occasion du 20\u00e8me anniversaire de l\u2019inscription de la Cit\u00e9 Portugaise de Mazagan au patrimoine mondial de l\u2019UNESCO. Lors de ce d\u00e9bat ouvrant la c\u00e9l\u00e9bration de &hellip;\" \/>\n<meta property=\"og:url\" content=\"https:\/\/dpress.ma\/fr\/2025\/02\/21\/celebration-a-el-jadida-du-20eme-anniversaire-de-linscription-de-la-cite-portugaise-de-mazagan-sur-la-liste-de-lunesco\/\" \/>\n<meta property=\"og:site_name\" content=\"Dpress.ma\/fr\" \/>\n<meta property=\"article:published_time\" content=\"2025-02-21T08:49:06+00:00\" \/>\n<meta property=\"article:modified_time\" content=\"2025-02-21T08:49:08+00:00\" \/>\n<meta property=\"og:image\" content=\"https:\/\/dpress.ma\/fr\/wp-content\/uploads\/sites\/2\/2025\/02\/dprees-dim-51.png\" \/>\n\t<meta property=\"og:image:width\" content=\"780\" \/>\n\t<meta property=\"og:image:height\" content=\"470\" \/>\n\t<meta property=\"og:image:type\" content=\"image\/png\" \/>\n<meta name=\"author\" content=\"Dpress.ma\" \/>\n<meta name=\"twitter:card\" content=\"summary_large_image\" \/>\n<meta name=\"twitter:label1\" content=\"\u00c9crit par\" \/>\n\t<meta name=\"twitter:data1\" content=\"Dpress.ma\" \/>\n\t<meta name=\"twitter:label2\" content=\"Dur\u00e9e de lecture estim\u00e9e\" \/>\n\t<meta name=\"twitter:data2\" content=\"4 minutes\" \/>\n<script type=\"application\/ld+json\" class=\"yoast-schema-graph\">{\"@context\":\"https:\\\/\\\/schema.org\",\"@graph\":[{\"@type\":\"Article\",\"@id\":\"https:\\\/\\\/dpress.ma\\\/fr\\\/2025\\\/02\\\/21\\\/celebration-a-el-jadida-du-20eme-anniversaire-de-linscription-de-la-cite-portugaise-de-mazagan-sur-la-liste-de-lunesco\\\/#article\",\"isPartOf\":{\"@id\":\"https:\\\/\\\/dpress.ma\\\/fr\\\/2025\\\/02\\\/21\\\/celebration-a-el-jadida-du-20eme-anniversaire-de-linscription-de-la-cite-portugaise-de-mazagan-sur-la-liste-de-lunesco\\\/\"},\"author\":{\"name\":\"Dpress.ma\",\"@id\":\"https:\\\/\\\/dpress.ma\\\/fr\\\/#\\\/schema\\\/person\\\/4898febf3ccd59e6578d838656a306a0\"},\"headline\":\"C\u00e9l\u00e9bration \u00e0 El Jadida du 20\u00e8me anniversaire de l\u2019inscription de la Cit\u00e9 Portugaise de Mazagan sur la liste de l\u2019UNESCO\",\"datePublished\":\"2025-02-21T08:49:06+00:00\",\"dateModified\":\"2025-02-21T08:49:08+00:00\",\"mainEntityOfPage\":{\"@id\":\"https:\\\/\\\/dpress.ma\\\/fr\\\/2025\\\/02\\\/21\\\/celebration-a-el-jadida-du-20eme-anniversaire-de-linscription-de-la-cite-portugaise-de-mazagan-sur-la-liste-de-lunesco\\\/\"},\"wordCount\":711,\"commentCount\":0,\"image\":{\"@id\":\"https:\\\/\\\/dpress.ma\\\/fr\\\/2025\\\/02\\\/21\\\/celebration-a-el-jadida-du-20eme-anniversaire-de-linscription-de-la-cite-portugaise-de-mazagan-sur-la-liste-de-lunesco\\\/#primaryimage\"},\"thumbnailUrl\":\"https:\\\/\\\/dpress.ma\\\/fr\\\/wp-content\\\/uploads\\\/sites\\\/2\\\/2025\\\/02\\\/dprees-dim-51.png\",\"articleSection\":[\"Art et Culture\"],\"inLanguage\":\"fr-FR\",\"potentialAction\":[{\"@type\":\"CommentAction\",\"name\":\"Comment\",\"target\":[\"https:\\\/\\\/dpress.ma\\\/fr\\\/2025\\\/02\\\/21\\\/celebration-a-el-jadida-du-20eme-anniversaire-de-linscription-de-la-cite-portugaise-de-mazagan-sur-la-liste-de-lunesco\\\/#respond\"]}]},{\"@type\":\"WebPage\",\"@id\":\"https:\\\/\\\/dpress.ma\\\/fr\\\/2025\\\/02\\\/21\\\/celebration-a-el-jadida-du-20eme-anniversaire-de-linscription-de-la-cite-portugaise-de-mazagan-sur-la-liste-de-lunesco\\\/\",\"url\":\"https:\\\/\\\/dpress.ma\\\/fr\\\/2025\\\/02\\\/21\\\/celebration-a-el-jadida-du-20eme-anniversaire-de-linscription-de-la-cite-portugaise-de-mazagan-sur-la-liste-de-lunesco\\\/\",\"name\":\"C\u00e9l\u00e9bration \u00e0 El Jadida du 20\u00e8me anniversaire de l\u2019inscription de la Cit\u00e9 Portugaise de Mazagan sur la liste de l\u2019UNESCO - Dpress.ma\\\/fr\",\"isPartOf\":{\"@id\":\"https:\\\/\\\/dpress.ma\\\/fr\\\/#website\"},\"primaryImageOfPage\":{\"@id\":\"https:\\\/\\\/dpress.ma\\\/fr\\\/2025\\\/02\\\/21\\\/celebration-a-el-jadida-du-20eme-anniversaire-de-linscription-de-la-cite-portugaise-de-mazagan-sur-la-liste-de-lunesco\\\/#primaryimage\"},\"image\":{\"@id\":\"https:\\\/\\\/dpress.ma\\\/fr\\\/2025\\\/02\\\/21\\\/celebration-a-el-jadida-du-20eme-anniversaire-de-linscription-de-la-cite-portugaise-de-mazagan-sur-la-liste-de-lunesco\\\/#primaryimage\"},\"thumbnailUrl\":\"https:\\\/\\\/dpress.ma\\\/fr\\\/wp-content\\\/uploads\\\/sites\\\/2\\\/2025\\\/02\\\/dprees-dim-51.png\",\"datePublished\":\"2025-02-21T08:49:06+00:00\",\"dateModified\":\"2025-02-21T08:49:08+00:00\",\"author\":{\"@id\":\"https:\\\/\\\/dpress.ma\\\/fr\\\/#\\\/schema\\\/person\\\/4898febf3ccd59e6578d838656a306a0\"},\"breadcrumb\":{\"@id\":\"https:\\\/\\\/dpress.ma\\\/fr\\\/2025\\\/02\\\/21\\\/celebration-a-el-jadida-du-20eme-anniversaire-de-linscription-de-la-cite-portugaise-de-mazagan-sur-la-liste-de-lunesco\\\/#breadcrumb\"},\"inLanguage\":\"fr-FR\",\"potentialAction\":[{\"@type\":\"ReadAction\",\"target\":[\"https:\\\/\\\/dpress.ma\\\/fr\\\/2025\\\/02\\\/21\\\/celebration-a-el-jadida-du-20eme-anniversaire-de-linscription-de-la-cite-portugaise-de-mazagan-sur-la-liste-de-lunesco\\\/\"]}]},{\"@type\":\"ImageObject\",\"inLanguage\":\"fr-FR\",\"@id\":\"https:\\\/\\\/dpress.ma\\\/fr\\\/2025\\\/02\\\/21\\\/celebration-a-el-jadida-du-20eme-anniversaire-de-linscription-de-la-cite-portugaise-de-mazagan-sur-la-liste-de-lunesco\\\/#primaryimage\",\"url\":\"https:\\\/\\\/dpress.ma\\\/fr\\\/wp-content\\\/uploads\\\/sites\\\/2\\\/2025\\\/02\\\/dprees-dim-51.png\",\"contentUrl\":\"https:\\\/\\\/dpress.ma\\\/fr\\\/wp-content\\\/uploads\\\/sites\\\/2\\\/2025\\\/02\\\/dprees-dim-51.png\",\"width\":780,\"height\":470},{\"@type\":\"BreadcrumbList\",\"@id\":\"https:\\\/\\\/dpress.ma\\\/fr\\\/2025\\\/02\\\/21\\\/celebration-a-el-jadida-du-20eme-anniversaire-de-linscription-de-la-cite-portugaise-de-mazagan-sur-la-liste-de-lunesco\\\/#breadcrumb\",\"itemListElement\":[{\"@type\":\"ListItem\",\"position\":1,\"name\":\"Home\",\"item\":\"https:\\\/\\\/dpress.ma\\\/fr\\\/\"},{\"@type\":\"ListItem\",\"position\":2,\"name\":\"C\u00e9l\u00e9bration \u00e0 El Jadida du 20\u00e8me anniversaire de l\u2019inscription de la Cit\u00e9 Portugaise de Mazagan sur la liste de l\u2019UNESCO\"}]},{\"@type\":\"WebSite\",\"@id\":\"https:\\\/\\\/dpress.ma\\\/fr\\\/#website\",\"url\":\"https:\\\/\\\/dpress.ma\\\/fr\\\/\",\"name\":\"Dpress.ma\\\/fr\",\"description\":\"\",\"potentialAction\":[{\"@type\":\"SearchAction\",\"target\":{\"@type\":\"EntryPoint\",\"urlTemplate\":\"https:\\\/\\\/dpress.ma\\\/fr\\\/?s={search_term_string}\"},\"query-input\":{\"@type\":\"PropertyValueSpecification\",\"valueRequired\":true,\"valueName\":\"search_term_string\"}}],\"inLanguage\":\"fr-FR\"},{\"@type\":\"Person\",\"@id\":\"https:\\\/\\\/dpress.ma\\\/fr\\\/#\\\/schema\\\/person\\\/4898febf3ccd59e6578d838656a306a0\",\"name\":\"Dpress.ma\",\"image\":{\"@type\":\"ImageObject\",\"inLanguage\":\"fr-FR\",\"@id\":\"https:\\\/\\\/secure.gravatar.com\\\/avatar\\\/72ecc30e9db047a2e0e7176561eb9d564ed77c8108376495b19bd8336405198a?s=96&d=mm&r=g\",\"url\":\"https:\\\/\\\/secure.gravatar.com\\\/avatar\\\/72ecc30e9db047a2e0e7176561eb9d564ed77c8108376495b19bd8336405198a?s=96&d=mm&r=g\",\"contentUrl\":\"https:\\\/\\\/secure.gravatar.com\\\/avatar\\\/72ecc30e9db047a2e0e7176561eb9d564ed77c8108376495b19bd8336405198a?s=96&d=mm&r=g\",\"caption\":\"Dpress.ma\"},\"sameAs\":[\"https:\\\/\\\/www.dpress.ma\"],\"url\":\"https:\\\/\\\/dpress.ma\\\/fr\\\/author\\\/dpress-ma\\\/\"}]}<\/script>\n<!-- \/ Yoast SEO plugin. -->","yoast_head_json":{"title":"C\u00e9l\u00e9bration \u00e0 El Jadida du 20\u00e8me anniversaire de l\u2019inscription de la Cit\u00e9 Portugaise de Mazagan sur la liste de l\u2019UNESCO - Dpress.ma\/fr","robots":{"index":"index","follow":"follow","max-snippet":"max-snippet:-1","max-image-preview":"max-image-preview:large","max-video-preview":"max-video-preview:-1"},"canonical":"https:\/\/dpress.ma\/fr\/2025\/02\/21\/celebration-a-el-jadida-du-20eme-anniversaire-de-linscription-de-la-cite-portugaise-de-mazagan-sur-la-liste-de-lunesco\/","og_locale":"fr_FR","og_type":"article","og_title":"C\u00e9l\u00e9bration \u00e0 El Jadida du 20\u00e8me anniversaire de l\u2019inscription de la Cit\u00e9 Portugaise de Mazagan sur la liste de l\u2019UNESCO - Dpress.ma\/fr","og_description":"dpress L\u2019importance de la pr\u00e9servation du patrimoine et son r\u00f4le dans le d\u00e9veloppement local ont \u00e9t\u00e9 au centre de la s\u00e9ance inaugurale d\u2019une rencontre organis\u00e9e jeudi \u00e0 El Jadida, \u00e0 l\u2019occasion du 20\u00e8me anniversaire de l\u2019inscription de la Cit\u00e9 Portugaise de Mazagan au patrimoine mondial de l\u2019UNESCO. Lors de ce d\u00e9bat ouvrant la c\u00e9l\u00e9bration de &hellip;","og_url":"https:\/\/dpress.ma\/fr\/2025\/02\/21\/celebration-a-el-jadida-du-20eme-anniversaire-de-linscription-de-la-cite-portugaise-de-mazagan-sur-la-liste-de-lunesco\/","og_site_name":"Dpress.ma\/fr","article_published_time":"2025-02-21T08:49:06+00:00","article_modified_time":"2025-02-21T08:49:08+00:00","og_image":[{"width":780,"height":470,"url":"https:\/\/dpress.ma\/fr\/wp-content\/uploads\/sites\/2\/2025\/02\/dprees-dim-51.png","type":"image\/png"}],"author":"Dpress.ma","twitter_card":"summary_large_image","twitter_misc":{"\u00c9crit par":"Dpress.ma","Dur\u00e9e de lecture estim\u00e9e":"4 minutes"},"schema":{"@context":"https:\/\/schema.org","@graph":[{"@type":"Article","@id":"https:\/\/dpress.ma\/fr\/2025\/02\/21\/celebration-a-el-jadida-du-20eme-anniversaire-de-linscription-de-la-cite-portugaise-de-mazagan-sur-la-liste-de-lunesco\/#article","isPartOf":{"@id":"https:\/\/dpress.ma\/fr\/2025\/02\/21\/celebration-a-el-jadida-du-20eme-anniversaire-de-linscription-de-la-cite-portugaise-de-mazagan-sur-la-liste-de-lunesco\/"},"author":{"name":"Dpress.ma","@id":"https:\/\/dpress.ma\/fr\/#\/schema\/person\/4898febf3ccd59e6578d838656a306a0"},"headline":"C\u00e9l\u00e9bration \u00e0 El Jadida du 20\u00e8me anniversaire de l\u2019inscription de la Cit\u00e9 Portugaise de Mazagan sur la liste de l\u2019UNESCO","datePublished":"2025-02-21T08:49:06+00:00","dateModified":"2025-02-21T08:49:08+00:00","mainEntityOfPage":{"@id":"https:\/\/dpress.ma\/fr\/2025\/02\/21\/celebration-a-el-jadida-du-20eme-anniversaire-de-linscription-de-la-cite-portugaise-de-mazagan-sur-la-liste-de-lunesco\/"},"wordCount":711,"commentCount":0,"image":{"@id":"https:\/\/dpress.ma\/fr\/2025\/02\/21\/celebration-a-el-jadida-du-20eme-anniversaire-de-linscription-de-la-cite-portugaise-de-mazagan-sur-la-liste-de-lunesco\/#primaryimage"},"thumbnailUrl":"https:\/\/dpress.ma\/fr\/wp-content\/uploads\/sites\/2\/2025\/02\/dprees-dim-51.png","articleSection":["Art et Culture"],"inLanguage":"fr-FR","potentialAction":[{"@type":"CommentAction","name":"Comment","target":["https:\/\/dpress.ma\/fr\/2025\/02\/21\/celebration-a-el-jadida-du-20eme-anniversaire-de-linscription-de-la-cite-portugaise-de-mazagan-sur-la-liste-de-lunesco\/#respond"]}]},{"@type":"WebPage","@id":"https:\/\/dpress.ma\/fr\/2025\/02\/21\/celebration-a-el-jadida-du-20eme-anniversaire-de-linscription-de-la-cite-portugaise-de-mazagan-sur-la-liste-de-lunesco\/","url":"https:\/\/dpress.ma\/fr\/2025\/02\/21\/celebration-a-el-jadida-du-20eme-anniversaire-de-linscription-de-la-cite-portugaise-de-mazagan-sur-la-liste-de-lunesco\/","name":"C\u00e9l\u00e9bration \u00e0 El Jadida du 20\u00e8me anniversaire de l\u2019inscription de la Cit\u00e9 Portugaise de Mazagan sur la liste de l\u2019UNESCO - Dpress.ma\/fr","isPartOf":{"@id":"https:\/\/dpress.ma\/fr\/#website"},"primaryImageOfPage":{"@id":"https:\/\/dpress.ma\/fr\/2025\/02\/21\/celebration-a-el-jadida-du-20eme-anniversaire-de-linscription-de-la-cite-portugaise-de-mazagan-sur-la-liste-de-lunesco\/#primaryimage"},"image":{"@id":"https:\/\/dpress.ma\/fr\/2025\/02\/21\/celebration-a-el-jadida-du-20eme-anniversaire-de-linscription-de-la-cite-portugaise-de-mazagan-sur-la-liste-de-lunesco\/#primaryimage"},"thumbnailUrl":"https:\/\/dpress.ma\/fr\/wp-content\/uploads\/sites\/2\/2025\/02\/dprees-dim-51.png","datePublished":"2025-02-21T08:49:06+00:00","dateModified":"2025-02-21T08:49:08+00:00","author":{"@id":"https:\/\/dpress.ma\/fr\/#\/schema\/person\/4898febf3ccd59e6578d838656a306a0"},"breadcrumb":{"@id":"https:\/\/dpress.ma\/fr\/2025\/02\/21\/celebration-a-el-jadida-du-20eme-anniversaire-de-linscription-de-la-cite-portugaise-de-mazagan-sur-la-liste-de-lunesco\/#breadcrumb"},"inLanguage":"fr-FR","potentialAction":[{"@type":"ReadAction","target":["https:\/\/dpress.ma\/fr\/2025\/02\/21\/celebration-a-el-jadida-du-20eme-anniversaire-de-linscription-de-la-cite-portugaise-de-mazagan-sur-la-liste-de-lunesco\/"]}]},{"@type":"ImageObject","inLanguage":"fr-FR","@id":"https:\/\/dpress.ma\/fr\/2025\/02\/21\/celebration-a-el-jadida-du-20eme-anniversaire-de-linscription-de-la-cite-portugaise-de-mazagan-sur-la-liste-de-lunesco\/#primaryimage","url":"https:\/\/dpress.ma\/fr\/wp-content\/uploads\/sites\/2\/2025\/02\/dprees-dim-51.png","contentUrl":"https:\/\/dpress.ma\/fr\/wp-content\/uploads\/sites\/2\/2025\/02\/dprees-dim-51.png","width":780,"height":470},{"@type":"BreadcrumbList","@id":"https:\/\/dpress.ma\/fr\/2025\/02\/21\/celebration-a-el-jadida-du-20eme-anniversaire-de-linscription-de-la-cite-portugaise-de-mazagan-sur-la-liste-de-lunesco\/#breadcrumb","itemListElement":[{"@type":"ListItem","position":1,"name":"Home","item":"https:\/\/dpress.ma\/fr\/"},{"@type":"ListItem","position":2,"name":"C\u00e9l\u00e9bration \u00e0 El Jadida du 20\u00e8me anniversaire de l\u2019inscription de la Cit\u00e9 Portugaise de Mazagan sur la liste de l\u2019UNESCO"}]},{"@type":"WebSite","@id":"https:\/\/dpress.ma\/fr\/#website","url":"https:\/\/dpress.ma\/fr\/","name":"Dpress.ma\/fr","description":"","potentialAction":[{"@type":"SearchAction","target":{"@type":"EntryPoint","urlTemplate":"https:\/\/dpress.ma\/fr\/?s={search_term_string}"},"query-input":{"@type":"PropertyValueSpecification","valueRequired":true,"valueName":"search_term_string"}}],"inLanguage":"fr-FR"},{"@type":"Person","@id":"https:\/\/dpress.ma\/fr\/#\/schema\/person\/4898febf3ccd59e6578d838656a306a0","name":"Dpress.ma","image":{"@type":"ImageObject","inLanguage":"fr-FR","@id":"https:\/\/secure.gravatar.com\/avatar\/72ecc30e9db047a2e0e7176561eb9d564ed77c8108376495b19bd8336405198a?s=96&d=mm&r=g","url":"https:\/\/secure.gravatar.com\/avatar\/72ecc30e9db047a2e0e7176561eb9d564ed77c8108376495b19bd8336405198a?s=96&d=mm&r=g","contentUrl":"https:\/\/secure.gravatar.com\/avatar\/72ecc30e9db047a2e0e7176561eb9d564ed77c8108376495b19bd8336405198a?s=96&d=mm&r=g","caption":"Dpress.ma"},"sameAs":["https:\/\/www.dpress.ma"],"url":"https:\/\/dpress.ma\/fr\/author\/dpress-ma\/"}]}},"amp_enabled":true,"_links":{"self":[{"href":"https:\/\/dpress.ma\/fr\/wp-json\/wp\/v2\/posts\/12770","targetHints":{"allow":["GET"]}}],"collection":[{"href":"https:\/\/dpress.ma\/fr\/wp-json\/wp\/v2\/posts"}],"about":[{"href":"https:\/\/dpress.ma\/fr\/wp-json\/wp\/v2\/types\/post"}],"author":[{"embeddable":true,"href":"https:\/\/dpress.ma\/fr\/wp-json\/wp\/v2\/users\/2"}],"replies":[{"embeddable":true,"href":"https:\/\/dpress.ma\/fr\/wp-json\/wp\/v2\/comments?post=12770"}],"version-history":[{"count":1,"href":"https:\/\/dpress.ma\/fr\/wp-json\/wp\/v2\/posts\/12770\/revisions"}],"predecessor-version":[{"id":12772,"href":"https:\/\/dpress.ma\/fr\/wp-json\/wp\/v2\/posts\/12770\/revisions\/12772"}],"wp:featuredmedia":[{"embeddable":true,"href":"https:\/\/dpress.ma\/fr\/wp-json\/wp\/v2\/media\/12771"}],"wp:attachment":[{"href":"https:\/\/dpress.ma\/fr\/wp-json\/wp\/v2\/media?parent=12770"}],"wp:term":[{"taxonomy":"category","embeddable":true,"href":"https:\/\/dpress.ma\/fr\/wp-json\/wp\/v2\/categories?post=12770"},{"taxonomy":"post_tag","embeddable":true,"href":"https:\/\/dpress.ma\/fr\/wp-json\/wp\/v2\/tags?post=12770"}],"curies":[{"name":"wp","href":"https:\/\/api.w.org\/{rel}","templated":true}]}}