{"id":12743,"date":"2025-02-19T08:46:33","date_gmt":"2025-02-19T08:46:33","guid":{"rendered":"https:\/\/dpress.ma\/fr\/?p=12743"},"modified":"2025-02-19T08:46:34","modified_gmt":"2025-02-19T08:46:34","slug":"lancement-de-la-2eme-edition-de-la-siyaha-careers-celebration-week","status":"publish","type":"post","link":"https:\/\/dpress.ma\/fr\/2025\/02\/19\/lancement-de-la-2eme-edition-de-la-siyaha-careers-celebration-week\/","title":{"rendered":"Lancement de la 2\u00e8me \u00e9dition de la \u201cSiyaha Careers Celebration Week\u201d"},"content":{"rendered":"\n<p>dpress<\/p>\n\n\n\n<p>La deuxi\u00e8me \u00e9dition de la \u201cSiyaha Careers Celebration Week\u201d, un \u00e9v\u00e8nement qui se donne pour mission de mettre en lumi\u00e8re les m\u00e9tiers du tourisme et de favoriser les \u00e9changes entre les talents \u00e9mergents et les acteurs cl\u00e9s du secteur, a \u00e9t\u00e9 officiellement lanc\u00e9e, mardi \u00e0 l\u2019Universit\u00e9 Mohammed VI Polytechnique (UM6P) de Benguerir, en pr\u00e9sence notamment de la ministre du Tourisme, de l\u2019Artisanat et de l\u2019\u00c9conomie Sociale et Solidaire, Fatim-Zahra Ammor, et du pr\u00e9sident de la Conf\u00e9d\u00e9ration Nationale du Tourisme (CNT), Hamid Bentahar.<\/p>\n\n\n\n<p>Cet \u00e9v\u00e9nement, qui se d\u00e9roule jusqu\u2019au 26 f\u00e9vrier, c\u00e9l\u00e8bre les m\u00e9tiers et les talents du tourisme marocain, et met en avant les opportunit\u00e9s d\u2019emploi qu\u2019offre le secteur \u00e0 la jeunesse marocaine.<\/p>\n\n\n\n<p>Co-organis\u00e9e par la CNT et le minist\u00e8re du Tourisme, de l\u2019Artisanat et de l\u2019Economie Sociale et Solidaire, la \u201cSiyaha Careers Celebration Week\u201d vise \u00e0 valoriser les carri\u00e8res du tourisme, encourager l\u2019innovation dans les formations et cr\u00e9er des ponts entre les \u00e9tudiants, les d\u00e9cideurs et les professionnels du secteur.<\/p>\n\n\n\n<p>S\u2019exprimant \u00e0 cette occasion, Mme Ammor a soulign\u00e9 l\u2019importance du capital humain dans la construction d\u2019une industrie touristique marocaine comp\u00e9titive et durable, mettant en avant le r\u00f4le du tourisme comme levier de d\u00e9veloppement \u00e9conomique et social.<\/p>\n\n\n\n<p>A cet \u00e9gard, la ministre s\u2019est f\u00e9licit\u00e9e de voir toute la profession se mobiliser pendant une semaine, \u00e0 travers les douze r\u00e9gions du Royaume, pour mettre en exergue la richesse des carri\u00e8res dans le tourisme marocain.<\/p>\n\n\n\n<p>\u201cNotre responsabilit\u00e9 collective est de continuer \u00e0 renforcer l\u2019attractivit\u00e9 de ces m\u00e9tiers, \u00e0 accompagner le d\u00e9veloppement des comp\u00e9tences et \u00e0 cr\u00e9er les conditions d\u2019\u00e9panouissement pour tous ces talents\u201d, a-t-elle ajout\u00e9, relevant que la \u201cSiyaha Careers Celebration Week\u201d illustre la qualit\u00e9 des talents et des professionnels du secteur touristique, qui \u201cembrassent les m\u00e9tiers du tourisme avec tant d\u2019enthousiasme et de professionnalisme\u201d.<\/p>\n\n\n\n<p>\u201cNotre ambition est claire : faire du Maroc une destination mondiale de premier plan, avec un objectif chiffr\u00e9 de 26 millions de visiteurs en 2030\u201d, a insist\u00e9 Mme Ammor, faisant remarquer que \u201ccette ambition, nous ne pourrons la r\u00e9aliser qu\u2019avec des talents hautement qualifi\u00e9s, passionn\u00e9s et \u00e9panouis\u201d.<\/p>\n\n\n\n<p>Cette initiative rend hommage aux jeunes talents passionn\u00e9s des m\u00e9tiers touristiques, mais aussi \u00e0 leurs enseignants et encadrants qui repr\u00e9sentent une source d\u2019inspiration pour ces jeunes, a indiqu\u00e9, de son c\u00f4t\u00e9, M. Bentahar.<\/p>\n\n\n\n<p>L\u2019objectif est de susciter l\u2019int\u00e9r\u00eat des jeunes pour les m\u00e9tiers du tourisme et pr\u00e9parer ainsi les leaders de l\u2019avenir pour garantir une croissance soutenue de ce secteur en pleine effervescence, a-t-il ajout\u00e9, soulignant que cette manifestation vise \u00e0 anticiper les \u00e9v\u00e8nements majeurs qui seront organis\u00e9s au Maroc, notamment la Coupe d\u2019Afrique des Nations et le Mondial 2030, tout en pr\u00e9parant de nouvelles g\u00e9n\u00e9rations et comp\u00e9tences capables de relever les d\u00e9fis de l\u2019avenir.<\/p>\n\n\n\n<p>Dans le m\u00eame sillage, le pr\u00e9sident de l\u2019UM6P, Hicham El Habti, a fait observer que cet \u00e9v\u00e8nement, dont l\u2019objectif est de mettre en avant l\u2019hospitalit\u00e9 l\u00e9gendaire du Maroc, fa\u00e7onnera \u00e9galement l\u2019attractivit\u00e9 du Royaume, notant que cette hospitalit\u00e9 est appel\u00e9e plus que jamais \u00e0 se r\u00e9inventer et \u00e0 s\u2019adapter aux nouvelles attentes des voyageurs, aux mutations technologiques et aux imp\u00e9ratifs de durabilit\u00e9.<\/p>\n\n\n\n<p>Ainsi, a-t-il soutenu, la \u201cSiyaha Careers Celebration Week\u201d, qui c\u00e9l\u00e8bre sa deuxi\u00e8me \u00e9dition, r\u00e9pond parfaitement \u00e0 ce d\u00e9fi pour stimuler l\u2019int\u00e9r\u00eat pour le secteur touristique et inciter les jeunes g\u00e9n\u00e9rations \u00e0 envisager des carri\u00e8res dans ce domaine.<\/p>\n\n\n\n<p>Riche en diversit\u00e9 et en \u00e9v\u00e8nements, le programme de cette \u00e9dition, qui s\u2019\u00e9tale sur les douze r\u00e9gions du Royaume, comprend des conf\u00e9rences, des webinaires, des rencontres entre entreprises et \u00e9coles, ainsi que des ateliers pratiques pour valoriser les diff\u00e9rents m\u00e9tiers du tourisme.<\/p>\n\n\n\n<p>Trois temps forts marquent la \u201cSiyaha Careers Celebration Week 2025\u201d, \u00e0 savoir, le \u201cSiyaha Challenge Inter-\u00c9coles\u201d, une comp\u00e9tition pour repenser les formations touristiques de demain, une comp\u00e9tition internationale organis\u00e9e sous la tutelle de l\u2019Amicale Internationale des Sous Directeurs et Chefs de R\u00e9ception des Grands H\u00f4tels (AICR) r\u00e9compensant le meilleur r\u00e9ceptionniste, et enfin le concours digital #SiyahaPassion, o\u00f9 les jeunes talents partageront leur passion pour les m\u00e9tiers du tourisme.<\/p>\n\n\n\n<p>La c\u00e9r\u00e9monie de lancement de cette initiative a \u00e9t\u00e9 marqu\u00e9e par la tenue d\u2019un panel d\u2019\u00e9changes sur le th\u00e8me \u201cComment fa\u00e7onner le futur de l\u2019attractivit\u00e9 de la formation aux m\u00e9tiers du voyage et de l\u2019hospitalit\u00e9 ?\u201d, qui a r\u00e9uni des experts et des professionnels nationaux et internationaux.<\/p>\n","protected":false},"excerpt":{"rendered":"<p>dpress La deuxi\u00e8me \u00e9dition de la \u201cSiyaha Careers Celebration Week\u201d, un \u00e9v\u00e8nement qui se donne pour mission de mettre en lumi\u00e8re les m\u00e9tiers du tourisme et de favoriser les \u00e9changes entre les talents \u00e9mergents et les acteurs cl\u00e9s du secteur, a \u00e9t\u00e9 officiellement lanc\u00e9e, mardi \u00e0 l\u2019Universit\u00e9 Mohammed VI Polytechnique (UM6P) de Benguerir, en pr\u00e9sence &hellip;<\/p>\n","protected":false},"author":2,"featured_media":12744,"comment_status":"open","ping_status":"open","sticky":false,"template":"","format":"standard","meta":{"footnotes":""},"categories":[25],"tags":[],"class_list":["post-12743","post","type-post","status-publish","format-standard","has-post-thumbnail","hentry","category-economie"],"yoast_head":"<!-- This site is optimized with the Yoast SEO plugin v27.5 - https:\/\/yoast.com\/product\/yoast-seo-wordpress\/ -->\n<title>Lancement de la 2\u00e8me \u00e9dition de la \u201cSiyaha Careers Celebration Week\u201d - Dpress.ma\/fr<\/title>\n<meta name=\"robots\" content=\"index, follow, max-snippet:-1, max-image-preview:large, max-video-preview:-1\" \/>\n<link rel=\"canonical\" href=\"https:\/\/dpress.ma\/fr\/2025\/02\/19\/lancement-de-la-2eme-edition-de-la-siyaha-careers-celebration-week\/\" \/>\n<meta property=\"og:locale\" content=\"fr_FR\" \/>\n<meta property=\"og:type\" content=\"article\" \/>\n<meta property=\"og:title\" content=\"Lancement de la 2\u00e8me \u00e9dition de la \u201cSiyaha Careers Celebration Week\u201d - Dpress.ma\/fr\" \/>\n<meta property=\"og:description\" content=\"dpress La deuxi\u00e8me \u00e9dition de la \u201cSiyaha Careers Celebration Week\u201d, un \u00e9v\u00e8nement qui se donne pour mission de mettre en lumi\u00e8re les m\u00e9tiers du tourisme et de favoriser les \u00e9changes entre les talents \u00e9mergents et les acteurs cl\u00e9s du secteur, a \u00e9t\u00e9 officiellement lanc\u00e9e, mardi \u00e0 l\u2019Universit\u00e9 Mohammed VI Polytechnique (UM6P) de Benguerir, en pr\u00e9sence &hellip;\" \/>\n<meta property=\"og:url\" content=\"https:\/\/dpress.ma\/fr\/2025\/02\/19\/lancement-de-la-2eme-edition-de-la-siyaha-careers-celebration-week\/\" \/>\n<meta property=\"og:site_name\" content=\"Dpress.ma\/fr\" \/>\n<meta property=\"article:published_time\" content=\"2025-02-19T08:46:33+00:00\" \/>\n<meta property=\"article:modified_time\" content=\"2025-02-19T08:46:34+00:00\" \/>\n<meta property=\"og:image\" content=\"https:\/\/dpress.ma\/fr\/wp-content\/uploads\/sites\/2\/2025\/02\/dprees-dim-42.png\" \/>\n\t<meta property=\"og:image:width\" content=\"780\" \/>\n\t<meta property=\"og:image:height\" content=\"470\" \/>\n\t<meta property=\"og:image:type\" content=\"image\/png\" \/>\n<meta name=\"author\" content=\"Dpress.ma\" \/>\n<meta name=\"twitter:card\" content=\"summary_large_image\" \/>\n<meta name=\"twitter:label1\" content=\"\u00c9crit par\" \/>\n\t<meta name=\"twitter:data1\" content=\"Dpress.ma\" \/>\n\t<meta name=\"twitter:label2\" content=\"Dur\u00e9e de lecture estim\u00e9e\" \/>\n\t<meta name=\"twitter:data2\" content=\"4 minutes\" \/>\n<script type=\"application\/ld+json\" class=\"yoast-schema-graph\">{\"@context\":\"https:\\\/\\\/schema.org\",\"@graph\":[{\"@type\":\"Article\",\"@id\":\"https:\\\/\\\/dpress.ma\\\/fr\\\/2025\\\/02\\\/19\\\/lancement-de-la-2eme-edition-de-la-siyaha-careers-celebration-week\\\/#article\",\"isPartOf\":{\"@id\":\"https:\\\/\\\/dpress.ma\\\/fr\\\/2025\\\/02\\\/19\\\/lancement-de-la-2eme-edition-de-la-siyaha-careers-celebration-week\\\/\"},\"author\":{\"name\":\"Dpress.ma\",\"@id\":\"https:\\\/\\\/dpress.ma\\\/fr\\\/#\\\/schema\\\/person\\\/4898febf3ccd59e6578d838656a306a0\"},\"headline\":\"Lancement de la 2\u00e8me \u00e9dition de la \u201cSiyaha Careers Celebration Week\u201d\",\"datePublished\":\"2025-02-19T08:46:33+00:00\",\"dateModified\":\"2025-02-19T08:46:34+00:00\",\"mainEntityOfPage\":{\"@id\":\"https:\\\/\\\/dpress.ma\\\/fr\\\/2025\\\/02\\\/19\\\/lancement-de-la-2eme-edition-de-la-siyaha-careers-celebration-week\\\/\"},\"wordCount\":818,\"commentCount\":0,\"image\":{\"@id\":\"https:\\\/\\\/dpress.ma\\\/fr\\\/2025\\\/02\\\/19\\\/lancement-de-la-2eme-edition-de-la-siyaha-careers-celebration-week\\\/#primaryimage\"},\"thumbnailUrl\":\"https:\\\/\\\/dpress.ma\\\/fr\\\/wp-content\\\/uploads\\\/sites\\\/2\\\/2025\\\/02\\\/dprees-dim-42.png\",\"articleSection\":[\"\u00c9conomie\"],\"inLanguage\":\"fr-FR\",\"potentialAction\":[{\"@type\":\"CommentAction\",\"name\":\"Comment\",\"target\":[\"https:\\\/\\\/dpress.ma\\\/fr\\\/2025\\\/02\\\/19\\\/lancement-de-la-2eme-edition-de-la-siyaha-careers-celebration-week\\\/#respond\"]}]},{\"@type\":\"WebPage\",\"@id\":\"https:\\\/\\\/dpress.ma\\\/fr\\\/2025\\\/02\\\/19\\\/lancement-de-la-2eme-edition-de-la-siyaha-careers-celebration-week\\\/\",\"url\":\"https:\\\/\\\/dpress.ma\\\/fr\\\/2025\\\/02\\\/19\\\/lancement-de-la-2eme-edition-de-la-siyaha-careers-celebration-week\\\/\",\"name\":\"Lancement de la 2\u00e8me \u00e9dition de la \u201cSiyaha Careers Celebration Week\u201d - Dpress.ma\\\/fr\",\"isPartOf\":{\"@id\":\"https:\\\/\\\/dpress.ma\\\/fr\\\/#website\"},\"primaryImageOfPage\":{\"@id\":\"https:\\\/\\\/dpress.ma\\\/fr\\\/2025\\\/02\\\/19\\\/lancement-de-la-2eme-edition-de-la-siyaha-careers-celebration-week\\\/#primaryimage\"},\"image\":{\"@id\":\"https:\\\/\\\/dpress.ma\\\/fr\\\/2025\\\/02\\\/19\\\/lancement-de-la-2eme-edition-de-la-siyaha-careers-celebration-week\\\/#primaryimage\"},\"thumbnailUrl\":\"https:\\\/\\\/dpress.ma\\\/fr\\\/wp-content\\\/uploads\\\/sites\\\/2\\\/2025\\\/02\\\/dprees-dim-42.png\",\"datePublished\":\"2025-02-19T08:46:33+00:00\",\"dateModified\":\"2025-02-19T08:46:34+00:00\",\"author\":{\"@id\":\"https:\\\/\\\/dpress.ma\\\/fr\\\/#\\\/schema\\\/person\\\/4898febf3ccd59e6578d838656a306a0\"},\"breadcrumb\":{\"@id\":\"https:\\\/\\\/dpress.ma\\\/fr\\\/2025\\\/02\\\/19\\\/lancement-de-la-2eme-edition-de-la-siyaha-careers-celebration-week\\\/#breadcrumb\"},\"inLanguage\":\"fr-FR\",\"potentialAction\":[{\"@type\":\"ReadAction\",\"target\":[\"https:\\\/\\\/dpress.ma\\\/fr\\\/2025\\\/02\\\/19\\\/lancement-de-la-2eme-edition-de-la-siyaha-careers-celebration-week\\\/\"]}]},{\"@type\":\"ImageObject\",\"inLanguage\":\"fr-FR\",\"@id\":\"https:\\\/\\\/dpress.ma\\\/fr\\\/2025\\\/02\\\/19\\\/lancement-de-la-2eme-edition-de-la-siyaha-careers-celebration-week\\\/#primaryimage\",\"url\":\"https:\\\/\\\/dpress.ma\\\/fr\\\/wp-content\\\/uploads\\\/sites\\\/2\\\/2025\\\/02\\\/dprees-dim-42.png\",\"contentUrl\":\"https:\\\/\\\/dpress.ma\\\/fr\\\/wp-content\\\/uploads\\\/sites\\\/2\\\/2025\\\/02\\\/dprees-dim-42.png\",\"width\":780,\"height\":470},{\"@type\":\"BreadcrumbList\",\"@id\":\"https:\\\/\\\/dpress.ma\\\/fr\\\/2025\\\/02\\\/19\\\/lancement-de-la-2eme-edition-de-la-siyaha-careers-celebration-week\\\/#breadcrumb\",\"itemListElement\":[{\"@type\":\"ListItem\",\"position\":1,\"name\":\"Home\",\"item\":\"https:\\\/\\\/dpress.ma\\\/fr\\\/\"},{\"@type\":\"ListItem\",\"position\":2,\"name\":\"Lancement de la 2\u00e8me \u00e9dition de la \u201cSiyaha Careers Celebration Week\u201d\"}]},{\"@type\":\"WebSite\",\"@id\":\"https:\\\/\\\/dpress.ma\\\/fr\\\/#website\",\"url\":\"https:\\\/\\\/dpress.ma\\\/fr\\\/\",\"name\":\"Dpress.ma\\\/fr\",\"description\":\"\",\"potentialAction\":[{\"@type\":\"SearchAction\",\"target\":{\"@type\":\"EntryPoint\",\"urlTemplate\":\"https:\\\/\\\/dpress.ma\\\/fr\\\/?s={search_term_string}\"},\"query-input\":{\"@type\":\"PropertyValueSpecification\",\"valueRequired\":true,\"valueName\":\"search_term_string\"}}],\"inLanguage\":\"fr-FR\"},{\"@type\":\"Person\",\"@id\":\"https:\\\/\\\/dpress.ma\\\/fr\\\/#\\\/schema\\\/person\\\/4898febf3ccd59e6578d838656a306a0\",\"name\":\"Dpress.ma\",\"image\":{\"@type\":\"ImageObject\",\"inLanguage\":\"fr-FR\",\"@id\":\"https:\\\/\\\/secure.gravatar.com\\\/avatar\\\/72ecc30e9db047a2e0e7176561eb9d564ed77c8108376495b19bd8336405198a?s=96&d=mm&r=g\",\"url\":\"https:\\\/\\\/secure.gravatar.com\\\/avatar\\\/72ecc30e9db047a2e0e7176561eb9d564ed77c8108376495b19bd8336405198a?s=96&d=mm&r=g\",\"contentUrl\":\"https:\\\/\\\/secure.gravatar.com\\\/avatar\\\/72ecc30e9db047a2e0e7176561eb9d564ed77c8108376495b19bd8336405198a?s=96&d=mm&r=g\",\"caption\":\"Dpress.ma\"},\"sameAs\":[\"https:\\\/\\\/www.dpress.ma\"],\"url\":\"https:\\\/\\\/dpress.ma\\\/fr\\\/author\\\/dpress-ma\\\/\"}]}<\/script>\n<!-- \/ Yoast SEO plugin. -->","yoast_head_json":{"title":"Lancement de la 2\u00e8me \u00e9dition de la \u201cSiyaha Careers Celebration Week\u201d - Dpress.ma\/fr","robots":{"index":"index","follow":"follow","max-snippet":"max-snippet:-1","max-image-preview":"max-image-preview:large","max-video-preview":"max-video-preview:-1"},"canonical":"https:\/\/dpress.ma\/fr\/2025\/02\/19\/lancement-de-la-2eme-edition-de-la-siyaha-careers-celebration-week\/","og_locale":"fr_FR","og_type":"article","og_title":"Lancement de la 2\u00e8me \u00e9dition de la \u201cSiyaha Careers Celebration Week\u201d - Dpress.ma\/fr","og_description":"dpress La deuxi\u00e8me \u00e9dition de la \u201cSiyaha Careers Celebration Week\u201d, un \u00e9v\u00e8nement qui se donne pour mission de mettre en lumi\u00e8re les m\u00e9tiers du tourisme et de favoriser les \u00e9changes entre les talents \u00e9mergents et les acteurs cl\u00e9s du secteur, a \u00e9t\u00e9 officiellement lanc\u00e9e, mardi \u00e0 l\u2019Universit\u00e9 Mohammed VI Polytechnique (UM6P) de Benguerir, en pr\u00e9sence &hellip;","og_url":"https:\/\/dpress.ma\/fr\/2025\/02\/19\/lancement-de-la-2eme-edition-de-la-siyaha-careers-celebration-week\/","og_site_name":"Dpress.ma\/fr","article_published_time":"2025-02-19T08:46:33+00:00","article_modified_time":"2025-02-19T08:46:34+00:00","og_image":[{"width":780,"height":470,"url":"https:\/\/dpress.ma\/fr\/wp-content\/uploads\/sites\/2\/2025\/02\/dprees-dim-42.png","type":"image\/png"}],"author":"Dpress.ma","twitter_card":"summary_large_image","twitter_misc":{"\u00c9crit par":"Dpress.ma","Dur\u00e9e de lecture estim\u00e9e":"4 minutes"},"schema":{"@context":"https:\/\/schema.org","@graph":[{"@type":"Article","@id":"https:\/\/dpress.ma\/fr\/2025\/02\/19\/lancement-de-la-2eme-edition-de-la-siyaha-careers-celebration-week\/#article","isPartOf":{"@id":"https:\/\/dpress.ma\/fr\/2025\/02\/19\/lancement-de-la-2eme-edition-de-la-siyaha-careers-celebration-week\/"},"author":{"name":"Dpress.ma","@id":"https:\/\/dpress.ma\/fr\/#\/schema\/person\/4898febf3ccd59e6578d838656a306a0"},"headline":"Lancement de la 2\u00e8me \u00e9dition de la \u201cSiyaha Careers Celebration Week\u201d","datePublished":"2025-02-19T08:46:33+00:00","dateModified":"2025-02-19T08:46:34+00:00","mainEntityOfPage":{"@id":"https:\/\/dpress.ma\/fr\/2025\/02\/19\/lancement-de-la-2eme-edition-de-la-siyaha-careers-celebration-week\/"},"wordCount":818,"commentCount":0,"image":{"@id":"https:\/\/dpress.ma\/fr\/2025\/02\/19\/lancement-de-la-2eme-edition-de-la-siyaha-careers-celebration-week\/#primaryimage"},"thumbnailUrl":"https:\/\/dpress.ma\/fr\/wp-content\/uploads\/sites\/2\/2025\/02\/dprees-dim-42.png","articleSection":["\u00c9conomie"],"inLanguage":"fr-FR","potentialAction":[{"@type":"CommentAction","name":"Comment","target":["https:\/\/dpress.ma\/fr\/2025\/02\/19\/lancement-de-la-2eme-edition-de-la-siyaha-careers-celebration-week\/#respond"]}]},{"@type":"WebPage","@id":"https:\/\/dpress.ma\/fr\/2025\/02\/19\/lancement-de-la-2eme-edition-de-la-siyaha-careers-celebration-week\/","url":"https:\/\/dpress.ma\/fr\/2025\/02\/19\/lancement-de-la-2eme-edition-de-la-siyaha-careers-celebration-week\/","name":"Lancement de la 2\u00e8me \u00e9dition de la \u201cSiyaha Careers Celebration Week\u201d - Dpress.ma\/fr","isPartOf":{"@id":"https:\/\/dpress.ma\/fr\/#website"},"primaryImageOfPage":{"@id":"https:\/\/dpress.ma\/fr\/2025\/02\/19\/lancement-de-la-2eme-edition-de-la-siyaha-careers-celebration-week\/#primaryimage"},"image":{"@id":"https:\/\/dpress.ma\/fr\/2025\/02\/19\/lancement-de-la-2eme-edition-de-la-siyaha-careers-celebration-week\/#primaryimage"},"thumbnailUrl":"https:\/\/dpress.ma\/fr\/wp-content\/uploads\/sites\/2\/2025\/02\/dprees-dim-42.png","datePublished":"2025-02-19T08:46:33+00:00","dateModified":"2025-02-19T08:46:34+00:00","author":{"@id":"https:\/\/dpress.ma\/fr\/#\/schema\/person\/4898febf3ccd59e6578d838656a306a0"},"breadcrumb":{"@id":"https:\/\/dpress.ma\/fr\/2025\/02\/19\/lancement-de-la-2eme-edition-de-la-siyaha-careers-celebration-week\/#breadcrumb"},"inLanguage":"fr-FR","potentialAction":[{"@type":"ReadAction","target":["https:\/\/dpress.ma\/fr\/2025\/02\/19\/lancement-de-la-2eme-edition-de-la-siyaha-careers-celebration-week\/"]}]},{"@type":"ImageObject","inLanguage":"fr-FR","@id":"https:\/\/dpress.ma\/fr\/2025\/02\/19\/lancement-de-la-2eme-edition-de-la-siyaha-careers-celebration-week\/#primaryimage","url":"https:\/\/dpress.ma\/fr\/wp-content\/uploads\/sites\/2\/2025\/02\/dprees-dim-42.png","contentUrl":"https:\/\/dpress.ma\/fr\/wp-content\/uploads\/sites\/2\/2025\/02\/dprees-dim-42.png","width":780,"height":470},{"@type":"BreadcrumbList","@id":"https:\/\/dpress.ma\/fr\/2025\/02\/19\/lancement-de-la-2eme-edition-de-la-siyaha-careers-celebration-week\/#breadcrumb","itemListElement":[{"@type":"ListItem","position":1,"name":"Home","item":"https:\/\/dpress.ma\/fr\/"},{"@type":"ListItem","position":2,"name":"Lancement de la 2\u00e8me \u00e9dition de la \u201cSiyaha Careers Celebration Week\u201d"}]},{"@type":"WebSite","@id":"https:\/\/dpress.ma\/fr\/#website","url":"https:\/\/dpress.ma\/fr\/","name":"Dpress.ma\/fr","description":"","potentialAction":[{"@type":"SearchAction","target":{"@type":"EntryPoint","urlTemplate":"https:\/\/dpress.ma\/fr\/?s={search_term_string}"},"query-input":{"@type":"PropertyValueSpecification","valueRequired":true,"valueName":"search_term_string"}}],"inLanguage":"fr-FR"},{"@type":"Person","@id":"https:\/\/dpress.ma\/fr\/#\/schema\/person\/4898febf3ccd59e6578d838656a306a0","name":"Dpress.ma","image":{"@type":"ImageObject","inLanguage":"fr-FR","@id":"https:\/\/secure.gravatar.com\/avatar\/72ecc30e9db047a2e0e7176561eb9d564ed77c8108376495b19bd8336405198a?s=96&d=mm&r=g","url":"https:\/\/secure.gravatar.com\/avatar\/72ecc30e9db047a2e0e7176561eb9d564ed77c8108376495b19bd8336405198a?s=96&d=mm&r=g","contentUrl":"https:\/\/secure.gravatar.com\/avatar\/72ecc30e9db047a2e0e7176561eb9d564ed77c8108376495b19bd8336405198a?s=96&d=mm&r=g","caption":"Dpress.ma"},"sameAs":["https:\/\/www.dpress.ma"],"url":"https:\/\/dpress.ma\/fr\/author\/dpress-ma\/"}]}},"amp_enabled":true,"_links":{"self":[{"href":"https:\/\/dpress.ma\/fr\/wp-json\/wp\/v2\/posts\/12743","targetHints":{"allow":["GET"]}}],"collection":[{"href":"https:\/\/dpress.ma\/fr\/wp-json\/wp\/v2\/posts"}],"about":[{"href":"https:\/\/dpress.ma\/fr\/wp-json\/wp\/v2\/types\/post"}],"author":[{"embeddable":true,"href":"https:\/\/dpress.ma\/fr\/wp-json\/wp\/v2\/users\/2"}],"replies":[{"embeddable":true,"href":"https:\/\/dpress.ma\/fr\/wp-json\/wp\/v2\/comments?post=12743"}],"version-history":[{"count":1,"href":"https:\/\/dpress.ma\/fr\/wp-json\/wp\/v2\/posts\/12743\/revisions"}],"predecessor-version":[{"id":12745,"href":"https:\/\/dpress.ma\/fr\/wp-json\/wp\/v2\/posts\/12743\/revisions\/12745"}],"wp:featuredmedia":[{"embeddable":true,"href":"https:\/\/dpress.ma\/fr\/wp-json\/wp\/v2\/media\/12744"}],"wp:attachment":[{"href":"https:\/\/dpress.ma\/fr\/wp-json\/wp\/v2\/media?parent=12743"}],"wp:term":[{"taxonomy":"category","embeddable":true,"href":"https:\/\/dpress.ma\/fr\/wp-json\/wp\/v2\/categories?post=12743"},{"taxonomy":"post_tag","embeddable":true,"href":"https:\/\/dpress.ma\/fr\/wp-json\/wp\/v2\/tags?post=12743"}],"curies":[{"name":"wp","href":"https:\/\/api.w.org\/{rel}","templated":true}]}}