{"id":12699,"date":"2025-02-15T08:41:48","date_gmt":"2025-02-15T08:41:48","guid":{"rendered":"https:\/\/dpress.ma\/fr\/?p=12699"},"modified":"2025-02-15T08:41:51","modified_gmt":"2025-02-15T08:41:51","slug":"des-anciens-detenus-des-prisons-du-polisario-livrent-des-temoignages-poignants-sur-les-conditions-inhumaines-de-leur-detention","status":"publish","type":"post","link":"https:\/\/dpress.ma\/fr\/2025\/02\/15\/des-anciens-detenus-des-prisons-du-polisario-livrent-des-temoignages-poignants-sur-les-conditions-inhumaines-de-leur-detention\/","title":{"rendered":"Des anciens d\u00e9tenus des prisons du \u201cpolisario\u201d livrent des t\u00e9moignages poignants sur les conditions inhumaines de leur d\u00e9tention"},"content":{"rendered":"\n<p>dpress<\/p>\n\n\n\n<p>Des anciens d\u00e9tenus dans les prisons du \u201cpolisario\u201d \u00e0 Tindouf ont livr\u00e9, vendredi \u00e0 Rabat, des t\u00e9moignages poignants et douloureux sur les conditions dures et inhumaines qu\u2019ils ont subies tout au long de la p\u00e9riode de leur d\u00e9tention.<\/p>\n\n\n\n<p>Les anciens prisonniers ont r\u00e9v\u00e9l\u00e9, lors d\u2019une rencontre organis\u00e9e par l\u2019Union socialiste des forces populaires (USFP) en coordination avec la Coalition sahraouie pour la d\u00e9fense des victimes de la prison Rachid \u00e0 Tindouf, les graves violations et les pratiques abjectes contraires \u00e0 toutes les conventions internationales qu\u2019ils ont endur\u00e9es dans ces ge\u00f4les de la honte.<\/p>\n\n\n\n<p>Ils ont soulign\u00e9 que ces violations n\u2019\u00e9taient pas des cas isol\u00e9s, mais faisaient partie d\u2019un acte criminel organis\u00e9, clairement parrain\u00e9 par l\u2019Alg\u00e9rie, avec des effets sociaux et psychologiques qui hantent les victimes et leurs familles, notant que ces faits \u201ctranspercent notre m\u00e9moire collective et font saigner le c\u0153ur des familles des kidnapp\u00e9s et de ceux dont le sort reste inconnu\u201d, parmi les victimes de la terrible prison Rachid.<\/p>\n\n\n\n<p>Le chef de la Coalition sahraouie pour la d\u00e9fense des victimes de la prison de Rachid \u00e0 Tindouf, Ahmed Mohamed Lkher, qui a pass\u00e9 14 ans dans les prisons du \u201cpolisario\u201d, dont 10 ans en isolement, a d\u00e9clar\u00e9 avoir \u00e9t\u00e9 soumis aux formes de torture les plus affreuses, d\u00e9voilant les diff\u00e9rentes pratiques, dont la torture, les ex\u00e9cutions collectives, l\u2019incin\u00e9ration des cadavres, l\u2019arrachage des dents et les br\u00fblures.<\/p>\n\n\n\n<p>L\u2019ancien prisonnier, qui fut l\u2019un des dirigeants fondateurs du front s\u00e9paratiste \u201cpolisario\u201d, avant de revenir \u00e0 la raison, a bross\u00e9 un sombre tableau de Tindouf, racontant un incident au cours duquel un homme a \u00e9t\u00e9 tu\u00e9 devant ses enfants et sa femme, avant que cette derni\u00e8re ne soit s\u00e9par\u00e9e de ses enfants et ex\u00e9cut\u00e9e de sang-froid, une sc\u00e8ne qui a donn\u00e9 au public un aper\u00e7u des atrocit\u00e9s commises \u00e0 Tindouf et ses centres de d\u00e9tention.<\/p>\n\n\n\n<p>A son tour, Abdellah El Yamani, une autre victime originaire de Casablanca, a livr\u00e9 le r\u00e9cit poignant de son enl\u00e8vement, entre Agadir et Tata, par les \u00e9l\u00e9ments du \u201cpolisario\u201d qui l\u2019ont plac\u00e9 dans la prison Rachid o\u00f9 il a pass\u00e9 pas moins de 24 ans.<\/p>\n\n\n\n<p>Revenant, avec une profonde amertume, sur les conditions inhumaines de son incarc\u00e9ration, M. El Yamani a indiqu\u00e9 que le premier courrier qui lui est parvenu, 16 ans apr\u00e8s son incarc\u00e9ration, a \u00e9t\u00e9 celui annon\u00e7ant le d\u00e9c\u00e8s de ses parents. L\u2019ancien d\u00e9tenu a d\u00e9clar\u00e9 qu\u2019il tient le r\u00e9gime alg\u00e9rien pour premier responsable des graves violations des droits de l\u2019Homme dont il a \u00e9t\u00e9 victime.<\/p>\n\n\n\n<p>Au d\u00e9but de cette rencontre, le premier secr\u00e9taire de l\u2019USFP, Driss Lachgar, a affirm\u00e9 que le parti restera en t\u00eate des forces vives engag\u00e9es en faveur des questions des droits de l\u2019Homme, a fortiori lorsqu\u2019il s\u2019agit d\u2019un dossier d\u2019envergure comme celui des exactions commises dans les prisons des milices du \u201cpolisario\u201d, notant que l\u2019entit\u00e9 s\u00e9paratiste \u201csert de bras ex\u00e9cutif aux agendas et illusions d\u2019une certaine caste qui s\u2019emploie \u00e0 \u00e9craser la volont\u00e9 du peuple alg\u00e9rien fr\u00e8re\u201d.<\/p>\n\n\n\n<p>Cette rencontre, qui intervient dans le contexte des acquis r\u00e9alis\u00e9s sur le dossier de l\u2019int\u00e9grit\u00e9 territoriale, vise \u00e0 d\u00e9voiler les graves violations des droits de l\u2019Homme perp\u00e9tr\u00e9es dans la prison Rachid, a pr\u00e9cis\u00e9 M. Lachgar.<\/p>\n\n\n\n<p>C\u2019est dans ces ge\u00f4les, a-t-il signal\u00e9, que sont pratiqu\u00e9es des formes in\u00e9dites de torture physique et psychologique, tel qu\u2019attest\u00e9 par une plusieurs documents et de multiples t\u00e9moignages rendant compte de d\u00e9passements syst\u00e9matiques, et tel qu\u2019\u00e9tabli par des rapports internationaux.<\/p>\n\n\n\n<p>A l\u2019occasion de cette rencontre, il a \u00e9t\u00e9 proc\u00e9d\u00e9 \u00e0 l\u2019organisation d\u2019une exposition photographique sur les violations des droits de l\u2019Homme dans les prisons de Tindouf et la projection du film \u201cOum Cheggag\u201d qui revient sur une importante \u00e9tape de l\u2019histoire du Maroc et met en \u00e9vidence les liens solides entre les populations des Provinces du Sud et la M\u00e8re patrie.<\/p>\n","protected":false},"excerpt":{"rendered":"<p>dpress Des anciens d\u00e9tenus dans les prisons du \u201cpolisario\u201d \u00e0 Tindouf ont livr\u00e9, vendredi \u00e0 Rabat, des t\u00e9moignages poignants et douloureux sur les conditions dures et inhumaines qu\u2019ils ont subies tout au long de la p\u00e9riode de leur d\u00e9tention. Les anciens prisonniers ont r\u00e9v\u00e9l\u00e9, lors d\u2019une rencontre organis\u00e9e par l\u2019Union socialiste des forces populaires (USFP) &hellip;<\/p>\n","protected":false},"author":2,"featured_media":12700,"comment_status":"open","ping_status":"open","sticky":false,"template":"","format":"standard","meta":{"footnotes":""},"categories":[26],"tags":[],"class_list":["post-12699","post","type-post","status-publish","format-standard","has-post-thumbnail","hentry","category-politiques"],"yoast_head":"<!-- This site is optimized with the Yoast SEO plugin v27.5 - https:\/\/yoast.com\/product\/yoast-seo-wordpress\/ -->\n<title>Des anciens d\u00e9tenus des prisons du \u201cpolisario\u201d livrent des t\u00e9moignages poignants sur les conditions inhumaines de leur d\u00e9tention - Dpress.ma\/fr<\/title>\n<meta name=\"robots\" content=\"index, follow, max-snippet:-1, max-image-preview:large, max-video-preview:-1\" \/>\n<link rel=\"canonical\" href=\"https:\/\/dpress.ma\/fr\/2025\/02\/15\/des-anciens-detenus-des-prisons-du-polisario-livrent-des-temoignages-poignants-sur-les-conditions-inhumaines-de-leur-detention\/\" \/>\n<meta property=\"og:locale\" content=\"fr_FR\" \/>\n<meta property=\"og:type\" content=\"article\" \/>\n<meta property=\"og:title\" content=\"Des anciens d\u00e9tenus des prisons du \u201cpolisario\u201d livrent des t\u00e9moignages poignants sur les conditions inhumaines de leur d\u00e9tention - Dpress.ma\/fr\" \/>\n<meta property=\"og:description\" content=\"dpress Des anciens d\u00e9tenus dans les prisons du \u201cpolisario\u201d \u00e0 Tindouf ont livr\u00e9, vendredi \u00e0 Rabat, des t\u00e9moignages poignants et douloureux sur les conditions dures et inhumaines qu\u2019ils ont subies tout au long de la p\u00e9riode de leur d\u00e9tention. Les anciens prisonniers ont r\u00e9v\u00e9l\u00e9, lors d\u2019une rencontre organis\u00e9e par l\u2019Union socialiste des forces populaires (USFP) &hellip;\" \/>\n<meta property=\"og:url\" content=\"https:\/\/dpress.ma\/fr\/2025\/02\/15\/des-anciens-detenus-des-prisons-du-polisario-livrent-des-temoignages-poignants-sur-les-conditions-inhumaines-de-leur-detention\/\" \/>\n<meta property=\"og:site_name\" content=\"Dpress.ma\/fr\" \/>\n<meta property=\"article:published_time\" content=\"2025-02-15T08:41:48+00:00\" \/>\n<meta property=\"article:modified_time\" content=\"2025-02-15T08:41:51+00:00\" \/>\n<meta property=\"og:image\" content=\"https:\/\/dpress.ma\/fr\/wp-content\/uploads\/sites\/2\/2025\/02\/dprees-dim-31.png\" \/>\n\t<meta property=\"og:image:width\" content=\"780\" \/>\n\t<meta property=\"og:image:height\" content=\"470\" \/>\n\t<meta property=\"og:image:type\" content=\"image\/png\" \/>\n<meta name=\"author\" content=\"Dpress.ma\" \/>\n<meta name=\"twitter:card\" content=\"summary_large_image\" \/>\n<meta name=\"twitter:label1\" content=\"\u00c9crit par\" \/>\n\t<meta name=\"twitter:data1\" content=\"Dpress.ma\" \/>\n\t<meta name=\"twitter:label2\" content=\"Dur\u00e9e de lecture estim\u00e9e\" \/>\n\t<meta name=\"twitter:data2\" content=\"4 minutes\" \/>\n<script type=\"application\/ld+json\" class=\"yoast-schema-graph\">{\"@context\":\"https:\\\/\\\/schema.org\",\"@graph\":[{\"@type\":\"Article\",\"@id\":\"https:\\\/\\\/dpress.ma\\\/fr\\\/2025\\\/02\\\/15\\\/des-anciens-detenus-des-prisons-du-polisario-livrent-des-temoignages-poignants-sur-les-conditions-inhumaines-de-leur-detention\\\/#article\",\"isPartOf\":{\"@id\":\"https:\\\/\\\/dpress.ma\\\/fr\\\/2025\\\/02\\\/15\\\/des-anciens-detenus-des-prisons-du-polisario-livrent-des-temoignages-poignants-sur-les-conditions-inhumaines-de-leur-detention\\\/\"},\"author\":{\"name\":\"Dpress.ma\",\"@id\":\"https:\\\/\\\/dpress.ma\\\/fr\\\/#\\\/schema\\\/person\\\/4898febf3ccd59e6578d838656a306a0\"},\"headline\":\"Des anciens d\u00e9tenus des prisons du \u201cpolisario\u201d livrent des t\u00e9moignages poignants sur les conditions inhumaines de leur d\u00e9tention\",\"datePublished\":\"2025-02-15T08:41:48+00:00\",\"dateModified\":\"2025-02-15T08:41:51+00:00\",\"mainEntityOfPage\":{\"@id\":\"https:\\\/\\\/dpress.ma\\\/fr\\\/2025\\\/02\\\/15\\\/des-anciens-detenus-des-prisons-du-polisario-livrent-des-temoignages-poignants-sur-les-conditions-inhumaines-de-leur-detention\\\/\"},\"wordCount\":732,\"commentCount\":0,\"image\":{\"@id\":\"https:\\\/\\\/dpress.ma\\\/fr\\\/2025\\\/02\\\/15\\\/des-anciens-detenus-des-prisons-du-polisario-livrent-des-temoignages-poignants-sur-les-conditions-inhumaines-de-leur-detention\\\/#primaryimage\"},\"thumbnailUrl\":\"https:\\\/\\\/dpress.ma\\\/fr\\\/wp-content\\\/uploads\\\/sites\\\/2\\\/2025\\\/02\\\/dprees-dim-31.png\",\"articleSection\":[\"Politiques\"],\"inLanguage\":\"fr-FR\",\"potentialAction\":[{\"@type\":\"CommentAction\",\"name\":\"Comment\",\"target\":[\"https:\\\/\\\/dpress.ma\\\/fr\\\/2025\\\/02\\\/15\\\/des-anciens-detenus-des-prisons-du-polisario-livrent-des-temoignages-poignants-sur-les-conditions-inhumaines-de-leur-detention\\\/#respond\"]}]},{\"@type\":\"WebPage\",\"@id\":\"https:\\\/\\\/dpress.ma\\\/fr\\\/2025\\\/02\\\/15\\\/des-anciens-detenus-des-prisons-du-polisario-livrent-des-temoignages-poignants-sur-les-conditions-inhumaines-de-leur-detention\\\/\",\"url\":\"https:\\\/\\\/dpress.ma\\\/fr\\\/2025\\\/02\\\/15\\\/des-anciens-detenus-des-prisons-du-polisario-livrent-des-temoignages-poignants-sur-les-conditions-inhumaines-de-leur-detention\\\/\",\"name\":\"Des anciens d\u00e9tenus des prisons du \u201cpolisario\u201d livrent des t\u00e9moignages poignants sur les conditions inhumaines de leur d\u00e9tention - Dpress.ma\\\/fr\",\"isPartOf\":{\"@id\":\"https:\\\/\\\/dpress.ma\\\/fr\\\/#website\"},\"primaryImageOfPage\":{\"@id\":\"https:\\\/\\\/dpress.ma\\\/fr\\\/2025\\\/02\\\/15\\\/des-anciens-detenus-des-prisons-du-polisario-livrent-des-temoignages-poignants-sur-les-conditions-inhumaines-de-leur-detention\\\/#primaryimage\"},\"image\":{\"@id\":\"https:\\\/\\\/dpress.ma\\\/fr\\\/2025\\\/02\\\/15\\\/des-anciens-detenus-des-prisons-du-polisario-livrent-des-temoignages-poignants-sur-les-conditions-inhumaines-de-leur-detention\\\/#primaryimage\"},\"thumbnailUrl\":\"https:\\\/\\\/dpress.ma\\\/fr\\\/wp-content\\\/uploads\\\/sites\\\/2\\\/2025\\\/02\\\/dprees-dim-31.png\",\"datePublished\":\"2025-02-15T08:41:48+00:00\",\"dateModified\":\"2025-02-15T08:41:51+00:00\",\"author\":{\"@id\":\"https:\\\/\\\/dpress.ma\\\/fr\\\/#\\\/schema\\\/person\\\/4898febf3ccd59e6578d838656a306a0\"},\"breadcrumb\":{\"@id\":\"https:\\\/\\\/dpress.ma\\\/fr\\\/2025\\\/02\\\/15\\\/des-anciens-detenus-des-prisons-du-polisario-livrent-des-temoignages-poignants-sur-les-conditions-inhumaines-de-leur-detention\\\/#breadcrumb\"},\"inLanguage\":\"fr-FR\",\"potentialAction\":[{\"@type\":\"ReadAction\",\"target\":[\"https:\\\/\\\/dpress.ma\\\/fr\\\/2025\\\/02\\\/15\\\/des-anciens-detenus-des-prisons-du-polisario-livrent-des-temoignages-poignants-sur-les-conditions-inhumaines-de-leur-detention\\\/\"]}]},{\"@type\":\"ImageObject\",\"inLanguage\":\"fr-FR\",\"@id\":\"https:\\\/\\\/dpress.ma\\\/fr\\\/2025\\\/02\\\/15\\\/des-anciens-detenus-des-prisons-du-polisario-livrent-des-temoignages-poignants-sur-les-conditions-inhumaines-de-leur-detention\\\/#primaryimage\",\"url\":\"https:\\\/\\\/dpress.ma\\\/fr\\\/wp-content\\\/uploads\\\/sites\\\/2\\\/2025\\\/02\\\/dprees-dim-31.png\",\"contentUrl\":\"https:\\\/\\\/dpress.ma\\\/fr\\\/wp-content\\\/uploads\\\/sites\\\/2\\\/2025\\\/02\\\/dprees-dim-31.png\",\"width\":780,\"height\":470},{\"@type\":\"BreadcrumbList\",\"@id\":\"https:\\\/\\\/dpress.ma\\\/fr\\\/2025\\\/02\\\/15\\\/des-anciens-detenus-des-prisons-du-polisario-livrent-des-temoignages-poignants-sur-les-conditions-inhumaines-de-leur-detention\\\/#breadcrumb\",\"itemListElement\":[{\"@type\":\"ListItem\",\"position\":1,\"name\":\"Home\",\"item\":\"https:\\\/\\\/dpress.ma\\\/fr\\\/\"},{\"@type\":\"ListItem\",\"position\":2,\"name\":\"Des anciens d\u00e9tenus des prisons du \u201cpolisario\u201d livrent des t\u00e9moignages poignants sur les conditions inhumaines de leur d\u00e9tention\"}]},{\"@type\":\"WebSite\",\"@id\":\"https:\\\/\\\/dpress.ma\\\/fr\\\/#website\",\"url\":\"https:\\\/\\\/dpress.ma\\\/fr\\\/\",\"name\":\"Dpress.ma\\\/fr\",\"description\":\"\",\"potentialAction\":[{\"@type\":\"SearchAction\",\"target\":{\"@type\":\"EntryPoint\",\"urlTemplate\":\"https:\\\/\\\/dpress.ma\\\/fr\\\/?s={search_term_string}\"},\"query-input\":{\"@type\":\"PropertyValueSpecification\",\"valueRequired\":true,\"valueName\":\"search_term_string\"}}],\"inLanguage\":\"fr-FR\"},{\"@type\":\"Person\",\"@id\":\"https:\\\/\\\/dpress.ma\\\/fr\\\/#\\\/schema\\\/person\\\/4898febf3ccd59e6578d838656a306a0\",\"name\":\"Dpress.ma\",\"image\":{\"@type\":\"ImageObject\",\"inLanguage\":\"fr-FR\",\"@id\":\"https:\\\/\\\/secure.gravatar.com\\\/avatar\\\/72ecc30e9db047a2e0e7176561eb9d564ed77c8108376495b19bd8336405198a?s=96&d=mm&r=g\",\"url\":\"https:\\\/\\\/secure.gravatar.com\\\/avatar\\\/72ecc30e9db047a2e0e7176561eb9d564ed77c8108376495b19bd8336405198a?s=96&d=mm&r=g\",\"contentUrl\":\"https:\\\/\\\/secure.gravatar.com\\\/avatar\\\/72ecc30e9db047a2e0e7176561eb9d564ed77c8108376495b19bd8336405198a?s=96&d=mm&r=g\",\"caption\":\"Dpress.ma\"},\"sameAs\":[\"https:\\\/\\\/www.dpress.ma\"],\"url\":\"https:\\\/\\\/dpress.ma\\\/fr\\\/author\\\/dpress-ma\\\/\"}]}<\/script>\n<!-- \/ Yoast SEO plugin. -->","yoast_head_json":{"title":"Des anciens d\u00e9tenus des prisons du \u201cpolisario\u201d livrent des t\u00e9moignages poignants sur les conditions inhumaines de leur d\u00e9tention - Dpress.ma\/fr","robots":{"index":"index","follow":"follow","max-snippet":"max-snippet:-1","max-image-preview":"max-image-preview:large","max-video-preview":"max-video-preview:-1"},"canonical":"https:\/\/dpress.ma\/fr\/2025\/02\/15\/des-anciens-detenus-des-prisons-du-polisario-livrent-des-temoignages-poignants-sur-les-conditions-inhumaines-de-leur-detention\/","og_locale":"fr_FR","og_type":"article","og_title":"Des anciens d\u00e9tenus des prisons du \u201cpolisario\u201d livrent des t\u00e9moignages poignants sur les conditions inhumaines de leur d\u00e9tention - Dpress.ma\/fr","og_description":"dpress Des anciens d\u00e9tenus dans les prisons du \u201cpolisario\u201d \u00e0 Tindouf ont livr\u00e9, vendredi \u00e0 Rabat, des t\u00e9moignages poignants et douloureux sur les conditions dures et inhumaines qu\u2019ils ont subies tout au long de la p\u00e9riode de leur d\u00e9tention. Les anciens prisonniers ont r\u00e9v\u00e9l\u00e9, lors d\u2019une rencontre organis\u00e9e par l\u2019Union socialiste des forces populaires (USFP) &hellip;","og_url":"https:\/\/dpress.ma\/fr\/2025\/02\/15\/des-anciens-detenus-des-prisons-du-polisario-livrent-des-temoignages-poignants-sur-les-conditions-inhumaines-de-leur-detention\/","og_site_name":"Dpress.ma\/fr","article_published_time":"2025-02-15T08:41:48+00:00","article_modified_time":"2025-02-15T08:41:51+00:00","og_image":[{"width":780,"height":470,"url":"https:\/\/dpress.ma\/fr\/wp-content\/uploads\/sites\/2\/2025\/02\/dprees-dim-31.png","type":"image\/png"}],"author":"Dpress.ma","twitter_card":"summary_large_image","twitter_misc":{"\u00c9crit par":"Dpress.ma","Dur\u00e9e de lecture estim\u00e9e":"4 minutes"},"schema":{"@context":"https:\/\/schema.org","@graph":[{"@type":"Article","@id":"https:\/\/dpress.ma\/fr\/2025\/02\/15\/des-anciens-detenus-des-prisons-du-polisario-livrent-des-temoignages-poignants-sur-les-conditions-inhumaines-de-leur-detention\/#article","isPartOf":{"@id":"https:\/\/dpress.ma\/fr\/2025\/02\/15\/des-anciens-detenus-des-prisons-du-polisario-livrent-des-temoignages-poignants-sur-les-conditions-inhumaines-de-leur-detention\/"},"author":{"name":"Dpress.ma","@id":"https:\/\/dpress.ma\/fr\/#\/schema\/person\/4898febf3ccd59e6578d838656a306a0"},"headline":"Des anciens d\u00e9tenus des prisons du \u201cpolisario\u201d livrent des t\u00e9moignages poignants sur les conditions inhumaines de leur d\u00e9tention","datePublished":"2025-02-15T08:41:48+00:00","dateModified":"2025-02-15T08:41:51+00:00","mainEntityOfPage":{"@id":"https:\/\/dpress.ma\/fr\/2025\/02\/15\/des-anciens-detenus-des-prisons-du-polisario-livrent-des-temoignages-poignants-sur-les-conditions-inhumaines-de-leur-detention\/"},"wordCount":732,"commentCount":0,"image":{"@id":"https:\/\/dpress.ma\/fr\/2025\/02\/15\/des-anciens-detenus-des-prisons-du-polisario-livrent-des-temoignages-poignants-sur-les-conditions-inhumaines-de-leur-detention\/#primaryimage"},"thumbnailUrl":"https:\/\/dpress.ma\/fr\/wp-content\/uploads\/sites\/2\/2025\/02\/dprees-dim-31.png","articleSection":["Politiques"],"inLanguage":"fr-FR","potentialAction":[{"@type":"CommentAction","name":"Comment","target":["https:\/\/dpress.ma\/fr\/2025\/02\/15\/des-anciens-detenus-des-prisons-du-polisario-livrent-des-temoignages-poignants-sur-les-conditions-inhumaines-de-leur-detention\/#respond"]}]},{"@type":"WebPage","@id":"https:\/\/dpress.ma\/fr\/2025\/02\/15\/des-anciens-detenus-des-prisons-du-polisario-livrent-des-temoignages-poignants-sur-les-conditions-inhumaines-de-leur-detention\/","url":"https:\/\/dpress.ma\/fr\/2025\/02\/15\/des-anciens-detenus-des-prisons-du-polisario-livrent-des-temoignages-poignants-sur-les-conditions-inhumaines-de-leur-detention\/","name":"Des anciens d\u00e9tenus des prisons du \u201cpolisario\u201d livrent des t\u00e9moignages poignants sur les conditions inhumaines de leur d\u00e9tention - Dpress.ma\/fr","isPartOf":{"@id":"https:\/\/dpress.ma\/fr\/#website"},"primaryImageOfPage":{"@id":"https:\/\/dpress.ma\/fr\/2025\/02\/15\/des-anciens-detenus-des-prisons-du-polisario-livrent-des-temoignages-poignants-sur-les-conditions-inhumaines-de-leur-detention\/#primaryimage"},"image":{"@id":"https:\/\/dpress.ma\/fr\/2025\/02\/15\/des-anciens-detenus-des-prisons-du-polisario-livrent-des-temoignages-poignants-sur-les-conditions-inhumaines-de-leur-detention\/#primaryimage"},"thumbnailUrl":"https:\/\/dpress.ma\/fr\/wp-content\/uploads\/sites\/2\/2025\/02\/dprees-dim-31.png","datePublished":"2025-02-15T08:41:48+00:00","dateModified":"2025-02-15T08:41:51+00:00","author":{"@id":"https:\/\/dpress.ma\/fr\/#\/schema\/person\/4898febf3ccd59e6578d838656a306a0"},"breadcrumb":{"@id":"https:\/\/dpress.ma\/fr\/2025\/02\/15\/des-anciens-detenus-des-prisons-du-polisario-livrent-des-temoignages-poignants-sur-les-conditions-inhumaines-de-leur-detention\/#breadcrumb"},"inLanguage":"fr-FR","potentialAction":[{"@type":"ReadAction","target":["https:\/\/dpress.ma\/fr\/2025\/02\/15\/des-anciens-detenus-des-prisons-du-polisario-livrent-des-temoignages-poignants-sur-les-conditions-inhumaines-de-leur-detention\/"]}]},{"@type":"ImageObject","inLanguage":"fr-FR","@id":"https:\/\/dpress.ma\/fr\/2025\/02\/15\/des-anciens-detenus-des-prisons-du-polisario-livrent-des-temoignages-poignants-sur-les-conditions-inhumaines-de-leur-detention\/#primaryimage","url":"https:\/\/dpress.ma\/fr\/wp-content\/uploads\/sites\/2\/2025\/02\/dprees-dim-31.png","contentUrl":"https:\/\/dpress.ma\/fr\/wp-content\/uploads\/sites\/2\/2025\/02\/dprees-dim-31.png","width":780,"height":470},{"@type":"BreadcrumbList","@id":"https:\/\/dpress.ma\/fr\/2025\/02\/15\/des-anciens-detenus-des-prisons-du-polisario-livrent-des-temoignages-poignants-sur-les-conditions-inhumaines-de-leur-detention\/#breadcrumb","itemListElement":[{"@type":"ListItem","position":1,"name":"Home","item":"https:\/\/dpress.ma\/fr\/"},{"@type":"ListItem","position":2,"name":"Des anciens d\u00e9tenus des prisons du \u201cpolisario\u201d livrent des t\u00e9moignages poignants sur les conditions inhumaines de leur d\u00e9tention"}]},{"@type":"WebSite","@id":"https:\/\/dpress.ma\/fr\/#website","url":"https:\/\/dpress.ma\/fr\/","name":"Dpress.ma\/fr","description":"","potentialAction":[{"@type":"SearchAction","target":{"@type":"EntryPoint","urlTemplate":"https:\/\/dpress.ma\/fr\/?s={search_term_string}"},"query-input":{"@type":"PropertyValueSpecification","valueRequired":true,"valueName":"search_term_string"}}],"inLanguage":"fr-FR"},{"@type":"Person","@id":"https:\/\/dpress.ma\/fr\/#\/schema\/person\/4898febf3ccd59e6578d838656a306a0","name":"Dpress.ma","image":{"@type":"ImageObject","inLanguage":"fr-FR","@id":"https:\/\/secure.gravatar.com\/avatar\/72ecc30e9db047a2e0e7176561eb9d564ed77c8108376495b19bd8336405198a?s=96&d=mm&r=g","url":"https:\/\/secure.gravatar.com\/avatar\/72ecc30e9db047a2e0e7176561eb9d564ed77c8108376495b19bd8336405198a?s=96&d=mm&r=g","contentUrl":"https:\/\/secure.gravatar.com\/avatar\/72ecc30e9db047a2e0e7176561eb9d564ed77c8108376495b19bd8336405198a?s=96&d=mm&r=g","caption":"Dpress.ma"},"sameAs":["https:\/\/www.dpress.ma"],"url":"https:\/\/dpress.ma\/fr\/author\/dpress-ma\/"}]}},"amp_enabled":true,"_links":{"self":[{"href":"https:\/\/dpress.ma\/fr\/wp-json\/wp\/v2\/posts\/12699","targetHints":{"allow":["GET"]}}],"collection":[{"href":"https:\/\/dpress.ma\/fr\/wp-json\/wp\/v2\/posts"}],"about":[{"href":"https:\/\/dpress.ma\/fr\/wp-json\/wp\/v2\/types\/post"}],"author":[{"embeddable":true,"href":"https:\/\/dpress.ma\/fr\/wp-json\/wp\/v2\/users\/2"}],"replies":[{"embeddable":true,"href":"https:\/\/dpress.ma\/fr\/wp-json\/wp\/v2\/comments?post=12699"}],"version-history":[{"count":1,"href":"https:\/\/dpress.ma\/fr\/wp-json\/wp\/v2\/posts\/12699\/revisions"}],"predecessor-version":[{"id":12701,"href":"https:\/\/dpress.ma\/fr\/wp-json\/wp\/v2\/posts\/12699\/revisions\/12701"}],"wp:featuredmedia":[{"embeddable":true,"href":"https:\/\/dpress.ma\/fr\/wp-json\/wp\/v2\/media\/12700"}],"wp:attachment":[{"href":"https:\/\/dpress.ma\/fr\/wp-json\/wp\/v2\/media?parent=12699"}],"wp:term":[{"taxonomy":"category","embeddable":true,"href":"https:\/\/dpress.ma\/fr\/wp-json\/wp\/v2\/categories?post=12699"},{"taxonomy":"post_tag","embeddable":true,"href":"https:\/\/dpress.ma\/fr\/wp-json\/wp\/v2\/tags?post=12699"}],"curies":[{"name":"wp","href":"https:\/\/api.w.org\/{rel}","templated":true}]}}