{"id":12696,"date":"2025-02-15T08:39:59","date_gmt":"2025-02-15T08:39:59","guid":{"rendered":"https:\/\/dpress.ma\/fr\/?p=12696"},"modified":"2025-02-15T08:40:00","modified_gmt":"2025-02-15T08:40:00","slug":"m-khalihenna-ould-errachid-sentretient-avec-une-delegation-du-bureau-executif-du-parlatino","status":"publish","type":"post","link":"https:\/\/dpress.ma\/fr\/2025\/02\/15\/m-khalihenna-ould-errachid-sentretient-avec-une-delegation-du-bureau-executif-du-parlatino\/","title":{"rendered":"M. Khalihenna Ould Errachid s\u2019entretient avec une d\u00e9l\u00e9gation du bureau ex\u00e9cutif du Parlatino"},"content":{"rendered":"\n<p>dpress<\/p>\n\n\n\n<p>Le pr\u00e9sident du Conseil Royal Consultatif des Affaires Sahariennes (CORCAS), Khalihenna Ould Errachid, s\u2019est entretenu, vendredi \u00e0 Rabat, avec une d\u00e9l\u00e9gation du bureau ex\u00e9cutif du Parlement d\u2019Am\u00e9rique latine et des Cara\u00efbes (Parlatino).<\/p>\n\n\n\n<p>La d\u00e9l\u00e9gation Parlatino est compos\u00e9e notamment du pr\u00e9sident de cette organisation parlementaire r\u00e9gionale, Rolando Gonz\u00e1lez Patricio, Carlos Nu\u00f1ez Salinas (vice-pr\u00e9sident) et Elias Castillo (secr\u00e9taire g\u00e9n\u00e9ral ex\u00e9cutif et ancien pr\u00e9sident).<\/p>\n\n\n\n<p>Cette rencontre s\u2019est d\u00e9roul\u00e9e en pr\u00e9sence des membres de cette instance Alba del Carmen Prieto (P\u00e9rou), Didiano Pinilla (Panama), Milina Ajoy Palma (Costa Rica) et Pacheco Alfredo Osoria (R\u00e9publique dominicaine).<\/p>\n\n\n\n<p>Jeudi, le bureau ex\u00e9cutif du Parlatino avait tenu une r\u00e9union avec le bureau de la Chambre des Conseillers, qui a \u00e9t\u00e9 sanctionn\u00e9e par une d\u00e9claration conjointe portant sur le renforcement et le d\u00e9veloppement de l\u2019action commune.<\/p>\n\n\n\n<p>En vertu de cette d\u00e9claration, les deux parties ont convenu d\u2019agir en tant que partenaires strat\u00e9giques et de poursuivre la coop\u00e9ration commune pour la promotion du Forum parlementaire afro-latino-am\u00e9ricain (AFROLAC) et la pr\u00e9paration de son prochain sommet au Royaume les 29 et 30 avril prochain.<\/p>\n","protected":false},"excerpt":{"rendered":"<p>dpress Le pr\u00e9sident du Conseil Royal Consultatif des Affaires Sahariennes (CORCAS), Khalihenna Ould Errachid, s\u2019est entretenu, vendredi \u00e0 Rabat, avec une d\u00e9l\u00e9gation du bureau ex\u00e9cutif du Parlement d\u2019Am\u00e9rique latine et des Cara\u00efbes (Parlatino). La d\u00e9l\u00e9gation Parlatino est compos\u00e9e notamment du pr\u00e9sident de cette organisation parlementaire r\u00e9gionale, Rolando Gonz\u00e1lez Patricio, Carlos Nu\u00f1ez Salinas (vice-pr\u00e9sident) et Elias &hellip;<\/p>\n","protected":false},"author":2,"featured_media":12697,"comment_status":"open","ping_status":"open","sticky":false,"template":"","format":"standard","meta":{"footnotes":""},"categories":[40],"tags":[],"class_list":["post-12696","post","type-post","status-publish","format-standard","has-post-thumbnail","hentry","category-societe-et-regions"],"yoast_head":"<!-- This site is optimized with the Yoast SEO plugin v27.5 - https:\/\/yoast.com\/product\/yoast-seo-wordpress\/ -->\n<title>M. Khalihenna Ould Errachid s\u2019entretient avec une d\u00e9l\u00e9gation du bureau ex\u00e9cutif du Parlatino - Dpress.ma\/fr<\/title>\n<meta name=\"robots\" content=\"index, follow, max-snippet:-1, max-image-preview:large, max-video-preview:-1\" \/>\n<link rel=\"canonical\" href=\"https:\/\/dpress.ma\/fr\/2025\/02\/15\/m-khalihenna-ould-errachid-sentretient-avec-une-delegation-du-bureau-executif-du-parlatino\/\" \/>\n<meta property=\"og:locale\" content=\"fr_FR\" \/>\n<meta property=\"og:type\" content=\"article\" \/>\n<meta property=\"og:title\" content=\"M. Khalihenna Ould Errachid s\u2019entretient avec une d\u00e9l\u00e9gation du bureau ex\u00e9cutif du Parlatino - Dpress.ma\/fr\" \/>\n<meta property=\"og:description\" content=\"dpress Le pr\u00e9sident du Conseil Royal Consultatif des Affaires Sahariennes (CORCAS), Khalihenna Ould Errachid, s\u2019est entretenu, vendredi \u00e0 Rabat, avec une d\u00e9l\u00e9gation du bureau ex\u00e9cutif du Parlement d\u2019Am\u00e9rique latine et des Cara\u00efbes (Parlatino). La d\u00e9l\u00e9gation Parlatino est compos\u00e9e notamment du pr\u00e9sident de cette organisation parlementaire r\u00e9gionale, Rolando Gonz\u00e1lez Patricio, Carlos Nu\u00f1ez Salinas (vice-pr\u00e9sident) et Elias &hellip;\" \/>\n<meta property=\"og:url\" content=\"https:\/\/dpress.ma\/fr\/2025\/02\/15\/m-khalihenna-ould-errachid-sentretient-avec-une-delegation-du-bureau-executif-du-parlatino\/\" \/>\n<meta property=\"og:site_name\" content=\"Dpress.ma\/fr\" \/>\n<meta property=\"article:published_time\" content=\"2025-02-15T08:39:59+00:00\" \/>\n<meta property=\"article:modified_time\" content=\"2025-02-15T08:40:00+00:00\" \/>\n<meta property=\"og:image\" content=\"https:\/\/dpress.ma\/fr\/wp-content\/uploads\/sites\/2\/2025\/02\/dprees-dim-30.png\" \/>\n\t<meta property=\"og:image:width\" content=\"780\" \/>\n\t<meta property=\"og:image:height\" content=\"470\" \/>\n\t<meta property=\"og:image:type\" content=\"image\/png\" \/>\n<meta name=\"author\" content=\"Dpress.ma\" \/>\n<meta name=\"twitter:card\" content=\"summary_large_image\" \/>\n<meta name=\"twitter:label1\" content=\"\u00c9crit par\" \/>\n\t<meta name=\"twitter:data1\" content=\"Dpress.ma\" \/>\n\t<meta name=\"twitter:label2\" content=\"Dur\u00e9e de lecture estim\u00e9e\" \/>\n\t<meta name=\"twitter:data2\" content=\"2 minutes\" \/>\n<script type=\"application\/ld+json\" class=\"yoast-schema-graph\">{\"@context\":\"https:\\\/\\\/schema.org\",\"@graph\":[{\"@type\":\"Article\",\"@id\":\"https:\\\/\\\/dpress.ma\\\/fr\\\/2025\\\/02\\\/15\\\/m-khalihenna-ould-errachid-sentretient-avec-une-delegation-du-bureau-executif-du-parlatino\\\/#article\",\"isPartOf\":{\"@id\":\"https:\\\/\\\/dpress.ma\\\/fr\\\/2025\\\/02\\\/15\\\/m-khalihenna-ould-errachid-sentretient-avec-une-delegation-du-bureau-executif-du-parlatino\\\/\"},\"author\":{\"name\":\"Dpress.ma\",\"@id\":\"https:\\\/\\\/dpress.ma\\\/fr\\\/#\\\/schema\\\/person\\\/4898febf3ccd59e6578d838656a306a0\"},\"headline\":\"M. Khalihenna Ould Errachid s\u2019entretient avec une d\u00e9l\u00e9gation du bureau ex\u00e9cutif du Parlatino\",\"datePublished\":\"2025-02-15T08:39:59+00:00\",\"dateModified\":\"2025-02-15T08:40:00+00:00\",\"mainEntityOfPage\":{\"@id\":\"https:\\\/\\\/dpress.ma\\\/fr\\\/2025\\\/02\\\/15\\\/m-khalihenna-ould-errachid-sentretient-avec-une-delegation-du-bureau-executif-du-parlatino\\\/\"},\"wordCount\":226,\"commentCount\":0,\"image\":{\"@id\":\"https:\\\/\\\/dpress.ma\\\/fr\\\/2025\\\/02\\\/15\\\/m-khalihenna-ould-errachid-sentretient-avec-une-delegation-du-bureau-executif-du-parlatino\\\/#primaryimage\"},\"thumbnailUrl\":\"https:\\\/\\\/dpress.ma\\\/fr\\\/wp-content\\\/uploads\\\/sites\\\/2\\\/2025\\\/02\\\/dprees-dim-30.png\",\"articleSection\":[\"societe et regions\"],\"inLanguage\":\"fr-FR\",\"potentialAction\":[{\"@type\":\"CommentAction\",\"name\":\"Comment\",\"target\":[\"https:\\\/\\\/dpress.ma\\\/fr\\\/2025\\\/02\\\/15\\\/m-khalihenna-ould-errachid-sentretient-avec-une-delegation-du-bureau-executif-du-parlatino\\\/#respond\"]}]},{\"@type\":\"WebPage\",\"@id\":\"https:\\\/\\\/dpress.ma\\\/fr\\\/2025\\\/02\\\/15\\\/m-khalihenna-ould-errachid-sentretient-avec-une-delegation-du-bureau-executif-du-parlatino\\\/\",\"url\":\"https:\\\/\\\/dpress.ma\\\/fr\\\/2025\\\/02\\\/15\\\/m-khalihenna-ould-errachid-sentretient-avec-une-delegation-du-bureau-executif-du-parlatino\\\/\",\"name\":\"M. Khalihenna Ould Errachid s\u2019entretient avec une d\u00e9l\u00e9gation du bureau ex\u00e9cutif du Parlatino - Dpress.ma\\\/fr\",\"isPartOf\":{\"@id\":\"https:\\\/\\\/dpress.ma\\\/fr\\\/#website\"},\"primaryImageOfPage\":{\"@id\":\"https:\\\/\\\/dpress.ma\\\/fr\\\/2025\\\/02\\\/15\\\/m-khalihenna-ould-errachid-sentretient-avec-une-delegation-du-bureau-executif-du-parlatino\\\/#primaryimage\"},\"image\":{\"@id\":\"https:\\\/\\\/dpress.ma\\\/fr\\\/2025\\\/02\\\/15\\\/m-khalihenna-ould-errachid-sentretient-avec-une-delegation-du-bureau-executif-du-parlatino\\\/#primaryimage\"},\"thumbnailUrl\":\"https:\\\/\\\/dpress.ma\\\/fr\\\/wp-content\\\/uploads\\\/sites\\\/2\\\/2025\\\/02\\\/dprees-dim-30.png\",\"datePublished\":\"2025-02-15T08:39:59+00:00\",\"dateModified\":\"2025-02-15T08:40:00+00:00\",\"author\":{\"@id\":\"https:\\\/\\\/dpress.ma\\\/fr\\\/#\\\/schema\\\/person\\\/4898febf3ccd59e6578d838656a306a0\"},\"breadcrumb\":{\"@id\":\"https:\\\/\\\/dpress.ma\\\/fr\\\/2025\\\/02\\\/15\\\/m-khalihenna-ould-errachid-sentretient-avec-une-delegation-du-bureau-executif-du-parlatino\\\/#breadcrumb\"},\"inLanguage\":\"fr-FR\",\"potentialAction\":[{\"@type\":\"ReadAction\",\"target\":[\"https:\\\/\\\/dpress.ma\\\/fr\\\/2025\\\/02\\\/15\\\/m-khalihenna-ould-errachid-sentretient-avec-une-delegation-du-bureau-executif-du-parlatino\\\/\"]}]},{\"@type\":\"ImageObject\",\"inLanguage\":\"fr-FR\",\"@id\":\"https:\\\/\\\/dpress.ma\\\/fr\\\/2025\\\/02\\\/15\\\/m-khalihenna-ould-errachid-sentretient-avec-une-delegation-du-bureau-executif-du-parlatino\\\/#primaryimage\",\"url\":\"https:\\\/\\\/dpress.ma\\\/fr\\\/wp-content\\\/uploads\\\/sites\\\/2\\\/2025\\\/02\\\/dprees-dim-30.png\",\"contentUrl\":\"https:\\\/\\\/dpress.ma\\\/fr\\\/wp-content\\\/uploads\\\/sites\\\/2\\\/2025\\\/02\\\/dprees-dim-30.png\",\"width\":780,\"height\":470},{\"@type\":\"BreadcrumbList\",\"@id\":\"https:\\\/\\\/dpress.ma\\\/fr\\\/2025\\\/02\\\/15\\\/m-khalihenna-ould-errachid-sentretient-avec-une-delegation-du-bureau-executif-du-parlatino\\\/#breadcrumb\",\"itemListElement\":[{\"@type\":\"ListItem\",\"position\":1,\"name\":\"Home\",\"item\":\"https:\\\/\\\/dpress.ma\\\/fr\\\/\"},{\"@type\":\"ListItem\",\"position\":2,\"name\":\"M. Khalihenna Ould Errachid s\u2019entretient avec une d\u00e9l\u00e9gation du bureau ex\u00e9cutif du Parlatino\"}]},{\"@type\":\"WebSite\",\"@id\":\"https:\\\/\\\/dpress.ma\\\/fr\\\/#website\",\"url\":\"https:\\\/\\\/dpress.ma\\\/fr\\\/\",\"name\":\"Dpress.ma\\\/fr\",\"description\":\"\",\"potentialAction\":[{\"@type\":\"SearchAction\",\"target\":{\"@type\":\"EntryPoint\",\"urlTemplate\":\"https:\\\/\\\/dpress.ma\\\/fr\\\/?s={search_term_string}\"},\"query-input\":{\"@type\":\"PropertyValueSpecification\",\"valueRequired\":true,\"valueName\":\"search_term_string\"}}],\"inLanguage\":\"fr-FR\"},{\"@type\":\"Person\",\"@id\":\"https:\\\/\\\/dpress.ma\\\/fr\\\/#\\\/schema\\\/person\\\/4898febf3ccd59e6578d838656a306a0\",\"name\":\"Dpress.ma\",\"image\":{\"@type\":\"ImageObject\",\"inLanguage\":\"fr-FR\",\"@id\":\"https:\\\/\\\/secure.gravatar.com\\\/avatar\\\/72ecc30e9db047a2e0e7176561eb9d564ed77c8108376495b19bd8336405198a?s=96&d=mm&r=g\",\"url\":\"https:\\\/\\\/secure.gravatar.com\\\/avatar\\\/72ecc30e9db047a2e0e7176561eb9d564ed77c8108376495b19bd8336405198a?s=96&d=mm&r=g\",\"contentUrl\":\"https:\\\/\\\/secure.gravatar.com\\\/avatar\\\/72ecc30e9db047a2e0e7176561eb9d564ed77c8108376495b19bd8336405198a?s=96&d=mm&r=g\",\"caption\":\"Dpress.ma\"},\"sameAs\":[\"https:\\\/\\\/www.dpress.ma\"],\"url\":\"https:\\\/\\\/dpress.ma\\\/fr\\\/author\\\/dpress-ma\\\/\"}]}<\/script>\n<!-- \/ Yoast SEO plugin. -->","yoast_head_json":{"title":"M. Khalihenna Ould Errachid s\u2019entretient avec une d\u00e9l\u00e9gation du bureau ex\u00e9cutif du Parlatino - Dpress.ma\/fr","robots":{"index":"index","follow":"follow","max-snippet":"max-snippet:-1","max-image-preview":"max-image-preview:large","max-video-preview":"max-video-preview:-1"},"canonical":"https:\/\/dpress.ma\/fr\/2025\/02\/15\/m-khalihenna-ould-errachid-sentretient-avec-une-delegation-du-bureau-executif-du-parlatino\/","og_locale":"fr_FR","og_type":"article","og_title":"M. Khalihenna Ould Errachid s\u2019entretient avec une d\u00e9l\u00e9gation du bureau ex\u00e9cutif du Parlatino - Dpress.ma\/fr","og_description":"dpress Le pr\u00e9sident du Conseil Royal Consultatif des Affaires Sahariennes (CORCAS), Khalihenna Ould Errachid, s\u2019est entretenu, vendredi \u00e0 Rabat, avec une d\u00e9l\u00e9gation du bureau ex\u00e9cutif du Parlement d\u2019Am\u00e9rique latine et des Cara\u00efbes (Parlatino). La d\u00e9l\u00e9gation Parlatino est compos\u00e9e notamment du pr\u00e9sident de cette organisation parlementaire r\u00e9gionale, Rolando Gonz\u00e1lez Patricio, Carlos Nu\u00f1ez Salinas (vice-pr\u00e9sident) et Elias &hellip;","og_url":"https:\/\/dpress.ma\/fr\/2025\/02\/15\/m-khalihenna-ould-errachid-sentretient-avec-une-delegation-du-bureau-executif-du-parlatino\/","og_site_name":"Dpress.ma\/fr","article_published_time":"2025-02-15T08:39:59+00:00","article_modified_time":"2025-02-15T08:40:00+00:00","og_image":[{"width":780,"height":470,"url":"https:\/\/dpress.ma\/fr\/wp-content\/uploads\/sites\/2\/2025\/02\/dprees-dim-30.png","type":"image\/png"}],"author":"Dpress.ma","twitter_card":"summary_large_image","twitter_misc":{"\u00c9crit par":"Dpress.ma","Dur\u00e9e de lecture estim\u00e9e":"2 minutes"},"schema":{"@context":"https:\/\/schema.org","@graph":[{"@type":"Article","@id":"https:\/\/dpress.ma\/fr\/2025\/02\/15\/m-khalihenna-ould-errachid-sentretient-avec-une-delegation-du-bureau-executif-du-parlatino\/#article","isPartOf":{"@id":"https:\/\/dpress.ma\/fr\/2025\/02\/15\/m-khalihenna-ould-errachid-sentretient-avec-une-delegation-du-bureau-executif-du-parlatino\/"},"author":{"name":"Dpress.ma","@id":"https:\/\/dpress.ma\/fr\/#\/schema\/person\/4898febf3ccd59e6578d838656a306a0"},"headline":"M. Khalihenna Ould Errachid s\u2019entretient avec une d\u00e9l\u00e9gation du bureau ex\u00e9cutif du Parlatino","datePublished":"2025-02-15T08:39:59+00:00","dateModified":"2025-02-15T08:40:00+00:00","mainEntityOfPage":{"@id":"https:\/\/dpress.ma\/fr\/2025\/02\/15\/m-khalihenna-ould-errachid-sentretient-avec-une-delegation-du-bureau-executif-du-parlatino\/"},"wordCount":226,"commentCount":0,"image":{"@id":"https:\/\/dpress.ma\/fr\/2025\/02\/15\/m-khalihenna-ould-errachid-sentretient-avec-une-delegation-du-bureau-executif-du-parlatino\/#primaryimage"},"thumbnailUrl":"https:\/\/dpress.ma\/fr\/wp-content\/uploads\/sites\/2\/2025\/02\/dprees-dim-30.png","articleSection":["societe et regions"],"inLanguage":"fr-FR","potentialAction":[{"@type":"CommentAction","name":"Comment","target":["https:\/\/dpress.ma\/fr\/2025\/02\/15\/m-khalihenna-ould-errachid-sentretient-avec-une-delegation-du-bureau-executif-du-parlatino\/#respond"]}]},{"@type":"WebPage","@id":"https:\/\/dpress.ma\/fr\/2025\/02\/15\/m-khalihenna-ould-errachid-sentretient-avec-une-delegation-du-bureau-executif-du-parlatino\/","url":"https:\/\/dpress.ma\/fr\/2025\/02\/15\/m-khalihenna-ould-errachid-sentretient-avec-une-delegation-du-bureau-executif-du-parlatino\/","name":"M. Khalihenna Ould Errachid s\u2019entretient avec une d\u00e9l\u00e9gation du bureau ex\u00e9cutif du Parlatino - Dpress.ma\/fr","isPartOf":{"@id":"https:\/\/dpress.ma\/fr\/#website"},"primaryImageOfPage":{"@id":"https:\/\/dpress.ma\/fr\/2025\/02\/15\/m-khalihenna-ould-errachid-sentretient-avec-une-delegation-du-bureau-executif-du-parlatino\/#primaryimage"},"image":{"@id":"https:\/\/dpress.ma\/fr\/2025\/02\/15\/m-khalihenna-ould-errachid-sentretient-avec-une-delegation-du-bureau-executif-du-parlatino\/#primaryimage"},"thumbnailUrl":"https:\/\/dpress.ma\/fr\/wp-content\/uploads\/sites\/2\/2025\/02\/dprees-dim-30.png","datePublished":"2025-02-15T08:39:59+00:00","dateModified":"2025-02-15T08:40:00+00:00","author":{"@id":"https:\/\/dpress.ma\/fr\/#\/schema\/person\/4898febf3ccd59e6578d838656a306a0"},"breadcrumb":{"@id":"https:\/\/dpress.ma\/fr\/2025\/02\/15\/m-khalihenna-ould-errachid-sentretient-avec-une-delegation-du-bureau-executif-du-parlatino\/#breadcrumb"},"inLanguage":"fr-FR","potentialAction":[{"@type":"ReadAction","target":["https:\/\/dpress.ma\/fr\/2025\/02\/15\/m-khalihenna-ould-errachid-sentretient-avec-une-delegation-du-bureau-executif-du-parlatino\/"]}]},{"@type":"ImageObject","inLanguage":"fr-FR","@id":"https:\/\/dpress.ma\/fr\/2025\/02\/15\/m-khalihenna-ould-errachid-sentretient-avec-une-delegation-du-bureau-executif-du-parlatino\/#primaryimage","url":"https:\/\/dpress.ma\/fr\/wp-content\/uploads\/sites\/2\/2025\/02\/dprees-dim-30.png","contentUrl":"https:\/\/dpress.ma\/fr\/wp-content\/uploads\/sites\/2\/2025\/02\/dprees-dim-30.png","width":780,"height":470},{"@type":"BreadcrumbList","@id":"https:\/\/dpress.ma\/fr\/2025\/02\/15\/m-khalihenna-ould-errachid-sentretient-avec-une-delegation-du-bureau-executif-du-parlatino\/#breadcrumb","itemListElement":[{"@type":"ListItem","position":1,"name":"Home","item":"https:\/\/dpress.ma\/fr\/"},{"@type":"ListItem","position":2,"name":"M. Khalihenna Ould Errachid s\u2019entretient avec une d\u00e9l\u00e9gation du bureau ex\u00e9cutif du Parlatino"}]},{"@type":"WebSite","@id":"https:\/\/dpress.ma\/fr\/#website","url":"https:\/\/dpress.ma\/fr\/","name":"Dpress.ma\/fr","description":"","potentialAction":[{"@type":"SearchAction","target":{"@type":"EntryPoint","urlTemplate":"https:\/\/dpress.ma\/fr\/?s={search_term_string}"},"query-input":{"@type":"PropertyValueSpecification","valueRequired":true,"valueName":"search_term_string"}}],"inLanguage":"fr-FR"},{"@type":"Person","@id":"https:\/\/dpress.ma\/fr\/#\/schema\/person\/4898febf3ccd59e6578d838656a306a0","name":"Dpress.ma","image":{"@type":"ImageObject","inLanguage":"fr-FR","@id":"https:\/\/secure.gravatar.com\/avatar\/72ecc30e9db047a2e0e7176561eb9d564ed77c8108376495b19bd8336405198a?s=96&d=mm&r=g","url":"https:\/\/secure.gravatar.com\/avatar\/72ecc30e9db047a2e0e7176561eb9d564ed77c8108376495b19bd8336405198a?s=96&d=mm&r=g","contentUrl":"https:\/\/secure.gravatar.com\/avatar\/72ecc30e9db047a2e0e7176561eb9d564ed77c8108376495b19bd8336405198a?s=96&d=mm&r=g","caption":"Dpress.ma"},"sameAs":["https:\/\/www.dpress.ma"],"url":"https:\/\/dpress.ma\/fr\/author\/dpress-ma\/"}]}},"amp_enabled":true,"_links":{"self":[{"href":"https:\/\/dpress.ma\/fr\/wp-json\/wp\/v2\/posts\/12696","targetHints":{"allow":["GET"]}}],"collection":[{"href":"https:\/\/dpress.ma\/fr\/wp-json\/wp\/v2\/posts"}],"about":[{"href":"https:\/\/dpress.ma\/fr\/wp-json\/wp\/v2\/types\/post"}],"author":[{"embeddable":true,"href":"https:\/\/dpress.ma\/fr\/wp-json\/wp\/v2\/users\/2"}],"replies":[{"embeddable":true,"href":"https:\/\/dpress.ma\/fr\/wp-json\/wp\/v2\/comments?post=12696"}],"version-history":[{"count":1,"href":"https:\/\/dpress.ma\/fr\/wp-json\/wp\/v2\/posts\/12696\/revisions"}],"predecessor-version":[{"id":12698,"href":"https:\/\/dpress.ma\/fr\/wp-json\/wp\/v2\/posts\/12696\/revisions\/12698"}],"wp:featuredmedia":[{"embeddable":true,"href":"https:\/\/dpress.ma\/fr\/wp-json\/wp\/v2\/media\/12697"}],"wp:attachment":[{"href":"https:\/\/dpress.ma\/fr\/wp-json\/wp\/v2\/media?parent=12696"}],"wp:term":[{"taxonomy":"category","embeddable":true,"href":"https:\/\/dpress.ma\/fr\/wp-json\/wp\/v2\/categories?post=12696"},{"taxonomy":"post_tag","embeddable":true,"href":"https:\/\/dpress.ma\/fr\/wp-json\/wp\/v2\/tags?post=12696"}],"curies":[{"name":"wp","href":"https:\/\/api.w.org\/{rel}","templated":true}]}}