{"id":12689,"date":"2025-02-14T09:00:10","date_gmt":"2025-02-14T09:00:10","guid":{"rendered":"https:\/\/dpress.ma\/fr\/?p=12689"},"modified":"2025-02-14T09:00:11","modified_gmt":"2025-02-14T09:00:11","slug":"le-congres-colombien-reitere-son-soutien-au-maroc","status":"publish","type":"post","link":"https:\/\/dpress.ma\/fr\/2025\/02\/14\/le-congres-colombien-reitere-son-soutien-au-maroc\/","title":{"rendered":"le Congr\u00e8s colombien r\u00e9it\u00e8re son soutien au Maroc"},"content":{"rendered":"\n<p>dpress<\/p>\n\n\n\n<p>&nbsp;Le pr\u00e9sident du Congr\u00e8s colombien, le s\u00e9nateur Efrain Cepeda, a r\u00e9it\u00e9r\u00e9 le soutien de cette Assembl\u00e9e l\u00e9gislative au Maroc dans l\u2019affaire du Sahara, insistant sur l\u2019importance de renforcer les relations commerciales avec le Royaume.<\/p>\n\n\n\n<p>Dans un communiqu\u00e9 publi\u00e9 par le Congr\u00e8s \u00e0 l\u2019issue d\u2019une rencontre de M. Cepeda avec l\u2019ambassadeur du Maroc en Colombie, Mme Farida Loudaya, le pr\u00e9sident du Congr\u00e8s a exprim\u00e9 \u00ab son d\u00e9saccord avec la position adopt\u00e9e par le pr\u00e9sident colombien, Gustavo Petro, \u00e0 l\u2019\u00e9gard du polisario, \u00ab un groupe consid\u00e9r\u00e9 comme s\u00e9paratiste par diff\u00e9rents secteurs au Maroc \u00bb.<\/p>\n\n\n\n<p>Il a rappel\u00e9 dans ce contexte que la \u00ab reconnaissance \u00bb du polisario par l\u2019ex\u00e9cutif colombien \u00ab a \u00e9t\u00e9 rejet\u00e9e par plus de 70% des membres du S\u00e9nat de la R\u00e9publique \u00bb, dans une motion adopt\u00e9e en novembre 2023.<\/p>\n\n\n\n<p>Lors de sa rencontre avec la diplomate marocaine, M. Cepeda a \u00e9galement soulign\u00e9 \u00ab l\u2019importance de maintenir et de renforcer les relations bilat\u00e9rales avec le Maroc, un pays avec lequel la Colombie a d\u00e9velopp\u00e9 d\u2019importants liens commerciaux \u00bb.<\/p>\n\n\n\n<p>Selon les donn\u00e9es officielles, rappelle le communiqu\u00e9 du Congr\u00e8s, les \u00e9changes commerciaux entre les deux pays ont atteint 350 millions de dollars en 2022. Les exportations colombiennes sont compos\u00e9es notamment du charbon, du caf\u00e9 et de produits chimiques, tandis que le Maroc a augment\u00e9 l\u2019approvisionnement du march\u00e9 colombien en engrais et produits agricoles.<\/p>\n\n\n\n<p>\u00ab \u00c0 la lumi\u00e8re de cela, ajoute le texte, le pr\u00e9sident Cepeda a remis en question l\u2019impact de la position du gouvernement colombien dans le contexte de son intention de renforcer les liens avec l\u2019Afrique \u00bb, appelant l\u2019ex\u00e9cutif \u00e0 \u00ab reconsid\u00e9rer \u00bb sa position.<\/p>\n\n\n\n<p>Le pr\u00e9sident du Congr\u00e8s fait observer que \u00ab le pr\u00e9sident (Petro) affirme vouloir renforcer les relations avec l\u2019Afrique, mais avec cette position \u00e0 l\u2019\u00e9gard du Royaume du Maroc, ce qui se passe c\u2019est que cela ternit l\u2019avenir \u00bb de ces relations.<\/p>\n\n\n\n<p>Et M. Cepeda de proclamer \u00ab tout le soutien au Royaume du Maroc. Il faut continuer \u00e0 renforcer les relations commerciales qui ont \u00e9t\u00e9 si importantes pour les deux nations. J\u2019esp\u00e8re que ce gouvernement reconsid\u00e9rera sa d\u00e9cision \u00bb, a conclu le pr\u00e9sident du Congr\u00e8s Colombien.<\/p>\n\n\n\n<p>M. Cepeda figure, par ailleurs, parmi les grands d\u00e9fenseurs de l\u2019int\u00e9grit\u00e9 territoriale du Maroc au sein du Congr\u00e8s et du S\u00e9nat colombiens et a \u00e9t\u00e9 \u00e9galement l\u2019un des signataires des deux Motions d\u2019Appui au Maroc, en octobre 2022 et novembre 2023, et endoss\u00e9es respectivement par 63\/108 et 65\/105 S\u00e9nateurs, r\u00e9it\u00e9rant, en tant que repr\u00e9sentants l\u00e9gitimes du peuple colombien, leur soutien ind\u00e9fectible \u00e0 la marocanit\u00e9 du Sahara.<\/p>\n\n\n\n<p>Ont pris part \u00e0 cette rencontre, les s\u00e9nateurs German Alcides Blanco Alvarez, pr\u00e9sident du Groupe d\u2019amiti\u00e9 Colombie-Maroc, et Paola Andrea Holguin Moreno, membre de la Commission des relations ext\u00e9rieures et du Groupe d\u2019amiti\u00e9 Colombie-Maroc au sein du S\u00e9nat colombien, tous deux signataires des motions d\u2019appui au Maroc.<\/p>\n","protected":false},"excerpt":{"rendered":"<p>dpress &nbsp;Le pr\u00e9sident du Congr\u00e8s colombien, le s\u00e9nateur Efrain Cepeda, a r\u00e9it\u00e9r\u00e9 le soutien de cette Assembl\u00e9e l\u00e9gislative au Maroc dans l\u2019affaire du Sahara, insistant sur l\u2019importance de renforcer les relations commerciales avec le Royaume. Dans un communiqu\u00e9 publi\u00e9 par le Congr\u00e8s \u00e0 l\u2019issue d\u2019une rencontre de M. Cepeda avec l\u2019ambassadeur du Maroc en Colombie, &hellip;<\/p>\n","protected":false},"author":2,"featured_media":12690,"comment_status":"open","ping_status":"open","sticky":false,"template":"","format":"standard","meta":{"footnotes":""},"categories":[41],"tags":[],"class_list":["post-12689","post","type-post","status-publish","format-standard","has-post-thumbnail","hentry","category-opinions-et-debats"],"yoast_head":"<!-- This site is optimized with the Yoast SEO plugin v27.5 - https:\/\/yoast.com\/product\/yoast-seo-wordpress\/ -->\n<title>le Congr\u00e8s colombien r\u00e9it\u00e8re son soutien au Maroc - Dpress.ma\/fr<\/title>\n<meta name=\"robots\" content=\"index, follow, max-snippet:-1, max-image-preview:large, max-video-preview:-1\" \/>\n<link rel=\"canonical\" href=\"https:\/\/dpress.ma\/fr\/2025\/02\/14\/le-congres-colombien-reitere-son-soutien-au-maroc\/\" \/>\n<meta property=\"og:locale\" content=\"fr_FR\" \/>\n<meta property=\"og:type\" content=\"article\" \/>\n<meta property=\"og:title\" content=\"le Congr\u00e8s colombien r\u00e9it\u00e8re son soutien au Maroc - Dpress.ma\/fr\" \/>\n<meta property=\"og:description\" content=\"dpress &nbsp;Le pr\u00e9sident du Congr\u00e8s colombien, le s\u00e9nateur Efrain Cepeda, a r\u00e9it\u00e9r\u00e9 le soutien de cette Assembl\u00e9e l\u00e9gislative au Maroc dans l\u2019affaire du Sahara, insistant sur l\u2019importance de renforcer les relations commerciales avec le Royaume. Dans un communiqu\u00e9 publi\u00e9 par le Congr\u00e8s \u00e0 l\u2019issue d\u2019une rencontre de M. Cepeda avec l\u2019ambassadeur du Maroc en Colombie, &hellip;\" \/>\n<meta property=\"og:url\" content=\"https:\/\/dpress.ma\/fr\/2025\/02\/14\/le-congres-colombien-reitere-son-soutien-au-maroc\/\" \/>\n<meta property=\"og:site_name\" content=\"Dpress.ma\/fr\" \/>\n<meta property=\"article:published_time\" content=\"2025-02-14T09:00:10+00:00\" \/>\n<meta property=\"article:modified_time\" content=\"2025-02-14T09:00:11+00:00\" \/>\n<meta property=\"og:image\" content=\"https:\/\/dpress.ma\/fr\/wp-content\/uploads\/sites\/2\/2025\/02\/dprees-dim-28.png\" \/>\n\t<meta property=\"og:image:width\" content=\"780\" \/>\n\t<meta property=\"og:image:height\" content=\"470\" \/>\n\t<meta property=\"og:image:type\" content=\"image\/png\" \/>\n<meta name=\"author\" content=\"Dpress.ma\" \/>\n<meta name=\"twitter:card\" content=\"summary_large_image\" \/>\n<meta name=\"twitter:label1\" content=\"\u00c9crit par\" \/>\n\t<meta name=\"twitter:data1\" content=\"Dpress.ma\" \/>\n\t<meta name=\"twitter:label2\" content=\"Dur\u00e9e de lecture estim\u00e9e\" \/>\n\t<meta name=\"twitter:data2\" content=\"3 minutes\" \/>\n<script type=\"application\/ld+json\" class=\"yoast-schema-graph\">{\"@context\":\"https:\\\/\\\/schema.org\",\"@graph\":[{\"@type\":\"Article\",\"@id\":\"https:\\\/\\\/dpress.ma\\\/fr\\\/2025\\\/02\\\/14\\\/le-congres-colombien-reitere-son-soutien-au-maroc\\\/#article\",\"isPartOf\":{\"@id\":\"https:\\\/\\\/dpress.ma\\\/fr\\\/2025\\\/02\\\/14\\\/le-congres-colombien-reitere-son-soutien-au-maroc\\\/\"},\"author\":{\"name\":\"Dpress.ma\",\"@id\":\"https:\\\/\\\/dpress.ma\\\/fr\\\/#\\\/schema\\\/person\\\/4898febf3ccd59e6578d838656a306a0\"},\"headline\":\"le Congr\u00e8s colombien r\u00e9it\u00e8re son soutien au Maroc\",\"datePublished\":\"2025-02-14T09:00:10+00:00\",\"dateModified\":\"2025-02-14T09:00:11+00:00\",\"mainEntityOfPage\":{\"@id\":\"https:\\\/\\\/dpress.ma\\\/fr\\\/2025\\\/02\\\/14\\\/le-congres-colombien-reitere-son-soutien-au-maroc\\\/\"},\"wordCount\":522,\"commentCount\":0,\"image\":{\"@id\":\"https:\\\/\\\/dpress.ma\\\/fr\\\/2025\\\/02\\\/14\\\/le-congres-colombien-reitere-son-soutien-au-maroc\\\/#primaryimage\"},\"thumbnailUrl\":\"https:\\\/\\\/dpress.ma\\\/fr\\\/wp-content\\\/uploads\\\/sites\\\/2\\\/2025\\\/02\\\/dprees-dim-28.png\",\"articleSection\":[\"opinions-et-debats\"],\"inLanguage\":\"fr-FR\",\"potentialAction\":[{\"@type\":\"CommentAction\",\"name\":\"Comment\",\"target\":[\"https:\\\/\\\/dpress.ma\\\/fr\\\/2025\\\/02\\\/14\\\/le-congres-colombien-reitere-son-soutien-au-maroc\\\/#respond\"]}]},{\"@type\":\"WebPage\",\"@id\":\"https:\\\/\\\/dpress.ma\\\/fr\\\/2025\\\/02\\\/14\\\/le-congres-colombien-reitere-son-soutien-au-maroc\\\/\",\"url\":\"https:\\\/\\\/dpress.ma\\\/fr\\\/2025\\\/02\\\/14\\\/le-congres-colombien-reitere-son-soutien-au-maroc\\\/\",\"name\":\"le Congr\u00e8s colombien r\u00e9it\u00e8re son soutien au Maroc - Dpress.ma\\\/fr\",\"isPartOf\":{\"@id\":\"https:\\\/\\\/dpress.ma\\\/fr\\\/#website\"},\"primaryImageOfPage\":{\"@id\":\"https:\\\/\\\/dpress.ma\\\/fr\\\/2025\\\/02\\\/14\\\/le-congres-colombien-reitere-son-soutien-au-maroc\\\/#primaryimage\"},\"image\":{\"@id\":\"https:\\\/\\\/dpress.ma\\\/fr\\\/2025\\\/02\\\/14\\\/le-congres-colombien-reitere-son-soutien-au-maroc\\\/#primaryimage\"},\"thumbnailUrl\":\"https:\\\/\\\/dpress.ma\\\/fr\\\/wp-content\\\/uploads\\\/sites\\\/2\\\/2025\\\/02\\\/dprees-dim-28.png\",\"datePublished\":\"2025-02-14T09:00:10+00:00\",\"dateModified\":\"2025-02-14T09:00:11+00:00\",\"author\":{\"@id\":\"https:\\\/\\\/dpress.ma\\\/fr\\\/#\\\/schema\\\/person\\\/4898febf3ccd59e6578d838656a306a0\"},\"breadcrumb\":{\"@id\":\"https:\\\/\\\/dpress.ma\\\/fr\\\/2025\\\/02\\\/14\\\/le-congres-colombien-reitere-son-soutien-au-maroc\\\/#breadcrumb\"},\"inLanguage\":\"fr-FR\",\"potentialAction\":[{\"@type\":\"ReadAction\",\"target\":[\"https:\\\/\\\/dpress.ma\\\/fr\\\/2025\\\/02\\\/14\\\/le-congres-colombien-reitere-son-soutien-au-maroc\\\/\"]}]},{\"@type\":\"ImageObject\",\"inLanguage\":\"fr-FR\",\"@id\":\"https:\\\/\\\/dpress.ma\\\/fr\\\/2025\\\/02\\\/14\\\/le-congres-colombien-reitere-son-soutien-au-maroc\\\/#primaryimage\",\"url\":\"https:\\\/\\\/dpress.ma\\\/fr\\\/wp-content\\\/uploads\\\/sites\\\/2\\\/2025\\\/02\\\/dprees-dim-28.png\",\"contentUrl\":\"https:\\\/\\\/dpress.ma\\\/fr\\\/wp-content\\\/uploads\\\/sites\\\/2\\\/2025\\\/02\\\/dprees-dim-28.png\",\"width\":780,\"height\":470},{\"@type\":\"BreadcrumbList\",\"@id\":\"https:\\\/\\\/dpress.ma\\\/fr\\\/2025\\\/02\\\/14\\\/le-congres-colombien-reitere-son-soutien-au-maroc\\\/#breadcrumb\",\"itemListElement\":[{\"@type\":\"ListItem\",\"position\":1,\"name\":\"Home\",\"item\":\"https:\\\/\\\/dpress.ma\\\/fr\\\/\"},{\"@type\":\"ListItem\",\"position\":2,\"name\":\"le Congr\u00e8s colombien r\u00e9it\u00e8re son soutien au Maroc\"}]},{\"@type\":\"WebSite\",\"@id\":\"https:\\\/\\\/dpress.ma\\\/fr\\\/#website\",\"url\":\"https:\\\/\\\/dpress.ma\\\/fr\\\/\",\"name\":\"Dpress.ma\\\/fr\",\"description\":\"\",\"potentialAction\":[{\"@type\":\"SearchAction\",\"target\":{\"@type\":\"EntryPoint\",\"urlTemplate\":\"https:\\\/\\\/dpress.ma\\\/fr\\\/?s={search_term_string}\"},\"query-input\":{\"@type\":\"PropertyValueSpecification\",\"valueRequired\":true,\"valueName\":\"search_term_string\"}}],\"inLanguage\":\"fr-FR\"},{\"@type\":\"Person\",\"@id\":\"https:\\\/\\\/dpress.ma\\\/fr\\\/#\\\/schema\\\/person\\\/4898febf3ccd59e6578d838656a306a0\",\"name\":\"Dpress.ma\",\"image\":{\"@type\":\"ImageObject\",\"inLanguage\":\"fr-FR\",\"@id\":\"https:\\\/\\\/secure.gravatar.com\\\/avatar\\\/72ecc30e9db047a2e0e7176561eb9d564ed77c8108376495b19bd8336405198a?s=96&d=mm&r=g\",\"url\":\"https:\\\/\\\/secure.gravatar.com\\\/avatar\\\/72ecc30e9db047a2e0e7176561eb9d564ed77c8108376495b19bd8336405198a?s=96&d=mm&r=g\",\"contentUrl\":\"https:\\\/\\\/secure.gravatar.com\\\/avatar\\\/72ecc30e9db047a2e0e7176561eb9d564ed77c8108376495b19bd8336405198a?s=96&d=mm&r=g\",\"caption\":\"Dpress.ma\"},\"sameAs\":[\"https:\\\/\\\/www.dpress.ma\"],\"url\":\"https:\\\/\\\/dpress.ma\\\/fr\\\/author\\\/dpress-ma\\\/\"}]}<\/script>\n<!-- \/ Yoast SEO plugin. -->","yoast_head_json":{"title":"le Congr\u00e8s colombien r\u00e9it\u00e8re son soutien au Maroc - Dpress.ma\/fr","robots":{"index":"index","follow":"follow","max-snippet":"max-snippet:-1","max-image-preview":"max-image-preview:large","max-video-preview":"max-video-preview:-1"},"canonical":"https:\/\/dpress.ma\/fr\/2025\/02\/14\/le-congres-colombien-reitere-son-soutien-au-maroc\/","og_locale":"fr_FR","og_type":"article","og_title":"le Congr\u00e8s colombien r\u00e9it\u00e8re son soutien au Maroc - Dpress.ma\/fr","og_description":"dpress &nbsp;Le pr\u00e9sident du Congr\u00e8s colombien, le s\u00e9nateur Efrain Cepeda, a r\u00e9it\u00e9r\u00e9 le soutien de cette Assembl\u00e9e l\u00e9gislative au Maroc dans l\u2019affaire du Sahara, insistant sur l\u2019importance de renforcer les relations commerciales avec le Royaume. Dans un communiqu\u00e9 publi\u00e9 par le Congr\u00e8s \u00e0 l\u2019issue d\u2019une rencontre de M. Cepeda avec l\u2019ambassadeur du Maroc en Colombie, &hellip;","og_url":"https:\/\/dpress.ma\/fr\/2025\/02\/14\/le-congres-colombien-reitere-son-soutien-au-maroc\/","og_site_name":"Dpress.ma\/fr","article_published_time":"2025-02-14T09:00:10+00:00","article_modified_time":"2025-02-14T09:00:11+00:00","og_image":[{"width":780,"height":470,"url":"https:\/\/dpress.ma\/fr\/wp-content\/uploads\/sites\/2\/2025\/02\/dprees-dim-28.png","type":"image\/png"}],"author":"Dpress.ma","twitter_card":"summary_large_image","twitter_misc":{"\u00c9crit par":"Dpress.ma","Dur\u00e9e de lecture estim\u00e9e":"3 minutes"},"schema":{"@context":"https:\/\/schema.org","@graph":[{"@type":"Article","@id":"https:\/\/dpress.ma\/fr\/2025\/02\/14\/le-congres-colombien-reitere-son-soutien-au-maroc\/#article","isPartOf":{"@id":"https:\/\/dpress.ma\/fr\/2025\/02\/14\/le-congres-colombien-reitere-son-soutien-au-maroc\/"},"author":{"name":"Dpress.ma","@id":"https:\/\/dpress.ma\/fr\/#\/schema\/person\/4898febf3ccd59e6578d838656a306a0"},"headline":"le Congr\u00e8s colombien r\u00e9it\u00e8re son soutien au Maroc","datePublished":"2025-02-14T09:00:10+00:00","dateModified":"2025-02-14T09:00:11+00:00","mainEntityOfPage":{"@id":"https:\/\/dpress.ma\/fr\/2025\/02\/14\/le-congres-colombien-reitere-son-soutien-au-maroc\/"},"wordCount":522,"commentCount":0,"image":{"@id":"https:\/\/dpress.ma\/fr\/2025\/02\/14\/le-congres-colombien-reitere-son-soutien-au-maroc\/#primaryimage"},"thumbnailUrl":"https:\/\/dpress.ma\/fr\/wp-content\/uploads\/sites\/2\/2025\/02\/dprees-dim-28.png","articleSection":["opinions-et-debats"],"inLanguage":"fr-FR","potentialAction":[{"@type":"CommentAction","name":"Comment","target":["https:\/\/dpress.ma\/fr\/2025\/02\/14\/le-congres-colombien-reitere-son-soutien-au-maroc\/#respond"]}]},{"@type":"WebPage","@id":"https:\/\/dpress.ma\/fr\/2025\/02\/14\/le-congres-colombien-reitere-son-soutien-au-maroc\/","url":"https:\/\/dpress.ma\/fr\/2025\/02\/14\/le-congres-colombien-reitere-son-soutien-au-maroc\/","name":"le Congr\u00e8s colombien r\u00e9it\u00e8re son soutien au Maroc - Dpress.ma\/fr","isPartOf":{"@id":"https:\/\/dpress.ma\/fr\/#website"},"primaryImageOfPage":{"@id":"https:\/\/dpress.ma\/fr\/2025\/02\/14\/le-congres-colombien-reitere-son-soutien-au-maroc\/#primaryimage"},"image":{"@id":"https:\/\/dpress.ma\/fr\/2025\/02\/14\/le-congres-colombien-reitere-son-soutien-au-maroc\/#primaryimage"},"thumbnailUrl":"https:\/\/dpress.ma\/fr\/wp-content\/uploads\/sites\/2\/2025\/02\/dprees-dim-28.png","datePublished":"2025-02-14T09:00:10+00:00","dateModified":"2025-02-14T09:00:11+00:00","author":{"@id":"https:\/\/dpress.ma\/fr\/#\/schema\/person\/4898febf3ccd59e6578d838656a306a0"},"breadcrumb":{"@id":"https:\/\/dpress.ma\/fr\/2025\/02\/14\/le-congres-colombien-reitere-son-soutien-au-maroc\/#breadcrumb"},"inLanguage":"fr-FR","potentialAction":[{"@type":"ReadAction","target":["https:\/\/dpress.ma\/fr\/2025\/02\/14\/le-congres-colombien-reitere-son-soutien-au-maroc\/"]}]},{"@type":"ImageObject","inLanguage":"fr-FR","@id":"https:\/\/dpress.ma\/fr\/2025\/02\/14\/le-congres-colombien-reitere-son-soutien-au-maroc\/#primaryimage","url":"https:\/\/dpress.ma\/fr\/wp-content\/uploads\/sites\/2\/2025\/02\/dprees-dim-28.png","contentUrl":"https:\/\/dpress.ma\/fr\/wp-content\/uploads\/sites\/2\/2025\/02\/dprees-dim-28.png","width":780,"height":470},{"@type":"BreadcrumbList","@id":"https:\/\/dpress.ma\/fr\/2025\/02\/14\/le-congres-colombien-reitere-son-soutien-au-maroc\/#breadcrumb","itemListElement":[{"@type":"ListItem","position":1,"name":"Home","item":"https:\/\/dpress.ma\/fr\/"},{"@type":"ListItem","position":2,"name":"le Congr\u00e8s colombien r\u00e9it\u00e8re son soutien au Maroc"}]},{"@type":"WebSite","@id":"https:\/\/dpress.ma\/fr\/#website","url":"https:\/\/dpress.ma\/fr\/","name":"Dpress.ma\/fr","description":"","potentialAction":[{"@type":"SearchAction","target":{"@type":"EntryPoint","urlTemplate":"https:\/\/dpress.ma\/fr\/?s={search_term_string}"},"query-input":{"@type":"PropertyValueSpecification","valueRequired":true,"valueName":"search_term_string"}}],"inLanguage":"fr-FR"},{"@type":"Person","@id":"https:\/\/dpress.ma\/fr\/#\/schema\/person\/4898febf3ccd59e6578d838656a306a0","name":"Dpress.ma","image":{"@type":"ImageObject","inLanguage":"fr-FR","@id":"https:\/\/secure.gravatar.com\/avatar\/72ecc30e9db047a2e0e7176561eb9d564ed77c8108376495b19bd8336405198a?s=96&d=mm&r=g","url":"https:\/\/secure.gravatar.com\/avatar\/72ecc30e9db047a2e0e7176561eb9d564ed77c8108376495b19bd8336405198a?s=96&d=mm&r=g","contentUrl":"https:\/\/secure.gravatar.com\/avatar\/72ecc30e9db047a2e0e7176561eb9d564ed77c8108376495b19bd8336405198a?s=96&d=mm&r=g","caption":"Dpress.ma"},"sameAs":["https:\/\/www.dpress.ma"],"url":"https:\/\/dpress.ma\/fr\/author\/dpress-ma\/"}]}},"amp_enabled":true,"_links":{"self":[{"href":"https:\/\/dpress.ma\/fr\/wp-json\/wp\/v2\/posts\/12689","targetHints":{"allow":["GET"]}}],"collection":[{"href":"https:\/\/dpress.ma\/fr\/wp-json\/wp\/v2\/posts"}],"about":[{"href":"https:\/\/dpress.ma\/fr\/wp-json\/wp\/v2\/types\/post"}],"author":[{"embeddable":true,"href":"https:\/\/dpress.ma\/fr\/wp-json\/wp\/v2\/users\/2"}],"replies":[{"embeddable":true,"href":"https:\/\/dpress.ma\/fr\/wp-json\/wp\/v2\/comments?post=12689"}],"version-history":[{"count":1,"href":"https:\/\/dpress.ma\/fr\/wp-json\/wp\/v2\/posts\/12689\/revisions"}],"predecessor-version":[{"id":12691,"href":"https:\/\/dpress.ma\/fr\/wp-json\/wp\/v2\/posts\/12689\/revisions\/12691"}],"wp:featuredmedia":[{"embeddable":true,"href":"https:\/\/dpress.ma\/fr\/wp-json\/wp\/v2\/media\/12690"}],"wp:attachment":[{"href":"https:\/\/dpress.ma\/fr\/wp-json\/wp\/v2\/media?parent=12689"}],"wp:term":[{"taxonomy":"category","embeddable":true,"href":"https:\/\/dpress.ma\/fr\/wp-json\/wp\/v2\/categories?post=12689"},{"taxonomy":"post_tag","embeddable":true,"href":"https:\/\/dpress.ma\/fr\/wp-json\/wp\/v2\/tags?post=12689"}],"curies":[{"name":"wp","href":"https:\/\/api.w.org\/{rel}","templated":true}]}}