{"id":12686,"date":"2025-02-14T08:58:18","date_gmt":"2025-02-14T08:58:18","guid":{"rendered":"https:\/\/dpress.ma\/fr\/?p=12686"},"modified":"2025-02-14T08:58:18","modified_gmt":"2025-02-14T08:58:18","slug":"vernissage-de-lexposition-collective-art-et-migration-au-feminin","status":"publish","type":"post","link":"https:\/\/dpress.ma\/fr\/2025\/02\/14\/vernissage-de-lexposition-collective-art-et-migration-au-feminin\/","title":{"rendered":"Vernissage de l\u2019exposition collective \u201cArt et migration au f\u00e9minin\u201d"},"content":{"rendered":"\n<p>dpress<\/p>\n\n\n\n<p>Le vernissage de l\u2019exposition collective \u201cArt et migration au f\u00e9minin\u201d a eu lieu, jeudi, \u00e0 l\u2019espace Rivages de la Fondation Hassan II pour les Marocains R\u00e9sidant \u00e0 l\u2019\u00c9tranger.<\/p>\n\n\n\n<p>L\u2019exposition, qui se poursuit \u00e0 Rabat jusqu\u2019au 12 mars prochain, rassemble les \u0153uvres de trois artistes plasticiennes marocaines autodidactes. Il s\u2019agit d\u2019Amina Hamri qui vit en Allemagne, de Nima Guitouni qui vit au Canada et de Noura Mennani, qui r\u00e9side en Belgique et enseigne les arts plastiques.<\/p>\n\n\n\n<p>Ce vernissage s\u2019assigne pour objectif de mettre en avant le r\u00f4le culturel et la cr\u00e9ativit\u00e9 artistique de la femme marocaine \u00e0 l\u2019international, avec un accent particulier sur trois exp\u00e9riences distinctes en termes de styles et de vocation artistique.<\/p>\n\n\n\n<p>Dans une d\u00e9claration \u00e0 la MAP, l\u2019artiste Noura Mennani s\u2019est dite \u201cfi\u00e8re\u201d de repr\u00e9senter la femme marocaine cr\u00e9ative \u00e0 l\u2019\u00e9tranger \u00e0 travers cette exposition, qu\u2019elle consid\u00e8re comme \u201cune opportunit\u00e9 d\u2019\u00e9change et de d\u00e9couverte artistique\u201d.<\/p>\n\n\n\n<p>\u201cIl s\u2019agit de portraits f\u00e9minins \u201cpop art\u201d aux couleurs vives et dynamiques, lesquelles refl\u00e8tent la force et la confiance des femmes\u201d, a-t-elle expliqu\u00e9.<\/p>\n\n\n\n<p>De son c\u00f4t\u00e9, Amina Hamri a \u00e9voqu\u00e9 son parcours artistique, inspir\u00e9 de son environnement familial cr\u00e9atif, de quoi fa\u00e7onner son propre art de pinceau.<\/p>\n\n\n\n<p>En tant qu\u2019artiste marocaine vivant en Allemagne, elle a soulign\u00e9 que sa double culture se refl\u00e8te dans ses toiles, qui mettent en avant la diversit\u00e9 humaine et l\u2019interculturalit\u00e9, essentielles \u00e0 l\u2019\u00e9volution des civilisations.<\/p>\n\n\n\n<p>Quant \u00e0 Nima Guitouni, elle a estim\u00e9 que son parcours autodidacte lui a permis de transcender les limites de la cr\u00e9ation, ajoutant qu\u2019elle d\u00e9veloppe de nouvelles formes d\u2019expression inspir\u00e9es des \u00e9l\u00e9ments naturels, donnant corps \u00e0 des \u0153uvres abstraites aux touches figuratives subtiles.<\/p>\n\n\n\n<p>Aussi, elle a mis en exergue les d\u00e9fis auxquels font face les artistes marocaines \u00e0 l\u2019\u00e9tranger, soulignant l\u2019importance du travail et de la pers\u00e9v\u00e9rance pour r\u00e9ussir dans le domaine artistique \u00e0 l\u2019international.<\/p>\n\n\n\n<p>Inaugur\u00e9 en mars 2016, l\u2019Espace Rivages est d\u00e9di\u00e9 aux artistes et \u00e9crivains marocains r\u00e9sidant \u00e0 l\u2019\u00e9tranger. Depuis son ouverture, il a accueilli de nombreuses expositions et salons de livres, dans le but de faire d\u00e9couvrir au public marocain les talents de la diaspora et de les int\u00e9grer \u00e0 la vie culturelle et artistique de leur pays d\u2019origine.<\/p>\n","protected":false},"excerpt":{"rendered":"<p>dpress Le vernissage de l\u2019exposition collective \u201cArt et migration au f\u00e9minin\u201d a eu lieu, jeudi, \u00e0 l\u2019espace Rivages de la Fondation Hassan II pour les Marocains R\u00e9sidant \u00e0 l\u2019\u00c9tranger. L\u2019exposition, qui se poursuit \u00e0 Rabat jusqu\u2019au 12 mars prochain, rassemble les \u0153uvres de trois artistes plasticiennes marocaines autodidactes. Il s\u2019agit d\u2019Amina Hamri qui vit en &hellip;<\/p>\n","protected":false},"author":2,"featured_media":12687,"comment_status":"open","ping_status":"open","sticky":false,"template":"","format":"standard","meta":{"footnotes":""},"categories":[31],"tags":[],"class_list":["post-12686","post","type-post","status-publish","format-standard","has-post-thumbnail","hentry","category-art-et-culture"],"yoast_head":"<!-- This site is optimized with the Yoast SEO plugin v27.5 - https:\/\/yoast.com\/product\/yoast-seo-wordpress\/ -->\n<title>Vernissage de l\u2019exposition collective \u201cArt et migration au f\u00e9minin\u201d - Dpress.ma\/fr<\/title>\n<meta name=\"robots\" content=\"index, follow, max-snippet:-1, max-image-preview:large, max-video-preview:-1\" \/>\n<link rel=\"canonical\" href=\"https:\/\/dpress.ma\/fr\/2025\/02\/14\/vernissage-de-lexposition-collective-art-et-migration-au-feminin\/\" \/>\n<meta property=\"og:locale\" content=\"fr_FR\" \/>\n<meta property=\"og:type\" content=\"article\" \/>\n<meta property=\"og:title\" content=\"Vernissage de l\u2019exposition collective \u201cArt et migration au f\u00e9minin\u201d - Dpress.ma\/fr\" \/>\n<meta property=\"og:description\" content=\"dpress Le vernissage de l\u2019exposition collective \u201cArt et migration au f\u00e9minin\u201d a eu lieu, jeudi, \u00e0 l\u2019espace Rivages de la Fondation Hassan II pour les Marocains R\u00e9sidant \u00e0 l\u2019\u00c9tranger. L\u2019exposition, qui se poursuit \u00e0 Rabat jusqu\u2019au 12 mars prochain, rassemble les \u0153uvres de trois artistes plasticiennes marocaines autodidactes. Il s\u2019agit d\u2019Amina Hamri qui vit en &hellip;\" \/>\n<meta property=\"og:url\" content=\"https:\/\/dpress.ma\/fr\/2025\/02\/14\/vernissage-de-lexposition-collective-art-et-migration-au-feminin\/\" \/>\n<meta property=\"og:site_name\" content=\"Dpress.ma\/fr\" \/>\n<meta property=\"article:published_time\" content=\"2025-02-14T08:58:18+00:00\" \/>\n<meta property=\"og:image\" content=\"https:\/\/dpress.ma\/fr\/wp-content\/uploads\/sites\/2\/2025\/02\/dprees-dim-27.png\" \/>\n\t<meta property=\"og:image:width\" content=\"780\" \/>\n\t<meta property=\"og:image:height\" content=\"470\" \/>\n\t<meta property=\"og:image:type\" content=\"image\/png\" \/>\n<meta name=\"author\" content=\"Dpress.ma\" \/>\n<meta name=\"twitter:card\" content=\"summary_large_image\" \/>\n<meta name=\"twitter:label1\" content=\"\u00c9crit par\" \/>\n\t<meta name=\"twitter:data1\" content=\"Dpress.ma\" \/>\n\t<meta name=\"twitter:label2\" content=\"Dur\u00e9e de lecture estim\u00e9e\" \/>\n\t<meta name=\"twitter:data2\" content=\"3 minutes\" \/>\n<script type=\"application\/ld+json\" class=\"yoast-schema-graph\">{\"@context\":\"https:\\\/\\\/schema.org\",\"@graph\":[{\"@type\":\"Article\",\"@id\":\"https:\\\/\\\/dpress.ma\\\/fr\\\/2025\\\/02\\\/14\\\/vernissage-de-lexposition-collective-art-et-migration-au-feminin\\\/#article\",\"isPartOf\":{\"@id\":\"https:\\\/\\\/dpress.ma\\\/fr\\\/2025\\\/02\\\/14\\\/vernissage-de-lexposition-collective-art-et-migration-au-feminin\\\/\"},\"author\":{\"name\":\"Dpress.ma\",\"@id\":\"https:\\\/\\\/dpress.ma\\\/fr\\\/#\\\/schema\\\/person\\\/4898febf3ccd59e6578d838656a306a0\"},\"headline\":\"Vernissage de l\u2019exposition collective \u201cArt et migration au f\u00e9minin\u201d\",\"datePublished\":\"2025-02-14T08:58:18+00:00\",\"mainEntityOfPage\":{\"@id\":\"https:\\\/\\\/dpress.ma\\\/fr\\\/2025\\\/02\\\/14\\\/vernissage-de-lexposition-collective-art-et-migration-au-feminin\\\/\"},\"wordCount\":410,\"commentCount\":0,\"image\":{\"@id\":\"https:\\\/\\\/dpress.ma\\\/fr\\\/2025\\\/02\\\/14\\\/vernissage-de-lexposition-collective-art-et-migration-au-feminin\\\/#primaryimage\"},\"thumbnailUrl\":\"https:\\\/\\\/dpress.ma\\\/fr\\\/wp-content\\\/uploads\\\/sites\\\/2\\\/2025\\\/02\\\/dprees-dim-27.png\",\"articleSection\":[\"Art et Culture\"],\"inLanguage\":\"fr-FR\",\"potentialAction\":[{\"@type\":\"CommentAction\",\"name\":\"Comment\",\"target\":[\"https:\\\/\\\/dpress.ma\\\/fr\\\/2025\\\/02\\\/14\\\/vernissage-de-lexposition-collective-art-et-migration-au-feminin\\\/#respond\"]}]},{\"@type\":\"WebPage\",\"@id\":\"https:\\\/\\\/dpress.ma\\\/fr\\\/2025\\\/02\\\/14\\\/vernissage-de-lexposition-collective-art-et-migration-au-feminin\\\/\",\"url\":\"https:\\\/\\\/dpress.ma\\\/fr\\\/2025\\\/02\\\/14\\\/vernissage-de-lexposition-collective-art-et-migration-au-feminin\\\/\",\"name\":\"Vernissage de l\u2019exposition collective \u201cArt et migration au f\u00e9minin\u201d - Dpress.ma\\\/fr\",\"isPartOf\":{\"@id\":\"https:\\\/\\\/dpress.ma\\\/fr\\\/#website\"},\"primaryImageOfPage\":{\"@id\":\"https:\\\/\\\/dpress.ma\\\/fr\\\/2025\\\/02\\\/14\\\/vernissage-de-lexposition-collective-art-et-migration-au-feminin\\\/#primaryimage\"},\"image\":{\"@id\":\"https:\\\/\\\/dpress.ma\\\/fr\\\/2025\\\/02\\\/14\\\/vernissage-de-lexposition-collective-art-et-migration-au-feminin\\\/#primaryimage\"},\"thumbnailUrl\":\"https:\\\/\\\/dpress.ma\\\/fr\\\/wp-content\\\/uploads\\\/sites\\\/2\\\/2025\\\/02\\\/dprees-dim-27.png\",\"datePublished\":\"2025-02-14T08:58:18+00:00\",\"author\":{\"@id\":\"https:\\\/\\\/dpress.ma\\\/fr\\\/#\\\/schema\\\/person\\\/4898febf3ccd59e6578d838656a306a0\"},\"breadcrumb\":{\"@id\":\"https:\\\/\\\/dpress.ma\\\/fr\\\/2025\\\/02\\\/14\\\/vernissage-de-lexposition-collective-art-et-migration-au-feminin\\\/#breadcrumb\"},\"inLanguage\":\"fr-FR\",\"potentialAction\":[{\"@type\":\"ReadAction\",\"target\":[\"https:\\\/\\\/dpress.ma\\\/fr\\\/2025\\\/02\\\/14\\\/vernissage-de-lexposition-collective-art-et-migration-au-feminin\\\/\"]}]},{\"@type\":\"ImageObject\",\"inLanguage\":\"fr-FR\",\"@id\":\"https:\\\/\\\/dpress.ma\\\/fr\\\/2025\\\/02\\\/14\\\/vernissage-de-lexposition-collective-art-et-migration-au-feminin\\\/#primaryimage\",\"url\":\"https:\\\/\\\/dpress.ma\\\/fr\\\/wp-content\\\/uploads\\\/sites\\\/2\\\/2025\\\/02\\\/dprees-dim-27.png\",\"contentUrl\":\"https:\\\/\\\/dpress.ma\\\/fr\\\/wp-content\\\/uploads\\\/sites\\\/2\\\/2025\\\/02\\\/dprees-dim-27.png\",\"width\":780,\"height\":470},{\"@type\":\"BreadcrumbList\",\"@id\":\"https:\\\/\\\/dpress.ma\\\/fr\\\/2025\\\/02\\\/14\\\/vernissage-de-lexposition-collective-art-et-migration-au-feminin\\\/#breadcrumb\",\"itemListElement\":[{\"@type\":\"ListItem\",\"position\":1,\"name\":\"Home\",\"item\":\"https:\\\/\\\/dpress.ma\\\/fr\\\/\"},{\"@type\":\"ListItem\",\"position\":2,\"name\":\"Vernissage de l\u2019exposition collective \u201cArt et migration au f\u00e9minin\u201d\"}]},{\"@type\":\"WebSite\",\"@id\":\"https:\\\/\\\/dpress.ma\\\/fr\\\/#website\",\"url\":\"https:\\\/\\\/dpress.ma\\\/fr\\\/\",\"name\":\"Dpress.ma\\\/fr\",\"description\":\"\",\"potentialAction\":[{\"@type\":\"SearchAction\",\"target\":{\"@type\":\"EntryPoint\",\"urlTemplate\":\"https:\\\/\\\/dpress.ma\\\/fr\\\/?s={search_term_string}\"},\"query-input\":{\"@type\":\"PropertyValueSpecification\",\"valueRequired\":true,\"valueName\":\"search_term_string\"}}],\"inLanguage\":\"fr-FR\"},{\"@type\":\"Person\",\"@id\":\"https:\\\/\\\/dpress.ma\\\/fr\\\/#\\\/schema\\\/person\\\/4898febf3ccd59e6578d838656a306a0\",\"name\":\"Dpress.ma\",\"image\":{\"@type\":\"ImageObject\",\"inLanguage\":\"fr-FR\",\"@id\":\"https:\\\/\\\/secure.gravatar.com\\\/avatar\\\/72ecc30e9db047a2e0e7176561eb9d564ed77c8108376495b19bd8336405198a?s=96&d=mm&r=g\",\"url\":\"https:\\\/\\\/secure.gravatar.com\\\/avatar\\\/72ecc30e9db047a2e0e7176561eb9d564ed77c8108376495b19bd8336405198a?s=96&d=mm&r=g\",\"contentUrl\":\"https:\\\/\\\/secure.gravatar.com\\\/avatar\\\/72ecc30e9db047a2e0e7176561eb9d564ed77c8108376495b19bd8336405198a?s=96&d=mm&r=g\",\"caption\":\"Dpress.ma\"},\"sameAs\":[\"https:\\\/\\\/www.dpress.ma\"],\"url\":\"https:\\\/\\\/dpress.ma\\\/fr\\\/author\\\/dpress-ma\\\/\"}]}<\/script>\n<!-- \/ Yoast SEO plugin. -->","yoast_head_json":{"title":"Vernissage de l\u2019exposition collective \u201cArt et migration au f\u00e9minin\u201d - Dpress.ma\/fr","robots":{"index":"index","follow":"follow","max-snippet":"max-snippet:-1","max-image-preview":"max-image-preview:large","max-video-preview":"max-video-preview:-1"},"canonical":"https:\/\/dpress.ma\/fr\/2025\/02\/14\/vernissage-de-lexposition-collective-art-et-migration-au-feminin\/","og_locale":"fr_FR","og_type":"article","og_title":"Vernissage de l\u2019exposition collective \u201cArt et migration au f\u00e9minin\u201d - Dpress.ma\/fr","og_description":"dpress Le vernissage de l\u2019exposition collective \u201cArt et migration au f\u00e9minin\u201d a eu lieu, jeudi, \u00e0 l\u2019espace Rivages de la Fondation Hassan II pour les Marocains R\u00e9sidant \u00e0 l\u2019\u00c9tranger. L\u2019exposition, qui se poursuit \u00e0 Rabat jusqu\u2019au 12 mars prochain, rassemble les \u0153uvres de trois artistes plasticiennes marocaines autodidactes. Il s\u2019agit d\u2019Amina Hamri qui vit en &hellip;","og_url":"https:\/\/dpress.ma\/fr\/2025\/02\/14\/vernissage-de-lexposition-collective-art-et-migration-au-feminin\/","og_site_name":"Dpress.ma\/fr","article_published_time":"2025-02-14T08:58:18+00:00","og_image":[{"width":780,"height":470,"url":"https:\/\/dpress.ma\/fr\/wp-content\/uploads\/sites\/2\/2025\/02\/dprees-dim-27.png","type":"image\/png"}],"author":"Dpress.ma","twitter_card":"summary_large_image","twitter_misc":{"\u00c9crit par":"Dpress.ma","Dur\u00e9e de lecture estim\u00e9e":"3 minutes"},"schema":{"@context":"https:\/\/schema.org","@graph":[{"@type":"Article","@id":"https:\/\/dpress.ma\/fr\/2025\/02\/14\/vernissage-de-lexposition-collective-art-et-migration-au-feminin\/#article","isPartOf":{"@id":"https:\/\/dpress.ma\/fr\/2025\/02\/14\/vernissage-de-lexposition-collective-art-et-migration-au-feminin\/"},"author":{"name":"Dpress.ma","@id":"https:\/\/dpress.ma\/fr\/#\/schema\/person\/4898febf3ccd59e6578d838656a306a0"},"headline":"Vernissage de l\u2019exposition collective \u201cArt et migration au f\u00e9minin\u201d","datePublished":"2025-02-14T08:58:18+00:00","mainEntityOfPage":{"@id":"https:\/\/dpress.ma\/fr\/2025\/02\/14\/vernissage-de-lexposition-collective-art-et-migration-au-feminin\/"},"wordCount":410,"commentCount":0,"image":{"@id":"https:\/\/dpress.ma\/fr\/2025\/02\/14\/vernissage-de-lexposition-collective-art-et-migration-au-feminin\/#primaryimage"},"thumbnailUrl":"https:\/\/dpress.ma\/fr\/wp-content\/uploads\/sites\/2\/2025\/02\/dprees-dim-27.png","articleSection":["Art et Culture"],"inLanguage":"fr-FR","potentialAction":[{"@type":"CommentAction","name":"Comment","target":["https:\/\/dpress.ma\/fr\/2025\/02\/14\/vernissage-de-lexposition-collective-art-et-migration-au-feminin\/#respond"]}]},{"@type":"WebPage","@id":"https:\/\/dpress.ma\/fr\/2025\/02\/14\/vernissage-de-lexposition-collective-art-et-migration-au-feminin\/","url":"https:\/\/dpress.ma\/fr\/2025\/02\/14\/vernissage-de-lexposition-collective-art-et-migration-au-feminin\/","name":"Vernissage de l\u2019exposition collective \u201cArt et migration au f\u00e9minin\u201d - Dpress.ma\/fr","isPartOf":{"@id":"https:\/\/dpress.ma\/fr\/#website"},"primaryImageOfPage":{"@id":"https:\/\/dpress.ma\/fr\/2025\/02\/14\/vernissage-de-lexposition-collective-art-et-migration-au-feminin\/#primaryimage"},"image":{"@id":"https:\/\/dpress.ma\/fr\/2025\/02\/14\/vernissage-de-lexposition-collective-art-et-migration-au-feminin\/#primaryimage"},"thumbnailUrl":"https:\/\/dpress.ma\/fr\/wp-content\/uploads\/sites\/2\/2025\/02\/dprees-dim-27.png","datePublished":"2025-02-14T08:58:18+00:00","author":{"@id":"https:\/\/dpress.ma\/fr\/#\/schema\/person\/4898febf3ccd59e6578d838656a306a0"},"breadcrumb":{"@id":"https:\/\/dpress.ma\/fr\/2025\/02\/14\/vernissage-de-lexposition-collective-art-et-migration-au-feminin\/#breadcrumb"},"inLanguage":"fr-FR","potentialAction":[{"@type":"ReadAction","target":["https:\/\/dpress.ma\/fr\/2025\/02\/14\/vernissage-de-lexposition-collective-art-et-migration-au-feminin\/"]}]},{"@type":"ImageObject","inLanguage":"fr-FR","@id":"https:\/\/dpress.ma\/fr\/2025\/02\/14\/vernissage-de-lexposition-collective-art-et-migration-au-feminin\/#primaryimage","url":"https:\/\/dpress.ma\/fr\/wp-content\/uploads\/sites\/2\/2025\/02\/dprees-dim-27.png","contentUrl":"https:\/\/dpress.ma\/fr\/wp-content\/uploads\/sites\/2\/2025\/02\/dprees-dim-27.png","width":780,"height":470},{"@type":"BreadcrumbList","@id":"https:\/\/dpress.ma\/fr\/2025\/02\/14\/vernissage-de-lexposition-collective-art-et-migration-au-feminin\/#breadcrumb","itemListElement":[{"@type":"ListItem","position":1,"name":"Home","item":"https:\/\/dpress.ma\/fr\/"},{"@type":"ListItem","position":2,"name":"Vernissage de l\u2019exposition collective \u201cArt et migration au f\u00e9minin\u201d"}]},{"@type":"WebSite","@id":"https:\/\/dpress.ma\/fr\/#website","url":"https:\/\/dpress.ma\/fr\/","name":"Dpress.ma\/fr","description":"","potentialAction":[{"@type":"SearchAction","target":{"@type":"EntryPoint","urlTemplate":"https:\/\/dpress.ma\/fr\/?s={search_term_string}"},"query-input":{"@type":"PropertyValueSpecification","valueRequired":true,"valueName":"search_term_string"}}],"inLanguage":"fr-FR"},{"@type":"Person","@id":"https:\/\/dpress.ma\/fr\/#\/schema\/person\/4898febf3ccd59e6578d838656a306a0","name":"Dpress.ma","image":{"@type":"ImageObject","inLanguage":"fr-FR","@id":"https:\/\/secure.gravatar.com\/avatar\/72ecc30e9db047a2e0e7176561eb9d564ed77c8108376495b19bd8336405198a?s=96&d=mm&r=g","url":"https:\/\/secure.gravatar.com\/avatar\/72ecc30e9db047a2e0e7176561eb9d564ed77c8108376495b19bd8336405198a?s=96&d=mm&r=g","contentUrl":"https:\/\/secure.gravatar.com\/avatar\/72ecc30e9db047a2e0e7176561eb9d564ed77c8108376495b19bd8336405198a?s=96&d=mm&r=g","caption":"Dpress.ma"},"sameAs":["https:\/\/www.dpress.ma"],"url":"https:\/\/dpress.ma\/fr\/author\/dpress-ma\/"}]}},"amp_enabled":true,"_links":{"self":[{"href":"https:\/\/dpress.ma\/fr\/wp-json\/wp\/v2\/posts\/12686","targetHints":{"allow":["GET"]}}],"collection":[{"href":"https:\/\/dpress.ma\/fr\/wp-json\/wp\/v2\/posts"}],"about":[{"href":"https:\/\/dpress.ma\/fr\/wp-json\/wp\/v2\/types\/post"}],"author":[{"embeddable":true,"href":"https:\/\/dpress.ma\/fr\/wp-json\/wp\/v2\/users\/2"}],"replies":[{"embeddable":true,"href":"https:\/\/dpress.ma\/fr\/wp-json\/wp\/v2\/comments?post=12686"}],"version-history":[{"count":1,"href":"https:\/\/dpress.ma\/fr\/wp-json\/wp\/v2\/posts\/12686\/revisions"}],"predecessor-version":[{"id":12688,"href":"https:\/\/dpress.ma\/fr\/wp-json\/wp\/v2\/posts\/12686\/revisions\/12688"}],"wp:featuredmedia":[{"embeddable":true,"href":"https:\/\/dpress.ma\/fr\/wp-json\/wp\/v2\/media\/12687"}],"wp:attachment":[{"href":"https:\/\/dpress.ma\/fr\/wp-json\/wp\/v2\/media?parent=12686"}],"wp:term":[{"taxonomy":"category","embeddable":true,"href":"https:\/\/dpress.ma\/fr\/wp-json\/wp\/v2\/categories?post=12686"},{"taxonomy":"post_tag","embeddable":true,"href":"https:\/\/dpress.ma\/fr\/wp-json\/wp\/v2\/tags?post=12686"}],"curies":[{"name":"wp","href":"https:\/\/api.w.org\/{rel}","templated":true}]}}