{"id":12683,"date":"2025-02-14T08:54:46","date_gmt":"2025-02-14T08:54:46","guid":{"rendered":"https:\/\/dpress.ma\/fr\/?p=12683"},"modified":"2025-02-14T08:54:47","modified_gmt":"2025-02-14T08:54:47","slug":"le-conseil-economique-et-social-felicite-le-maroc-pour-laccueil-de-la-coupe-du-monde-2030","status":"publish","type":"post","link":"https:\/\/dpress.ma\/fr\/2025\/02\/14\/le-conseil-economique-et-social-felicite-le-maroc-pour-laccueil-de-la-coupe-du-monde-2030\/","title":{"rendered":"le Conseil \u00e9conomique et social f\u00e9licite le Maroc pour l\u2019accueil de la Coupe du Monde 2030"},"content":{"rendered":"\n<p>dpress<\/p>\n\n\n\n<p>Le Conseil \u00e9conomique et social de la Ligue des \u00c9tats arabes au niveau des hauts responsables, dont les travaux de la 115e session se sont tenus mercredi, a f\u00e9licit\u00e9 le Maroc pour sa d\u00e9signation officielle comme pays h\u00f4te de la Coupe du Monde 2030, aux c\u00f4t\u00e9s de l\u2019Espagne et du Portugal.<\/p>\n\n\n\n<p>Dans une r\u00e9solution adopt\u00e9e \u00e0 cette occasion, le Conseil a appel\u00e9 les \u00c9tats membres de la Ligue arabe \u00e0 soutenir le Royaume du Maroc pour r\u00e9ussir cette manifestation mondiale et encourager les s\u00e9lections arabes participant \u00e0 ce championnat mondial.<\/p>\n\n\n\n<p>La d\u00e9l\u00e9gation marocaine participant aux travaux de cette session est pr\u00e9sid\u00e9e par l\u2019ambassadeur du Royaume au Caire et son Repr\u00e9sentant permanent aupr\u00e8s de la Ligue arabe, Mohamed Ait Ouali, ainsi que des repr\u00e9sentants des minist\u00e8res de l\u2019\u00c9conomie et des Finances et de l\u2019Industrie et du Commerce.<\/p>\n\n\n\n<p>L\u2019ordre du jour des travaux concerne, notamment, le suivi de la mise en \u0153uvre des r\u00e9solutions de la 114e session du Conseil, l\u2019activit\u00e9 du secr\u00e9tariat g\u00e9n\u00e9ral entre les deux sessions (114-115), outre le dossier \u00e9conomique et social du Conseil de la Ligue des \u00c9tats arabes, au niveau de son 34e sommet ordinaire \u00e0 Bagdad.<\/p>\n\n\n\n<p>Le Conseil s\u2019est pench\u00e9 aussi sur le soutien du plan des besoins de d\u00e9veloppement et des projets d\u2019infrastructure au Y\u00e9men, et la zone du libre \u00e9change, ainsi que les \u00e9volutions de l\u2019union douani\u00e8re arabe, et l\u2019investissement dans les pays arabes.<\/p>\n","protected":false},"excerpt":{"rendered":"<p>dpress Le Conseil \u00e9conomique et social de la Ligue des \u00c9tats arabes au niveau des hauts responsables, dont les travaux de la 115e session se sont tenus mercredi, a f\u00e9licit\u00e9 le Maroc pour sa d\u00e9signation officielle comme pays h\u00f4te de la Coupe du Monde 2030, aux c\u00f4t\u00e9s de l\u2019Espagne et du Portugal. Dans une r\u00e9solution &hellip;<\/p>\n","protected":false},"author":2,"featured_media":12684,"comment_status":"open","ping_status":"open","sticky":false,"template":"","format":"standard","meta":{"footnotes":""},"categories":[27],"tags":[],"class_list":["post-12683","post","type-post","status-publish","format-standard","has-post-thumbnail","hentry","category-sport"],"yoast_head":"<!-- This site is optimized with the Yoast SEO plugin v27.5 - https:\/\/yoast.com\/product\/yoast-seo-wordpress\/ -->\n<title>le Conseil \u00e9conomique et social f\u00e9licite le Maroc pour l\u2019accueil de la Coupe du Monde 2030 - Dpress.ma\/fr<\/title>\n<meta name=\"robots\" content=\"index, follow, max-snippet:-1, max-image-preview:large, max-video-preview:-1\" \/>\n<link rel=\"canonical\" href=\"https:\/\/dpress.ma\/fr\/2025\/02\/14\/le-conseil-economique-et-social-felicite-le-maroc-pour-laccueil-de-la-coupe-du-monde-2030\/\" \/>\n<meta property=\"og:locale\" content=\"fr_FR\" \/>\n<meta property=\"og:type\" content=\"article\" \/>\n<meta property=\"og:title\" content=\"le Conseil \u00e9conomique et social f\u00e9licite le Maroc pour l\u2019accueil de la Coupe du Monde 2030 - Dpress.ma\/fr\" \/>\n<meta property=\"og:description\" content=\"dpress Le Conseil \u00e9conomique et social de la Ligue des \u00c9tats arabes au niveau des hauts responsables, dont les travaux de la 115e session se sont tenus mercredi, a f\u00e9licit\u00e9 le Maroc pour sa d\u00e9signation officielle comme pays h\u00f4te de la Coupe du Monde 2030, aux c\u00f4t\u00e9s de l\u2019Espagne et du Portugal. Dans une r\u00e9solution &hellip;\" \/>\n<meta property=\"og:url\" content=\"https:\/\/dpress.ma\/fr\/2025\/02\/14\/le-conseil-economique-et-social-felicite-le-maroc-pour-laccueil-de-la-coupe-du-monde-2030\/\" \/>\n<meta property=\"og:site_name\" content=\"Dpress.ma\/fr\" \/>\n<meta property=\"article:published_time\" content=\"2025-02-14T08:54:46+00:00\" \/>\n<meta property=\"article:modified_time\" content=\"2025-02-14T08:54:47+00:00\" \/>\n<meta property=\"og:image\" content=\"https:\/\/dpress.ma\/fr\/wp-content\/uploads\/sites\/2\/2025\/02\/dprees-dim-26.png\" \/>\n\t<meta property=\"og:image:width\" content=\"780\" \/>\n\t<meta property=\"og:image:height\" content=\"470\" \/>\n\t<meta property=\"og:image:type\" content=\"image\/png\" \/>\n<meta name=\"author\" content=\"Dpress.ma\" \/>\n<meta name=\"twitter:card\" content=\"summary_large_image\" \/>\n<meta name=\"twitter:label1\" content=\"\u00c9crit par\" \/>\n\t<meta name=\"twitter:data1\" content=\"Dpress.ma\" \/>\n\t<meta name=\"twitter:label2\" content=\"Dur\u00e9e de lecture estim\u00e9e\" \/>\n\t<meta name=\"twitter:data2\" content=\"2 minutes\" \/>\n<script type=\"application\/ld+json\" class=\"yoast-schema-graph\">{\"@context\":\"https:\\\/\\\/schema.org\",\"@graph\":[{\"@type\":\"Article\",\"@id\":\"https:\\\/\\\/dpress.ma\\\/fr\\\/2025\\\/02\\\/14\\\/le-conseil-economique-et-social-felicite-le-maroc-pour-laccueil-de-la-coupe-du-monde-2030\\\/#article\",\"isPartOf\":{\"@id\":\"https:\\\/\\\/dpress.ma\\\/fr\\\/2025\\\/02\\\/14\\\/le-conseil-economique-et-social-felicite-le-maroc-pour-laccueil-de-la-coupe-du-monde-2030\\\/\"},\"author\":{\"name\":\"Dpress.ma\",\"@id\":\"https:\\\/\\\/dpress.ma\\\/fr\\\/#\\\/schema\\\/person\\\/4898febf3ccd59e6578d838656a306a0\"},\"headline\":\"le Conseil \u00e9conomique et social f\u00e9licite le Maroc pour l\u2019accueil de la Coupe du Monde 2030\",\"datePublished\":\"2025-02-14T08:54:46+00:00\",\"dateModified\":\"2025-02-14T08:54:47+00:00\",\"mainEntityOfPage\":{\"@id\":\"https:\\\/\\\/dpress.ma\\\/fr\\\/2025\\\/02\\\/14\\\/le-conseil-economique-et-social-felicite-le-maroc-pour-laccueil-de-la-coupe-du-monde-2030\\\/\"},\"wordCount\":277,\"commentCount\":0,\"image\":{\"@id\":\"https:\\\/\\\/dpress.ma\\\/fr\\\/2025\\\/02\\\/14\\\/le-conseil-economique-et-social-felicite-le-maroc-pour-laccueil-de-la-coupe-du-monde-2030\\\/#primaryimage\"},\"thumbnailUrl\":\"https:\\\/\\\/dpress.ma\\\/fr\\\/wp-content\\\/uploads\\\/sites\\\/2\\\/2025\\\/02\\\/dprees-dim-26.png\",\"articleSection\":[\"Sport\"],\"inLanguage\":\"fr-FR\",\"potentialAction\":[{\"@type\":\"CommentAction\",\"name\":\"Comment\",\"target\":[\"https:\\\/\\\/dpress.ma\\\/fr\\\/2025\\\/02\\\/14\\\/le-conseil-economique-et-social-felicite-le-maroc-pour-laccueil-de-la-coupe-du-monde-2030\\\/#respond\"]}]},{\"@type\":\"WebPage\",\"@id\":\"https:\\\/\\\/dpress.ma\\\/fr\\\/2025\\\/02\\\/14\\\/le-conseil-economique-et-social-felicite-le-maroc-pour-laccueil-de-la-coupe-du-monde-2030\\\/\",\"url\":\"https:\\\/\\\/dpress.ma\\\/fr\\\/2025\\\/02\\\/14\\\/le-conseil-economique-et-social-felicite-le-maroc-pour-laccueil-de-la-coupe-du-monde-2030\\\/\",\"name\":\"le Conseil \u00e9conomique et social f\u00e9licite le Maroc pour l\u2019accueil de la Coupe du Monde 2030 - Dpress.ma\\\/fr\",\"isPartOf\":{\"@id\":\"https:\\\/\\\/dpress.ma\\\/fr\\\/#website\"},\"primaryImageOfPage\":{\"@id\":\"https:\\\/\\\/dpress.ma\\\/fr\\\/2025\\\/02\\\/14\\\/le-conseil-economique-et-social-felicite-le-maroc-pour-laccueil-de-la-coupe-du-monde-2030\\\/#primaryimage\"},\"image\":{\"@id\":\"https:\\\/\\\/dpress.ma\\\/fr\\\/2025\\\/02\\\/14\\\/le-conseil-economique-et-social-felicite-le-maroc-pour-laccueil-de-la-coupe-du-monde-2030\\\/#primaryimage\"},\"thumbnailUrl\":\"https:\\\/\\\/dpress.ma\\\/fr\\\/wp-content\\\/uploads\\\/sites\\\/2\\\/2025\\\/02\\\/dprees-dim-26.png\",\"datePublished\":\"2025-02-14T08:54:46+00:00\",\"dateModified\":\"2025-02-14T08:54:47+00:00\",\"author\":{\"@id\":\"https:\\\/\\\/dpress.ma\\\/fr\\\/#\\\/schema\\\/person\\\/4898febf3ccd59e6578d838656a306a0\"},\"breadcrumb\":{\"@id\":\"https:\\\/\\\/dpress.ma\\\/fr\\\/2025\\\/02\\\/14\\\/le-conseil-economique-et-social-felicite-le-maroc-pour-laccueil-de-la-coupe-du-monde-2030\\\/#breadcrumb\"},\"inLanguage\":\"fr-FR\",\"potentialAction\":[{\"@type\":\"ReadAction\",\"target\":[\"https:\\\/\\\/dpress.ma\\\/fr\\\/2025\\\/02\\\/14\\\/le-conseil-economique-et-social-felicite-le-maroc-pour-laccueil-de-la-coupe-du-monde-2030\\\/\"]}]},{\"@type\":\"ImageObject\",\"inLanguage\":\"fr-FR\",\"@id\":\"https:\\\/\\\/dpress.ma\\\/fr\\\/2025\\\/02\\\/14\\\/le-conseil-economique-et-social-felicite-le-maroc-pour-laccueil-de-la-coupe-du-monde-2030\\\/#primaryimage\",\"url\":\"https:\\\/\\\/dpress.ma\\\/fr\\\/wp-content\\\/uploads\\\/sites\\\/2\\\/2025\\\/02\\\/dprees-dim-26.png\",\"contentUrl\":\"https:\\\/\\\/dpress.ma\\\/fr\\\/wp-content\\\/uploads\\\/sites\\\/2\\\/2025\\\/02\\\/dprees-dim-26.png\",\"width\":780,\"height\":470},{\"@type\":\"BreadcrumbList\",\"@id\":\"https:\\\/\\\/dpress.ma\\\/fr\\\/2025\\\/02\\\/14\\\/le-conseil-economique-et-social-felicite-le-maroc-pour-laccueil-de-la-coupe-du-monde-2030\\\/#breadcrumb\",\"itemListElement\":[{\"@type\":\"ListItem\",\"position\":1,\"name\":\"Home\",\"item\":\"https:\\\/\\\/dpress.ma\\\/fr\\\/\"},{\"@type\":\"ListItem\",\"position\":2,\"name\":\"le Conseil \u00e9conomique et social f\u00e9licite le Maroc pour l\u2019accueil de la Coupe du Monde 2030\"}]},{\"@type\":\"WebSite\",\"@id\":\"https:\\\/\\\/dpress.ma\\\/fr\\\/#website\",\"url\":\"https:\\\/\\\/dpress.ma\\\/fr\\\/\",\"name\":\"Dpress.ma\\\/fr\",\"description\":\"\",\"potentialAction\":[{\"@type\":\"SearchAction\",\"target\":{\"@type\":\"EntryPoint\",\"urlTemplate\":\"https:\\\/\\\/dpress.ma\\\/fr\\\/?s={search_term_string}\"},\"query-input\":{\"@type\":\"PropertyValueSpecification\",\"valueRequired\":true,\"valueName\":\"search_term_string\"}}],\"inLanguage\":\"fr-FR\"},{\"@type\":\"Person\",\"@id\":\"https:\\\/\\\/dpress.ma\\\/fr\\\/#\\\/schema\\\/person\\\/4898febf3ccd59e6578d838656a306a0\",\"name\":\"Dpress.ma\",\"image\":{\"@type\":\"ImageObject\",\"inLanguage\":\"fr-FR\",\"@id\":\"https:\\\/\\\/secure.gravatar.com\\\/avatar\\\/72ecc30e9db047a2e0e7176561eb9d564ed77c8108376495b19bd8336405198a?s=96&d=mm&r=g\",\"url\":\"https:\\\/\\\/secure.gravatar.com\\\/avatar\\\/72ecc30e9db047a2e0e7176561eb9d564ed77c8108376495b19bd8336405198a?s=96&d=mm&r=g\",\"contentUrl\":\"https:\\\/\\\/secure.gravatar.com\\\/avatar\\\/72ecc30e9db047a2e0e7176561eb9d564ed77c8108376495b19bd8336405198a?s=96&d=mm&r=g\",\"caption\":\"Dpress.ma\"},\"sameAs\":[\"https:\\\/\\\/www.dpress.ma\"],\"url\":\"https:\\\/\\\/dpress.ma\\\/fr\\\/author\\\/dpress-ma\\\/\"}]}<\/script>\n<!-- \/ Yoast SEO plugin. -->","yoast_head_json":{"title":"le Conseil \u00e9conomique et social f\u00e9licite le Maroc pour l\u2019accueil de la Coupe du Monde 2030 - Dpress.ma\/fr","robots":{"index":"index","follow":"follow","max-snippet":"max-snippet:-1","max-image-preview":"max-image-preview:large","max-video-preview":"max-video-preview:-1"},"canonical":"https:\/\/dpress.ma\/fr\/2025\/02\/14\/le-conseil-economique-et-social-felicite-le-maroc-pour-laccueil-de-la-coupe-du-monde-2030\/","og_locale":"fr_FR","og_type":"article","og_title":"le Conseil \u00e9conomique et social f\u00e9licite le Maroc pour l\u2019accueil de la Coupe du Monde 2030 - Dpress.ma\/fr","og_description":"dpress Le Conseil \u00e9conomique et social de la Ligue des \u00c9tats arabes au niveau des hauts responsables, dont les travaux de la 115e session se sont tenus mercredi, a f\u00e9licit\u00e9 le Maroc pour sa d\u00e9signation officielle comme pays h\u00f4te de la Coupe du Monde 2030, aux c\u00f4t\u00e9s de l\u2019Espagne et du Portugal. Dans une r\u00e9solution &hellip;","og_url":"https:\/\/dpress.ma\/fr\/2025\/02\/14\/le-conseil-economique-et-social-felicite-le-maroc-pour-laccueil-de-la-coupe-du-monde-2030\/","og_site_name":"Dpress.ma\/fr","article_published_time":"2025-02-14T08:54:46+00:00","article_modified_time":"2025-02-14T08:54:47+00:00","og_image":[{"width":780,"height":470,"url":"https:\/\/dpress.ma\/fr\/wp-content\/uploads\/sites\/2\/2025\/02\/dprees-dim-26.png","type":"image\/png"}],"author":"Dpress.ma","twitter_card":"summary_large_image","twitter_misc":{"\u00c9crit par":"Dpress.ma","Dur\u00e9e de lecture estim\u00e9e":"2 minutes"},"schema":{"@context":"https:\/\/schema.org","@graph":[{"@type":"Article","@id":"https:\/\/dpress.ma\/fr\/2025\/02\/14\/le-conseil-economique-et-social-felicite-le-maroc-pour-laccueil-de-la-coupe-du-monde-2030\/#article","isPartOf":{"@id":"https:\/\/dpress.ma\/fr\/2025\/02\/14\/le-conseil-economique-et-social-felicite-le-maroc-pour-laccueil-de-la-coupe-du-monde-2030\/"},"author":{"name":"Dpress.ma","@id":"https:\/\/dpress.ma\/fr\/#\/schema\/person\/4898febf3ccd59e6578d838656a306a0"},"headline":"le Conseil \u00e9conomique et social f\u00e9licite le Maroc pour l\u2019accueil de la Coupe du Monde 2030","datePublished":"2025-02-14T08:54:46+00:00","dateModified":"2025-02-14T08:54:47+00:00","mainEntityOfPage":{"@id":"https:\/\/dpress.ma\/fr\/2025\/02\/14\/le-conseil-economique-et-social-felicite-le-maroc-pour-laccueil-de-la-coupe-du-monde-2030\/"},"wordCount":277,"commentCount":0,"image":{"@id":"https:\/\/dpress.ma\/fr\/2025\/02\/14\/le-conseil-economique-et-social-felicite-le-maroc-pour-laccueil-de-la-coupe-du-monde-2030\/#primaryimage"},"thumbnailUrl":"https:\/\/dpress.ma\/fr\/wp-content\/uploads\/sites\/2\/2025\/02\/dprees-dim-26.png","articleSection":["Sport"],"inLanguage":"fr-FR","potentialAction":[{"@type":"CommentAction","name":"Comment","target":["https:\/\/dpress.ma\/fr\/2025\/02\/14\/le-conseil-economique-et-social-felicite-le-maroc-pour-laccueil-de-la-coupe-du-monde-2030\/#respond"]}]},{"@type":"WebPage","@id":"https:\/\/dpress.ma\/fr\/2025\/02\/14\/le-conseil-economique-et-social-felicite-le-maroc-pour-laccueil-de-la-coupe-du-monde-2030\/","url":"https:\/\/dpress.ma\/fr\/2025\/02\/14\/le-conseil-economique-et-social-felicite-le-maroc-pour-laccueil-de-la-coupe-du-monde-2030\/","name":"le Conseil \u00e9conomique et social f\u00e9licite le Maroc pour l\u2019accueil de la Coupe du Monde 2030 - Dpress.ma\/fr","isPartOf":{"@id":"https:\/\/dpress.ma\/fr\/#website"},"primaryImageOfPage":{"@id":"https:\/\/dpress.ma\/fr\/2025\/02\/14\/le-conseil-economique-et-social-felicite-le-maroc-pour-laccueil-de-la-coupe-du-monde-2030\/#primaryimage"},"image":{"@id":"https:\/\/dpress.ma\/fr\/2025\/02\/14\/le-conseil-economique-et-social-felicite-le-maroc-pour-laccueil-de-la-coupe-du-monde-2030\/#primaryimage"},"thumbnailUrl":"https:\/\/dpress.ma\/fr\/wp-content\/uploads\/sites\/2\/2025\/02\/dprees-dim-26.png","datePublished":"2025-02-14T08:54:46+00:00","dateModified":"2025-02-14T08:54:47+00:00","author":{"@id":"https:\/\/dpress.ma\/fr\/#\/schema\/person\/4898febf3ccd59e6578d838656a306a0"},"breadcrumb":{"@id":"https:\/\/dpress.ma\/fr\/2025\/02\/14\/le-conseil-economique-et-social-felicite-le-maroc-pour-laccueil-de-la-coupe-du-monde-2030\/#breadcrumb"},"inLanguage":"fr-FR","potentialAction":[{"@type":"ReadAction","target":["https:\/\/dpress.ma\/fr\/2025\/02\/14\/le-conseil-economique-et-social-felicite-le-maroc-pour-laccueil-de-la-coupe-du-monde-2030\/"]}]},{"@type":"ImageObject","inLanguage":"fr-FR","@id":"https:\/\/dpress.ma\/fr\/2025\/02\/14\/le-conseil-economique-et-social-felicite-le-maroc-pour-laccueil-de-la-coupe-du-monde-2030\/#primaryimage","url":"https:\/\/dpress.ma\/fr\/wp-content\/uploads\/sites\/2\/2025\/02\/dprees-dim-26.png","contentUrl":"https:\/\/dpress.ma\/fr\/wp-content\/uploads\/sites\/2\/2025\/02\/dprees-dim-26.png","width":780,"height":470},{"@type":"BreadcrumbList","@id":"https:\/\/dpress.ma\/fr\/2025\/02\/14\/le-conseil-economique-et-social-felicite-le-maroc-pour-laccueil-de-la-coupe-du-monde-2030\/#breadcrumb","itemListElement":[{"@type":"ListItem","position":1,"name":"Home","item":"https:\/\/dpress.ma\/fr\/"},{"@type":"ListItem","position":2,"name":"le Conseil \u00e9conomique et social f\u00e9licite le Maroc pour l\u2019accueil de la Coupe du Monde 2030"}]},{"@type":"WebSite","@id":"https:\/\/dpress.ma\/fr\/#website","url":"https:\/\/dpress.ma\/fr\/","name":"Dpress.ma\/fr","description":"","potentialAction":[{"@type":"SearchAction","target":{"@type":"EntryPoint","urlTemplate":"https:\/\/dpress.ma\/fr\/?s={search_term_string}"},"query-input":{"@type":"PropertyValueSpecification","valueRequired":true,"valueName":"search_term_string"}}],"inLanguage":"fr-FR"},{"@type":"Person","@id":"https:\/\/dpress.ma\/fr\/#\/schema\/person\/4898febf3ccd59e6578d838656a306a0","name":"Dpress.ma","image":{"@type":"ImageObject","inLanguage":"fr-FR","@id":"https:\/\/secure.gravatar.com\/avatar\/72ecc30e9db047a2e0e7176561eb9d564ed77c8108376495b19bd8336405198a?s=96&d=mm&r=g","url":"https:\/\/secure.gravatar.com\/avatar\/72ecc30e9db047a2e0e7176561eb9d564ed77c8108376495b19bd8336405198a?s=96&d=mm&r=g","contentUrl":"https:\/\/secure.gravatar.com\/avatar\/72ecc30e9db047a2e0e7176561eb9d564ed77c8108376495b19bd8336405198a?s=96&d=mm&r=g","caption":"Dpress.ma"},"sameAs":["https:\/\/www.dpress.ma"],"url":"https:\/\/dpress.ma\/fr\/author\/dpress-ma\/"}]}},"amp_enabled":true,"_links":{"self":[{"href":"https:\/\/dpress.ma\/fr\/wp-json\/wp\/v2\/posts\/12683","targetHints":{"allow":["GET"]}}],"collection":[{"href":"https:\/\/dpress.ma\/fr\/wp-json\/wp\/v2\/posts"}],"about":[{"href":"https:\/\/dpress.ma\/fr\/wp-json\/wp\/v2\/types\/post"}],"author":[{"embeddable":true,"href":"https:\/\/dpress.ma\/fr\/wp-json\/wp\/v2\/users\/2"}],"replies":[{"embeddable":true,"href":"https:\/\/dpress.ma\/fr\/wp-json\/wp\/v2\/comments?post=12683"}],"version-history":[{"count":1,"href":"https:\/\/dpress.ma\/fr\/wp-json\/wp\/v2\/posts\/12683\/revisions"}],"predecessor-version":[{"id":12685,"href":"https:\/\/dpress.ma\/fr\/wp-json\/wp\/v2\/posts\/12683\/revisions\/12685"}],"wp:featuredmedia":[{"embeddable":true,"href":"https:\/\/dpress.ma\/fr\/wp-json\/wp\/v2\/media\/12684"}],"wp:attachment":[{"href":"https:\/\/dpress.ma\/fr\/wp-json\/wp\/v2\/media?parent=12683"}],"wp:term":[{"taxonomy":"category","embeddable":true,"href":"https:\/\/dpress.ma\/fr\/wp-json\/wp\/v2\/categories?post=12683"},{"taxonomy":"post_tag","embeddable":true,"href":"https:\/\/dpress.ma\/fr\/wp-json\/wp\/v2\/tags?post=12683"}],"curies":[{"name":"wp","href":"https:\/\/api.w.org\/{rel}","templated":true}]}}