{"id":12680,"date":"2025-02-14T08:52:34","date_gmt":"2025-02-14T08:52:34","guid":{"rendered":"https:\/\/dpress.ma\/fr\/?p=12680"},"modified":"2025-02-14T08:52:35","modified_gmt":"2025-02-14T08:52:35","slug":"la-strategie-globale-du-maroc-mise-en-avant-au-panama","status":"publish","type":"post","link":"https:\/\/dpress.ma\/fr\/2025\/02\/14\/la-strategie-globale-du-maroc-mise-en-avant-au-panama\/","title":{"rendered":"\u00a0la strat\u00e9gie globale du Maroc mise en avant au Panama"},"content":{"rendered":"\n<p>dpress<\/p>\n\n\n\n<p>La strat\u00e9gie globale adopt\u00e9e par le Maroc pour pr\u00e9venir et lutter contre la radicalisation et l\u2019extr\u00e9misme violent a \u00e9t\u00e9 mise en avant lors d\u2019une conf\u00e9rence organis\u00e9e \u00e0 Panama City, \u00e0 l\u2019initiative du minist\u00e8re panam\u00e9en des Affaires \u00e9trang\u00e8res.<\/p>\n\n\n\n<p>Lors de cet \u00e9v\u00e9nement tenu \u00e0 l\u2019occasion de la Journ\u00e9e internationale pour la pr\u00e9vention de l\u2019extr\u00e9misme violent, proclam\u00e9e par les Nations Unies le 12 f\u00e9vrier, l\u2019ambassadrice du Royaume, Bouchra Boudchiche, a indiqu\u00e9 que cette strat\u00e9gie int\u00e9gr\u00e9e repose sur une approche multidimensionnelle et vise \u00e0 s\u2019attaquer aux causes profondes de l\u2019extr\u00e9misme avant qu\u2019il ne se transforme en menace s\u00e9curitaire.<\/p>\n\n\n\n<p>Sous le leadership de Sa Majest\u00e9 le Roi Mohammed VI, le Maroc \u0153uvre, au plan \u00e9conomique, pour le renforcement le d\u00e9veloppement humain solidaire et la justice sociale, a indiqu\u00e9 la diplomate devant un parterre de hauts responsables, dont le vice-ministre des Affaires \u00e9trang\u00e8res du Panama, Carlos Guibarra Mann.<\/p>\n\n\n\n<p>Dans le domaine religieux, la diplomate a mis en exergue le r\u00f4le cl\u00e9 de l\u2019institution d\u2019Imarat Al Mouminine dans la promotion d\u2019un Islam du juste milieu, mettant en exergue les missions accomplies dans ce sens par l\u2019Institut Mohammed VI de formation des Imams, Morchidines et Morchidates ainsi que la Fondation Mohammed VI pour les Oul\u00e9mas africains.<\/p>\n\n\n\n<p>Elle a en outre relev\u00e9, \u00e0 cet \u00e9gard, le r\u00f4le f\u00e9d\u00e9rateur du Maroc en Afrique qui apporte une contribution ind\u00e9niable \u00e0 la promotion de la paix et de la prosp\u00e9rit\u00e9 sur le continent.<\/p>\n\n\n\n<p>Sur le plan s\u00e9curitaire, l\u2019ambassadrice a soulign\u00e9 que le Maroc a entrepris des mesures proactives pour faire face \u00e0 la menace de la radicalisation et de l\u2019extr\u00e9misme violent, relevant que l\u2019approche multidimensionnelle engag\u00e9e dans ce sens s\u2019articule autour d\u2019une gouvernance s\u00e9curitaire conforme aux dispositions de la Constitution et des principes de la d\u00e9mocratie et des droits de l\u2019Homme.<\/p>\n\n\n\n<p>Gr\u00e2ce aux efforts d\u00e9ploy\u00e9s sous la conduite de Sa Majest\u00e9 le Roi, le mod\u00e8le marocain est devenu une r\u00e9f\u00e9rence reconnue pour nombre de pays cherchant \u00e0 lutter de mani\u00e8re efficace et durable contre ce fl\u00e9au, a soulign\u00e9 la diplomate qui a \u00e9galement mis en avant le r\u00f4le pionnier jou\u00e9 par le Maroc sur la sc\u00e8ne internationale, \u00e0 travers sa coop\u00e9ration \u00e9troite avec les Nations Unies et les organisations r\u00e9gionales et internationales.<\/p>\n\n\n\n<p>Lors de cette rencontre, l\u2019accent a \u00e9t\u00e9 mis sur l\u2019importance de la proclamation d\u2019une journ\u00e9e internationale de lutte contre l\u2019extr\u00e9misme en tant qu\u2019\u00e9tape essentielle pour soutenir les efforts internationaux visant \u00e0 faire face \u00e0 ce ph\u00e9nom\u00e8ne de mani\u00e8re globale et durable.<\/p>\n\n\n\n<p>Les diff\u00e9rents intervenants ont relev\u00e9 \u00e0 cet \u00e9gard l\u2019imp\u00e9ratif d\u2019\u0153uvrer davantage pour renforcer la prise de conscience mondiale des dangers de l\u2019extr\u00e9misme pour la stabilit\u00e9 sociale, politique et s\u00e9curitaire, et pour consolider la coop\u00e9ration entre les pays et les organisations face \u00e0 ce ph\u00e9nom\u00e8ne transfrontalier.<\/p>\n","protected":false},"excerpt":{"rendered":"<p>dpress La strat\u00e9gie globale adopt\u00e9e par le Maroc pour pr\u00e9venir et lutter contre la radicalisation et l\u2019extr\u00e9misme violent a \u00e9t\u00e9 mise en avant lors d\u2019une conf\u00e9rence organis\u00e9e \u00e0 Panama City, \u00e0 l\u2019initiative du minist\u00e8re panam\u00e9en des Affaires \u00e9trang\u00e8res. Lors de cet \u00e9v\u00e9nement tenu \u00e0 l\u2019occasion de la Journ\u00e9e internationale pour la pr\u00e9vention de l\u2019extr\u00e9misme violent, &hellip;<\/p>\n","protected":false},"author":2,"featured_media":12681,"comment_status":"open","ping_status":"open","sticky":false,"template":"","format":"standard","meta":{"footnotes":""},"categories":[26],"tags":[],"class_list":["post-12680","post","type-post","status-publish","format-standard","has-post-thumbnail","hentry","category-politiques"],"yoast_head":"<!-- This site is optimized with the Yoast SEO plugin v27.5 - https:\/\/yoast.com\/product\/yoast-seo-wordpress\/ -->\n<title>\u00a0la strat\u00e9gie globale du Maroc mise en avant au Panama - Dpress.ma\/fr<\/title>\n<meta name=\"robots\" content=\"index, follow, max-snippet:-1, max-image-preview:large, max-video-preview:-1\" \/>\n<link rel=\"canonical\" href=\"https:\/\/dpress.ma\/fr\/2025\/02\/14\/la-strategie-globale-du-maroc-mise-en-avant-au-panama\/\" \/>\n<meta property=\"og:locale\" content=\"fr_FR\" \/>\n<meta property=\"og:type\" content=\"article\" \/>\n<meta property=\"og:title\" content=\"\u00a0la strat\u00e9gie globale du Maroc mise en avant au Panama - Dpress.ma\/fr\" \/>\n<meta property=\"og:description\" content=\"dpress La strat\u00e9gie globale adopt\u00e9e par le Maroc pour pr\u00e9venir et lutter contre la radicalisation et l\u2019extr\u00e9misme violent a \u00e9t\u00e9 mise en avant lors d\u2019une conf\u00e9rence organis\u00e9e \u00e0 Panama City, \u00e0 l\u2019initiative du minist\u00e8re panam\u00e9en des Affaires \u00e9trang\u00e8res. Lors de cet \u00e9v\u00e9nement tenu \u00e0 l\u2019occasion de la Journ\u00e9e internationale pour la pr\u00e9vention de l\u2019extr\u00e9misme violent, &hellip;\" \/>\n<meta property=\"og:url\" content=\"https:\/\/dpress.ma\/fr\/2025\/02\/14\/la-strategie-globale-du-maroc-mise-en-avant-au-panama\/\" \/>\n<meta property=\"og:site_name\" content=\"Dpress.ma\/fr\" \/>\n<meta property=\"article:published_time\" content=\"2025-02-14T08:52:34+00:00\" \/>\n<meta property=\"article:modified_time\" content=\"2025-02-14T08:52:35+00:00\" \/>\n<meta property=\"og:image\" content=\"https:\/\/dpress.ma\/fr\/wp-content\/uploads\/sites\/2\/2025\/02\/dprees-dim-25.png\" \/>\n\t<meta property=\"og:image:width\" content=\"780\" \/>\n\t<meta property=\"og:image:height\" content=\"470\" \/>\n\t<meta property=\"og:image:type\" content=\"image\/png\" \/>\n<meta name=\"author\" content=\"Dpress.ma\" \/>\n<meta name=\"twitter:card\" content=\"summary_large_image\" \/>\n<meta name=\"twitter:label1\" content=\"\u00c9crit par\" \/>\n\t<meta name=\"twitter:data1\" content=\"Dpress.ma\" \/>\n\t<meta name=\"twitter:label2\" content=\"Dur\u00e9e de lecture estim\u00e9e\" \/>\n\t<meta name=\"twitter:data2\" content=\"3 minutes\" \/>\n<script type=\"application\/ld+json\" class=\"yoast-schema-graph\">{\"@context\":\"https:\\\/\\\/schema.org\",\"@graph\":[{\"@type\":\"Article\",\"@id\":\"https:\\\/\\\/dpress.ma\\\/fr\\\/2025\\\/02\\\/14\\\/la-strategie-globale-du-maroc-mise-en-avant-au-panama\\\/#article\",\"isPartOf\":{\"@id\":\"https:\\\/\\\/dpress.ma\\\/fr\\\/2025\\\/02\\\/14\\\/la-strategie-globale-du-maroc-mise-en-avant-au-panama\\\/\"},\"author\":{\"name\":\"Dpress.ma\",\"@id\":\"https:\\\/\\\/dpress.ma\\\/fr\\\/#\\\/schema\\\/person\\\/4898febf3ccd59e6578d838656a306a0\"},\"headline\":\"\u00a0la strat\u00e9gie globale du Maroc mise en avant au Panama\",\"datePublished\":\"2025-02-14T08:52:34+00:00\",\"dateModified\":\"2025-02-14T08:52:35+00:00\",\"mainEntityOfPage\":{\"@id\":\"https:\\\/\\\/dpress.ma\\\/fr\\\/2025\\\/02\\\/14\\\/la-strategie-globale-du-maroc-mise-en-avant-au-panama\\\/\"},\"wordCount\":530,\"commentCount\":0,\"image\":{\"@id\":\"https:\\\/\\\/dpress.ma\\\/fr\\\/2025\\\/02\\\/14\\\/la-strategie-globale-du-maroc-mise-en-avant-au-panama\\\/#primaryimage\"},\"thumbnailUrl\":\"https:\\\/\\\/dpress.ma\\\/fr\\\/wp-content\\\/uploads\\\/sites\\\/2\\\/2025\\\/02\\\/dprees-dim-25.png\",\"articleSection\":[\"Politiques\"],\"inLanguage\":\"fr-FR\",\"potentialAction\":[{\"@type\":\"CommentAction\",\"name\":\"Comment\",\"target\":[\"https:\\\/\\\/dpress.ma\\\/fr\\\/2025\\\/02\\\/14\\\/la-strategie-globale-du-maroc-mise-en-avant-au-panama\\\/#respond\"]}]},{\"@type\":\"WebPage\",\"@id\":\"https:\\\/\\\/dpress.ma\\\/fr\\\/2025\\\/02\\\/14\\\/la-strategie-globale-du-maroc-mise-en-avant-au-panama\\\/\",\"url\":\"https:\\\/\\\/dpress.ma\\\/fr\\\/2025\\\/02\\\/14\\\/la-strategie-globale-du-maroc-mise-en-avant-au-panama\\\/\",\"name\":\"\u00a0la strat\u00e9gie globale du Maroc mise en avant au Panama - Dpress.ma\\\/fr\",\"isPartOf\":{\"@id\":\"https:\\\/\\\/dpress.ma\\\/fr\\\/#website\"},\"primaryImageOfPage\":{\"@id\":\"https:\\\/\\\/dpress.ma\\\/fr\\\/2025\\\/02\\\/14\\\/la-strategie-globale-du-maroc-mise-en-avant-au-panama\\\/#primaryimage\"},\"image\":{\"@id\":\"https:\\\/\\\/dpress.ma\\\/fr\\\/2025\\\/02\\\/14\\\/la-strategie-globale-du-maroc-mise-en-avant-au-panama\\\/#primaryimage\"},\"thumbnailUrl\":\"https:\\\/\\\/dpress.ma\\\/fr\\\/wp-content\\\/uploads\\\/sites\\\/2\\\/2025\\\/02\\\/dprees-dim-25.png\",\"datePublished\":\"2025-02-14T08:52:34+00:00\",\"dateModified\":\"2025-02-14T08:52:35+00:00\",\"author\":{\"@id\":\"https:\\\/\\\/dpress.ma\\\/fr\\\/#\\\/schema\\\/person\\\/4898febf3ccd59e6578d838656a306a0\"},\"breadcrumb\":{\"@id\":\"https:\\\/\\\/dpress.ma\\\/fr\\\/2025\\\/02\\\/14\\\/la-strategie-globale-du-maroc-mise-en-avant-au-panama\\\/#breadcrumb\"},\"inLanguage\":\"fr-FR\",\"potentialAction\":[{\"@type\":\"ReadAction\",\"target\":[\"https:\\\/\\\/dpress.ma\\\/fr\\\/2025\\\/02\\\/14\\\/la-strategie-globale-du-maroc-mise-en-avant-au-panama\\\/\"]}]},{\"@type\":\"ImageObject\",\"inLanguage\":\"fr-FR\",\"@id\":\"https:\\\/\\\/dpress.ma\\\/fr\\\/2025\\\/02\\\/14\\\/la-strategie-globale-du-maroc-mise-en-avant-au-panama\\\/#primaryimage\",\"url\":\"https:\\\/\\\/dpress.ma\\\/fr\\\/wp-content\\\/uploads\\\/sites\\\/2\\\/2025\\\/02\\\/dprees-dim-25.png\",\"contentUrl\":\"https:\\\/\\\/dpress.ma\\\/fr\\\/wp-content\\\/uploads\\\/sites\\\/2\\\/2025\\\/02\\\/dprees-dim-25.png\",\"width\":780,\"height\":470},{\"@type\":\"BreadcrumbList\",\"@id\":\"https:\\\/\\\/dpress.ma\\\/fr\\\/2025\\\/02\\\/14\\\/la-strategie-globale-du-maroc-mise-en-avant-au-panama\\\/#breadcrumb\",\"itemListElement\":[{\"@type\":\"ListItem\",\"position\":1,\"name\":\"Home\",\"item\":\"https:\\\/\\\/dpress.ma\\\/fr\\\/\"},{\"@type\":\"ListItem\",\"position\":2,\"name\":\"\u00a0la strat\u00e9gie globale du Maroc mise en avant au Panama\"}]},{\"@type\":\"WebSite\",\"@id\":\"https:\\\/\\\/dpress.ma\\\/fr\\\/#website\",\"url\":\"https:\\\/\\\/dpress.ma\\\/fr\\\/\",\"name\":\"Dpress.ma\\\/fr\",\"description\":\"\",\"potentialAction\":[{\"@type\":\"SearchAction\",\"target\":{\"@type\":\"EntryPoint\",\"urlTemplate\":\"https:\\\/\\\/dpress.ma\\\/fr\\\/?s={search_term_string}\"},\"query-input\":{\"@type\":\"PropertyValueSpecification\",\"valueRequired\":true,\"valueName\":\"search_term_string\"}}],\"inLanguage\":\"fr-FR\"},{\"@type\":\"Person\",\"@id\":\"https:\\\/\\\/dpress.ma\\\/fr\\\/#\\\/schema\\\/person\\\/4898febf3ccd59e6578d838656a306a0\",\"name\":\"Dpress.ma\",\"image\":{\"@type\":\"ImageObject\",\"inLanguage\":\"fr-FR\",\"@id\":\"https:\\\/\\\/secure.gravatar.com\\\/avatar\\\/72ecc30e9db047a2e0e7176561eb9d564ed77c8108376495b19bd8336405198a?s=96&d=mm&r=g\",\"url\":\"https:\\\/\\\/secure.gravatar.com\\\/avatar\\\/72ecc30e9db047a2e0e7176561eb9d564ed77c8108376495b19bd8336405198a?s=96&d=mm&r=g\",\"contentUrl\":\"https:\\\/\\\/secure.gravatar.com\\\/avatar\\\/72ecc30e9db047a2e0e7176561eb9d564ed77c8108376495b19bd8336405198a?s=96&d=mm&r=g\",\"caption\":\"Dpress.ma\"},\"sameAs\":[\"https:\\\/\\\/www.dpress.ma\"],\"url\":\"https:\\\/\\\/dpress.ma\\\/fr\\\/author\\\/dpress-ma\\\/\"}]}<\/script>\n<!-- \/ Yoast SEO plugin. -->","yoast_head_json":{"title":"\u00a0la strat\u00e9gie globale du Maroc mise en avant au Panama - Dpress.ma\/fr","robots":{"index":"index","follow":"follow","max-snippet":"max-snippet:-1","max-image-preview":"max-image-preview:large","max-video-preview":"max-video-preview:-1"},"canonical":"https:\/\/dpress.ma\/fr\/2025\/02\/14\/la-strategie-globale-du-maroc-mise-en-avant-au-panama\/","og_locale":"fr_FR","og_type":"article","og_title":"\u00a0la strat\u00e9gie globale du Maroc mise en avant au Panama - Dpress.ma\/fr","og_description":"dpress La strat\u00e9gie globale adopt\u00e9e par le Maroc pour pr\u00e9venir et lutter contre la radicalisation et l\u2019extr\u00e9misme violent a \u00e9t\u00e9 mise en avant lors d\u2019une conf\u00e9rence organis\u00e9e \u00e0 Panama City, \u00e0 l\u2019initiative du minist\u00e8re panam\u00e9en des Affaires \u00e9trang\u00e8res. Lors de cet \u00e9v\u00e9nement tenu \u00e0 l\u2019occasion de la Journ\u00e9e internationale pour la pr\u00e9vention de l\u2019extr\u00e9misme violent, &hellip;","og_url":"https:\/\/dpress.ma\/fr\/2025\/02\/14\/la-strategie-globale-du-maroc-mise-en-avant-au-panama\/","og_site_name":"Dpress.ma\/fr","article_published_time":"2025-02-14T08:52:34+00:00","article_modified_time":"2025-02-14T08:52:35+00:00","og_image":[{"width":780,"height":470,"url":"https:\/\/dpress.ma\/fr\/wp-content\/uploads\/sites\/2\/2025\/02\/dprees-dim-25.png","type":"image\/png"}],"author":"Dpress.ma","twitter_card":"summary_large_image","twitter_misc":{"\u00c9crit par":"Dpress.ma","Dur\u00e9e de lecture estim\u00e9e":"3 minutes"},"schema":{"@context":"https:\/\/schema.org","@graph":[{"@type":"Article","@id":"https:\/\/dpress.ma\/fr\/2025\/02\/14\/la-strategie-globale-du-maroc-mise-en-avant-au-panama\/#article","isPartOf":{"@id":"https:\/\/dpress.ma\/fr\/2025\/02\/14\/la-strategie-globale-du-maroc-mise-en-avant-au-panama\/"},"author":{"name":"Dpress.ma","@id":"https:\/\/dpress.ma\/fr\/#\/schema\/person\/4898febf3ccd59e6578d838656a306a0"},"headline":"\u00a0la strat\u00e9gie globale du Maroc mise en avant au Panama","datePublished":"2025-02-14T08:52:34+00:00","dateModified":"2025-02-14T08:52:35+00:00","mainEntityOfPage":{"@id":"https:\/\/dpress.ma\/fr\/2025\/02\/14\/la-strategie-globale-du-maroc-mise-en-avant-au-panama\/"},"wordCount":530,"commentCount":0,"image":{"@id":"https:\/\/dpress.ma\/fr\/2025\/02\/14\/la-strategie-globale-du-maroc-mise-en-avant-au-panama\/#primaryimage"},"thumbnailUrl":"https:\/\/dpress.ma\/fr\/wp-content\/uploads\/sites\/2\/2025\/02\/dprees-dim-25.png","articleSection":["Politiques"],"inLanguage":"fr-FR","potentialAction":[{"@type":"CommentAction","name":"Comment","target":["https:\/\/dpress.ma\/fr\/2025\/02\/14\/la-strategie-globale-du-maroc-mise-en-avant-au-panama\/#respond"]}]},{"@type":"WebPage","@id":"https:\/\/dpress.ma\/fr\/2025\/02\/14\/la-strategie-globale-du-maroc-mise-en-avant-au-panama\/","url":"https:\/\/dpress.ma\/fr\/2025\/02\/14\/la-strategie-globale-du-maroc-mise-en-avant-au-panama\/","name":"\u00a0la strat\u00e9gie globale du Maroc mise en avant au Panama - Dpress.ma\/fr","isPartOf":{"@id":"https:\/\/dpress.ma\/fr\/#website"},"primaryImageOfPage":{"@id":"https:\/\/dpress.ma\/fr\/2025\/02\/14\/la-strategie-globale-du-maroc-mise-en-avant-au-panama\/#primaryimage"},"image":{"@id":"https:\/\/dpress.ma\/fr\/2025\/02\/14\/la-strategie-globale-du-maroc-mise-en-avant-au-panama\/#primaryimage"},"thumbnailUrl":"https:\/\/dpress.ma\/fr\/wp-content\/uploads\/sites\/2\/2025\/02\/dprees-dim-25.png","datePublished":"2025-02-14T08:52:34+00:00","dateModified":"2025-02-14T08:52:35+00:00","author":{"@id":"https:\/\/dpress.ma\/fr\/#\/schema\/person\/4898febf3ccd59e6578d838656a306a0"},"breadcrumb":{"@id":"https:\/\/dpress.ma\/fr\/2025\/02\/14\/la-strategie-globale-du-maroc-mise-en-avant-au-panama\/#breadcrumb"},"inLanguage":"fr-FR","potentialAction":[{"@type":"ReadAction","target":["https:\/\/dpress.ma\/fr\/2025\/02\/14\/la-strategie-globale-du-maroc-mise-en-avant-au-panama\/"]}]},{"@type":"ImageObject","inLanguage":"fr-FR","@id":"https:\/\/dpress.ma\/fr\/2025\/02\/14\/la-strategie-globale-du-maroc-mise-en-avant-au-panama\/#primaryimage","url":"https:\/\/dpress.ma\/fr\/wp-content\/uploads\/sites\/2\/2025\/02\/dprees-dim-25.png","contentUrl":"https:\/\/dpress.ma\/fr\/wp-content\/uploads\/sites\/2\/2025\/02\/dprees-dim-25.png","width":780,"height":470},{"@type":"BreadcrumbList","@id":"https:\/\/dpress.ma\/fr\/2025\/02\/14\/la-strategie-globale-du-maroc-mise-en-avant-au-panama\/#breadcrumb","itemListElement":[{"@type":"ListItem","position":1,"name":"Home","item":"https:\/\/dpress.ma\/fr\/"},{"@type":"ListItem","position":2,"name":"\u00a0la strat\u00e9gie globale du Maroc mise en avant au Panama"}]},{"@type":"WebSite","@id":"https:\/\/dpress.ma\/fr\/#website","url":"https:\/\/dpress.ma\/fr\/","name":"Dpress.ma\/fr","description":"","potentialAction":[{"@type":"SearchAction","target":{"@type":"EntryPoint","urlTemplate":"https:\/\/dpress.ma\/fr\/?s={search_term_string}"},"query-input":{"@type":"PropertyValueSpecification","valueRequired":true,"valueName":"search_term_string"}}],"inLanguage":"fr-FR"},{"@type":"Person","@id":"https:\/\/dpress.ma\/fr\/#\/schema\/person\/4898febf3ccd59e6578d838656a306a0","name":"Dpress.ma","image":{"@type":"ImageObject","inLanguage":"fr-FR","@id":"https:\/\/secure.gravatar.com\/avatar\/72ecc30e9db047a2e0e7176561eb9d564ed77c8108376495b19bd8336405198a?s=96&d=mm&r=g","url":"https:\/\/secure.gravatar.com\/avatar\/72ecc30e9db047a2e0e7176561eb9d564ed77c8108376495b19bd8336405198a?s=96&d=mm&r=g","contentUrl":"https:\/\/secure.gravatar.com\/avatar\/72ecc30e9db047a2e0e7176561eb9d564ed77c8108376495b19bd8336405198a?s=96&d=mm&r=g","caption":"Dpress.ma"},"sameAs":["https:\/\/www.dpress.ma"],"url":"https:\/\/dpress.ma\/fr\/author\/dpress-ma\/"}]}},"amp_enabled":true,"_links":{"self":[{"href":"https:\/\/dpress.ma\/fr\/wp-json\/wp\/v2\/posts\/12680","targetHints":{"allow":["GET"]}}],"collection":[{"href":"https:\/\/dpress.ma\/fr\/wp-json\/wp\/v2\/posts"}],"about":[{"href":"https:\/\/dpress.ma\/fr\/wp-json\/wp\/v2\/types\/post"}],"author":[{"embeddable":true,"href":"https:\/\/dpress.ma\/fr\/wp-json\/wp\/v2\/users\/2"}],"replies":[{"embeddable":true,"href":"https:\/\/dpress.ma\/fr\/wp-json\/wp\/v2\/comments?post=12680"}],"version-history":[{"count":1,"href":"https:\/\/dpress.ma\/fr\/wp-json\/wp\/v2\/posts\/12680\/revisions"}],"predecessor-version":[{"id":12682,"href":"https:\/\/dpress.ma\/fr\/wp-json\/wp\/v2\/posts\/12680\/revisions\/12682"}],"wp:featuredmedia":[{"embeddable":true,"href":"https:\/\/dpress.ma\/fr\/wp-json\/wp\/v2\/media\/12681"}],"wp:attachment":[{"href":"https:\/\/dpress.ma\/fr\/wp-json\/wp\/v2\/media?parent=12680"}],"wp:term":[{"taxonomy":"category","embeddable":true,"href":"https:\/\/dpress.ma\/fr\/wp-json\/wp\/v2\/categories?post=12680"},{"taxonomy":"post_tag","embeddable":true,"href":"https:\/\/dpress.ma\/fr\/wp-json\/wp\/v2\/tags?post=12680"}],"curies":[{"name":"wp","href":"https:\/\/api.w.org\/{rel}","templated":true}]}}