{"id":12676,"date":"2025-02-13T09:03:35","date_gmt":"2025-02-13T09:03:35","guid":{"rendered":"https:\/\/dpress.ma\/fr\/?p=12676"},"modified":"2025-02-13T09:03:35","modified_gmt":"2025-02-13T09:03:35","slug":"la-commune-de-sale-devoile-son-programme-culturel-pour-lannee-2025","status":"publish","type":"post","link":"https:\/\/dpress.ma\/fr\/2025\/02\/13\/la-commune-de-sale-devoile-son-programme-culturel-pour-lannee-2025\/","title":{"rendered":"La commune de Sal\u00e9 d\u00e9voile son programme culturel pour l\u2019ann\u00e9e 2025"},"content":{"rendered":"\n<p>dpress<\/p>\n\n\n\n<p>La commune de Sal\u00e9 a d\u00e9voil\u00e9, mercredi, son programme culturel pour l\u2019ann\u00e9e 2025, qui comprend une s\u00e9rie d\u2019activit\u00e9s et de manifestations visant \u00e0 redynamiser la sc\u00e8ne culturelle et renforcer le rayonnement culturel de la ville.<\/p>\n\n\n\n<p>Pr\u00e9sent\u00e9 lors d\u2019une conf\u00e9rence de presse, ce programme vise \u00e0 d\u00e9velopper et \u00e0 soutenir des projets culturels en tant que pilier fondamental pour r\u00e9aliser le d\u00e9veloppement local, en offrant aux jeunes des opportunit\u00e9s de cr\u00e9ativit\u00e9 et d\u2019expression artistique, et en encourageant les initiatives culturelles \u00e0 m\u00eame de promouvoir l\u2019identit\u00e9 culturelle de la ville aux niveaux national et international.<\/p>\n\n\n\n<p>\u00c0 cette occasion, le pr\u00e9sident du Conseil communal de Sal\u00e9, Omar Sentissi, a fait savoir que ce programme s\u2019assigne pour objectif de promouvoir la culture et sa place centrale dans le projet de d\u00e9veloppement de la ville, ainsi que de raviver la m\u00e9moire du lieu et de valoriser le patrimoine culturel et immat\u00e9riel de la ville.<\/p>\n\n\n\n<p>De son c\u00f4t\u00e9, le pr\u00e9sident de la Fondation Sal\u00e9 pour la Culture et les Arts, Mohamed Lotfi Mrini, a mis en avant l\u2019importance historique et culturelle de la ville de Sal\u00e9, la richesse de son patrimoine mat\u00e9riel, outre la profondeur et la port\u00e9e historique et civilisationnelle de la cit\u00e9.<\/p>\n\n\n\n<p>Au menu de cet \u00e9v\u00e9nement, figurent une s\u00e9rie d\u2019activit\u00e9s portant notamment sur une exposition de photos sous le th\u00e8me \u201cSal\u00e9, racines et civilisation\u201d, ainsi que d\u2019autres programmes \u00e9ducatifs, r\u00e9cr\u00e9atifs et artistiques.<\/p>\n\n\n\n<p>Aussi, le programme pr\u00e9voit l\u2019organisation d\u2019un colloque international sur \u201cLa culture et la ville\u201d, en plus de plusieurs activit\u00e9s cin\u00e9matographiques, et sportives \u00e0 la plage de Sal\u00e9.<\/p>\n","protected":false},"excerpt":{"rendered":"<p>dpress La commune de Sal\u00e9 a d\u00e9voil\u00e9, mercredi, son programme culturel pour l\u2019ann\u00e9e 2025, qui comprend une s\u00e9rie d\u2019activit\u00e9s et de manifestations visant \u00e0 redynamiser la sc\u00e8ne culturelle et renforcer le rayonnement culturel de la ville. Pr\u00e9sent\u00e9 lors d\u2019une conf\u00e9rence de presse, ce programme vise \u00e0 d\u00e9velopper et \u00e0 soutenir des projets culturels en tant &hellip;<\/p>\n","protected":false},"author":2,"featured_media":12677,"comment_status":"open","ping_status":"open","sticky":false,"template":"","format":"standard","meta":{"footnotes":""},"categories":[31],"tags":[],"class_list":["post-12676","post","type-post","status-publish","format-standard","has-post-thumbnail","hentry","category-art-et-culture"],"yoast_head":"<!-- This site is optimized with the Yoast SEO plugin v27.5 - https:\/\/yoast.com\/product\/yoast-seo-wordpress\/ -->\n<title>La commune de Sal\u00e9 d\u00e9voile son programme culturel pour l\u2019ann\u00e9e 2025 - Dpress.ma\/fr<\/title>\n<meta name=\"robots\" content=\"index, follow, max-snippet:-1, max-image-preview:large, max-video-preview:-1\" \/>\n<link rel=\"canonical\" href=\"https:\/\/dpress.ma\/fr\/2025\/02\/13\/la-commune-de-sale-devoile-son-programme-culturel-pour-lannee-2025\/\" \/>\n<meta property=\"og:locale\" content=\"fr_FR\" \/>\n<meta property=\"og:type\" content=\"article\" \/>\n<meta property=\"og:title\" content=\"La commune de Sal\u00e9 d\u00e9voile son programme culturel pour l\u2019ann\u00e9e 2025 - Dpress.ma\/fr\" \/>\n<meta property=\"og:description\" content=\"dpress La commune de Sal\u00e9 a d\u00e9voil\u00e9, mercredi, son programme culturel pour l\u2019ann\u00e9e 2025, qui comprend une s\u00e9rie d\u2019activit\u00e9s et de manifestations visant \u00e0 redynamiser la sc\u00e8ne culturelle et renforcer le rayonnement culturel de la ville. Pr\u00e9sent\u00e9 lors d\u2019une conf\u00e9rence de presse, ce programme vise \u00e0 d\u00e9velopper et \u00e0 soutenir des projets culturels en tant &hellip;\" \/>\n<meta property=\"og:url\" content=\"https:\/\/dpress.ma\/fr\/2025\/02\/13\/la-commune-de-sale-devoile-son-programme-culturel-pour-lannee-2025\/\" \/>\n<meta property=\"og:site_name\" content=\"Dpress.ma\/fr\" \/>\n<meta property=\"article:published_time\" content=\"2025-02-13T09:03:35+00:00\" \/>\n<meta property=\"og:image\" content=\"https:\/\/dpress.ma\/fr\/wp-content\/uploads\/sites\/2\/2025\/02\/dprees-dim-24.png\" \/>\n\t<meta property=\"og:image:width\" content=\"780\" \/>\n\t<meta property=\"og:image:height\" content=\"470\" \/>\n\t<meta property=\"og:image:type\" content=\"image\/png\" \/>\n<meta name=\"author\" content=\"Dpress.ma\" \/>\n<meta name=\"twitter:card\" content=\"summary_large_image\" \/>\n<meta name=\"twitter:label1\" content=\"\u00c9crit par\" \/>\n\t<meta name=\"twitter:data1\" content=\"Dpress.ma\" \/>\n\t<meta name=\"twitter:label2\" content=\"Dur\u00e9e de lecture estim\u00e9e\" \/>\n\t<meta name=\"twitter:data2\" content=\"2 minutes\" \/>\n<script type=\"application\/ld+json\" class=\"yoast-schema-graph\">{\"@context\":\"https:\\\/\\\/schema.org\",\"@graph\":[{\"@type\":\"Article\",\"@id\":\"https:\\\/\\\/dpress.ma\\\/fr\\\/2025\\\/02\\\/13\\\/la-commune-de-sale-devoile-son-programme-culturel-pour-lannee-2025\\\/#article\",\"isPartOf\":{\"@id\":\"https:\\\/\\\/dpress.ma\\\/fr\\\/2025\\\/02\\\/13\\\/la-commune-de-sale-devoile-son-programme-culturel-pour-lannee-2025\\\/\"},\"author\":{\"name\":\"Dpress.ma\",\"@id\":\"https:\\\/\\\/dpress.ma\\\/fr\\\/#\\\/schema\\\/person\\\/4898febf3ccd59e6578d838656a306a0\"},\"headline\":\"La commune de Sal\u00e9 d\u00e9voile son programme culturel pour l\u2019ann\u00e9e 2025\",\"datePublished\":\"2025-02-13T09:03:35+00:00\",\"mainEntityOfPage\":{\"@id\":\"https:\\\/\\\/dpress.ma\\\/fr\\\/2025\\\/02\\\/13\\\/la-commune-de-sale-devoile-son-programme-culturel-pour-lannee-2025\\\/\"},\"wordCount\":304,\"commentCount\":0,\"image\":{\"@id\":\"https:\\\/\\\/dpress.ma\\\/fr\\\/2025\\\/02\\\/13\\\/la-commune-de-sale-devoile-son-programme-culturel-pour-lannee-2025\\\/#primaryimage\"},\"thumbnailUrl\":\"https:\\\/\\\/dpress.ma\\\/fr\\\/wp-content\\\/uploads\\\/sites\\\/2\\\/2025\\\/02\\\/dprees-dim-24.png\",\"articleSection\":[\"Art et Culture\"],\"inLanguage\":\"fr-FR\",\"potentialAction\":[{\"@type\":\"CommentAction\",\"name\":\"Comment\",\"target\":[\"https:\\\/\\\/dpress.ma\\\/fr\\\/2025\\\/02\\\/13\\\/la-commune-de-sale-devoile-son-programme-culturel-pour-lannee-2025\\\/#respond\"]}]},{\"@type\":\"WebPage\",\"@id\":\"https:\\\/\\\/dpress.ma\\\/fr\\\/2025\\\/02\\\/13\\\/la-commune-de-sale-devoile-son-programme-culturel-pour-lannee-2025\\\/\",\"url\":\"https:\\\/\\\/dpress.ma\\\/fr\\\/2025\\\/02\\\/13\\\/la-commune-de-sale-devoile-son-programme-culturel-pour-lannee-2025\\\/\",\"name\":\"La commune de Sal\u00e9 d\u00e9voile son programme culturel pour l\u2019ann\u00e9e 2025 - Dpress.ma\\\/fr\",\"isPartOf\":{\"@id\":\"https:\\\/\\\/dpress.ma\\\/fr\\\/#website\"},\"primaryImageOfPage\":{\"@id\":\"https:\\\/\\\/dpress.ma\\\/fr\\\/2025\\\/02\\\/13\\\/la-commune-de-sale-devoile-son-programme-culturel-pour-lannee-2025\\\/#primaryimage\"},\"image\":{\"@id\":\"https:\\\/\\\/dpress.ma\\\/fr\\\/2025\\\/02\\\/13\\\/la-commune-de-sale-devoile-son-programme-culturel-pour-lannee-2025\\\/#primaryimage\"},\"thumbnailUrl\":\"https:\\\/\\\/dpress.ma\\\/fr\\\/wp-content\\\/uploads\\\/sites\\\/2\\\/2025\\\/02\\\/dprees-dim-24.png\",\"datePublished\":\"2025-02-13T09:03:35+00:00\",\"author\":{\"@id\":\"https:\\\/\\\/dpress.ma\\\/fr\\\/#\\\/schema\\\/person\\\/4898febf3ccd59e6578d838656a306a0\"},\"breadcrumb\":{\"@id\":\"https:\\\/\\\/dpress.ma\\\/fr\\\/2025\\\/02\\\/13\\\/la-commune-de-sale-devoile-son-programme-culturel-pour-lannee-2025\\\/#breadcrumb\"},\"inLanguage\":\"fr-FR\",\"potentialAction\":[{\"@type\":\"ReadAction\",\"target\":[\"https:\\\/\\\/dpress.ma\\\/fr\\\/2025\\\/02\\\/13\\\/la-commune-de-sale-devoile-son-programme-culturel-pour-lannee-2025\\\/\"]}]},{\"@type\":\"ImageObject\",\"inLanguage\":\"fr-FR\",\"@id\":\"https:\\\/\\\/dpress.ma\\\/fr\\\/2025\\\/02\\\/13\\\/la-commune-de-sale-devoile-son-programme-culturel-pour-lannee-2025\\\/#primaryimage\",\"url\":\"https:\\\/\\\/dpress.ma\\\/fr\\\/wp-content\\\/uploads\\\/sites\\\/2\\\/2025\\\/02\\\/dprees-dim-24.png\",\"contentUrl\":\"https:\\\/\\\/dpress.ma\\\/fr\\\/wp-content\\\/uploads\\\/sites\\\/2\\\/2025\\\/02\\\/dprees-dim-24.png\",\"width\":780,\"height\":470},{\"@type\":\"BreadcrumbList\",\"@id\":\"https:\\\/\\\/dpress.ma\\\/fr\\\/2025\\\/02\\\/13\\\/la-commune-de-sale-devoile-son-programme-culturel-pour-lannee-2025\\\/#breadcrumb\",\"itemListElement\":[{\"@type\":\"ListItem\",\"position\":1,\"name\":\"Home\",\"item\":\"https:\\\/\\\/dpress.ma\\\/fr\\\/\"},{\"@type\":\"ListItem\",\"position\":2,\"name\":\"La commune de Sal\u00e9 d\u00e9voile son programme culturel pour l\u2019ann\u00e9e 2025\"}]},{\"@type\":\"WebSite\",\"@id\":\"https:\\\/\\\/dpress.ma\\\/fr\\\/#website\",\"url\":\"https:\\\/\\\/dpress.ma\\\/fr\\\/\",\"name\":\"Dpress.ma\\\/fr\",\"description\":\"\",\"potentialAction\":[{\"@type\":\"SearchAction\",\"target\":{\"@type\":\"EntryPoint\",\"urlTemplate\":\"https:\\\/\\\/dpress.ma\\\/fr\\\/?s={search_term_string}\"},\"query-input\":{\"@type\":\"PropertyValueSpecification\",\"valueRequired\":true,\"valueName\":\"search_term_string\"}}],\"inLanguage\":\"fr-FR\"},{\"@type\":\"Person\",\"@id\":\"https:\\\/\\\/dpress.ma\\\/fr\\\/#\\\/schema\\\/person\\\/4898febf3ccd59e6578d838656a306a0\",\"name\":\"Dpress.ma\",\"image\":{\"@type\":\"ImageObject\",\"inLanguage\":\"fr-FR\",\"@id\":\"https:\\\/\\\/secure.gravatar.com\\\/avatar\\\/72ecc30e9db047a2e0e7176561eb9d564ed77c8108376495b19bd8336405198a?s=96&d=mm&r=g\",\"url\":\"https:\\\/\\\/secure.gravatar.com\\\/avatar\\\/72ecc30e9db047a2e0e7176561eb9d564ed77c8108376495b19bd8336405198a?s=96&d=mm&r=g\",\"contentUrl\":\"https:\\\/\\\/secure.gravatar.com\\\/avatar\\\/72ecc30e9db047a2e0e7176561eb9d564ed77c8108376495b19bd8336405198a?s=96&d=mm&r=g\",\"caption\":\"Dpress.ma\"},\"sameAs\":[\"https:\\\/\\\/www.dpress.ma\"],\"url\":\"https:\\\/\\\/dpress.ma\\\/fr\\\/author\\\/dpress-ma\\\/\"}]}<\/script>\n<!-- \/ Yoast SEO plugin. -->","yoast_head_json":{"title":"La commune de Sal\u00e9 d\u00e9voile son programme culturel pour l\u2019ann\u00e9e 2025 - Dpress.ma\/fr","robots":{"index":"index","follow":"follow","max-snippet":"max-snippet:-1","max-image-preview":"max-image-preview:large","max-video-preview":"max-video-preview:-1"},"canonical":"https:\/\/dpress.ma\/fr\/2025\/02\/13\/la-commune-de-sale-devoile-son-programme-culturel-pour-lannee-2025\/","og_locale":"fr_FR","og_type":"article","og_title":"La commune de Sal\u00e9 d\u00e9voile son programme culturel pour l\u2019ann\u00e9e 2025 - Dpress.ma\/fr","og_description":"dpress La commune de Sal\u00e9 a d\u00e9voil\u00e9, mercredi, son programme culturel pour l\u2019ann\u00e9e 2025, qui comprend une s\u00e9rie d\u2019activit\u00e9s et de manifestations visant \u00e0 redynamiser la sc\u00e8ne culturelle et renforcer le rayonnement culturel de la ville. Pr\u00e9sent\u00e9 lors d\u2019une conf\u00e9rence de presse, ce programme vise \u00e0 d\u00e9velopper et \u00e0 soutenir des projets culturels en tant &hellip;","og_url":"https:\/\/dpress.ma\/fr\/2025\/02\/13\/la-commune-de-sale-devoile-son-programme-culturel-pour-lannee-2025\/","og_site_name":"Dpress.ma\/fr","article_published_time":"2025-02-13T09:03:35+00:00","og_image":[{"width":780,"height":470,"url":"https:\/\/dpress.ma\/fr\/wp-content\/uploads\/sites\/2\/2025\/02\/dprees-dim-24.png","type":"image\/png"}],"author":"Dpress.ma","twitter_card":"summary_large_image","twitter_misc":{"\u00c9crit par":"Dpress.ma","Dur\u00e9e de lecture estim\u00e9e":"2 minutes"},"schema":{"@context":"https:\/\/schema.org","@graph":[{"@type":"Article","@id":"https:\/\/dpress.ma\/fr\/2025\/02\/13\/la-commune-de-sale-devoile-son-programme-culturel-pour-lannee-2025\/#article","isPartOf":{"@id":"https:\/\/dpress.ma\/fr\/2025\/02\/13\/la-commune-de-sale-devoile-son-programme-culturel-pour-lannee-2025\/"},"author":{"name":"Dpress.ma","@id":"https:\/\/dpress.ma\/fr\/#\/schema\/person\/4898febf3ccd59e6578d838656a306a0"},"headline":"La commune de Sal\u00e9 d\u00e9voile son programme culturel pour l\u2019ann\u00e9e 2025","datePublished":"2025-02-13T09:03:35+00:00","mainEntityOfPage":{"@id":"https:\/\/dpress.ma\/fr\/2025\/02\/13\/la-commune-de-sale-devoile-son-programme-culturel-pour-lannee-2025\/"},"wordCount":304,"commentCount":0,"image":{"@id":"https:\/\/dpress.ma\/fr\/2025\/02\/13\/la-commune-de-sale-devoile-son-programme-culturel-pour-lannee-2025\/#primaryimage"},"thumbnailUrl":"https:\/\/dpress.ma\/fr\/wp-content\/uploads\/sites\/2\/2025\/02\/dprees-dim-24.png","articleSection":["Art et Culture"],"inLanguage":"fr-FR","potentialAction":[{"@type":"CommentAction","name":"Comment","target":["https:\/\/dpress.ma\/fr\/2025\/02\/13\/la-commune-de-sale-devoile-son-programme-culturel-pour-lannee-2025\/#respond"]}]},{"@type":"WebPage","@id":"https:\/\/dpress.ma\/fr\/2025\/02\/13\/la-commune-de-sale-devoile-son-programme-culturel-pour-lannee-2025\/","url":"https:\/\/dpress.ma\/fr\/2025\/02\/13\/la-commune-de-sale-devoile-son-programme-culturel-pour-lannee-2025\/","name":"La commune de Sal\u00e9 d\u00e9voile son programme culturel pour l\u2019ann\u00e9e 2025 - Dpress.ma\/fr","isPartOf":{"@id":"https:\/\/dpress.ma\/fr\/#website"},"primaryImageOfPage":{"@id":"https:\/\/dpress.ma\/fr\/2025\/02\/13\/la-commune-de-sale-devoile-son-programme-culturel-pour-lannee-2025\/#primaryimage"},"image":{"@id":"https:\/\/dpress.ma\/fr\/2025\/02\/13\/la-commune-de-sale-devoile-son-programme-culturel-pour-lannee-2025\/#primaryimage"},"thumbnailUrl":"https:\/\/dpress.ma\/fr\/wp-content\/uploads\/sites\/2\/2025\/02\/dprees-dim-24.png","datePublished":"2025-02-13T09:03:35+00:00","author":{"@id":"https:\/\/dpress.ma\/fr\/#\/schema\/person\/4898febf3ccd59e6578d838656a306a0"},"breadcrumb":{"@id":"https:\/\/dpress.ma\/fr\/2025\/02\/13\/la-commune-de-sale-devoile-son-programme-culturel-pour-lannee-2025\/#breadcrumb"},"inLanguage":"fr-FR","potentialAction":[{"@type":"ReadAction","target":["https:\/\/dpress.ma\/fr\/2025\/02\/13\/la-commune-de-sale-devoile-son-programme-culturel-pour-lannee-2025\/"]}]},{"@type":"ImageObject","inLanguage":"fr-FR","@id":"https:\/\/dpress.ma\/fr\/2025\/02\/13\/la-commune-de-sale-devoile-son-programme-culturel-pour-lannee-2025\/#primaryimage","url":"https:\/\/dpress.ma\/fr\/wp-content\/uploads\/sites\/2\/2025\/02\/dprees-dim-24.png","contentUrl":"https:\/\/dpress.ma\/fr\/wp-content\/uploads\/sites\/2\/2025\/02\/dprees-dim-24.png","width":780,"height":470},{"@type":"BreadcrumbList","@id":"https:\/\/dpress.ma\/fr\/2025\/02\/13\/la-commune-de-sale-devoile-son-programme-culturel-pour-lannee-2025\/#breadcrumb","itemListElement":[{"@type":"ListItem","position":1,"name":"Home","item":"https:\/\/dpress.ma\/fr\/"},{"@type":"ListItem","position":2,"name":"La commune de Sal\u00e9 d\u00e9voile son programme culturel pour l\u2019ann\u00e9e 2025"}]},{"@type":"WebSite","@id":"https:\/\/dpress.ma\/fr\/#website","url":"https:\/\/dpress.ma\/fr\/","name":"Dpress.ma\/fr","description":"","potentialAction":[{"@type":"SearchAction","target":{"@type":"EntryPoint","urlTemplate":"https:\/\/dpress.ma\/fr\/?s={search_term_string}"},"query-input":{"@type":"PropertyValueSpecification","valueRequired":true,"valueName":"search_term_string"}}],"inLanguage":"fr-FR"},{"@type":"Person","@id":"https:\/\/dpress.ma\/fr\/#\/schema\/person\/4898febf3ccd59e6578d838656a306a0","name":"Dpress.ma","image":{"@type":"ImageObject","inLanguage":"fr-FR","@id":"https:\/\/secure.gravatar.com\/avatar\/72ecc30e9db047a2e0e7176561eb9d564ed77c8108376495b19bd8336405198a?s=96&d=mm&r=g","url":"https:\/\/secure.gravatar.com\/avatar\/72ecc30e9db047a2e0e7176561eb9d564ed77c8108376495b19bd8336405198a?s=96&d=mm&r=g","contentUrl":"https:\/\/secure.gravatar.com\/avatar\/72ecc30e9db047a2e0e7176561eb9d564ed77c8108376495b19bd8336405198a?s=96&d=mm&r=g","caption":"Dpress.ma"},"sameAs":["https:\/\/www.dpress.ma"],"url":"https:\/\/dpress.ma\/fr\/author\/dpress-ma\/"}]}},"amp_enabled":true,"_links":{"self":[{"href":"https:\/\/dpress.ma\/fr\/wp-json\/wp\/v2\/posts\/12676","targetHints":{"allow":["GET"]}}],"collection":[{"href":"https:\/\/dpress.ma\/fr\/wp-json\/wp\/v2\/posts"}],"about":[{"href":"https:\/\/dpress.ma\/fr\/wp-json\/wp\/v2\/types\/post"}],"author":[{"embeddable":true,"href":"https:\/\/dpress.ma\/fr\/wp-json\/wp\/v2\/users\/2"}],"replies":[{"embeddable":true,"href":"https:\/\/dpress.ma\/fr\/wp-json\/wp\/v2\/comments?post=12676"}],"version-history":[{"count":1,"href":"https:\/\/dpress.ma\/fr\/wp-json\/wp\/v2\/posts\/12676\/revisions"}],"predecessor-version":[{"id":12678,"href":"https:\/\/dpress.ma\/fr\/wp-json\/wp\/v2\/posts\/12676\/revisions\/12678"}],"wp:featuredmedia":[{"embeddable":true,"href":"https:\/\/dpress.ma\/fr\/wp-json\/wp\/v2\/media\/12677"}],"wp:attachment":[{"href":"https:\/\/dpress.ma\/fr\/wp-json\/wp\/v2\/media?parent=12676"}],"wp:term":[{"taxonomy":"category","embeddable":true,"href":"https:\/\/dpress.ma\/fr\/wp-json\/wp\/v2\/categories?post=12676"},{"taxonomy":"post_tag","embeddable":true,"href":"https:\/\/dpress.ma\/fr\/wp-json\/wp\/v2\/tags?post=12676"}],"curies":[{"name":"wp","href":"https:\/\/api.w.org\/{rel}","templated":true}]}}