{"id":12673,"date":"2025-02-13T09:02:05","date_gmt":"2025-02-13T09:02:05","guid":{"rendered":"https:\/\/dpress.ma\/fr\/?p=12673"},"modified":"2025-02-13T09:02:05","modified_gmt":"2025-02-13T09:02:05","slug":"le-maroc-un-marche-ideal-pour-lexpansion-des-franchises-americaines","status":"publish","type":"post","link":"https:\/\/dpress.ma\/fr\/2025\/02\/13\/le-maroc-un-marche-ideal-pour-lexpansion-des-franchises-americaines\/","title":{"rendered":"Le Maroc, un march\u00e9 id\u00e9al pour l\u2019expansion des franchises am\u00e9ricaines\u00a0"},"content":{"rendered":"\n<p>dpress<\/p>\n\n\n\n<p>Le Maroc, avec son \u00e9conomie dynamique et sa main-d\u2019\u0153uvre jeune et motiv\u00e9e, constitue un march\u00e9 id\u00e9al pour l\u2019expansion des franchises am\u00e9ricaines, a affirm\u00e9, mercredi \u00e0 Casablanca, la Consule g\u00e9n\u00e9rale des \u00c9tats-Unis \u00e0 Casablanca, Marissa Scott.<\/p>\n\n\n\n<p>\u201cGr\u00e2ce \u00e0 un climat d\u2019investissement stable et attractif, plusieurs enseignes am\u00e9ricaines ont d\u00e9j\u00e0 r\u00e9ussi leur expansion au Maroc\u201d, a fait remarquer Mme Scott qui intervenait lors du coup d\u2019envoi de Morocco Franchise Exhibition 2025, initi\u00e9 par la F\u00e9d\u00e9ration Marocaine de la Franchise.<\/p>\n\n\n\n<p>Mettant en lumi\u00e8re le potentiel du march\u00e9 marocain pour les entreprises am\u00e9ricaines, elle a estim\u00e9 que la collaboration des franchises am\u00e9ricaines avec des entrepreneurs marocains, contribue \u00e0 la cr\u00e9ation d\u2019emplois et au renforcement des liens \u00e9conomiques entre les deux pays.<\/p>\n\n\n\n<p>\u201cAvec la demande croissante de produits et services diversifi\u00e9s, le mod\u00e8le de la franchise offre une plateforme efficace pour le d\u00e9veloppement des affaires\u201d, a-t-elle soutenu.<\/p>\n\n\n\n<p>Ainsi, elle a r\u00e9it\u00e9r\u00e9 l\u2019engagement de la mission am\u00e9ricaine au Maroc \u00e0 soutenir les entrepreneurs et les entreprises cherchant \u00e0 \u00e9largir leur port\u00e9e, que ce soit par le biais de la franchise ou d\u2019autres mod\u00e8les innovants.<\/p>\n\n\n\n<p>Organis\u00e9 du 12 au 14 f\u00e9vrier, le Morocco Franchise Exhibition 2025 connait la participation de plus de 100 exposants issus de divers secteurs dans l\u2019objectif de promouvoir l\u2019implantation et l\u2019expansion de nouvelles franchises.<\/p>\n\n\n\n<p>Inaugur\u00e9 en pr\u00e9sence du ministre de l\u2019Industrie et du Commerce, Ryad Mezzour, du pr\u00e9sident de la Chambre de Commerce, d\u2019Industrie et de Services de Casablanca-Settat (CCIS-CS), Hassan Berkani, ce salon table sur pr\u00e8s de 10.000 visiteurs.<\/p>\n\n\n\n<p>Cette \u00e9dition est marqu\u00e9e par l\u2019organisation de conf\u00e9rences et ateliers anim\u00e9s par des experts autour des th\u00e9matiques cl\u00e9s, notamment les meilleures strat\u00e9gies de d\u00e9veloppement des franchises, les m\u00e9canismes de financement, et les opportunit\u00e9s d\u2019implantation sur le march\u00e9 africain.<\/p>\n","protected":false},"excerpt":{"rendered":"<p>dpress Le Maroc, avec son \u00e9conomie dynamique et sa main-d\u2019\u0153uvre jeune et motiv\u00e9e, constitue un march\u00e9 id\u00e9al pour l\u2019expansion des franchises am\u00e9ricaines, a affirm\u00e9, mercredi \u00e0 Casablanca, la Consule g\u00e9n\u00e9rale des \u00c9tats-Unis \u00e0 Casablanca, Marissa Scott. \u201cGr\u00e2ce \u00e0 un climat d\u2019investissement stable et attractif, plusieurs enseignes am\u00e9ricaines ont d\u00e9j\u00e0 r\u00e9ussi leur expansion au Maroc\u201d, a &hellip;<\/p>\n","protected":false},"author":2,"featured_media":12674,"comment_status":"open","ping_status":"open","sticky":false,"template":"","format":"standard","meta":{"footnotes":""},"categories":[25],"tags":[],"class_list":["post-12673","post","type-post","status-publish","format-standard","has-post-thumbnail","hentry","category-economie"],"yoast_head":"<!-- This site is optimized with the Yoast SEO plugin v27.5 - https:\/\/yoast.com\/product\/yoast-seo-wordpress\/ -->\n<title>Le Maroc, un march\u00e9 id\u00e9al pour l\u2019expansion des franchises am\u00e9ricaines\u00a0 - Dpress.ma\/fr<\/title>\n<meta name=\"robots\" content=\"index, follow, max-snippet:-1, max-image-preview:large, max-video-preview:-1\" \/>\n<link rel=\"canonical\" href=\"https:\/\/dpress.ma\/fr\/2025\/02\/13\/le-maroc-un-marche-ideal-pour-lexpansion-des-franchises-americaines\/\" \/>\n<meta property=\"og:locale\" content=\"fr_FR\" \/>\n<meta property=\"og:type\" content=\"article\" \/>\n<meta property=\"og:title\" content=\"Le Maroc, un march\u00e9 id\u00e9al pour l\u2019expansion des franchises am\u00e9ricaines\u00a0 - Dpress.ma\/fr\" \/>\n<meta property=\"og:description\" content=\"dpress Le Maroc, avec son \u00e9conomie dynamique et sa main-d\u2019\u0153uvre jeune et motiv\u00e9e, constitue un march\u00e9 id\u00e9al pour l\u2019expansion des franchises am\u00e9ricaines, a affirm\u00e9, mercredi \u00e0 Casablanca, la Consule g\u00e9n\u00e9rale des \u00c9tats-Unis \u00e0 Casablanca, Marissa Scott. \u201cGr\u00e2ce \u00e0 un climat d\u2019investissement stable et attractif, plusieurs enseignes am\u00e9ricaines ont d\u00e9j\u00e0 r\u00e9ussi leur expansion au Maroc\u201d, a &hellip;\" \/>\n<meta property=\"og:url\" content=\"https:\/\/dpress.ma\/fr\/2025\/02\/13\/le-maroc-un-marche-ideal-pour-lexpansion-des-franchises-americaines\/\" \/>\n<meta property=\"og:site_name\" content=\"Dpress.ma\/fr\" \/>\n<meta property=\"article:published_time\" content=\"2025-02-13T09:02:05+00:00\" \/>\n<meta property=\"og:image\" content=\"https:\/\/dpress.ma\/fr\/wp-content\/uploads\/sites\/2\/2025\/02\/dprees-dim-23.png\" \/>\n\t<meta property=\"og:image:width\" content=\"780\" \/>\n\t<meta property=\"og:image:height\" content=\"470\" \/>\n\t<meta property=\"og:image:type\" content=\"image\/png\" \/>\n<meta name=\"author\" content=\"Dpress.ma\" \/>\n<meta name=\"twitter:card\" content=\"summary_large_image\" \/>\n<meta name=\"twitter:label1\" content=\"\u00c9crit par\" \/>\n\t<meta name=\"twitter:data1\" content=\"Dpress.ma\" \/>\n\t<meta name=\"twitter:label2\" content=\"Dur\u00e9e de lecture estim\u00e9e\" \/>\n\t<meta name=\"twitter:data2\" content=\"2 minutes\" \/>\n<script type=\"application\/ld+json\" class=\"yoast-schema-graph\">{\"@context\":\"https:\\\/\\\/schema.org\",\"@graph\":[{\"@type\":\"Article\",\"@id\":\"https:\\\/\\\/dpress.ma\\\/fr\\\/2025\\\/02\\\/13\\\/le-maroc-un-marche-ideal-pour-lexpansion-des-franchises-americaines\\\/#article\",\"isPartOf\":{\"@id\":\"https:\\\/\\\/dpress.ma\\\/fr\\\/2025\\\/02\\\/13\\\/le-maroc-un-marche-ideal-pour-lexpansion-des-franchises-americaines\\\/\"},\"author\":{\"name\":\"Dpress.ma\",\"@id\":\"https:\\\/\\\/dpress.ma\\\/fr\\\/#\\\/schema\\\/person\\\/4898febf3ccd59e6578d838656a306a0\"},\"headline\":\"Le Maroc, un march\u00e9 id\u00e9al pour l\u2019expansion des franchises am\u00e9ricaines\u00a0\",\"datePublished\":\"2025-02-13T09:02:05+00:00\",\"mainEntityOfPage\":{\"@id\":\"https:\\\/\\\/dpress.ma\\\/fr\\\/2025\\\/02\\\/13\\\/le-maroc-un-marche-ideal-pour-lexpansion-des-franchises-americaines\\\/\"},\"wordCount\":337,\"commentCount\":0,\"image\":{\"@id\":\"https:\\\/\\\/dpress.ma\\\/fr\\\/2025\\\/02\\\/13\\\/le-maroc-un-marche-ideal-pour-lexpansion-des-franchises-americaines\\\/#primaryimage\"},\"thumbnailUrl\":\"https:\\\/\\\/dpress.ma\\\/fr\\\/wp-content\\\/uploads\\\/sites\\\/2\\\/2025\\\/02\\\/dprees-dim-23.png\",\"articleSection\":[\"\u00c9conomie\"],\"inLanguage\":\"fr-FR\",\"potentialAction\":[{\"@type\":\"CommentAction\",\"name\":\"Comment\",\"target\":[\"https:\\\/\\\/dpress.ma\\\/fr\\\/2025\\\/02\\\/13\\\/le-maroc-un-marche-ideal-pour-lexpansion-des-franchises-americaines\\\/#respond\"]}]},{\"@type\":\"WebPage\",\"@id\":\"https:\\\/\\\/dpress.ma\\\/fr\\\/2025\\\/02\\\/13\\\/le-maroc-un-marche-ideal-pour-lexpansion-des-franchises-americaines\\\/\",\"url\":\"https:\\\/\\\/dpress.ma\\\/fr\\\/2025\\\/02\\\/13\\\/le-maroc-un-marche-ideal-pour-lexpansion-des-franchises-americaines\\\/\",\"name\":\"Le Maroc, un march\u00e9 id\u00e9al pour l\u2019expansion des franchises am\u00e9ricaines\u00a0 - Dpress.ma\\\/fr\",\"isPartOf\":{\"@id\":\"https:\\\/\\\/dpress.ma\\\/fr\\\/#website\"},\"primaryImageOfPage\":{\"@id\":\"https:\\\/\\\/dpress.ma\\\/fr\\\/2025\\\/02\\\/13\\\/le-maroc-un-marche-ideal-pour-lexpansion-des-franchises-americaines\\\/#primaryimage\"},\"image\":{\"@id\":\"https:\\\/\\\/dpress.ma\\\/fr\\\/2025\\\/02\\\/13\\\/le-maroc-un-marche-ideal-pour-lexpansion-des-franchises-americaines\\\/#primaryimage\"},\"thumbnailUrl\":\"https:\\\/\\\/dpress.ma\\\/fr\\\/wp-content\\\/uploads\\\/sites\\\/2\\\/2025\\\/02\\\/dprees-dim-23.png\",\"datePublished\":\"2025-02-13T09:02:05+00:00\",\"author\":{\"@id\":\"https:\\\/\\\/dpress.ma\\\/fr\\\/#\\\/schema\\\/person\\\/4898febf3ccd59e6578d838656a306a0\"},\"breadcrumb\":{\"@id\":\"https:\\\/\\\/dpress.ma\\\/fr\\\/2025\\\/02\\\/13\\\/le-maroc-un-marche-ideal-pour-lexpansion-des-franchises-americaines\\\/#breadcrumb\"},\"inLanguage\":\"fr-FR\",\"potentialAction\":[{\"@type\":\"ReadAction\",\"target\":[\"https:\\\/\\\/dpress.ma\\\/fr\\\/2025\\\/02\\\/13\\\/le-maroc-un-marche-ideal-pour-lexpansion-des-franchises-americaines\\\/\"]}]},{\"@type\":\"ImageObject\",\"inLanguage\":\"fr-FR\",\"@id\":\"https:\\\/\\\/dpress.ma\\\/fr\\\/2025\\\/02\\\/13\\\/le-maroc-un-marche-ideal-pour-lexpansion-des-franchises-americaines\\\/#primaryimage\",\"url\":\"https:\\\/\\\/dpress.ma\\\/fr\\\/wp-content\\\/uploads\\\/sites\\\/2\\\/2025\\\/02\\\/dprees-dim-23.png\",\"contentUrl\":\"https:\\\/\\\/dpress.ma\\\/fr\\\/wp-content\\\/uploads\\\/sites\\\/2\\\/2025\\\/02\\\/dprees-dim-23.png\",\"width\":780,\"height\":470},{\"@type\":\"BreadcrumbList\",\"@id\":\"https:\\\/\\\/dpress.ma\\\/fr\\\/2025\\\/02\\\/13\\\/le-maroc-un-marche-ideal-pour-lexpansion-des-franchises-americaines\\\/#breadcrumb\",\"itemListElement\":[{\"@type\":\"ListItem\",\"position\":1,\"name\":\"Home\",\"item\":\"https:\\\/\\\/dpress.ma\\\/fr\\\/\"},{\"@type\":\"ListItem\",\"position\":2,\"name\":\"Le Maroc, un march\u00e9 id\u00e9al pour l\u2019expansion des franchises am\u00e9ricaines\u00a0\"}]},{\"@type\":\"WebSite\",\"@id\":\"https:\\\/\\\/dpress.ma\\\/fr\\\/#website\",\"url\":\"https:\\\/\\\/dpress.ma\\\/fr\\\/\",\"name\":\"Dpress.ma\\\/fr\",\"description\":\"\",\"potentialAction\":[{\"@type\":\"SearchAction\",\"target\":{\"@type\":\"EntryPoint\",\"urlTemplate\":\"https:\\\/\\\/dpress.ma\\\/fr\\\/?s={search_term_string}\"},\"query-input\":{\"@type\":\"PropertyValueSpecification\",\"valueRequired\":true,\"valueName\":\"search_term_string\"}}],\"inLanguage\":\"fr-FR\"},{\"@type\":\"Person\",\"@id\":\"https:\\\/\\\/dpress.ma\\\/fr\\\/#\\\/schema\\\/person\\\/4898febf3ccd59e6578d838656a306a0\",\"name\":\"Dpress.ma\",\"image\":{\"@type\":\"ImageObject\",\"inLanguage\":\"fr-FR\",\"@id\":\"https:\\\/\\\/secure.gravatar.com\\\/avatar\\\/72ecc30e9db047a2e0e7176561eb9d564ed77c8108376495b19bd8336405198a?s=96&d=mm&r=g\",\"url\":\"https:\\\/\\\/secure.gravatar.com\\\/avatar\\\/72ecc30e9db047a2e0e7176561eb9d564ed77c8108376495b19bd8336405198a?s=96&d=mm&r=g\",\"contentUrl\":\"https:\\\/\\\/secure.gravatar.com\\\/avatar\\\/72ecc30e9db047a2e0e7176561eb9d564ed77c8108376495b19bd8336405198a?s=96&d=mm&r=g\",\"caption\":\"Dpress.ma\"},\"sameAs\":[\"https:\\\/\\\/www.dpress.ma\"],\"url\":\"https:\\\/\\\/dpress.ma\\\/fr\\\/author\\\/dpress-ma\\\/\"}]}<\/script>\n<!-- \/ Yoast SEO plugin. -->","yoast_head_json":{"title":"Le Maroc, un march\u00e9 id\u00e9al pour l\u2019expansion des franchises am\u00e9ricaines\u00a0 - Dpress.ma\/fr","robots":{"index":"index","follow":"follow","max-snippet":"max-snippet:-1","max-image-preview":"max-image-preview:large","max-video-preview":"max-video-preview:-1"},"canonical":"https:\/\/dpress.ma\/fr\/2025\/02\/13\/le-maroc-un-marche-ideal-pour-lexpansion-des-franchises-americaines\/","og_locale":"fr_FR","og_type":"article","og_title":"Le Maroc, un march\u00e9 id\u00e9al pour l\u2019expansion des franchises am\u00e9ricaines\u00a0 - Dpress.ma\/fr","og_description":"dpress Le Maroc, avec son \u00e9conomie dynamique et sa main-d\u2019\u0153uvre jeune et motiv\u00e9e, constitue un march\u00e9 id\u00e9al pour l\u2019expansion des franchises am\u00e9ricaines, a affirm\u00e9, mercredi \u00e0 Casablanca, la Consule g\u00e9n\u00e9rale des \u00c9tats-Unis \u00e0 Casablanca, Marissa Scott. \u201cGr\u00e2ce \u00e0 un climat d\u2019investissement stable et attractif, plusieurs enseignes am\u00e9ricaines ont d\u00e9j\u00e0 r\u00e9ussi leur expansion au Maroc\u201d, a &hellip;","og_url":"https:\/\/dpress.ma\/fr\/2025\/02\/13\/le-maroc-un-marche-ideal-pour-lexpansion-des-franchises-americaines\/","og_site_name":"Dpress.ma\/fr","article_published_time":"2025-02-13T09:02:05+00:00","og_image":[{"width":780,"height":470,"url":"https:\/\/dpress.ma\/fr\/wp-content\/uploads\/sites\/2\/2025\/02\/dprees-dim-23.png","type":"image\/png"}],"author":"Dpress.ma","twitter_card":"summary_large_image","twitter_misc":{"\u00c9crit par":"Dpress.ma","Dur\u00e9e de lecture estim\u00e9e":"2 minutes"},"schema":{"@context":"https:\/\/schema.org","@graph":[{"@type":"Article","@id":"https:\/\/dpress.ma\/fr\/2025\/02\/13\/le-maroc-un-marche-ideal-pour-lexpansion-des-franchises-americaines\/#article","isPartOf":{"@id":"https:\/\/dpress.ma\/fr\/2025\/02\/13\/le-maroc-un-marche-ideal-pour-lexpansion-des-franchises-americaines\/"},"author":{"name":"Dpress.ma","@id":"https:\/\/dpress.ma\/fr\/#\/schema\/person\/4898febf3ccd59e6578d838656a306a0"},"headline":"Le Maroc, un march\u00e9 id\u00e9al pour l\u2019expansion des franchises am\u00e9ricaines\u00a0","datePublished":"2025-02-13T09:02:05+00:00","mainEntityOfPage":{"@id":"https:\/\/dpress.ma\/fr\/2025\/02\/13\/le-maroc-un-marche-ideal-pour-lexpansion-des-franchises-americaines\/"},"wordCount":337,"commentCount":0,"image":{"@id":"https:\/\/dpress.ma\/fr\/2025\/02\/13\/le-maroc-un-marche-ideal-pour-lexpansion-des-franchises-americaines\/#primaryimage"},"thumbnailUrl":"https:\/\/dpress.ma\/fr\/wp-content\/uploads\/sites\/2\/2025\/02\/dprees-dim-23.png","articleSection":["\u00c9conomie"],"inLanguage":"fr-FR","potentialAction":[{"@type":"CommentAction","name":"Comment","target":["https:\/\/dpress.ma\/fr\/2025\/02\/13\/le-maroc-un-marche-ideal-pour-lexpansion-des-franchises-americaines\/#respond"]}]},{"@type":"WebPage","@id":"https:\/\/dpress.ma\/fr\/2025\/02\/13\/le-maroc-un-marche-ideal-pour-lexpansion-des-franchises-americaines\/","url":"https:\/\/dpress.ma\/fr\/2025\/02\/13\/le-maroc-un-marche-ideal-pour-lexpansion-des-franchises-americaines\/","name":"Le Maroc, un march\u00e9 id\u00e9al pour l\u2019expansion des franchises am\u00e9ricaines\u00a0 - Dpress.ma\/fr","isPartOf":{"@id":"https:\/\/dpress.ma\/fr\/#website"},"primaryImageOfPage":{"@id":"https:\/\/dpress.ma\/fr\/2025\/02\/13\/le-maroc-un-marche-ideal-pour-lexpansion-des-franchises-americaines\/#primaryimage"},"image":{"@id":"https:\/\/dpress.ma\/fr\/2025\/02\/13\/le-maroc-un-marche-ideal-pour-lexpansion-des-franchises-americaines\/#primaryimage"},"thumbnailUrl":"https:\/\/dpress.ma\/fr\/wp-content\/uploads\/sites\/2\/2025\/02\/dprees-dim-23.png","datePublished":"2025-02-13T09:02:05+00:00","author":{"@id":"https:\/\/dpress.ma\/fr\/#\/schema\/person\/4898febf3ccd59e6578d838656a306a0"},"breadcrumb":{"@id":"https:\/\/dpress.ma\/fr\/2025\/02\/13\/le-maroc-un-marche-ideal-pour-lexpansion-des-franchises-americaines\/#breadcrumb"},"inLanguage":"fr-FR","potentialAction":[{"@type":"ReadAction","target":["https:\/\/dpress.ma\/fr\/2025\/02\/13\/le-maroc-un-marche-ideal-pour-lexpansion-des-franchises-americaines\/"]}]},{"@type":"ImageObject","inLanguage":"fr-FR","@id":"https:\/\/dpress.ma\/fr\/2025\/02\/13\/le-maroc-un-marche-ideal-pour-lexpansion-des-franchises-americaines\/#primaryimage","url":"https:\/\/dpress.ma\/fr\/wp-content\/uploads\/sites\/2\/2025\/02\/dprees-dim-23.png","contentUrl":"https:\/\/dpress.ma\/fr\/wp-content\/uploads\/sites\/2\/2025\/02\/dprees-dim-23.png","width":780,"height":470},{"@type":"BreadcrumbList","@id":"https:\/\/dpress.ma\/fr\/2025\/02\/13\/le-maroc-un-marche-ideal-pour-lexpansion-des-franchises-americaines\/#breadcrumb","itemListElement":[{"@type":"ListItem","position":1,"name":"Home","item":"https:\/\/dpress.ma\/fr\/"},{"@type":"ListItem","position":2,"name":"Le Maroc, un march\u00e9 id\u00e9al pour l\u2019expansion des franchises am\u00e9ricaines\u00a0"}]},{"@type":"WebSite","@id":"https:\/\/dpress.ma\/fr\/#website","url":"https:\/\/dpress.ma\/fr\/","name":"Dpress.ma\/fr","description":"","potentialAction":[{"@type":"SearchAction","target":{"@type":"EntryPoint","urlTemplate":"https:\/\/dpress.ma\/fr\/?s={search_term_string}"},"query-input":{"@type":"PropertyValueSpecification","valueRequired":true,"valueName":"search_term_string"}}],"inLanguage":"fr-FR"},{"@type":"Person","@id":"https:\/\/dpress.ma\/fr\/#\/schema\/person\/4898febf3ccd59e6578d838656a306a0","name":"Dpress.ma","image":{"@type":"ImageObject","inLanguage":"fr-FR","@id":"https:\/\/secure.gravatar.com\/avatar\/72ecc30e9db047a2e0e7176561eb9d564ed77c8108376495b19bd8336405198a?s=96&d=mm&r=g","url":"https:\/\/secure.gravatar.com\/avatar\/72ecc30e9db047a2e0e7176561eb9d564ed77c8108376495b19bd8336405198a?s=96&d=mm&r=g","contentUrl":"https:\/\/secure.gravatar.com\/avatar\/72ecc30e9db047a2e0e7176561eb9d564ed77c8108376495b19bd8336405198a?s=96&d=mm&r=g","caption":"Dpress.ma"},"sameAs":["https:\/\/www.dpress.ma"],"url":"https:\/\/dpress.ma\/fr\/author\/dpress-ma\/"}]}},"amp_enabled":true,"_links":{"self":[{"href":"https:\/\/dpress.ma\/fr\/wp-json\/wp\/v2\/posts\/12673","targetHints":{"allow":["GET"]}}],"collection":[{"href":"https:\/\/dpress.ma\/fr\/wp-json\/wp\/v2\/posts"}],"about":[{"href":"https:\/\/dpress.ma\/fr\/wp-json\/wp\/v2\/types\/post"}],"author":[{"embeddable":true,"href":"https:\/\/dpress.ma\/fr\/wp-json\/wp\/v2\/users\/2"}],"replies":[{"embeddable":true,"href":"https:\/\/dpress.ma\/fr\/wp-json\/wp\/v2\/comments?post=12673"}],"version-history":[{"count":1,"href":"https:\/\/dpress.ma\/fr\/wp-json\/wp\/v2\/posts\/12673\/revisions"}],"predecessor-version":[{"id":12675,"href":"https:\/\/dpress.ma\/fr\/wp-json\/wp\/v2\/posts\/12673\/revisions\/12675"}],"wp:featuredmedia":[{"embeddable":true,"href":"https:\/\/dpress.ma\/fr\/wp-json\/wp\/v2\/media\/12674"}],"wp:attachment":[{"href":"https:\/\/dpress.ma\/fr\/wp-json\/wp\/v2\/media?parent=12673"}],"wp:term":[{"taxonomy":"category","embeddable":true,"href":"https:\/\/dpress.ma\/fr\/wp-json\/wp\/v2\/categories?post=12673"},{"taxonomy":"post_tag","embeddable":true,"href":"https:\/\/dpress.ma\/fr\/wp-json\/wp\/v2\/tags?post=12673"}],"curies":[{"name":"wp","href":"https:\/\/api.w.org\/{rel}","templated":true}]}}