{"id":12670,"date":"2025-02-13T09:00:33","date_gmt":"2025-02-13T09:00:33","guid":{"rendered":"https:\/\/dpress.ma\/fr\/?p=12670"},"modified":"2025-02-13T09:00:34","modified_gmt":"2025-02-13T09:00:34","slug":"le-maroc-un-acteur-engage-et-avance","status":"publish","type":"post","link":"https:\/\/dpress.ma\/fr\/2025\/02\/13\/le-maroc-un-acteur-engage-et-avance\/","title":{"rendered":"Le Maroc, un acteur engag\u00e9 et avanc\u00e9\u00a0"},"content":{"rendered":"\n<p>dpress<\/p>\n\n\n\n<p>Le Maroc se positionne comme un acteur engag\u00e9 et avanc\u00e9 en mati\u00e8re de mobilit\u00e9 durable \u00e0 l\u2019\u00e9chelle internationale, ont soulign\u00e9 les participants \u00e0 une rencontre tenue mercredi dans le cadre du Green Impact Expo &amp; Summit.<\/p>\n\n\n\n<p>Intervenant lors d\u2019un panel intitul\u00e9 \u201cLe Maroc, hub industriel de la mobilit\u00e9 durable\u201d, le directeur manager de Volvo Maroc, Grande Travancic, a affirm\u00e9 que le Royaume est un \u201cacteur extr\u00eamement engag\u00e9 en mati\u00e8re de mobilit\u00e9 verte, particuli\u00e8rement, et de durabilit\u00e9 g\u00e9n\u00e9ralement\u201d, soulignant \u201cla vision marocaine ambitieuse lui a permis de se positionner \u00e0 l\u2019avance sur plusieurs segments de ce march\u00e9\u201d.<\/p>\n\n\n\n<p>\u201cLeader r\u00e9gional et au-del\u00e0, le Royaume est dot\u00e9 d\u2019une large capacit\u00e9 qui lui permet de contribuer activement au niveau international \u00e0 la d\u00e9carbonation\u201d de la plan\u00e8te, a-t il relev\u00e9.<\/p>\n\n\n\n<p>De son c\u00f4t\u00e9, la repr\u00e9sentante du minist\u00e8re de l\u2019Industrie et du Commerce- directrice du p\u00f4le automobile, Aida Fathi, a indiqu\u00e9 que le Maroc est r\u00e9solument positionn\u00e9 pour jouer un r\u00f4le majeur dans la mobilit\u00e9 durable, rappelant la politique volontariste du pays en faveur des \u00e9nergies renouvelables.<\/p>\n\n\n\n<p>Les objectifs sont grands et se conforment \u00e0 l\u2019agenda mondial, a-t-elle soulign\u00e9, mettant en avant la capacit\u00e9 du Royaume \u00e0 produire des v\u00e9hicules \u00e9lectriques hybrides comp\u00e9titifs, qui r\u00e9pondent \u00e0 l\u2019exigence du prix.<\/p>\n\n\n\n<p>\u201cChez nous, la mobilit\u00e9 durable ne pose pas de contraintes. Elle g\u00e9n\u00e8re des opportunit\u00e9s\u201d, a-t elle affirm\u00e9, revenant sur les atouts de cet \u00e9cosyst\u00e8me, en l\u2019occurrence la cr\u00e9ation d\u2019emploi et la croissance des recettes de l\u2019export.<\/p>\n\n\n\n<p>Pour sa part, le directeur g\u00e9n\u00e9ral de Renault Group Maroc, Mohamed Bachiri, a fait savoir que l\u2019industrie automobile marocaine est orient\u00e9e vers l\u2019export dans 70 pays, principalement dans le march\u00e9 europ\u00e9en, soulignant la n\u00e9cessit\u00e9 de prendre en compte l\u2019enjeu de l\u2019industrie bas carbone.<\/p>\n\n\n\n<p>Dans ce sens, il a expliqu\u00e9 que le fonctionnement de chaque appareil du processus est optimis\u00e9 gr\u00e2ce aux technologies nouvelles, notamment l\u2019intelligence artificielle, notant que cette approche permet une utilisation efficace de l\u2019\u00e9nergie propre.<\/p>\n\n\n\n<p>Le DG de Renault Maroc s\u2019est, ainsi, attard\u00e9 sur le d\u00e9fi de l\u2019efficacit\u00e9 \u00e9nerg\u00e9tique, insistant, par ailleurs, sur le d\u00e9veloppement des comp\u00e9tences n\u00e9cessaires pour accompagner la transition durable.<\/p>\n\n\n\n<p>Le directeur g\u00e9n\u00e9ral de N\u00e9o motors, Nassim Belkhayat, a, quant \u00e0 lui soulign\u00e9 que le Maroc est dot\u00e9 des potentialit\u00e9s n\u00e9cessaires pour \u00e9largir les horizons de la mobilit\u00e9 durable.<\/p>\n\n\n\n<p>\u201cSi nous osons innover aujourd\u2019hui avec confiance dans ce domaine, c\u2019est par ce que le Maroc a pr\u00e9par\u00e9 le terrain favorable\u201d, a-t il assur\u00e9, \u00e9voquant, notamment, la prochaine Gigafactory de batteries \u00e9lectriques bas\u00e9e sur une int\u00e9gration locale.<\/p>\n\n\n\n<p>\u201cNous nous alignons sur la strat\u00e9gie visionnaire du Royaume en mati\u00e8re de mobilit\u00e9 durable, qui pose les jalons et ouvre des perspectives de plus en plus prometteuses\u201d, a-t il conclu.<\/p>\n\n\n\n<p>La rencontre a \u00e9t\u00e9, en outre, l\u2019occasion de se pencher sur les synergies existantes et potentielles entre les industries li\u00e9es \u00e0 la mobilit\u00e9 ainsi qu\u2019au d\u00e9veloppement des infrastructures transports et des \u00e9nergies renouvelables afin d\u2019identifier les opportunit\u00e9s d\u2019innovation.<\/p>\n\n\n\n<p>La 1\u00e8re \u00e9dition du Green Impact Expo &amp; Summit (GIES 2025) s\u2019est ouverte mardi \u00e0 Casablanca, r\u00e9unissant acteurs publics et priv\u00e9s dans un espace d\u2019\u00e9change mettant en avant des expertises et solutions innovantes et comp\u00e9titives pour une mobilit\u00e9 durable.<\/p>\n\n\n\n<p>Organis\u00e9 par la F\u00e9d\u00e9ration du Transport et de la Logistique de la Conf\u00e9d\u00e9ration G\u00e9n\u00e9rale des Entreprises du Maroc (FTL-CGEM), cet \u00e9v\u00e9nement, qui se poursuit jusqu\u2019au 13 courant, avec la France comme pays invit\u00e9 d\u2019honneur, est plac\u00e9 sous l\u2019\u00e9gide du minist\u00e8re de l\u2019Industrie et du Commerce, du minist\u00e8re de la Transition \u00e9nerg\u00e9tique et du D\u00e9veloppement durable, du minist\u00e8re du Transport et de la Logistique et du minist\u00e8re de la Transition num\u00e9rique et de la R\u00e9forme de l\u2019administration.<\/p>\n","protected":false},"excerpt":{"rendered":"<p>dpress Le Maroc se positionne comme un acteur engag\u00e9 et avanc\u00e9 en mati\u00e8re de mobilit\u00e9 durable \u00e0 l\u2019\u00e9chelle internationale, ont soulign\u00e9 les participants \u00e0 une rencontre tenue mercredi dans le cadre du Green Impact Expo &amp; Summit. Intervenant lors d\u2019un panel intitul\u00e9 \u201cLe Maroc, hub industriel de la mobilit\u00e9 durable\u201d, le directeur manager de Volvo &hellip;<\/p>\n","protected":false},"author":2,"featured_media":12671,"comment_status":"open","ping_status":"open","sticky":false,"template":"","format":"standard","meta":{"footnotes":""},"categories":[25],"tags":[],"class_list":["post-12670","post","type-post","status-publish","format-standard","has-post-thumbnail","hentry","category-economie"],"yoast_head":"<!-- This site is optimized with the Yoast SEO plugin v27.5 - https:\/\/yoast.com\/product\/yoast-seo-wordpress\/ -->\n<title>Le Maroc, un acteur engag\u00e9 et avanc\u00e9\u00a0 - Dpress.ma\/fr<\/title>\n<meta name=\"robots\" content=\"index, follow, max-snippet:-1, max-image-preview:large, max-video-preview:-1\" \/>\n<link rel=\"canonical\" href=\"https:\/\/dpress.ma\/fr\/2025\/02\/13\/le-maroc-un-acteur-engage-et-avance\/\" \/>\n<meta property=\"og:locale\" content=\"fr_FR\" \/>\n<meta property=\"og:type\" content=\"article\" \/>\n<meta property=\"og:title\" content=\"Le Maroc, un acteur engag\u00e9 et avanc\u00e9\u00a0 - Dpress.ma\/fr\" \/>\n<meta property=\"og:description\" content=\"dpress Le Maroc se positionne comme un acteur engag\u00e9 et avanc\u00e9 en mati\u00e8re de mobilit\u00e9 durable \u00e0 l\u2019\u00e9chelle internationale, ont soulign\u00e9 les participants \u00e0 une rencontre tenue mercredi dans le cadre du Green Impact Expo &amp; Summit. Intervenant lors d\u2019un panel intitul\u00e9 \u201cLe Maroc, hub industriel de la mobilit\u00e9 durable\u201d, le directeur manager de Volvo &hellip;\" \/>\n<meta property=\"og:url\" content=\"https:\/\/dpress.ma\/fr\/2025\/02\/13\/le-maroc-un-acteur-engage-et-avance\/\" \/>\n<meta property=\"og:site_name\" content=\"Dpress.ma\/fr\" \/>\n<meta property=\"article:published_time\" content=\"2025-02-13T09:00:33+00:00\" \/>\n<meta property=\"article:modified_time\" content=\"2025-02-13T09:00:34+00:00\" \/>\n<meta property=\"og:image\" content=\"https:\/\/dpress.ma\/fr\/wp-content\/uploads\/sites\/2\/2025\/02\/dprees-dim-22.png\" \/>\n\t<meta property=\"og:image:width\" content=\"780\" \/>\n\t<meta property=\"og:image:height\" content=\"470\" \/>\n\t<meta property=\"og:image:type\" content=\"image\/png\" \/>\n<meta name=\"author\" content=\"Dpress.ma\" \/>\n<meta name=\"twitter:card\" content=\"summary_large_image\" \/>\n<meta name=\"twitter:label1\" content=\"\u00c9crit par\" \/>\n\t<meta name=\"twitter:data1\" content=\"Dpress.ma\" \/>\n\t<meta name=\"twitter:label2\" content=\"Dur\u00e9e de lecture estim\u00e9e\" \/>\n\t<meta name=\"twitter:data2\" content=\"4 minutes\" \/>\n<script type=\"application\/ld+json\" class=\"yoast-schema-graph\">{\"@context\":\"https:\\\/\\\/schema.org\",\"@graph\":[{\"@type\":\"Article\",\"@id\":\"https:\\\/\\\/dpress.ma\\\/fr\\\/2025\\\/02\\\/13\\\/le-maroc-un-acteur-engage-et-avance\\\/#article\",\"isPartOf\":{\"@id\":\"https:\\\/\\\/dpress.ma\\\/fr\\\/2025\\\/02\\\/13\\\/le-maroc-un-acteur-engage-et-avance\\\/\"},\"author\":{\"name\":\"Dpress.ma\",\"@id\":\"https:\\\/\\\/dpress.ma\\\/fr\\\/#\\\/schema\\\/person\\\/4898febf3ccd59e6578d838656a306a0\"},\"headline\":\"Le Maroc, un acteur engag\u00e9 et avanc\u00e9\u00a0\",\"datePublished\":\"2025-02-13T09:00:33+00:00\",\"dateModified\":\"2025-02-13T09:00:34+00:00\",\"mainEntityOfPage\":{\"@id\":\"https:\\\/\\\/dpress.ma\\\/fr\\\/2025\\\/02\\\/13\\\/le-maroc-un-acteur-engage-et-avance\\\/\"},\"wordCount\":684,\"commentCount\":0,\"image\":{\"@id\":\"https:\\\/\\\/dpress.ma\\\/fr\\\/2025\\\/02\\\/13\\\/le-maroc-un-acteur-engage-et-avance\\\/#primaryimage\"},\"thumbnailUrl\":\"https:\\\/\\\/dpress.ma\\\/fr\\\/wp-content\\\/uploads\\\/sites\\\/2\\\/2025\\\/02\\\/dprees-dim-22.png\",\"articleSection\":[\"\u00c9conomie\"],\"inLanguage\":\"fr-FR\",\"potentialAction\":[{\"@type\":\"CommentAction\",\"name\":\"Comment\",\"target\":[\"https:\\\/\\\/dpress.ma\\\/fr\\\/2025\\\/02\\\/13\\\/le-maroc-un-acteur-engage-et-avance\\\/#respond\"]}]},{\"@type\":\"WebPage\",\"@id\":\"https:\\\/\\\/dpress.ma\\\/fr\\\/2025\\\/02\\\/13\\\/le-maroc-un-acteur-engage-et-avance\\\/\",\"url\":\"https:\\\/\\\/dpress.ma\\\/fr\\\/2025\\\/02\\\/13\\\/le-maroc-un-acteur-engage-et-avance\\\/\",\"name\":\"Le Maroc, un acteur engag\u00e9 et avanc\u00e9\u00a0 - Dpress.ma\\\/fr\",\"isPartOf\":{\"@id\":\"https:\\\/\\\/dpress.ma\\\/fr\\\/#website\"},\"primaryImageOfPage\":{\"@id\":\"https:\\\/\\\/dpress.ma\\\/fr\\\/2025\\\/02\\\/13\\\/le-maroc-un-acteur-engage-et-avance\\\/#primaryimage\"},\"image\":{\"@id\":\"https:\\\/\\\/dpress.ma\\\/fr\\\/2025\\\/02\\\/13\\\/le-maroc-un-acteur-engage-et-avance\\\/#primaryimage\"},\"thumbnailUrl\":\"https:\\\/\\\/dpress.ma\\\/fr\\\/wp-content\\\/uploads\\\/sites\\\/2\\\/2025\\\/02\\\/dprees-dim-22.png\",\"datePublished\":\"2025-02-13T09:00:33+00:00\",\"dateModified\":\"2025-02-13T09:00:34+00:00\",\"author\":{\"@id\":\"https:\\\/\\\/dpress.ma\\\/fr\\\/#\\\/schema\\\/person\\\/4898febf3ccd59e6578d838656a306a0\"},\"breadcrumb\":{\"@id\":\"https:\\\/\\\/dpress.ma\\\/fr\\\/2025\\\/02\\\/13\\\/le-maroc-un-acteur-engage-et-avance\\\/#breadcrumb\"},\"inLanguage\":\"fr-FR\",\"potentialAction\":[{\"@type\":\"ReadAction\",\"target\":[\"https:\\\/\\\/dpress.ma\\\/fr\\\/2025\\\/02\\\/13\\\/le-maroc-un-acteur-engage-et-avance\\\/\"]}]},{\"@type\":\"ImageObject\",\"inLanguage\":\"fr-FR\",\"@id\":\"https:\\\/\\\/dpress.ma\\\/fr\\\/2025\\\/02\\\/13\\\/le-maroc-un-acteur-engage-et-avance\\\/#primaryimage\",\"url\":\"https:\\\/\\\/dpress.ma\\\/fr\\\/wp-content\\\/uploads\\\/sites\\\/2\\\/2025\\\/02\\\/dprees-dim-22.png\",\"contentUrl\":\"https:\\\/\\\/dpress.ma\\\/fr\\\/wp-content\\\/uploads\\\/sites\\\/2\\\/2025\\\/02\\\/dprees-dim-22.png\",\"width\":780,\"height\":470},{\"@type\":\"BreadcrumbList\",\"@id\":\"https:\\\/\\\/dpress.ma\\\/fr\\\/2025\\\/02\\\/13\\\/le-maroc-un-acteur-engage-et-avance\\\/#breadcrumb\",\"itemListElement\":[{\"@type\":\"ListItem\",\"position\":1,\"name\":\"Home\",\"item\":\"https:\\\/\\\/dpress.ma\\\/fr\\\/\"},{\"@type\":\"ListItem\",\"position\":2,\"name\":\"Le Maroc, un acteur engag\u00e9 et avanc\u00e9\u00a0\"}]},{\"@type\":\"WebSite\",\"@id\":\"https:\\\/\\\/dpress.ma\\\/fr\\\/#website\",\"url\":\"https:\\\/\\\/dpress.ma\\\/fr\\\/\",\"name\":\"Dpress.ma\\\/fr\",\"description\":\"\",\"potentialAction\":[{\"@type\":\"SearchAction\",\"target\":{\"@type\":\"EntryPoint\",\"urlTemplate\":\"https:\\\/\\\/dpress.ma\\\/fr\\\/?s={search_term_string}\"},\"query-input\":{\"@type\":\"PropertyValueSpecification\",\"valueRequired\":true,\"valueName\":\"search_term_string\"}}],\"inLanguage\":\"fr-FR\"},{\"@type\":\"Person\",\"@id\":\"https:\\\/\\\/dpress.ma\\\/fr\\\/#\\\/schema\\\/person\\\/4898febf3ccd59e6578d838656a306a0\",\"name\":\"Dpress.ma\",\"image\":{\"@type\":\"ImageObject\",\"inLanguage\":\"fr-FR\",\"@id\":\"https:\\\/\\\/secure.gravatar.com\\\/avatar\\\/72ecc30e9db047a2e0e7176561eb9d564ed77c8108376495b19bd8336405198a?s=96&d=mm&r=g\",\"url\":\"https:\\\/\\\/secure.gravatar.com\\\/avatar\\\/72ecc30e9db047a2e0e7176561eb9d564ed77c8108376495b19bd8336405198a?s=96&d=mm&r=g\",\"contentUrl\":\"https:\\\/\\\/secure.gravatar.com\\\/avatar\\\/72ecc30e9db047a2e0e7176561eb9d564ed77c8108376495b19bd8336405198a?s=96&d=mm&r=g\",\"caption\":\"Dpress.ma\"},\"sameAs\":[\"https:\\\/\\\/www.dpress.ma\"],\"url\":\"https:\\\/\\\/dpress.ma\\\/fr\\\/author\\\/dpress-ma\\\/\"}]}<\/script>\n<!-- \/ Yoast SEO plugin. -->","yoast_head_json":{"title":"Le Maroc, un acteur engag\u00e9 et avanc\u00e9\u00a0 - Dpress.ma\/fr","robots":{"index":"index","follow":"follow","max-snippet":"max-snippet:-1","max-image-preview":"max-image-preview:large","max-video-preview":"max-video-preview:-1"},"canonical":"https:\/\/dpress.ma\/fr\/2025\/02\/13\/le-maroc-un-acteur-engage-et-avance\/","og_locale":"fr_FR","og_type":"article","og_title":"Le Maroc, un acteur engag\u00e9 et avanc\u00e9\u00a0 - Dpress.ma\/fr","og_description":"dpress Le Maroc se positionne comme un acteur engag\u00e9 et avanc\u00e9 en mati\u00e8re de mobilit\u00e9 durable \u00e0 l\u2019\u00e9chelle internationale, ont soulign\u00e9 les participants \u00e0 une rencontre tenue mercredi dans le cadre du Green Impact Expo &amp; Summit. Intervenant lors d\u2019un panel intitul\u00e9 \u201cLe Maroc, hub industriel de la mobilit\u00e9 durable\u201d, le directeur manager de Volvo &hellip;","og_url":"https:\/\/dpress.ma\/fr\/2025\/02\/13\/le-maroc-un-acteur-engage-et-avance\/","og_site_name":"Dpress.ma\/fr","article_published_time":"2025-02-13T09:00:33+00:00","article_modified_time":"2025-02-13T09:00:34+00:00","og_image":[{"width":780,"height":470,"url":"https:\/\/dpress.ma\/fr\/wp-content\/uploads\/sites\/2\/2025\/02\/dprees-dim-22.png","type":"image\/png"}],"author":"Dpress.ma","twitter_card":"summary_large_image","twitter_misc":{"\u00c9crit par":"Dpress.ma","Dur\u00e9e de lecture estim\u00e9e":"4 minutes"},"schema":{"@context":"https:\/\/schema.org","@graph":[{"@type":"Article","@id":"https:\/\/dpress.ma\/fr\/2025\/02\/13\/le-maroc-un-acteur-engage-et-avance\/#article","isPartOf":{"@id":"https:\/\/dpress.ma\/fr\/2025\/02\/13\/le-maroc-un-acteur-engage-et-avance\/"},"author":{"name":"Dpress.ma","@id":"https:\/\/dpress.ma\/fr\/#\/schema\/person\/4898febf3ccd59e6578d838656a306a0"},"headline":"Le Maroc, un acteur engag\u00e9 et avanc\u00e9\u00a0","datePublished":"2025-02-13T09:00:33+00:00","dateModified":"2025-02-13T09:00:34+00:00","mainEntityOfPage":{"@id":"https:\/\/dpress.ma\/fr\/2025\/02\/13\/le-maroc-un-acteur-engage-et-avance\/"},"wordCount":684,"commentCount":0,"image":{"@id":"https:\/\/dpress.ma\/fr\/2025\/02\/13\/le-maroc-un-acteur-engage-et-avance\/#primaryimage"},"thumbnailUrl":"https:\/\/dpress.ma\/fr\/wp-content\/uploads\/sites\/2\/2025\/02\/dprees-dim-22.png","articleSection":["\u00c9conomie"],"inLanguage":"fr-FR","potentialAction":[{"@type":"CommentAction","name":"Comment","target":["https:\/\/dpress.ma\/fr\/2025\/02\/13\/le-maroc-un-acteur-engage-et-avance\/#respond"]}]},{"@type":"WebPage","@id":"https:\/\/dpress.ma\/fr\/2025\/02\/13\/le-maroc-un-acteur-engage-et-avance\/","url":"https:\/\/dpress.ma\/fr\/2025\/02\/13\/le-maroc-un-acteur-engage-et-avance\/","name":"Le Maroc, un acteur engag\u00e9 et avanc\u00e9\u00a0 - Dpress.ma\/fr","isPartOf":{"@id":"https:\/\/dpress.ma\/fr\/#website"},"primaryImageOfPage":{"@id":"https:\/\/dpress.ma\/fr\/2025\/02\/13\/le-maroc-un-acteur-engage-et-avance\/#primaryimage"},"image":{"@id":"https:\/\/dpress.ma\/fr\/2025\/02\/13\/le-maroc-un-acteur-engage-et-avance\/#primaryimage"},"thumbnailUrl":"https:\/\/dpress.ma\/fr\/wp-content\/uploads\/sites\/2\/2025\/02\/dprees-dim-22.png","datePublished":"2025-02-13T09:00:33+00:00","dateModified":"2025-02-13T09:00:34+00:00","author":{"@id":"https:\/\/dpress.ma\/fr\/#\/schema\/person\/4898febf3ccd59e6578d838656a306a0"},"breadcrumb":{"@id":"https:\/\/dpress.ma\/fr\/2025\/02\/13\/le-maroc-un-acteur-engage-et-avance\/#breadcrumb"},"inLanguage":"fr-FR","potentialAction":[{"@type":"ReadAction","target":["https:\/\/dpress.ma\/fr\/2025\/02\/13\/le-maroc-un-acteur-engage-et-avance\/"]}]},{"@type":"ImageObject","inLanguage":"fr-FR","@id":"https:\/\/dpress.ma\/fr\/2025\/02\/13\/le-maroc-un-acteur-engage-et-avance\/#primaryimage","url":"https:\/\/dpress.ma\/fr\/wp-content\/uploads\/sites\/2\/2025\/02\/dprees-dim-22.png","contentUrl":"https:\/\/dpress.ma\/fr\/wp-content\/uploads\/sites\/2\/2025\/02\/dprees-dim-22.png","width":780,"height":470},{"@type":"BreadcrumbList","@id":"https:\/\/dpress.ma\/fr\/2025\/02\/13\/le-maroc-un-acteur-engage-et-avance\/#breadcrumb","itemListElement":[{"@type":"ListItem","position":1,"name":"Home","item":"https:\/\/dpress.ma\/fr\/"},{"@type":"ListItem","position":2,"name":"Le Maroc, un acteur engag\u00e9 et avanc\u00e9\u00a0"}]},{"@type":"WebSite","@id":"https:\/\/dpress.ma\/fr\/#website","url":"https:\/\/dpress.ma\/fr\/","name":"Dpress.ma\/fr","description":"","potentialAction":[{"@type":"SearchAction","target":{"@type":"EntryPoint","urlTemplate":"https:\/\/dpress.ma\/fr\/?s={search_term_string}"},"query-input":{"@type":"PropertyValueSpecification","valueRequired":true,"valueName":"search_term_string"}}],"inLanguage":"fr-FR"},{"@type":"Person","@id":"https:\/\/dpress.ma\/fr\/#\/schema\/person\/4898febf3ccd59e6578d838656a306a0","name":"Dpress.ma","image":{"@type":"ImageObject","inLanguage":"fr-FR","@id":"https:\/\/secure.gravatar.com\/avatar\/72ecc30e9db047a2e0e7176561eb9d564ed77c8108376495b19bd8336405198a?s=96&d=mm&r=g","url":"https:\/\/secure.gravatar.com\/avatar\/72ecc30e9db047a2e0e7176561eb9d564ed77c8108376495b19bd8336405198a?s=96&d=mm&r=g","contentUrl":"https:\/\/secure.gravatar.com\/avatar\/72ecc30e9db047a2e0e7176561eb9d564ed77c8108376495b19bd8336405198a?s=96&d=mm&r=g","caption":"Dpress.ma"},"sameAs":["https:\/\/www.dpress.ma"],"url":"https:\/\/dpress.ma\/fr\/author\/dpress-ma\/"}]}},"amp_enabled":true,"_links":{"self":[{"href":"https:\/\/dpress.ma\/fr\/wp-json\/wp\/v2\/posts\/12670","targetHints":{"allow":["GET"]}}],"collection":[{"href":"https:\/\/dpress.ma\/fr\/wp-json\/wp\/v2\/posts"}],"about":[{"href":"https:\/\/dpress.ma\/fr\/wp-json\/wp\/v2\/types\/post"}],"author":[{"embeddable":true,"href":"https:\/\/dpress.ma\/fr\/wp-json\/wp\/v2\/users\/2"}],"replies":[{"embeddable":true,"href":"https:\/\/dpress.ma\/fr\/wp-json\/wp\/v2\/comments?post=12670"}],"version-history":[{"count":1,"href":"https:\/\/dpress.ma\/fr\/wp-json\/wp\/v2\/posts\/12670\/revisions"}],"predecessor-version":[{"id":12672,"href":"https:\/\/dpress.ma\/fr\/wp-json\/wp\/v2\/posts\/12670\/revisions\/12672"}],"wp:featuredmedia":[{"embeddable":true,"href":"https:\/\/dpress.ma\/fr\/wp-json\/wp\/v2\/media\/12671"}],"wp:attachment":[{"href":"https:\/\/dpress.ma\/fr\/wp-json\/wp\/v2\/media?parent=12670"}],"wp:term":[{"taxonomy":"category","embeddable":true,"href":"https:\/\/dpress.ma\/fr\/wp-json\/wp\/v2\/categories?post=12670"},{"taxonomy":"post_tag","embeddable":true,"href":"https:\/\/dpress.ma\/fr\/wp-json\/wp\/v2\/tags?post=12670"}],"curies":[{"name":"wp","href":"https:\/\/api.w.org\/{rel}","templated":true}]}}