{"id":12664,"date":"2025-02-12T10:31:47","date_gmt":"2025-02-12T10:31:47","guid":{"rendered":"https:\/\/dpress.ma\/fr\/?p=12664"},"modified":"2025-02-12T10:31:49","modified_gmt":"2025-02-12T10:31:49","slug":"un-bilan-legislatif-riche-et-diversifie","status":"publish","type":"post","link":"https:\/\/dpress.ma\/fr\/2025\/02\/12\/un-bilan-legislatif-riche-et-diversifie\/","title":{"rendered":"un bilan l\u00e9gislatif riche et diversifi\u00e9\u00a0"},"content":{"rendered":"\n<p>dpress<\/p>\n\n\n\n<p>La premi\u00e8re session de l\u2019ann\u00e9e l\u00e9gislative 2024-2025, a \u00e9t\u00e9 marqu\u00e9e par un bilan l\u00e9gislatif riche et diversifi\u00e9, a affirm\u00e9 mardi \u00e0 Rabat, le pr\u00e9sident de la Chambre des conseillers, Mohamed Ould Errachid.<\/p>\n\n\n\n<p>S\u2019exprimant lors de la s\u00e9ance de cl\u00f4ture de cette session, M. Ould Errachid a pr\u00e9cis\u00e9 que ce bilan a \u00e9t\u00e9 marqu\u00e9 par l\u2019adoption de textes fondateurs figurant parmi les principaux textes juridiques adopt\u00e9s depuis l\u2019Ind\u00e9pendance, en t\u00eate desquels figure la loi organique n\u00b0 97.15 relative \u00e0 la d\u00e9finition des conditions et des modalit\u00e9s d\u2019exercice du droit de gr\u00e8ve.<\/p>\n\n\n\n<p>\u00c0 cet \u00e9gard, il a \u00e9voqu\u00e9 le d\u00e9bat riche et constructif au sein de la Chambre des conseillers, ainsi que ses positions exprim\u00e9es, avec un sens de citoyennet\u00e9, au sujet de ce texte important, par les diff\u00e9rentes composantes de la Chambre, au service des int\u00e9r\u00eats supr\u00eames de la patrie.<\/p>\n\n\n\n<p>Parmi les autres textes l\u00e9gislatifs adopt\u00e9s lors de cette session, il a cit\u00e9 le PLF 2025, ainsi que plusieurs autres projets de loi concernant notamment l\u2019industrie cin\u00e9matographique, les centres r\u00e9gionaux d\u2019investissement (CRI), l\u2019organisation judiciaire, les juridictions financi\u00e8res, les m\u00e9dicaments et la pharmacie, ainsi que des accords internationaux bilat\u00e9raux et multilat\u00e9raux.<\/p>\n\n\n\n<p>Ces textes l\u00e9gislatifs, a-t-il estim\u00e9, permettront de renforcer le tissu \u00e9conomique du Royaume et d\u2019am\u00e9liorer son attractivit\u00e9 en mati\u00e8re d\u2019investissements, tout en consolidant la s\u00e9curit\u00e9 juridique des citoyens, en facilitant l\u2019acc\u00e8s aux proc\u00e9dures judiciaires en phase d\u2019appel.<\/p>\n\n\n\n<p>S\u2019agissant de l\u2019initiative l\u00e9gislative des membres de la Chambre des conseillers, M. Ould Errachid a soulign\u00e9 que les textes adopt\u00e9s lors de cette session ont b\u00e9n\u00e9fici\u00e9 d\u2019une large contribution des membres de la Chambre, avec un total de 653 amendements propos\u00e9s sur les textes vot\u00e9s et susceptibles d\u2019\u00eatre modifi\u00e9s, notant que ces chiffres n\u2019incluent pas les autres projets de loi actuellement en cours d\u2019examen par les commissions permanentes.<\/p>\n\n\n\n<p>En outre, dans un contexte marqu\u00e9 par l\u2019\u00e9lan de l\u2019action diplomatique du Royaume et son engagement soutenu pour la promotion de ses relations bilat\u00e9rales et internationales, sous la Conduite \u00e9clair\u00e9e de Sa Majest\u00e9 le Roi Mohammed VI, la Chambre a approuv\u00e9 25 projets de loi ratifiant des conventions internationales bilat\u00e9rales et multilat\u00e9rales.<\/p>\n\n\n\n<p>Ces accords couvrent divers domaines de coop\u00e9ration, notamment les relations douani\u00e8res, fiscales, judiciaires, le transport maritime, les ports, les investissements, la protection civile et la pr\u00e9servation de la biodiversit\u00e9 marine.<\/p>\n\n\n\n<p>Il a \u00e9galement soulign\u00e9 que, parall\u00e8lement aux textes adopt\u00e9s, les commissions permanentes poursuivent l\u2019examen de plusieurs autres projets de loi d\u2019importance majeure, notamment le projet de loi n\u00b0 54.23 modifiant et compl\u00e9tant la loi n\u00b0 65.00 relative \u00e0 l\u2019assurance maladie obligatoire de base (AMO), ainsi que d\u2019autres dispositions sp\u00e9cifiques, en plus du projet de loi n\u00b0 02.23 relatif \u00e0 la proc\u00e9dure civile, soumis actuellement \u00e0 l\u2019examen depuis la session pr\u00e9c\u00e9dente par la Commission de la justice, de la l\u00e9gislation et des droits de l\u2019Homme.<\/p>\n\n\n\n<p>Au niveau des s\u00e9ances publiques, la Chambre a tenu 32 s\u00e9ances pl\u00e9ni\u00e8res durant cette session, pour une dur\u00e9e totale de pr\u00e8s de 66 heures, avec des s\u00e9ances conjointes avec la Chambre des repr\u00e9sentants et deux s\u00e9ances mensuelles au cours desquelles le Chef du gouvernement a r\u00e9pondu aux questions li\u00e9es \u00e0 la politique g\u00e9n\u00e9rale.<\/p>\n\n\n\n<p>Ces s\u00e9ances ont port\u00e9 sur deux th\u00e8mes : \u201cL\u2019\u00e9cosyst\u00e8me industriel national en tant que levier de l\u2019\u00e9conomie nationale\u201d et \u201cLes indicateurs \u00e9conomiques et financiers et le renforcement de la place du Maroc \u00e0 l\u2019international\u201d.<\/p>\n\n\n\n<p>Cette session a \u00e9galement \u00e9t\u00e9 marqu\u00e9e par la tenue de 14 s\u00e9ances hebdomadaires de questions orales et de huit s\u00e9ances d\u00e9di\u00e9es \u00e0 l\u2019examen et au vote des textes l\u00e9gislatifs soumis \u00e0 la Chambre.<\/p>\n\n\n\n<p>Les s\u00e9ances hebdomadaires de questions ont permis d\u2019interpeller 26 d\u00e9partements gouvernementaux sur divers sujets li\u00e9s \u00e0 la nature de la composition de la Chambre des conseillers, notamment le secteur agricole, en raison des impacts de la raret\u00e9 de l\u2019eau et des catastrophes naturelles li\u00e9es aux changements climatiques, en plus d\u2019autres sujets abord\u00e9s relatifs au renforcement des \u00e9changes commerciaux avec les pays africains, la simplification des proc\u00e9dures d\u2019investissement, la protection sociale des salari\u00e9s, l\u2019am\u00e9lioration des infrastructures routi\u00e8res et leur \u00e9quipement, les d\u00e9fis du syst\u00e8me national de sant\u00e9, l\u2019acc\u00e9l\u00e9ration de la mise en \u0153uvre de la r\u00e9gionalisation avanc\u00e9e, la gestion du transport urbain et l\u2019\u00e9valuation du programme de r\u00e9duction des disparit\u00e9s spatiales et sociales.<\/p>\n\n\n\n<p>Dans le m\u00eame contexte, plusieurs engagements ont \u00e9t\u00e9 pris par les ministres lors des s\u00e9ances de questions orales, dans lesquelles le gouvernement s\u2019est engag\u00e9 \u00e0 interagir avec plusieurs questions et revendications soci\u00e9tales exprim\u00e9es par les membres de la Chambre.<\/p>\n\n\n\n<p>Concernant les questions orales re\u00e7ues entre les sessions et lors de la session d\u2019octobre 2024, leur nombre a atteint 985, dont 300 ont fait l\u2019objet d\u2019une r\u00e9ponse gouvernementale lors des 14 s\u00e9ances hebdomadaires, incluant 121 questions d\u2019actualit\u00e9 et 179 questions ordinaires.<\/p>\n\n\n\n<p>Le nombre des questions \u00e9crites re\u00e7ues durant la m\u00eame p\u00e9riode s\u2019\u00e9l\u00e8ve \u00e0 351, tandis que le gouvernement a r\u00e9pondu \u00e0 435 questions, incluant certaines r\u00e9ponses \u00e0 des questions pos\u00e9es lors des sessions pr\u00e9c\u00e9dentes.<\/p>\n\n\n\n<p>En ce qui concerne les travaux des commissions permanentes, l\u2019activit\u00e9 l\u00e9gislative a occup\u00e9 une part majeure du bilan de ces commissions au cours de cette session, avec 69 r\u00e9unions totalisant environ 245 heures de travail.<\/p>\n\n\n\n<p>Par ailleurs, la Commission de la justice, de la l\u00e9gislation et des droits de l\u2019Homme a \u00e9galement tenu une r\u00e9union pour examiner le cinqui\u00e8me rapport national sur la mise en \u0153uvre de la Convention contre la torture.<\/p>\n\n\n\n<p>De son c\u00f4t\u00e9, la Commission des finances, de la planification et du d\u00e9veloppement \u00e9conomique a tenu une r\u00e9union consacr\u00e9e \u00e0 la pr\u00e9sentation du ministre d\u00e9l\u00e9gu\u00e9 aupr\u00e8s de la ministre de l\u2019\u00c9conomie et des Finances charg\u00e9 du budget, sur l\u2019ex\u00e9cution de la loi de finances 2024 en lien avec les recettes fiscales des derniers mois de l\u2019ann\u00e9e 2024.<\/p>\n\n\n\n<p>S\u2019agissant de l\u2019\u00e9valuation des politiques publiques, la Chambre des conseillers a mis en place deux groupes th\u00e9matiques, l\u2019un \u00e9tant charg\u00e9 de pr\u00e9parer la session annuelle de discussion et d\u2019\u00e9valuation des politiques publiques, pr\u00e9vue avant la cl\u00f4ture de l\u2019ann\u00e9e l\u00e9gislative, avec pour th\u00e8me \u201cLes politiques publiques li\u00e9es \u00e0 l\u2019investissement et \u00e0 l\u2019emploi\u201d.<\/p>\n\n\n\n<p>Parall\u00e8lement, le second groupe th\u00e9matique a \u00e9t\u00e9 charg\u00e9 de pr\u00e9parer un rapport sur \u201cLa premi\u00e8re cause nationale du Maroc : l\u2019int\u00e9grit\u00e9 territoriale du Royaume\u201d.<\/p>\n\n\n\n<p>Concernant les relations avec les institutions constitutionnelles, la Chambre a re\u00e7u le rapport de la Cour des Comptes sur ses activit\u00e9s pour les ann\u00e9es 2023-2024. Ce rapport a \u00e9t\u00e9 pr\u00e9sent\u00e9 par la pr\u00e9sidente de la Cour devant les deux chambres du Parlement et a \u00e9t\u00e9 discut\u00e9 en s\u00e9ance pl\u00e9ni\u00e8re en pr\u00e9sence du gouvernement lundi dernier.<\/p>\n\n\n\n<p>Le Chambre a \u00e9galement re\u00e7u les rapports annuels pour l\u2019ann\u00e9e 2023 de plusieurs institutions constitutionnelles, ainsi que des avis et des rapports th\u00e9matiques \u00e9manant de celles-ci.<\/p>\n","protected":false},"excerpt":{"rendered":"<p>dpress La premi\u00e8re session de l\u2019ann\u00e9e l\u00e9gislative 2024-2025, a \u00e9t\u00e9 marqu\u00e9e par un bilan l\u00e9gislatif riche et diversifi\u00e9, a affirm\u00e9 mardi \u00e0 Rabat, le pr\u00e9sident de la Chambre des conseillers, Mohamed Ould Errachid. S\u2019exprimant lors de la s\u00e9ance de cl\u00f4ture de cette session, M. Ould Errachid a pr\u00e9cis\u00e9 que ce bilan a \u00e9t\u00e9 marqu\u00e9 par &hellip;<\/p>\n","protected":false},"author":2,"featured_media":12665,"comment_status":"open","ping_status":"open","sticky":false,"template":"","format":"standard","meta":{"footnotes":""},"categories":[26],"tags":[],"class_list":["post-12664","post","type-post","status-publish","format-standard","has-post-thumbnail","hentry","category-politiques"],"yoast_head":"<!-- This site is optimized with the Yoast SEO plugin v27.5 - https:\/\/yoast.com\/product\/yoast-seo-wordpress\/ -->\n<title>un bilan l\u00e9gislatif riche et diversifi\u00e9\u00a0 - Dpress.ma\/fr<\/title>\n<meta name=\"robots\" content=\"index, follow, max-snippet:-1, max-image-preview:large, max-video-preview:-1\" \/>\n<link rel=\"canonical\" href=\"https:\/\/dpress.ma\/fr\/2025\/02\/12\/un-bilan-legislatif-riche-et-diversifie\/\" \/>\n<meta property=\"og:locale\" content=\"fr_FR\" \/>\n<meta property=\"og:type\" content=\"article\" \/>\n<meta property=\"og:title\" content=\"un bilan l\u00e9gislatif riche et diversifi\u00e9\u00a0 - Dpress.ma\/fr\" \/>\n<meta property=\"og:description\" content=\"dpress La premi\u00e8re session de l\u2019ann\u00e9e l\u00e9gislative 2024-2025, a \u00e9t\u00e9 marqu\u00e9e par un bilan l\u00e9gislatif riche et diversifi\u00e9, a affirm\u00e9 mardi \u00e0 Rabat, le pr\u00e9sident de la Chambre des conseillers, Mohamed Ould Errachid. S\u2019exprimant lors de la s\u00e9ance de cl\u00f4ture de cette session, M. Ould Errachid a pr\u00e9cis\u00e9 que ce bilan a \u00e9t\u00e9 marqu\u00e9 par &hellip;\" \/>\n<meta property=\"og:url\" content=\"https:\/\/dpress.ma\/fr\/2025\/02\/12\/un-bilan-legislatif-riche-et-diversifie\/\" \/>\n<meta property=\"og:site_name\" content=\"Dpress.ma\/fr\" \/>\n<meta property=\"article:published_time\" content=\"2025-02-12T10:31:47+00:00\" \/>\n<meta property=\"article:modified_time\" content=\"2025-02-12T10:31:49+00:00\" \/>\n<meta property=\"og:image\" content=\"https:\/\/dpress.ma\/fr\/wp-content\/uploads\/sites\/2\/2025\/02\/dprees-dim-20.png\" \/>\n\t<meta property=\"og:image:width\" content=\"780\" \/>\n\t<meta property=\"og:image:height\" content=\"470\" \/>\n\t<meta property=\"og:image:type\" content=\"image\/png\" \/>\n<meta name=\"author\" content=\"Dpress.ma\" \/>\n<meta name=\"twitter:card\" content=\"summary_large_image\" \/>\n<meta name=\"twitter:label1\" content=\"\u00c9crit par\" \/>\n\t<meta name=\"twitter:data1\" content=\"Dpress.ma\" \/>\n\t<meta name=\"twitter:label2\" content=\"Dur\u00e9e de lecture estim\u00e9e\" \/>\n\t<meta name=\"twitter:data2\" content=\"6 minutes\" \/>\n<script type=\"application\/ld+json\" class=\"yoast-schema-graph\">{\"@context\":\"https:\\\/\\\/schema.org\",\"@graph\":[{\"@type\":\"Article\",\"@id\":\"https:\\\/\\\/dpress.ma\\\/fr\\\/2025\\\/02\\\/12\\\/un-bilan-legislatif-riche-et-diversifie\\\/#article\",\"isPartOf\":{\"@id\":\"https:\\\/\\\/dpress.ma\\\/fr\\\/2025\\\/02\\\/12\\\/un-bilan-legislatif-riche-et-diversifie\\\/\"},\"author\":{\"name\":\"Dpress.ma\",\"@id\":\"https:\\\/\\\/dpress.ma\\\/fr\\\/#\\\/schema\\\/person\\\/4898febf3ccd59e6578d838656a306a0\"},\"headline\":\"un bilan l\u00e9gislatif riche et diversifi\u00e9\u00a0\",\"datePublished\":\"2025-02-12T10:31:47+00:00\",\"dateModified\":\"2025-02-12T10:31:49+00:00\",\"mainEntityOfPage\":{\"@id\":\"https:\\\/\\\/dpress.ma\\\/fr\\\/2025\\\/02\\\/12\\\/un-bilan-legislatif-riche-et-diversifie\\\/\"},\"wordCount\":1263,\"commentCount\":0,\"image\":{\"@id\":\"https:\\\/\\\/dpress.ma\\\/fr\\\/2025\\\/02\\\/12\\\/un-bilan-legislatif-riche-et-diversifie\\\/#primaryimage\"},\"thumbnailUrl\":\"https:\\\/\\\/dpress.ma\\\/fr\\\/wp-content\\\/uploads\\\/sites\\\/2\\\/2025\\\/02\\\/dprees-dim-20.png\",\"articleSection\":[\"Politiques\"],\"inLanguage\":\"fr-FR\",\"potentialAction\":[{\"@type\":\"CommentAction\",\"name\":\"Comment\",\"target\":[\"https:\\\/\\\/dpress.ma\\\/fr\\\/2025\\\/02\\\/12\\\/un-bilan-legislatif-riche-et-diversifie\\\/#respond\"]}]},{\"@type\":\"WebPage\",\"@id\":\"https:\\\/\\\/dpress.ma\\\/fr\\\/2025\\\/02\\\/12\\\/un-bilan-legislatif-riche-et-diversifie\\\/\",\"url\":\"https:\\\/\\\/dpress.ma\\\/fr\\\/2025\\\/02\\\/12\\\/un-bilan-legislatif-riche-et-diversifie\\\/\",\"name\":\"un bilan l\u00e9gislatif riche et diversifi\u00e9\u00a0 - Dpress.ma\\\/fr\",\"isPartOf\":{\"@id\":\"https:\\\/\\\/dpress.ma\\\/fr\\\/#website\"},\"primaryImageOfPage\":{\"@id\":\"https:\\\/\\\/dpress.ma\\\/fr\\\/2025\\\/02\\\/12\\\/un-bilan-legislatif-riche-et-diversifie\\\/#primaryimage\"},\"image\":{\"@id\":\"https:\\\/\\\/dpress.ma\\\/fr\\\/2025\\\/02\\\/12\\\/un-bilan-legislatif-riche-et-diversifie\\\/#primaryimage\"},\"thumbnailUrl\":\"https:\\\/\\\/dpress.ma\\\/fr\\\/wp-content\\\/uploads\\\/sites\\\/2\\\/2025\\\/02\\\/dprees-dim-20.png\",\"datePublished\":\"2025-02-12T10:31:47+00:00\",\"dateModified\":\"2025-02-12T10:31:49+00:00\",\"author\":{\"@id\":\"https:\\\/\\\/dpress.ma\\\/fr\\\/#\\\/schema\\\/person\\\/4898febf3ccd59e6578d838656a306a0\"},\"breadcrumb\":{\"@id\":\"https:\\\/\\\/dpress.ma\\\/fr\\\/2025\\\/02\\\/12\\\/un-bilan-legislatif-riche-et-diversifie\\\/#breadcrumb\"},\"inLanguage\":\"fr-FR\",\"potentialAction\":[{\"@type\":\"ReadAction\",\"target\":[\"https:\\\/\\\/dpress.ma\\\/fr\\\/2025\\\/02\\\/12\\\/un-bilan-legislatif-riche-et-diversifie\\\/\"]}]},{\"@type\":\"ImageObject\",\"inLanguage\":\"fr-FR\",\"@id\":\"https:\\\/\\\/dpress.ma\\\/fr\\\/2025\\\/02\\\/12\\\/un-bilan-legislatif-riche-et-diversifie\\\/#primaryimage\",\"url\":\"https:\\\/\\\/dpress.ma\\\/fr\\\/wp-content\\\/uploads\\\/sites\\\/2\\\/2025\\\/02\\\/dprees-dim-20.png\",\"contentUrl\":\"https:\\\/\\\/dpress.ma\\\/fr\\\/wp-content\\\/uploads\\\/sites\\\/2\\\/2025\\\/02\\\/dprees-dim-20.png\",\"width\":780,\"height\":470},{\"@type\":\"BreadcrumbList\",\"@id\":\"https:\\\/\\\/dpress.ma\\\/fr\\\/2025\\\/02\\\/12\\\/un-bilan-legislatif-riche-et-diversifie\\\/#breadcrumb\",\"itemListElement\":[{\"@type\":\"ListItem\",\"position\":1,\"name\":\"Home\",\"item\":\"https:\\\/\\\/dpress.ma\\\/fr\\\/\"},{\"@type\":\"ListItem\",\"position\":2,\"name\":\"un bilan l\u00e9gislatif riche et diversifi\u00e9\u00a0\"}]},{\"@type\":\"WebSite\",\"@id\":\"https:\\\/\\\/dpress.ma\\\/fr\\\/#website\",\"url\":\"https:\\\/\\\/dpress.ma\\\/fr\\\/\",\"name\":\"Dpress.ma\\\/fr\",\"description\":\"\",\"potentialAction\":[{\"@type\":\"SearchAction\",\"target\":{\"@type\":\"EntryPoint\",\"urlTemplate\":\"https:\\\/\\\/dpress.ma\\\/fr\\\/?s={search_term_string}\"},\"query-input\":{\"@type\":\"PropertyValueSpecification\",\"valueRequired\":true,\"valueName\":\"search_term_string\"}}],\"inLanguage\":\"fr-FR\"},{\"@type\":\"Person\",\"@id\":\"https:\\\/\\\/dpress.ma\\\/fr\\\/#\\\/schema\\\/person\\\/4898febf3ccd59e6578d838656a306a0\",\"name\":\"Dpress.ma\",\"image\":{\"@type\":\"ImageObject\",\"inLanguage\":\"fr-FR\",\"@id\":\"https:\\\/\\\/secure.gravatar.com\\\/avatar\\\/72ecc30e9db047a2e0e7176561eb9d564ed77c8108376495b19bd8336405198a?s=96&d=mm&r=g\",\"url\":\"https:\\\/\\\/secure.gravatar.com\\\/avatar\\\/72ecc30e9db047a2e0e7176561eb9d564ed77c8108376495b19bd8336405198a?s=96&d=mm&r=g\",\"contentUrl\":\"https:\\\/\\\/secure.gravatar.com\\\/avatar\\\/72ecc30e9db047a2e0e7176561eb9d564ed77c8108376495b19bd8336405198a?s=96&d=mm&r=g\",\"caption\":\"Dpress.ma\"},\"sameAs\":[\"https:\\\/\\\/www.dpress.ma\"],\"url\":\"https:\\\/\\\/dpress.ma\\\/fr\\\/author\\\/dpress-ma\\\/\"}]}<\/script>\n<!-- \/ Yoast SEO plugin. -->","yoast_head_json":{"title":"un bilan l\u00e9gislatif riche et diversifi\u00e9\u00a0 - Dpress.ma\/fr","robots":{"index":"index","follow":"follow","max-snippet":"max-snippet:-1","max-image-preview":"max-image-preview:large","max-video-preview":"max-video-preview:-1"},"canonical":"https:\/\/dpress.ma\/fr\/2025\/02\/12\/un-bilan-legislatif-riche-et-diversifie\/","og_locale":"fr_FR","og_type":"article","og_title":"un bilan l\u00e9gislatif riche et diversifi\u00e9\u00a0 - Dpress.ma\/fr","og_description":"dpress La premi\u00e8re session de l\u2019ann\u00e9e l\u00e9gislative 2024-2025, a \u00e9t\u00e9 marqu\u00e9e par un bilan l\u00e9gislatif riche et diversifi\u00e9, a affirm\u00e9 mardi \u00e0 Rabat, le pr\u00e9sident de la Chambre des conseillers, Mohamed Ould Errachid. S\u2019exprimant lors de la s\u00e9ance de cl\u00f4ture de cette session, M. Ould Errachid a pr\u00e9cis\u00e9 que ce bilan a \u00e9t\u00e9 marqu\u00e9 par &hellip;","og_url":"https:\/\/dpress.ma\/fr\/2025\/02\/12\/un-bilan-legislatif-riche-et-diversifie\/","og_site_name":"Dpress.ma\/fr","article_published_time":"2025-02-12T10:31:47+00:00","article_modified_time":"2025-02-12T10:31:49+00:00","og_image":[{"width":780,"height":470,"url":"https:\/\/dpress.ma\/fr\/wp-content\/uploads\/sites\/2\/2025\/02\/dprees-dim-20.png","type":"image\/png"}],"author":"Dpress.ma","twitter_card":"summary_large_image","twitter_misc":{"\u00c9crit par":"Dpress.ma","Dur\u00e9e de lecture estim\u00e9e":"6 minutes"},"schema":{"@context":"https:\/\/schema.org","@graph":[{"@type":"Article","@id":"https:\/\/dpress.ma\/fr\/2025\/02\/12\/un-bilan-legislatif-riche-et-diversifie\/#article","isPartOf":{"@id":"https:\/\/dpress.ma\/fr\/2025\/02\/12\/un-bilan-legislatif-riche-et-diversifie\/"},"author":{"name":"Dpress.ma","@id":"https:\/\/dpress.ma\/fr\/#\/schema\/person\/4898febf3ccd59e6578d838656a306a0"},"headline":"un bilan l\u00e9gislatif riche et diversifi\u00e9\u00a0","datePublished":"2025-02-12T10:31:47+00:00","dateModified":"2025-02-12T10:31:49+00:00","mainEntityOfPage":{"@id":"https:\/\/dpress.ma\/fr\/2025\/02\/12\/un-bilan-legislatif-riche-et-diversifie\/"},"wordCount":1263,"commentCount":0,"image":{"@id":"https:\/\/dpress.ma\/fr\/2025\/02\/12\/un-bilan-legislatif-riche-et-diversifie\/#primaryimage"},"thumbnailUrl":"https:\/\/dpress.ma\/fr\/wp-content\/uploads\/sites\/2\/2025\/02\/dprees-dim-20.png","articleSection":["Politiques"],"inLanguage":"fr-FR","potentialAction":[{"@type":"CommentAction","name":"Comment","target":["https:\/\/dpress.ma\/fr\/2025\/02\/12\/un-bilan-legislatif-riche-et-diversifie\/#respond"]}]},{"@type":"WebPage","@id":"https:\/\/dpress.ma\/fr\/2025\/02\/12\/un-bilan-legislatif-riche-et-diversifie\/","url":"https:\/\/dpress.ma\/fr\/2025\/02\/12\/un-bilan-legislatif-riche-et-diversifie\/","name":"un bilan l\u00e9gislatif riche et diversifi\u00e9\u00a0 - Dpress.ma\/fr","isPartOf":{"@id":"https:\/\/dpress.ma\/fr\/#website"},"primaryImageOfPage":{"@id":"https:\/\/dpress.ma\/fr\/2025\/02\/12\/un-bilan-legislatif-riche-et-diversifie\/#primaryimage"},"image":{"@id":"https:\/\/dpress.ma\/fr\/2025\/02\/12\/un-bilan-legislatif-riche-et-diversifie\/#primaryimage"},"thumbnailUrl":"https:\/\/dpress.ma\/fr\/wp-content\/uploads\/sites\/2\/2025\/02\/dprees-dim-20.png","datePublished":"2025-02-12T10:31:47+00:00","dateModified":"2025-02-12T10:31:49+00:00","author":{"@id":"https:\/\/dpress.ma\/fr\/#\/schema\/person\/4898febf3ccd59e6578d838656a306a0"},"breadcrumb":{"@id":"https:\/\/dpress.ma\/fr\/2025\/02\/12\/un-bilan-legislatif-riche-et-diversifie\/#breadcrumb"},"inLanguage":"fr-FR","potentialAction":[{"@type":"ReadAction","target":["https:\/\/dpress.ma\/fr\/2025\/02\/12\/un-bilan-legislatif-riche-et-diversifie\/"]}]},{"@type":"ImageObject","inLanguage":"fr-FR","@id":"https:\/\/dpress.ma\/fr\/2025\/02\/12\/un-bilan-legislatif-riche-et-diversifie\/#primaryimage","url":"https:\/\/dpress.ma\/fr\/wp-content\/uploads\/sites\/2\/2025\/02\/dprees-dim-20.png","contentUrl":"https:\/\/dpress.ma\/fr\/wp-content\/uploads\/sites\/2\/2025\/02\/dprees-dim-20.png","width":780,"height":470},{"@type":"BreadcrumbList","@id":"https:\/\/dpress.ma\/fr\/2025\/02\/12\/un-bilan-legislatif-riche-et-diversifie\/#breadcrumb","itemListElement":[{"@type":"ListItem","position":1,"name":"Home","item":"https:\/\/dpress.ma\/fr\/"},{"@type":"ListItem","position":2,"name":"un bilan l\u00e9gislatif riche et diversifi\u00e9\u00a0"}]},{"@type":"WebSite","@id":"https:\/\/dpress.ma\/fr\/#website","url":"https:\/\/dpress.ma\/fr\/","name":"Dpress.ma\/fr","description":"","potentialAction":[{"@type":"SearchAction","target":{"@type":"EntryPoint","urlTemplate":"https:\/\/dpress.ma\/fr\/?s={search_term_string}"},"query-input":{"@type":"PropertyValueSpecification","valueRequired":true,"valueName":"search_term_string"}}],"inLanguage":"fr-FR"},{"@type":"Person","@id":"https:\/\/dpress.ma\/fr\/#\/schema\/person\/4898febf3ccd59e6578d838656a306a0","name":"Dpress.ma","image":{"@type":"ImageObject","inLanguage":"fr-FR","@id":"https:\/\/secure.gravatar.com\/avatar\/72ecc30e9db047a2e0e7176561eb9d564ed77c8108376495b19bd8336405198a?s=96&d=mm&r=g","url":"https:\/\/secure.gravatar.com\/avatar\/72ecc30e9db047a2e0e7176561eb9d564ed77c8108376495b19bd8336405198a?s=96&d=mm&r=g","contentUrl":"https:\/\/secure.gravatar.com\/avatar\/72ecc30e9db047a2e0e7176561eb9d564ed77c8108376495b19bd8336405198a?s=96&d=mm&r=g","caption":"Dpress.ma"},"sameAs":["https:\/\/www.dpress.ma"],"url":"https:\/\/dpress.ma\/fr\/author\/dpress-ma\/"}]}},"amp_enabled":true,"_links":{"self":[{"href":"https:\/\/dpress.ma\/fr\/wp-json\/wp\/v2\/posts\/12664","targetHints":{"allow":["GET"]}}],"collection":[{"href":"https:\/\/dpress.ma\/fr\/wp-json\/wp\/v2\/posts"}],"about":[{"href":"https:\/\/dpress.ma\/fr\/wp-json\/wp\/v2\/types\/post"}],"author":[{"embeddable":true,"href":"https:\/\/dpress.ma\/fr\/wp-json\/wp\/v2\/users\/2"}],"replies":[{"embeddable":true,"href":"https:\/\/dpress.ma\/fr\/wp-json\/wp\/v2\/comments?post=12664"}],"version-history":[{"count":1,"href":"https:\/\/dpress.ma\/fr\/wp-json\/wp\/v2\/posts\/12664\/revisions"}],"predecessor-version":[{"id":12666,"href":"https:\/\/dpress.ma\/fr\/wp-json\/wp\/v2\/posts\/12664\/revisions\/12666"}],"wp:featuredmedia":[{"embeddable":true,"href":"https:\/\/dpress.ma\/fr\/wp-json\/wp\/v2\/media\/12665"}],"wp:attachment":[{"href":"https:\/\/dpress.ma\/fr\/wp-json\/wp\/v2\/media?parent=12664"}],"wp:term":[{"taxonomy":"category","embeddable":true,"href":"https:\/\/dpress.ma\/fr\/wp-json\/wp\/v2\/categories?post=12664"},{"taxonomy":"post_tag","embeddable":true,"href":"https:\/\/dpress.ma\/fr\/wp-json\/wp\/v2\/tags?post=12664"}],"curies":[{"name":"wp","href":"https:\/\/api.w.org\/{rel}","templated":true}]}}