{"id":12655,"date":"2025-02-11T08:49:41","date_gmt":"2025-02-11T08:49:41","guid":{"rendered":"https:\/\/dpress.ma\/fr\/?p=12655"},"modified":"2025-02-11T08:49:42","modified_gmt":"2025-02-11T08:49:42","slug":"secousse-tellurique-de-magnitude-52-dans-la-province-de-ouezzane-pas-de-degats-constates","status":"publish","type":"post","link":"https:\/\/dpress.ma\/fr\/2025\/02\/11\/secousse-tellurique-de-magnitude-52-dans-la-province-de-ouezzane-pas-de-degats-constates\/","title":{"rendered":"Secousse tellurique de magnitude 5,2 dans la province de Ouezzane, pas de d\u00e9g\u00e2ts constat\u00e9s"},"content":{"rendered":"\n<p>dpress<\/p>\n\n\n\n<p>Une secousse tellurique de magnitude 5,2 sur l\u2019\u00e9chelle de Richter a frapp\u00e9, lundi soir, la province de Ouezzane, a annonc\u00e9 l\u2019Institut national de G\u00e9ophysique.<\/p>\n\n\n\n<p>L\u2019\u00e9picentre&nbsp;du s\u00e9isme, survenu \u00e0 une profondeur de 20 kilom\u00e8tres, a \u00e9t\u00e9 localis\u00e9 \u00e0 34.954 degr\u00e9s de latitude Nord et 5.635 degr\u00e9s de longitude ouest, a pr\u00e9cis\u00e9 l\u2019ING.<\/p>\n\n\n\n<p>La secousse, dont l\u2019\u00e9picentre&nbsp;a \u00e9t\u00e9 situ\u00e9 dans la commune de Brikcha, relevant de la province de Ouezzane, s\u2019est produite \u00e0 23h48min43 sec, ajoute la m\u00eame source.<\/p>\n\n\n\n<p>Selon les autorit\u00e9s locales approch\u00e9es par la MAP, il n\u2019y a pas eu de d\u00e9g\u00e2ts constat\u00e9s.<\/p>\n","protected":false},"excerpt":{"rendered":"<p>dpress Une secousse tellurique de magnitude 5,2 sur l\u2019\u00e9chelle de Richter a frapp\u00e9, lundi soir, la province de Ouezzane, a annonc\u00e9 l\u2019Institut national de G\u00e9ophysique. L\u2019\u00e9picentre&nbsp;du s\u00e9isme, survenu \u00e0 une profondeur de 20 kilom\u00e8tres, a \u00e9t\u00e9 localis\u00e9 \u00e0 34.954 degr\u00e9s de latitude Nord et 5.635 degr\u00e9s de longitude ouest, a pr\u00e9cis\u00e9 l\u2019ING. La secousse, dont &hellip;<\/p>\n","protected":false},"author":2,"featured_media":12656,"comment_status":"open","ping_status":"open","sticky":false,"template":"","format":"standard","meta":{"footnotes":""},"categories":[40],"tags":[],"class_list":["post-12655","post","type-post","status-publish","format-standard","has-post-thumbnail","hentry","category-societe-et-regions"],"yoast_head":"<!-- This site is optimized with the Yoast SEO plugin v27.5 - https:\/\/yoast.com\/product\/yoast-seo-wordpress\/ -->\n<title>Secousse tellurique de magnitude 5,2 dans la province de Ouezzane, pas de d\u00e9g\u00e2ts constat\u00e9s - Dpress.ma\/fr<\/title>\n<meta name=\"robots\" content=\"index, follow, max-snippet:-1, max-image-preview:large, max-video-preview:-1\" \/>\n<link rel=\"canonical\" href=\"https:\/\/dpress.ma\/fr\/2025\/02\/11\/secousse-tellurique-de-magnitude-52-dans-la-province-de-ouezzane-pas-de-degats-constates\/\" \/>\n<meta property=\"og:locale\" content=\"fr_FR\" \/>\n<meta property=\"og:type\" content=\"article\" \/>\n<meta property=\"og:title\" content=\"Secousse tellurique de magnitude 5,2 dans la province de Ouezzane, pas de d\u00e9g\u00e2ts constat\u00e9s - Dpress.ma\/fr\" \/>\n<meta property=\"og:description\" content=\"dpress Une secousse tellurique de magnitude 5,2 sur l\u2019\u00e9chelle de Richter a frapp\u00e9, lundi soir, la province de Ouezzane, a annonc\u00e9 l\u2019Institut national de G\u00e9ophysique. L\u2019\u00e9picentre&nbsp;du s\u00e9isme, survenu \u00e0 une profondeur de 20 kilom\u00e8tres, a \u00e9t\u00e9 localis\u00e9 \u00e0 34.954 degr\u00e9s de latitude Nord et 5.635 degr\u00e9s de longitude ouest, a pr\u00e9cis\u00e9 l\u2019ING. La secousse, dont &hellip;\" \/>\n<meta property=\"og:url\" content=\"https:\/\/dpress.ma\/fr\/2025\/02\/11\/secousse-tellurique-de-magnitude-52-dans-la-province-de-ouezzane-pas-de-degats-constates\/\" \/>\n<meta property=\"og:site_name\" content=\"Dpress.ma\/fr\" \/>\n<meta property=\"article:published_time\" content=\"2025-02-11T08:49:41+00:00\" \/>\n<meta property=\"article:modified_time\" content=\"2025-02-11T08:49:42+00:00\" \/>\n<meta property=\"og:image\" content=\"https:\/\/dpress.ma\/fr\/wp-content\/uploads\/sites\/2\/2025\/02\/dprees-dim-17.png\" \/>\n\t<meta property=\"og:image:width\" content=\"780\" \/>\n\t<meta property=\"og:image:height\" content=\"470\" \/>\n\t<meta property=\"og:image:type\" content=\"image\/png\" \/>\n<meta name=\"author\" content=\"Dpress.ma\" \/>\n<meta name=\"twitter:card\" content=\"summary_large_image\" \/>\n<meta name=\"twitter:label1\" content=\"\u00c9crit par\" \/>\n\t<meta name=\"twitter:data1\" content=\"Dpress.ma\" \/>\n\t<meta name=\"twitter:label2\" content=\"Dur\u00e9e de lecture estim\u00e9e\" \/>\n\t<meta name=\"twitter:data2\" content=\"1 minute\" \/>\n<script type=\"application\/ld+json\" class=\"yoast-schema-graph\">{\"@context\":\"https:\\\/\\\/schema.org\",\"@graph\":[{\"@type\":\"Article\",\"@id\":\"https:\\\/\\\/dpress.ma\\\/fr\\\/2025\\\/02\\\/11\\\/secousse-tellurique-de-magnitude-52-dans-la-province-de-ouezzane-pas-de-degats-constates\\\/#article\",\"isPartOf\":{\"@id\":\"https:\\\/\\\/dpress.ma\\\/fr\\\/2025\\\/02\\\/11\\\/secousse-tellurique-de-magnitude-52-dans-la-province-de-ouezzane-pas-de-degats-constates\\\/\"},\"author\":{\"name\":\"Dpress.ma\",\"@id\":\"https:\\\/\\\/dpress.ma\\\/fr\\\/#\\\/schema\\\/person\\\/4898febf3ccd59e6578d838656a306a0\"},\"headline\":\"Secousse tellurique de magnitude 5,2 dans la province de Ouezzane, pas de d\u00e9g\u00e2ts constat\u00e9s\",\"datePublished\":\"2025-02-11T08:49:41+00:00\",\"dateModified\":\"2025-02-11T08:49:42+00:00\",\"mainEntityOfPage\":{\"@id\":\"https:\\\/\\\/dpress.ma\\\/fr\\\/2025\\\/02\\\/11\\\/secousse-tellurique-de-magnitude-52-dans-la-province-de-ouezzane-pas-de-degats-constates\\\/\"},\"wordCount\":127,\"commentCount\":0,\"image\":{\"@id\":\"https:\\\/\\\/dpress.ma\\\/fr\\\/2025\\\/02\\\/11\\\/secousse-tellurique-de-magnitude-52-dans-la-province-de-ouezzane-pas-de-degats-constates\\\/#primaryimage\"},\"thumbnailUrl\":\"https:\\\/\\\/dpress.ma\\\/fr\\\/wp-content\\\/uploads\\\/sites\\\/2\\\/2025\\\/02\\\/dprees-dim-17.png\",\"articleSection\":[\"societe et regions\"],\"inLanguage\":\"fr-FR\",\"potentialAction\":[{\"@type\":\"CommentAction\",\"name\":\"Comment\",\"target\":[\"https:\\\/\\\/dpress.ma\\\/fr\\\/2025\\\/02\\\/11\\\/secousse-tellurique-de-magnitude-52-dans-la-province-de-ouezzane-pas-de-degats-constates\\\/#respond\"]}]},{\"@type\":\"WebPage\",\"@id\":\"https:\\\/\\\/dpress.ma\\\/fr\\\/2025\\\/02\\\/11\\\/secousse-tellurique-de-magnitude-52-dans-la-province-de-ouezzane-pas-de-degats-constates\\\/\",\"url\":\"https:\\\/\\\/dpress.ma\\\/fr\\\/2025\\\/02\\\/11\\\/secousse-tellurique-de-magnitude-52-dans-la-province-de-ouezzane-pas-de-degats-constates\\\/\",\"name\":\"Secousse tellurique de magnitude 5,2 dans la province de Ouezzane, pas de d\u00e9g\u00e2ts constat\u00e9s - Dpress.ma\\\/fr\",\"isPartOf\":{\"@id\":\"https:\\\/\\\/dpress.ma\\\/fr\\\/#website\"},\"primaryImageOfPage\":{\"@id\":\"https:\\\/\\\/dpress.ma\\\/fr\\\/2025\\\/02\\\/11\\\/secousse-tellurique-de-magnitude-52-dans-la-province-de-ouezzane-pas-de-degats-constates\\\/#primaryimage\"},\"image\":{\"@id\":\"https:\\\/\\\/dpress.ma\\\/fr\\\/2025\\\/02\\\/11\\\/secousse-tellurique-de-magnitude-52-dans-la-province-de-ouezzane-pas-de-degats-constates\\\/#primaryimage\"},\"thumbnailUrl\":\"https:\\\/\\\/dpress.ma\\\/fr\\\/wp-content\\\/uploads\\\/sites\\\/2\\\/2025\\\/02\\\/dprees-dim-17.png\",\"datePublished\":\"2025-02-11T08:49:41+00:00\",\"dateModified\":\"2025-02-11T08:49:42+00:00\",\"author\":{\"@id\":\"https:\\\/\\\/dpress.ma\\\/fr\\\/#\\\/schema\\\/person\\\/4898febf3ccd59e6578d838656a306a0\"},\"breadcrumb\":{\"@id\":\"https:\\\/\\\/dpress.ma\\\/fr\\\/2025\\\/02\\\/11\\\/secousse-tellurique-de-magnitude-52-dans-la-province-de-ouezzane-pas-de-degats-constates\\\/#breadcrumb\"},\"inLanguage\":\"fr-FR\",\"potentialAction\":[{\"@type\":\"ReadAction\",\"target\":[\"https:\\\/\\\/dpress.ma\\\/fr\\\/2025\\\/02\\\/11\\\/secousse-tellurique-de-magnitude-52-dans-la-province-de-ouezzane-pas-de-degats-constates\\\/\"]}]},{\"@type\":\"ImageObject\",\"inLanguage\":\"fr-FR\",\"@id\":\"https:\\\/\\\/dpress.ma\\\/fr\\\/2025\\\/02\\\/11\\\/secousse-tellurique-de-magnitude-52-dans-la-province-de-ouezzane-pas-de-degats-constates\\\/#primaryimage\",\"url\":\"https:\\\/\\\/dpress.ma\\\/fr\\\/wp-content\\\/uploads\\\/sites\\\/2\\\/2025\\\/02\\\/dprees-dim-17.png\",\"contentUrl\":\"https:\\\/\\\/dpress.ma\\\/fr\\\/wp-content\\\/uploads\\\/sites\\\/2\\\/2025\\\/02\\\/dprees-dim-17.png\",\"width\":780,\"height\":470},{\"@type\":\"BreadcrumbList\",\"@id\":\"https:\\\/\\\/dpress.ma\\\/fr\\\/2025\\\/02\\\/11\\\/secousse-tellurique-de-magnitude-52-dans-la-province-de-ouezzane-pas-de-degats-constates\\\/#breadcrumb\",\"itemListElement\":[{\"@type\":\"ListItem\",\"position\":1,\"name\":\"Home\",\"item\":\"https:\\\/\\\/dpress.ma\\\/fr\\\/\"},{\"@type\":\"ListItem\",\"position\":2,\"name\":\"Secousse tellurique de magnitude 5,2 dans la province de Ouezzane, pas de d\u00e9g\u00e2ts constat\u00e9s\"}]},{\"@type\":\"WebSite\",\"@id\":\"https:\\\/\\\/dpress.ma\\\/fr\\\/#website\",\"url\":\"https:\\\/\\\/dpress.ma\\\/fr\\\/\",\"name\":\"Dpress.ma\\\/fr\",\"description\":\"\",\"potentialAction\":[{\"@type\":\"SearchAction\",\"target\":{\"@type\":\"EntryPoint\",\"urlTemplate\":\"https:\\\/\\\/dpress.ma\\\/fr\\\/?s={search_term_string}\"},\"query-input\":{\"@type\":\"PropertyValueSpecification\",\"valueRequired\":true,\"valueName\":\"search_term_string\"}}],\"inLanguage\":\"fr-FR\"},{\"@type\":\"Person\",\"@id\":\"https:\\\/\\\/dpress.ma\\\/fr\\\/#\\\/schema\\\/person\\\/4898febf3ccd59e6578d838656a306a0\",\"name\":\"Dpress.ma\",\"image\":{\"@type\":\"ImageObject\",\"inLanguage\":\"fr-FR\",\"@id\":\"https:\\\/\\\/secure.gravatar.com\\\/avatar\\\/72ecc30e9db047a2e0e7176561eb9d564ed77c8108376495b19bd8336405198a?s=96&d=mm&r=g\",\"url\":\"https:\\\/\\\/secure.gravatar.com\\\/avatar\\\/72ecc30e9db047a2e0e7176561eb9d564ed77c8108376495b19bd8336405198a?s=96&d=mm&r=g\",\"contentUrl\":\"https:\\\/\\\/secure.gravatar.com\\\/avatar\\\/72ecc30e9db047a2e0e7176561eb9d564ed77c8108376495b19bd8336405198a?s=96&d=mm&r=g\",\"caption\":\"Dpress.ma\"},\"sameAs\":[\"https:\\\/\\\/www.dpress.ma\"],\"url\":\"https:\\\/\\\/dpress.ma\\\/fr\\\/author\\\/dpress-ma\\\/\"}]}<\/script>\n<!-- \/ Yoast SEO plugin. -->","yoast_head_json":{"title":"Secousse tellurique de magnitude 5,2 dans la province de Ouezzane, pas de d\u00e9g\u00e2ts constat\u00e9s - Dpress.ma\/fr","robots":{"index":"index","follow":"follow","max-snippet":"max-snippet:-1","max-image-preview":"max-image-preview:large","max-video-preview":"max-video-preview:-1"},"canonical":"https:\/\/dpress.ma\/fr\/2025\/02\/11\/secousse-tellurique-de-magnitude-52-dans-la-province-de-ouezzane-pas-de-degats-constates\/","og_locale":"fr_FR","og_type":"article","og_title":"Secousse tellurique de magnitude 5,2 dans la province de Ouezzane, pas de d\u00e9g\u00e2ts constat\u00e9s - Dpress.ma\/fr","og_description":"dpress Une secousse tellurique de magnitude 5,2 sur l\u2019\u00e9chelle de Richter a frapp\u00e9, lundi soir, la province de Ouezzane, a annonc\u00e9 l\u2019Institut national de G\u00e9ophysique. L\u2019\u00e9picentre&nbsp;du s\u00e9isme, survenu \u00e0 une profondeur de 20 kilom\u00e8tres, a \u00e9t\u00e9 localis\u00e9 \u00e0 34.954 degr\u00e9s de latitude Nord et 5.635 degr\u00e9s de longitude ouest, a pr\u00e9cis\u00e9 l\u2019ING. La secousse, dont &hellip;","og_url":"https:\/\/dpress.ma\/fr\/2025\/02\/11\/secousse-tellurique-de-magnitude-52-dans-la-province-de-ouezzane-pas-de-degats-constates\/","og_site_name":"Dpress.ma\/fr","article_published_time":"2025-02-11T08:49:41+00:00","article_modified_time":"2025-02-11T08:49:42+00:00","og_image":[{"width":780,"height":470,"url":"https:\/\/dpress.ma\/fr\/wp-content\/uploads\/sites\/2\/2025\/02\/dprees-dim-17.png","type":"image\/png"}],"author":"Dpress.ma","twitter_card":"summary_large_image","twitter_misc":{"\u00c9crit par":"Dpress.ma","Dur\u00e9e de lecture estim\u00e9e":"1 minute"},"schema":{"@context":"https:\/\/schema.org","@graph":[{"@type":"Article","@id":"https:\/\/dpress.ma\/fr\/2025\/02\/11\/secousse-tellurique-de-magnitude-52-dans-la-province-de-ouezzane-pas-de-degats-constates\/#article","isPartOf":{"@id":"https:\/\/dpress.ma\/fr\/2025\/02\/11\/secousse-tellurique-de-magnitude-52-dans-la-province-de-ouezzane-pas-de-degats-constates\/"},"author":{"name":"Dpress.ma","@id":"https:\/\/dpress.ma\/fr\/#\/schema\/person\/4898febf3ccd59e6578d838656a306a0"},"headline":"Secousse tellurique de magnitude 5,2 dans la province de Ouezzane, pas de d\u00e9g\u00e2ts constat\u00e9s","datePublished":"2025-02-11T08:49:41+00:00","dateModified":"2025-02-11T08:49:42+00:00","mainEntityOfPage":{"@id":"https:\/\/dpress.ma\/fr\/2025\/02\/11\/secousse-tellurique-de-magnitude-52-dans-la-province-de-ouezzane-pas-de-degats-constates\/"},"wordCount":127,"commentCount":0,"image":{"@id":"https:\/\/dpress.ma\/fr\/2025\/02\/11\/secousse-tellurique-de-magnitude-52-dans-la-province-de-ouezzane-pas-de-degats-constates\/#primaryimage"},"thumbnailUrl":"https:\/\/dpress.ma\/fr\/wp-content\/uploads\/sites\/2\/2025\/02\/dprees-dim-17.png","articleSection":["societe et regions"],"inLanguage":"fr-FR","potentialAction":[{"@type":"CommentAction","name":"Comment","target":["https:\/\/dpress.ma\/fr\/2025\/02\/11\/secousse-tellurique-de-magnitude-52-dans-la-province-de-ouezzane-pas-de-degats-constates\/#respond"]}]},{"@type":"WebPage","@id":"https:\/\/dpress.ma\/fr\/2025\/02\/11\/secousse-tellurique-de-magnitude-52-dans-la-province-de-ouezzane-pas-de-degats-constates\/","url":"https:\/\/dpress.ma\/fr\/2025\/02\/11\/secousse-tellurique-de-magnitude-52-dans-la-province-de-ouezzane-pas-de-degats-constates\/","name":"Secousse tellurique de magnitude 5,2 dans la province de Ouezzane, pas de d\u00e9g\u00e2ts constat\u00e9s - Dpress.ma\/fr","isPartOf":{"@id":"https:\/\/dpress.ma\/fr\/#website"},"primaryImageOfPage":{"@id":"https:\/\/dpress.ma\/fr\/2025\/02\/11\/secousse-tellurique-de-magnitude-52-dans-la-province-de-ouezzane-pas-de-degats-constates\/#primaryimage"},"image":{"@id":"https:\/\/dpress.ma\/fr\/2025\/02\/11\/secousse-tellurique-de-magnitude-52-dans-la-province-de-ouezzane-pas-de-degats-constates\/#primaryimage"},"thumbnailUrl":"https:\/\/dpress.ma\/fr\/wp-content\/uploads\/sites\/2\/2025\/02\/dprees-dim-17.png","datePublished":"2025-02-11T08:49:41+00:00","dateModified":"2025-02-11T08:49:42+00:00","author":{"@id":"https:\/\/dpress.ma\/fr\/#\/schema\/person\/4898febf3ccd59e6578d838656a306a0"},"breadcrumb":{"@id":"https:\/\/dpress.ma\/fr\/2025\/02\/11\/secousse-tellurique-de-magnitude-52-dans-la-province-de-ouezzane-pas-de-degats-constates\/#breadcrumb"},"inLanguage":"fr-FR","potentialAction":[{"@type":"ReadAction","target":["https:\/\/dpress.ma\/fr\/2025\/02\/11\/secousse-tellurique-de-magnitude-52-dans-la-province-de-ouezzane-pas-de-degats-constates\/"]}]},{"@type":"ImageObject","inLanguage":"fr-FR","@id":"https:\/\/dpress.ma\/fr\/2025\/02\/11\/secousse-tellurique-de-magnitude-52-dans-la-province-de-ouezzane-pas-de-degats-constates\/#primaryimage","url":"https:\/\/dpress.ma\/fr\/wp-content\/uploads\/sites\/2\/2025\/02\/dprees-dim-17.png","contentUrl":"https:\/\/dpress.ma\/fr\/wp-content\/uploads\/sites\/2\/2025\/02\/dprees-dim-17.png","width":780,"height":470},{"@type":"BreadcrumbList","@id":"https:\/\/dpress.ma\/fr\/2025\/02\/11\/secousse-tellurique-de-magnitude-52-dans-la-province-de-ouezzane-pas-de-degats-constates\/#breadcrumb","itemListElement":[{"@type":"ListItem","position":1,"name":"Home","item":"https:\/\/dpress.ma\/fr\/"},{"@type":"ListItem","position":2,"name":"Secousse tellurique de magnitude 5,2 dans la province de Ouezzane, pas de d\u00e9g\u00e2ts constat\u00e9s"}]},{"@type":"WebSite","@id":"https:\/\/dpress.ma\/fr\/#website","url":"https:\/\/dpress.ma\/fr\/","name":"Dpress.ma\/fr","description":"","potentialAction":[{"@type":"SearchAction","target":{"@type":"EntryPoint","urlTemplate":"https:\/\/dpress.ma\/fr\/?s={search_term_string}"},"query-input":{"@type":"PropertyValueSpecification","valueRequired":true,"valueName":"search_term_string"}}],"inLanguage":"fr-FR"},{"@type":"Person","@id":"https:\/\/dpress.ma\/fr\/#\/schema\/person\/4898febf3ccd59e6578d838656a306a0","name":"Dpress.ma","image":{"@type":"ImageObject","inLanguage":"fr-FR","@id":"https:\/\/secure.gravatar.com\/avatar\/72ecc30e9db047a2e0e7176561eb9d564ed77c8108376495b19bd8336405198a?s=96&d=mm&r=g","url":"https:\/\/secure.gravatar.com\/avatar\/72ecc30e9db047a2e0e7176561eb9d564ed77c8108376495b19bd8336405198a?s=96&d=mm&r=g","contentUrl":"https:\/\/secure.gravatar.com\/avatar\/72ecc30e9db047a2e0e7176561eb9d564ed77c8108376495b19bd8336405198a?s=96&d=mm&r=g","caption":"Dpress.ma"},"sameAs":["https:\/\/www.dpress.ma"],"url":"https:\/\/dpress.ma\/fr\/author\/dpress-ma\/"}]}},"amp_enabled":true,"_links":{"self":[{"href":"https:\/\/dpress.ma\/fr\/wp-json\/wp\/v2\/posts\/12655","targetHints":{"allow":["GET"]}}],"collection":[{"href":"https:\/\/dpress.ma\/fr\/wp-json\/wp\/v2\/posts"}],"about":[{"href":"https:\/\/dpress.ma\/fr\/wp-json\/wp\/v2\/types\/post"}],"author":[{"embeddable":true,"href":"https:\/\/dpress.ma\/fr\/wp-json\/wp\/v2\/users\/2"}],"replies":[{"embeddable":true,"href":"https:\/\/dpress.ma\/fr\/wp-json\/wp\/v2\/comments?post=12655"}],"version-history":[{"count":1,"href":"https:\/\/dpress.ma\/fr\/wp-json\/wp\/v2\/posts\/12655\/revisions"}],"predecessor-version":[{"id":12657,"href":"https:\/\/dpress.ma\/fr\/wp-json\/wp\/v2\/posts\/12655\/revisions\/12657"}],"wp:featuredmedia":[{"embeddable":true,"href":"https:\/\/dpress.ma\/fr\/wp-json\/wp\/v2\/media\/12656"}],"wp:attachment":[{"href":"https:\/\/dpress.ma\/fr\/wp-json\/wp\/v2\/media?parent=12655"}],"wp:term":[{"taxonomy":"category","embeddable":true,"href":"https:\/\/dpress.ma\/fr\/wp-json\/wp\/v2\/categories?post=12655"},{"taxonomy":"post_tag","embeddable":true,"href":"https:\/\/dpress.ma\/fr\/wp-json\/wp\/v2\/tags?post=12655"}],"curies":[{"name":"wp","href":"https:\/\/api.w.org\/{rel}","templated":true}]}}