{"id":12652,"date":"2025-02-11T08:47:48","date_gmt":"2025-02-11T08:47:48","guid":{"rendered":"https:\/\/dpress.ma\/fr\/?p=12652"},"modified":"2025-02-11T08:47:49","modified_gmt":"2025-02-11T08:47:49","slug":"essaouira-la-cite-des-alizes-qui-serige-en-centre-dart-et-de-design","status":"publish","type":"post","link":"https:\/\/dpress.ma\/fr\/2025\/02\/11\/essaouira-la-cite-des-alizes-qui-serige-en-centre-dart-et-de-design\/","title":{"rendered":"Essaouira, la cit\u00e9 des Aliz\u00e9s qui s\u2019\u00e9rige en centre d\u2019art et de design"},"content":{"rendered":"\n<p>dpress<\/p>\n\n\n\n<p>&nbsp;Essaouira, la cit\u00e9 des Aliz\u00e9s qui attire des voyageurs des quatre coins du monde d\u00e9sireux de s\u2019impr\u00e9gner de son \u00e9nergie cr\u00e9ative et son atmosph\u00e8re d\u00e9contract\u00e9e, s\u2019\u00e9rige aujourd\u2019hui comme un centre d\u2019art et de design, \u00e9crit le m\u00e9dia am\u00e9ricain \u201cNational Geographic\u201d.<\/p>\n\n\n\n<p>Au fil des si\u00e8cles, les vents atlantiques ont apport\u00e9 des influences fran\u00e7aises, portugaises, espagnoles et m\u00eame britanniques, qui se sont m\u00eal\u00e9es aux traditions arabes et amazighes pour faire de cette ville un lieu d\u2019art et de design, rel\u00e8ve l\u2019auteure du reportage, Karlina Valeiko.<\/p>\n\n\n\n<p>Essaouira, une \u00e9tape \u201cincontournable\u201d sur la route des hippies des ann\u00e9es 1960 et 1970, vit aujourd\u2019hui aux rythmes du festival Gnaoua, rendez-vous incontournable de la sc\u00e8ne artistique au Maroc, ajoute-t-elle.<\/p>\n\n\n\n<p>Trois jours durant au mois de juin, la ville atlantique gratifie ses visiteurs par des sons des luths, des castagnettes rythmiques et des voix hypnotiques qui emplissent les rues et les places lors du Festival Gnaoua et musiques du monde.<\/p>\n\n\n\n<p>\u201cComme les cinq imposantes portes, ou babs, qui se dressent \u00e0 l\u2019entr\u00e9e de l\u2019ancienne m\u00e9dina, ces rythmes spirituels font office de portails vers le pass\u00e9 du Maroc\u201d, \u00e9crit la journaliste dans cet article sous le titre: \u201cPourquoi Essaouira est incontournable pendant toute visite au Maroc\u201d.<\/p>\n\n\n\n<p>\u201cDes si\u00e8cles d\u2019\u00e9changes culturels ont fait de cette ville marocaine un havre pour les amateurs de gastronomie, de musique et de design. Laissez ses vents vous emporter vers la c\u00f4te, o\u00f9 une sc\u00e8ne artistique profond\u00e9ment enracin\u00e9e c\u00e8de la place \u00e0 un surf l\u00e9gendaire\u201d, lit-on dans la rubrique voyage du c\u00e9l\u00e8bre magazine am\u00e9ricain.<\/p>\n\n\n\n<p>Entre les ruelles de la m\u00e9dina, class\u00e9es patrimoine mondial par l\u2019UNESCO, la tradition culinaire mill\u00e9naire \u00e9pousant parfaitement des influences mondiales, et les avenues modernes, Essaouira a de quoi s\u00e9duire tout visiteur, \u00e9crit le National Geographic.<\/p>\n\n\n\n<p>La cit\u00e9 des Aliz\u00e9s est un v\u00e9ritable creuset d\u2019art et de culture, poursuit l\u2019auteure de l\u2019article, qui d\u00e9crit les immenses riads centenaires, les galeries et les ateliers d\u2019arts, les lieux de culte qui renseignent sur son inclusivit\u00e9, les vieilles kasbahs qui renferment une riche histoire, et les march\u00e9s effervescents, un ensemble enrob\u00e9 de saveurs de la sc\u00e8ne artistique et du design local.<\/p>\n\n\n\n<p>Pour les amateurs et les professionnels du windsurf et du kite-surf, Essaouira s\u2019est impos\u00e9e aussi comme destination de choix de ces disciplines depuis les ann\u00e9es 1960, souligne le magazine qui recommande \u00e9galement ses plages \u00e9tendues pour les amoureux de marche.<\/p>\n\n\n\n<p>La publication souligne, par ailleurs, que la destination est bien desservie tant par avion via son a\u00e9roport international Essaouira Mogador, que par le r\u00e9seau routier.<\/p>\n","protected":false},"excerpt":{"rendered":"<p>dpress &nbsp;Essaouira, la cit\u00e9 des Aliz\u00e9s qui attire des voyageurs des quatre coins du monde d\u00e9sireux de s\u2019impr\u00e9gner de son \u00e9nergie cr\u00e9ative et son atmosph\u00e8re d\u00e9contract\u00e9e, s\u2019\u00e9rige aujourd\u2019hui comme un centre d\u2019art et de design, \u00e9crit le m\u00e9dia am\u00e9ricain \u201cNational Geographic\u201d. Au fil des si\u00e8cles, les vents atlantiques ont apport\u00e9 des influences fran\u00e7aises, portugaises, espagnoles &hellip;<\/p>\n","protected":false},"author":2,"featured_media":12653,"comment_status":"open","ping_status":"open","sticky":false,"template":"","format":"standard","meta":{"footnotes":""},"categories":[40],"tags":[],"class_list":["post-12652","post","type-post","status-publish","format-standard","has-post-thumbnail","hentry","category-societe-et-regions"],"yoast_head":"<!-- This site is optimized with the Yoast SEO plugin v27.5 - https:\/\/yoast.com\/product\/yoast-seo-wordpress\/ -->\n<title>Essaouira, la cit\u00e9 des Aliz\u00e9s qui s\u2019\u00e9rige en centre d\u2019art et de design - Dpress.ma\/fr<\/title>\n<meta name=\"robots\" content=\"index, follow, max-snippet:-1, max-image-preview:large, max-video-preview:-1\" \/>\n<link rel=\"canonical\" href=\"https:\/\/dpress.ma\/fr\/2025\/02\/11\/essaouira-la-cite-des-alizes-qui-serige-en-centre-dart-et-de-design\/\" \/>\n<meta property=\"og:locale\" content=\"fr_FR\" \/>\n<meta property=\"og:type\" content=\"article\" \/>\n<meta property=\"og:title\" content=\"Essaouira, la cit\u00e9 des Aliz\u00e9s qui s\u2019\u00e9rige en centre d\u2019art et de design - Dpress.ma\/fr\" \/>\n<meta property=\"og:description\" content=\"dpress &nbsp;Essaouira, la cit\u00e9 des Aliz\u00e9s qui attire des voyageurs des quatre coins du monde d\u00e9sireux de s\u2019impr\u00e9gner de son \u00e9nergie cr\u00e9ative et son atmosph\u00e8re d\u00e9contract\u00e9e, s\u2019\u00e9rige aujourd\u2019hui comme un centre d\u2019art et de design, \u00e9crit le m\u00e9dia am\u00e9ricain \u201cNational Geographic\u201d. Au fil des si\u00e8cles, les vents atlantiques ont apport\u00e9 des influences fran\u00e7aises, portugaises, espagnoles &hellip;\" \/>\n<meta property=\"og:url\" content=\"https:\/\/dpress.ma\/fr\/2025\/02\/11\/essaouira-la-cite-des-alizes-qui-serige-en-centre-dart-et-de-design\/\" \/>\n<meta property=\"og:site_name\" content=\"Dpress.ma\/fr\" \/>\n<meta property=\"article:published_time\" content=\"2025-02-11T08:47:48+00:00\" \/>\n<meta property=\"article:modified_time\" content=\"2025-02-11T08:47:49+00:00\" \/>\n<meta property=\"og:image\" content=\"https:\/\/dpress.ma\/fr\/wp-content\/uploads\/sites\/2\/2025\/02\/dprees-dim-16.png\" \/>\n\t<meta property=\"og:image:width\" content=\"780\" \/>\n\t<meta property=\"og:image:height\" content=\"470\" \/>\n\t<meta property=\"og:image:type\" content=\"image\/png\" \/>\n<meta name=\"author\" content=\"Dpress.ma\" \/>\n<meta name=\"twitter:card\" content=\"summary_large_image\" \/>\n<meta name=\"twitter:label1\" content=\"\u00c9crit par\" \/>\n\t<meta name=\"twitter:data1\" content=\"Dpress.ma\" \/>\n\t<meta name=\"twitter:label2\" content=\"Dur\u00e9e de lecture estim\u00e9e\" \/>\n\t<meta name=\"twitter:data2\" content=\"3 minutes\" \/>\n<script type=\"application\/ld+json\" class=\"yoast-schema-graph\">{\"@context\":\"https:\\\/\\\/schema.org\",\"@graph\":[{\"@type\":\"Article\",\"@id\":\"https:\\\/\\\/dpress.ma\\\/fr\\\/2025\\\/02\\\/11\\\/essaouira-la-cite-des-alizes-qui-serige-en-centre-dart-et-de-design\\\/#article\",\"isPartOf\":{\"@id\":\"https:\\\/\\\/dpress.ma\\\/fr\\\/2025\\\/02\\\/11\\\/essaouira-la-cite-des-alizes-qui-serige-en-centre-dart-et-de-design\\\/\"},\"author\":{\"name\":\"Dpress.ma\",\"@id\":\"https:\\\/\\\/dpress.ma\\\/fr\\\/#\\\/schema\\\/person\\\/4898febf3ccd59e6578d838656a306a0\"},\"headline\":\"Essaouira, la cit\u00e9 des Aliz\u00e9s qui s\u2019\u00e9rige en centre d\u2019art et de design\",\"datePublished\":\"2025-02-11T08:47:48+00:00\",\"dateModified\":\"2025-02-11T08:47:49+00:00\",\"mainEntityOfPage\":{\"@id\":\"https:\\\/\\\/dpress.ma\\\/fr\\\/2025\\\/02\\\/11\\\/essaouira-la-cite-des-alizes-qui-serige-en-centre-dart-et-de-design\\\/\"},\"wordCount\":483,\"commentCount\":0,\"image\":{\"@id\":\"https:\\\/\\\/dpress.ma\\\/fr\\\/2025\\\/02\\\/11\\\/essaouira-la-cite-des-alizes-qui-serige-en-centre-dart-et-de-design\\\/#primaryimage\"},\"thumbnailUrl\":\"https:\\\/\\\/dpress.ma\\\/fr\\\/wp-content\\\/uploads\\\/sites\\\/2\\\/2025\\\/02\\\/dprees-dim-16.png\",\"articleSection\":[\"societe et regions\"],\"inLanguage\":\"fr-FR\",\"potentialAction\":[{\"@type\":\"CommentAction\",\"name\":\"Comment\",\"target\":[\"https:\\\/\\\/dpress.ma\\\/fr\\\/2025\\\/02\\\/11\\\/essaouira-la-cite-des-alizes-qui-serige-en-centre-dart-et-de-design\\\/#respond\"]}]},{\"@type\":\"WebPage\",\"@id\":\"https:\\\/\\\/dpress.ma\\\/fr\\\/2025\\\/02\\\/11\\\/essaouira-la-cite-des-alizes-qui-serige-en-centre-dart-et-de-design\\\/\",\"url\":\"https:\\\/\\\/dpress.ma\\\/fr\\\/2025\\\/02\\\/11\\\/essaouira-la-cite-des-alizes-qui-serige-en-centre-dart-et-de-design\\\/\",\"name\":\"Essaouira, la cit\u00e9 des Aliz\u00e9s qui s\u2019\u00e9rige en centre d\u2019art et de design - Dpress.ma\\\/fr\",\"isPartOf\":{\"@id\":\"https:\\\/\\\/dpress.ma\\\/fr\\\/#website\"},\"primaryImageOfPage\":{\"@id\":\"https:\\\/\\\/dpress.ma\\\/fr\\\/2025\\\/02\\\/11\\\/essaouira-la-cite-des-alizes-qui-serige-en-centre-dart-et-de-design\\\/#primaryimage\"},\"image\":{\"@id\":\"https:\\\/\\\/dpress.ma\\\/fr\\\/2025\\\/02\\\/11\\\/essaouira-la-cite-des-alizes-qui-serige-en-centre-dart-et-de-design\\\/#primaryimage\"},\"thumbnailUrl\":\"https:\\\/\\\/dpress.ma\\\/fr\\\/wp-content\\\/uploads\\\/sites\\\/2\\\/2025\\\/02\\\/dprees-dim-16.png\",\"datePublished\":\"2025-02-11T08:47:48+00:00\",\"dateModified\":\"2025-02-11T08:47:49+00:00\",\"author\":{\"@id\":\"https:\\\/\\\/dpress.ma\\\/fr\\\/#\\\/schema\\\/person\\\/4898febf3ccd59e6578d838656a306a0\"},\"breadcrumb\":{\"@id\":\"https:\\\/\\\/dpress.ma\\\/fr\\\/2025\\\/02\\\/11\\\/essaouira-la-cite-des-alizes-qui-serige-en-centre-dart-et-de-design\\\/#breadcrumb\"},\"inLanguage\":\"fr-FR\",\"potentialAction\":[{\"@type\":\"ReadAction\",\"target\":[\"https:\\\/\\\/dpress.ma\\\/fr\\\/2025\\\/02\\\/11\\\/essaouira-la-cite-des-alizes-qui-serige-en-centre-dart-et-de-design\\\/\"]}]},{\"@type\":\"ImageObject\",\"inLanguage\":\"fr-FR\",\"@id\":\"https:\\\/\\\/dpress.ma\\\/fr\\\/2025\\\/02\\\/11\\\/essaouira-la-cite-des-alizes-qui-serige-en-centre-dart-et-de-design\\\/#primaryimage\",\"url\":\"https:\\\/\\\/dpress.ma\\\/fr\\\/wp-content\\\/uploads\\\/sites\\\/2\\\/2025\\\/02\\\/dprees-dim-16.png\",\"contentUrl\":\"https:\\\/\\\/dpress.ma\\\/fr\\\/wp-content\\\/uploads\\\/sites\\\/2\\\/2025\\\/02\\\/dprees-dim-16.png\",\"width\":780,\"height\":470},{\"@type\":\"BreadcrumbList\",\"@id\":\"https:\\\/\\\/dpress.ma\\\/fr\\\/2025\\\/02\\\/11\\\/essaouira-la-cite-des-alizes-qui-serige-en-centre-dart-et-de-design\\\/#breadcrumb\",\"itemListElement\":[{\"@type\":\"ListItem\",\"position\":1,\"name\":\"Home\",\"item\":\"https:\\\/\\\/dpress.ma\\\/fr\\\/\"},{\"@type\":\"ListItem\",\"position\":2,\"name\":\"Essaouira, la cit\u00e9 des Aliz\u00e9s qui s\u2019\u00e9rige en centre d\u2019art et de design\"}]},{\"@type\":\"WebSite\",\"@id\":\"https:\\\/\\\/dpress.ma\\\/fr\\\/#website\",\"url\":\"https:\\\/\\\/dpress.ma\\\/fr\\\/\",\"name\":\"Dpress.ma\\\/fr\",\"description\":\"\",\"potentialAction\":[{\"@type\":\"SearchAction\",\"target\":{\"@type\":\"EntryPoint\",\"urlTemplate\":\"https:\\\/\\\/dpress.ma\\\/fr\\\/?s={search_term_string}\"},\"query-input\":{\"@type\":\"PropertyValueSpecification\",\"valueRequired\":true,\"valueName\":\"search_term_string\"}}],\"inLanguage\":\"fr-FR\"},{\"@type\":\"Person\",\"@id\":\"https:\\\/\\\/dpress.ma\\\/fr\\\/#\\\/schema\\\/person\\\/4898febf3ccd59e6578d838656a306a0\",\"name\":\"Dpress.ma\",\"image\":{\"@type\":\"ImageObject\",\"inLanguage\":\"fr-FR\",\"@id\":\"https:\\\/\\\/secure.gravatar.com\\\/avatar\\\/72ecc30e9db047a2e0e7176561eb9d564ed77c8108376495b19bd8336405198a?s=96&d=mm&r=g\",\"url\":\"https:\\\/\\\/secure.gravatar.com\\\/avatar\\\/72ecc30e9db047a2e0e7176561eb9d564ed77c8108376495b19bd8336405198a?s=96&d=mm&r=g\",\"contentUrl\":\"https:\\\/\\\/secure.gravatar.com\\\/avatar\\\/72ecc30e9db047a2e0e7176561eb9d564ed77c8108376495b19bd8336405198a?s=96&d=mm&r=g\",\"caption\":\"Dpress.ma\"},\"sameAs\":[\"https:\\\/\\\/www.dpress.ma\"],\"url\":\"https:\\\/\\\/dpress.ma\\\/fr\\\/author\\\/dpress-ma\\\/\"}]}<\/script>\n<!-- \/ Yoast SEO plugin. -->","yoast_head_json":{"title":"Essaouira, la cit\u00e9 des Aliz\u00e9s qui s\u2019\u00e9rige en centre d\u2019art et de design - Dpress.ma\/fr","robots":{"index":"index","follow":"follow","max-snippet":"max-snippet:-1","max-image-preview":"max-image-preview:large","max-video-preview":"max-video-preview:-1"},"canonical":"https:\/\/dpress.ma\/fr\/2025\/02\/11\/essaouira-la-cite-des-alizes-qui-serige-en-centre-dart-et-de-design\/","og_locale":"fr_FR","og_type":"article","og_title":"Essaouira, la cit\u00e9 des Aliz\u00e9s qui s\u2019\u00e9rige en centre d\u2019art et de design - Dpress.ma\/fr","og_description":"dpress &nbsp;Essaouira, la cit\u00e9 des Aliz\u00e9s qui attire des voyageurs des quatre coins du monde d\u00e9sireux de s\u2019impr\u00e9gner de son \u00e9nergie cr\u00e9ative et son atmosph\u00e8re d\u00e9contract\u00e9e, s\u2019\u00e9rige aujourd\u2019hui comme un centre d\u2019art et de design, \u00e9crit le m\u00e9dia am\u00e9ricain \u201cNational Geographic\u201d. Au fil des si\u00e8cles, les vents atlantiques ont apport\u00e9 des influences fran\u00e7aises, portugaises, espagnoles &hellip;","og_url":"https:\/\/dpress.ma\/fr\/2025\/02\/11\/essaouira-la-cite-des-alizes-qui-serige-en-centre-dart-et-de-design\/","og_site_name":"Dpress.ma\/fr","article_published_time":"2025-02-11T08:47:48+00:00","article_modified_time":"2025-02-11T08:47:49+00:00","og_image":[{"width":780,"height":470,"url":"https:\/\/dpress.ma\/fr\/wp-content\/uploads\/sites\/2\/2025\/02\/dprees-dim-16.png","type":"image\/png"}],"author":"Dpress.ma","twitter_card":"summary_large_image","twitter_misc":{"\u00c9crit par":"Dpress.ma","Dur\u00e9e de lecture estim\u00e9e":"3 minutes"},"schema":{"@context":"https:\/\/schema.org","@graph":[{"@type":"Article","@id":"https:\/\/dpress.ma\/fr\/2025\/02\/11\/essaouira-la-cite-des-alizes-qui-serige-en-centre-dart-et-de-design\/#article","isPartOf":{"@id":"https:\/\/dpress.ma\/fr\/2025\/02\/11\/essaouira-la-cite-des-alizes-qui-serige-en-centre-dart-et-de-design\/"},"author":{"name":"Dpress.ma","@id":"https:\/\/dpress.ma\/fr\/#\/schema\/person\/4898febf3ccd59e6578d838656a306a0"},"headline":"Essaouira, la cit\u00e9 des Aliz\u00e9s qui s\u2019\u00e9rige en centre d\u2019art et de design","datePublished":"2025-02-11T08:47:48+00:00","dateModified":"2025-02-11T08:47:49+00:00","mainEntityOfPage":{"@id":"https:\/\/dpress.ma\/fr\/2025\/02\/11\/essaouira-la-cite-des-alizes-qui-serige-en-centre-dart-et-de-design\/"},"wordCount":483,"commentCount":0,"image":{"@id":"https:\/\/dpress.ma\/fr\/2025\/02\/11\/essaouira-la-cite-des-alizes-qui-serige-en-centre-dart-et-de-design\/#primaryimage"},"thumbnailUrl":"https:\/\/dpress.ma\/fr\/wp-content\/uploads\/sites\/2\/2025\/02\/dprees-dim-16.png","articleSection":["societe et regions"],"inLanguage":"fr-FR","potentialAction":[{"@type":"CommentAction","name":"Comment","target":["https:\/\/dpress.ma\/fr\/2025\/02\/11\/essaouira-la-cite-des-alizes-qui-serige-en-centre-dart-et-de-design\/#respond"]}]},{"@type":"WebPage","@id":"https:\/\/dpress.ma\/fr\/2025\/02\/11\/essaouira-la-cite-des-alizes-qui-serige-en-centre-dart-et-de-design\/","url":"https:\/\/dpress.ma\/fr\/2025\/02\/11\/essaouira-la-cite-des-alizes-qui-serige-en-centre-dart-et-de-design\/","name":"Essaouira, la cit\u00e9 des Aliz\u00e9s qui s\u2019\u00e9rige en centre d\u2019art et de design - Dpress.ma\/fr","isPartOf":{"@id":"https:\/\/dpress.ma\/fr\/#website"},"primaryImageOfPage":{"@id":"https:\/\/dpress.ma\/fr\/2025\/02\/11\/essaouira-la-cite-des-alizes-qui-serige-en-centre-dart-et-de-design\/#primaryimage"},"image":{"@id":"https:\/\/dpress.ma\/fr\/2025\/02\/11\/essaouira-la-cite-des-alizes-qui-serige-en-centre-dart-et-de-design\/#primaryimage"},"thumbnailUrl":"https:\/\/dpress.ma\/fr\/wp-content\/uploads\/sites\/2\/2025\/02\/dprees-dim-16.png","datePublished":"2025-02-11T08:47:48+00:00","dateModified":"2025-02-11T08:47:49+00:00","author":{"@id":"https:\/\/dpress.ma\/fr\/#\/schema\/person\/4898febf3ccd59e6578d838656a306a0"},"breadcrumb":{"@id":"https:\/\/dpress.ma\/fr\/2025\/02\/11\/essaouira-la-cite-des-alizes-qui-serige-en-centre-dart-et-de-design\/#breadcrumb"},"inLanguage":"fr-FR","potentialAction":[{"@type":"ReadAction","target":["https:\/\/dpress.ma\/fr\/2025\/02\/11\/essaouira-la-cite-des-alizes-qui-serige-en-centre-dart-et-de-design\/"]}]},{"@type":"ImageObject","inLanguage":"fr-FR","@id":"https:\/\/dpress.ma\/fr\/2025\/02\/11\/essaouira-la-cite-des-alizes-qui-serige-en-centre-dart-et-de-design\/#primaryimage","url":"https:\/\/dpress.ma\/fr\/wp-content\/uploads\/sites\/2\/2025\/02\/dprees-dim-16.png","contentUrl":"https:\/\/dpress.ma\/fr\/wp-content\/uploads\/sites\/2\/2025\/02\/dprees-dim-16.png","width":780,"height":470},{"@type":"BreadcrumbList","@id":"https:\/\/dpress.ma\/fr\/2025\/02\/11\/essaouira-la-cite-des-alizes-qui-serige-en-centre-dart-et-de-design\/#breadcrumb","itemListElement":[{"@type":"ListItem","position":1,"name":"Home","item":"https:\/\/dpress.ma\/fr\/"},{"@type":"ListItem","position":2,"name":"Essaouira, la cit\u00e9 des Aliz\u00e9s qui s\u2019\u00e9rige en centre d\u2019art et de design"}]},{"@type":"WebSite","@id":"https:\/\/dpress.ma\/fr\/#website","url":"https:\/\/dpress.ma\/fr\/","name":"Dpress.ma\/fr","description":"","potentialAction":[{"@type":"SearchAction","target":{"@type":"EntryPoint","urlTemplate":"https:\/\/dpress.ma\/fr\/?s={search_term_string}"},"query-input":{"@type":"PropertyValueSpecification","valueRequired":true,"valueName":"search_term_string"}}],"inLanguage":"fr-FR"},{"@type":"Person","@id":"https:\/\/dpress.ma\/fr\/#\/schema\/person\/4898febf3ccd59e6578d838656a306a0","name":"Dpress.ma","image":{"@type":"ImageObject","inLanguage":"fr-FR","@id":"https:\/\/secure.gravatar.com\/avatar\/72ecc30e9db047a2e0e7176561eb9d564ed77c8108376495b19bd8336405198a?s=96&d=mm&r=g","url":"https:\/\/secure.gravatar.com\/avatar\/72ecc30e9db047a2e0e7176561eb9d564ed77c8108376495b19bd8336405198a?s=96&d=mm&r=g","contentUrl":"https:\/\/secure.gravatar.com\/avatar\/72ecc30e9db047a2e0e7176561eb9d564ed77c8108376495b19bd8336405198a?s=96&d=mm&r=g","caption":"Dpress.ma"},"sameAs":["https:\/\/www.dpress.ma"],"url":"https:\/\/dpress.ma\/fr\/author\/dpress-ma\/"}]}},"amp_enabled":true,"_links":{"self":[{"href":"https:\/\/dpress.ma\/fr\/wp-json\/wp\/v2\/posts\/12652","targetHints":{"allow":["GET"]}}],"collection":[{"href":"https:\/\/dpress.ma\/fr\/wp-json\/wp\/v2\/posts"}],"about":[{"href":"https:\/\/dpress.ma\/fr\/wp-json\/wp\/v2\/types\/post"}],"author":[{"embeddable":true,"href":"https:\/\/dpress.ma\/fr\/wp-json\/wp\/v2\/users\/2"}],"replies":[{"embeddable":true,"href":"https:\/\/dpress.ma\/fr\/wp-json\/wp\/v2\/comments?post=12652"}],"version-history":[{"count":1,"href":"https:\/\/dpress.ma\/fr\/wp-json\/wp\/v2\/posts\/12652\/revisions"}],"predecessor-version":[{"id":12654,"href":"https:\/\/dpress.ma\/fr\/wp-json\/wp\/v2\/posts\/12652\/revisions\/12654"}],"wp:featuredmedia":[{"embeddable":true,"href":"https:\/\/dpress.ma\/fr\/wp-json\/wp\/v2\/media\/12653"}],"wp:attachment":[{"href":"https:\/\/dpress.ma\/fr\/wp-json\/wp\/v2\/media?parent=12652"}],"wp:term":[{"taxonomy":"category","embeddable":true,"href":"https:\/\/dpress.ma\/fr\/wp-json\/wp\/v2\/categories?post=12652"},{"taxonomy":"post_tag","embeddable":true,"href":"https:\/\/dpress.ma\/fr\/wp-json\/wp\/v2\/tags?post=12652"}],"curies":[{"name":"wp","href":"https:\/\/api.w.org\/{rel}","templated":true}]}}