{"id":12649,"date":"2025-02-10T10:09:39","date_gmt":"2025-02-10T10:09:39","guid":{"rendered":"https:\/\/dpress.ma\/fr\/?p=12649"},"modified":"2025-02-10T10:09:51","modified_gmt":"2025-02-10T10:09:51","slug":"les-campagnes-de-solidarite-se-poursuivent-pour-venir-en-aide-aux-familles-touchees-par-la-vague-de-froid","status":"publish","type":"post","link":"https:\/\/dpress.ma\/fr\/2025\/02\/10\/les-campagnes-de-solidarite-se-poursuivent-pour-venir-en-aide-aux-familles-touchees-par-la-vague-de-froid\/","title":{"rendered":"Les campagnes de solidarit\u00e9 se poursuivent pour venir en aide aux familles touch\u00e9es par la vague de froid"},"content":{"rendered":"\n<p>dpress<\/p>\n\n\n\n<p>Les campagnes de solidarit\u00e9 visant \u00e0 apporter soutien et assistance aux familles touch\u00e9es par la vague de froid dans la province de Guercif se poursuivent dans le cadre de l\u2019op\u00e9ration \u201cHiver chaud\u201d, men\u00e9e par la D\u00e9l\u00e9gation provinciale de l\u2019Entraide nationale, en coordination avec les autorit\u00e9s locale et provinciale.<\/p>\n\n\n\n<p>Ainsi, une campagne a cibl\u00e9, dimanche, les habitants de la commune de Mezguitem, o\u00f9 120 familles ont b\u00e9n\u00e9fici\u00e9 d\u2019une assistance en nature, notamment des produits alimentaires de premi\u00e8re n\u00e9cessit\u00e9, des v\u00eatements d\u2019hiver, des couvertures et des matelas, afin d\u2019am\u00e9liorer leurs conditions de vie pendant la saison hivernale.<\/p>\n\n\n\n<p>Cette action humanitaire s\u2019inscrit dans le cadre de la mise en oeuvre des Hautes instructions royales appelant \u00e0 mobiliser tous les moyens logistiques et les ressources humaines, afin d\u2019apporter soutien et assistance aux citoyens pour faire face \u00e0 la vague de froid que connaissent plusieurs r\u00e9gions du Royaume.<\/p>\n\n\n\n<p>Le d\u00e9l\u00e9gu\u00e9 provincial de l\u2019Entraide nationale \u00e0 Guercif, Rachid Hamzaoui, a indiqu\u00e9, dans une d\u00e9claration \u00e0 la MAP, que ces campagnes, qui ciblent environ un millier de familles \u00e0 travers la province, visent \u00e0 aider les cat\u00e9gories les plus vuln\u00e9rables, qui sont confront\u00e9es \u00e0 des chutes importantes de temp\u00e9ratures durant cette p\u00e9riode de l\u2019ann\u00e9e.<\/p>\n\n\n\n<p>Il a expliqu\u00e9 que cette campagne de solidarit\u00e9, qui intervient en application des Hautes instructions royales visant \u00e0 att\u00e9nuer les effets de la vague de froid, refl\u00e8te clairement la politique de proximit\u00e9 adopt\u00e9e par l\u2019Entraide nationale \u00e0 l\u2019\u00e9gard des habitants des zones rurales et montagneuses, notamment les veuves, les personnes \u00e2g\u00e9es et les personnes \u00e0 besoins sp\u00e9cifiques.<\/p>\n\n\n\n<p>Il a ajout\u00e9 que cette campagne s\u2019inscrit \u00e9galement dans le cadre d\u2019une s\u00e9rie d\u2019initiatives de solidarit\u00e9, visant \u00e0 pr\u00e9server la dignit\u00e9 des citoyens et \u00e0 renforcer la culture de solidarit\u00e9 sociale, notamment \u00e0 la lumi\u00e8re des conditions climatiques difficiles que conna\u00eet la province.<\/p>\n\n\n\n<p>Des b\u00e9n\u00e9ficiaires ont salu\u00e9, de leur c\u00f4t\u00e9, cette campagne de solidarit\u00e9 qui traduit la Haute sollicitude dont SM le Roi Mohammed VI entoure les habitants des zones montagneuses et recul\u00e9es, notant que cette initiative aura un impact positif en mati\u00e8re d\u2019att\u00e9nuation des r\u00e9percussions de la vague de froid que connait la province, notamment durant l\u2019hiver.<\/p>\n\n\n\n<p>Dans le m\u00eame contexte, la d\u00e9l\u00e9gation provinciale de l\u2019Entraide nationale \u00e0 Guercif organise des campagnes humanitaires pour venir en aide et h\u00e9berger les personnes sans domicile fixe dans le centre d\u2019h\u00e9bergement social, et ce en coordination avec les autorit\u00e9s locale et provinciale et l\u2019association Sanad.<\/p>\n\n\n\n<p>Ces campagnes refl\u00e8tent les valeurs de solidarit\u00e9 et de coop\u00e9ration qui caract\u00e9risent la soci\u00e9t\u00e9 marocaine, et incarne l\u2019engagement continu \u00e0 soutenir les personnes en situation de pr\u00e9carit\u00e9, selon une approche humanitaire qui vise \u00e0 am\u00e9liorer les conditions de vie des citoyens dans les diff\u00e9rentes r\u00e9gions du Royaume.<\/p>\n","protected":false},"excerpt":{"rendered":"<p>dpress Les campagnes de solidarit\u00e9 visant \u00e0 apporter soutien et assistance aux familles touch\u00e9es par la vague de froid dans la province de Guercif se poursuivent dans le cadre de l\u2019op\u00e9ration \u201cHiver chaud\u201d, men\u00e9e par la D\u00e9l\u00e9gation provinciale de l\u2019Entraide nationale, en coordination avec les autorit\u00e9s locale et provinciale. Ainsi, une campagne a cibl\u00e9, dimanche, &hellip;<\/p>\n","protected":false},"author":2,"featured_media":12650,"comment_status":"open","ping_status":"open","sticky":false,"template":"","format":"standard","meta":{"footnotes":""},"categories":[40],"tags":[],"class_list":["post-12649","post","type-post","status-publish","format-standard","has-post-thumbnail","hentry","category-societe-et-regions"],"yoast_head":"<!-- This site is optimized with the Yoast SEO plugin v27.5 - https:\/\/yoast.com\/product\/yoast-seo-wordpress\/ -->\n<title>Les campagnes de solidarit\u00e9 se poursuivent pour venir en aide aux familles touch\u00e9es par la vague de froid - Dpress.ma\/fr<\/title>\n<meta name=\"robots\" content=\"index, follow, max-snippet:-1, max-image-preview:large, max-video-preview:-1\" \/>\n<link rel=\"canonical\" href=\"https:\/\/dpress.ma\/fr\/2025\/02\/10\/les-campagnes-de-solidarite-se-poursuivent-pour-venir-en-aide-aux-familles-touchees-par-la-vague-de-froid\/\" \/>\n<meta property=\"og:locale\" content=\"fr_FR\" \/>\n<meta property=\"og:type\" content=\"article\" \/>\n<meta property=\"og:title\" content=\"Les campagnes de solidarit\u00e9 se poursuivent pour venir en aide aux familles touch\u00e9es par la vague de froid - Dpress.ma\/fr\" \/>\n<meta property=\"og:description\" content=\"dpress Les campagnes de solidarit\u00e9 visant \u00e0 apporter soutien et assistance aux familles touch\u00e9es par la vague de froid dans la province de Guercif se poursuivent dans le cadre de l\u2019op\u00e9ration \u201cHiver chaud\u201d, men\u00e9e par la D\u00e9l\u00e9gation provinciale de l\u2019Entraide nationale, en coordination avec les autorit\u00e9s locale et provinciale. Ainsi, une campagne a cibl\u00e9, dimanche, &hellip;\" \/>\n<meta property=\"og:url\" content=\"https:\/\/dpress.ma\/fr\/2025\/02\/10\/les-campagnes-de-solidarite-se-poursuivent-pour-venir-en-aide-aux-familles-touchees-par-la-vague-de-froid\/\" \/>\n<meta property=\"og:site_name\" content=\"Dpress.ma\/fr\" \/>\n<meta property=\"article:published_time\" content=\"2025-02-10T10:09:39+00:00\" \/>\n<meta property=\"article:modified_time\" content=\"2025-02-10T10:09:51+00:00\" \/>\n<meta property=\"og:image\" content=\"https:\/\/dpress.ma\/fr\/wp-content\/uploads\/sites\/2\/2025\/02\/dprees-dim-15.png\" \/>\n\t<meta property=\"og:image:width\" content=\"780\" \/>\n\t<meta property=\"og:image:height\" content=\"470\" \/>\n\t<meta property=\"og:image:type\" content=\"image\/png\" \/>\n<meta name=\"author\" content=\"Dpress.ma\" \/>\n<meta name=\"twitter:card\" content=\"summary_large_image\" \/>\n<meta name=\"twitter:label1\" content=\"\u00c9crit par\" \/>\n\t<meta name=\"twitter:data1\" content=\"Dpress.ma\" \/>\n\t<meta name=\"twitter:label2\" content=\"Dur\u00e9e de lecture estim\u00e9e\" \/>\n\t<meta name=\"twitter:data2\" content=\"3 minutes\" \/>\n<script type=\"application\/ld+json\" class=\"yoast-schema-graph\">{\"@context\":\"https:\\\/\\\/schema.org\",\"@graph\":[{\"@type\":\"Article\",\"@id\":\"https:\\\/\\\/dpress.ma\\\/fr\\\/2025\\\/02\\\/10\\\/les-campagnes-de-solidarite-se-poursuivent-pour-venir-en-aide-aux-familles-touchees-par-la-vague-de-froid\\\/#article\",\"isPartOf\":{\"@id\":\"https:\\\/\\\/dpress.ma\\\/fr\\\/2025\\\/02\\\/10\\\/les-campagnes-de-solidarite-se-poursuivent-pour-venir-en-aide-aux-familles-touchees-par-la-vague-de-froid\\\/\"},\"author\":{\"name\":\"Dpress.ma\",\"@id\":\"https:\\\/\\\/dpress.ma\\\/fr\\\/#\\\/schema\\\/person\\\/4898febf3ccd59e6578d838656a306a0\"},\"headline\":\"Les campagnes de solidarit\u00e9 se poursuivent pour venir en aide aux familles touch\u00e9es par la vague de froid\",\"datePublished\":\"2025-02-10T10:09:39+00:00\",\"dateModified\":\"2025-02-10T10:09:51+00:00\",\"mainEntityOfPage\":{\"@id\":\"https:\\\/\\\/dpress.ma\\\/fr\\\/2025\\\/02\\\/10\\\/les-campagnes-de-solidarite-se-poursuivent-pour-venir-en-aide-aux-familles-touchees-par-la-vague-de-froid\\\/\"},\"wordCount\":518,\"commentCount\":0,\"image\":{\"@id\":\"https:\\\/\\\/dpress.ma\\\/fr\\\/2025\\\/02\\\/10\\\/les-campagnes-de-solidarite-se-poursuivent-pour-venir-en-aide-aux-familles-touchees-par-la-vague-de-froid\\\/#primaryimage\"},\"thumbnailUrl\":\"https:\\\/\\\/dpress.ma\\\/fr\\\/wp-content\\\/uploads\\\/sites\\\/2\\\/2025\\\/02\\\/dprees-dim-15.png\",\"articleSection\":[\"societe et regions\"],\"inLanguage\":\"fr-FR\",\"potentialAction\":[{\"@type\":\"CommentAction\",\"name\":\"Comment\",\"target\":[\"https:\\\/\\\/dpress.ma\\\/fr\\\/2025\\\/02\\\/10\\\/les-campagnes-de-solidarite-se-poursuivent-pour-venir-en-aide-aux-familles-touchees-par-la-vague-de-froid\\\/#respond\"]}]},{\"@type\":\"WebPage\",\"@id\":\"https:\\\/\\\/dpress.ma\\\/fr\\\/2025\\\/02\\\/10\\\/les-campagnes-de-solidarite-se-poursuivent-pour-venir-en-aide-aux-familles-touchees-par-la-vague-de-froid\\\/\",\"url\":\"https:\\\/\\\/dpress.ma\\\/fr\\\/2025\\\/02\\\/10\\\/les-campagnes-de-solidarite-se-poursuivent-pour-venir-en-aide-aux-familles-touchees-par-la-vague-de-froid\\\/\",\"name\":\"Les campagnes de solidarit\u00e9 se poursuivent pour venir en aide aux familles touch\u00e9es par la vague de froid - Dpress.ma\\\/fr\",\"isPartOf\":{\"@id\":\"https:\\\/\\\/dpress.ma\\\/fr\\\/#website\"},\"primaryImageOfPage\":{\"@id\":\"https:\\\/\\\/dpress.ma\\\/fr\\\/2025\\\/02\\\/10\\\/les-campagnes-de-solidarite-se-poursuivent-pour-venir-en-aide-aux-familles-touchees-par-la-vague-de-froid\\\/#primaryimage\"},\"image\":{\"@id\":\"https:\\\/\\\/dpress.ma\\\/fr\\\/2025\\\/02\\\/10\\\/les-campagnes-de-solidarite-se-poursuivent-pour-venir-en-aide-aux-familles-touchees-par-la-vague-de-froid\\\/#primaryimage\"},\"thumbnailUrl\":\"https:\\\/\\\/dpress.ma\\\/fr\\\/wp-content\\\/uploads\\\/sites\\\/2\\\/2025\\\/02\\\/dprees-dim-15.png\",\"datePublished\":\"2025-02-10T10:09:39+00:00\",\"dateModified\":\"2025-02-10T10:09:51+00:00\",\"author\":{\"@id\":\"https:\\\/\\\/dpress.ma\\\/fr\\\/#\\\/schema\\\/person\\\/4898febf3ccd59e6578d838656a306a0\"},\"breadcrumb\":{\"@id\":\"https:\\\/\\\/dpress.ma\\\/fr\\\/2025\\\/02\\\/10\\\/les-campagnes-de-solidarite-se-poursuivent-pour-venir-en-aide-aux-familles-touchees-par-la-vague-de-froid\\\/#breadcrumb\"},\"inLanguage\":\"fr-FR\",\"potentialAction\":[{\"@type\":\"ReadAction\",\"target\":[\"https:\\\/\\\/dpress.ma\\\/fr\\\/2025\\\/02\\\/10\\\/les-campagnes-de-solidarite-se-poursuivent-pour-venir-en-aide-aux-familles-touchees-par-la-vague-de-froid\\\/\"]}]},{\"@type\":\"ImageObject\",\"inLanguage\":\"fr-FR\",\"@id\":\"https:\\\/\\\/dpress.ma\\\/fr\\\/2025\\\/02\\\/10\\\/les-campagnes-de-solidarite-se-poursuivent-pour-venir-en-aide-aux-familles-touchees-par-la-vague-de-froid\\\/#primaryimage\",\"url\":\"https:\\\/\\\/dpress.ma\\\/fr\\\/wp-content\\\/uploads\\\/sites\\\/2\\\/2025\\\/02\\\/dprees-dim-15.png\",\"contentUrl\":\"https:\\\/\\\/dpress.ma\\\/fr\\\/wp-content\\\/uploads\\\/sites\\\/2\\\/2025\\\/02\\\/dprees-dim-15.png\",\"width\":780,\"height\":470},{\"@type\":\"BreadcrumbList\",\"@id\":\"https:\\\/\\\/dpress.ma\\\/fr\\\/2025\\\/02\\\/10\\\/les-campagnes-de-solidarite-se-poursuivent-pour-venir-en-aide-aux-familles-touchees-par-la-vague-de-froid\\\/#breadcrumb\",\"itemListElement\":[{\"@type\":\"ListItem\",\"position\":1,\"name\":\"Home\",\"item\":\"https:\\\/\\\/dpress.ma\\\/fr\\\/\"},{\"@type\":\"ListItem\",\"position\":2,\"name\":\"Les campagnes de solidarit\u00e9 se poursuivent pour venir en aide aux familles touch\u00e9es par la vague de froid\"}]},{\"@type\":\"WebSite\",\"@id\":\"https:\\\/\\\/dpress.ma\\\/fr\\\/#website\",\"url\":\"https:\\\/\\\/dpress.ma\\\/fr\\\/\",\"name\":\"Dpress.ma\\\/fr\",\"description\":\"\",\"potentialAction\":[{\"@type\":\"SearchAction\",\"target\":{\"@type\":\"EntryPoint\",\"urlTemplate\":\"https:\\\/\\\/dpress.ma\\\/fr\\\/?s={search_term_string}\"},\"query-input\":{\"@type\":\"PropertyValueSpecification\",\"valueRequired\":true,\"valueName\":\"search_term_string\"}}],\"inLanguage\":\"fr-FR\"},{\"@type\":\"Person\",\"@id\":\"https:\\\/\\\/dpress.ma\\\/fr\\\/#\\\/schema\\\/person\\\/4898febf3ccd59e6578d838656a306a0\",\"name\":\"Dpress.ma\",\"image\":{\"@type\":\"ImageObject\",\"inLanguage\":\"fr-FR\",\"@id\":\"https:\\\/\\\/secure.gravatar.com\\\/avatar\\\/72ecc30e9db047a2e0e7176561eb9d564ed77c8108376495b19bd8336405198a?s=96&d=mm&r=g\",\"url\":\"https:\\\/\\\/secure.gravatar.com\\\/avatar\\\/72ecc30e9db047a2e0e7176561eb9d564ed77c8108376495b19bd8336405198a?s=96&d=mm&r=g\",\"contentUrl\":\"https:\\\/\\\/secure.gravatar.com\\\/avatar\\\/72ecc30e9db047a2e0e7176561eb9d564ed77c8108376495b19bd8336405198a?s=96&d=mm&r=g\",\"caption\":\"Dpress.ma\"},\"sameAs\":[\"https:\\\/\\\/www.dpress.ma\"],\"url\":\"https:\\\/\\\/dpress.ma\\\/fr\\\/author\\\/dpress-ma\\\/\"}]}<\/script>\n<!-- \/ Yoast SEO plugin. -->","yoast_head_json":{"title":"Les campagnes de solidarit\u00e9 se poursuivent pour venir en aide aux familles touch\u00e9es par la vague de froid - Dpress.ma\/fr","robots":{"index":"index","follow":"follow","max-snippet":"max-snippet:-1","max-image-preview":"max-image-preview:large","max-video-preview":"max-video-preview:-1"},"canonical":"https:\/\/dpress.ma\/fr\/2025\/02\/10\/les-campagnes-de-solidarite-se-poursuivent-pour-venir-en-aide-aux-familles-touchees-par-la-vague-de-froid\/","og_locale":"fr_FR","og_type":"article","og_title":"Les campagnes de solidarit\u00e9 se poursuivent pour venir en aide aux familles touch\u00e9es par la vague de froid - Dpress.ma\/fr","og_description":"dpress Les campagnes de solidarit\u00e9 visant \u00e0 apporter soutien et assistance aux familles touch\u00e9es par la vague de froid dans la province de Guercif se poursuivent dans le cadre de l\u2019op\u00e9ration \u201cHiver chaud\u201d, men\u00e9e par la D\u00e9l\u00e9gation provinciale de l\u2019Entraide nationale, en coordination avec les autorit\u00e9s locale et provinciale. Ainsi, une campagne a cibl\u00e9, dimanche, &hellip;","og_url":"https:\/\/dpress.ma\/fr\/2025\/02\/10\/les-campagnes-de-solidarite-se-poursuivent-pour-venir-en-aide-aux-familles-touchees-par-la-vague-de-froid\/","og_site_name":"Dpress.ma\/fr","article_published_time":"2025-02-10T10:09:39+00:00","article_modified_time":"2025-02-10T10:09:51+00:00","og_image":[{"width":780,"height":470,"url":"https:\/\/dpress.ma\/fr\/wp-content\/uploads\/sites\/2\/2025\/02\/dprees-dim-15.png","type":"image\/png"}],"author":"Dpress.ma","twitter_card":"summary_large_image","twitter_misc":{"\u00c9crit par":"Dpress.ma","Dur\u00e9e de lecture estim\u00e9e":"3 minutes"},"schema":{"@context":"https:\/\/schema.org","@graph":[{"@type":"Article","@id":"https:\/\/dpress.ma\/fr\/2025\/02\/10\/les-campagnes-de-solidarite-se-poursuivent-pour-venir-en-aide-aux-familles-touchees-par-la-vague-de-froid\/#article","isPartOf":{"@id":"https:\/\/dpress.ma\/fr\/2025\/02\/10\/les-campagnes-de-solidarite-se-poursuivent-pour-venir-en-aide-aux-familles-touchees-par-la-vague-de-froid\/"},"author":{"name":"Dpress.ma","@id":"https:\/\/dpress.ma\/fr\/#\/schema\/person\/4898febf3ccd59e6578d838656a306a0"},"headline":"Les campagnes de solidarit\u00e9 se poursuivent pour venir en aide aux familles touch\u00e9es par la vague de froid","datePublished":"2025-02-10T10:09:39+00:00","dateModified":"2025-02-10T10:09:51+00:00","mainEntityOfPage":{"@id":"https:\/\/dpress.ma\/fr\/2025\/02\/10\/les-campagnes-de-solidarite-se-poursuivent-pour-venir-en-aide-aux-familles-touchees-par-la-vague-de-froid\/"},"wordCount":518,"commentCount":0,"image":{"@id":"https:\/\/dpress.ma\/fr\/2025\/02\/10\/les-campagnes-de-solidarite-se-poursuivent-pour-venir-en-aide-aux-familles-touchees-par-la-vague-de-froid\/#primaryimage"},"thumbnailUrl":"https:\/\/dpress.ma\/fr\/wp-content\/uploads\/sites\/2\/2025\/02\/dprees-dim-15.png","articleSection":["societe et regions"],"inLanguage":"fr-FR","potentialAction":[{"@type":"CommentAction","name":"Comment","target":["https:\/\/dpress.ma\/fr\/2025\/02\/10\/les-campagnes-de-solidarite-se-poursuivent-pour-venir-en-aide-aux-familles-touchees-par-la-vague-de-froid\/#respond"]}]},{"@type":"WebPage","@id":"https:\/\/dpress.ma\/fr\/2025\/02\/10\/les-campagnes-de-solidarite-se-poursuivent-pour-venir-en-aide-aux-familles-touchees-par-la-vague-de-froid\/","url":"https:\/\/dpress.ma\/fr\/2025\/02\/10\/les-campagnes-de-solidarite-se-poursuivent-pour-venir-en-aide-aux-familles-touchees-par-la-vague-de-froid\/","name":"Les campagnes de solidarit\u00e9 se poursuivent pour venir en aide aux familles touch\u00e9es par la vague de froid - Dpress.ma\/fr","isPartOf":{"@id":"https:\/\/dpress.ma\/fr\/#website"},"primaryImageOfPage":{"@id":"https:\/\/dpress.ma\/fr\/2025\/02\/10\/les-campagnes-de-solidarite-se-poursuivent-pour-venir-en-aide-aux-familles-touchees-par-la-vague-de-froid\/#primaryimage"},"image":{"@id":"https:\/\/dpress.ma\/fr\/2025\/02\/10\/les-campagnes-de-solidarite-se-poursuivent-pour-venir-en-aide-aux-familles-touchees-par-la-vague-de-froid\/#primaryimage"},"thumbnailUrl":"https:\/\/dpress.ma\/fr\/wp-content\/uploads\/sites\/2\/2025\/02\/dprees-dim-15.png","datePublished":"2025-02-10T10:09:39+00:00","dateModified":"2025-02-10T10:09:51+00:00","author":{"@id":"https:\/\/dpress.ma\/fr\/#\/schema\/person\/4898febf3ccd59e6578d838656a306a0"},"breadcrumb":{"@id":"https:\/\/dpress.ma\/fr\/2025\/02\/10\/les-campagnes-de-solidarite-se-poursuivent-pour-venir-en-aide-aux-familles-touchees-par-la-vague-de-froid\/#breadcrumb"},"inLanguage":"fr-FR","potentialAction":[{"@type":"ReadAction","target":["https:\/\/dpress.ma\/fr\/2025\/02\/10\/les-campagnes-de-solidarite-se-poursuivent-pour-venir-en-aide-aux-familles-touchees-par-la-vague-de-froid\/"]}]},{"@type":"ImageObject","inLanguage":"fr-FR","@id":"https:\/\/dpress.ma\/fr\/2025\/02\/10\/les-campagnes-de-solidarite-se-poursuivent-pour-venir-en-aide-aux-familles-touchees-par-la-vague-de-froid\/#primaryimage","url":"https:\/\/dpress.ma\/fr\/wp-content\/uploads\/sites\/2\/2025\/02\/dprees-dim-15.png","contentUrl":"https:\/\/dpress.ma\/fr\/wp-content\/uploads\/sites\/2\/2025\/02\/dprees-dim-15.png","width":780,"height":470},{"@type":"BreadcrumbList","@id":"https:\/\/dpress.ma\/fr\/2025\/02\/10\/les-campagnes-de-solidarite-se-poursuivent-pour-venir-en-aide-aux-familles-touchees-par-la-vague-de-froid\/#breadcrumb","itemListElement":[{"@type":"ListItem","position":1,"name":"Home","item":"https:\/\/dpress.ma\/fr\/"},{"@type":"ListItem","position":2,"name":"Les campagnes de solidarit\u00e9 se poursuivent pour venir en aide aux familles touch\u00e9es par la vague de froid"}]},{"@type":"WebSite","@id":"https:\/\/dpress.ma\/fr\/#website","url":"https:\/\/dpress.ma\/fr\/","name":"Dpress.ma\/fr","description":"","potentialAction":[{"@type":"SearchAction","target":{"@type":"EntryPoint","urlTemplate":"https:\/\/dpress.ma\/fr\/?s={search_term_string}"},"query-input":{"@type":"PropertyValueSpecification","valueRequired":true,"valueName":"search_term_string"}}],"inLanguage":"fr-FR"},{"@type":"Person","@id":"https:\/\/dpress.ma\/fr\/#\/schema\/person\/4898febf3ccd59e6578d838656a306a0","name":"Dpress.ma","image":{"@type":"ImageObject","inLanguage":"fr-FR","@id":"https:\/\/secure.gravatar.com\/avatar\/72ecc30e9db047a2e0e7176561eb9d564ed77c8108376495b19bd8336405198a?s=96&d=mm&r=g","url":"https:\/\/secure.gravatar.com\/avatar\/72ecc30e9db047a2e0e7176561eb9d564ed77c8108376495b19bd8336405198a?s=96&d=mm&r=g","contentUrl":"https:\/\/secure.gravatar.com\/avatar\/72ecc30e9db047a2e0e7176561eb9d564ed77c8108376495b19bd8336405198a?s=96&d=mm&r=g","caption":"Dpress.ma"},"sameAs":["https:\/\/www.dpress.ma"],"url":"https:\/\/dpress.ma\/fr\/author\/dpress-ma\/"}]}},"amp_enabled":true,"_links":{"self":[{"href":"https:\/\/dpress.ma\/fr\/wp-json\/wp\/v2\/posts\/12649","targetHints":{"allow":["GET"]}}],"collection":[{"href":"https:\/\/dpress.ma\/fr\/wp-json\/wp\/v2\/posts"}],"about":[{"href":"https:\/\/dpress.ma\/fr\/wp-json\/wp\/v2\/types\/post"}],"author":[{"embeddable":true,"href":"https:\/\/dpress.ma\/fr\/wp-json\/wp\/v2\/users\/2"}],"replies":[{"embeddable":true,"href":"https:\/\/dpress.ma\/fr\/wp-json\/wp\/v2\/comments?post=12649"}],"version-history":[{"count":1,"href":"https:\/\/dpress.ma\/fr\/wp-json\/wp\/v2\/posts\/12649\/revisions"}],"predecessor-version":[{"id":12651,"href":"https:\/\/dpress.ma\/fr\/wp-json\/wp\/v2\/posts\/12649\/revisions\/12651"}],"wp:featuredmedia":[{"embeddable":true,"href":"https:\/\/dpress.ma\/fr\/wp-json\/wp\/v2\/media\/12650"}],"wp:attachment":[{"href":"https:\/\/dpress.ma\/fr\/wp-json\/wp\/v2\/media?parent=12649"}],"wp:term":[{"taxonomy":"category","embeddable":true,"href":"https:\/\/dpress.ma\/fr\/wp-json\/wp\/v2\/categories?post=12649"},{"taxonomy":"post_tag","embeddable":true,"href":"https:\/\/dpress.ma\/fr\/wp-json\/wp\/v2\/tags?post=12649"}],"curies":[{"name":"wp","href":"https:\/\/api.w.org\/{rel}","templated":true}]}}