{"id":12646,"date":"2025-02-10T10:07:20","date_gmt":"2025-02-10T10:07:20","guid":{"rendered":"https:\/\/dpress.ma\/fr\/?p=12646"},"modified":"2025-02-10T10:07:21","modified_gmt":"2025-02-10T10:07:21","slug":"ceremonie-a-casablanca-en-lhonneur-des-champions-marocains","status":"publish","type":"post","link":"https:\/\/dpress.ma\/fr\/2025\/02\/10\/ceremonie-a-casablanca-en-lhonneur-des-champions-marocains\/","title":{"rendered":"C\u00e9r\u00e9monie \u00e0 Casablanca en l\u2019honneur des champions marocains"},"content":{"rendered":"\n<p>dpress<\/p>\n\n\n\n<p>&nbsp;La F\u00e9d\u00e9ration royale marocaine de sambo et tai jitsu (FRMSTJ) a organis\u00e9, dimanche \u00e0 Casablanca, une c\u00e9r\u00e9monie en l\u2019honneur des champions marocains qui se sont illustr\u00e9s lors des comp\u00e9titions continentales et internationales en 2024.<\/p>\n\n\n\n<p>Lors de cette r\u00e9ception, marqu\u00e9e par la pr\u00e9sence notamment du directeur des sports au minist\u00e8re de l\u2019Education nationale, du pr\u00e9scolaire et des sports et du repr\u00e9sentant du Comit\u00e9 national olympique marocain, le pr\u00e9sident de la FRMSTJ, Dalil Skalli a f\u00e9licit\u00e9 les champions et championnes marocains qui ont \u00e9t\u00e9 au niveau des aspirations et honor\u00e9 le sambo marocain lors des diff\u00e9rentes comp\u00e9titions continentales et internationales.<\/p>\n\n\n\n<p>Les champions marocains, Saifeddine Ahani, m\u00e9daill\u00e9 d\u2019argent au championnat du monde juniors (octobre 2023) et Mustapha Meknaj, m\u00e9daill\u00e9 de bronze au championnat du monde seniors de sambo organis\u00e9 en Arm\u00e9nie et au Kirghizstan (novembre 2023) ont \u00e9t\u00e9 c\u00e9l\u00e9br\u00e9s lors de cette c\u00e9r\u00e9monie, ainsi que Badreddine Diani et Youssef Faout, m\u00e9daill\u00e9s de bronze aux jeux de SportAccord.<\/p>\n\n\n\n<p>Les champions marocains qui ont remport\u00e9 cinq m\u00e9dailles d\u2019or et une d\u2019argent aux Jeux africains organis\u00e9s \u00e0 Accra, au Ghana, ainsi qu\u2019au Championnat d\u2019Afrique de sambo organis\u00e9 au Caire, remport\u00e9 pour la 17e fois par le Maroc, ont \u00e9galement \u00e9t\u00e9 mis \u00e0 l\u2019honneur.<\/p>\n\n\n\n<p>L\u2019\u00e9quipe nationale, m\u00e9daill\u00e9e d\u2019argent au Championnat du monde de beach sambo organis\u00e9 \u00e0 Ain Diab \u00e0 Casablanca, a \u00e9galement \u00e9t\u00e9 honor\u00e9e, ainsi que le champion Badreddine Diani, qui a remport\u00e9 la m\u00e9daille de bronze dans la cat\u00e9gorie des moins 79 kg, au Championnat du monde de sambo seniors organis\u00e9 \u00e0 Astana, au Kazakhstan, en novembre 2024.<\/p>\n\n\n\n<p>Au terme de cette c\u00e9r\u00e9monie, des prix ont \u00e9t\u00e9 d\u00e9cern\u00e9s aux champions marocains en reconnaissance de leurs efforts pour honorer les couleurs nationales.<\/p>\n","protected":false},"excerpt":{"rendered":"<p>dpress &nbsp;La F\u00e9d\u00e9ration royale marocaine de sambo et tai jitsu (FRMSTJ) a organis\u00e9, dimanche \u00e0 Casablanca, une c\u00e9r\u00e9monie en l\u2019honneur des champions marocains qui se sont illustr\u00e9s lors des comp\u00e9titions continentales et internationales en 2024. Lors de cette r\u00e9ception, marqu\u00e9e par la pr\u00e9sence notamment du directeur des sports au minist\u00e8re de l\u2019Education nationale, du pr\u00e9scolaire &hellip;<\/p>\n","protected":false},"author":2,"featured_media":12647,"comment_status":"open","ping_status":"open","sticky":false,"template":"","format":"standard","meta":{"footnotes":""},"categories":[27],"tags":[],"class_list":["post-12646","post","type-post","status-publish","format-standard","has-post-thumbnail","hentry","category-sport"],"yoast_head":"<!-- This site is optimized with the Yoast SEO plugin v27.5 - https:\/\/yoast.com\/product\/yoast-seo-wordpress\/ -->\n<title>C\u00e9r\u00e9monie \u00e0 Casablanca en l\u2019honneur des champions marocains - Dpress.ma\/fr<\/title>\n<meta name=\"robots\" content=\"index, follow, max-snippet:-1, max-image-preview:large, max-video-preview:-1\" \/>\n<link rel=\"canonical\" href=\"https:\/\/dpress.ma\/fr\/2025\/02\/10\/ceremonie-a-casablanca-en-lhonneur-des-champions-marocains\/\" \/>\n<meta property=\"og:locale\" content=\"fr_FR\" \/>\n<meta property=\"og:type\" content=\"article\" \/>\n<meta property=\"og:title\" content=\"C\u00e9r\u00e9monie \u00e0 Casablanca en l\u2019honneur des champions marocains - Dpress.ma\/fr\" \/>\n<meta property=\"og:description\" content=\"dpress &nbsp;La F\u00e9d\u00e9ration royale marocaine de sambo et tai jitsu (FRMSTJ) a organis\u00e9, dimanche \u00e0 Casablanca, une c\u00e9r\u00e9monie en l\u2019honneur des champions marocains qui se sont illustr\u00e9s lors des comp\u00e9titions continentales et internationales en 2024. Lors de cette r\u00e9ception, marqu\u00e9e par la pr\u00e9sence notamment du directeur des sports au minist\u00e8re de l\u2019Education nationale, du pr\u00e9scolaire &hellip;\" \/>\n<meta property=\"og:url\" content=\"https:\/\/dpress.ma\/fr\/2025\/02\/10\/ceremonie-a-casablanca-en-lhonneur-des-champions-marocains\/\" \/>\n<meta property=\"og:site_name\" content=\"Dpress.ma\/fr\" \/>\n<meta property=\"article:published_time\" content=\"2025-02-10T10:07:20+00:00\" \/>\n<meta property=\"article:modified_time\" content=\"2025-02-10T10:07:21+00:00\" \/>\n<meta property=\"og:image\" content=\"https:\/\/dpress.ma\/fr\/wp-content\/uploads\/sites\/2\/2025\/02\/dprees-dim-14.png\" \/>\n\t<meta property=\"og:image:width\" content=\"780\" \/>\n\t<meta property=\"og:image:height\" content=\"470\" \/>\n\t<meta property=\"og:image:type\" content=\"image\/png\" \/>\n<meta name=\"author\" content=\"Dpress.ma\" \/>\n<meta name=\"twitter:card\" content=\"summary_large_image\" \/>\n<meta name=\"twitter:label1\" content=\"\u00c9crit par\" \/>\n\t<meta name=\"twitter:data1\" content=\"Dpress.ma\" \/>\n\t<meta name=\"twitter:label2\" content=\"Dur\u00e9e de lecture estim\u00e9e\" \/>\n\t<meta name=\"twitter:data2\" content=\"2 minutes\" \/>\n<script type=\"application\/ld+json\" class=\"yoast-schema-graph\">{\"@context\":\"https:\\\/\\\/schema.org\",\"@graph\":[{\"@type\":\"Article\",\"@id\":\"https:\\\/\\\/dpress.ma\\\/fr\\\/2025\\\/02\\\/10\\\/ceremonie-a-casablanca-en-lhonneur-des-champions-marocains\\\/#article\",\"isPartOf\":{\"@id\":\"https:\\\/\\\/dpress.ma\\\/fr\\\/2025\\\/02\\\/10\\\/ceremonie-a-casablanca-en-lhonneur-des-champions-marocains\\\/\"},\"author\":{\"name\":\"Dpress.ma\",\"@id\":\"https:\\\/\\\/dpress.ma\\\/fr\\\/#\\\/schema\\\/person\\\/4898febf3ccd59e6578d838656a306a0\"},\"headline\":\"C\u00e9r\u00e9monie \u00e0 Casablanca en l\u2019honneur des champions marocains\",\"datePublished\":\"2025-02-10T10:07:20+00:00\",\"dateModified\":\"2025-02-10T10:07:21+00:00\",\"mainEntityOfPage\":{\"@id\":\"https:\\\/\\\/dpress.ma\\\/fr\\\/2025\\\/02\\\/10\\\/ceremonie-a-casablanca-en-lhonneur-des-champions-marocains\\\/\"},\"wordCount\":324,\"commentCount\":0,\"image\":{\"@id\":\"https:\\\/\\\/dpress.ma\\\/fr\\\/2025\\\/02\\\/10\\\/ceremonie-a-casablanca-en-lhonneur-des-champions-marocains\\\/#primaryimage\"},\"thumbnailUrl\":\"https:\\\/\\\/dpress.ma\\\/fr\\\/wp-content\\\/uploads\\\/sites\\\/2\\\/2025\\\/02\\\/dprees-dim-14.png\",\"articleSection\":[\"Sport\"],\"inLanguage\":\"fr-FR\",\"potentialAction\":[{\"@type\":\"CommentAction\",\"name\":\"Comment\",\"target\":[\"https:\\\/\\\/dpress.ma\\\/fr\\\/2025\\\/02\\\/10\\\/ceremonie-a-casablanca-en-lhonneur-des-champions-marocains\\\/#respond\"]}]},{\"@type\":\"WebPage\",\"@id\":\"https:\\\/\\\/dpress.ma\\\/fr\\\/2025\\\/02\\\/10\\\/ceremonie-a-casablanca-en-lhonneur-des-champions-marocains\\\/\",\"url\":\"https:\\\/\\\/dpress.ma\\\/fr\\\/2025\\\/02\\\/10\\\/ceremonie-a-casablanca-en-lhonneur-des-champions-marocains\\\/\",\"name\":\"C\u00e9r\u00e9monie \u00e0 Casablanca en l\u2019honneur des champions marocains - Dpress.ma\\\/fr\",\"isPartOf\":{\"@id\":\"https:\\\/\\\/dpress.ma\\\/fr\\\/#website\"},\"primaryImageOfPage\":{\"@id\":\"https:\\\/\\\/dpress.ma\\\/fr\\\/2025\\\/02\\\/10\\\/ceremonie-a-casablanca-en-lhonneur-des-champions-marocains\\\/#primaryimage\"},\"image\":{\"@id\":\"https:\\\/\\\/dpress.ma\\\/fr\\\/2025\\\/02\\\/10\\\/ceremonie-a-casablanca-en-lhonneur-des-champions-marocains\\\/#primaryimage\"},\"thumbnailUrl\":\"https:\\\/\\\/dpress.ma\\\/fr\\\/wp-content\\\/uploads\\\/sites\\\/2\\\/2025\\\/02\\\/dprees-dim-14.png\",\"datePublished\":\"2025-02-10T10:07:20+00:00\",\"dateModified\":\"2025-02-10T10:07:21+00:00\",\"author\":{\"@id\":\"https:\\\/\\\/dpress.ma\\\/fr\\\/#\\\/schema\\\/person\\\/4898febf3ccd59e6578d838656a306a0\"},\"breadcrumb\":{\"@id\":\"https:\\\/\\\/dpress.ma\\\/fr\\\/2025\\\/02\\\/10\\\/ceremonie-a-casablanca-en-lhonneur-des-champions-marocains\\\/#breadcrumb\"},\"inLanguage\":\"fr-FR\",\"potentialAction\":[{\"@type\":\"ReadAction\",\"target\":[\"https:\\\/\\\/dpress.ma\\\/fr\\\/2025\\\/02\\\/10\\\/ceremonie-a-casablanca-en-lhonneur-des-champions-marocains\\\/\"]}]},{\"@type\":\"ImageObject\",\"inLanguage\":\"fr-FR\",\"@id\":\"https:\\\/\\\/dpress.ma\\\/fr\\\/2025\\\/02\\\/10\\\/ceremonie-a-casablanca-en-lhonneur-des-champions-marocains\\\/#primaryimage\",\"url\":\"https:\\\/\\\/dpress.ma\\\/fr\\\/wp-content\\\/uploads\\\/sites\\\/2\\\/2025\\\/02\\\/dprees-dim-14.png\",\"contentUrl\":\"https:\\\/\\\/dpress.ma\\\/fr\\\/wp-content\\\/uploads\\\/sites\\\/2\\\/2025\\\/02\\\/dprees-dim-14.png\",\"width\":780,\"height\":470},{\"@type\":\"BreadcrumbList\",\"@id\":\"https:\\\/\\\/dpress.ma\\\/fr\\\/2025\\\/02\\\/10\\\/ceremonie-a-casablanca-en-lhonneur-des-champions-marocains\\\/#breadcrumb\",\"itemListElement\":[{\"@type\":\"ListItem\",\"position\":1,\"name\":\"Home\",\"item\":\"https:\\\/\\\/dpress.ma\\\/fr\\\/\"},{\"@type\":\"ListItem\",\"position\":2,\"name\":\"C\u00e9r\u00e9monie \u00e0 Casablanca en l\u2019honneur des champions marocains\"}]},{\"@type\":\"WebSite\",\"@id\":\"https:\\\/\\\/dpress.ma\\\/fr\\\/#website\",\"url\":\"https:\\\/\\\/dpress.ma\\\/fr\\\/\",\"name\":\"Dpress.ma\\\/fr\",\"description\":\"\",\"potentialAction\":[{\"@type\":\"SearchAction\",\"target\":{\"@type\":\"EntryPoint\",\"urlTemplate\":\"https:\\\/\\\/dpress.ma\\\/fr\\\/?s={search_term_string}\"},\"query-input\":{\"@type\":\"PropertyValueSpecification\",\"valueRequired\":true,\"valueName\":\"search_term_string\"}}],\"inLanguage\":\"fr-FR\"},{\"@type\":\"Person\",\"@id\":\"https:\\\/\\\/dpress.ma\\\/fr\\\/#\\\/schema\\\/person\\\/4898febf3ccd59e6578d838656a306a0\",\"name\":\"Dpress.ma\",\"image\":{\"@type\":\"ImageObject\",\"inLanguage\":\"fr-FR\",\"@id\":\"https:\\\/\\\/secure.gravatar.com\\\/avatar\\\/72ecc30e9db047a2e0e7176561eb9d564ed77c8108376495b19bd8336405198a?s=96&d=mm&r=g\",\"url\":\"https:\\\/\\\/secure.gravatar.com\\\/avatar\\\/72ecc30e9db047a2e0e7176561eb9d564ed77c8108376495b19bd8336405198a?s=96&d=mm&r=g\",\"contentUrl\":\"https:\\\/\\\/secure.gravatar.com\\\/avatar\\\/72ecc30e9db047a2e0e7176561eb9d564ed77c8108376495b19bd8336405198a?s=96&d=mm&r=g\",\"caption\":\"Dpress.ma\"},\"sameAs\":[\"https:\\\/\\\/www.dpress.ma\"],\"url\":\"https:\\\/\\\/dpress.ma\\\/fr\\\/author\\\/dpress-ma\\\/\"}]}<\/script>\n<!-- \/ Yoast SEO plugin. -->","yoast_head_json":{"title":"C\u00e9r\u00e9monie \u00e0 Casablanca en l\u2019honneur des champions marocains - Dpress.ma\/fr","robots":{"index":"index","follow":"follow","max-snippet":"max-snippet:-1","max-image-preview":"max-image-preview:large","max-video-preview":"max-video-preview:-1"},"canonical":"https:\/\/dpress.ma\/fr\/2025\/02\/10\/ceremonie-a-casablanca-en-lhonneur-des-champions-marocains\/","og_locale":"fr_FR","og_type":"article","og_title":"C\u00e9r\u00e9monie \u00e0 Casablanca en l\u2019honneur des champions marocains - Dpress.ma\/fr","og_description":"dpress &nbsp;La F\u00e9d\u00e9ration royale marocaine de sambo et tai jitsu (FRMSTJ) a organis\u00e9, dimanche \u00e0 Casablanca, une c\u00e9r\u00e9monie en l\u2019honneur des champions marocains qui se sont illustr\u00e9s lors des comp\u00e9titions continentales et internationales en 2024. Lors de cette r\u00e9ception, marqu\u00e9e par la pr\u00e9sence notamment du directeur des sports au minist\u00e8re de l\u2019Education nationale, du pr\u00e9scolaire &hellip;","og_url":"https:\/\/dpress.ma\/fr\/2025\/02\/10\/ceremonie-a-casablanca-en-lhonneur-des-champions-marocains\/","og_site_name":"Dpress.ma\/fr","article_published_time":"2025-02-10T10:07:20+00:00","article_modified_time":"2025-02-10T10:07:21+00:00","og_image":[{"width":780,"height":470,"url":"https:\/\/dpress.ma\/fr\/wp-content\/uploads\/sites\/2\/2025\/02\/dprees-dim-14.png","type":"image\/png"}],"author":"Dpress.ma","twitter_card":"summary_large_image","twitter_misc":{"\u00c9crit par":"Dpress.ma","Dur\u00e9e de lecture estim\u00e9e":"2 minutes"},"schema":{"@context":"https:\/\/schema.org","@graph":[{"@type":"Article","@id":"https:\/\/dpress.ma\/fr\/2025\/02\/10\/ceremonie-a-casablanca-en-lhonneur-des-champions-marocains\/#article","isPartOf":{"@id":"https:\/\/dpress.ma\/fr\/2025\/02\/10\/ceremonie-a-casablanca-en-lhonneur-des-champions-marocains\/"},"author":{"name":"Dpress.ma","@id":"https:\/\/dpress.ma\/fr\/#\/schema\/person\/4898febf3ccd59e6578d838656a306a0"},"headline":"C\u00e9r\u00e9monie \u00e0 Casablanca en l\u2019honneur des champions marocains","datePublished":"2025-02-10T10:07:20+00:00","dateModified":"2025-02-10T10:07:21+00:00","mainEntityOfPage":{"@id":"https:\/\/dpress.ma\/fr\/2025\/02\/10\/ceremonie-a-casablanca-en-lhonneur-des-champions-marocains\/"},"wordCount":324,"commentCount":0,"image":{"@id":"https:\/\/dpress.ma\/fr\/2025\/02\/10\/ceremonie-a-casablanca-en-lhonneur-des-champions-marocains\/#primaryimage"},"thumbnailUrl":"https:\/\/dpress.ma\/fr\/wp-content\/uploads\/sites\/2\/2025\/02\/dprees-dim-14.png","articleSection":["Sport"],"inLanguage":"fr-FR","potentialAction":[{"@type":"CommentAction","name":"Comment","target":["https:\/\/dpress.ma\/fr\/2025\/02\/10\/ceremonie-a-casablanca-en-lhonneur-des-champions-marocains\/#respond"]}]},{"@type":"WebPage","@id":"https:\/\/dpress.ma\/fr\/2025\/02\/10\/ceremonie-a-casablanca-en-lhonneur-des-champions-marocains\/","url":"https:\/\/dpress.ma\/fr\/2025\/02\/10\/ceremonie-a-casablanca-en-lhonneur-des-champions-marocains\/","name":"C\u00e9r\u00e9monie \u00e0 Casablanca en l\u2019honneur des champions marocains - Dpress.ma\/fr","isPartOf":{"@id":"https:\/\/dpress.ma\/fr\/#website"},"primaryImageOfPage":{"@id":"https:\/\/dpress.ma\/fr\/2025\/02\/10\/ceremonie-a-casablanca-en-lhonneur-des-champions-marocains\/#primaryimage"},"image":{"@id":"https:\/\/dpress.ma\/fr\/2025\/02\/10\/ceremonie-a-casablanca-en-lhonneur-des-champions-marocains\/#primaryimage"},"thumbnailUrl":"https:\/\/dpress.ma\/fr\/wp-content\/uploads\/sites\/2\/2025\/02\/dprees-dim-14.png","datePublished":"2025-02-10T10:07:20+00:00","dateModified":"2025-02-10T10:07:21+00:00","author":{"@id":"https:\/\/dpress.ma\/fr\/#\/schema\/person\/4898febf3ccd59e6578d838656a306a0"},"breadcrumb":{"@id":"https:\/\/dpress.ma\/fr\/2025\/02\/10\/ceremonie-a-casablanca-en-lhonneur-des-champions-marocains\/#breadcrumb"},"inLanguage":"fr-FR","potentialAction":[{"@type":"ReadAction","target":["https:\/\/dpress.ma\/fr\/2025\/02\/10\/ceremonie-a-casablanca-en-lhonneur-des-champions-marocains\/"]}]},{"@type":"ImageObject","inLanguage":"fr-FR","@id":"https:\/\/dpress.ma\/fr\/2025\/02\/10\/ceremonie-a-casablanca-en-lhonneur-des-champions-marocains\/#primaryimage","url":"https:\/\/dpress.ma\/fr\/wp-content\/uploads\/sites\/2\/2025\/02\/dprees-dim-14.png","contentUrl":"https:\/\/dpress.ma\/fr\/wp-content\/uploads\/sites\/2\/2025\/02\/dprees-dim-14.png","width":780,"height":470},{"@type":"BreadcrumbList","@id":"https:\/\/dpress.ma\/fr\/2025\/02\/10\/ceremonie-a-casablanca-en-lhonneur-des-champions-marocains\/#breadcrumb","itemListElement":[{"@type":"ListItem","position":1,"name":"Home","item":"https:\/\/dpress.ma\/fr\/"},{"@type":"ListItem","position":2,"name":"C\u00e9r\u00e9monie \u00e0 Casablanca en l\u2019honneur des champions marocains"}]},{"@type":"WebSite","@id":"https:\/\/dpress.ma\/fr\/#website","url":"https:\/\/dpress.ma\/fr\/","name":"Dpress.ma\/fr","description":"","potentialAction":[{"@type":"SearchAction","target":{"@type":"EntryPoint","urlTemplate":"https:\/\/dpress.ma\/fr\/?s={search_term_string}"},"query-input":{"@type":"PropertyValueSpecification","valueRequired":true,"valueName":"search_term_string"}}],"inLanguage":"fr-FR"},{"@type":"Person","@id":"https:\/\/dpress.ma\/fr\/#\/schema\/person\/4898febf3ccd59e6578d838656a306a0","name":"Dpress.ma","image":{"@type":"ImageObject","inLanguage":"fr-FR","@id":"https:\/\/secure.gravatar.com\/avatar\/72ecc30e9db047a2e0e7176561eb9d564ed77c8108376495b19bd8336405198a?s=96&d=mm&r=g","url":"https:\/\/secure.gravatar.com\/avatar\/72ecc30e9db047a2e0e7176561eb9d564ed77c8108376495b19bd8336405198a?s=96&d=mm&r=g","contentUrl":"https:\/\/secure.gravatar.com\/avatar\/72ecc30e9db047a2e0e7176561eb9d564ed77c8108376495b19bd8336405198a?s=96&d=mm&r=g","caption":"Dpress.ma"},"sameAs":["https:\/\/www.dpress.ma"],"url":"https:\/\/dpress.ma\/fr\/author\/dpress-ma\/"}]}},"amp_enabled":true,"_links":{"self":[{"href":"https:\/\/dpress.ma\/fr\/wp-json\/wp\/v2\/posts\/12646","targetHints":{"allow":["GET"]}}],"collection":[{"href":"https:\/\/dpress.ma\/fr\/wp-json\/wp\/v2\/posts"}],"about":[{"href":"https:\/\/dpress.ma\/fr\/wp-json\/wp\/v2\/types\/post"}],"author":[{"embeddable":true,"href":"https:\/\/dpress.ma\/fr\/wp-json\/wp\/v2\/users\/2"}],"replies":[{"embeddable":true,"href":"https:\/\/dpress.ma\/fr\/wp-json\/wp\/v2\/comments?post=12646"}],"version-history":[{"count":1,"href":"https:\/\/dpress.ma\/fr\/wp-json\/wp\/v2\/posts\/12646\/revisions"}],"predecessor-version":[{"id":12648,"href":"https:\/\/dpress.ma\/fr\/wp-json\/wp\/v2\/posts\/12646\/revisions\/12648"}],"wp:featuredmedia":[{"embeddable":true,"href":"https:\/\/dpress.ma\/fr\/wp-json\/wp\/v2\/media\/12647"}],"wp:attachment":[{"href":"https:\/\/dpress.ma\/fr\/wp-json\/wp\/v2\/media?parent=12646"}],"wp:term":[{"taxonomy":"category","embeddable":true,"href":"https:\/\/dpress.ma\/fr\/wp-json\/wp\/v2\/categories?post=12646"},{"taxonomy":"post_tag","embeddable":true,"href":"https:\/\/dpress.ma\/fr\/wp-json\/wp\/v2\/tags?post=12646"}],"curies":[{"name":"wp","href":"https:\/\/api.w.org\/{rel}","templated":true}]}}