{"id":1228,"date":"2022-04-16T10:48:47","date_gmt":"2022-04-16T10:48:47","guid":{"rendered":"https:\/\/dpress.ma\/fr\/?p=1228"},"modified":"2022-04-16T10:48:49","modified_gmt":"2022-04-16T10:48:49","slug":"la-caf-felicite-la-selection-marocaine-pour-sa-qualification-au-mondial-2022","status":"publish","type":"post","link":"https:\/\/dpress.ma\/fr\/2022\/04\/16\/la-caf-felicite-la-selection-marocaine-pour-sa-qualification-au-mondial-2022\/","title":{"rendered":"La CAF f\u00e9licite la s\u00e9lection marocaine pour sa qualification au Mondial-2022"},"content":{"rendered":"\n<p>Dpress<\/p>\n\n\n\n<p>La Conf\u00e9d\u00e9ration africaine de football (CAF) a f\u00e9licit\u00e9 la s\u00e9lection marocaine pour sa qualification au Mondial-2022, pr\u00e9vu au Qatar.<\/p>\n\n\n\n<p>Dans un communiqu\u00e9, la F\u00e9d\u00e9ration royale marocaine de football (FRMF) a indiqu\u00e9 avoir re\u00e7u, en la personne de son pr\u00e9sident, Fouzi Lekjaa, un message de f\u00e9licitations de la part du pr\u00e9sident de la CAF, Patrice Motsepe, dans lequel il a salu\u00e9 l\u2019\u00e9norme travail accompli par le Maroc sous le leadership de Sa Majest\u00e9 le Roi Mohammed VI.<\/p>\n\n\n\n<p>M. Motsepe a, \u00e9galement, fait part de son optimisme quant \u00e0 la capacit\u00e9 des Lions de l\u2019Atlas de repr\u00e9senter dignement l\u2019Afrique, assurant que la CAF mettra tous ses moyens \u00e0 la disposition de l\u2019\u00e9quipe marocaine, ainsi que des autres s\u00e9lections qui repr\u00e9senteront le continent pour bien se pr\u00e9parer \u00e0 cette Coupe du Monde.<\/p>\n\n\n\n<p>Le Onze national affronteront la Belgique, la Croatie et le Canada lors du premier tour du Mondial, qui se tiendra du 21 novembre au 18 d\u00e9cembre 2022 au Qatar.<\/p>\n","protected":false},"excerpt":{"rendered":"<p>Dpress La Conf\u00e9d\u00e9ration africaine de football (CAF) a f\u00e9licit\u00e9 la s\u00e9lection marocaine pour sa qualification au Mondial-2022, pr\u00e9vu au Qatar. Dans un communiqu\u00e9, la F\u00e9d\u00e9ration royale marocaine de football (FRMF) a indiqu\u00e9 avoir re\u00e7u, en la personne de son pr\u00e9sident, Fouzi Lekjaa, un message de f\u00e9licitations de la part du pr\u00e9sident de la CAF, Patrice &hellip;<\/p>\n","protected":false},"author":2,"featured_media":1088,"comment_status":"closed","ping_status":"open","sticky":false,"template":"","format":"standard","meta":{"footnotes":""},"categories":[27],"tags":[],"class_list":["post-1228","post","type-post","status-publish","format-standard","has-post-thumbnail","hentry","category-sport"],"yoast_head":"<!-- This site is optimized with the Yoast SEO plugin v27.5 - https:\/\/yoast.com\/product\/yoast-seo-wordpress\/ -->\n<title>La CAF f\u00e9licite la s\u00e9lection marocaine pour sa qualification au Mondial-2022 - Dpress.ma\/fr<\/title>\n<meta name=\"description\" content=\"Rabat \u2013 La Conf\u00e9d\u00e9ration africaine de football (CAF) a f\u00e9licit\u00e9 la s\u00e9lection marocaine pour sa qualification au Mondial-2022,\" \/>\n<meta name=\"robots\" content=\"index, follow, max-snippet:-1, max-image-preview:large, max-video-preview:-1\" \/>\n<link rel=\"canonical\" href=\"https:\/\/dpress.ma\/fr\/2022\/04\/16\/la-caf-felicite-la-selection-marocaine-pour-sa-qualification-au-mondial-2022\/\" \/>\n<meta property=\"og:locale\" content=\"fr_FR\" \/>\n<meta property=\"og:type\" content=\"article\" \/>\n<meta property=\"og:title\" content=\"La CAF f\u00e9licite la s\u00e9lection marocaine pour sa qualification au Mondial-2022 - Dpress.ma\/fr\" \/>\n<meta property=\"og:description\" content=\"Rabat \u2013 La Conf\u00e9d\u00e9ration africaine de football (CAF) a f\u00e9licit\u00e9 la s\u00e9lection marocaine pour sa qualification au Mondial-2022,\" \/>\n<meta property=\"og:url\" content=\"https:\/\/dpress.ma\/fr\/2022\/04\/16\/la-caf-felicite-la-selection-marocaine-pour-sa-qualification-au-mondial-2022\/\" \/>\n<meta property=\"og:site_name\" content=\"Dpress.ma\/fr\" \/>\n<meta property=\"article:published_time\" content=\"2022-04-16T10:48:47+00:00\" \/>\n<meta property=\"article:modified_time\" content=\"2022-04-16T10:48:49+00:00\" \/>\n<meta property=\"og:image\" content=\"https:\/\/dpress.ma\/fr\/wp-content\/uploads\/sites\/2\/2022\/04\/foot-fr.jpg\" \/>\n\t<meta property=\"og:image:width\" content=\"2539\" \/>\n\t<meta property=\"og:image:height\" content=\"1594\" \/>\n\t<meta property=\"og:image:type\" content=\"image\/jpeg\" \/>\n<meta name=\"author\" content=\"Dpress.ma\" \/>\n<meta name=\"twitter:card\" content=\"summary_large_image\" \/>\n<meta name=\"twitter:label1\" content=\"\u00c9crit par\" \/>\n\t<meta name=\"twitter:data1\" content=\"Dpress.ma\" \/>\n\t<meta name=\"twitter:label2\" content=\"Dur\u00e9e de lecture estim\u00e9e\" \/>\n\t<meta name=\"twitter:data2\" content=\"1 minute\" \/>\n<script type=\"application\/ld+json\" class=\"yoast-schema-graph\">{\"@context\":\"https:\\\/\\\/schema.org\",\"@graph\":[{\"@type\":\"Article\",\"@id\":\"https:\\\/\\\/dpress.ma\\\/fr\\\/2022\\\/04\\\/16\\\/la-caf-felicite-la-selection-marocaine-pour-sa-qualification-au-mondial-2022\\\/#article\",\"isPartOf\":{\"@id\":\"https:\\\/\\\/dpress.ma\\\/fr\\\/2022\\\/04\\\/16\\\/la-caf-felicite-la-selection-marocaine-pour-sa-qualification-au-mondial-2022\\\/\"},\"author\":{\"name\":\"Dpress.ma\",\"@id\":\"https:\\\/\\\/dpress.ma\\\/fr\\\/#\\\/schema\\\/person\\\/4898febf3ccd59e6578d838656a306a0\"},\"headline\":\"La CAF f\u00e9licite la s\u00e9lection marocaine pour sa qualification au Mondial-2022\",\"datePublished\":\"2022-04-16T10:48:47+00:00\",\"dateModified\":\"2022-04-16T10:48:49+00:00\",\"mainEntityOfPage\":{\"@id\":\"https:\\\/\\\/dpress.ma\\\/fr\\\/2022\\\/04\\\/16\\\/la-caf-felicite-la-selection-marocaine-pour-sa-qualification-au-mondial-2022\\\/\"},\"wordCount\":186,\"image\":{\"@id\":\"https:\\\/\\\/dpress.ma\\\/fr\\\/2022\\\/04\\\/16\\\/la-caf-felicite-la-selection-marocaine-pour-sa-qualification-au-mondial-2022\\\/#primaryimage\"},\"thumbnailUrl\":\"https:\\\/\\\/dpress.ma\\\/fr\\\/wp-content\\\/uploads\\\/sites\\\/2\\\/2022\\\/04\\\/foot-fr.jpg\",\"articleSection\":[\"Sport\"],\"inLanguage\":\"fr-FR\"},{\"@type\":\"WebPage\",\"@id\":\"https:\\\/\\\/dpress.ma\\\/fr\\\/2022\\\/04\\\/16\\\/la-caf-felicite-la-selection-marocaine-pour-sa-qualification-au-mondial-2022\\\/\",\"url\":\"https:\\\/\\\/dpress.ma\\\/fr\\\/2022\\\/04\\\/16\\\/la-caf-felicite-la-selection-marocaine-pour-sa-qualification-au-mondial-2022\\\/\",\"name\":\"La CAF f\u00e9licite la s\u00e9lection marocaine pour sa qualification au Mondial-2022 - Dpress.ma\\\/fr\",\"isPartOf\":{\"@id\":\"https:\\\/\\\/dpress.ma\\\/fr\\\/#website\"},\"primaryImageOfPage\":{\"@id\":\"https:\\\/\\\/dpress.ma\\\/fr\\\/2022\\\/04\\\/16\\\/la-caf-felicite-la-selection-marocaine-pour-sa-qualification-au-mondial-2022\\\/#primaryimage\"},\"image\":{\"@id\":\"https:\\\/\\\/dpress.ma\\\/fr\\\/2022\\\/04\\\/16\\\/la-caf-felicite-la-selection-marocaine-pour-sa-qualification-au-mondial-2022\\\/#primaryimage\"},\"thumbnailUrl\":\"https:\\\/\\\/dpress.ma\\\/fr\\\/wp-content\\\/uploads\\\/sites\\\/2\\\/2022\\\/04\\\/foot-fr.jpg\",\"datePublished\":\"2022-04-16T10:48:47+00:00\",\"dateModified\":\"2022-04-16T10:48:49+00:00\",\"author\":{\"@id\":\"https:\\\/\\\/dpress.ma\\\/fr\\\/#\\\/schema\\\/person\\\/4898febf3ccd59e6578d838656a306a0\"},\"description\":\"Rabat \u2013 La Conf\u00e9d\u00e9ration africaine de football (CAF) a f\u00e9licit\u00e9 la s\u00e9lection marocaine pour sa qualification au Mondial-2022,\",\"breadcrumb\":{\"@id\":\"https:\\\/\\\/dpress.ma\\\/fr\\\/2022\\\/04\\\/16\\\/la-caf-felicite-la-selection-marocaine-pour-sa-qualification-au-mondial-2022\\\/#breadcrumb\"},\"inLanguage\":\"fr-FR\",\"potentialAction\":[{\"@type\":\"ReadAction\",\"target\":[\"https:\\\/\\\/dpress.ma\\\/fr\\\/2022\\\/04\\\/16\\\/la-caf-felicite-la-selection-marocaine-pour-sa-qualification-au-mondial-2022\\\/\"]}]},{\"@type\":\"ImageObject\",\"inLanguage\":\"fr-FR\",\"@id\":\"https:\\\/\\\/dpress.ma\\\/fr\\\/2022\\\/04\\\/16\\\/la-caf-felicite-la-selection-marocaine-pour-sa-qualification-au-mondial-2022\\\/#primaryimage\",\"url\":\"https:\\\/\\\/dpress.ma\\\/fr\\\/wp-content\\\/uploads\\\/sites\\\/2\\\/2022\\\/04\\\/foot-fr.jpg\",\"contentUrl\":\"https:\\\/\\\/dpress.ma\\\/fr\\\/wp-content\\\/uploads\\\/sites\\\/2\\\/2022\\\/04\\\/foot-fr.jpg\",\"width\":2539,\"height\":1594},{\"@type\":\"BreadcrumbList\",\"@id\":\"https:\\\/\\\/dpress.ma\\\/fr\\\/2022\\\/04\\\/16\\\/la-caf-felicite-la-selection-marocaine-pour-sa-qualification-au-mondial-2022\\\/#breadcrumb\",\"itemListElement\":[{\"@type\":\"ListItem\",\"position\":1,\"name\":\"Home\",\"item\":\"https:\\\/\\\/dpress.ma\\\/fr\\\/\"},{\"@type\":\"ListItem\",\"position\":2,\"name\":\"La CAF f\u00e9licite la s\u00e9lection marocaine pour sa qualification au Mondial-2022\"}]},{\"@type\":\"WebSite\",\"@id\":\"https:\\\/\\\/dpress.ma\\\/fr\\\/#website\",\"url\":\"https:\\\/\\\/dpress.ma\\\/fr\\\/\",\"name\":\"Dpress.ma\\\/fr\",\"description\":\"\",\"potentialAction\":[{\"@type\":\"SearchAction\",\"target\":{\"@type\":\"EntryPoint\",\"urlTemplate\":\"https:\\\/\\\/dpress.ma\\\/fr\\\/?s={search_term_string}\"},\"query-input\":{\"@type\":\"PropertyValueSpecification\",\"valueRequired\":true,\"valueName\":\"search_term_string\"}}],\"inLanguage\":\"fr-FR\"},{\"@type\":\"Person\",\"@id\":\"https:\\\/\\\/dpress.ma\\\/fr\\\/#\\\/schema\\\/person\\\/4898febf3ccd59e6578d838656a306a0\",\"name\":\"Dpress.ma\",\"image\":{\"@type\":\"ImageObject\",\"inLanguage\":\"fr-FR\",\"@id\":\"https:\\\/\\\/secure.gravatar.com\\\/avatar\\\/72ecc30e9db047a2e0e7176561eb9d564ed77c8108376495b19bd8336405198a?s=96&d=mm&r=g\",\"url\":\"https:\\\/\\\/secure.gravatar.com\\\/avatar\\\/72ecc30e9db047a2e0e7176561eb9d564ed77c8108376495b19bd8336405198a?s=96&d=mm&r=g\",\"contentUrl\":\"https:\\\/\\\/secure.gravatar.com\\\/avatar\\\/72ecc30e9db047a2e0e7176561eb9d564ed77c8108376495b19bd8336405198a?s=96&d=mm&r=g\",\"caption\":\"Dpress.ma\"},\"sameAs\":[\"https:\\\/\\\/www.dpress.ma\"],\"url\":\"https:\\\/\\\/dpress.ma\\\/fr\\\/author\\\/dpress-ma\\\/\"}]}<\/script>\n<!-- \/ Yoast SEO plugin. -->","yoast_head_json":{"title":"La CAF f\u00e9licite la s\u00e9lection marocaine pour sa qualification au Mondial-2022 - Dpress.ma\/fr","description":"Rabat \u2013 La Conf\u00e9d\u00e9ration africaine de football (CAF) a f\u00e9licit\u00e9 la s\u00e9lection marocaine pour sa qualification au Mondial-2022,","robots":{"index":"index","follow":"follow","max-snippet":"max-snippet:-1","max-image-preview":"max-image-preview:large","max-video-preview":"max-video-preview:-1"},"canonical":"https:\/\/dpress.ma\/fr\/2022\/04\/16\/la-caf-felicite-la-selection-marocaine-pour-sa-qualification-au-mondial-2022\/","og_locale":"fr_FR","og_type":"article","og_title":"La CAF f\u00e9licite la s\u00e9lection marocaine pour sa qualification au Mondial-2022 - Dpress.ma\/fr","og_description":"Rabat \u2013 La Conf\u00e9d\u00e9ration africaine de football (CAF) a f\u00e9licit\u00e9 la s\u00e9lection marocaine pour sa qualification au Mondial-2022,","og_url":"https:\/\/dpress.ma\/fr\/2022\/04\/16\/la-caf-felicite-la-selection-marocaine-pour-sa-qualification-au-mondial-2022\/","og_site_name":"Dpress.ma\/fr","article_published_time":"2022-04-16T10:48:47+00:00","article_modified_time":"2022-04-16T10:48:49+00:00","og_image":[{"width":2539,"height":1594,"url":"https:\/\/dpress.ma\/fr\/wp-content\/uploads\/sites\/2\/2022\/04\/foot-fr.jpg","type":"image\/jpeg"}],"author":"Dpress.ma","twitter_card":"summary_large_image","twitter_misc":{"\u00c9crit par":"Dpress.ma","Dur\u00e9e de lecture estim\u00e9e":"1 minute"},"schema":{"@context":"https:\/\/schema.org","@graph":[{"@type":"Article","@id":"https:\/\/dpress.ma\/fr\/2022\/04\/16\/la-caf-felicite-la-selection-marocaine-pour-sa-qualification-au-mondial-2022\/#article","isPartOf":{"@id":"https:\/\/dpress.ma\/fr\/2022\/04\/16\/la-caf-felicite-la-selection-marocaine-pour-sa-qualification-au-mondial-2022\/"},"author":{"name":"Dpress.ma","@id":"https:\/\/dpress.ma\/fr\/#\/schema\/person\/4898febf3ccd59e6578d838656a306a0"},"headline":"La CAF f\u00e9licite la s\u00e9lection marocaine pour sa qualification au Mondial-2022","datePublished":"2022-04-16T10:48:47+00:00","dateModified":"2022-04-16T10:48:49+00:00","mainEntityOfPage":{"@id":"https:\/\/dpress.ma\/fr\/2022\/04\/16\/la-caf-felicite-la-selection-marocaine-pour-sa-qualification-au-mondial-2022\/"},"wordCount":186,"image":{"@id":"https:\/\/dpress.ma\/fr\/2022\/04\/16\/la-caf-felicite-la-selection-marocaine-pour-sa-qualification-au-mondial-2022\/#primaryimage"},"thumbnailUrl":"https:\/\/dpress.ma\/fr\/wp-content\/uploads\/sites\/2\/2022\/04\/foot-fr.jpg","articleSection":["Sport"],"inLanguage":"fr-FR"},{"@type":"WebPage","@id":"https:\/\/dpress.ma\/fr\/2022\/04\/16\/la-caf-felicite-la-selection-marocaine-pour-sa-qualification-au-mondial-2022\/","url":"https:\/\/dpress.ma\/fr\/2022\/04\/16\/la-caf-felicite-la-selection-marocaine-pour-sa-qualification-au-mondial-2022\/","name":"La CAF f\u00e9licite la s\u00e9lection marocaine pour sa qualification au Mondial-2022 - Dpress.ma\/fr","isPartOf":{"@id":"https:\/\/dpress.ma\/fr\/#website"},"primaryImageOfPage":{"@id":"https:\/\/dpress.ma\/fr\/2022\/04\/16\/la-caf-felicite-la-selection-marocaine-pour-sa-qualification-au-mondial-2022\/#primaryimage"},"image":{"@id":"https:\/\/dpress.ma\/fr\/2022\/04\/16\/la-caf-felicite-la-selection-marocaine-pour-sa-qualification-au-mondial-2022\/#primaryimage"},"thumbnailUrl":"https:\/\/dpress.ma\/fr\/wp-content\/uploads\/sites\/2\/2022\/04\/foot-fr.jpg","datePublished":"2022-04-16T10:48:47+00:00","dateModified":"2022-04-16T10:48:49+00:00","author":{"@id":"https:\/\/dpress.ma\/fr\/#\/schema\/person\/4898febf3ccd59e6578d838656a306a0"},"description":"Rabat \u2013 La Conf\u00e9d\u00e9ration africaine de football (CAF) a f\u00e9licit\u00e9 la s\u00e9lection marocaine pour sa qualification au Mondial-2022,","breadcrumb":{"@id":"https:\/\/dpress.ma\/fr\/2022\/04\/16\/la-caf-felicite-la-selection-marocaine-pour-sa-qualification-au-mondial-2022\/#breadcrumb"},"inLanguage":"fr-FR","potentialAction":[{"@type":"ReadAction","target":["https:\/\/dpress.ma\/fr\/2022\/04\/16\/la-caf-felicite-la-selection-marocaine-pour-sa-qualification-au-mondial-2022\/"]}]},{"@type":"ImageObject","inLanguage":"fr-FR","@id":"https:\/\/dpress.ma\/fr\/2022\/04\/16\/la-caf-felicite-la-selection-marocaine-pour-sa-qualification-au-mondial-2022\/#primaryimage","url":"https:\/\/dpress.ma\/fr\/wp-content\/uploads\/sites\/2\/2022\/04\/foot-fr.jpg","contentUrl":"https:\/\/dpress.ma\/fr\/wp-content\/uploads\/sites\/2\/2022\/04\/foot-fr.jpg","width":2539,"height":1594},{"@type":"BreadcrumbList","@id":"https:\/\/dpress.ma\/fr\/2022\/04\/16\/la-caf-felicite-la-selection-marocaine-pour-sa-qualification-au-mondial-2022\/#breadcrumb","itemListElement":[{"@type":"ListItem","position":1,"name":"Home","item":"https:\/\/dpress.ma\/fr\/"},{"@type":"ListItem","position":2,"name":"La CAF f\u00e9licite la s\u00e9lection marocaine pour sa qualification au Mondial-2022"}]},{"@type":"WebSite","@id":"https:\/\/dpress.ma\/fr\/#website","url":"https:\/\/dpress.ma\/fr\/","name":"Dpress.ma\/fr","description":"","potentialAction":[{"@type":"SearchAction","target":{"@type":"EntryPoint","urlTemplate":"https:\/\/dpress.ma\/fr\/?s={search_term_string}"},"query-input":{"@type":"PropertyValueSpecification","valueRequired":true,"valueName":"search_term_string"}}],"inLanguage":"fr-FR"},{"@type":"Person","@id":"https:\/\/dpress.ma\/fr\/#\/schema\/person\/4898febf3ccd59e6578d838656a306a0","name":"Dpress.ma","image":{"@type":"ImageObject","inLanguage":"fr-FR","@id":"https:\/\/secure.gravatar.com\/avatar\/72ecc30e9db047a2e0e7176561eb9d564ed77c8108376495b19bd8336405198a?s=96&d=mm&r=g","url":"https:\/\/secure.gravatar.com\/avatar\/72ecc30e9db047a2e0e7176561eb9d564ed77c8108376495b19bd8336405198a?s=96&d=mm&r=g","contentUrl":"https:\/\/secure.gravatar.com\/avatar\/72ecc30e9db047a2e0e7176561eb9d564ed77c8108376495b19bd8336405198a?s=96&d=mm&r=g","caption":"Dpress.ma"},"sameAs":["https:\/\/www.dpress.ma"],"url":"https:\/\/dpress.ma\/fr\/author\/dpress-ma\/"}]}},"amp_enabled":true,"_links":{"self":[{"href":"https:\/\/dpress.ma\/fr\/wp-json\/wp\/v2\/posts\/1228","targetHints":{"allow":["GET"]}}],"collection":[{"href":"https:\/\/dpress.ma\/fr\/wp-json\/wp\/v2\/posts"}],"about":[{"href":"https:\/\/dpress.ma\/fr\/wp-json\/wp\/v2\/types\/post"}],"author":[{"embeddable":true,"href":"https:\/\/dpress.ma\/fr\/wp-json\/wp\/v2\/users\/2"}],"replies":[{"embeddable":true,"href":"https:\/\/dpress.ma\/fr\/wp-json\/wp\/v2\/comments?post=1228"}],"version-history":[{"count":1,"href":"https:\/\/dpress.ma\/fr\/wp-json\/wp\/v2\/posts\/1228\/revisions"}],"predecessor-version":[{"id":1229,"href":"https:\/\/dpress.ma\/fr\/wp-json\/wp\/v2\/posts\/1228\/revisions\/1229"}],"wp:featuredmedia":[{"embeddable":true,"href":"https:\/\/dpress.ma\/fr\/wp-json\/wp\/v2\/media\/1088"}],"wp:attachment":[{"href":"https:\/\/dpress.ma\/fr\/wp-json\/wp\/v2\/media?parent=1228"}],"wp:term":[{"taxonomy":"category","embeddable":true,"href":"https:\/\/dpress.ma\/fr\/wp-json\/wp\/v2\/categories?post=1228"},{"taxonomy":"post_tag","embeddable":true,"href":"https:\/\/dpress.ma\/fr\/wp-json\/wp\/v2\/tags?post=1228"}],"curies":[{"name":"wp","href":"https:\/\/api.w.org\/{rel}","templated":true}]}}