{"id":1216,"date":"2022-04-16T10:21:26","date_gmt":"2022-04-16T10:21:26","guid":{"rendered":"https:\/\/dpress.ma\/fr\/?p=1216"},"modified":"2022-04-16T10:21:27","modified_gmt":"2022-04-16T10:21:27","slug":"le-role-des-parlements-dans-la-promotion-des-droits-humains-examine-par-m-talbi-alami-et-le-president-de-la-commission-africaine-des-droits-de-lhomme","status":"publish","type":"post","link":"https:\/\/dpress.ma\/fr\/2022\/04\/16\/le-role-des-parlements-dans-la-promotion-des-droits-humains-examine-par-m-talbi-alami-et-le-president-de-la-commission-africaine-des-droits-de-lhomme\/","title":{"rendered":"Le r\u00f4le des parlements dans la promotion des droits humains, examin\u00e9 par M. Talbi Alami et le pr\u00e9sident de la Commission africaine des droits de l\u2019Homme"},"content":{"rendered":"\n<p>Dpress<\/p>\n\n\n\n<p>Le pr\u00e9sident de la Chambre des repr\u00e9sentants, M. Rachid Talbi Alami, s\u2019est entretenu jeudi au si\u00e8ge de la Chambre avec le pr\u00e9sident de la Commission Africaine des Droits de l\u2019homme et des Peuples, M. R\u00e9my Ngoy Lumbu, en visite au Maroc \u00e0 la t\u00eate d\u2019une d\u00e9l\u00e9gation.<\/p>\n\n\n\n<p>Au d\u00e9but de la rencontre, M. Ngoy Lumbu a pr\u00e9sent\u00e9 la structure et les comp\u00e9tences de la Commission, notant que la visite et les r\u00e9unions tenues au Maroc s\u2019inscrivent dans le cadre du plaidoyer men\u00e9 par le Conseil national des droits de l\u2019homme et la Commission au sujet de la Charte africaine des droits de l\u2019homme et des peuples, et de la promotion du dialogue avec divers acteurs institutionnels, notamment l\u2019institution l\u00e9gislative, sur le syst\u00e8me africain des droits de l\u2019homme.<\/p>\n\n\n\n<p>M. Ngoy Lumbu a fait savoir que sa rencontre avec le pr\u00e9sident de la Chambre des repr\u00e9sentants et d\u2019autres parties prenantes institutionnelles et civiles a pour but de susciter un d\u00e9bat sur ladite Charte africaine et une interaction avec le syst\u00e8me africain des droits de l\u2019homme, ainsi que de contribuer aux efforts visant l\u2019\u00e9largissement de la base de l\u2019adh\u00e9sion \u00e0 la Charte africaine et l\u2019identification des opportunit\u00e9s et des obligations qui en r\u00e9sulteront, outre les modalit\u00e9s d\u2019interaction de chaque composante du syst\u00e8me national avec le syst\u00e8me africain des droits de l\u2019homme.<\/p>\n\n\n\n<p>De son c\u00f4t\u00e9, M. Talbi El Alami a pass\u00e9 en revue les progr\u00e8s et les r\u00e9alisations du Maroc dans le domaine des droits de l\u2019homme et des libert\u00e9s au cours des deux derni\u00e8res d\u00e9cennies sous la conduite de SM le Roi Mohammed VI.<\/p>\n\n\n\n<p>Dans le m\u00eame ordre d\u2019id\u00e9es, il a mis en avant l\u2019exp\u00e9rience marocaine dans le domaine de la justice transitionnelle et de la r\u00e9paration des torts, ainsi que les dispositions de la Constitution marocaine qui soulignent l\u2019attachement du Royaume aux droits de l\u2019homme tels qu\u2019ils sont universellement reconnus, en plus des comp\u00e9tences et pouvoirs d\u00e9volus en vertu de la Constitution au Conseil national des droits de l\u2019homme, qui a conclu un accord de partenariat et de coop\u00e9ration avec la Chambre des repr\u00e9sentants.<\/p>\n\n\n\n<p>M. Talbi El Alami a \u00e9galement mis en exergue les pr\u00e9rogatives et le r\u00f4le de la Chambre des repr\u00e9sentants et ses diff\u00e9rentes instances dans la protection et la promotion des droits de l\u2019homme, dans les domaines de la l\u00e9gislation, du contr\u00f4le de l\u2019action gouvernementale \u00e0 travers les questions \u00e9crites et orales, de l\u2019\u00e9valuation des politiques publiques connexes, ainsi que l\u2019examen et la discussion des rapports des instances de la gouvernance conform\u00e9ment aux dispositions de la Constitution et aux d\u00e9cisions de la Cour constitutionnelle.<\/p>\n\n\n\n<p>Dans le m\u00eame sillage, il a rappel\u00e9 les acquis r\u00e9alis\u00e9s par la Chambre durant la derni\u00e8re d\u00e9cennie, qui lui ont permis d\u2019occuper une position distincte au sein de nombreuses instances et organisations parlementaire continentales, r\u00e9gionales et internationales.<\/p>\n\n\n\n<p>M. Talbi Alami a aussi exprim\u00e9 la volont\u00e9 de la Chambre de partager son exp\u00e9rience avec les diverses institutions, instances et commissions, ainsi que de consolider le b\u00e9n\u00e9fice de ladite exp\u00e9rience, notamment dans le domaine des droits de l\u2019homme et des libert\u00e9s, et en lien avec l\u2019ouverture sur la soci\u00e9t\u00e9 civile \u00e0 travers le m\u00e9canisme du droit de pr\u00e9sentation de p\u00e9titions et de motions.<\/p>\n\n\n\n<p>La d\u00e9l\u00e9gation de la Commission africaine des droits de l\u2019homme et des peuples se compose de Mme Marie Louise Abomo, Commissaire et Pr\u00e9sidente du Groupe de travail sur les droits des personnes \u00e2g\u00e9es et des personnes handicap\u00e9es, Mme Ourveena Geereesha Topsy-Sonoo, Commissaire et Rapporteur sp\u00e9cial sur la libert\u00e9 d\u2019expression et l\u2019acc\u00e8s \u00e0 l\u2019information en Afrique, M. Idrissa Sow, Commissaire et Pr\u00e9sident du Groupe de travail sur la peine de mort et les ex\u00e9cutions extrajudiciaires, sommaires ou arbitraires en Afrique ainsi que Mme Hannah Forster, la Directrice ex\u00e9cutive du Centre africain pour la d\u00e9mocratie et les \u00e9tudes des droits de l\u2019homme.<\/p>\n","protected":false},"excerpt":{"rendered":"<p>Dpress Le pr\u00e9sident de la Chambre des repr\u00e9sentants, M. Rachid Talbi Alami, s\u2019est entretenu jeudi au si\u00e8ge de la Chambre avec le pr\u00e9sident de la Commission Africaine des Droits de l\u2019homme et des Peuples, M. R\u00e9my Ngoy Lumbu, en visite au Maroc \u00e0 la t\u00eate d\u2019une d\u00e9l\u00e9gation. Au d\u00e9but de la rencontre, M. Ngoy Lumbu &hellip;<\/p>\n","protected":false},"author":2,"featured_media":1217,"comment_status":"closed","ping_status":"open","sticky":false,"template":"","format":"standard","meta":{"footnotes":""},"categories":[34],"tags":[],"class_list":["post-1216","post","type-post","status-publish","format-standard","has-post-thumbnail","hentry","category-diplomatie-parlementaire"],"yoast_head":"<!-- This site is optimized with the Yoast SEO plugin v27.5 - https:\/\/yoast.com\/product\/yoast-seo-wordpress\/ -->\n<title>Le r\u00f4le des parlements dans la promotion des droits humains, examin\u00e9 par M. Talbi Alami et le pr\u00e9sident de la Commission africaine des droits de l\u2019Homme - Dpress.ma\/fr<\/title>\n<meta name=\"description\" content=\"e pr\u00e9sident de la Chambre des repr\u00e9sentants, M. Rachid Talbi Alami, s\u2019est entretenu jeudi au si\u00e8ge de la Chambre avec le pr\u00e9sident de\" \/>\n<meta name=\"robots\" content=\"index, follow, max-snippet:-1, max-image-preview:large, max-video-preview:-1\" \/>\n<link rel=\"canonical\" href=\"https:\/\/dpress.ma\/fr\/2022\/04\/16\/le-role-des-parlements-dans-la-promotion-des-droits-humains-examine-par-m-talbi-alami-et-le-president-de-la-commission-africaine-des-droits-de-lhomme\/\" \/>\n<meta property=\"og:locale\" content=\"fr_FR\" \/>\n<meta property=\"og:type\" content=\"article\" \/>\n<meta property=\"og:title\" content=\"Le r\u00f4le des parlements dans la promotion des droits humains, examin\u00e9 par M. Talbi Alami et le pr\u00e9sident de la Commission africaine des droits de l\u2019Homme - Dpress.ma\/fr\" \/>\n<meta property=\"og:description\" content=\"e pr\u00e9sident de la Chambre des repr\u00e9sentants, M. Rachid Talbi Alami, s\u2019est entretenu jeudi au si\u00e8ge de la Chambre avec le pr\u00e9sident de\" \/>\n<meta property=\"og:url\" content=\"https:\/\/dpress.ma\/fr\/2022\/04\/16\/le-role-des-parlements-dans-la-promotion-des-droits-humains-examine-par-m-talbi-alami-et-le-president-de-la-commission-africaine-des-droits-de-lhomme\/\" \/>\n<meta property=\"og:site_name\" content=\"Dpress.ma\/fr\" \/>\n<meta property=\"article:published_time\" content=\"2022-04-16T10:21:26+00:00\" \/>\n<meta property=\"article:modified_time\" content=\"2022-04-16T10:21:27+00:00\" \/>\n<meta property=\"og:image\" content=\"https:\/\/dpress.ma\/fr\/wp-content\/uploads\/sites\/2\/2022\/04\/talbi-fr.jpg\" \/>\n\t<meta property=\"og:image:width\" content=\"2539\" \/>\n\t<meta property=\"og:image:height\" content=\"1594\" \/>\n\t<meta property=\"og:image:type\" content=\"image\/jpeg\" \/>\n<meta name=\"author\" content=\"Dpress.ma\" \/>\n<meta name=\"twitter:card\" content=\"summary_large_image\" \/>\n<meta name=\"twitter:label1\" content=\"\u00c9crit par\" \/>\n\t<meta name=\"twitter:data1\" content=\"Dpress.ma\" \/>\n\t<meta name=\"twitter:label2\" content=\"Dur\u00e9e de lecture estim\u00e9e\" \/>\n\t<meta name=\"twitter:data2\" content=\"4 minutes\" \/>\n<script type=\"application\/ld+json\" class=\"yoast-schema-graph\">{\"@context\":\"https:\\\/\\\/schema.org\",\"@graph\":[{\"@type\":\"Article\",\"@id\":\"https:\\\/\\\/dpress.ma\\\/fr\\\/2022\\\/04\\\/16\\\/le-role-des-parlements-dans-la-promotion-des-droits-humains-examine-par-m-talbi-alami-et-le-president-de-la-commission-africaine-des-droits-de-lhomme\\\/#article\",\"isPartOf\":{\"@id\":\"https:\\\/\\\/dpress.ma\\\/fr\\\/2022\\\/04\\\/16\\\/le-role-des-parlements-dans-la-promotion-des-droits-humains-examine-par-m-talbi-alami-et-le-president-de-la-commission-africaine-des-droits-de-lhomme\\\/\"},\"author\":{\"name\":\"Dpress.ma\",\"@id\":\"https:\\\/\\\/dpress.ma\\\/fr\\\/#\\\/schema\\\/person\\\/4898febf3ccd59e6578d838656a306a0\"},\"headline\":\"Le r\u00f4le des parlements dans la promotion des droits humains, examin\u00e9 par M. Talbi Alami et le pr\u00e9sident de la Commission africaine des droits de l\u2019Homme\",\"datePublished\":\"2022-04-16T10:21:26+00:00\",\"dateModified\":\"2022-04-16T10:21:27+00:00\",\"mainEntityOfPage\":{\"@id\":\"https:\\\/\\\/dpress.ma\\\/fr\\\/2022\\\/04\\\/16\\\/le-role-des-parlements-dans-la-promotion-des-droits-humains-examine-par-m-talbi-alami-et-le-president-de-la-commission-africaine-des-droits-de-lhomme\\\/\"},\"wordCount\":756,\"image\":{\"@id\":\"https:\\\/\\\/dpress.ma\\\/fr\\\/2022\\\/04\\\/16\\\/le-role-des-parlements-dans-la-promotion-des-droits-humains-examine-par-m-talbi-alami-et-le-president-de-la-commission-africaine-des-droits-de-lhomme\\\/#primaryimage\"},\"thumbnailUrl\":\"https:\\\/\\\/dpress.ma\\\/fr\\\/wp-content\\\/uploads\\\/sites\\\/2\\\/2022\\\/04\\\/talbi-fr.jpg\",\"articleSection\":[\"Diplomatie Parlementaire\"],\"inLanguage\":\"fr-FR\"},{\"@type\":\"WebPage\",\"@id\":\"https:\\\/\\\/dpress.ma\\\/fr\\\/2022\\\/04\\\/16\\\/le-role-des-parlements-dans-la-promotion-des-droits-humains-examine-par-m-talbi-alami-et-le-president-de-la-commission-africaine-des-droits-de-lhomme\\\/\",\"url\":\"https:\\\/\\\/dpress.ma\\\/fr\\\/2022\\\/04\\\/16\\\/le-role-des-parlements-dans-la-promotion-des-droits-humains-examine-par-m-talbi-alami-et-le-president-de-la-commission-africaine-des-droits-de-lhomme\\\/\",\"name\":\"Le r\u00f4le des parlements dans la promotion des droits humains, examin\u00e9 par M. Talbi Alami et le pr\u00e9sident de la Commission africaine des droits de l\u2019Homme - Dpress.ma\\\/fr\",\"isPartOf\":{\"@id\":\"https:\\\/\\\/dpress.ma\\\/fr\\\/#website\"},\"primaryImageOfPage\":{\"@id\":\"https:\\\/\\\/dpress.ma\\\/fr\\\/2022\\\/04\\\/16\\\/le-role-des-parlements-dans-la-promotion-des-droits-humains-examine-par-m-talbi-alami-et-le-president-de-la-commission-africaine-des-droits-de-lhomme\\\/#primaryimage\"},\"image\":{\"@id\":\"https:\\\/\\\/dpress.ma\\\/fr\\\/2022\\\/04\\\/16\\\/le-role-des-parlements-dans-la-promotion-des-droits-humains-examine-par-m-talbi-alami-et-le-president-de-la-commission-africaine-des-droits-de-lhomme\\\/#primaryimage\"},\"thumbnailUrl\":\"https:\\\/\\\/dpress.ma\\\/fr\\\/wp-content\\\/uploads\\\/sites\\\/2\\\/2022\\\/04\\\/talbi-fr.jpg\",\"datePublished\":\"2022-04-16T10:21:26+00:00\",\"dateModified\":\"2022-04-16T10:21:27+00:00\",\"author\":{\"@id\":\"https:\\\/\\\/dpress.ma\\\/fr\\\/#\\\/schema\\\/person\\\/4898febf3ccd59e6578d838656a306a0\"},\"description\":\"e pr\u00e9sident de la Chambre des repr\u00e9sentants, M. Rachid Talbi Alami, s\u2019est entretenu jeudi au si\u00e8ge de la Chambre avec le pr\u00e9sident de\",\"breadcrumb\":{\"@id\":\"https:\\\/\\\/dpress.ma\\\/fr\\\/2022\\\/04\\\/16\\\/le-role-des-parlements-dans-la-promotion-des-droits-humains-examine-par-m-talbi-alami-et-le-president-de-la-commission-africaine-des-droits-de-lhomme\\\/#breadcrumb\"},\"inLanguage\":\"fr-FR\",\"potentialAction\":[{\"@type\":\"ReadAction\",\"target\":[\"https:\\\/\\\/dpress.ma\\\/fr\\\/2022\\\/04\\\/16\\\/le-role-des-parlements-dans-la-promotion-des-droits-humains-examine-par-m-talbi-alami-et-le-president-de-la-commission-africaine-des-droits-de-lhomme\\\/\"]}]},{\"@type\":\"ImageObject\",\"inLanguage\":\"fr-FR\",\"@id\":\"https:\\\/\\\/dpress.ma\\\/fr\\\/2022\\\/04\\\/16\\\/le-role-des-parlements-dans-la-promotion-des-droits-humains-examine-par-m-talbi-alami-et-le-president-de-la-commission-africaine-des-droits-de-lhomme\\\/#primaryimage\",\"url\":\"https:\\\/\\\/dpress.ma\\\/fr\\\/wp-content\\\/uploads\\\/sites\\\/2\\\/2022\\\/04\\\/talbi-fr.jpg\",\"contentUrl\":\"https:\\\/\\\/dpress.ma\\\/fr\\\/wp-content\\\/uploads\\\/sites\\\/2\\\/2022\\\/04\\\/talbi-fr.jpg\",\"width\":2539,\"height\":1594},{\"@type\":\"BreadcrumbList\",\"@id\":\"https:\\\/\\\/dpress.ma\\\/fr\\\/2022\\\/04\\\/16\\\/le-role-des-parlements-dans-la-promotion-des-droits-humains-examine-par-m-talbi-alami-et-le-president-de-la-commission-africaine-des-droits-de-lhomme\\\/#breadcrumb\",\"itemListElement\":[{\"@type\":\"ListItem\",\"position\":1,\"name\":\"Home\",\"item\":\"https:\\\/\\\/dpress.ma\\\/fr\\\/\"},{\"@type\":\"ListItem\",\"position\":2,\"name\":\"Le r\u00f4le des parlements dans la promotion des droits humains, examin\u00e9 par M. Talbi Alami et le pr\u00e9sident de la Commission africaine des droits de l\u2019Homme\"}]},{\"@type\":\"WebSite\",\"@id\":\"https:\\\/\\\/dpress.ma\\\/fr\\\/#website\",\"url\":\"https:\\\/\\\/dpress.ma\\\/fr\\\/\",\"name\":\"Dpress.ma\\\/fr\",\"description\":\"\",\"potentialAction\":[{\"@type\":\"SearchAction\",\"target\":{\"@type\":\"EntryPoint\",\"urlTemplate\":\"https:\\\/\\\/dpress.ma\\\/fr\\\/?s={search_term_string}\"},\"query-input\":{\"@type\":\"PropertyValueSpecification\",\"valueRequired\":true,\"valueName\":\"search_term_string\"}}],\"inLanguage\":\"fr-FR\"},{\"@type\":\"Person\",\"@id\":\"https:\\\/\\\/dpress.ma\\\/fr\\\/#\\\/schema\\\/person\\\/4898febf3ccd59e6578d838656a306a0\",\"name\":\"Dpress.ma\",\"image\":{\"@type\":\"ImageObject\",\"inLanguage\":\"fr-FR\",\"@id\":\"https:\\\/\\\/secure.gravatar.com\\\/avatar\\\/72ecc30e9db047a2e0e7176561eb9d564ed77c8108376495b19bd8336405198a?s=96&d=mm&r=g\",\"url\":\"https:\\\/\\\/secure.gravatar.com\\\/avatar\\\/72ecc30e9db047a2e0e7176561eb9d564ed77c8108376495b19bd8336405198a?s=96&d=mm&r=g\",\"contentUrl\":\"https:\\\/\\\/secure.gravatar.com\\\/avatar\\\/72ecc30e9db047a2e0e7176561eb9d564ed77c8108376495b19bd8336405198a?s=96&d=mm&r=g\",\"caption\":\"Dpress.ma\"},\"sameAs\":[\"https:\\\/\\\/www.dpress.ma\"],\"url\":\"https:\\\/\\\/dpress.ma\\\/fr\\\/author\\\/dpress-ma\\\/\"}]}<\/script>\n<!-- \/ Yoast SEO plugin. -->","yoast_head_json":{"title":"Le r\u00f4le des parlements dans la promotion des droits humains, examin\u00e9 par M. Talbi Alami et le pr\u00e9sident de la Commission africaine des droits de l\u2019Homme - Dpress.ma\/fr","description":"e pr\u00e9sident de la Chambre des repr\u00e9sentants, M. Rachid Talbi Alami, s\u2019est entretenu jeudi au si\u00e8ge de la Chambre avec le pr\u00e9sident de","robots":{"index":"index","follow":"follow","max-snippet":"max-snippet:-1","max-image-preview":"max-image-preview:large","max-video-preview":"max-video-preview:-1"},"canonical":"https:\/\/dpress.ma\/fr\/2022\/04\/16\/le-role-des-parlements-dans-la-promotion-des-droits-humains-examine-par-m-talbi-alami-et-le-president-de-la-commission-africaine-des-droits-de-lhomme\/","og_locale":"fr_FR","og_type":"article","og_title":"Le r\u00f4le des parlements dans la promotion des droits humains, examin\u00e9 par M. Talbi Alami et le pr\u00e9sident de la Commission africaine des droits de l\u2019Homme - Dpress.ma\/fr","og_description":"e pr\u00e9sident de la Chambre des repr\u00e9sentants, M. Rachid Talbi Alami, s\u2019est entretenu jeudi au si\u00e8ge de la Chambre avec le pr\u00e9sident de","og_url":"https:\/\/dpress.ma\/fr\/2022\/04\/16\/le-role-des-parlements-dans-la-promotion-des-droits-humains-examine-par-m-talbi-alami-et-le-president-de-la-commission-africaine-des-droits-de-lhomme\/","og_site_name":"Dpress.ma\/fr","article_published_time":"2022-04-16T10:21:26+00:00","article_modified_time":"2022-04-16T10:21:27+00:00","og_image":[{"width":2539,"height":1594,"url":"https:\/\/dpress.ma\/fr\/wp-content\/uploads\/sites\/2\/2022\/04\/talbi-fr.jpg","type":"image\/jpeg"}],"author":"Dpress.ma","twitter_card":"summary_large_image","twitter_misc":{"\u00c9crit par":"Dpress.ma","Dur\u00e9e de lecture estim\u00e9e":"4 minutes"},"schema":{"@context":"https:\/\/schema.org","@graph":[{"@type":"Article","@id":"https:\/\/dpress.ma\/fr\/2022\/04\/16\/le-role-des-parlements-dans-la-promotion-des-droits-humains-examine-par-m-talbi-alami-et-le-president-de-la-commission-africaine-des-droits-de-lhomme\/#article","isPartOf":{"@id":"https:\/\/dpress.ma\/fr\/2022\/04\/16\/le-role-des-parlements-dans-la-promotion-des-droits-humains-examine-par-m-talbi-alami-et-le-president-de-la-commission-africaine-des-droits-de-lhomme\/"},"author":{"name":"Dpress.ma","@id":"https:\/\/dpress.ma\/fr\/#\/schema\/person\/4898febf3ccd59e6578d838656a306a0"},"headline":"Le r\u00f4le des parlements dans la promotion des droits humains, examin\u00e9 par M. Talbi Alami et le pr\u00e9sident de la Commission africaine des droits de l\u2019Homme","datePublished":"2022-04-16T10:21:26+00:00","dateModified":"2022-04-16T10:21:27+00:00","mainEntityOfPage":{"@id":"https:\/\/dpress.ma\/fr\/2022\/04\/16\/le-role-des-parlements-dans-la-promotion-des-droits-humains-examine-par-m-talbi-alami-et-le-president-de-la-commission-africaine-des-droits-de-lhomme\/"},"wordCount":756,"image":{"@id":"https:\/\/dpress.ma\/fr\/2022\/04\/16\/le-role-des-parlements-dans-la-promotion-des-droits-humains-examine-par-m-talbi-alami-et-le-president-de-la-commission-africaine-des-droits-de-lhomme\/#primaryimage"},"thumbnailUrl":"https:\/\/dpress.ma\/fr\/wp-content\/uploads\/sites\/2\/2022\/04\/talbi-fr.jpg","articleSection":["Diplomatie Parlementaire"],"inLanguage":"fr-FR"},{"@type":"WebPage","@id":"https:\/\/dpress.ma\/fr\/2022\/04\/16\/le-role-des-parlements-dans-la-promotion-des-droits-humains-examine-par-m-talbi-alami-et-le-president-de-la-commission-africaine-des-droits-de-lhomme\/","url":"https:\/\/dpress.ma\/fr\/2022\/04\/16\/le-role-des-parlements-dans-la-promotion-des-droits-humains-examine-par-m-talbi-alami-et-le-president-de-la-commission-africaine-des-droits-de-lhomme\/","name":"Le r\u00f4le des parlements dans la promotion des droits humains, examin\u00e9 par M. Talbi Alami et le pr\u00e9sident de la Commission africaine des droits de l\u2019Homme - Dpress.ma\/fr","isPartOf":{"@id":"https:\/\/dpress.ma\/fr\/#website"},"primaryImageOfPage":{"@id":"https:\/\/dpress.ma\/fr\/2022\/04\/16\/le-role-des-parlements-dans-la-promotion-des-droits-humains-examine-par-m-talbi-alami-et-le-president-de-la-commission-africaine-des-droits-de-lhomme\/#primaryimage"},"image":{"@id":"https:\/\/dpress.ma\/fr\/2022\/04\/16\/le-role-des-parlements-dans-la-promotion-des-droits-humains-examine-par-m-talbi-alami-et-le-president-de-la-commission-africaine-des-droits-de-lhomme\/#primaryimage"},"thumbnailUrl":"https:\/\/dpress.ma\/fr\/wp-content\/uploads\/sites\/2\/2022\/04\/talbi-fr.jpg","datePublished":"2022-04-16T10:21:26+00:00","dateModified":"2022-04-16T10:21:27+00:00","author":{"@id":"https:\/\/dpress.ma\/fr\/#\/schema\/person\/4898febf3ccd59e6578d838656a306a0"},"description":"e pr\u00e9sident de la Chambre des repr\u00e9sentants, M. Rachid Talbi Alami, s\u2019est entretenu jeudi au si\u00e8ge de la Chambre avec le pr\u00e9sident de","breadcrumb":{"@id":"https:\/\/dpress.ma\/fr\/2022\/04\/16\/le-role-des-parlements-dans-la-promotion-des-droits-humains-examine-par-m-talbi-alami-et-le-president-de-la-commission-africaine-des-droits-de-lhomme\/#breadcrumb"},"inLanguage":"fr-FR","potentialAction":[{"@type":"ReadAction","target":["https:\/\/dpress.ma\/fr\/2022\/04\/16\/le-role-des-parlements-dans-la-promotion-des-droits-humains-examine-par-m-talbi-alami-et-le-president-de-la-commission-africaine-des-droits-de-lhomme\/"]}]},{"@type":"ImageObject","inLanguage":"fr-FR","@id":"https:\/\/dpress.ma\/fr\/2022\/04\/16\/le-role-des-parlements-dans-la-promotion-des-droits-humains-examine-par-m-talbi-alami-et-le-president-de-la-commission-africaine-des-droits-de-lhomme\/#primaryimage","url":"https:\/\/dpress.ma\/fr\/wp-content\/uploads\/sites\/2\/2022\/04\/talbi-fr.jpg","contentUrl":"https:\/\/dpress.ma\/fr\/wp-content\/uploads\/sites\/2\/2022\/04\/talbi-fr.jpg","width":2539,"height":1594},{"@type":"BreadcrumbList","@id":"https:\/\/dpress.ma\/fr\/2022\/04\/16\/le-role-des-parlements-dans-la-promotion-des-droits-humains-examine-par-m-talbi-alami-et-le-president-de-la-commission-africaine-des-droits-de-lhomme\/#breadcrumb","itemListElement":[{"@type":"ListItem","position":1,"name":"Home","item":"https:\/\/dpress.ma\/fr\/"},{"@type":"ListItem","position":2,"name":"Le r\u00f4le des parlements dans la promotion des droits humains, examin\u00e9 par M. Talbi Alami et le pr\u00e9sident de la Commission africaine des droits de l\u2019Homme"}]},{"@type":"WebSite","@id":"https:\/\/dpress.ma\/fr\/#website","url":"https:\/\/dpress.ma\/fr\/","name":"Dpress.ma\/fr","description":"","potentialAction":[{"@type":"SearchAction","target":{"@type":"EntryPoint","urlTemplate":"https:\/\/dpress.ma\/fr\/?s={search_term_string}"},"query-input":{"@type":"PropertyValueSpecification","valueRequired":true,"valueName":"search_term_string"}}],"inLanguage":"fr-FR"},{"@type":"Person","@id":"https:\/\/dpress.ma\/fr\/#\/schema\/person\/4898febf3ccd59e6578d838656a306a0","name":"Dpress.ma","image":{"@type":"ImageObject","inLanguage":"fr-FR","@id":"https:\/\/secure.gravatar.com\/avatar\/72ecc30e9db047a2e0e7176561eb9d564ed77c8108376495b19bd8336405198a?s=96&d=mm&r=g","url":"https:\/\/secure.gravatar.com\/avatar\/72ecc30e9db047a2e0e7176561eb9d564ed77c8108376495b19bd8336405198a?s=96&d=mm&r=g","contentUrl":"https:\/\/secure.gravatar.com\/avatar\/72ecc30e9db047a2e0e7176561eb9d564ed77c8108376495b19bd8336405198a?s=96&d=mm&r=g","caption":"Dpress.ma"},"sameAs":["https:\/\/www.dpress.ma"],"url":"https:\/\/dpress.ma\/fr\/author\/dpress-ma\/"}]}},"amp_enabled":true,"_links":{"self":[{"href":"https:\/\/dpress.ma\/fr\/wp-json\/wp\/v2\/posts\/1216","targetHints":{"allow":["GET"]}}],"collection":[{"href":"https:\/\/dpress.ma\/fr\/wp-json\/wp\/v2\/posts"}],"about":[{"href":"https:\/\/dpress.ma\/fr\/wp-json\/wp\/v2\/types\/post"}],"author":[{"embeddable":true,"href":"https:\/\/dpress.ma\/fr\/wp-json\/wp\/v2\/users\/2"}],"replies":[{"embeddable":true,"href":"https:\/\/dpress.ma\/fr\/wp-json\/wp\/v2\/comments?post=1216"}],"version-history":[{"count":1,"href":"https:\/\/dpress.ma\/fr\/wp-json\/wp\/v2\/posts\/1216\/revisions"}],"predecessor-version":[{"id":1218,"href":"https:\/\/dpress.ma\/fr\/wp-json\/wp\/v2\/posts\/1216\/revisions\/1218"}],"wp:featuredmedia":[{"embeddable":true,"href":"https:\/\/dpress.ma\/fr\/wp-json\/wp\/v2\/media\/1217"}],"wp:attachment":[{"href":"https:\/\/dpress.ma\/fr\/wp-json\/wp\/v2\/media?parent=1216"}],"wp:term":[{"taxonomy":"category","embeddable":true,"href":"https:\/\/dpress.ma\/fr\/wp-json\/wp\/v2\/categories?post=1216"},{"taxonomy":"post_tag","embeddable":true,"href":"https:\/\/dpress.ma\/fr\/wp-json\/wp\/v2\/tags?post=1216"}],"curies":[{"name":"wp","href":"https:\/\/api.w.org\/{rel}","templated":true}]}}