{"id":1148,"date":"2022-04-08T13:56:19","date_gmt":"2022-04-08T13:56:19","guid":{"rendered":"https:\/\/dpress.ma\/fr\/?p=1148"},"modified":"2022-04-08T13:56:20","modified_gmt":"2022-04-08T13:56:20","slug":"m-akhannouch-preside-la-2eme-reunion-interministerielle","status":"publish","type":"post","link":"https:\/\/dpress.ma\/fr\/2022\/04\/08\/m-akhannouch-preside-la-2eme-reunion-interministerielle\/","title":{"rendered":"M. Akhannouch pr\u00e9side la 2\u00e8me r\u00e9union interminist\u00e9rielle"},"content":{"rendered":"\n<p>Dpress<\/p>\n\n\n\n<p>Le Chef du gouvernement, Aziz Akhannouch, a pr\u00e9sid\u00e9, jeudi \u00e0 Rabat, la 2\u00e8me r\u00e9union interminist\u00e9rielle sur la nouvelle charte de l\u2019investissement.<\/p>\n\n\n\n<p>Cette r\u00e9union a \u00e9t\u00e9 consacr\u00e9e \u00e0 l\u2019\u00e9valuation des progr\u00e8s enregistr\u00e9s dans la mise en \u0153uvre des chantiers principaux relatifs \u00e0 la nouvelle charte de l\u2019investissement et \u00e0 la pr\u00e9paration des synth\u00e8ses qui seront pr\u00e9sent\u00e9es \u00e0 Sa Majest\u00e9 le Roi Mohammed VI, \u00e0 cet effet.<\/p>\n\n\n\n<p>Dans ce sens, M. Akhannouch a mis en avant la grande importance accord\u00e9e par Sa Majest\u00e9 \u00e0 l\u2019encouragement de l\u2019investissement, en tant que levier principal de d\u00e9veloppement et d\u2019acc\u00e9l\u00e9ration de la relance \u00e9conomique.<\/p>\n\n\n\n<p>Il a, en outre, rappel\u00e9 les Directives Royales dans ce domaine et a appel\u00e9 \u00e0 la mise en \u0153uvre de l\u2019ensemble de projets \u00e0 un rythme acc\u00e9l\u00e9r\u00e9.<\/p>\n\n\n\n<p>Ont pris part \u00e0 cette r\u00e9union, le ministre de l\u2019Int\u00e9rieur, Abdelouafi Laftit, le secr\u00e9taire g\u00e9n\u00e9ral du gouvernement, Mohamed Hajoui, la ministre de l\u2019Am\u00e9nagement du territoire national, de l\u2019Urbanisme, de l\u2019Habitat et de la Politique de la Ville, Fatima-Zahra Mansouri, le ministre de l\u2019Inclusion \u00e9conomique, de la Petite entreprise, de l\u2019Emploi et des Comp\u00e9tences, Younes Sekkouri, le ministre de l\u2019Industrie et du Commerce Ryad Mezzour, la ministre du Tourisme, de l\u2019Artisanat et de l\u2019Economie sociale et solidaire Fatim-Zahra Ammor, le ministre d\u00e9l\u00e9gu\u00e9 charg\u00e9 de l\u2019Investissement, de la Convergence et de l\u2019\u00e9valuation des Politiques publiques, Mohcine Jazouli, le ministre d\u00e9l\u00e9gu\u00e9 aupr\u00e8s du ministre de l\u2019\u00c9conomie et des Finances, charg\u00e9 du Budget Fouzi Lekjaa et la ministre d\u00e9l\u00e9gu\u00e9e Charg\u00e9e de la Transition Num\u00e9rique et de la R\u00e9forme de l\u2019Administration, Ghita Mezzour.<\/p>\n","protected":false},"excerpt":{"rendered":"<p>Dpress Le Chef du gouvernement, Aziz Akhannouch, a pr\u00e9sid\u00e9, jeudi \u00e0 Rabat, la 2\u00e8me r\u00e9union interminist\u00e9rielle sur la nouvelle charte de l\u2019investissement. Cette r\u00e9union a \u00e9t\u00e9 consacr\u00e9e \u00e0 l\u2019\u00e9valuation des progr\u00e8s enregistr\u00e9s dans la mise en \u0153uvre des chantiers principaux relatifs \u00e0 la nouvelle charte de l\u2019investissement et \u00e0 la pr\u00e9paration des synth\u00e8ses qui seront &hellip;<\/p>\n","protected":false},"author":2,"featured_media":1149,"comment_status":"closed","ping_status":"open","sticky":false,"template":"","format":"standard","meta":{"footnotes":""},"categories":[25],"tags":[],"class_list":["post-1148","post","type-post","status-publish","format-standard","has-post-thumbnail","hentry","category-economie"],"yoast_head":"<!-- This site is optimized with the Yoast SEO plugin v27.5 - https:\/\/yoast.com\/product\/yoast-seo-wordpress\/ -->\n<title>M. Akhannouch pr\u00e9side la 2\u00e8me r\u00e9union interminist\u00e9rielle - Dpress.ma\/fr<\/title>\n<meta name=\"description\" content=\"Le Chef du gouvernement, Aziz Akhannouch, a pr\u00e9sid\u00e9, jeudi \u00e0 Rabat, la 2\u00e8me r\u00e9union interminist\u00e9rielle sur la nouvelle charte de l\u2019investissement.Cette r\u00e9union a \u00e9t\u00e9 consacr\u00e9e \u00e0 l\u2019\u00e9valuation des progr\u00e8s enregistr\u00e9s dans la mise en \u0153uvre des chantiers principaux relatifs \u00e0 la nouvelle charte de l\u2019investissement et \u00e0 la pr\u00e9paration des synth\u00e8ses qui seront pr\u00e9sent\u00e9es \u00e0 Sa Majest\u00e9 le Roi Mohammed VI, \u00e0 cet effet.\" \/>\n<meta name=\"robots\" content=\"index, follow, max-snippet:-1, max-image-preview:large, max-video-preview:-1\" \/>\n<link rel=\"canonical\" href=\"https:\/\/dpress.ma\/fr\/2022\/04\/08\/m-akhannouch-preside-la-2eme-reunion-interministerielle\/\" \/>\n<meta property=\"og:locale\" content=\"fr_FR\" \/>\n<meta property=\"og:type\" content=\"article\" \/>\n<meta property=\"og:title\" content=\"M. Akhannouch pr\u00e9side la 2\u00e8me r\u00e9union interminist\u00e9rielle - Dpress.ma\/fr\" \/>\n<meta property=\"og:description\" content=\"Le Chef du gouvernement, Aziz Akhannouch, a pr\u00e9sid\u00e9, jeudi \u00e0 Rabat, la 2\u00e8me r\u00e9union interminist\u00e9rielle sur la nouvelle charte de l\u2019investissement.Cette r\u00e9union a \u00e9t\u00e9 consacr\u00e9e \u00e0 l\u2019\u00e9valuation des progr\u00e8s enregistr\u00e9s dans la mise en \u0153uvre des chantiers principaux relatifs \u00e0 la nouvelle charte de l\u2019investissement et \u00e0 la pr\u00e9paration des synth\u00e8ses qui seront pr\u00e9sent\u00e9es \u00e0 Sa Majest\u00e9 le Roi Mohammed VI, \u00e0 cet effet.\" \/>\n<meta property=\"og:url\" content=\"https:\/\/dpress.ma\/fr\/2022\/04\/08\/m-akhannouch-preside-la-2eme-reunion-interministerielle\/\" \/>\n<meta property=\"og:site_name\" content=\"Dpress.ma\/fr\" \/>\n<meta property=\"article:published_time\" content=\"2022-04-08T13:56:19+00:00\" \/>\n<meta property=\"article:modified_time\" content=\"2022-04-08T13:56:20+00:00\" \/>\n<meta property=\"og:image\" content=\"https:\/\/dpress.ma\/fr\/wp-content\/uploads\/sites\/2\/2022\/04\/rassemblement-akhannouch-fr.jpg\" \/>\n\t<meta property=\"og:image:width\" content=\"2539\" \/>\n\t<meta property=\"og:image:height\" content=\"1594\" \/>\n\t<meta property=\"og:image:type\" content=\"image\/jpeg\" \/>\n<meta name=\"author\" content=\"Dpress.ma\" \/>\n<meta name=\"twitter:card\" content=\"summary_large_image\" \/>\n<meta name=\"twitter:label1\" content=\"\u00c9crit par\" \/>\n\t<meta name=\"twitter:data1\" content=\"Dpress.ma\" \/>\n\t<meta name=\"twitter:label2\" content=\"Dur\u00e9e de lecture estim\u00e9e\" \/>\n\t<meta name=\"twitter:data2\" content=\"2 minutes\" \/>\n<script type=\"application\/ld+json\" class=\"yoast-schema-graph\">{\"@context\":\"https:\\\/\\\/schema.org\",\"@graph\":[{\"@type\":\"Article\",\"@id\":\"https:\\\/\\\/dpress.ma\\\/fr\\\/2022\\\/04\\\/08\\\/m-akhannouch-preside-la-2eme-reunion-interministerielle\\\/#article\",\"isPartOf\":{\"@id\":\"https:\\\/\\\/dpress.ma\\\/fr\\\/2022\\\/04\\\/08\\\/m-akhannouch-preside-la-2eme-reunion-interministerielle\\\/\"},\"author\":{\"name\":\"Dpress.ma\",\"@id\":\"https:\\\/\\\/dpress.ma\\\/fr\\\/#\\\/schema\\\/person\\\/4898febf3ccd59e6578d838656a306a0\"},\"headline\":\"M. Akhannouch pr\u00e9side la 2\u00e8me r\u00e9union interminist\u00e9rielle\",\"datePublished\":\"2022-04-08T13:56:19+00:00\",\"dateModified\":\"2022-04-08T13:56:20+00:00\",\"mainEntityOfPage\":{\"@id\":\"https:\\\/\\\/dpress.ma\\\/fr\\\/2022\\\/04\\\/08\\\/m-akhannouch-preside-la-2eme-reunion-interministerielle\\\/\"},\"wordCount\":309,\"image\":{\"@id\":\"https:\\\/\\\/dpress.ma\\\/fr\\\/2022\\\/04\\\/08\\\/m-akhannouch-preside-la-2eme-reunion-interministerielle\\\/#primaryimage\"},\"thumbnailUrl\":\"https:\\\/\\\/dpress.ma\\\/fr\\\/wp-content\\\/uploads\\\/sites\\\/2\\\/2022\\\/04\\\/rassemblement-akhannouch-fr.jpg\",\"articleSection\":[\"\u00c9conomie\"],\"inLanguage\":\"fr-FR\"},{\"@type\":\"WebPage\",\"@id\":\"https:\\\/\\\/dpress.ma\\\/fr\\\/2022\\\/04\\\/08\\\/m-akhannouch-preside-la-2eme-reunion-interministerielle\\\/\",\"url\":\"https:\\\/\\\/dpress.ma\\\/fr\\\/2022\\\/04\\\/08\\\/m-akhannouch-preside-la-2eme-reunion-interministerielle\\\/\",\"name\":\"M. Akhannouch pr\u00e9side la 2\u00e8me r\u00e9union interminist\u00e9rielle - Dpress.ma\\\/fr\",\"isPartOf\":{\"@id\":\"https:\\\/\\\/dpress.ma\\\/fr\\\/#website\"},\"primaryImageOfPage\":{\"@id\":\"https:\\\/\\\/dpress.ma\\\/fr\\\/2022\\\/04\\\/08\\\/m-akhannouch-preside-la-2eme-reunion-interministerielle\\\/#primaryimage\"},\"image\":{\"@id\":\"https:\\\/\\\/dpress.ma\\\/fr\\\/2022\\\/04\\\/08\\\/m-akhannouch-preside-la-2eme-reunion-interministerielle\\\/#primaryimage\"},\"thumbnailUrl\":\"https:\\\/\\\/dpress.ma\\\/fr\\\/wp-content\\\/uploads\\\/sites\\\/2\\\/2022\\\/04\\\/rassemblement-akhannouch-fr.jpg\",\"datePublished\":\"2022-04-08T13:56:19+00:00\",\"dateModified\":\"2022-04-08T13:56:20+00:00\",\"author\":{\"@id\":\"https:\\\/\\\/dpress.ma\\\/fr\\\/#\\\/schema\\\/person\\\/4898febf3ccd59e6578d838656a306a0\"},\"description\":\"Le Chef du gouvernement, Aziz Akhannouch, a pr\u00e9sid\u00e9, jeudi \u00e0 Rabat, la 2\u00e8me r\u00e9union interminist\u00e9rielle sur la nouvelle charte de l\u2019investissement.Cette r\u00e9union a \u00e9t\u00e9 consacr\u00e9e \u00e0 l\u2019\u00e9valuation des progr\u00e8s enregistr\u00e9s dans la mise en \u0153uvre des chantiers principaux relatifs \u00e0 la nouvelle charte de l\u2019investissement et \u00e0 la pr\u00e9paration des synth\u00e8ses qui seront pr\u00e9sent\u00e9es \u00e0 Sa Majest\u00e9 le Roi Mohammed VI, \u00e0 cet effet.\",\"breadcrumb\":{\"@id\":\"https:\\\/\\\/dpress.ma\\\/fr\\\/2022\\\/04\\\/08\\\/m-akhannouch-preside-la-2eme-reunion-interministerielle\\\/#breadcrumb\"},\"inLanguage\":\"fr-FR\",\"potentialAction\":[{\"@type\":\"ReadAction\",\"target\":[\"https:\\\/\\\/dpress.ma\\\/fr\\\/2022\\\/04\\\/08\\\/m-akhannouch-preside-la-2eme-reunion-interministerielle\\\/\"]}]},{\"@type\":\"ImageObject\",\"inLanguage\":\"fr-FR\",\"@id\":\"https:\\\/\\\/dpress.ma\\\/fr\\\/2022\\\/04\\\/08\\\/m-akhannouch-preside-la-2eme-reunion-interministerielle\\\/#primaryimage\",\"url\":\"https:\\\/\\\/dpress.ma\\\/fr\\\/wp-content\\\/uploads\\\/sites\\\/2\\\/2022\\\/04\\\/rassemblement-akhannouch-fr.jpg\",\"contentUrl\":\"https:\\\/\\\/dpress.ma\\\/fr\\\/wp-content\\\/uploads\\\/sites\\\/2\\\/2022\\\/04\\\/rassemblement-akhannouch-fr.jpg\",\"width\":2539,\"height\":1594},{\"@type\":\"BreadcrumbList\",\"@id\":\"https:\\\/\\\/dpress.ma\\\/fr\\\/2022\\\/04\\\/08\\\/m-akhannouch-preside-la-2eme-reunion-interministerielle\\\/#breadcrumb\",\"itemListElement\":[{\"@type\":\"ListItem\",\"position\":1,\"name\":\"Home\",\"item\":\"https:\\\/\\\/dpress.ma\\\/fr\\\/\"},{\"@type\":\"ListItem\",\"position\":2,\"name\":\"M. Akhannouch pr\u00e9side la 2\u00e8me r\u00e9union interminist\u00e9rielle\"}]},{\"@type\":\"WebSite\",\"@id\":\"https:\\\/\\\/dpress.ma\\\/fr\\\/#website\",\"url\":\"https:\\\/\\\/dpress.ma\\\/fr\\\/\",\"name\":\"Dpress.ma\\\/fr\",\"description\":\"\",\"potentialAction\":[{\"@type\":\"SearchAction\",\"target\":{\"@type\":\"EntryPoint\",\"urlTemplate\":\"https:\\\/\\\/dpress.ma\\\/fr\\\/?s={search_term_string}\"},\"query-input\":{\"@type\":\"PropertyValueSpecification\",\"valueRequired\":true,\"valueName\":\"search_term_string\"}}],\"inLanguage\":\"fr-FR\"},{\"@type\":\"Person\",\"@id\":\"https:\\\/\\\/dpress.ma\\\/fr\\\/#\\\/schema\\\/person\\\/4898febf3ccd59e6578d838656a306a0\",\"name\":\"Dpress.ma\",\"image\":{\"@type\":\"ImageObject\",\"inLanguage\":\"fr-FR\",\"@id\":\"https:\\\/\\\/secure.gravatar.com\\\/avatar\\\/72ecc30e9db047a2e0e7176561eb9d564ed77c8108376495b19bd8336405198a?s=96&d=mm&r=g\",\"url\":\"https:\\\/\\\/secure.gravatar.com\\\/avatar\\\/72ecc30e9db047a2e0e7176561eb9d564ed77c8108376495b19bd8336405198a?s=96&d=mm&r=g\",\"contentUrl\":\"https:\\\/\\\/secure.gravatar.com\\\/avatar\\\/72ecc30e9db047a2e0e7176561eb9d564ed77c8108376495b19bd8336405198a?s=96&d=mm&r=g\",\"caption\":\"Dpress.ma\"},\"sameAs\":[\"https:\\\/\\\/www.dpress.ma\"],\"url\":\"https:\\\/\\\/dpress.ma\\\/fr\\\/author\\\/dpress-ma\\\/\"}]}<\/script>\n<!-- \/ Yoast SEO plugin. -->","yoast_head_json":{"title":"M. Akhannouch pr\u00e9side la 2\u00e8me r\u00e9union interminist\u00e9rielle - Dpress.ma\/fr","description":"Le Chef du gouvernement, Aziz Akhannouch, a pr\u00e9sid\u00e9, jeudi \u00e0 Rabat, la 2\u00e8me r\u00e9union interminist\u00e9rielle sur la nouvelle charte de l\u2019investissement.Cette r\u00e9union a \u00e9t\u00e9 consacr\u00e9e \u00e0 l\u2019\u00e9valuation des progr\u00e8s enregistr\u00e9s dans la mise en \u0153uvre des chantiers principaux relatifs \u00e0 la nouvelle charte de l\u2019investissement et \u00e0 la pr\u00e9paration des synth\u00e8ses qui seront pr\u00e9sent\u00e9es \u00e0 Sa Majest\u00e9 le Roi Mohammed VI, \u00e0 cet effet.","robots":{"index":"index","follow":"follow","max-snippet":"max-snippet:-1","max-image-preview":"max-image-preview:large","max-video-preview":"max-video-preview:-1"},"canonical":"https:\/\/dpress.ma\/fr\/2022\/04\/08\/m-akhannouch-preside-la-2eme-reunion-interministerielle\/","og_locale":"fr_FR","og_type":"article","og_title":"M. Akhannouch pr\u00e9side la 2\u00e8me r\u00e9union interminist\u00e9rielle - Dpress.ma\/fr","og_description":"Le Chef du gouvernement, Aziz Akhannouch, a pr\u00e9sid\u00e9, jeudi \u00e0 Rabat, la 2\u00e8me r\u00e9union interminist\u00e9rielle sur la nouvelle charte de l\u2019investissement.Cette r\u00e9union a \u00e9t\u00e9 consacr\u00e9e \u00e0 l\u2019\u00e9valuation des progr\u00e8s enregistr\u00e9s dans la mise en \u0153uvre des chantiers principaux relatifs \u00e0 la nouvelle charte de l\u2019investissement et \u00e0 la pr\u00e9paration des synth\u00e8ses qui seront pr\u00e9sent\u00e9es \u00e0 Sa Majest\u00e9 le Roi Mohammed VI, \u00e0 cet effet.","og_url":"https:\/\/dpress.ma\/fr\/2022\/04\/08\/m-akhannouch-preside-la-2eme-reunion-interministerielle\/","og_site_name":"Dpress.ma\/fr","article_published_time":"2022-04-08T13:56:19+00:00","article_modified_time":"2022-04-08T13:56:20+00:00","og_image":[{"width":2539,"height":1594,"url":"https:\/\/dpress.ma\/fr\/wp-content\/uploads\/sites\/2\/2022\/04\/rassemblement-akhannouch-fr.jpg","type":"image\/jpeg"}],"author":"Dpress.ma","twitter_card":"summary_large_image","twitter_misc":{"\u00c9crit par":"Dpress.ma","Dur\u00e9e de lecture estim\u00e9e":"2 minutes"},"schema":{"@context":"https:\/\/schema.org","@graph":[{"@type":"Article","@id":"https:\/\/dpress.ma\/fr\/2022\/04\/08\/m-akhannouch-preside-la-2eme-reunion-interministerielle\/#article","isPartOf":{"@id":"https:\/\/dpress.ma\/fr\/2022\/04\/08\/m-akhannouch-preside-la-2eme-reunion-interministerielle\/"},"author":{"name":"Dpress.ma","@id":"https:\/\/dpress.ma\/fr\/#\/schema\/person\/4898febf3ccd59e6578d838656a306a0"},"headline":"M. Akhannouch pr\u00e9side la 2\u00e8me r\u00e9union interminist\u00e9rielle","datePublished":"2022-04-08T13:56:19+00:00","dateModified":"2022-04-08T13:56:20+00:00","mainEntityOfPage":{"@id":"https:\/\/dpress.ma\/fr\/2022\/04\/08\/m-akhannouch-preside-la-2eme-reunion-interministerielle\/"},"wordCount":309,"image":{"@id":"https:\/\/dpress.ma\/fr\/2022\/04\/08\/m-akhannouch-preside-la-2eme-reunion-interministerielle\/#primaryimage"},"thumbnailUrl":"https:\/\/dpress.ma\/fr\/wp-content\/uploads\/sites\/2\/2022\/04\/rassemblement-akhannouch-fr.jpg","articleSection":["\u00c9conomie"],"inLanguage":"fr-FR"},{"@type":"WebPage","@id":"https:\/\/dpress.ma\/fr\/2022\/04\/08\/m-akhannouch-preside-la-2eme-reunion-interministerielle\/","url":"https:\/\/dpress.ma\/fr\/2022\/04\/08\/m-akhannouch-preside-la-2eme-reunion-interministerielle\/","name":"M. Akhannouch pr\u00e9side la 2\u00e8me r\u00e9union interminist\u00e9rielle - Dpress.ma\/fr","isPartOf":{"@id":"https:\/\/dpress.ma\/fr\/#website"},"primaryImageOfPage":{"@id":"https:\/\/dpress.ma\/fr\/2022\/04\/08\/m-akhannouch-preside-la-2eme-reunion-interministerielle\/#primaryimage"},"image":{"@id":"https:\/\/dpress.ma\/fr\/2022\/04\/08\/m-akhannouch-preside-la-2eme-reunion-interministerielle\/#primaryimage"},"thumbnailUrl":"https:\/\/dpress.ma\/fr\/wp-content\/uploads\/sites\/2\/2022\/04\/rassemblement-akhannouch-fr.jpg","datePublished":"2022-04-08T13:56:19+00:00","dateModified":"2022-04-08T13:56:20+00:00","author":{"@id":"https:\/\/dpress.ma\/fr\/#\/schema\/person\/4898febf3ccd59e6578d838656a306a0"},"description":"Le Chef du gouvernement, Aziz Akhannouch, a pr\u00e9sid\u00e9, jeudi \u00e0 Rabat, la 2\u00e8me r\u00e9union interminist\u00e9rielle sur la nouvelle charte de l\u2019investissement.Cette r\u00e9union a \u00e9t\u00e9 consacr\u00e9e \u00e0 l\u2019\u00e9valuation des progr\u00e8s enregistr\u00e9s dans la mise en \u0153uvre des chantiers principaux relatifs \u00e0 la nouvelle charte de l\u2019investissement et \u00e0 la pr\u00e9paration des synth\u00e8ses qui seront pr\u00e9sent\u00e9es \u00e0 Sa Majest\u00e9 le Roi Mohammed VI, \u00e0 cet effet.","breadcrumb":{"@id":"https:\/\/dpress.ma\/fr\/2022\/04\/08\/m-akhannouch-preside-la-2eme-reunion-interministerielle\/#breadcrumb"},"inLanguage":"fr-FR","potentialAction":[{"@type":"ReadAction","target":["https:\/\/dpress.ma\/fr\/2022\/04\/08\/m-akhannouch-preside-la-2eme-reunion-interministerielle\/"]}]},{"@type":"ImageObject","inLanguage":"fr-FR","@id":"https:\/\/dpress.ma\/fr\/2022\/04\/08\/m-akhannouch-preside-la-2eme-reunion-interministerielle\/#primaryimage","url":"https:\/\/dpress.ma\/fr\/wp-content\/uploads\/sites\/2\/2022\/04\/rassemblement-akhannouch-fr.jpg","contentUrl":"https:\/\/dpress.ma\/fr\/wp-content\/uploads\/sites\/2\/2022\/04\/rassemblement-akhannouch-fr.jpg","width":2539,"height":1594},{"@type":"BreadcrumbList","@id":"https:\/\/dpress.ma\/fr\/2022\/04\/08\/m-akhannouch-preside-la-2eme-reunion-interministerielle\/#breadcrumb","itemListElement":[{"@type":"ListItem","position":1,"name":"Home","item":"https:\/\/dpress.ma\/fr\/"},{"@type":"ListItem","position":2,"name":"M. Akhannouch pr\u00e9side la 2\u00e8me r\u00e9union interminist\u00e9rielle"}]},{"@type":"WebSite","@id":"https:\/\/dpress.ma\/fr\/#website","url":"https:\/\/dpress.ma\/fr\/","name":"Dpress.ma\/fr","description":"","potentialAction":[{"@type":"SearchAction","target":{"@type":"EntryPoint","urlTemplate":"https:\/\/dpress.ma\/fr\/?s={search_term_string}"},"query-input":{"@type":"PropertyValueSpecification","valueRequired":true,"valueName":"search_term_string"}}],"inLanguage":"fr-FR"},{"@type":"Person","@id":"https:\/\/dpress.ma\/fr\/#\/schema\/person\/4898febf3ccd59e6578d838656a306a0","name":"Dpress.ma","image":{"@type":"ImageObject","inLanguage":"fr-FR","@id":"https:\/\/secure.gravatar.com\/avatar\/72ecc30e9db047a2e0e7176561eb9d564ed77c8108376495b19bd8336405198a?s=96&d=mm&r=g","url":"https:\/\/secure.gravatar.com\/avatar\/72ecc30e9db047a2e0e7176561eb9d564ed77c8108376495b19bd8336405198a?s=96&d=mm&r=g","contentUrl":"https:\/\/secure.gravatar.com\/avatar\/72ecc30e9db047a2e0e7176561eb9d564ed77c8108376495b19bd8336405198a?s=96&d=mm&r=g","caption":"Dpress.ma"},"sameAs":["https:\/\/www.dpress.ma"],"url":"https:\/\/dpress.ma\/fr\/author\/dpress-ma\/"}]}},"amp_enabled":true,"_links":{"self":[{"href":"https:\/\/dpress.ma\/fr\/wp-json\/wp\/v2\/posts\/1148","targetHints":{"allow":["GET"]}}],"collection":[{"href":"https:\/\/dpress.ma\/fr\/wp-json\/wp\/v2\/posts"}],"about":[{"href":"https:\/\/dpress.ma\/fr\/wp-json\/wp\/v2\/types\/post"}],"author":[{"embeddable":true,"href":"https:\/\/dpress.ma\/fr\/wp-json\/wp\/v2\/users\/2"}],"replies":[{"embeddable":true,"href":"https:\/\/dpress.ma\/fr\/wp-json\/wp\/v2\/comments?post=1148"}],"version-history":[{"count":1,"href":"https:\/\/dpress.ma\/fr\/wp-json\/wp\/v2\/posts\/1148\/revisions"}],"predecessor-version":[{"id":1150,"href":"https:\/\/dpress.ma\/fr\/wp-json\/wp\/v2\/posts\/1148\/revisions\/1150"}],"wp:featuredmedia":[{"embeddable":true,"href":"https:\/\/dpress.ma\/fr\/wp-json\/wp\/v2\/media\/1149"}],"wp:attachment":[{"href":"https:\/\/dpress.ma\/fr\/wp-json\/wp\/v2\/media?parent=1148"}],"wp:term":[{"taxonomy":"category","embeddable":true,"href":"https:\/\/dpress.ma\/fr\/wp-json\/wp\/v2\/categories?post=1148"},{"taxonomy":"post_tag","embeddable":true,"href":"https:\/\/dpress.ma\/fr\/wp-json\/wp\/v2\/tags?post=1148"}],"curies":[{"name":"wp","href":"https:\/\/api.w.org\/{rel}","templated":true}]}}