{"id":1142,"date":"2022-04-08T13:34:20","date_gmt":"2022-04-08T13:34:20","guid":{"rendered":"https:\/\/dpress.ma\/fr\/?p=1142"},"modified":"2022-04-08T13:34:21","modified_gmt":"2022-04-08T13:34:21","slug":"lespagne-considere-linitiative-marocaine-dautonomie-comme-la-base-la-plus-serieuse-realiste-et-credible-pour-la-resolution-de-ce-differend","status":"publish","type":"post","link":"https:\/\/dpress.ma\/fr\/2022\/04\/08\/lespagne-considere-linitiative-marocaine-dautonomie-comme-la-base-la-plus-serieuse-realiste-et-credible-pour-la-resolution-de-ce-differend\/","title":{"rendered":"L\u2019Espagne consid\u00e8re l\u2019initiative marocaine d\u2019autonomie comme la base la plus s\u00e9rieuse, r\u00e9aliste et cr\u00e9dible pour la r\u00e9solution de ce diff\u00e9rend"},"content":{"rendered":"\n<p>Dpress<\/p>\n\n\n\n<p>L\u2019Espagne consid\u00e8re l\u2019initiative marocaine d\u2019autonomie, pr\u00e9sent\u00e9e en 2007, comme la base la plus s\u00e9rieuse, r\u00e9aliste et cr\u00e9dible pour la r\u00e9solution du diff\u00e9rend autour du Sahara.<\/p>\n\n\n\n<p>Dans une D\u00e9claration conjointe adopt\u00e9e au terme des discussions approfondies entre Sa Majest\u00e9 le Roi Mohammed VI et le Pr\u00e9sident du Gouvernement espagnol, Pedro Sanchez, qui a effectu\u00e9, jeudi, une visite officielle au Royaume du Maroc \u00e0 l\u2019invitation du Souverain, l\u2019Espagne \u201creconna\u00eet l\u2019importance de la question du Sahara pour le Maroc ainsi que les efforts s\u00e9rieux et cr\u00e9dibles du Maroc dans le cadre des Nations Unies pour trouver une solution mutuellement acceptable\u201d.<\/p>\n\n\n\n<p>\u201cA ce titre, l\u2019Espagne consid\u00e8re l\u2019initiative marocaine d\u2019autonomie, pr\u00e9sent\u00e9e en 2007, comme la base la plus s\u00e9rieuse, r\u00e9aliste et cr\u00e9dible pour la r\u00e9solution de ce diff\u00e9rend\u201d, souligne la D\u00e9claration conjointe.<\/p>\n\n\n\n<p>Cette position de l\u2019Espagne sera incluse dans la nouvelle de feuille de route durable et ambitieuse que les deux pays entendent \u00e9tablir.<\/p>\n\n\n\n<p>La visite, au Maroc, du Pr\u00e9sident du Gouvernement espagnol constitue un moment important pour consolider cette feuille de route et d\u00e9finir les priorit\u00e9s de la prochaine R\u00e9union de Haut Niveau (RHN) devant se tenir avant la fin de l\u2019ann\u00e9e en cours, pr\u00e9cise la D\u00e9claration conjointe.<\/p>\n","protected":false},"excerpt":{"rendered":"<p>Dpress L\u2019Espagne consid\u00e8re l\u2019initiative marocaine d\u2019autonomie, pr\u00e9sent\u00e9e en 2007, comme la base la plus s\u00e9rieuse, r\u00e9aliste et cr\u00e9dible pour la r\u00e9solution du diff\u00e9rend autour du Sahara. Dans une D\u00e9claration conjointe adopt\u00e9e au terme des discussions approfondies entre Sa Majest\u00e9 le Roi Mohammed VI et le Pr\u00e9sident du Gouvernement espagnol, Pedro Sanchez, qui a effectu\u00e9, jeudi, &hellip;<\/p>\n","protected":false},"author":2,"featured_media":1143,"comment_status":"closed","ping_status":"open","sticky":false,"template":"","format":"standard","meta":{"footnotes":""},"categories":[30],"tags":[],"class_list":["post-1142","post","type-post","status-publish","format-standard","has-post-thumbnail","hentry","category-sahara-marocain"],"yoast_head":"<!-- This site is optimized with the Yoast SEO plugin v27.5 - https:\/\/yoast.com\/product\/yoast-seo-wordpress\/ -->\n<title>L\u2019Espagne consid\u00e8re l\u2019initiative marocaine d\u2019autonomie comme la base la plus s\u00e9rieuse, r\u00e9aliste et cr\u00e9dible pour la r\u00e9solution de ce diff\u00e9rend - Dpress.ma\/fr<\/title>\n<meta name=\"description\" content=\"L\u2019Espagne consid\u00e8re l\u2019initiative marocaine d\u2019autonomie, pr\u00e9sent\u00e9e en 2007, comme la base la plus s\u00e9rieuse, r\u00e9aliste et cr\u00e9dible pour la r\u00e9solution du diff\u00e9rend autour du Sahara.\" \/>\n<meta name=\"robots\" content=\"index, follow, max-snippet:-1, max-image-preview:large, max-video-preview:-1\" \/>\n<link rel=\"canonical\" href=\"https:\/\/dpress.ma\/fr\/2022\/04\/08\/lespagne-considere-linitiative-marocaine-dautonomie-comme-la-base-la-plus-serieuse-realiste-et-credible-pour-la-resolution-de-ce-differend\/\" \/>\n<meta property=\"og:locale\" content=\"fr_FR\" \/>\n<meta property=\"og:type\" content=\"article\" \/>\n<meta property=\"og:title\" content=\"L\u2019Espagne consid\u00e8re l\u2019initiative marocaine d\u2019autonomie comme la base la plus s\u00e9rieuse, r\u00e9aliste et cr\u00e9dible pour la r\u00e9solution de ce diff\u00e9rend - Dpress.ma\/fr\" \/>\n<meta property=\"og:description\" content=\"L\u2019Espagne consid\u00e8re l\u2019initiative marocaine d\u2019autonomie, pr\u00e9sent\u00e9e en 2007, comme la base la plus s\u00e9rieuse, r\u00e9aliste et cr\u00e9dible pour la r\u00e9solution du diff\u00e9rend autour du Sahara.\" \/>\n<meta property=\"og:url\" content=\"https:\/\/dpress.ma\/fr\/2022\/04\/08\/lespagne-considere-linitiative-marocaine-dautonomie-comme-la-base-la-plus-serieuse-realiste-et-credible-pour-la-resolution-de-ce-differend\/\" \/>\n<meta property=\"og:site_name\" content=\"Dpress.ma\/fr\" \/>\n<meta property=\"article:published_time\" content=\"2022-04-08T13:34:20+00:00\" \/>\n<meta property=\"article:modified_time\" content=\"2022-04-08T13:34:21+00:00\" \/>\n<meta property=\"og:image\" content=\"https:\/\/dpress.ma\/fr\/wp-content\/uploads\/sites\/2\/2022\/04\/drapeau-espagne-maroc-fr.jpg\" \/>\n\t<meta property=\"og:image:width\" content=\"2539\" \/>\n\t<meta property=\"og:image:height\" content=\"1594\" \/>\n\t<meta property=\"og:image:type\" content=\"image\/jpeg\" \/>\n<meta name=\"author\" content=\"Dpress.ma\" \/>\n<meta name=\"twitter:card\" content=\"summary_large_image\" \/>\n<meta name=\"twitter:label1\" content=\"\u00c9crit par\" \/>\n\t<meta name=\"twitter:data1\" content=\"Dpress.ma\" \/>\n\t<meta name=\"twitter:label2\" content=\"Dur\u00e9e de lecture estim\u00e9e\" \/>\n\t<meta name=\"twitter:data2\" content=\"1 minute\" \/>\n<script type=\"application\/ld+json\" class=\"yoast-schema-graph\">{\"@context\":\"https:\\\/\\\/schema.org\",\"@graph\":[{\"@type\":\"Article\",\"@id\":\"https:\\\/\\\/dpress.ma\\\/fr\\\/2022\\\/04\\\/08\\\/lespagne-considere-linitiative-marocaine-dautonomie-comme-la-base-la-plus-serieuse-realiste-et-credible-pour-la-resolution-de-ce-differend\\\/#article\",\"isPartOf\":{\"@id\":\"https:\\\/\\\/dpress.ma\\\/fr\\\/2022\\\/04\\\/08\\\/lespagne-considere-linitiative-marocaine-dautonomie-comme-la-base-la-plus-serieuse-realiste-et-credible-pour-la-resolution-de-ce-differend\\\/\"},\"author\":{\"name\":\"Dpress.ma\",\"@id\":\"https:\\\/\\\/dpress.ma\\\/fr\\\/#\\\/schema\\\/person\\\/4898febf3ccd59e6578d838656a306a0\"},\"headline\":\"L\u2019Espagne consid\u00e8re l\u2019initiative marocaine d\u2019autonomie comme la base la plus s\u00e9rieuse, r\u00e9aliste et cr\u00e9dible pour la r\u00e9solution de ce diff\u00e9rend\",\"datePublished\":\"2022-04-08T13:34:20+00:00\",\"dateModified\":\"2022-04-08T13:34:21+00:00\",\"mainEntityOfPage\":{\"@id\":\"https:\\\/\\\/dpress.ma\\\/fr\\\/2022\\\/04\\\/08\\\/lespagne-considere-linitiative-marocaine-dautonomie-comme-la-base-la-plus-serieuse-realiste-et-credible-pour-la-resolution-de-ce-differend\\\/\"},\"wordCount\":262,\"image\":{\"@id\":\"https:\\\/\\\/dpress.ma\\\/fr\\\/2022\\\/04\\\/08\\\/lespagne-considere-linitiative-marocaine-dautonomie-comme-la-base-la-plus-serieuse-realiste-et-credible-pour-la-resolution-de-ce-differend\\\/#primaryimage\"},\"thumbnailUrl\":\"https:\\\/\\\/dpress.ma\\\/fr\\\/wp-content\\\/uploads\\\/sites\\\/2\\\/2022\\\/04\\\/drapeau-espagne-maroc-fr.jpg\",\"articleSection\":[\"Sahara Marocain\"],\"inLanguage\":\"fr-FR\"},{\"@type\":\"WebPage\",\"@id\":\"https:\\\/\\\/dpress.ma\\\/fr\\\/2022\\\/04\\\/08\\\/lespagne-considere-linitiative-marocaine-dautonomie-comme-la-base-la-plus-serieuse-realiste-et-credible-pour-la-resolution-de-ce-differend\\\/\",\"url\":\"https:\\\/\\\/dpress.ma\\\/fr\\\/2022\\\/04\\\/08\\\/lespagne-considere-linitiative-marocaine-dautonomie-comme-la-base-la-plus-serieuse-realiste-et-credible-pour-la-resolution-de-ce-differend\\\/\",\"name\":\"L\u2019Espagne consid\u00e8re l\u2019initiative marocaine d\u2019autonomie comme la base la plus s\u00e9rieuse, r\u00e9aliste et cr\u00e9dible pour la r\u00e9solution de ce diff\u00e9rend - Dpress.ma\\\/fr\",\"isPartOf\":{\"@id\":\"https:\\\/\\\/dpress.ma\\\/fr\\\/#website\"},\"primaryImageOfPage\":{\"@id\":\"https:\\\/\\\/dpress.ma\\\/fr\\\/2022\\\/04\\\/08\\\/lespagne-considere-linitiative-marocaine-dautonomie-comme-la-base-la-plus-serieuse-realiste-et-credible-pour-la-resolution-de-ce-differend\\\/#primaryimage\"},\"image\":{\"@id\":\"https:\\\/\\\/dpress.ma\\\/fr\\\/2022\\\/04\\\/08\\\/lespagne-considere-linitiative-marocaine-dautonomie-comme-la-base-la-plus-serieuse-realiste-et-credible-pour-la-resolution-de-ce-differend\\\/#primaryimage\"},\"thumbnailUrl\":\"https:\\\/\\\/dpress.ma\\\/fr\\\/wp-content\\\/uploads\\\/sites\\\/2\\\/2022\\\/04\\\/drapeau-espagne-maroc-fr.jpg\",\"datePublished\":\"2022-04-08T13:34:20+00:00\",\"dateModified\":\"2022-04-08T13:34:21+00:00\",\"author\":{\"@id\":\"https:\\\/\\\/dpress.ma\\\/fr\\\/#\\\/schema\\\/person\\\/4898febf3ccd59e6578d838656a306a0\"},\"description\":\"L\u2019Espagne consid\u00e8re l\u2019initiative marocaine d\u2019autonomie, pr\u00e9sent\u00e9e en 2007, comme la base la plus s\u00e9rieuse, r\u00e9aliste et cr\u00e9dible pour la r\u00e9solution du diff\u00e9rend autour du Sahara.\",\"breadcrumb\":{\"@id\":\"https:\\\/\\\/dpress.ma\\\/fr\\\/2022\\\/04\\\/08\\\/lespagne-considere-linitiative-marocaine-dautonomie-comme-la-base-la-plus-serieuse-realiste-et-credible-pour-la-resolution-de-ce-differend\\\/#breadcrumb\"},\"inLanguage\":\"fr-FR\",\"potentialAction\":[{\"@type\":\"ReadAction\",\"target\":[\"https:\\\/\\\/dpress.ma\\\/fr\\\/2022\\\/04\\\/08\\\/lespagne-considere-linitiative-marocaine-dautonomie-comme-la-base-la-plus-serieuse-realiste-et-credible-pour-la-resolution-de-ce-differend\\\/\"]}]},{\"@type\":\"ImageObject\",\"inLanguage\":\"fr-FR\",\"@id\":\"https:\\\/\\\/dpress.ma\\\/fr\\\/2022\\\/04\\\/08\\\/lespagne-considere-linitiative-marocaine-dautonomie-comme-la-base-la-plus-serieuse-realiste-et-credible-pour-la-resolution-de-ce-differend\\\/#primaryimage\",\"url\":\"https:\\\/\\\/dpress.ma\\\/fr\\\/wp-content\\\/uploads\\\/sites\\\/2\\\/2022\\\/04\\\/drapeau-espagne-maroc-fr.jpg\",\"contentUrl\":\"https:\\\/\\\/dpress.ma\\\/fr\\\/wp-content\\\/uploads\\\/sites\\\/2\\\/2022\\\/04\\\/drapeau-espagne-maroc-fr.jpg\",\"width\":2539,\"height\":1594},{\"@type\":\"BreadcrumbList\",\"@id\":\"https:\\\/\\\/dpress.ma\\\/fr\\\/2022\\\/04\\\/08\\\/lespagne-considere-linitiative-marocaine-dautonomie-comme-la-base-la-plus-serieuse-realiste-et-credible-pour-la-resolution-de-ce-differend\\\/#breadcrumb\",\"itemListElement\":[{\"@type\":\"ListItem\",\"position\":1,\"name\":\"Home\",\"item\":\"https:\\\/\\\/dpress.ma\\\/fr\\\/\"},{\"@type\":\"ListItem\",\"position\":2,\"name\":\"L\u2019Espagne consid\u00e8re l\u2019initiative marocaine d\u2019autonomie comme la base la plus s\u00e9rieuse, r\u00e9aliste et cr\u00e9dible pour la r\u00e9solution de ce diff\u00e9rend\"}]},{\"@type\":\"WebSite\",\"@id\":\"https:\\\/\\\/dpress.ma\\\/fr\\\/#website\",\"url\":\"https:\\\/\\\/dpress.ma\\\/fr\\\/\",\"name\":\"Dpress.ma\\\/fr\",\"description\":\"\",\"potentialAction\":[{\"@type\":\"SearchAction\",\"target\":{\"@type\":\"EntryPoint\",\"urlTemplate\":\"https:\\\/\\\/dpress.ma\\\/fr\\\/?s={search_term_string}\"},\"query-input\":{\"@type\":\"PropertyValueSpecification\",\"valueRequired\":true,\"valueName\":\"search_term_string\"}}],\"inLanguage\":\"fr-FR\"},{\"@type\":\"Person\",\"@id\":\"https:\\\/\\\/dpress.ma\\\/fr\\\/#\\\/schema\\\/person\\\/4898febf3ccd59e6578d838656a306a0\",\"name\":\"Dpress.ma\",\"image\":{\"@type\":\"ImageObject\",\"inLanguage\":\"fr-FR\",\"@id\":\"https:\\\/\\\/secure.gravatar.com\\\/avatar\\\/72ecc30e9db047a2e0e7176561eb9d564ed77c8108376495b19bd8336405198a?s=96&d=mm&r=g\",\"url\":\"https:\\\/\\\/secure.gravatar.com\\\/avatar\\\/72ecc30e9db047a2e0e7176561eb9d564ed77c8108376495b19bd8336405198a?s=96&d=mm&r=g\",\"contentUrl\":\"https:\\\/\\\/secure.gravatar.com\\\/avatar\\\/72ecc30e9db047a2e0e7176561eb9d564ed77c8108376495b19bd8336405198a?s=96&d=mm&r=g\",\"caption\":\"Dpress.ma\"},\"sameAs\":[\"https:\\\/\\\/www.dpress.ma\"],\"url\":\"https:\\\/\\\/dpress.ma\\\/fr\\\/author\\\/dpress-ma\\\/\"}]}<\/script>\n<!-- \/ Yoast SEO plugin. -->","yoast_head_json":{"title":"L\u2019Espagne consid\u00e8re l\u2019initiative marocaine d\u2019autonomie comme la base la plus s\u00e9rieuse, r\u00e9aliste et cr\u00e9dible pour la r\u00e9solution de ce diff\u00e9rend - Dpress.ma\/fr","description":"L\u2019Espagne consid\u00e8re l\u2019initiative marocaine d\u2019autonomie, pr\u00e9sent\u00e9e en 2007, comme la base la plus s\u00e9rieuse, r\u00e9aliste et cr\u00e9dible pour la r\u00e9solution du diff\u00e9rend autour du Sahara.","robots":{"index":"index","follow":"follow","max-snippet":"max-snippet:-1","max-image-preview":"max-image-preview:large","max-video-preview":"max-video-preview:-1"},"canonical":"https:\/\/dpress.ma\/fr\/2022\/04\/08\/lespagne-considere-linitiative-marocaine-dautonomie-comme-la-base-la-plus-serieuse-realiste-et-credible-pour-la-resolution-de-ce-differend\/","og_locale":"fr_FR","og_type":"article","og_title":"L\u2019Espagne consid\u00e8re l\u2019initiative marocaine d\u2019autonomie comme la base la plus s\u00e9rieuse, r\u00e9aliste et cr\u00e9dible pour la r\u00e9solution de ce diff\u00e9rend - Dpress.ma\/fr","og_description":"L\u2019Espagne consid\u00e8re l\u2019initiative marocaine d\u2019autonomie, pr\u00e9sent\u00e9e en 2007, comme la base la plus s\u00e9rieuse, r\u00e9aliste et cr\u00e9dible pour la r\u00e9solution du diff\u00e9rend autour du Sahara.","og_url":"https:\/\/dpress.ma\/fr\/2022\/04\/08\/lespagne-considere-linitiative-marocaine-dautonomie-comme-la-base-la-plus-serieuse-realiste-et-credible-pour-la-resolution-de-ce-differend\/","og_site_name":"Dpress.ma\/fr","article_published_time":"2022-04-08T13:34:20+00:00","article_modified_time":"2022-04-08T13:34:21+00:00","og_image":[{"width":2539,"height":1594,"url":"https:\/\/dpress.ma\/fr\/wp-content\/uploads\/sites\/2\/2022\/04\/drapeau-espagne-maroc-fr.jpg","type":"image\/jpeg"}],"author":"Dpress.ma","twitter_card":"summary_large_image","twitter_misc":{"\u00c9crit par":"Dpress.ma","Dur\u00e9e de lecture estim\u00e9e":"1 minute"},"schema":{"@context":"https:\/\/schema.org","@graph":[{"@type":"Article","@id":"https:\/\/dpress.ma\/fr\/2022\/04\/08\/lespagne-considere-linitiative-marocaine-dautonomie-comme-la-base-la-plus-serieuse-realiste-et-credible-pour-la-resolution-de-ce-differend\/#article","isPartOf":{"@id":"https:\/\/dpress.ma\/fr\/2022\/04\/08\/lespagne-considere-linitiative-marocaine-dautonomie-comme-la-base-la-plus-serieuse-realiste-et-credible-pour-la-resolution-de-ce-differend\/"},"author":{"name":"Dpress.ma","@id":"https:\/\/dpress.ma\/fr\/#\/schema\/person\/4898febf3ccd59e6578d838656a306a0"},"headline":"L\u2019Espagne consid\u00e8re l\u2019initiative marocaine d\u2019autonomie comme la base la plus s\u00e9rieuse, r\u00e9aliste et cr\u00e9dible pour la r\u00e9solution de ce diff\u00e9rend","datePublished":"2022-04-08T13:34:20+00:00","dateModified":"2022-04-08T13:34:21+00:00","mainEntityOfPage":{"@id":"https:\/\/dpress.ma\/fr\/2022\/04\/08\/lespagne-considere-linitiative-marocaine-dautonomie-comme-la-base-la-plus-serieuse-realiste-et-credible-pour-la-resolution-de-ce-differend\/"},"wordCount":262,"image":{"@id":"https:\/\/dpress.ma\/fr\/2022\/04\/08\/lespagne-considere-linitiative-marocaine-dautonomie-comme-la-base-la-plus-serieuse-realiste-et-credible-pour-la-resolution-de-ce-differend\/#primaryimage"},"thumbnailUrl":"https:\/\/dpress.ma\/fr\/wp-content\/uploads\/sites\/2\/2022\/04\/drapeau-espagne-maroc-fr.jpg","articleSection":["Sahara Marocain"],"inLanguage":"fr-FR"},{"@type":"WebPage","@id":"https:\/\/dpress.ma\/fr\/2022\/04\/08\/lespagne-considere-linitiative-marocaine-dautonomie-comme-la-base-la-plus-serieuse-realiste-et-credible-pour-la-resolution-de-ce-differend\/","url":"https:\/\/dpress.ma\/fr\/2022\/04\/08\/lespagne-considere-linitiative-marocaine-dautonomie-comme-la-base-la-plus-serieuse-realiste-et-credible-pour-la-resolution-de-ce-differend\/","name":"L\u2019Espagne consid\u00e8re l\u2019initiative marocaine d\u2019autonomie comme la base la plus s\u00e9rieuse, r\u00e9aliste et cr\u00e9dible pour la r\u00e9solution de ce diff\u00e9rend - Dpress.ma\/fr","isPartOf":{"@id":"https:\/\/dpress.ma\/fr\/#website"},"primaryImageOfPage":{"@id":"https:\/\/dpress.ma\/fr\/2022\/04\/08\/lespagne-considere-linitiative-marocaine-dautonomie-comme-la-base-la-plus-serieuse-realiste-et-credible-pour-la-resolution-de-ce-differend\/#primaryimage"},"image":{"@id":"https:\/\/dpress.ma\/fr\/2022\/04\/08\/lespagne-considere-linitiative-marocaine-dautonomie-comme-la-base-la-plus-serieuse-realiste-et-credible-pour-la-resolution-de-ce-differend\/#primaryimage"},"thumbnailUrl":"https:\/\/dpress.ma\/fr\/wp-content\/uploads\/sites\/2\/2022\/04\/drapeau-espagne-maroc-fr.jpg","datePublished":"2022-04-08T13:34:20+00:00","dateModified":"2022-04-08T13:34:21+00:00","author":{"@id":"https:\/\/dpress.ma\/fr\/#\/schema\/person\/4898febf3ccd59e6578d838656a306a0"},"description":"L\u2019Espagne consid\u00e8re l\u2019initiative marocaine d\u2019autonomie, pr\u00e9sent\u00e9e en 2007, comme la base la plus s\u00e9rieuse, r\u00e9aliste et cr\u00e9dible pour la r\u00e9solution du diff\u00e9rend autour du Sahara.","breadcrumb":{"@id":"https:\/\/dpress.ma\/fr\/2022\/04\/08\/lespagne-considere-linitiative-marocaine-dautonomie-comme-la-base-la-plus-serieuse-realiste-et-credible-pour-la-resolution-de-ce-differend\/#breadcrumb"},"inLanguage":"fr-FR","potentialAction":[{"@type":"ReadAction","target":["https:\/\/dpress.ma\/fr\/2022\/04\/08\/lespagne-considere-linitiative-marocaine-dautonomie-comme-la-base-la-plus-serieuse-realiste-et-credible-pour-la-resolution-de-ce-differend\/"]}]},{"@type":"ImageObject","inLanguage":"fr-FR","@id":"https:\/\/dpress.ma\/fr\/2022\/04\/08\/lespagne-considere-linitiative-marocaine-dautonomie-comme-la-base-la-plus-serieuse-realiste-et-credible-pour-la-resolution-de-ce-differend\/#primaryimage","url":"https:\/\/dpress.ma\/fr\/wp-content\/uploads\/sites\/2\/2022\/04\/drapeau-espagne-maroc-fr.jpg","contentUrl":"https:\/\/dpress.ma\/fr\/wp-content\/uploads\/sites\/2\/2022\/04\/drapeau-espagne-maroc-fr.jpg","width":2539,"height":1594},{"@type":"BreadcrumbList","@id":"https:\/\/dpress.ma\/fr\/2022\/04\/08\/lespagne-considere-linitiative-marocaine-dautonomie-comme-la-base-la-plus-serieuse-realiste-et-credible-pour-la-resolution-de-ce-differend\/#breadcrumb","itemListElement":[{"@type":"ListItem","position":1,"name":"Home","item":"https:\/\/dpress.ma\/fr\/"},{"@type":"ListItem","position":2,"name":"L\u2019Espagne consid\u00e8re l\u2019initiative marocaine d\u2019autonomie comme la base la plus s\u00e9rieuse, r\u00e9aliste et cr\u00e9dible pour la r\u00e9solution de ce diff\u00e9rend"}]},{"@type":"WebSite","@id":"https:\/\/dpress.ma\/fr\/#website","url":"https:\/\/dpress.ma\/fr\/","name":"Dpress.ma\/fr","description":"","potentialAction":[{"@type":"SearchAction","target":{"@type":"EntryPoint","urlTemplate":"https:\/\/dpress.ma\/fr\/?s={search_term_string}"},"query-input":{"@type":"PropertyValueSpecification","valueRequired":true,"valueName":"search_term_string"}}],"inLanguage":"fr-FR"},{"@type":"Person","@id":"https:\/\/dpress.ma\/fr\/#\/schema\/person\/4898febf3ccd59e6578d838656a306a0","name":"Dpress.ma","image":{"@type":"ImageObject","inLanguage":"fr-FR","@id":"https:\/\/secure.gravatar.com\/avatar\/72ecc30e9db047a2e0e7176561eb9d564ed77c8108376495b19bd8336405198a?s=96&d=mm&r=g","url":"https:\/\/secure.gravatar.com\/avatar\/72ecc30e9db047a2e0e7176561eb9d564ed77c8108376495b19bd8336405198a?s=96&d=mm&r=g","contentUrl":"https:\/\/secure.gravatar.com\/avatar\/72ecc30e9db047a2e0e7176561eb9d564ed77c8108376495b19bd8336405198a?s=96&d=mm&r=g","caption":"Dpress.ma"},"sameAs":["https:\/\/www.dpress.ma"],"url":"https:\/\/dpress.ma\/fr\/author\/dpress-ma\/"}]}},"amp_enabled":true,"_links":{"self":[{"href":"https:\/\/dpress.ma\/fr\/wp-json\/wp\/v2\/posts\/1142","targetHints":{"allow":["GET"]}}],"collection":[{"href":"https:\/\/dpress.ma\/fr\/wp-json\/wp\/v2\/posts"}],"about":[{"href":"https:\/\/dpress.ma\/fr\/wp-json\/wp\/v2\/types\/post"}],"author":[{"embeddable":true,"href":"https:\/\/dpress.ma\/fr\/wp-json\/wp\/v2\/users\/2"}],"replies":[{"embeddable":true,"href":"https:\/\/dpress.ma\/fr\/wp-json\/wp\/v2\/comments?post=1142"}],"version-history":[{"count":1,"href":"https:\/\/dpress.ma\/fr\/wp-json\/wp\/v2\/posts\/1142\/revisions"}],"predecessor-version":[{"id":1144,"href":"https:\/\/dpress.ma\/fr\/wp-json\/wp\/v2\/posts\/1142\/revisions\/1144"}],"wp:featuredmedia":[{"embeddable":true,"href":"https:\/\/dpress.ma\/fr\/wp-json\/wp\/v2\/media\/1143"}],"wp:attachment":[{"href":"https:\/\/dpress.ma\/fr\/wp-json\/wp\/v2\/media?parent=1142"}],"wp:term":[{"taxonomy":"category","embeddable":true,"href":"https:\/\/dpress.ma\/fr\/wp-json\/wp\/v2\/categories?post=1142"},{"taxonomy":"post_tag","embeddable":true,"href":"https:\/\/dpress.ma\/fr\/wp-json\/wp\/v2\/tags?post=1142"}],"curies":[{"name":"wp","href":"https:\/\/api.w.org\/{rel}","templated":true}]}}