{"id":1139,"date":"2022-04-08T13:23:54","date_gmt":"2022-04-08T13:23:54","guid":{"rendered":"https:\/\/dpress.ma\/fr\/?p=1139"},"modified":"2022-04-08T13:23:56","modified_gmt":"2022-04-08T13:23:56","slug":"s-m-le-roi-recoit-le-president-du-gouvernement-espagnol-pedro-sanchez","status":"publish","type":"post","link":"https:\/\/dpress.ma\/fr\/2022\/04\/08\/s-m-le-roi-recoit-le-president-du-gouvernement-espagnol-pedro-sanchez\/","title":{"rendered":"S.M. le Roi re\u00e7oit le pr\u00e9sident du gouvernement espagnol, Pedro Sanchez"},"content":{"rendered":"\n<p>Dpress<\/p>\n\n\n\n<p>Voici un communiqu\u00e9 du Cabinet Royal:<\/p>\n\n\n\n<p>\u201cSa Majest\u00e9 le Roi Mohammed VI, que Dieu L\u2019assiste, a re\u00e7u ce jour, au Palais Royal de Rabat, Son Excellence Monsieur Pedro Sanchez, Pr\u00e9sident du Gouvernement Espagnol, qui effectue, \u00e0 l\u2019invitation du Souverain, une visite au Maroc dans le cadre d\u2019une nouvelle \u00e9tape de partenariat entre les Royaumes du Maroc et d\u2019Espagne.<\/p>\n\n\n\n<p>Cette audience, qui s\u2019inscrit dans le prolongement de l\u2019entretien t\u00e9l\u00e9phonique intervenu le 31 mars entre Sa Majest\u00e9 le Roi Mohammed VI et le Pr\u00e9sident du Gouvernement Espagnol, vient en concr\u00e9tisation de la lettre adress\u00e9e le 14 mars par Monsieur Pedro Sanchez \u00e0 Sa Majest\u00e9 Le Roi dans laquelle le Gouvernement espagnol s\u2019engage \u00e0 inaugurer une nouvelle phase dans les relations entre les deux Royaumes, bas\u00e9e sur la transparence et le respect mutuel.<\/p>\n\n\n\n<p>Cette nouvelle dynamique se veut un \u00e9cho \u00e0 l\u2019appel de Sa Majest\u00e9 le Roi lors du Discours du 20 ao\u00fbt 2021 \u00e0 inaugurer une \u00e9tape in\u00e9dite dans les relations entre les deux pays.<\/p>\n\n\n\n<p>Au cours de cette audience, Son Excellence Monsieur Pedro Sanchez, a tenu \u00e0 r\u00e9affirmer la position de l\u2019Espagne sur le dossier du Sahara, consid\u00e9rant l\u2019initiative marocaine d\u2019autonomie comme la base la plus s\u00e9rieuse, r\u00e9aliste et cr\u00e9dible pour la r\u00e9solution du diff\u00e9rend.<\/p>\n\n\n\n<p>A cette occasion, Sa Majest\u00e9 le Roi et le Pr\u00e9sident du Gouvernement Espagnol ont r\u00e9it\u00e9r\u00e9 la volont\u00e9 d\u2019ouvrir une nouvelle \u00e9tape dans les relations entre les deux pays, fond\u00e9e sur le respect mutuel, la confiance r\u00e9ciproque, la concertation permanente et la coop\u00e9ration franche et loyale.<\/p>\n\n\n\n<p>\u00c0 cet \u00e9gard, il a \u00e9t\u00e9 notamment convenu la mise en \u0153uvre d\u2019actions concr\u00e8tes dans le cadre d\u2019une feuille de route couvrant l\u2019ensemble des domaines du partenariat, int\u00e9grant toutes les questions d\u2019int\u00e9r\u00eat commun.<\/p>\n\n\n\n<p>Par ailleurs, l\u2019audience accord\u00e9e au Chef de l\u2019ex\u00e9cutif espagnol a \u00e9t\u00e9 l\u2019occasion de passer en revue les diff\u00e9rents volets d\u2019int\u00e9r\u00eat commun dans leurs composantes politique, \u00e9conomique, s\u00e9curitaire et culturelle. Les questions r\u00e9gionales et internationales ont \u00e9galement \u00e9t\u00e9 au menu de ces entretiens.<\/p>\n\n\n\n<p>Ont assist\u00e9 \u00e0 cette audience du c\u00f4t\u00e9 espagnol, le ministre des Affaires \u00e9trang\u00e8res, de l\u2019Union Europ\u00e9enne et de la Coop\u00e9ration, Jos\u00e9 Manuel Albares, l\u2019ambassadeur d\u2019Espagne \u00e0 Rabat, M. Ricardo Diez-Hochleitner, et du c\u00f4t\u00e9 marocain, le Conseiller de SM le Roi, M. Fouad Ali El Himma, le Ministre des Affaires \u00e9trang\u00e8res, de la Coop\u00e9ration africaine et des Marocains r\u00e9sidant \u00e0 l\u2019\u00e9tranger, M. Nasser Bourita, et l\u2019ambassadeur de SM le Roi \u00e0 Madrid, Mme Karima Benyaich.<\/p>\n","protected":false},"excerpt":{"rendered":"<p>Dpress Voici un communiqu\u00e9 du Cabinet Royal: \u201cSa Majest\u00e9 le Roi Mohammed VI, que Dieu L\u2019assiste, a re\u00e7u ce jour, au Palais Royal de Rabat, Son Excellence Monsieur Pedro Sanchez, Pr\u00e9sident du Gouvernement Espagnol, qui effectue, \u00e0 l\u2019invitation du Souverain, une visite au Maroc dans le cadre d\u2019une nouvelle \u00e9tape de partenariat entre les Royaumes &hellip;<\/p>\n","protected":false},"author":2,"featured_media":1140,"comment_status":"closed","ping_status":"open","sticky":false,"template":"","format":"standard","meta":{"footnotes":""},"categories":[29],"tags":[],"class_list":["post-1139","post","type-post","status-publish","format-standard","has-post-thumbnail","hentry","category-activites-royales"],"yoast_head":"<!-- This site is optimized with the Yoast SEO plugin v27.5 - https:\/\/yoast.com\/product\/yoast-seo-wordpress\/ -->\n<title>S.M. le Roi re\u00e7oit le pr\u00e9sident du gouvernement espagnol, Pedro Sanchez - Dpress.ma\/fr<\/title>\n<meta name=\"description\" content=\"Voici un communiqu\u00e9 du Cabinet Royal:\u201cSa Majest\u00e9 le Roi Mohammed VI, que Dieu L\u2019assiste, a re\u00e7u ce jour, au Palais Royal de Rabat, Son Excellence Monsieur Pedro Sanchez, Pr\u00e9sident du Gouvernement Espagnol, qui effectue, \u00e0 l\u2019invitation du Souverain, une visite au Maroc dans le cadre d\u2019une nouvelle \u00e9tape de partenariat entre les Royaumes du Maroc et d\u2019Espagne.\" \/>\n<meta name=\"robots\" content=\"index, follow, max-snippet:-1, max-image-preview:large, max-video-preview:-1\" \/>\n<link rel=\"canonical\" href=\"https:\/\/dpress.ma\/fr\/2022\/04\/08\/s-m-le-roi-recoit-le-president-du-gouvernement-espagnol-pedro-sanchez\/\" \/>\n<meta property=\"og:locale\" content=\"fr_FR\" \/>\n<meta property=\"og:type\" content=\"article\" \/>\n<meta property=\"og:title\" content=\"S.M. le Roi re\u00e7oit le pr\u00e9sident du gouvernement espagnol, Pedro Sanchez - Dpress.ma\/fr\" \/>\n<meta property=\"og:description\" content=\"Voici un communiqu\u00e9 du Cabinet Royal:\u201cSa Majest\u00e9 le Roi Mohammed VI, que Dieu L\u2019assiste, a re\u00e7u ce jour, au Palais Royal de Rabat, Son Excellence Monsieur Pedro Sanchez, Pr\u00e9sident du Gouvernement Espagnol, qui effectue, \u00e0 l\u2019invitation du Souverain, une visite au Maroc dans le cadre d\u2019une nouvelle \u00e9tape de partenariat entre les Royaumes du Maroc et d\u2019Espagne.\" \/>\n<meta property=\"og:url\" content=\"https:\/\/dpress.ma\/fr\/2022\/04\/08\/s-m-le-roi-recoit-le-president-du-gouvernement-espagnol-pedro-sanchez\/\" \/>\n<meta property=\"og:site_name\" content=\"Dpress.ma\/fr\" \/>\n<meta property=\"article:published_time\" content=\"2022-04-08T13:23:54+00:00\" \/>\n<meta property=\"article:modified_time\" content=\"2022-04-08T13:23:56+00:00\" \/>\n<meta property=\"og:image\" content=\"https:\/\/dpress.ma\/fr\/wp-content\/uploads\/sites\/2\/2022\/04\/roi-et-sanchez-fr.jpg\" \/>\n\t<meta property=\"og:image:width\" content=\"2539\" \/>\n\t<meta property=\"og:image:height\" content=\"1594\" \/>\n\t<meta property=\"og:image:type\" content=\"image\/jpeg\" \/>\n<meta name=\"author\" content=\"Dpress.ma\" \/>\n<meta name=\"twitter:card\" content=\"summary_large_image\" \/>\n<meta name=\"twitter:label1\" content=\"\u00c9crit par\" \/>\n\t<meta name=\"twitter:data1\" content=\"Dpress.ma\" \/>\n\t<meta name=\"twitter:label2\" content=\"Dur\u00e9e de lecture estim\u00e9e\" \/>\n\t<meta name=\"twitter:data2\" content=\"3 minutes\" \/>\n<script type=\"application\/ld+json\" class=\"yoast-schema-graph\">{\"@context\":\"https:\\\/\\\/schema.org\",\"@graph\":[{\"@type\":\"Article\",\"@id\":\"https:\\\/\\\/dpress.ma\\\/fr\\\/2022\\\/04\\\/08\\\/s-m-le-roi-recoit-le-president-du-gouvernement-espagnol-pedro-sanchez\\\/#article\",\"isPartOf\":{\"@id\":\"https:\\\/\\\/dpress.ma\\\/fr\\\/2022\\\/04\\\/08\\\/s-m-le-roi-recoit-le-president-du-gouvernement-espagnol-pedro-sanchez\\\/\"},\"author\":{\"name\":\"Dpress.ma\",\"@id\":\"https:\\\/\\\/dpress.ma\\\/fr\\\/#\\\/schema\\\/person\\\/4898febf3ccd59e6578d838656a306a0\"},\"headline\":\"S.M. le Roi re\u00e7oit le pr\u00e9sident du gouvernement espagnol, Pedro Sanchez\",\"datePublished\":\"2022-04-08T13:23:54+00:00\",\"dateModified\":\"2022-04-08T13:23:56+00:00\",\"mainEntityOfPage\":{\"@id\":\"https:\\\/\\\/dpress.ma\\\/fr\\\/2022\\\/04\\\/08\\\/s-m-le-roi-recoit-le-president-du-gouvernement-espagnol-pedro-sanchez\\\/\"},\"wordCount\":465,\"image\":{\"@id\":\"https:\\\/\\\/dpress.ma\\\/fr\\\/2022\\\/04\\\/08\\\/s-m-le-roi-recoit-le-president-du-gouvernement-espagnol-pedro-sanchez\\\/#primaryimage\"},\"thumbnailUrl\":\"https:\\\/\\\/dpress.ma\\\/fr\\\/wp-content\\\/uploads\\\/sites\\\/2\\\/2022\\\/04\\\/roi-et-sanchez-fr.jpg\",\"articleSection\":[\"Activit\u00e9s Royales\"],\"inLanguage\":\"fr-FR\"},{\"@type\":\"WebPage\",\"@id\":\"https:\\\/\\\/dpress.ma\\\/fr\\\/2022\\\/04\\\/08\\\/s-m-le-roi-recoit-le-president-du-gouvernement-espagnol-pedro-sanchez\\\/\",\"url\":\"https:\\\/\\\/dpress.ma\\\/fr\\\/2022\\\/04\\\/08\\\/s-m-le-roi-recoit-le-president-du-gouvernement-espagnol-pedro-sanchez\\\/\",\"name\":\"S.M. le Roi re\u00e7oit le pr\u00e9sident du gouvernement espagnol, Pedro Sanchez - Dpress.ma\\\/fr\",\"isPartOf\":{\"@id\":\"https:\\\/\\\/dpress.ma\\\/fr\\\/#website\"},\"primaryImageOfPage\":{\"@id\":\"https:\\\/\\\/dpress.ma\\\/fr\\\/2022\\\/04\\\/08\\\/s-m-le-roi-recoit-le-president-du-gouvernement-espagnol-pedro-sanchez\\\/#primaryimage\"},\"image\":{\"@id\":\"https:\\\/\\\/dpress.ma\\\/fr\\\/2022\\\/04\\\/08\\\/s-m-le-roi-recoit-le-president-du-gouvernement-espagnol-pedro-sanchez\\\/#primaryimage\"},\"thumbnailUrl\":\"https:\\\/\\\/dpress.ma\\\/fr\\\/wp-content\\\/uploads\\\/sites\\\/2\\\/2022\\\/04\\\/roi-et-sanchez-fr.jpg\",\"datePublished\":\"2022-04-08T13:23:54+00:00\",\"dateModified\":\"2022-04-08T13:23:56+00:00\",\"author\":{\"@id\":\"https:\\\/\\\/dpress.ma\\\/fr\\\/#\\\/schema\\\/person\\\/4898febf3ccd59e6578d838656a306a0\"},\"description\":\"Voici un communiqu\u00e9 du Cabinet Royal:\u201cSa Majest\u00e9 le Roi Mohammed VI, que Dieu L\u2019assiste, a re\u00e7u ce jour, au Palais Royal de Rabat, Son Excellence Monsieur Pedro Sanchez, Pr\u00e9sident du Gouvernement Espagnol, qui effectue, \u00e0 l\u2019invitation du Souverain, une visite au Maroc dans le cadre d\u2019une nouvelle \u00e9tape de partenariat entre les Royaumes du Maroc et d\u2019Espagne.\",\"breadcrumb\":{\"@id\":\"https:\\\/\\\/dpress.ma\\\/fr\\\/2022\\\/04\\\/08\\\/s-m-le-roi-recoit-le-president-du-gouvernement-espagnol-pedro-sanchez\\\/#breadcrumb\"},\"inLanguage\":\"fr-FR\",\"potentialAction\":[{\"@type\":\"ReadAction\",\"target\":[\"https:\\\/\\\/dpress.ma\\\/fr\\\/2022\\\/04\\\/08\\\/s-m-le-roi-recoit-le-president-du-gouvernement-espagnol-pedro-sanchez\\\/\"]}]},{\"@type\":\"ImageObject\",\"inLanguage\":\"fr-FR\",\"@id\":\"https:\\\/\\\/dpress.ma\\\/fr\\\/2022\\\/04\\\/08\\\/s-m-le-roi-recoit-le-president-du-gouvernement-espagnol-pedro-sanchez\\\/#primaryimage\",\"url\":\"https:\\\/\\\/dpress.ma\\\/fr\\\/wp-content\\\/uploads\\\/sites\\\/2\\\/2022\\\/04\\\/roi-et-sanchez-fr.jpg\",\"contentUrl\":\"https:\\\/\\\/dpress.ma\\\/fr\\\/wp-content\\\/uploads\\\/sites\\\/2\\\/2022\\\/04\\\/roi-et-sanchez-fr.jpg\",\"width\":2539,\"height\":1594},{\"@type\":\"BreadcrumbList\",\"@id\":\"https:\\\/\\\/dpress.ma\\\/fr\\\/2022\\\/04\\\/08\\\/s-m-le-roi-recoit-le-president-du-gouvernement-espagnol-pedro-sanchez\\\/#breadcrumb\",\"itemListElement\":[{\"@type\":\"ListItem\",\"position\":1,\"name\":\"Home\",\"item\":\"https:\\\/\\\/dpress.ma\\\/fr\\\/\"},{\"@type\":\"ListItem\",\"position\":2,\"name\":\"S.M. le Roi re\u00e7oit le pr\u00e9sident du gouvernement espagnol, Pedro Sanchez\"}]},{\"@type\":\"WebSite\",\"@id\":\"https:\\\/\\\/dpress.ma\\\/fr\\\/#website\",\"url\":\"https:\\\/\\\/dpress.ma\\\/fr\\\/\",\"name\":\"Dpress.ma\\\/fr\",\"description\":\"\",\"potentialAction\":[{\"@type\":\"SearchAction\",\"target\":{\"@type\":\"EntryPoint\",\"urlTemplate\":\"https:\\\/\\\/dpress.ma\\\/fr\\\/?s={search_term_string}\"},\"query-input\":{\"@type\":\"PropertyValueSpecification\",\"valueRequired\":true,\"valueName\":\"search_term_string\"}}],\"inLanguage\":\"fr-FR\"},{\"@type\":\"Person\",\"@id\":\"https:\\\/\\\/dpress.ma\\\/fr\\\/#\\\/schema\\\/person\\\/4898febf3ccd59e6578d838656a306a0\",\"name\":\"Dpress.ma\",\"image\":{\"@type\":\"ImageObject\",\"inLanguage\":\"fr-FR\",\"@id\":\"https:\\\/\\\/secure.gravatar.com\\\/avatar\\\/72ecc30e9db047a2e0e7176561eb9d564ed77c8108376495b19bd8336405198a?s=96&d=mm&r=g\",\"url\":\"https:\\\/\\\/secure.gravatar.com\\\/avatar\\\/72ecc30e9db047a2e0e7176561eb9d564ed77c8108376495b19bd8336405198a?s=96&d=mm&r=g\",\"contentUrl\":\"https:\\\/\\\/secure.gravatar.com\\\/avatar\\\/72ecc30e9db047a2e0e7176561eb9d564ed77c8108376495b19bd8336405198a?s=96&d=mm&r=g\",\"caption\":\"Dpress.ma\"},\"sameAs\":[\"https:\\\/\\\/www.dpress.ma\"],\"url\":\"https:\\\/\\\/dpress.ma\\\/fr\\\/author\\\/dpress-ma\\\/\"}]}<\/script>\n<!-- \/ Yoast SEO plugin. -->","yoast_head_json":{"title":"S.M. le Roi re\u00e7oit le pr\u00e9sident du gouvernement espagnol, Pedro Sanchez - Dpress.ma\/fr","description":"Voici un communiqu\u00e9 du Cabinet Royal:\u201cSa Majest\u00e9 le Roi Mohammed VI, que Dieu L\u2019assiste, a re\u00e7u ce jour, au Palais Royal de Rabat, Son Excellence Monsieur Pedro Sanchez, Pr\u00e9sident du Gouvernement Espagnol, qui effectue, \u00e0 l\u2019invitation du Souverain, une visite au Maroc dans le cadre d\u2019une nouvelle \u00e9tape de partenariat entre les Royaumes du Maroc et d\u2019Espagne.","robots":{"index":"index","follow":"follow","max-snippet":"max-snippet:-1","max-image-preview":"max-image-preview:large","max-video-preview":"max-video-preview:-1"},"canonical":"https:\/\/dpress.ma\/fr\/2022\/04\/08\/s-m-le-roi-recoit-le-president-du-gouvernement-espagnol-pedro-sanchez\/","og_locale":"fr_FR","og_type":"article","og_title":"S.M. le Roi re\u00e7oit le pr\u00e9sident du gouvernement espagnol, Pedro Sanchez - Dpress.ma\/fr","og_description":"Voici un communiqu\u00e9 du Cabinet Royal:\u201cSa Majest\u00e9 le Roi Mohammed VI, que Dieu L\u2019assiste, a re\u00e7u ce jour, au Palais Royal de Rabat, Son Excellence Monsieur Pedro Sanchez, Pr\u00e9sident du Gouvernement Espagnol, qui effectue, \u00e0 l\u2019invitation du Souverain, une visite au Maroc dans le cadre d\u2019une nouvelle \u00e9tape de partenariat entre les Royaumes du Maroc et d\u2019Espagne.","og_url":"https:\/\/dpress.ma\/fr\/2022\/04\/08\/s-m-le-roi-recoit-le-president-du-gouvernement-espagnol-pedro-sanchez\/","og_site_name":"Dpress.ma\/fr","article_published_time":"2022-04-08T13:23:54+00:00","article_modified_time":"2022-04-08T13:23:56+00:00","og_image":[{"width":2539,"height":1594,"url":"https:\/\/dpress.ma\/fr\/wp-content\/uploads\/sites\/2\/2022\/04\/roi-et-sanchez-fr.jpg","type":"image\/jpeg"}],"author":"Dpress.ma","twitter_card":"summary_large_image","twitter_misc":{"\u00c9crit par":"Dpress.ma","Dur\u00e9e de lecture estim\u00e9e":"3 minutes"},"schema":{"@context":"https:\/\/schema.org","@graph":[{"@type":"Article","@id":"https:\/\/dpress.ma\/fr\/2022\/04\/08\/s-m-le-roi-recoit-le-president-du-gouvernement-espagnol-pedro-sanchez\/#article","isPartOf":{"@id":"https:\/\/dpress.ma\/fr\/2022\/04\/08\/s-m-le-roi-recoit-le-president-du-gouvernement-espagnol-pedro-sanchez\/"},"author":{"name":"Dpress.ma","@id":"https:\/\/dpress.ma\/fr\/#\/schema\/person\/4898febf3ccd59e6578d838656a306a0"},"headline":"S.M. le Roi re\u00e7oit le pr\u00e9sident du gouvernement espagnol, Pedro Sanchez","datePublished":"2022-04-08T13:23:54+00:00","dateModified":"2022-04-08T13:23:56+00:00","mainEntityOfPage":{"@id":"https:\/\/dpress.ma\/fr\/2022\/04\/08\/s-m-le-roi-recoit-le-president-du-gouvernement-espagnol-pedro-sanchez\/"},"wordCount":465,"image":{"@id":"https:\/\/dpress.ma\/fr\/2022\/04\/08\/s-m-le-roi-recoit-le-president-du-gouvernement-espagnol-pedro-sanchez\/#primaryimage"},"thumbnailUrl":"https:\/\/dpress.ma\/fr\/wp-content\/uploads\/sites\/2\/2022\/04\/roi-et-sanchez-fr.jpg","articleSection":["Activit\u00e9s Royales"],"inLanguage":"fr-FR"},{"@type":"WebPage","@id":"https:\/\/dpress.ma\/fr\/2022\/04\/08\/s-m-le-roi-recoit-le-president-du-gouvernement-espagnol-pedro-sanchez\/","url":"https:\/\/dpress.ma\/fr\/2022\/04\/08\/s-m-le-roi-recoit-le-president-du-gouvernement-espagnol-pedro-sanchez\/","name":"S.M. le Roi re\u00e7oit le pr\u00e9sident du gouvernement espagnol, Pedro Sanchez - Dpress.ma\/fr","isPartOf":{"@id":"https:\/\/dpress.ma\/fr\/#website"},"primaryImageOfPage":{"@id":"https:\/\/dpress.ma\/fr\/2022\/04\/08\/s-m-le-roi-recoit-le-president-du-gouvernement-espagnol-pedro-sanchez\/#primaryimage"},"image":{"@id":"https:\/\/dpress.ma\/fr\/2022\/04\/08\/s-m-le-roi-recoit-le-president-du-gouvernement-espagnol-pedro-sanchez\/#primaryimage"},"thumbnailUrl":"https:\/\/dpress.ma\/fr\/wp-content\/uploads\/sites\/2\/2022\/04\/roi-et-sanchez-fr.jpg","datePublished":"2022-04-08T13:23:54+00:00","dateModified":"2022-04-08T13:23:56+00:00","author":{"@id":"https:\/\/dpress.ma\/fr\/#\/schema\/person\/4898febf3ccd59e6578d838656a306a0"},"description":"Voici un communiqu\u00e9 du Cabinet Royal:\u201cSa Majest\u00e9 le Roi Mohammed VI, que Dieu L\u2019assiste, a re\u00e7u ce jour, au Palais Royal de Rabat, Son Excellence Monsieur Pedro Sanchez, Pr\u00e9sident du Gouvernement Espagnol, qui effectue, \u00e0 l\u2019invitation du Souverain, une visite au Maroc dans le cadre d\u2019une nouvelle \u00e9tape de partenariat entre les Royaumes du Maroc et d\u2019Espagne.","breadcrumb":{"@id":"https:\/\/dpress.ma\/fr\/2022\/04\/08\/s-m-le-roi-recoit-le-president-du-gouvernement-espagnol-pedro-sanchez\/#breadcrumb"},"inLanguage":"fr-FR","potentialAction":[{"@type":"ReadAction","target":["https:\/\/dpress.ma\/fr\/2022\/04\/08\/s-m-le-roi-recoit-le-president-du-gouvernement-espagnol-pedro-sanchez\/"]}]},{"@type":"ImageObject","inLanguage":"fr-FR","@id":"https:\/\/dpress.ma\/fr\/2022\/04\/08\/s-m-le-roi-recoit-le-president-du-gouvernement-espagnol-pedro-sanchez\/#primaryimage","url":"https:\/\/dpress.ma\/fr\/wp-content\/uploads\/sites\/2\/2022\/04\/roi-et-sanchez-fr.jpg","contentUrl":"https:\/\/dpress.ma\/fr\/wp-content\/uploads\/sites\/2\/2022\/04\/roi-et-sanchez-fr.jpg","width":2539,"height":1594},{"@type":"BreadcrumbList","@id":"https:\/\/dpress.ma\/fr\/2022\/04\/08\/s-m-le-roi-recoit-le-president-du-gouvernement-espagnol-pedro-sanchez\/#breadcrumb","itemListElement":[{"@type":"ListItem","position":1,"name":"Home","item":"https:\/\/dpress.ma\/fr\/"},{"@type":"ListItem","position":2,"name":"S.M. le Roi re\u00e7oit le pr\u00e9sident du gouvernement espagnol, Pedro Sanchez"}]},{"@type":"WebSite","@id":"https:\/\/dpress.ma\/fr\/#website","url":"https:\/\/dpress.ma\/fr\/","name":"Dpress.ma\/fr","description":"","potentialAction":[{"@type":"SearchAction","target":{"@type":"EntryPoint","urlTemplate":"https:\/\/dpress.ma\/fr\/?s={search_term_string}"},"query-input":{"@type":"PropertyValueSpecification","valueRequired":true,"valueName":"search_term_string"}}],"inLanguage":"fr-FR"},{"@type":"Person","@id":"https:\/\/dpress.ma\/fr\/#\/schema\/person\/4898febf3ccd59e6578d838656a306a0","name":"Dpress.ma","image":{"@type":"ImageObject","inLanguage":"fr-FR","@id":"https:\/\/secure.gravatar.com\/avatar\/72ecc30e9db047a2e0e7176561eb9d564ed77c8108376495b19bd8336405198a?s=96&d=mm&r=g","url":"https:\/\/secure.gravatar.com\/avatar\/72ecc30e9db047a2e0e7176561eb9d564ed77c8108376495b19bd8336405198a?s=96&d=mm&r=g","contentUrl":"https:\/\/secure.gravatar.com\/avatar\/72ecc30e9db047a2e0e7176561eb9d564ed77c8108376495b19bd8336405198a?s=96&d=mm&r=g","caption":"Dpress.ma"},"sameAs":["https:\/\/www.dpress.ma"],"url":"https:\/\/dpress.ma\/fr\/author\/dpress-ma\/"}]}},"amp_enabled":true,"_links":{"self":[{"href":"https:\/\/dpress.ma\/fr\/wp-json\/wp\/v2\/posts\/1139","targetHints":{"allow":["GET"]}}],"collection":[{"href":"https:\/\/dpress.ma\/fr\/wp-json\/wp\/v2\/posts"}],"about":[{"href":"https:\/\/dpress.ma\/fr\/wp-json\/wp\/v2\/types\/post"}],"author":[{"embeddable":true,"href":"https:\/\/dpress.ma\/fr\/wp-json\/wp\/v2\/users\/2"}],"replies":[{"embeddable":true,"href":"https:\/\/dpress.ma\/fr\/wp-json\/wp\/v2\/comments?post=1139"}],"version-history":[{"count":1,"href":"https:\/\/dpress.ma\/fr\/wp-json\/wp\/v2\/posts\/1139\/revisions"}],"predecessor-version":[{"id":1141,"href":"https:\/\/dpress.ma\/fr\/wp-json\/wp\/v2\/posts\/1139\/revisions\/1141"}],"wp:featuredmedia":[{"embeddable":true,"href":"https:\/\/dpress.ma\/fr\/wp-json\/wp\/v2\/media\/1140"}],"wp:attachment":[{"href":"https:\/\/dpress.ma\/fr\/wp-json\/wp\/v2\/media?parent=1139"}],"wp:term":[{"taxonomy":"category","embeddable":true,"href":"https:\/\/dpress.ma\/fr\/wp-json\/wp\/v2\/categories?post=1139"},{"taxonomy":"post_tag","embeddable":true,"href":"https:\/\/dpress.ma\/fr\/wp-json\/wp\/v2\/tags?post=1139"}],"curies":[{"name":"wp","href":"https:\/\/api.w.org\/{rel}","templated":true}]}}